{"id":1017,"date":"2023-06-05T02:42:00","date_gmt":"2023-06-05T02:42:00","guid":{"rendered":"https:\/\/test.edumas.gov.co\/?p=1017"},"modified":"2023-11-10T17:16:47","modified_gmt":"2023-11-10T17:16:47","slug":"evento-1","status":"publish","type":"post","link":"https:\/\/edumas.gov.co\/inicio\/2023\/06\/05\/evento-1\/","title":{"rendered":"D\u00eda Mundial del Medio Ambiente"},"content":{"rendered":"\n<p class=\"wp-block-paragraph\"><strong>Fecha: 5 de junio<\/strong><\/p>\n\n\n\n<p class=\"wp-block-paragraph\"><strong>ONU<\/strong><\/p>\n\n\n\n<figure class=\"wp-block-gallery has-nested-images columns-default is-cropped wp-block-gallery-1 is-layout-flex wp-block-gallery-is-layout-flex\">\n<figure class=\"wp-block-image size-large\"><img decoding=\"async\" data-id=\"1640\" src=\"https:\/\/test.edumas.gov.co\/wp-content\/uploads\/2023\/11\/Fechas-Ambientales-y-otras-importantes-2023-13-1024x1024.png\" alt=\"\" class=\"wp-image-1640\"\/><\/figure>\n<\/figure>\n\n\n\n<p class=\"wp-block-paragraph\">Cada cinco de junio desde 1973 se celebra esta fecha con una tem\u00e1tica y un pa\u00eds anfitri\u00f3n diferente. Este a\u00f1o es Costa de Marfil y la problem\u00e1tica a destacar es la contaminaci\u00f3n por pl\u00e1stico.<\/p>\n\n\n\n<p class=\"wp-block-paragraph\">Los efectos de la producci\u00f3n de pl\u00e1stico a\u00f1o tras a\u00f1o amenazan no solo a una gran cantidad de especies marinas sino tambi\u00e9n sus ecosistemas. De 400 millones de toneladas que se producen anual, entre 19 y 23 millones de ellas llegan a los mares, lagos y r\u00edos.<\/p>\n\n\n\n<p class=\"wp-block-paragraph\">Como producto de la contaminaci\u00f3n, se han creado los micropl\u00e1sticos, part\u00edculas contaminantes presentes en los alimentos, el agua y el aire. Se cree que cada a\u00f1o las personas inhalan m\u00e1s de 50.000 de ellas.<\/p>\n","protected":false},"excerpt":{"rendered":"<p>Fecha: 5 de junio ONU Cada cinco de junio desde 1973 se celebra esta fecha con una tem\u00e1tica y un pa\u00eds anfitri\u00f3n diferente. Este a\u00f1o es Costa de Marfil y la problem\u00e1tica a destacar es la contaminaci\u00f3n por pl\u00e1stico. Los efectos de la producci\u00f3n de pl\u00e1stico a\u00f1o tras a\u00f1o amenazan no solo a una gran [&hellip;]<\/p>\n","protected":false},"author":1,"featured_media":0,"comment_status":"open","ping_status":"open","sticky":false,"template":"","format":"standard","meta":{"footnotes":""},"categories":[28],"tags":[],"class_list":["post-1017","post","type-post","status-publish","format-standard","hentry","category-eventos"],"yoast_head":"<!-- This site is optimized with the Yoast SEO plugin v27.4 - https:\/\/yoast.com\/product\/yoast-seo-wordpress\/ -->\n<title>D\u00eda Mundial del Medio Ambiente - Edumas<\/title>\n<meta name=\"robots\" content=\"index, follow, max-snippet:-1, max-image-preview:large, max-video-preview:-1\" \/>\n<link rel=\"canonical\" href=\"https:\/\/edumas.gov.co\/inicio\/2023\/06\/05\/evento-1\/\" \/>\n<meta property=\"og:locale\" content=\"es_ES\" \/>\n<meta property=\"og:type\" content=\"article\" \/>\n<meta property=\"og:title\" content=\"D\u00eda Mundial del Medio Ambiente - Edumas\" \/>\n<meta property=\"og:description\" content=\"Fecha: 5 de junio ONU Cada cinco de junio desde 1973 se celebra esta fecha con una tem\u00e1tica y un pa\u00eds anfitri\u00f3n diferente. Este a\u00f1o es Costa de Marfil y la problem\u00e1tica a destacar es la contaminaci\u00f3n por pl\u00e1stico. Los efectos de la producci\u00f3n de pl\u00e1stico a\u00f1o tras a\u00f1o amenazan no solo a una gran [&hellip;]\" \/>\n<meta property=\"og:url\" content=\"https:\/\/edumas.gov.co\/inicio\/2023\/06\/05\/evento-1\/\" \/>\n<meta property=\"og:site_name\" content=\"Edumas\" \/>\n<meta property=\"article:published_time\" content=\"2023-06-05T02:42:00+00:00\" \/>\n<meta property=\"article:modified_time\" content=\"2023-11-10T17:16:47+00:00\" \/>\n<meta property=\"og:image\" content=\"https:\/\/edumas.gov.co\/wp-content\/uploads\/2023\/11\/Fechas-Ambientales-y-otras-importantes-2023-11.png\" \/>\n\t<meta property=\"og:image:width\" content=\"1080\" \/>\n\t<meta property=\"og:image:height\" content=\"1080\" \/>\n\t<meta property=\"og:image:type\" content=\"image\/png\" \/>\n<meta name=\"author\" content=\"edumas\" \/>\n<meta name=\"twitter:card\" content=\"summary_large_image\" \/>\n<meta name=\"twitter:label1\" content=\"Escrito por\" \/>\n\t<meta name=\"twitter:data1\" content=\"edumas\" \/>\n\t<meta name=\"twitter:label2\" content=\"Tiempo de lectura\" \/>\n\t<meta name=\"twitter:data2\" content=\"1 minuto\" \/>\n<script type=\"application\/ld+json\" class=\"yoast-schema-graph\">{\"@context\":\"https:\\\/\\\/schema.org\",\"@graph\":[{\"@type\":\"Article\",\"@id\":\"https:\\\/\\\/edumas.gov.co\\\/inicio\\\/2023\\\/06\\\/05\\\/evento-1\\\/#article\",\"isPartOf\":{\"@id\":\"https:\\\/\\\/edumas.gov.co\\\/inicio\\\/2023\\\/06\\\/05\\\/evento-1\\\/\"},\"author\":{\"name\":\"edumas\",\"@id\":\"https:\\\/\\\/edumas.gov.co\\\/inicio\\\/#\\\/schema\\\/person\\\/e2e82a662fd06864325b88811079b05a\"},\"headline\":\"D\u00eda Mundial del Medio Ambiente\",\"datePublished\":\"2023-06-05T02:42:00+00:00\",\"dateModified\":\"2023-11-10T17:16:47+00:00\",\"mainEntityOfPage\":{\"@id\":\"https:\\\/\\\/edumas.gov.co\\\/inicio\\\/2023\\\/06\\\/05\\\/evento-1\\\/\"},\"wordCount\":138,\"commentCount\":0,\"publisher\":{\"@id\":\"https:\\\/\\\/edumas.gov.co\\\/inicio\\\/#organization\"},\"image\":{\"@id\":\"https:\\\/\\\/edumas.gov.co\\\/inicio\\\/2023\\\/06\\\/05\\\/evento-1\\\/#primaryimage\"},\"thumbnailUrl\":\"https:\\\/\\\/test.edumas.gov.co\\\/wp-content\\\/uploads\\\/2023\\\/11\\\/Fechas-Ambientales-y-otras-importantes-2023-13-1024x1024.png\",\"articleSection\":[\"eventos\"],\"inLanguage\":\"es\",\"potentialAction\":[{\"@type\":\"CommentAction\",\"name\":\"Comment\",\"target\":[\"https:\\\/\\\/edumas.gov.co\\\/inicio\\\/2023\\\/06\\\/05\\\/evento-1\\\/#respond\"]}]},{\"@type\":\"WebPage\",\"@id\":\"https:\\\/\\\/edumas.gov.co\\\/inicio\\\/2023\\\/06\\\/05\\\/evento-1\\\/\",\"url\":\"https:\\\/\\\/edumas.gov.co\\\/inicio\\\/2023\\\/06\\\/05\\\/evento-1\\\/\",\"name\":\"D\u00eda Mundial del Medio Ambiente - Edumas\",\"isPartOf\":{\"@id\":\"https:\\\/\\\/edumas.gov.co\\\/inicio\\\/#website\"},\"primaryImageOfPage\":{\"@id\":\"https:\\\/\\\/edumas.gov.co\\\/inicio\\\/2023\\\/06\\\/05\\\/evento-1\\\/#primaryimage\"},\"image\":{\"@id\":\"https:\\\/\\\/edumas.gov.co\\\/inicio\\\/2023\\\/06\\\/05\\\/evento-1\\\/#primaryimage\"},\"thumbnailUrl\":\"https:\\\/\\\/test.edumas.gov.co\\\/wp-content\\\/uploads\\\/2023\\\/11\\\/Fechas-Ambientales-y-otras-importantes-2023-13-1024x1024.png\",\"datePublished\":\"2023-06-05T02:42:00+00:00\",\"dateModified\":\"2023-11-10T17:16:47+00:00\",\"breadcrumb\":{\"@id\":\"https:\\\/\\\/edumas.gov.co\\\/inicio\\\/2023\\\/06\\\/05\\\/evento-1\\\/#breadcrumb\"},\"inLanguage\":\"es\",\"potentialAction\":[{\"@type\":\"ReadAction\",\"target\":[\"https:\\\/\\\/edumas.gov.co\\\/inicio\\\/2023\\\/06\\\/05\\\/evento-1\\\/\"]}]},{\"@type\":\"ImageObject\",\"inLanguage\":\"es\",\"@id\":\"https:\\\/\\\/edumas.gov.co\\\/inicio\\\/2023\\\/06\\\/05\\\/evento-1\\\/#primaryimage\",\"url\":\"https:\\\/\\\/test.edumas.gov.co\\\/wp-content\\\/uploads\\\/2023\\\/11\\\/Fechas-Ambientales-y-otras-importantes-2023-13-1024x1024.png\",\"contentUrl\":\"https:\\\/\\\/test.edumas.gov.co\\\/wp-content\\\/uploads\\\/2023\\\/11\\\/Fechas-Ambientales-y-otras-importantes-2023-13-1024x1024.png\"},{\"@type\":\"BreadcrumbList\",\"@id\":\"https:\\\/\\\/edumas.gov.co\\\/inicio\\\/2023\\\/06\\\/05\\\/evento-1\\\/#breadcrumb\",\"itemListElement\":[{\"@type\":\"ListItem\",\"position\":1,\"name\":\"Portada\",\"item\":\"https:\\\/\\\/edumas.gov.co\\\/inicio\\\/\"},{\"@type\":\"ListItem\",\"position\":2,\"name\":\"D\u00eda Mundial del Medio Ambiente\"}]},{\"@type\":\"WebSite\",\"@id\":\"https:\\\/\\\/edumas.gov.co\\\/inicio\\\/#website\",\"url\":\"https:\\\/\\\/edumas.gov.co\\\/inicio\\\/\",\"name\":\"Edumas\",\"description\":\"Edumas\",\"publisher\":{\"@id\":\"https:\\\/\\\/edumas.gov.co\\\/inicio\\\/#organization\"},\"potentialAction\":[{\"@type\":\"SearchAction\",\"target\":{\"@type\":\"EntryPoint\",\"urlTemplate\":\"https:\\\/\\\/edumas.gov.co\\\/inicio\\\/?s={search_term_string}\"},\"query-input\":{\"@type\":\"PropertyValueSpecification\",\"valueRequired\":true,\"valueName\":\"search_term_string\"}}],\"inLanguage\":\"es\"},{\"@type\":\"Organization\",\"@id\":\"https:\\\/\\\/edumas.gov.co\\\/inicio\\\/#organization\",\"name\":\"Edumas\",\"url\":\"https:\\\/\\\/edumas.gov.co\\\/inicio\\\/\",\"logo\":{\"@type\":\"ImageObject\",\"inLanguage\":\"es\",\"@id\":\"https:\\\/\\\/edumas.gov.co\\\/inicio\\\/#\\\/schema\\\/logo\\\/image\\\/\",\"url\":\"https:\\\/\\\/edumas.gov.co\\\/wp-content\\\/uploads\\\/2024\\\/10\\\/Perfil-Instagram-PhotoRoom.png-PhotoRoom.png\",\"contentUrl\":\"https:\\\/\\\/edumas.gov.co\\\/wp-content\\\/uploads\\\/2024\\\/10\\\/Perfil-Instagram-PhotoRoom.png-PhotoRoom.png\",\"width\":648,\"height\":233,\"caption\":\"Edumas\"},\"image\":{\"@id\":\"https:\\\/\\\/edumas.gov.co\\\/inicio\\\/#\\\/schema\\\/logo\\\/image\\\/\"}},{\"@type\":\"Person\",\"@id\":\"https:\\\/\\\/edumas.gov.co\\\/inicio\\\/#\\\/schema\\\/person\\\/e2e82a662fd06864325b88811079b05a\",\"name\":\"edumas\",\"image\":{\"@type\":\"ImageObject\",\"inLanguage\":\"es\",\"@id\":\"https:\\\/\\\/edumas.gov.co\\\/wp-content\\\/uploads\\\/2025\\\/03\\\/WhatsApp-Image-2025-03-06-at-12.44.58-PM-150x150.jpeg\",\"url\":\"https:\\\/\\\/edumas.gov.co\\\/wp-content\\\/uploads\\\/2025\\\/03\\\/WhatsApp-Image-2025-03-06-at-12.44.58-PM-150x150.jpeg\",\"contentUrl\":\"https:\\\/\\\/edumas.gov.co\\\/wp-content\\\/uploads\\\/2025\\\/03\\\/WhatsApp-Image-2025-03-06-at-12.44.58-PM-150x150.jpeg\",\"caption\":\"edumas\"},\"sameAs\":[\"https:\\\/\\\/test.edumas.gov.co\"],\"url\":\"https:\\\/\\\/edumas.gov.co\\\/inicio\\\/author\\\/edumas\\\/\"}]}<\/script>\n<!-- \/ Yoast SEO plugin. -->","yoast_head_json":{"title":"D\u00eda Mundial del Medio Ambiente - Edumas","robots":{"index":"index","follow":"follow","max-snippet":"max-snippet:-1","max-image-preview":"max-image-preview:large","max-video-preview":"max-video-preview:-1"},"canonical":"https:\/\/edumas.gov.co\/inicio\/2023\/06\/05\/evento-1\/","og_locale":"es_ES","og_type":"article","og_title":"D\u00eda Mundial del Medio Ambiente - Edumas","og_description":"Fecha: 5 de junio ONU Cada cinco de junio desde 1973 se celebra esta fecha con una tem\u00e1tica y un pa\u00eds anfitri\u00f3n diferente. Este a\u00f1o es Costa de Marfil y la problem\u00e1tica a destacar es la contaminaci\u00f3n por pl\u00e1stico. Los efectos de la producci\u00f3n de pl\u00e1stico a\u00f1o tras a\u00f1o amenazan no solo a una gran [&hellip;]","og_url":"https:\/\/edumas.gov.co\/inicio\/2023\/06\/05\/evento-1\/","og_site_name":"Edumas","article_published_time":"2023-06-05T02:42:00+00:00","article_modified_time":"2023-11-10T17:16:47+00:00","og_image":[{"width":1080,"height":1080,"url":"https:\/\/edumas.gov.co\/wp-content\/uploads\/2023\/11\/Fechas-Ambientales-y-otras-importantes-2023-11.png","type":"image\/png"}],"author":"edumas","twitter_card":"summary_large_image","twitter_misc":{"Escrito por":"edumas","Tiempo de lectura":"1 minuto"},"schema":{"@context":"https:\/\/schema.org","@graph":[{"@type":"Article","@id":"https:\/\/edumas.gov.co\/inicio\/2023\/06\/05\/evento-1\/#article","isPartOf":{"@id":"https:\/\/edumas.gov.co\/inicio\/2023\/06\/05\/evento-1\/"},"author":{"name":"edumas","@id":"https:\/\/edumas.gov.co\/inicio\/#\/schema\/person\/e2e82a662fd06864325b88811079b05a"},"headline":"D\u00eda Mundial del Medio Ambiente","datePublished":"2023-06-05T02:42:00+00:00","dateModified":"2023-11-10T17:16:47+00:00","mainEntityOfPage":{"@id":"https:\/\/edumas.gov.co\/inicio\/2023\/06\/05\/evento-1\/"},"wordCount":138,"commentCount":0,"publisher":{"@id":"https:\/\/edumas.gov.co\/inicio\/#organization"},"image":{"@id":"https:\/\/edumas.gov.co\/inicio\/2023\/06\/05\/evento-1\/#primaryimage"},"thumbnailUrl":"https:\/\/test.edumas.gov.co\/wp-content\/uploads\/2023\/11\/Fechas-Ambientales-y-otras-importantes-2023-13-1024x1024.png","articleSection":["eventos"],"inLanguage":"es","potentialAction":[{"@type":"CommentAction","name":"Comment","target":["https:\/\/edumas.gov.co\/inicio\/2023\/06\/05\/evento-1\/#respond"]}]},{"@type":"WebPage","@id":"https:\/\/edumas.gov.co\/inicio\/2023\/06\/05\/evento-1\/","url":"https:\/\/edumas.gov.co\/inicio\/2023\/06\/05\/evento-1\/","name":"D\u00eda Mundial del Medio Ambiente - Edumas","isPartOf":{"@id":"https:\/\/edumas.gov.co\/inicio\/#website"},"primaryImageOfPage":{"@id":"https:\/\/edumas.gov.co\/inicio\/2023\/06\/05\/evento-1\/#primaryimage"},"image":{"@id":"https:\/\/edumas.gov.co\/inicio\/2023\/06\/05\/evento-1\/#primaryimage"},"thumbnailUrl":"https:\/\/test.edumas.gov.co\/wp-content\/uploads\/2023\/11\/Fechas-Ambientales-y-otras-importantes-2023-13-1024x1024.png","datePublished":"2023-06-05T02:42:00+00:00","dateModified":"2023-11-10T17:16:47+00:00","breadcrumb":{"@id":"https:\/\/edumas.gov.co\/inicio\/2023\/06\/05\/evento-1\/#breadcrumb"},"inLanguage":"es","potentialAction":[{"@type":"ReadAction","target":["https:\/\/edumas.gov.co\/inicio\/2023\/06\/05\/evento-1\/"]}]},{"@type":"ImageObject","inLanguage":"es","@id":"https:\/\/edumas.gov.co\/inicio\/2023\/06\/05\/evento-1\/#primaryimage","url":"https:\/\/test.edumas.gov.co\/wp-content\/uploads\/2023\/11\/Fechas-Ambientales-y-otras-importantes-2023-13-1024x1024.png","contentUrl":"https:\/\/test.edumas.gov.co\/wp-content\/uploads\/2023\/11\/Fechas-Ambientales-y-otras-importantes-2023-13-1024x1024.png"},{"@type":"BreadcrumbList","@id":"https:\/\/edumas.gov.co\/inicio\/2023\/06\/05\/evento-1\/#breadcrumb","itemListElement":[{"@type":"ListItem","position":1,"name":"Portada","item":"https:\/\/edumas.gov.co\/inicio\/"},{"@type":"ListItem","position":2,"name":"D\u00eda Mundial del Medio Ambiente"}]},{"@type":"WebSite","@id":"https:\/\/edumas.gov.co\/inicio\/#website","url":"https:\/\/edumas.gov.co\/inicio\/","name":"Edumas","description":"Edumas","publisher":{"@id":"https:\/\/edumas.gov.co\/inicio\/#organization"},"potentialAction":[{"@type":"SearchAction","target":{"@type":"EntryPoint","urlTemplate":"https:\/\/edumas.gov.co\/inicio\/?s={search_term_string}"},"query-input":{"@type":"PropertyValueSpecification","valueRequired":true,"valueName":"search_term_string"}}],"inLanguage":"es"},{"@type":"Organization","@id":"https:\/\/edumas.gov.co\/inicio\/#organization","name":"Edumas","url":"https:\/\/edumas.gov.co\/inicio\/","logo":{"@type":"ImageObject","inLanguage":"es","@id":"https:\/\/edumas.gov.co\/inicio\/#\/schema\/logo\/image\/","url":"https:\/\/edumas.gov.co\/wp-content\/uploads\/2024\/10\/Perfil-Instagram-PhotoRoom.png-PhotoRoom.png","contentUrl":"https:\/\/edumas.gov.co\/wp-content\/uploads\/2024\/10\/Perfil-Instagram-PhotoRoom.png-PhotoRoom.png","width":648,"height":233,"caption":"Edumas"},"image":{"@id":"https:\/\/edumas.gov.co\/inicio\/#\/schema\/logo\/image\/"}},{"@type":"Person","@id":"https:\/\/edumas.gov.co\/inicio\/#\/schema\/person\/e2e82a662fd06864325b88811079b05a","name":"edumas","image":{"@type":"ImageObject","inLanguage":"es","@id":"https:\/\/edumas.gov.co\/wp-content\/uploads\/2025\/03\/WhatsApp-Image-2025-03-06-at-12.44.58-PM-150x150.jpeg","url":"https:\/\/edumas.gov.co\/wp-content\/uploads\/2025\/03\/WhatsApp-Image-2025-03-06-at-12.44.58-PM-150x150.jpeg","contentUrl":"https:\/\/edumas.gov.co\/wp-content\/uploads\/2025\/03\/WhatsApp-Image-2025-03-06-at-12.44.58-PM-150x150.jpeg","caption":"edumas"},"sameAs":["https:\/\/test.edumas.gov.co"],"url":"https:\/\/edumas.gov.co\/inicio\/author\/edumas\/"}]}},"_links":{"self":[{"href":"https:\/\/edumas.gov.co\/inicio\/wp-json\/wp\/v2\/posts\/1017","targetHints":{"allow":["GET"]}}],"collection":[{"href":"https:\/\/edumas.gov.co\/inicio\/wp-json\/wp\/v2\/posts"}],"about":[{"href":"https:\/\/edumas.gov.co\/inicio\/wp-json\/wp\/v2\/types\/post"}],"author":[{"embeddable":true,"href":"https:\/\/edumas.gov.co\/inicio\/wp-json\/wp\/v2\/users\/1"}],"replies":[{"embeddable":true,"href":"https:\/\/edumas.gov.co\/inicio\/wp-json\/wp\/v2\/comments?post=1017"}],"version-history":[{"count":3,"href":"https:\/\/edumas.gov.co\/inicio\/wp-json\/wp\/v2\/posts\/1017\/revisions"}],"predecessor-version":[{"id":1641,"href":"https:\/\/edumas.gov.co\/inicio\/wp-json\/wp\/v2\/posts\/1017\/revisions\/1641"}],"wp:attachment":[{"href":"https:\/\/edumas.gov.co\/inicio\/wp-json\/wp\/v2\/media?parent=1017"}],"wp:term":[{"taxonomy":"category","embeddable":true,"href":"https:\/\/edumas.gov.co\/inicio\/wp-json\/wp\/v2\/categories?post=1017"},{"taxonomy":"post_tag","embeddable":true,"href":"https:\/\/edumas.gov.co\/inicio\/wp-json\/wp\/v2\/tags?post=1017"}],"curies":[{"name":"wp","href":"https:\/\/api.w.org\/{rel}","templated":true}]}}