{"id":1090,"date":"2021-03-30T16:34:00","date_gmt":"2021-03-30T16:34:00","guid":{"rendered":"https:\/\/test.edumas.gov.co\/?p=1090"},"modified":"2023-10-24T16:41:12","modified_gmt":"2023-10-24T16:41:12","slug":"edumas-realiza-visita-tecnica-a-conatos-del-basurero-la-concepcion","status":"publish","type":"post","link":"https:\/\/edumas.gov.co\/inicio\/2021\/03\/30\/edumas-realiza-visita-tecnica-a-conatos-del-basurero-la-concepcion\/","title":{"rendered":"Edumas realiza visita t\u00e9cnica a conatos del basurero La Concepci\u00f3n"},"content":{"rendered":"\n<ul class=\"wp-block-list\">\n<li>Junto con Secretar\u00eda de Gobierno, Bomberos Voluntarios de Soledad y Defensa Civil, el Edumas realiz\u00f3 visita para evaluar posibles soluciones a la situaci\u00f3n.<\/li>\n\n\n\n<li>La acumulaci\u00f3n desmesurada de residuos s\u00f3lidos y org\u00e1nicos, sumados a la quema irresponsable son las principales causantes de la situaci\u00f3n.<\/li>\n<\/ul>\n\n\n\n<p class=\"wp-block-paragraph\">Ante la situaci\u00f3n de conatos de incendio que se vienen presentando en el basurero de La Concepci\u00f3n, el Edumas realiz\u00f3 la visita de inspecci\u00f3n t\u00e9cnica para evaluar la situaci\u00f3n y proponer soluciones inmediatas y al mediano plazo a la problem\u00e1tica que de manera reiterativa se viene presentado en el sector.<\/p>\n\n\n\n<div class=\"wp-block-media-text is-stacked-on-mobile\"><figure class=\"wp-block-media-text__media\"><img fetchpriority=\"high\" decoding=\"async\" width=\"1024\" height=\"768\" src=\"https:\/\/test.edumas.gov.co\/wp-content\/uploads\/2023\/10\/Edumas-realizo-inspeccion-general-de-basuras-e-incendio-en-el-sector-de-La-Concepcion-1024x768.jpeg\" alt=\"\" class=\"wp-image-1092 size-full\" srcset=\"https:\/\/edumas.gov.co\/wp-content\/uploads\/2023\/10\/Edumas-realizo-inspeccion-general-de-basuras-e-incendio-en-el-sector-de-La-Concepcion-1024x768.jpeg 1024w, https:\/\/edumas.gov.co\/wp-content\/uploads\/2023\/10\/Edumas-realizo-inspeccion-general-de-basuras-e-incendio-en-el-sector-de-La-Concepcion-300x225.jpeg 300w, https:\/\/edumas.gov.co\/wp-content\/uploads\/2023\/10\/Edumas-realizo-inspeccion-general-de-basuras-e-incendio-en-el-sector-de-La-Concepcion-768x576.jpeg 768w, https:\/\/edumas.gov.co\/wp-content\/uploads\/2023\/10\/Edumas-realizo-inspeccion-general-de-basuras-e-incendio-en-el-sector-de-La-Concepcion.jpeg 1280w\" sizes=\"(max-width: 1024px) 100vw, 1024px\" \/><\/figure><div class=\"wp-block-media-text__content\">\n<p class=\"wp-block-paragraph\">El gerente del Edumas, Carlos Consuegra Primo puntualiz\u00f3 que \u201cestamos evaluando todas las alternativas posibles para tratar de mitigar esta emergencia que se ha presentado en este vertedero ilegal; entendemos que los moradores de la zona dependen su sustento diario del reciclaje, pero tambi\u00e9n existen unas responsabilidades ante la seguridad de todos\u201d.<\/p>\n<\/div><\/div>\n\n\n\n<p class=\"wp-block-paragraph\">Durante los \u00faltimos seis d\u00edas el Cuerpo de Bomberos Voluntarios del municipio ha estado atendiendo el llamado de la comunidad de La Concepci\u00f3n ante el surgimiento permanente de la combusti\u00f3n de las basuras que son apagadas de manera superficial y que han demandado 36 mil galones de agua, el desplazamiento de elementos hasta 300 metros de distancia debido al dif\u00edcil acceso, as\u00ed como el uso de m\u00e1quinas de 1800 y 720 galones de capacidad que deben abastecer con mayor frecuencia para controlar las llamas y el humo, acorde a lo explicado por el teniente Blass Araujo.<\/p>\n\n\n\n<p class=\"wp-block-paragraph\">\u201cAqu\u00ed existen m\u00faltiples razones: estamos sobre grandes capas de residuos s\u00f3lidos y org\u00e1nicos que desprende gases que se pueden convertir en metano y cualquier fuente de calor puede iniciar un incendio; m\u00e1xime que hay personas que utilizan el fuego para extraer metales de llantas y materiales similares y todas estas pr\u00e1cticas pueden estar generando la situaci\u00f3n que atendemos ahora\u201d, explic\u00f3 el l\u00edder de la Defensa Civil de Soledad, Jos\u00e9 Zambrano.<\/p>\n\n\n\n<p class=\"wp-block-paragraph\">Como parte del Comit\u00e9 Municipal de Gesti\u00f3n de Riesgos Municipal liderado por la Secretar\u00eda de Gobierno, el Edumas continuar\u00e1 apoyando a la mitigaci\u00f3n de la emergencia desde sus competencias, y seguir\u00e1 su programa de sensibilizaci\u00f3n a la comunidad de recicladores de Soledad ante las medidas de prevenci\u00f3n que se deben adoptar para el adecuado manejo y disposici\u00f3n de los residuos aprovechables.<\/p>\n","protected":false},"excerpt":{"rendered":"<p>Ante la situaci\u00f3n de conatos de incendio que se vienen presentando en el basurero de La Concepci\u00f3n, el Edumas realiz\u00f3 la visita de inspecci\u00f3n t\u00e9cnica para evaluar la situaci\u00f3n y proponer soluciones inmediatas y al mediano plazo a la problem\u00e1tica que de manera reiterativa se viene presentado en el sector. El gerente del Edumas, Carlos [&hellip;]<\/p>\n","protected":false},"author":1,"featured_media":1091,"comment_status":"open","ping_status":"open","sticky":false,"template":"","format":"standard","meta":{"footnotes":""},"categories":[26],"tags":[],"class_list":["post-1090","post","type-post","status-publish","format-standard","has-post-thumbnail","hentry","category-noticias"],"yoast_head":"<!-- This site is optimized with the Yoast SEO plugin v27.4 - https:\/\/yoast.com\/product\/yoast-seo-wordpress\/ -->\n<title>Edumas realiza visita t\u00e9cnica a conatos del basurero La Concepci\u00f3n - Edumas<\/title>\n<meta name=\"robots\" content=\"index, follow, max-snippet:-1, max-image-preview:large, max-video-preview:-1\" \/>\n<link rel=\"canonical\" href=\"https:\/\/edumas.gov.co\/inicio\/2021\/03\/30\/edumas-realiza-visita-tecnica-a-conatos-del-basurero-la-concepcion\/\" \/>\n<meta property=\"og:locale\" content=\"es_ES\" \/>\n<meta property=\"og:type\" content=\"article\" \/>\n<meta property=\"og:title\" content=\"Edumas realiza visita t\u00e9cnica a conatos del basurero La Concepci\u00f3n - Edumas\" \/>\n<meta property=\"og:description\" content=\"Ante la situaci\u00f3n de conatos de incendio que se vienen presentando en el basurero de La Concepci\u00f3n, el Edumas realiz\u00f3 la visita de inspecci\u00f3n t\u00e9cnica para evaluar la situaci\u00f3n y proponer soluciones inmediatas y al mediano plazo a la problem\u00e1tica que de manera reiterativa se viene presentado en el sector. El gerente del Edumas, Carlos [&hellip;]\" \/>\n<meta property=\"og:url\" content=\"https:\/\/edumas.gov.co\/inicio\/2021\/03\/30\/edumas-realiza-visita-tecnica-a-conatos-del-basurero-la-concepcion\/\" \/>\n<meta property=\"og:site_name\" content=\"Edumas\" \/>\n<meta property=\"article:published_time\" content=\"2021-03-30T16:34:00+00:00\" \/>\n<meta property=\"article:modified_time\" content=\"2023-10-24T16:41:12+00:00\" \/>\n<meta property=\"og:image\" content=\"https:\/\/edumas.gov.co\/wp-content\/uploads\/2023\/10\/Edumas-realiza-visita-tecnica-a-conatos-del-basurero-La-Concepcion.jpeg\" \/>\n\t<meta property=\"og:image:width\" content=\"2560\" \/>\n\t<meta property=\"og:image:height\" content=\"1437\" \/>\n\t<meta property=\"og:image:type\" content=\"image\/jpeg\" \/>\n<meta name=\"author\" content=\"edumas\" \/>\n<meta name=\"twitter:card\" content=\"summary_large_image\" \/>\n<meta name=\"twitter:label1\" content=\"Escrito por\" \/>\n\t<meta name=\"twitter:data1\" content=\"edumas\" \/>\n\t<meta name=\"twitter:label2\" content=\"Tiempo de lectura\" \/>\n\t<meta name=\"twitter:data2\" content=\"2 minutos\" \/>\n<script type=\"application\/ld+json\" class=\"yoast-schema-graph\">{\"@context\":\"https:\\\/\\\/schema.org\",\"@graph\":[{\"@type\":\"Article\",\"@id\":\"https:\\\/\\\/edumas.gov.co\\\/inicio\\\/2021\\\/03\\\/30\\\/edumas-realiza-visita-tecnica-a-conatos-del-basurero-la-concepcion\\\/#article\",\"isPartOf\":{\"@id\":\"https:\\\/\\\/edumas.gov.co\\\/inicio\\\/2021\\\/03\\\/30\\\/edumas-realiza-visita-tecnica-a-conatos-del-basurero-la-concepcion\\\/\"},\"author\":{\"name\":\"edumas\",\"@id\":\"https:\\\/\\\/edumas.gov.co\\\/inicio\\\/#\\\/schema\\\/person\\\/e2e82a662fd06864325b88811079b05a\"},\"headline\":\"Edumas realiza visita t\u00e9cnica a conatos del basurero La Concepci\u00f3n\",\"datePublished\":\"2021-03-30T16:34:00+00:00\",\"dateModified\":\"2023-10-24T16:41:12+00:00\",\"mainEntityOfPage\":{\"@id\":\"https:\\\/\\\/edumas.gov.co\\\/inicio\\\/2021\\\/03\\\/30\\\/edumas-realiza-visita-tecnica-a-conatos-del-basurero-la-concepcion\\\/\"},\"wordCount\":411,\"commentCount\":0,\"publisher\":{\"@id\":\"https:\\\/\\\/edumas.gov.co\\\/inicio\\\/#organization\"},\"image\":{\"@id\":\"https:\\\/\\\/edumas.gov.co\\\/inicio\\\/2021\\\/03\\\/30\\\/edumas-realiza-visita-tecnica-a-conatos-del-basurero-la-concepcion\\\/#primaryimage\"},\"thumbnailUrl\":\"https:\\\/\\\/edumas.gov.co\\\/wp-content\\\/uploads\\\/2023\\\/10\\\/Edumas-realiza-visita-tecnica-a-conatos-del-basurero-La-Concepcion.jpeg\",\"articleSection\":[\"noticias\"],\"inLanguage\":\"es\",\"potentialAction\":[{\"@type\":\"CommentAction\",\"name\":\"Comment\",\"target\":[\"https:\\\/\\\/edumas.gov.co\\\/inicio\\\/2021\\\/03\\\/30\\\/edumas-realiza-visita-tecnica-a-conatos-del-basurero-la-concepcion\\\/#respond\"]}]},{\"@type\":\"WebPage\",\"@id\":\"https:\\\/\\\/edumas.gov.co\\\/inicio\\\/2021\\\/03\\\/30\\\/edumas-realiza-visita-tecnica-a-conatos-del-basurero-la-concepcion\\\/\",\"url\":\"https:\\\/\\\/edumas.gov.co\\\/inicio\\\/2021\\\/03\\\/30\\\/edumas-realiza-visita-tecnica-a-conatos-del-basurero-la-concepcion\\\/\",\"name\":\"Edumas realiza visita t\u00e9cnica a conatos del basurero La Concepci\u00f3n - Edumas\",\"isPartOf\":{\"@id\":\"https:\\\/\\\/edumas.gov.co\\\/inicio\\\/#website\"},\"primaryImageOfPage\":{\"@id\":\"https:\\\/\\\/edumas.gov.co\\\/inicio\\\/2021\\\/03\\\/30\\\/edumas-realiza-visita-tecnica-a-conatos-del-basurero-la-concepcion\\\/#primaryimage\"},\"image\":{\"@id\":\"https:\\\/\\\/edumas.gov.co\\\/inicio\\\/2021\\\/03\\\/30\\\/edumas-realiza-visita-tecnica-a-conatos-del-basurero-la-concepcion\\\/#primaryimage\"},\"thumbnailUrl\":\"https:\\\/\\\/edumas.gov.co\\\/wp-content\\\/uploads\\\/2023\\\/10\\\/Edumas-realiza-visita-tecnica-a-conatos-del-basurero-La-Concepcion.jpeg\",\"datePublished\":\"2021-03-30T16:34:00+00:00\",\"dateModified\":\"2023-10-24T16:41:12+00:00\",\"breadcrumb\":{\"@id\":\"https:\\\/\\\/edumas.gov.co\\\/inicio\\\/2021\\\/03\\\/30\\\/edumas-realiza-visita-tecnica-a-conatos-del-basurero-la-concepcion\\\/#breadcrumb\"},\"inLanguage\":\"es\",\"potentialAction\":[{\"@type\":\"ReadAction\",\"target\":[\"https:\\\/\\\/edumas.gov.co\\\/inicio\\\/2021\\\/03\\\/30\\\/edumas-realiza-visita-tecnica-a-conatos-del-basurero-la-concepcion\\\/\"]}]},{\"@type\":\"ImageObject\",\"inLanguage\":\"es\",\"@id\":\"https:\\\/\\\/edumas.gov.co\\\/inicio\\\/2021\\\/03\\\/30\\\/edumas-realiza-visita-tecnica-a-conatos-del-basurero-la-concepcion\\\/#primaryimage\",\"url\":\"https:\\\/\\\/edumas.gov.co\\\/wp-content\\\/uploads\\\/2023\\\/10\\\/Edumas-realiza-visita-tecnica-a-conatos-del-basurero-La-Concepcion.jpeg\",\"contentUrl\":\"https:\\\/\\\/edumas.gov.co\\\/wp-content\\\/uploads\\\/2023\\\/10\\\/Edumas-realiza-visita-tecnica-a-conatos-del-basurero-La-Concepcion.jpeg\",\"width\":2560,\"height\":1437},{\"@type\":\"BreadcrumbList\",\"@id\":\"https:\\\/\\\/edumas.gov.co\\\/inicio\\\/2021\\\/03\\\/30\\\/edumas-realiza-visita-tecnica-a-conatos-del-basurero-la-concepcion\\\/#breadcrumb\",\"itemListElement\":[{\"@type\":\"ListItem\",\"position\":1,\"name\":\"Portada\",\"item\":\"https:\\\/\\\/edumas.gov.co\\\/inicio\\\/\"},{\"@type\":\"ListItem\",\"position\":2,\"name\":\"Edumas realiza visita t\u00e9cnica a conatos del basurero La Concepci\u00f3n\"}]},{\"@type\":\"WebSite\",\"@id\":\"https:\\\/\\\/edumas.gov.co\\\/inicio\\\/#website\",\"url\":\"https:\\\/\\\/edumas.gov.co\\\/inicio\\\/\",\"name\":\"Edumas\",\"description\":\"Edumas\",\"publisher\":{\"@id\":\"https:\\\/\\\/edumas.gov.co\\\/inicio\\\/#organization\"},\"potentialAction\":[{\"@type\":\"SearchAction\",\"target\":{\"@type\":\"EntryPoint\",\"urlTemplate\":\"https:\\\/\\\/edumas.gov.co\\\/inicio\\\/?s={search_term_string}\"},\"query-input\":{\"@type\":\"PropertyValueSpecification\",\"valueRequired\":true,\"valueName\":\"search_term_string\"}}],\"inLanguage\":\"es\"},{\"@type\":\"Organization\",\"@id\":\"https:\\\/\\\/edumas.gov.co\\\/inicio\\\/#organization\",\"name\":\"Edumas\",\"url\":\"https:\\\/\\\/edumas.gov.co\\\/inicio\\\/\",\"logo\":{\"@type\":\"ImageObject\",\"inLanguage\":\"es\",\"@id\":\"https:\\\/\\\/edumas.gov.co\\\/inicio\\\/#\\\/schema\\\/logo\\\/image\\\/\",\"url\":\"https:\\\/\\\/edumas.gov.co\\\/wp-content\\\/uploads\\\/2024\\\/10\\\/Perfil-Instagram-PhotoRoom.png-PhotoRoom.png\",\"contentUrl\":\"https:\\\/\\\/edumas.gov.co\\\/wp-content\\\/uploads\\\/2024\\\/10\\\/Perfil-Instagram-PhotoRoom.png-PhotoRoom.png\",\"width\":648,\"height\":233,\"caption\":\"Edumas\"},\"image\":{\"@id\":\"https:\\\/\\\/edumas.gov.co\\\/inicio\\\/#\\\/schema\\\/logo\\\/image\\\/\"}},{\"@type\":\"Person\",\"@id\":\"https:\\\/\\\/edumas.gov.co\\\/inicio\\\/#\\\/schema\\\/person\\\/e2e82a662fd06864325b88811079b05a\",\"name\":\"edumas\",\"image\":{\"@type\":\"ImageObject\",\"inLanguage\":\"es\",\"@id\":\"https:\\\/\\\/edumas.gov.co\\\/wp-content\\\/uploads\\\/2025\\\/03\\\/WhatsApp-Image-2025-03-06-at-12.44.58-PM-150x150.jpeg\",\"url\":\"https:\\\/\\\/edumas.gov.co\\\/wp-content\\\/uploads\\\/2025\\\/03\\\/WhatsApp-Image-2025-03-06-at-12.44.58-PM-150x150.jpeg\",\"contentUrl\":\"https:\\\/\\\/edumas.gov.co\\\/wp-content\\\/uploads\\\/2025\\\/03\\\/WhatsApp-Image-2025-03-06-at-12.44.58-PM-150x150.jpeg\",\"caption\":\"edumas\"},\"sameAs\":[\"https:\\\/\\\/test.edumas.gov.co\"],\"url\":\"https:\\\/\\\/edumas.gov.co\\\/inicio\\\/author\\\/edumas\\\/\"}]}<\/script>\n<!-- \/ Yoast SEO plugin. -->","yoast_head_json":{"title":"Edumas realiza visita t\u00e9cnica a conatos del basurero La Concepci\u00f3n - Edumas","robots":{"index":"index","follow":"follow","max-snippet":"max-snippet:-1","max-image-preview":"max-image-preview:large","max-video-preview":"max-video-preview:-1"},"canonical":"https:\/\/edumas.gov.co\/inicio\/2021\/03\/30\/edumas-realiza-visita-tecnica-a-conatos-del-basurero-la-concepcion\/","og_locale":"es_ES","og_type":"article","og_title":"Edumas realiza visita t\u00e9cnica a conatos del basurero La Concepci\u00f3n - Edumas","og_description":"Ante la situaci\u00f3n de conatos de incendio que se vienen presentando en el basurero de La Concepci\u00f3n, el Edumas realiz\u00f3 la visita de inspecci\u00f3n t\u00e9cnica para evaluar la situaci\u00f3n y proponer soluciones inmediatas y al mediano plazo a la problem\u00e1tica que de manera reiterativa se viene presentado en el sector. El gerente del Edumas, Carlos [&hellip;]","og_url":"https:\/\/edumas.gov.co\/inicio\/2021\/03\/30\/edumas-realiza-visita-tecnica-a-conatos-del-basurero-la-concepcion\/","og_site_name":"Edumas","article_published_time":"2021-03-30T16:34:00+00:00","article_modified_time":"2023-10-24T16:41:12+00:00","og_image":[{"width":2560,"height":1437,"url":"https:\/\/edumas.gov.co\/wp-content\/uploads\/2023\/10\/Edumas-realiza-visita-tecnica-a-conatos-del-basurero-La-Concepcion.jpeg","type":"image\/jpeg"}],"author":"edumas","twitter_card":"summary_large_image","twitter_misc":{"Escrito por":"edumas","Tiempo de lectura":"2 minutos"},"schema":{"@context":"https:\/\/schema.org","@graph":[{"@type":"Article","@id":"https:\/\/edumas.gov.co\/inicio\/2021\/03\/30\/edumas-realiza-visita-tecnica-a-conatos-del-basurero-la-concepcion\/#article","isPartOf":{"@id":"https:\/\/edumas.gov.co\/inicio\/2021\/03\/30\/edumas-realiza-visita-tecnica-a-conatos-del-basurero-la-concepcion\/"},"author":{"name":"edumas","@id":"https:\/\/edumas.gov.co\/inicio\/#\/schema\/person\/e2e82a662fd06864325b88811079b05a"},"headline":"Edumas realiza visita t\u00e9cnica a conatos del basurero La Concepci\u00f3n","datePublished":"2021-03-30T16:34:00+00:00","dateModified":"2023-10-24T16:41:12+00:00","mainEntityOfPage":{"@id":"https:\/\/edumas.gov.co\/inicio\/2021\/03\/30\/edumas-realiza-visita-tecnica-a-conatos-del-basurero-la-concepcion\/"},"wordCount":411,"commentCount":0,"publisher":{"@id":"https:\/\/edumas.gov.co\/inicio\/#organization"},"image":{"@id":"https:\/\/edumas.gov.co\/inicio\/2021\/03\/30\/edumas-realiza-visita-tecnica-a-conatos-del-basurero-la-concepcion\/#primaryimage"},"thumbnailUrl":"https:\/\/edumas.gov.co\/wp-content\/uploads\/2023\/10\/Edumas-realiza-visita-tecnica-a-conatos-del-basurero-La-Concepcion.jpeg","articleSection":["noticias"],"inLanguage":"es","potentialAction":[{"@type":"CommentAction","name":"Comment","target":["https:\/\/edumas.gov.co\/inicio\/2021\/03\/30\/edumas-realiza-visita-tecnica-a-conatos-del-basurero-la-concepcion\/#respond"]}]},{"@type":"WebPage","@id":"https:\/\/edumas.gov.co\/inicio\/2021\/03\/30\/edumas-realiza-visita-tecnica-a-conatos-del-basurero-la-concepcion\/","url":"https:\/\/edumas.gov.co\/inicio\/2021\/03\/30\/edumas-realiza-visita-tecnica-a-conatos-del-basurero-la-concepcion\/","name":"Edumas realiza visita t\u00e9cnica a conatos del basurero La Concepci\u00f3n - Edumas","isPartOf":{"@id":"https:\/\/edumas.gov.co\/inicio\/#website"},"primaryImageOfPage":{"@id":"https:\/\/edumas.gov.co\/inicio\/2021\/03\/30\/edumas-realiza-visita-tecnica-a-conatos-del-basurero-la-concepcion\/#primaryimage"},"image":{"@id":"https:\/\/edumas.gov.co\/inicio\/2021\/03\/30\/edumas-realiza-visita-tecnica-a-conatos-del-basurero-la-concepcion\/#primaryimage"},"thumbnailUrl":"https:\/\/edumas.gov.co\/wp-content\/uploads\/2023\/10\/Edumas-realiza-visita-tecnica-a-conatos-del-basurero-La-Concepcion.jpeg","datePublished":"2021-03-30T16:34:00+00:00","dateModified":"2023-10-24T16:41:12+00:00","breadcrumb":{"@id":"https:\/\/edumas.gov.co\/inicio\/2021\/03\/30\/edumas-realiza-visita-tecnica-a-conatos-del-basurero-la-concepcion\/#breadcrumb"},"inLanguage":"es","potentialAction":[{"@type":"ReadAction","target":["https:\/\/edumas.gov.co\/inicio\/2021\/03\/30\/edumas-realiza-visita-tecnica-a-conatos-del-basurero-la-concepcion\/"]}]},{"@type":"ImageObject","inLanguage":"es","@id":"https:\/\/edumas.gov.co\/inicio\/2021\/03\/30\/edumas-realiza-visita-tecnica-a-conatos-del-basurero-la-concepcion\/#primaryimage","url":"https:\/\/edumas.gov.co\/wp-content\/uploads\/2023\/10\/Edumas-realiza-visita-tecnica-a-conatos-del-basurero-La-Concepcion.jpeg","contentUrl":"https:\/\/edumas.gov.co\/wp-content\/uploads\/2023\/10\/Edumas-realiza-visita-tecnica-a-conatos-del-basurero-La-Concepcion.jpeg","width":2560,"height":1437},{"@type":"BreadcrumbList","@id":"https:\/\/edumas.gov.co\/inicio\/2021\/03\/30\/edumas-realiza-visita-tecnica-a-conatos-del-basurero-la-concepcion\/#breadcrumb","itemListElement":[{"@type":"ListItem","position":1,"name":"Portada","item":"https:\/\/edumas.gov.co\/inicio\/"},{"@type":"ListItem","position":2,"name":"Edumas realiza visita t\u00e9cnica a conatos del basurero La Concepci\u00f3n"}]},{"@type":"WebSite","@id":"https:\/\/edumas.gov.co\/inicio\/#website","url":"https:\/\/edumas.gov.co\/inicio\/","name":"Edumas","description":"Edumas","publisher":{"@id":"https:\/\/edumas.gov.co\/inicio\/#organization"},"potentialAction":[{"@type":"SearchAction","target":{"@type":"EntryPoint","urlTemplate":"https:\/\/edumas.gov.co\/inicio\/?s={search_term_string}"},"query-input":{"@type":"PropertyValueSpecification","valueRequired":true,"valueName":"search_term_string"}}],"inLanguage":"es"},{"@type":"Organization","@id":"https:\/\/edumas.gov.co\/inicio\/#organization","name":"Edumas","url":"https:\/\/edumas.gov.co\/inicio\/","logo":{"@type":"ImageObject","inLanguage":"es","@id":"https:\/\/edumas.gov.co\/inicio\/#\/schema\/logo\/image\/","url":"https:\/\/edumas.gov.co\/wp-content\/uploads\/2024\/10\/Perfil-Instagram-PhotoRoom.png-PhotoRoom.png","contentUrl":"https:\/\/edumas.gov.co\/wp-content\/uploads\/2024\/10\/Perfil-Instagram-PhotoRoom.png-PhotoRoom.png","width":648,"height":233,"caption":"Edumas"},"image":{"@id":"https:\/\/edumas.gov.co\/inicio\/#\/schema\/logo\/image\/"}},{"@type":"Person","@id":"https:\/\/edumas.gov.co\/inicio\/#\/schema\/person\/e2e82a662fd06864325b88811079b05a","name":"edumas","image":{"@type":"ImageObject","inLanguage":"es","@id":"https:\/\/edumas.gov.co\/wp-content\/uploads\/2025\/03\/WhatsApp-Image-2025-03-06-at-12.44.58-PM-150x150.jpeg","url":"https:\/\/edumas.gov.co\/wp-content\/uploads\/2025\/03\/WhatsApp-Image-2025-03-06-at-12.44.58-PM-150x150.jpeg","contentUrl":"https:\/\/edumas.gov.co\/wp-content\/uploads\/2025\/03\/WhatsApp-Image-2025-03-06-at-12.44.58-PM-150x150.jpeg","caption":"edumas"},"sameAs":["https:\/\/test.edumas.gov.co"],"url":"https:\/\/edumas.gov.co\/inicio\/author\/edumas\/"}]}},"_links":{"self":[{"href":"https:\/\/edumas.gov.co\/inicio\/wp-json\/wp\/v2\/posts\/1090","targetHints":{"allow":["GET"]}}],"collection":[{"href":"https:\/\/edumas.gov.co\/inicio\/wp-json\/wp\/v2\/posts"}],"about":[{"href":"https:\/\/edumas.gov.co\/inicio\/wp-json\/wp\/v2\/types\/post"}],"author":[{"embeddable":true,"href":"https:\/\/edumas.gov.co\/inicio\/wp-json\/wp\/v2\/users\/1"}],"replies":[{"embeddable":true,"href":"https:\/\/edumas.gov.co\/inicio\/wp-json\/wp\/v2\/comments?post=1090"}],"version-history":[{"count":1,"href":"https:\/\/edumas.gov.co\/inicio\/wp-json\/wp\/v2\/posts\/1090\/revisions"}],"predecessor-version":[{"id":1093,"href":"https:\/\/edumas.gov.co\/inicio\/wp-json\/wp\/v2\/posts\/1090\/revisions\/1093"}],"wp:featuredmedia":[{"embeddable":true,"href":"https:\/\/edumas.gov.co\/inicio\/wp-json\/wp\/v2\/media\/1091"}],"wp:attachment":[{"href":"https:\/\/edumas.gov.co\/inicio\/wp-json\/wp\/v2\/media?parent=1090"}],"wp:term":[{"taxonomy":"category","embeddable":true,"href":"https:\/\/edumas.gov.co\/inicio\/wp-json\/wp\/v2\/categories?post=1090"},{"taxonomy":"post_tag","embeddable":true,"href":"https:\/\/edumas.gov.co\/inicio\/wp-json\/wp\/v2\/tags?post=1090"}],"curies":[{"name":"wp","href":"https:\/\/api.w.org\/{rel}","templated":true}]}}