{"id":1173,"date":"2021-07-19T18:30:00","date_gmt":"2021-07-19T18:30:00","guid":{"rendered":"https:\/\/test.edumas.gov.co\/?p=1173"},"modified":"2023-10-24T18:35:15","modified_gmt":"2023-10-24T18:35:15","slug":"edumas-realiza-operativos-de-control-de-ruido-y-contaminacion-sonora-en-el-barrio-el-manantial","status":"publish","type":"post","link":"https:\/\/edumas.gov.co\/inicio\/2021\/07\/19\/edumas-realiza-operativos-de-control-de-ruido-y-contaminacion-sonora-en-el-barrio-el-manantial\/","title":{"rendered":"Edumas realiza operativos de control de ruido y contaminaci\u00f3n sonora en el barrio El Manantial"},"content":{"rendered":"\n<p class=\"wp-block-paragraph\">Edumas lleg\u00f3 hasta el barrio El Manantial de Soledad donde se llev\u00f3 a cabo el primero de varios operativos de control de ruido que se estar\u00e1n realizando en diferentes sectores del municipio. El operativo, encabezado por el gerente del Edumas, Carlos Consuegra, la subgerente ambiental, Clerk Pertuz y la Polic\u00eda Nacional, logr\u00f3 el sellamiento de un pic\u00f3 y el control de los altos vol\u00famenes en cinco lugares m\u00e1s, incluyendo un billar.<\/p>\n\n\n\n<p class=\"wp-block-paragraph\">La actividad que se llev\u00f3 a cabo en el marco de la festividad del D\u00eda de la Virgen del Carmen, logr\u00f3 generar un impacto entre la comunidad del sector Los Manantiales, quienes acataron las normas y sostuvieron breves charlas con los uniformados quienes basados en la ley, procedieron a indicarles las norman de convivencia ciudadana.<\/p>\n\n\n\n<p class=\"wp-block-paragraph\">\u201cHemos venido recibiendo quejas por parte de la comunidad acerca de los altos vol\u00famenes que se presentan en el barrio, por lo tanto, no podemos ser ajenos al clamor de quienes nos solicitan por medio de nuestras redes sociales y otros medios institucionales que tomemos medidas preventivas ante estos ruidos que se presentan cada fin de semana\u201d, expres\u00f3 Carlos Consuegra.<\/p>\n\n\n\n<p class=\"wp-block-paragraph\">Y es que la generaci\u00f3n de ruido en este sector va en crecimiento as\u00ed como lo expres\u00f3 Carlos Casta\u00f1eda, vecino del barrio quien afirm\u00f3 no poder pasar un fin de semana en total calma y tranquilidad por la perturbaci\u00f3n que generan los negocios de estaderos y billares. \u201cEste es un sector residencial, no debe ser permitido que estos pic\u00f3s funcionen hasta altas horas con gran volumen. Me parece una buena iniciativa por parte del Edumas que<\/p>\n\n\n\n<p class=\"wp-block-paragraph\">hayan llegado con la Polic\u00eda para que se percataran de la realidad que nos toca vivir todos los s\u00e1bados y domingos\u201d.<\/p>\n\n\n\n<p class=\"wp-block-paragraph\">El Edumas seguir\u00e1 llegando a cada rinc\u00f3n del municipio para continuar con la regulaci\u00f3n del impacto sonoro. La finalidad es hacer de Soledad un territorio libre de contaminaci\u00f3n auditiva y amigable con&nbsp; el medio ambiente.<\/p>\n","protected":false},"excerpt":{"rendered":"<p>Edumas lleg\u00f3 hasta el barrio El Manantial de Soledad donde se llev\u00f3 a cabo el primero de varios operativos de control de ruido que se estar\u00e1n realizando en diferentes sectores del municipio. El operativo, encabezado por el gerente del Edumas, Carlos Consuegra, la subgerente ambiental, Clerk Pertuz y la Polic\u00eda Nacional, logr\u00f3 el sellamiento de [&hellip;]<\/p>\n","protected":false},"author":1,"featured_media":1174,"comment_status":"open","ping_status":"open","sticky":false,"template":"","format":"standard","meta":{"footnotes":""},"categories":[26],"tags":[],"class_list":["post-1173","post","type-post","status-publish","format-standard","has-post-thumbnail","hentry","category-noticias"],"yoast_head":"<!-- This site is optimized with the Yoast SEO plugin v27.4 - https:\/\/yoast.com\/product\/yoast-seo-wordpress\/ -->\n<title>Edumas realiza operativos de control de ruido y contaminaci\u00f3n sonora en el barrio El Manantial - Edumas<\/title>\n<meta name=\"robots\" content=\"index, follow, max-snippet:-1, max-image-preview:large, max-video-preview:-1\" \/>\n<link rel=\"canonical\" href=\"https:\/\/edumas.gov.co\/inicio\/2021\/07\/19\/edumas-realiza-operativos-de-control-de-ruido-y-contaminacion-sonora-en-el-barrio-el-manantial\/\" \/>\n<meta property=\"og:locale\" content=\"es_ES\" \/>\n<meta property=\"og:type\" content=\"article\" \/>\n<meta property=\"og:title\" content=\"Edumas realiza operativos de control de ruido y contaminaci\u00f3n sonora en el barrio El Manantial - Edumas\" \/>\n<meta property=\"og:description\" content=\"Edumas lleg\u00f3 hasta el barrio El Manantial de Soledad donde se llev\u00f3 a cabo el primero de varios operativos de control de ruido que se estar\u00e1n realizando en diferentes sectores del municipio. El operativo, encabezado por el gerente del Edumas, Carlos Consuegra, la subgerente ambiental, Clerk Pertuz y la Polic\u00eda Nacional, logr\u00f3 el sellamiento de [&hellip;]\" \/>\n<meta property=\"og:url\" content=\"https:\/\/edumas.gov.co\/inicio\/2021\/07\/19\/edumas-realiza-operativos-de-control-de-ruido-y-contaminacion-sonora-en-el-barrio-el-manantial\/\" \/>\n<meta property=\"og:site_name\" content=\"Edumas\" \/>\n<meta property=\"article:published_time\" content=\"2021-07-19T18:30:00+00:00\" \/>\n<meta property=\"article:modified_time\" content=\"2023-10-24T18:35:15+00:00\" \/>\n<meta property=\"og:image\" content=\"https:\/\/edumas.gov.co\/wp-content\/uploads\/2023\/10\/Edumas-realiza-operativos-de-control-de-ruido-y-contaminacion-sonora-en-el-barrio-El-Manantial.jpeg\" \/>\n\t<meta property=\"og:image:width\" content=\"1920\" \/>\n\t<meta property=\"og:image:height\" content=\"1080\" \/>\n\t<meta property=\"og:image:type\" content=\"image\/jpeg\" \/>\n<meta name=\"author\" content=\"edumas\" \/>\n<meta name=\"twitter:card\" content=\"summary_large_image\" \/>\n<meta name=\"twitter:label1\" content=\"Escrito por\" \/>\n\t<meta name=\"twitter:data1\" content=\"edumas\" \/>\n\t<meta name=\"twitter:label2\" content=\"Tiempo de lectura\" \/>\n\t<meta name=\"twitter:data2\" content=\"2 minutos\" \/>\n<script type=\"application\/ld+json\" class=\"yoast-schema-graph\">{\"@context\":\"https:\\\/\\\/schema.org\",\"@graph\":[{\"@type\":\"Article\",\"@id\":\"https:\\\/\\\/edumas.gov.co\\\/inicio\\\/2021\\\/07\\\/19\\\/edumas-realiza-operativos-de-control-de-ruido-y-contaminacion-sonora-en-el-barrio-el-manantial\\\/#article\",\"isPartOf\":{\"@id\":\"https:\\\/\\\/edumas.gov.co\\\/inicio\\\/2021\\\/07\\\/19\\\/edumas-realiza-operativos-de-control-de-ruido-y-contaminacion-sonora-en-el-barrio-el-manantial\\\/\"},\"author\":{\"name\":\"edumas\",\"@id\":\"https:\\\/\\\/edumas.gov.co\\\/inicio\\\/#\\\/schema\\\/person\\\/e2e82a662fd06864325b88811079b05a\"},\"headline\":\"Edumas realiza operativos de control de ruido y contaminaci\u00f3n sonora en el barrio El Manantial\",\"datePublished\":\"2021-07-19T18:30:00+00:00\",\"dateModified\":\"2023-10-24T18:35:15+00:00\",\"mainEntityOfPage\":{\"@id\":\"https:\\\/\\\/edumas.gov.co\\\/inicio\\\/2021\\\/07\\\/19\\\/edumas-realiza-operativos-de-control-de-ruido-y-contaminacion-sonora-en-el-barrio-el-manantial\\\/\"},\"wordCount\":350,\"commentCount\":3,\"publisher\":{\"@id\":\"https:\\\/\\\/edumas.gov.co\\\/inicio\\\/#organization\"},\"image\":{\"@id\":\"https:\\\/\\\/edumas.gov.co\\\/inicio\\\/2021\\\/07\\\/19\\\/edumas-realiza-operativos-de-control-de-ruido-y-contaminacion-sonora-en-el-barrio-el-manantial\\\/#primaryimage\"},\"thumbnailUrl\":\"https:\\\/\\\/edumas.gov.co\\\/wp-content\\\/uploads\\\/2023\\\/10\\\/Edumas-realiza-operativos-de-control-de-ruido-y-contaminacion-sonora-en-el-barrio-El-Manantial.jpeg\",\"articleSection\":[\"noticias\"],\"inLanguage\":\"es\",\"potentialAction\":[{\"@type\":\"CommentAction\",\"name\":\"Comment\",\"target\":[\"https:\\\/\\\/edumas.gov.co\\\/inicio\\\/2021\\\/07\\\/19\\\/edumas-realiza-operativos-de-control-de-ruido-y-contaminacion-sonora-en-el-barrio-el-manantial\\\/#respond\"]}]},{\"@type\":\"WebPage\",\"@id\":\"https:\\\/\\\/edumas.gov.co\\\/inicio\\\/2021\\\/07\\\/19\\\/edumas-realiza-operativos-de-control-de-ruido-y-contaminacion-sonora-en-el-barrio-el-manantial\\\/\",\"url\":\"https:\\\/\\\/edumas.gov.co\\\/inicio\\\/2021\\\/07\\\/19\\\/edumas-realiza-operativos-de-control-de-ruido-y-contaminacion-sonora-en-el-barrio-el-manantial\\\/\",\"name\":\"Edumas realiza operativos de control de ruido y contaminaci\u00f3n sonora en el barrio El Manantial - Edumas\",\"isPartOf\":{\"@id\":\"https:\\\/\\\/edumas.gov.co\\\/inicio\\\/#website\"},\"primaryImageOfPage\":{\"@id\":\"https:\\\/\\\/edumas.gov.co\\\/inicio\\\/2021\\\/07\\\/19\\\/edumas-realiza-operativos-de-control-de-ruido-y-contaminacion-sonora-en-el-barrio-el-manantial\\\/#primaryimage\"},\"image\":{\"@id\":\"https:\\\/\\\/edumas.gov.co\\\/inicio\\\/2021\\\/07\\\/19\\\/edumas-realiza-operativos-de-control-de-ruido-y-contaminacion-sonora-en-el-barrio-el-manantial\\\/#primaryimage\"},\"thumbnailUrl\":\"https:\\\/\\\/edumas.gov.co\\\/wp-content\\\/uploads\\\/2023\\\/10\\\/Edumas-realiza-operativos-de-control-de-ruido-y-contaminacion-sonora-en-el-barrio-El-Manantial.jpeg\",\"datePublished\":\"2021-07-19T18:30:00+00:00\",\"dateModified\":\"2023-10-24T18:35:15+00:00\",\"breadcrumb\":{\"@id\":\"https:\\\/\\\/edumas.gov.co\\\/inicio\\\/2021\\\/07\\\/19\\\/edumas-realiza-operativos-de-control-de-ruido-y-contaminacion-sonora-en-el-barrio-el-manantial\\\/#breadcrumb\"},\"inLanguage\":\"es\",\"potentialAction\":[{\"@type\":\"ReadAction\",\"target\":[\"https:\\\/\\\/edumas.gov.co\\\/inicio\\\/2021\\\/07\\\/19\\\/edumas-realiza-operativos-de-control-de-ruido-y-contaminacion-sonora-en-el-barrio-el-manantial\\\/\"]}]},{\"@type\":\"ImageObject\",\"inLanguage\":\"es\",\"@id\":\"https:\\\/\\\/edumas.gov.co\\\/inicio\\\/2021\\\/07\\\/19\\\/edumas-realiza-operativos-de-control-de-ruido-y-contaminacion-sonora-en-el-barrio-el-manantial\\\/#primaryimage\",\"url\":\"https:\\\/\\\/edumas.gov.co\\\/wp-content\\\/uploads\\\/2023\\\/10\\\/Edumas-realiza-operativos-de-control-de-ruido-y-contaminacion-sonora-en-el-barrio-El-Manantial.jpeg\",\"contentUrl\":\"https:\\\/\\\/edumas.gov.co\\\/wp-content\\\/uploads\\\/2023\\\/10\\\/Edumas-realiza-operativos-de-control-de-ruido-y-contaminacion-sonora-en-el-barrio-El-Manantial.jpeg\",\"width\":1920,\"height\":1080},{\"@type\":\"BreadcrumbList\",\"@id\":\"https:\\\/\\\/edumas.gov.co\\\/inicio\\\/2021\\\/07\\\/19\\\/edumas-realiza-operativos-de-control-de-ruido-y-contaminacion-sonora-en-el-barrio-el-manantial\\\/#breadcrumb\",\"itemListElement\":[{\"@type\":\"ListItem\",\"position\":1,\"name\":\"Portada\",\"item\":\"https:\\\/\\\/edumas.gov.co\\\/inicio\\\/\"},{\"@type\":\"ListItem\",\"position\":2,\"name\":\"Edumas realiza operativos de control de ruido y contaminaci\u00f3n sonora en el barrio El Manantial\"}]},{\"@type\":\"WebSite\",\"@id\":\"https:\\\/\\\/edumas.gov.co\\\/inicio\\\/#website\",\"url\":\"https:\\\/\\\/edumas.gov.co\\\/inicio\\\/\",\"name\":\"Edumas\",\"description\":\"Edumas\",\"publisher\":{\"@id\":\"https:\\\/\\\/edumas.gov.co\\\/inicio\\\/#organization\"},\"potentialAction\":[{\"@type\":\"SearchAction\",\"target\":{\"@type\":\"EntryPoint\",\"urlTemplate\":\"https:\\\/\\\/edumas.gov.co\\\/inicio\\\/?s={search_term_string}\"},\"query-input\":{\"@type\":\"PropertyValueSpecification\",\"valueRequired\":true,\"valueName\":\"search_term_string\"}}],\"inLanguage\":\"es\"},{\"@type\":\"Organization\",\"@id\":\"https:\\\/\\\/edumas.gov.co\\\/inicio\\\/#organization\",\"name\":\"Edumas\",\"url\":\"https:\\\/\\\/edumas.gov.co\\\/inicio\\\/\",\"logo\":{\"@type\":\"ImageObject\",\"inLanguage\":\"es\",\"@id\":\"https:\\\/\\\/edumas.gov.co\\\/inicio\\\/#\\\/schema\\\/logo\\\/image\\\/\",\"url\":\"https:\\\/\\\/edumas.gov.co\\\/wp-content\\\/uploads\\\/2024\\\/10\\\/Perfil-Instagram-PhotoRoom.png-PhotoRoom.png\",\"contentUrl\":\"https:\\\/\\\/edumas.gov.co\\\/wp-content\\\/uploads\\\/2024\\\/10\\\/Perfil-Instagram-PhotoRoom.png-PhotoRoom.png\",\"width\":648,\"height\":233,\"caption\":\"Edumas\"},\"image\":{\"@id\":\"https:\\\/\\\/edumas.gov.co\\\/inicio\\\/#\\\/schema\\\/logo\\\/image\\\/\"}},{\"@type\":\"Person\",\"@id\":\"https:\\\/\\\/edumas.gov.co\\\/inicio\\\/#\\\/schema\\\/person\\\/e2e82a662fd06864325b88811079b05a\",\"name\":\"edumas\",\"image\":{\"@type\":\"ImageObject\",\"inLanguage\":\"es\",\"@id\":\"https:\\\/\\\/edumas.gov.co\\\/wp-content\\\/uploads\\\/2025\\\/03\\\/WhatsApp-Image-2025-03-06-at-12.44.58-PM-150x150.jpeg\",\"url\":\"https:\\\/\\\/edumas.gov.co\\\/wp-content\\\/uploads\\\/2025\\\/03\\\/WhatsApp-Image-2025-03-06-at-12.44.58-PM-150x150.jpeg\",\"contentUrl\":\"https:\\\/\\\/edumas.gov.co\\\/wp-content\\\/uploads\\\/2025\\\/03\\\/WhatsApp-Image-2025-03-06-at-12.44.58-PM-150x150.jpeg\",\"caption\":\"edumas\"},\"sameAs\":[\"https:\\\/\\\/test.edumas.gov.co\"],\"url\":\"https:\\\/\\\/edumas.gov.co\\\/inicio\\\/author\\\/edumas\\\/\"}]}<\/script>\n<!-- \/ Yoast SEO plugin. -->","yoast_head_json":{"title":"Edumas realiza operativos de control de ruido y contaminaci\u00f3n sonora en el barrio El Manantial - Edumas","robots":{"index":"index","follow":"follow","max-snippet":"max-snippet:-1","max-image-preview":"max-image-preview:large","max-video-preview":"max-video-preview:-1"},"canonical":"https:\/\/edumas.gov.co\/inicio\/2021\/07\/19\/edumas-realiza-operativos-de-control-de-ruido-y-contaminacion-sonora-en-el-barrio-el-manantial\/","og_locale":"es_ES","og_type":"article","og_title":"Edumas realiza operativos de control de ruido y contaminaci\u00f3n sonora en el barrio El Manantial - Edumas","og_description":"Edumas lleg\u00f3 hasta el barrio El Manantial de Soledad donde se llev\u00f3 a cabo el primero de varios operativos de control de ruido que se estar\u00e1n realizando en diferentes sectores del municipio. El operativo, encabezado por el gerente del Edumas, Carlos Consuegra, la subgerente ambiental, Clerk Pertuz y la Polic\u00eda Nacional, logr\u00f3 el sellamiento de [&hellip;]","og_url":"https:\/\/edumas.gov.co\/inicio\/2021\/07\/19\/edumas-realiza-operativos-de-control-de-ruido-y-contaminacion-sonora-en-el-barrio-el-manantial\/","og_site_name":"Edumas","article_published_time":"2021-07-19T18:30:00+00:00","article_modified_time":"2023-10-24T18:35:15+00:00","og_image":[{"width":1920,"height":1080,"url":"https:\/\/edumas.gov.co\/wp-content\/uploads\/2023\/10\/Edumas-realiza-operativos-de-control-de-ruido-y-contaminacion-sonora-en-el-barrio-El-Manantial.jpeg","type":"image\/jpeg"}],"author":"edumas","twitter_card":"summary_large_image","twitter_misc":{"Escrito por":"edumas","Tiempo de lectura":"2 minutos"},"schema":{"@context":"https:\/\/schema.org","@graph":[{"@type":"Article","@id":"https:\/\/edumas.gov.co\/inicio\/2021\/07\/19\/edumas-realiza-operativos-de-control-de-ruido-y-contaminacion-sonora-en-el-barrio-el-manantial\/#article","isPartOf":{"@id":"https:\/\/edumas.gov.co\/inicio\/2021\/07\/19\/edumas-realiza-operativos-de-control-de-ruido-y-contaminacion-sonora-en-el-barrio-el-manantial\/"},"author":{"name":"edumas","@id":"https:\/\/edumas.gov.co\/inicio\/#\/schema\/person\/e2e82a662fd06864325b88811079b05a"},"headline":"Edumas realiza operativos de control de ruido y contaminaci\u00f3n sonora en el barrio El Manantial","datePublished":"2021-07-19T18:30:00+00:00","dateModified":"2023-10-24T18:35:15+00:00","mainEntityOfPage":{"@id":"https:\/\/edumas.gov.co\/inicio\/2021\/07\/19\/edumas-realiza-operativos-de-control-de-ruido-y-contaminacion-sonora-en-el-barrio-el-manantial\/"},"wordCount":350,"commentCount":3,"publisher":{"@id":"https:\/\/edumas.gov.co\/inicio\/#organization"},"image":{"@id":"https:\/\/edumas.gov.co\/inicio\/2021\/07\/19\/edumas-realiza-operativos-de-control-de-ruido-y-contaminacion-sonora-en-el-barrio-el-manantial\/#primaryimage"},"thumbnailUrl":"https:\/\/edumas.gov.co\/wp-content\/uploads\/2023\/10\/Edumas-realiza-operativos-de-control-de-ruido-y-contaminacion-sonora-en-el-barrio-El-Manantial.jpeg","articleSection":["noticias"],"inLanguage":"es","potentialAction":[{"@type":"CommentAction","name":"Comment","target":["https:\/\/edumas.gov.co\/inicio\/2021\/07\/19\/edumas-realiza-operativos-de-control-de-ruido-y-contaminacion-sonora-en-el-barrio-el-manantial\/#respond"]}]},{"@type":"WebPage","@id":"https:\/\/edumas.gov.co\/inicio\/2021\/07\/19\/edumas-realiza-operativos-de-control-de-ruido-y-contaminacion-sonora-en-el-barrio-el-manantial\/","url":"https:\/\/edumas.gov.co\/inicio\/2021\/07\/19\/edumas-realiza-operativos-de-control-de-ruido-y-contaminacion-sonora-en-el-barrio-el-manantial\/","name":"Edumas realiza operativos de control de ruido y contaminaci\u00f3n sonora en el barrio El Manantial - Edumas","isPartOf":{"@id":"https:\/\/edumas.gov.co\/inicio\/#website"},"primaryImageOfPage":{"@id":"https:\/\/edumas.gov.co\/inicio\/2021\/07\/19\/edumas-realiza-operativos-de-control-de-ruido-y-contaminacion-sonora-en-el-barrio-el-manantial\/#primaryimage"},"image":{"@id":"https:\/\/edumas.gov.co\/inicio\/2021\/07\/19\/edumas-realiza-operativos-de-control-de-ruido-y-contaminacion-sonora-en-el-barrio-el-manantial\/#primaryimage"},"thumbnailUrl":"https:\/\/edumas.gov.co\/wp-content\/uploads\/2023\/10\/Edumas-realiza-operativos-de-control-de-ruido-y-contaminacion-sonora-en-el-barrio-El-Manantial.jpeg","datePublished":"2021-07-19T18:30:00+00:00","dateModified":"2023-10-24T18:35:15+00:00","breadcrumb":{"@id":"https:\/\/edumas.gov.co\/inicio\/2021\/07\/19\/edumas-realiza-operativos-de-control-de-ruido-y-contaminacion-sonora-en-el-barrio-el-manantial\/#breadcrumb"},"inLanguage":"es","potentialAction":[{"@type":"ReadAction","target":["https:\/\/edumas.gov.co\/inicio\/2021\/07\/19\/edumas-realiza-operativos-de-control-de-ruido-y-contaminacion-sonora-en-el-barrio-el-manantial\/"]}]},{"@type":"ImageObject","inLanguage":"es","@id":"https:\/\/edumas.gov.co\/inicio\/2021\/07\/19\/edumas-realiza-operativos-de-control-de-ruido-y-contaminacion-sonora-en-el-barrio-el-manantial\/#primaryimage","url":"https:\/\/edumas.gov.co\/wp-content\/uploads\/2023\/10\/Edumas-realiza-operativos-de-control-de-ruido-y-contaminacion-sonora-en-el-barrio-El-Manantial.jpeg","contentUrl":"https:\/\/edumas.gov.co\/wp-content\/uploads\/2023\/10\/Edumas-realiza-operativos-de-control-de-ruido-y-contaminacion-sonora-en-el-barrio-El-Manantial.jpeg","width":1920,"height":1080},{"@type":"BreadcrumbList","@id":"https:\/\/edumas.gov.co\/inicio\/2021\/07\/19\/edumas-realiza-operativos-de-control-de-ruido-y-contaminacion-sonora-en-el-barrio-el-manantial\/#breadcrumb","itemListElement":[{"@type":"ListItem","position":1,"name":"Portada","item":"https:\/\/edumas.gov.co\/inicio\/"},{"@type":"ListItem","position":2,"name":"Edumas realiza operativos de control de ruido y contaminaci\u00f3n sonora en el barrio El Manantial"}]},{"@type":"WebSite","@id":"https:\/\/edumas.gov.co\/inicio\/#website","url":"https:\/\/edumas.gov.co\/inicio\/","name":"Edumas","description":"Edumas","publisher":{"@id":"https:\/\/edumas.gov.co\/inicio\/#organization"},"potentialAction":[{"@type":"SearchAction","target":{"@type":"EntryPoint","urlTemplate":"https:\/\/edumas.gov.co\/inicio\/?s={search_term_string}"},"query-input":{"@type":"PropertyValueSpecification","valueRequired":true,"valueName":"search_term_string"}}],"inLanguage":"es"},{"@type":"Organization","@id":"https:\/\/edumas.gov.co\/inicio\/#organization","name":"Edumas","url":"https:\/\/edumas.gov.co\/inicio\/","logo":{"@type":"ImageObject","inLanguage":"es","@id":"https:\/\/edumas.gov.co\/inicio\/#\/schema\/logo\/image\/","url":"https:\/\/edumas.gov.co\/wp-content\/uploads\/2024\/10\/Perfil-Instagram-PhotoRoom.png-PhotoRoom.png","contentUrl":"https:\/\/edumas.gov.co\/wp-content\/uploads\/2024\/10\/Perfil-Instagram-PhotoRoom.png-PhotoRoom.png","width":648,"height":233,"caption":"Edumas"},"image":{"@id":"https:\/\/edumas.gov.co\/inicio\/#\/schema\/logo\/image\/"}},{"@type":"Person","@id":"https:\/\/edumas.gov.co\/inicio\/#\/schema\/person\/e2e82a662fd06864325b88811079b05a","name":"edumas","image":{"@type":"ImageObject","inLanguage":"es","@id":"https:\/\/edumas.gov.co\/wp-content\/uploads\/2025\/03\/WhatsApp-Image-2025-03-06-at-12.44.58-PM-150x150.jpeg","url":"https:\/\/edumas.gov.co\/wp-content\/uploads\/2025\/03\/WhatsApp-Image-2025-03-06-at-12.44.58-PM-150x150.jpeg","contentUrl":"https:\/\/edumas.gov.co\/wp-content\/uploads\/2025\/03\/WhatsApp-Image-2025-03-06-at-12.44.58-PM-150x150.jpeg","caption":"edumas"},"sameAs":["https:\/\/test.edumas.gov.co"],"url":"https:\/\/edumas.gov.co\/inicio\/author\/edumas\/"}]}},"_links":{"self":[{"href":"https:\/\/edumas.gov.co\/inicio\/wp-json\/wp\/v2\/posts\/1173","targetHints":{"allow":["GET"]}}],"collection":[{"href":"https:\/\/edumas.gov.co\/inicio\/wp-json\/wp\/v2\/posts"}],"about":[{"href":"https:\/\/edumas.gov.co\/inicio\/wp-json\/wp\/v2\/types\/post"}],"author":[{"embeddable":true,"href":"https:\/\/edumas.gov.co\/inicio\/wp-json\/wp\/v2\/users\/1"}],"replies":[{"embeddable":true,"href":"https:\/\/edumas.gov.co\/inicio\/wp-json\/wp\/v2\/comments?post=1173"}],"version-history":[{"count":1,"href":"https:\/\/edumas.gov.co\/inicio\/wp-json\/wp\/v2\/posts\/1173\/revisions"}],"predecessor-version":[{"id":1175,"href":"https:\/\/edumas.gov.co\/inicio\/wp-json\/wp\/v2\/posts\/1173\/revisions\/1175"}],"wp:featuredmedia":[{"embeddable":true,"href":"https:\/\/edumas.gov.co\/inicio\/wp-json\/wp\/v2\/media\/1174"}],"wp:attachment":[{"href":"https:\/\/edumas.gov.co\/inicio\/wp-json\/wp\/v2\/media?parent=1173"}],"wp:term":[{"taxonomy":"category","embeddable":true,"href":"https:\/\/edumas.gov.co\/inicio\/wp-json\/wp\/v2\/categories?post=1173"},{"taxonomy":"post_tag","embeddable":true,"href":"https:\/\/edumas.gov.co\/inicio\/wp-json\/wp\/v2\/tags?post=1173"}],"curies":[{"name":"wp","href":"https:\/\/api.w.org\/{rel}","templated":true}]}}