{"id":1182,"date":"2021-07-26T18:47:00","date_gmt":"2021-07-26T18:47:00","guid":{"rendered":"https:\/\/test.edumas.gov.co\/?p=1182"},"modified":"2023-10-24T18:50:46","modified_gmt":"2023-10-24T18:50:46","slug":"en-villa-estadio-futuro-ecoparque-lago-de-soledad-contara-con-mil-200-metros-de-calles-pavimentadas","status":"publish","type":"post","link":"https:\/\/edumas.gov.co\/inicio\/2021\/07\/26\/en-villa-estadio-futuro-ecoparque-lago-de-soledad-contara-con-mil-200-metros-de-calles-pavimentadas\/","title":{"rendered":"En Villa Estadio: futuro Ecoparque Lago de Soledad contar\u00e1 con mil 200 metros de calles pavimentadas"},"content":{"rendered":"\n<p class=\"wp-block-paragraph\">En las instalaciones del Edumas se llev\u00f3 a cabo la reuni\u00f3n de socializaci\u00f3n de lo que ser\u00e1 la pavimentaci\u00f3n de las v\u00edas adyacente al proyecto urban\u00edstico Ecoparque Lago de Soledad; un proyecto que se encuentra en el proceso de gesti\u00f3n de recursos privados y p\u00fablicos.<\/p>\n\n\n\n<p class=\"wp-block-paragraph\">La reuni\u00f3n cont\u00f3 con las empresas patrocinadoras del proyecto Inacar, Arquitectura y Concreto, HG Constructora, Casa Inglesa y Triple A; encabezados por la Secretar\u00eda de Obras P\u00fablicas y el Edumas. Asimismo, se cont\u00f3 con la presencia de la administradora del mega colegio y de los presidentes de las juntas de acci\u00f3n comunal de los barrios involucrados, Villa Estadio y Nuevo Horizonte.<\/p>\n\n\n\n<div class=\"wp-block-media-text is-stacked-on-mobile\"><figure class=\"wp-block-media-text__media\"><img fetchpriority=\"high\" decoding=\"async\" width=\"1024\" height=\"768\" src=\"https:\/\/test.edumas.gov.co\/wp-content\/uploads\/2023\/10\/WhatsApp-Image-2021-07-26-at-5.06.18-PM-1-1024x768.jpeg\" alt=\"\" class=\"wp-image-1184 size-full\" srcset=\"https:\/\/edumas.gov.co\/wp-content\/uploads\/2023\/10\/WhatsApp-Image-2021-07-26-at-5.06.18-PM-1-1024x768.jpeg 1024w, https:\/\/edumas.gov.co\/wp-content\/uploads\/2023\/10\/WhatsApp-Image-2021-07-26-at-5.06.18-PM-1-300x225.jpeg 300w, https:\/\/edumas.gov.co\/wp-content\/uploads\/2023\/10\/WhatsApp-Image-2021-07-26-at-5.06.18-PM-1-768x576.jpeg 768w, https:\/\/edumas.gov.co\/wp-content\/uploads\/2023\/10\/WhatsApp-Image-2021-07-26-at-5.06.18-PM-1.jpeg 1280w\" sizes=\"(max-width: 1024px) 100vw, 1024px\" \/><\/figure><div class=\"wp-block-media-text__content\">\n<p class=\"wp-block-paragraph\">Los planos de infraestructura de v\u00edas, arrojaron la cifra de 800 metros de pavimentaci\u00f3n de la calle 69, entre las carreras 13 y 14, los cuales ser\u00e1n asumidos por las empresas privadas participantes y 400 metros de la carrera 14, desde la calle 65 a la 69, que ser\u00e1n intervenidas por la administraci\u00f3n municipal del alcalde Rodolfo Ucr\u00f3s.<\/p>\n<\/div><\/div>\n\n\n\n<p class=\"wp-block-paragraph\">Recordamos que este importante proyecto de 14 mil metros cuadrados contar\u00e1 con la adecuaci\u00f3n de canchas m\u00faltiples, juegos infantiles, una pista de Skate, cicloruta, y una gama de locales que, seg\u00fan la estrategia de desarrollo sostenible del proyecto, ser\u00e1n dado en concepci\u00f3n a empresas y marcas reconocidas que garanticen los recursos necesarios para la manutenci\u00f3n del mismo.<\/p>\n\n\n\n<figure class=\"wp-block-gallery has-nested-images columns-default is-cropped wp-block-gallery-1 is-layout-flex wp-block-gallery-is-layout-flex\">\n<figure class=\"wp-block-image size-large\"><img decoding=\"async\" width=\"1024\" height=\"642\" data-id=\"1185\" src=\"https:\/\/test.edumas.gov.co\/wp-content\/uploads\/2023\/10\/WhatsApp-Image-2021-07-26-at-5.06.18-PM-1024x642.jpeg\" alt=\"\" class=\"wp-image-1185\" srcset=\"https:\/\/edumas.gov.co\/wp-content\/uploads\/2023\/10\/WhatsApp-Image-2021-07-26-at-5.06.18-PM-1024x642.jpeg 1024w, https:\/\/edumas.gov.co\/wp-content\/uploads\/2023\/10\/WhatsApp-Image-2021-07-26-at-5.06.18-PM-300x188.jpeg 300w, https:\/\/edumas.gov.co\/wp-content\/uploads\/2023\/10\/WhatsApp-Image-2021-07-26-at-5.06.18-PM-768x481.jpeg 768w, https:\/\/edumas.gov.co\/wp-content\/uploads\/2023\/10\/WhatsApp-Image-2021-07-26-at-5.06.18-PM.jpeg 1280w\" sizes=\"(max-width: 1024px) 100vw, 1024px\" \/><\/figure>\n\n\n\n<figure class=\"wp-block-image size-large\"><img decoding=\"async\" width=\"1024\" height=\"576\" data-id=\"1186\" src=\"https:\/\/test.edumas.gov.co\/wp-content\/uploads\/2023\/10\/WhatsApp-Image-2021-07-26-at-5.06.19-PM-1-1024x576.jpeg\" alt=\"\" class=\"wp-image-1186\" srcset=\"https:\/\/edumas.gov.co\/wp-content\/uploads\/2023\/10\/WhatsApp-Image-2021-07-26-at-5.06.19-PM-1-1024x576.jpeg 1024w, https:\/\/edumas.gov.co\/wp-content\/uploads\/2023\/10\/WhatsApp-Image-2021-07-26-at-5.06.19-PM-1-300x169.jpeg 300w, https:\/\/edumas.gov.co\/wp-content\/uploads\/2023\/10\/WhatsApp-Image-2021-07-26-at-5.06.19-PM-1-768x432.jpeg 768w, https:\/\/edumas.gov.co\/wp-content\/uploads\/2023\/10\/WhatsApp-Image-2021-07-26-at-5.06.19-PM-1.jpeg 1280w\" sizes=\"(max-width: 1024px) 100vw, 1024px\" \/><\/figure>\n<\/figure>\n\n\n\n<p class=\"wp-block-paragraph\">\u201cEl EcoParque es un sue\u00f1o que queremos consolidar para Soledad; un espacio en donde la comunidad tenga la oportunidad de estar en contacto con la naturaleza y al mismo tiempo, disfrutar de espacios para el deporte. El cuerpo de agua que se encuentra all\u00ed, es el escenario perfecto para el desarrollo de un proyecto de esta magnitud\u201d afirm\u00f3 Carlos Consuegra Primo, gerente del Edumas.<\/p>\n\n\n\n<p class=\"wp-block-paragraph\">El establecimiento continuar\u00e1 aunando los esfuerzos de la administraci\u00f3n del alcalde Rodolfo Ucr\u00f3s con la empresa privada para consolidar este proyecto para el disfrute de los solede\u00f1os.<\/p>\n","protected":false},"excerpt":{"rendered":"<p>En las instalaciones del Edumas se llev\u00f3 a cabo la reuni\u00f3n de socializaci\u00f3n de lo que ser\u00e1 la pavimentaci\u00f3n de las v\u00edas adyacente al proyecto urban\u00edstico Ecoparque Lago de Soledad; un proyecto que se encuentra en el proceso de gesti\u00f3n de recursos privados y p\u00fablicos. La reuni\u00f3n cont\u00f3 con las empresas patrocinadoras del proyecto Inacar, [&hellip;]<\/p>\n","protected":false},"author":1,"featured_media":1183,"comment_status":"open","ping_status":"open","sticky":false,"template":"","format":"standard","meta":{"footnotes":""},"categories":[26],"tags":[],"class_list":["post-1182","post","type-post","status-publish","format-standard","has-post-thumbnail","hentry","category-noticias"],"yoast_head":"<!-- This site is optimized with the Yoast SEO plugin v27.4 - https:\/\/yoast.com\/product\/yoast-seo-wordpress\/ -->\n<title>En Villa Estadio: futuro Ecoparque Lago de Soledad contar\u00e1 con mil 200 metros de calles pavimentadas - Edumas<\/title>\n<meta name=\"robots\" content=\"index, follow, max-snippet:-1, max-image-preview:large, max-video-preview:-1\" \/>\n<link rel=\"canonical\" href=\"https:\/\/edumas.gov.co\/inicio\/2021\/07\/26\/en-villa-estadio-futuro-ecoparque-lago-de-soledad-contara-con-mil-200-metros-de-calles-pavimentadas\/\" \/>\n<meta property=\"og:locale\" content=\"es_ES\" \/>\n<meta property=\"og:type\" content=\"article\" \/>\n<meta property=\"og:title\" content=\"En Villa Estadio: futuro Ecoparque Lago de Soledad contar\u00e1 con mil 200 metros de calles pavimentadas - Edumas\" \/>\n<meta property=\"og:description\" content=\"En las instalaciones del Edumas se llev\u00f3 a cabo la reuni\u00f3n de socializaci\u00f3n de lo que ser\u00e1 la pavimentaci\u00f3n de las v\u00edas adyacente al proyecto urban\u00edstico Ecoparque Lago de Soledad; un proyecto que se encuentra en el proceso de gesti\u00f3n de recursos privados y p\u00fablicos. La reuni\u00f3n cont\u00f3 con las empresas patrocinadoras del proyecto Inacar, [&hellip;]\" \/>\n<meta property=\"og:url\" content=\"https:\/\/edumas.gov.co\/inicio\/2021\/07\/26\/en-villa-estadio-futuro-ecoparque-lago-de-soledad-contara-con-mil-200-metros-de-calles-pavimentadas\/\" \/>\n<meta property=\"og:site_name\" content=\"Edumas\" \/>\n<meta property=\"article:published_time\" content=\"2021-07-26T18:47:00+00:00\" \/>\n<meta property=\"article:modified_time\" content=\"2023-10-24T18:50:46+00:00\" \/>\n<meta property=\"og:image\" content=\"https:\/\/edumas.gov.co\/wp-content\/uploads\/2023\/10\/En-Villa-Estadio-futuro-Ecoparque-Lago-de-Soledad-contara-con-mil-200-metros-de-calles-pavimentadas.jpeg\" \/>\n\t<meta property=\"og:image:width\" content=\"1280\" \/>\n\t<meta property=\"og:image:height\" content=\"720\" \/>\n\t<meta property=\"og:image:type\" content=\"image\/jpeg\" \/>\n<meta name=\"author\" content=\"edumas\" \/>\n<meta name=\"twitter:card\" content=\"summary_large_image\" \/>\n<meta name=\"twitter:label1\" content=\"Escrito por\" \/>\n\t<meta name=\"twitter:data1\" content=\"edumas\" \/>\n\t<meta name=\"twitter:label2\" content=\"Tiempo de lectura\" \/>\n\t<meta name=\"twitter:data2\" content=\"2 minutos\" \/>\n<script type=\"application\/ld+json\" class=\"yoast-schema-graph\">{\"@context\":\"https:\\\/\\\/schema.org\",\"@graph\":[{\"@type\":\"Article\",\"@id\":\"https:\\\/\\\/edumas.gov.co\\\/inicio\\\/2021\\\/07\\\/26\\\/en-villa-estadio-futuro-ecoparque-lago-de-soledad-contara-con-mil-200-metros-de-calles-pavimentadas\\\/#article\",\"isPartOf\":{\"@id\":\"https:\\\/\\\/edumas.gov.co\\\/inicio\\\/2021\\\/07\\\/26\\\/en-villa-estadio-futuro-ecoparque-lago-de-soledad-contara-con-mil-200-metros-de-calles-pavimentadas\\\/\"},\"author\":{\"name\":\"edumas\",\"@id\":\"https:\\\/\\\/edumas.gov.co\\\/inicio\\\/#\\\/schema\\\/person\\\/e2e82a662fd06864325b88811079b05a\"},\"headline\":\"En Villa Estadio: futuro Ecoparque Lago de Soledad contar\u00e1 con mil 200 metros de calles pavimentadas\",\"datePublished\":\"2021-07-26T18:47:00+00:00\",\"dateModified\":\"2023-10-24T18:50:46+00:00\",\"mainEntityOfPage\":{\"@id\":\"https:\\\/\\\/edumas.gov.co\\\/inicio\\\/2021\\\/07\\\/26\\\/en-villa-estadio-futuro-ecoparque-lago-de-soledad-contara-con-mil-200-metros-de-calles-pavimentadas\\\/\"},\"wordCount\":345,\"commentCount\":0,\"publisher\":{\"@id\":\"https:\\\/\\\/edumas.gov.co\\\/inicio\\\/#organization\"},\"image\":{\"@id\":\"https:\\\/\\\/edumas.gov.co\\\/inicio\\\/2021\\\/07\\\/26\\\/en-villa-estadio-futuro-ecoparque-lago-de-soledad-contara-con-mil-200-metros-de-calles-pavimentadas\\\/#primaryimage\"},\"thumbnailUrl\":\"https:\\\/\\\/edumas.gov.co\\\/wp-content\\\/uploads\\\/2023\\\/10\\\/En-Villa-Estadio-futuro-Ecoparque-Lago-de-Soledad-contara-con-mil-200-metros-de-calles-pavimentadas.jpeg\",\"articleSection\":[\"noticias\"],\"inLanguage\":\"es\",\"potentialAction\":[{\"@type\":\"CommentAction\",\"name\":\"Comment\",\"target\":[\"https:\\\/\\\/edumas.gov.co\\\/inicio\\\/2021\\\/07\\\/26\\\/en-villa-estadio-futuro-ecoparque-lago-de-soledad-contara-con-mil-200-metros-de-calles-pavimentadas\\\/#respond\"]}]},{\"@type\":\"WebPage\",\"@id\":\"https:\\\/\\\/edumas.gov.co\\\/inicio\\\/2021\\\/07\\\/26\\\/en-villa-estadio-futuro-ecoparque-lago-de-soledad-contara-con-mil-200-metros-de-calles-pavimentadas\\\/\",\"url\":\"https:\\\/\\\/edumas.gov.co\\\/inicio\\\/2021\\\/07\\\/26\\\/en-villa-estadio-futuro-ecoparque-lago-de-soledad-contara-con-mil-200-metros-de-calles-pavimentadas\\\/\",\"name\":\"En Villa Estadio: futuro Ecoparque Lago de Soledad contar\u00e1 con mil 200 metros de calles pavimentadas - Edumas\",\"isPartOf\":{\"@id\":\"https:\\\/\\\/edumas.gov.co\\\/inicio\\\/#website\"},\"primaryImageOfPage\":{\"@id\":\"https:\\\/\\\/edumas.gov.co\\\/inicio\\\/2021\\\/07\\\/26\\\/en-villa-estadio-futuro-ecoparque-lago-de-soledad-contara-con-mil-200-metros-de-calles-pavimentadas\\\/#primaryimage\"},\"image\":{\"@id\":\"https:\\\/\\\/edumas.gov.co\\\/inicio\\\/2021\\\/07\\\/26\\\/en-villa-estadio-futuro-ecoparque-lago-de-soledad-contara-con-mil-200-metros-de-calles-pavimentadas\\\/#primaryimage\"},\"thumbnailUrl\":\"https:\\\/\\\/edumas.gov.co\\\/wp-content\\\/uploads\\\/2023\\\/10\\\/En-Villa-Estadio-futuro-Ecoparque-Lago-de-Soledad-contara-con-mil-200-metros-de-calles-pavimentadas.jpeg\",\"datePublished\":\"2021-07-26T18:47:00+00:00\",\"dateModified\":\"2023-10-24T18:50:46+00:00\",\"breadcrumb\":{\"@id\":\"https:\\\/\\\/edumas.gov.co\\\/inicio\\\/2021\\\/07\\\/26\\\/en-villa-estadio-futuro-ecoparque-lago-de-soledad-contara-con-mil-200-metros-de-calles-pavimentadas\\\/#breadcrumb\"},\"inLanguage\":\"es\",\"potentialAction\":[{\"@type\":\"ReadAction\",\"target\":[\"https:\\\/\\\/edumas.gov.co\\\/inicio\\\/2021\\\/07\\\/26\\\/en-villa-estadio-futuro-ecoparque-lago-de-soledad-contara-con-mil-200-metros-de-calles-pavimentadas\\\/\"]}]},{\"@type\":\"ImageObject\",\"inLanguage\":\"es\",\"@id\":\"https:\\\/\\\/edumas.gov.co\\\/inicio\\\/2021\\\/07\\\/26\\\/en-villa-estadio-futuro-ecoparque-lago-de-soledad-contara-con-mil-200-metros-de-calles-pavimentadas\\\/#primaryimage\",\"url\":\"https:\\\/\\\/edumas.gov.co\\\/wp-content\\\/uploads\\\/2023\\\/10\\\/En-Villa-Estadio-futuro-Ecoparque-Lago-de-Soledad-contara-con-mil-200-metros-de-calles-pavimentadas.jpeg\",\"contentUrl\":\"https:\\\/\\\/edumas.gov.co\\\/wp-content\\\/uploads\\\/2023\\\/10\\\/En-Villa-Estadio-futuro-Ecoparque-Lago-de-Soledad-contara-con-mil-200-metros-de-calles-pavimentadas.jpeg\",\"width\":1280,\"height\":720},{\"@type\":\"BreadcrumbList\",\"@id\":\"https:\\\/\\\/edumas.gov.co\\\/inicio\\\/2021\\\/07\\\/26\\\/en-villa-estadio-futuro-ecoparque-lago-de-soledad-contara-con-mil-200-metros-de-calles-pavimentadas\\\/#breadcrumb\",\"itemListElement\":[{\"@type\":\"ListItem\",\"position\":1,\"name\":\"Portada\",\"item\":\"https:\\\/\\\/edumas.gov.co\\\/inicio\\\/\"},{\"@type\":\"ListItem\",\"position\":2,\"name\":\"En Villa Estadio: futuro Ecoparque Lago de Soledad contar\u00e1 con mil 200 metros de calles pavimentadas\"}]},{\"@type\":\"WebSite\",\"@id\":\"https:\\\/\\\/edumas.gov.co\\\/inicio\\\/#website\",\"url\":\"https:\\\/\\\/edumas.gov.co\\\/inicio\\\/\",\"name\":\"Edumas\",\"description\":\"Edumas\",\"publisher\":{\"@id\":\"https:\\\/\\\/edumas.gov.co\\\/inicio\\\/#organization\"},\"potentialAction\":[{\"@type\":\"SearchAction\",\"target\":{\"@type\":\"EntryPoint\",\"urlTemplate\":\"https:\\\/\\\/edumas.gov.co\\\/inicio\\\/?s={search_term_string}\"},\"query-input\":{\"@type\":\"PropertyValueSpecification\",\"valueRequired\":true,\"valueName\":\"search_term_string\"}}],\"inLanguage\":\"es\"},{\"@type\":\"Organization\",\"@id\":\"https:\\\/\\\/edumas.gov.co\\\/inicio\\\/#organization\",\"name\":\"Edumas\",\"url\":\"https:\\\/\\\/edumas.gov.co\\\/inicio\\\/\",\"logo\":{\"@type\":\"ImageObject\",\"inLanguage\":\"es\",\"@id\":\"https:\\\/\\\/edumas.gov.co\\\/inicio\\\/#\\\/schema\\\/logo\\\/image\\\/\",\"url\":\"https:\\\/\\\/edumas.gov.co\\\/wp-content\\\/uploads\\\/2024\\\/10\\\/Perfil-Instagram-PhotoRoom.png-PhotoRoom.png\",\"contentUrl\":\"https:\\\/\\\/edumas.gov.co\\\/wp-content\\\/uploads\\\/2024\\\/10\\\/Perfil-Instagram-PhotoRoom.png-PhotoRoom.png\",\"width\":648,\"height\":233,\"caption\":\"Edumas\"},\"image\":{\"@id\":\"https:\\\/\\\/edumas.gov.co\\\/inicio\\\/#\\\/schema\\\/logo\\\/image\\\/\"}},{\"@type\":\"Person\",\"@id\":\"https:\\\/\\\/edumas.gov.co\\\/inicio\\\/#\\\/schema\\\/person\\\/e2e82a662fd06864325b88811079b05a\",\"name\":\"edumas\",\"image\":{\"@type\":\"ImageObject\",\"inLanguage\":\"es\",\"@id\":\"https:\\\/\\\/edumas.gov.co\\\/wp-content\\\/uploads\\\/2025\\\/03\\\/WhatsApp-Image-2025-03-06-at-12.44.58-PM-150x150.jpeg\",\"url\":\"https:\\\/\\\/edumas.gov.co\\\/wp-content\\\/uploads\\\/2025\\\/03\\\/WhatsApp-Image-2025-03-06-at-12.44.58-PM-150x150.jpeg\",\"contentUrl\":\"https:\\\/\\\/edumas.gov.co\\\/wp-content\\\/uploads\\\/2025\\\/03\\\/WhatsApp-Image-2025-03-06-at-12.44.58-PM-150x150.jpeg\",\"caption\":\"edumas\"},\"sameAs\":[\"https:\\\/\\\/test.edumas.gov.co\"],\"url\":\"https:\\\/\\\/edumas.gov.co\\\/inicio\\\/author\\\/edumas\\\/\"}]}<\/script>\n<!-- \/ Yoast SEO plugin. -->","yoast_head_json":{"title":"En Villa Estadio: futuro Ecoparque Lago de Soledad contar\u00e1 con mil 200 metros de calles pavimentadas - Edumas","robots":{"index":"index","follow":"follow","max-snippet":"max-snippet:-1","max-image-preview":"max-image-preview:large","max-video-preview":"max-video-preview:-1"},"canonical":"https:\/\/edumas.gov.co\/inicio\/2021\/07\/26\/en-villa-estadio-futuro-ecoparque-lago-de-soledad-contara-con-mil-200-metros-de-calles-pavimentadas\/","og_locale":"es_ES","og_type":"article","og_title":"En Villa Estadio: futuro Ecoparque Lago de Soledad contar\u00e1 con mil 200 metros de calles pavimentadas - Edumas","og_description":"En las instalaciones del Edumas se llev\u00f3 a cabo la reuni\u00f3n de socializaci\u00f3n de lo que ser\u00e1 la pavimentaci\u00f3n de las v\u00edas adyacente al proyecto urban\u00edstico Ecoparque Lago de Soledad; un proyecto que se encuentra en el proceso de gesti\u00f3n de recursos privados y p\u00fablicos. La reuni\u00f3n cont\u00f3 con las empresas patrocinadoras del proyecto Inacar, [&hellip;]","og_url":"https:\/\/edumas.gov.co\/inicio\/2021\/07\/26\/en-villa-estadio-futuro-ecoparque-lago-de-soledad-contara-con-mil-200-metros-de-calles-pavimentadas\/","og_site_name":"Edumas","article_published_time":"2021-07-26T18:47:00+00:00","article_modified_time":"2023-10-24T18:50:46+00:00","og_image":[{"width":1280,"height":720,"url":"https:\/\/edumas.gov.co\/wp-content\/uploads\/2023\/10\/En-Villa-Estadio-futuro-Ecoparque-Lago-de-Soledad-contara-con-mil-200-metros-de-calles-pavimentadas.jpeg","type":"image\/jpeg"}],"author":"edumas","twitter_card":"summary_large_image","twitter_misc":{"Escrito por":"edumas","Tiempo de lectura":"2 minutos"},"schema":{"@context":"https:\/\/schema.org","@graph":[{"@type":"Article","@id":"https:\/\/edumas.gov.co\/inicio\/2021\/07\/26\/en-villa-estadio-futuro-ecoparque-lago-de-soledad-contara-con-mil-200-metros-de-calles-pavimentadas\/#article","isPartOf":{"@id":"https:\/\/edumas.gov.co\/inicio\/2021\/07\/26\/en-villa-estadio-futuro-ecoparque-lago-de-soledad-contara-con-mil-200-metros-de-calles-pavimentadas\/"},"author":{"name":"edumas","@id":"https:\/\/edumas.gov.co\/inicio\/#\/schema\/person\/e2e82a662fd06864325b88811079b05a"},"headline":"En Villa Estadio: futuro Ecoparque Lago de Soledad contar\u00e1 con mil 200 metros de calles pavimentadas","datePublished":"2021-07-26T18:47:00+00:00","dateModified":"2023-10-24T18:50:46+00:00","mainEntityOfPage":{"@id":"https:\/\/edumas.gov.co\/inicio\/2021\/07\/26\/en-villa-estadio-futuro-ecoparque-lago-de-soledad-contara-con-mil-200-metros-de-calles-pavimentadas\/"},"wordCount":345,"commentCount":0,"publisher":{"@id":"https:\/\/edumas.gov.co\/inicio\/#organization"},"image":{"@id":"https:\/\/edumas.gov.co\/inicio\/2021\/07\/26\/en-villa-estadio-futuro-ecoparque-lago-de-soledad-contara-con-mil-200-metros-de-calles-pavimentadas\/#primaryimage"},"thumbnailUrl":"https:\/\/edumas.gov.co\/wp-content\/uploads\/2023\/10\/En-Villa-Estadio-futuro-Ecoparque-Lago-de-Soledad-contara-con-mil-200-metros-de-calles-pavimentadas.jpeg","articleSection":["noticias"],"inLanguage":"es","potentialAction":[{"@type":"CommentAction","name":"Comment","target":["https:\/\/edumas.gov.co\/inicio\/2021\/07\/26\/en-villa-estadio-futuro-ecoparque-lago-de-soledad-contara-con-mil-200-metros-de-calles-pavimentadas\/#respond"]}]},{"@type":"WebPage","@id":"https:\/\/edumas.gov.co\/inicio\/2021\/07\/26\/en-villa-estadio-futuro-ecoparque-lago-de-soledad-contara-con-mil-200-metros-de-calles-pavimentadas\/","url":"https:\/\/edumas.gov.co\/inicio\/2021\/07\/26\/en-villa-estadio-futuro-ecoparque-lago-de-soledad-contara-con-mil-200-metros-de-calles-pavimentadas\/","name":"En Villa Estadio: futuro Ecoparque Lago de Soledad contar\u00e1 con mil 200 metros de calles pavimentadas - Edumas","isPartOf":{"@id":"https:\/\/edumas.gov.co\/inicio\/#website"},"primaryImageOfPage":{"@id":"https:\/\/edumas.gov.co\/inicio\/2021\/07\/26\/en-villa-estadio-futuro-ecoparque-lago-de-soledad-contara-con-mil-200-metros-de-calles-pavimentadas\/#primaryimage"},"image":{"@id":"https:\/\/edumas.gov.co\/inicio\/2021\/07\/26\/en-villa-estadio-futuro-ecoparque-lago-de-soledad-contara-con-mil-200-metros-de-calles-pavimentadas\/#primaryimage"},"thumbnailUrl":"https:\/\/edumas.gov.co\/wp-content\/uploads\/2023\/10\/En-Villa-Estadio-futuro-Ecoparque-Lago-de-Soledad-contara-con-mil-200-metros-de-calles-pavimentadas.jpeg","datePublished":"2021-07-26T18:47:00+00:00","dateModified":"2023-10-24T18:50:46+00:00","breadcrumb":{"@id":"https:\/\/edumas.gov.co\/inicio\/2021\/07\/26\/en-villa-estadio-futuro-ecoparque-lago-de-soledad-contara-con-mil-200-metros-de-calles-pavimentadas\/#breadcrumb"},"inLanguage":"es","potentialAction":[{"@type":"ReadAction","target":["https:\/\/edumas.gov.co\/inicio\/2021\/07\/26\/en-villa-estadio-futuro-ecoparque-lago-de-soledad-contara-con-mil-200-metros-de-calles-pavimentadas\/"]}]},{"@type":"ImageObject","inLanguage":"es","@id":"https:\/\/edumas.gov.co\/inicio\/2021\/07\/26\/en-villa-estadio-futuro-ecoparque-lago-de-soledad-contara-con-mil-200-metros-de-calles-pavimentadas\/#primaryimage","url":"https:\/\/edumas.gov.co\/wp-content\/uploads\/2023\/10\/En-Villa-Estadio-futuro-Ecoparque-Lago-de-Soledad-contara-con-mil-200-metros-de-calles-pavimentadas.jpeg","contentUrl":"https:\/\/edumas.gov.co\/wp-content\/uploads\/2023\/10\/En-Villa-Estadio-futuro-Ecoparque-Lago-de-Soledad-contara-con-mil-200-metros-de-calles-pavimentadas.jpeg","width":1280,"height":720},{"@type":"BreadcrumbList","@id":"https:\/\/edumas.gov.co\/inicio\/2021\/07\/26\/en-villa-estadio-futuro-ecoparque-lago-de-soledad-contara-con-mil-200-metros-de-calles-pavimentadas\/#breadcrumb","itemListElement":[{"@type":"ListItem","position":1,"name":"Portada","item":"https:\/\/edumas.gov.co\/inicio\/"},{"@type":"ListItem","position":2,"name":"En Villa Estadio: futuro Ecoparque Lago de Soledad contar\u00e1 con mil 200 metros de calles pavimentadas"}]},{"@type":"WebSite","@id":"https:\/\/edumas.gov.co\/inicio\/#website","url":"https:\/\/edumas.gov.co\/inicio\/","name":"Edumas","description":"Edumas","publisher":{"@id":"https:\/\/edumas.gov.co\/inicio\/#organization"},"potentialAction":[{"@type":"SearchAction","target":{"@type":"EntryPoint","urlTemplate":"https:\/\/edumas.gov.co\/inicio\/?s={search_term_string}"},"query-input":{"@type":"PropertyValueSpecification","valueRequired":true,"valueName":"search_term_string"}}],"inLanguage":"es"},{"@type":"Organization","@id":"https:\/\/edumas.gov.co\/inicio\/#organization","name":"Edumas","url":"https:\/\/edumas.gov.co\/inicio\/","logo":{"@type":"ImageObject","inLanguage":"es","@id":"https:\/\/edumas.gov.co\/inicio\/#\/schema\/logo\/image\/","url":"https:\/\/edumas.gov.co\/wp-content\/uploads\/2024\/10\/Perfil-Instagram-PhotoRoom.png-PhotoRoom.png","contentUrl":"https:\/\/edumas.gov.co\/wp-content\/uploads\/2024\/10\/Perfil-Instagram-PhotoRoom.png-PhotoRoom.png","width":648,"height":233,"caption":"Edumas"},"image":{"@id":"https:\/\/edumas.gov.co\/inicio\/#\/schema\/logo\/image\/"}},{"@type":"Person","@id":"https:\/\/edumas.gov.co\/inicio\/#\/schema\/person\/e2e82a662fd06864325b88811079b05a","name":"edumas","image":{"@type":"ImageObject","inLanguage":"es","@id":"https:\/\/edumas.gov.co\/wp-content\/uploads\/2025\/03\/WhatsApp-Image-2025-03-06-at-12.44.58-PM-150x150.jpeg","url":"https:\/\/edumas.gov.co\/wp-content\/uploads\/2025\/03\/WhatsApp-Image-2025-03-06-at-12.44.58-PM-150x150.jpeg","contentUrl":"https:\/\/edumas.gov.co\/wp-content\/uploads\/2025\/03\/WhatsApp-Image-2025-03-06-at-12.44.58-PM-150x150.jpeg","caption":"edumas"},"sameAs":["https:\/\/test.edumas.gov.co"],"url":"https:\/\/edumas.gov.co\/inicio\/author\/edumas\/"}]}},"_links":{"self":[{"href":"https:\/\/edumas.gov.co\/inicio\/wp-json\/wp\/v2\/posts\/1182","targetHints":{"allow":["GET"]}}],"collection":[{"href":"https:\/\/edumas.gov.co\/inicio\/wp-json\/wp\/v2\/posts"}],"about":[{"href":"https:\/\/edumas.gov.co\/inicio\/wp-json\/wp\/v2\/types\/post"}],"author":[{"embeddable":true,"href":"https:\/\/edumas.gov.co\/inicio\/wp-json\/wp\/v2\/users\/1"}],"replies":[{"embeddable":true,"href":"https:\/\/edumas.gov.co\/inicio\/wp-json\/wp\/v2\/comments?post=1182"}],"version-history":[{"count":1,"href":"https:\/\/edumas.gov.co\/inicio\/wp-json\/wp\/v2\/posts\/1182\/revisions"}],"predecessor-version":[{"id":1187,"href":"https:\/\/edumas.gov.co\/inicio\/wp-json\/wp\/v2\/posts\/1182\/revisions\/1187"}],"wp:featuredmedia":[{"embeddable":true,"href":"https:\/\/edumas.gov.co\/inicio\/wp-json\/wp\/v2\/media\/1183"}],"wp:attachment":[{"href":"https:\/\/edumas.gov.co\/inicio\/wp-json\/wp\/v2\/media?parent=1182"}],"wp:term":[{"taxonomy":"category","embeddable":true,"href":"https:\/\/edumas.gov.co\/inicio\/wp-json\/wp\/v2\/categories?post=1182"},{"taxonomy":"post_tag","embeddable":true,"href":"https:\/\/edumas.gov.co\/inicio\/wp-json\/wp\/v2\/tags?post=1182"}],"curies":[{"name":"wp","href":"https:\/\/api.w.org\/{rel}","templated":true}]}}