{"id":1188,"date":"2021-08-12T18:50:00","date_gmt":"2021-08-12T18:50:00","guid":{"rendered":"https:\/\/test.edumas.gov.co\/?p=1188"},"modified":"2023-10-24T18:58:01","modified_gmt":"2023-10-24T18:58:01","slug":"la-ecotienda-edumas-visito-el-barrio-villa-muvdi-masiva-asistencia-de-personal-acudio-a-la-cita","status":"publish","type":"post","link":"https:\/\/edumas.gov.co\/inicio\/2021\/08\/12\/la-ecotienda-edumas-visito-el-barrio-villa-muvdi-masiva-asistencia-de-personal-acudio-a-la-cita\/","title":{"rendered":"La Ecotienda Edumas visit\u00f3 el barrio Villa Muvdi; masiva asistencia de personal acudi\u00f3 a la cita"},"content":{"rendered":"\n<p class=\"wp-block-paragraph\">Con gran \u00e9xito se reactiv\u00f3 el s\u00e1bado pasado la campa\u00f1a social Ecotiendas Edumas, la cual cont\u00f3 con una gran asistencia por parte de los habitantes del barrio Villa Muvdi del municipio de Soledad.<\/p>\n\n\n\n<p class=\"wp-block-paragraph\">Hasta el lugar llegaron j\u00f3venes, ni\u00f1os y adultos mayores quienes, con su material aprovechable en mano, hicieron fila para intercambiarlo por alimentos.<\/p>\n\n\n\n<p class=\"wp-block-paragraph\">Eso es la Ecotienda Edumas. Una iniciativa ambiental apoyada por el alcalde de Soledad, Rodolfo Ucr\u00f3s, que est\u00e1 encaminada a incentivar en las personas, en especial los ni\u00f1os, el h\u00e1bito y la importancia del reciclaje mediante el intercambio de alimentos de la canasta familiar. Con relaci\u00f3n a la crisis mundial que atraviesa el planeta por causa del calentamiento global, el Edumas como ente ambiental hace su labor de contrarrestar los efectos y estimular las buenas costumbres.<\/p>\n\n\n\n<div class=\"wp-block-media-text is-stacked-on-mobile\"><figure class=\"wp-block-media-text__media\"><img fetchpriority=\"high\" decoding=\"async\" width=\"1024\" height=\"768\" src=\"https:\/\/test.edumas.gov.co\/wp-content\/uploads\/2023\/10\/Entrega-de-material-1024x768.jpeg\" alt=\"\" class=\"wp-image-1190 size-full\" srcset=\"https:\/\/edumas.gov.co\/wp-content\/uploads\/2023\/10\/Entrega-de-material-1024x768.jpeg 1024w, https:\/\/edumas.gov.co\/wp-content\/uploads\/2023\/10\/Entrega-de-material-300x225.jpeg 300w, https:\/\/edumas.gov.co\/wp-content\/uploads\/2023\/10\/Entrega-de-material-768x576.jpeg 768w, https:\/\/edumas.gov.co\/wp-content\/uploads\/2023\/10\/Entrega-de-material.jpeg 1280w\" sizes=\"(max-width: 1024px) 100vw, 1024px\" \/><\/figure><div class=\"wp-block-media-text__content\">\n<p class=\"wp-block-paragraph\">Por su parte Carlos Consuegra Primo, gerente del Edumas, agradeci\u00f3 el apoyo por parte de la Constructora Villa Linda y del dep\u00f3sito Granos y Cereales quienes donaron los alimentos. Asimismo, se sinti\u00f3 complacido de atender a las m\u00e1s de 60 personas que acudieron a la cita en las inmediaciones de la cancha \u201cLos Manguitos\u201d del mencionado barrio.<\/p>\n<\/div><\/div>\n\n\n\n<p class=\"wp-block-paragraph\">\u201cReactivamos esta bonita campa\u00f1a con una gran asistencia, lo que nos impulsa a seguir trabajando para que Soledad sea cada d\u00eda un municipio libre de residuos s\u00f3lidos y basuras. Esto es muy productivo ya que crea conciencia y reduce el impacto negativo que da\u00f1a la imagen de los solede\u00f1os. Seguiremos con esta campa\u00f1a, que, a mi parecer, deja sembrado en el coraz\u00f3n de las personas la semillita del cuidado por nuestra Soledad\u201d.<\/p>\n\n\n\n<div class=\"wp-block-media-text is-stacked-on-mobile\"><figure class=\"wp-block-media-text__media\"><img decoding=\"async\" width=\"1024\" height=\"768\" src=\"https:\/\/test.edumas.gov.co\/wp-content\/uploads\/2023\/10\/Intercambio-de-viveres-1024x768.jpeg\" alt=\"\" class=\"wp-image-1191 size-full\" srcset=\"https:\/\/edumas.gov.co\/wp-content\/uploads\/2023\/10\/Intercambio-de-viveres-1024x768.jpeg 1024w, https:\/\/edumas.gov.co\/wp-content\/uploads\/2023\/10\/Intercambio-de-viveres-300x225.jpeg 300w, https:\/\/edumas.gov.co\/wp-content\/uploads\/2023\/10\/Intercambio-de-viveres-768x576.jpeg 768w, https:\/\/edumas.gov.co\/wp-content\/uploads\/2023\/10\/Intercambio-de-viveres.jpeg 1280w\" sizes=\"(max-width: 1024px) 100vw, 1024px\" \/><\/figure><div class=\"wp-block-media-text__content\">\n<p class=\"wp-block-paragraph\">Fueron aproximadamente 450 kilos menos de material aprovechable, separados en la fuente, los que no tuvieron como destino final las calles o arroyos del municipio, sino que fueron entregados a nuestro aliado Asouniversal, empresa de reciclaje legalmente constituida para el procesamiento de este material.<\/p>\n<\/div><\/div>\n\n\n\n<p class=\"wp-block-paragraph\">\u201cMe complaci\u00f3 el ser atendida por el Edumas, ya que como l\u00edder de mi barrio inculco a mis vecinos los buenos h\u00e1bitos y esta campa\u00f1a es muy bonita por ellos, hice lo posible para traerla al sector\u201d, indic\u00f3 Lilian Morales, l\u00edder del sector.<\/p>\n\n\n\n<p class=\"wp-block-paragraph\">El Edumas seguir\u00e1 llegando a todos los rincones del municipio con su tienda llena de muchas alegr\u00edas para quienes quieran ser parte del cambio y aportar a que nuestro municipio sea sostenible y libre de basuras.<\/p>\n\n\n\n<figure class=\"wp-block-video\"><video height=\"720\" style=\"aspect-ratio: 1280 \/ 720;\" width=\"1280\" controls src=\"https:\/\/test.edumas.gov.co\/wp-content\/uploads\/2023\/10\/Video-EcoTienda.mp4\"><\/video><\/figure>\n","protected":false},"excerpt":{"rendered":"<p>Con gran \u00e9xito se reactiv\u00f3 el s\u00e1bado pasado la campa\u00f1a social Ecotiendas Edumas, la cual cont\u00f3 con una gran asistencia por parte de los habitantes del barrio Villa Muvdi del municipio de Soledad. Hasta el lugar llegaron j\u00f3venes, ni\u00f1os y adultos mayores quienes, con su material aprovechable en mano, hicieron fila para intercambiarlo por alimentos. [&hellip;]<\/p>\n","protected":false},"author":1,"featured_media":1189,"comment_status":"open","ping_status":"open","sticky":false,"template":"","format":"standard","meta":{"footnotes":""},"categories":[26],"tags":[],"class_list":["post-1188","post","type-post","status-publish","format-standard","has-post-thumbnail","hentry","category-noticias"],"yoast_head":"<!-- This site is optimized with the Yoast SEO plugin v27.4 - https:\/\/yoast.com\/product\/yoast-seo-wordpress\/ -->\n<title>La Ecotienda Edumas visit\u00f3 el barrio Villa Muvdi; masiva asistencia de personal acudi\u00f3 a la cita - Edumas<\/title>\n<meta name=\"robots\" content=\"index, follow, max-snippet:-1, max-image-preview:large, max-video-preview:-1\" \/>\n<link rel=\"canonical\" href=\"https:\/\/edumas.gov.co\/inicio\/2021\/08\/12\/la-ecotienda-edumas-visito-el-barrio-villa-muvdi-masiva-asistencia-de-personal-acudio-a-la-cita\/\" \/>\n<meta property=\"og:locale\" content=\"es_ES\" \/>\n<meta property=\"og:type\" content=\"article\" \/>\n<meta property=\"og:title\" content=\"La Ecotienda Edumas visit\u00f3 el barrio Villa Muvdi; masiva asistencia de personal acudi\u00f3 a la cita - Edumas\" \/>\n<meta property=\"og:description\" content=\"Con gran \u00e9xito se reactiv\u00f3 el s\u00e1bado pasado la campa\u00f1a social Ecotiendas Edumas, la cual cont\u00f3 con una gran asistencia por parte de los habitantes del barrio Villa Muvdi del municipio de Soledad. Hasta el lugar llegaron j\u00f3venes, ni\u00f1os y adultos mayores quienes, con su material aprovechable en mano, hicieron fila para intercambiarlo por alimentos. [&hellip;]\" \/>\n<meta property=\"og:url\" content=\"https:\/\/edumas.gov.co\/inicio\/2021\/08\/12\/la-ecotienda-edumas-visito-el-barrio-villa-muvdi-masiva-asistencia-de-personal-acudio-a-la-cita\/\" \/>\n<meta property=\"og:site_name\" content=\"Edumas\" \/>\n<meta property=\"article:published_time\" content=\"2021-08-12T18:50:00+00:00\" \/>\n<meta property=\"article:modified_time\" content=\"2023-10-24T18:58:01+00:00\" \/>\n<meta property=\"og:image\" content=\"https:\/\/edumas.gov.co\/wp-content\/uploads\/2023\/10\/La-Ecotienda-Edumas-visito-el-barrio-Villa-Muvdi-masiva-asistencia-de-personal-acudio-a-la-cita.jpeg\" \/>\n\t<meta property=\"og:image:width\" content=\"1280\" \/>\n\t<meta property=\"og:image:height\" content=\"960\" \/>\n\t<meta property=\"og:image:type\" content=\"image\/jpeg\" \/>\n<meta name=\"author\" content=\"edumas\" \/>\n<meta name=\"twitter:card\" content=\"summary_large_image\" \/>\n<meta name=\"twitter:label1\" content=\"Escrito por\" \/>\n\t<meta name=\"twitter:data1\" content=\"edumas\" \/>\n\t<meta name=\"twitter:label2\" content=\"Tiempo de lectura\" \/>\n\t<meta name=\"twitter:data2\" content=\"2 minutos\" \/>\n<script type=\"application\/ld+json\" class=\"yoast-schema-graph\">{\"@context\":\"https:\\\/\\\/schema.org\",\"@graph\":[{\"@type\":\"Article\",\"@id\":\"https:\\\/\\\/edumas.gov.co\\\/inicio\\\/2021\\\/08\\\/12\\\/la-ecotienda-edumas-visito-el-barrio-villa-muvdi-masiva-asistencia-de-personal-acudio-a-la-cita\\\/#article\",\"isPartOf\":{\"@id\":\"https:\\\/\\\/edumas.gov.co\\\/inicio\\\/2021\\\/08\\\/12\\\/la-ecotienda-edumas-visito-el-barrio-villa-muvdi-masiva-asistencia-de-personal-acudio-a-la-cita\\\/\"},\"author\":{\"name\":\"edumas\",\"@id\":\"https:\\\/\\\/edumas.gov.co\\\/inicio\\\/#\\\/schema\\\/person\\\/e2e82a662fd06864325b88811079b05a\"},\"headline\":\"La Ecotienda Edumas visit\u00f3 el barrio Villa Muvdi; masiva asistencia de personal acudi\u00f3 a la cita\",\"datePublished\":\"2021-08-12T18:50:00+00:00\",\"dateModified\":\"2023-10-24T18:58:01+00:00\",\"mainEntityOfPage\":{\"@id\":\"https:\\\/\\\/edumas.gov.co\\\/inicio\\\/2021\\\/08\\\/12\\\/la-ecotienda-edumas-visito-el-barrio-villa-muvdi-masiva-asistencia-de-personal-acudio-a-la-cita\\\/\"},\"wordCount\":419,\"commentCount\":0,\"publisher\":{\"@id\":\"https:\\\/\\\/edumas.gov.co\\\/inicio\\\/#organization\"},\"image\":{\"@id\":\"https:\\\/\\\/edumas.gov.co\\\/inicio\\\/2021\\\/08\\\/12\\\/la-ecotienda-edumas-visito-el-barrio-villa-muvdi-masiva-asistencia-de-personal-acudio-a-la-cita\\\/#primaryimage\"},\"thumbnailUrl\":\"https:\\\/\\\/edumas.gov.co\\\/wp-content\\\/uploads\\\/2023\\\/10\\\/La-Ecotienda-Edumas-visito-el-barrio-Villa-Muvdi-masiva-asistencia-de-personal-acudio-a-la-cita.jpeg\",\"articleSection\":[\"noticias\"],\"inLanguage\":\"es\",\"potentialAction\":[{\"@type\":\"CommentAction\",\"name\":\"Comment\",\"target\":[\"https:\\\/\\\/edumas.gov.co\\\/inicio\\\/2021\\\/08\\\/12\\\/la-ecotienda-edumas-visito-el-barrio-villa-muvdi-masiva-asistencia-de-personal-acudio-a-la-cita\\\/#respond\"]}]},{\"@type\":\"WebPage\",\"@id\":\"https:\\\/\\\/edumas.gov.co\\\/inicio\\\/2021\\\/08\\\/12\\\/la-ecotienda-edumas-visito-el-barrio-villa-muvdi-masiva-asistencia-de-personal-acudio-a-la-cita\\\/\",\"url\":\"https:\\\/\\\/edumas.gov.co\\\/inicio\\\/2021\\\/08\\\/12\\\/la-ecotienda-edumas-visito-el-barrio-villa-muvdi-masiva-asistencia-de-personal-acudio-a-la-cita\\\/\",\"name\":\"La Ecotienda Edumas visit\u00f3 el barrio Villa Muvdi; masiva asistencia de personal acudi\u00f3 a la cita - Edumas\",\"isPartOf\":{\"@id\":\"https:\\\/\\\/edumas.gov.co\\\/inicio\\\/#website\"},\"primaryImageOfPage\":{\"@id\":\"https:\\\/\\\/edumas.gov.co\\\/inicio\\\/2021\\\/08\\\/12\\\/la-ecotienda-edumas-visito-el-barrio-villa-muvdi-masiva-asistencia-de-personal-acudio-a-la-cita\\\/#primaryimage\"},\"image\":{\"@id\":\"https:\\\/\\\/edumas.gov.co\\\/inicio\\\/2021\\\/08\\\/12\\\/la-ecotienda-edumas-visito-el-barrio-villa-muvdi-masiva-asistencia-de-personal-acudio-a-la-cita\\\/#primaryimage\"},\"thumbnailUrl\":\"https:\\\/\\\/edumas.gov.co\\\/wp-content\\\/uploads\\\/2023\\\/10\\\/La-Ecotienda-Edumas-visito-el-barrio-Villa-Muvdi-masiva-asistencia-de-personal-acudio-a-la-cita.jpeg\",\"datePublished\":\"2021-08-12T18:50:00+00:00\",\"dateModified\":\"2023-10-24T18:58:01+00:00\",\"breadcrumb\":{\"@id\":\"https:\\\/\\\/edumas.gov.co\\\/inicio\\\/2021\\\/08\\\/12\\\/la-ecotienda-edumas-visito-el-barrio-villa-muvdi-masiva-asistencia-de-personal-acudio-a-la-cita\\\/#breadcrumb\"},\"inLanguage\":\"es\",\"potentialAction\":[{\"@type\":\"ReadAction\",\"target\":[\"https:\\\/\\\/edumas.gov.co\\\/inicio\\\/2021\\\/08\\\/12\\\/la-ecotienda-edumas-visito-el-barrio-villa-muvdi-masiva-asistencia-de-personal-acudio-a-la-cita\\\/\"]}]},{\"@type\":\"ImageObject\",\"inLanguage\":\"es\",\"@id\":\"https:\\\/\\\/edumas.gov.co\\\/inicio\\\/2021\\\/08\\\/12\\\/la-ecotienda-edumas-visito-el-barrio-villa-muvdi-masiva-asistencia-de-personal-acudio-a-la-cita\\\/#primaryimage\",\"url\":\"https:\\\/\\\/edumas.gov.co\\\/wp-content\\\/uploads\\\/2023\\\/10\\\/La-Ecotienda-Edumas-visito-el-barrio-Villa-Muvdi-masiva-asistencia-de-personal-acudio-a-la-cita.jpeg\",\"contentUrl\":\"https:\\\/\\\/edumas.gov.co\\\/wp-content\\\/uploads\\\/2023\\\/10\\\/La-Ecotienda-Edumas-visito-el-barrio-Villa-Muvdi-masiva-asistencia-de-personal-acudio-a-la-cita.jpeg\",\"width\":1280,\"height\":960},{\"@type\":\"BreadcrumbList\",\"@id\":\"https:\\\/\\\/edumas.gov.co\\\/inicio\\\/2021\\\/08\\\/12\\\/la-ecotienda-edumas-visito-el-barrio-villa-muvdi-masiva-asistencia-de-personal-acudio-a-la-cita\\\/#breadcrumb\",\"itemListElement\":[{\"@type\":\"ListItem\",\"position\":1,\"name\":\"Portada\",\"item\":\"https:\\\/\\\/edumas.gov.co\\\/inicio\\\/\"},{\"@type\":\"ListItem\",\"position\":2,\"name\":\"La Ecotienda Edumas visit\u00f3 el barrio Villa Muvdi; masiva asistencia de personal acudi\u00f3 a la cita\"}]},{\"@type\":\"WebSite\",\"@id\":\"https:\\\/\\\/edumas.gov.co\\\/inicio\\\/#website\",\"url\":\"https:\\\/\\\/edumas.gov.co\\\/inicio\\\/\",\"name\":\"Edumas\",\"description\":\"Edumas\",\"publisher\":{\"@id\":\"https:\\\/\\\/edumas.gov.co\\\/inicio\\\/#organization\"},\"potentialAction\":[{\"@type\":\"SearchAction\",\"target\":{\"@type\":\"EntryPoint\",\"urlTemplate\":\"https:\\\/\\\/edumas.gov.co\\\/inicio\\\/?s={search_term_string}\"},\"query-input\":{\"@type\":\"PropertyValueSpecification\",\"valueRequired\":true,\"valueName\":\"search_term_string\"}}],\"inLanguage\":\"es\"},{\"@type\":\"Organization\",\"@id\":\"https:\\\/\\\/edumas.gov.co\\\/inicio\\\/#organization\",\"name\":\"Edumas\",\"url\":\"https:\\\/\\\/edumas.gov.co\\\/inicio\\\/\",\"logo\":{\"@type\":\"ImageObject\",\"inLanguage\":\"es\",\"@id\":\"https:\\\/\\\/edumas.gov.co\\\/inicio\\\/#\\\/schema\\\/logo\\\/image\\\/\",\"url\":\"https:\\\/\\\/edumas.gov.co\\\/wp-content\\\/uploads\\\/2024\\\/10\\\/Perfil-Instagram-PhotoRoom.png-PhotoRoom.png\",\"contentUrl\":\"https:\\\/\\\/edumas.gov.co\\\/wp-content\\\/uploads\\\/2024\\\/10\\\/Perfil-Instagram-PhotoRoom.png-PhotoRoom.png\",\"width\":648,\"height\":233,\"caption\":\"Edumas\"},\"image\":{\"@id\":\"https:\\\/\\\/edumas.gov.co\\\/inicio\\\/#\\\/schema\\\/logo\\\/image\\\/\"}},{\"@type\":\"Person\",\"@id\":\"https:\\\/\\\/edumas.gov.co\\\/inicio\\\/#\\\/schema\\\/person\\\/e2e82a662fd06864325b88811079b05a\",\"name\":\"edumas\",\"image\":{\"@type\":\"ImageObject\",\"inLanguage\":\"es\",\"@id\":\"https:\\\/\\\/edumas.gov.co\\\/wp-content\\\/uploads\\\/2025\\\/03\\\/WhatsApp-Image-2025-03-06-at-12.44.58-PM-150x150.jpeg\",\"url\":\"https:\\\/\\\/edumas.gov.co\\\/wp-content\\\/uploads\\\/2025\\\/03\\\/WhatsApp-Image-2025-03-06-at-12.44.58-PM-150x150.jpeg\",\"contentUrl\":\"https:\\\/\\\/edumas.gov.co\\\/wp-content\\\/uploads\\\/2025\\\/03\\\/WhatsApp-Image-2025-03-06-at-12.44.58-PM-150x150.jpeg\",\"caption\":\"edumas\"},\"sameAs\":[\"https:\\\/\\\/test.edumas.gov.co\"],\"url\":\"https:\\\/\\\/edumas.gov.co\\\/inicio\\\/author\\\/edumas\\\/\"}]}<\/script>\n<!-- \/ Yoast SEO plugin. -->","yoast_head_json":{"title":"La Ecotienda Edumas visit\u00f3 el barrio Villa Muvdi; masiva asistencia de personal acudi\u00f3 a la cita - Edumas","robots":{"index":"index","follow":"follow","max-snippet":"max-snippet:-1","max-image-preview":"max-image-preview:large","max-video-preview":"max-video-preview:-1"},"canonical":"https:\/\/edumas.gov.co\/inicio\/2021\/08\/12\/la-ecotienda-edumas-visito-el-barrio-villa-muvdi-masiva-asistencia-de-personal-acudio-a-la-cita\/","og_locale":"es_ES","og_type":"article","og_title":"La Ecotienda Edumas visit\u00f3 el barrio Villa Muvdi; masiva asistencia de personal acudi\u00f3 a la cita - Edumas","og_description":"Con gran \u00e9xito se reactiv\u00f3 el s\u00e1bado pasado la campa\u00f1a social Ecotiendas Edumas, la cual cont\u00f3 con una gran asistencia por parte de los habitantes del barrio Villa Muvdi del municipio de Soledad. Hasta el lugar llegaron j\u00f3venes, ni\u00f1os y adultos mayores quienes, con su material aprovechable en mano, hicieron fila para intercambiarlo por alimentos. [&hellip;]","og_url":"https:\/\/edumas.gov.co\/inicio\/2021\/08\/12\/la-ecotienda-edumas-visito-el-barrio-villa-muvdi-masiva-asistencia-de-personal-acudio-a-la-cita\/","og_site_name":"Edumas","article_published_time":"2021-08-12T18:50:00+00:00","article_modified_time":"2023-10-24T18:58:01+00:00","og_image":[{"width":1280,"height":960,"url":"https:\/\/edumas.gov.co\/wp-content\/uploads\/2023\/10\/La-Ecotienda-Edumas-visito-el-barrio-Villa-Muvdi-masiva-asistencia-de-personal-acudio-a-la-cita.jpeg","type":"image\/jpeg"}],"author":"edumas","twitter_card":"summary_large_image","twitter_misc":{"Escrito por":"edumas","Tiempo de lectura":"2 minutos"},"schema":{"@context":"https:\/\/schema.org","@graph":[{"@type":"Article","@id":"https:\/\/edumas.gov.co\/inicio\/2021\/08\/12\/la-ecotienda-edumas-visito-el-barrio-villa-muvdi-masiva-asistencia-de-personal-acudio-a-la-cita\/#article","isPartOf":{"@id":"https:\/\/edumas.gov.co\/inicio\/2021\/08\/12\/la-ecotienda-edumas-visito-el-barrio-villa-muvdi-masiva-asistencia-de-personal-acudio-a-la-cita\/"},"author":{"name":"edumas","@id":"https:\/\/edumas.gov.co\/inicio\/#\/schema\/person\/e2e82a662fd06864325b88811079b05a"},"headline":"La Ecotienda Edumas visit\u00f3 el barrio Villa Muvdi; masiva asistencia de personal acudi\u00f3 a la cita","datePublished":"2021-08-12T18:50:00+00:00","dateModified":"2023-10-24T18:58:01+00:00","mainEntityOfPage":{"@id":"https:\/\/edumas.gov.co\/inicio\/2021\/08\/12\/la-ecotienda-edumas-visito-el-barrio-villa-muvdi-masiva-asistencia-de-personal-acudio-a-la-cita\/"},"wordCount":419,"commentCount":0,"publisher":{"@id":"https:\/\/edumas.gov.co\/inicio\/#organization"},"image":{"@id":"https:\/\/edumas.gov.co\/inicio\/2021\/08\/12\/la-ecotienda-edumas-visito-el-barrio-villa-muvdi-masiva-asistencia-de-personal-acudio-a-la-cita\/#primaryimage"},"thumbnailUrl":"https:\/\/edumas.gov.co\/wp-content\/uploads\/2023\/10\/La-Ecotienda-Edumas-visito-el-barrio-Villa-Muvdi-masiva-asistencia-de-personal-acudio-a-la-cita.jpeg","articleSection":["noticias"],"inLanguage":"es","potentialAction":[{"@type":"CommentAction","name":"Comment","target":["https:\/\/edumas.gov.co\/inicio\/2021\/08\/12\/la-ecotienda-edumas-visito-el-barrio-villa-muvdi-masiva-asistencia-de-personal-acudio-a-la-cita\/#respond"]}]},{"@type":"WebPage","@id":"https:\/\/edumas.gov.co\/inicio\/2021\/08\/12\/la-ecotienda-edumas-visito-el-barrio-villa-muvdi-masiva-asistencia-de-personal-acudio-a-la-cita\/","url":"https:\/\/edumas.gov.co\/inicio\/2021\/08\/12\/la-ecotienda-edumas-visito-el-barrio-villa-muvdi-masiva-asistencia-de-personal-acudio-a-la-cita\/","name":"La Ecotienda Edumas visit\u00f3 el barrio Villa Muvdi; masiva asistencia de personal acudi\u00f3 a la cita - Edumas","isPartOf":{"@id":"https:\/\/edumas.gov.co\/inicio\/#website"},"primaryImageOfPage":{"@id":"https:\/\/edumas.gov.co\/inicio\/2021\/08\/12\/la-ecotienda-edumas-visito-el-barrio-villa-muvdi-masiva-asistencia-de-personal-acudio-a-la-cita\/#primaryimage"},"image":{"@id":"https:\/\/edumas.gov.co\/inicio\/2021\/08\/12\/la-ecotienda-edumas-visito-el-barrio-villa-muvdi-masiva-asistencia-de-personal-acudio-a-la-cita\/#primaryimage"},"thumbnailUrl":"https:\/\/edumas.gov.co\/wp-content\/uploads\/2023\/10\/La-Ecotienda-Edumas-visito-el-barrio-Villa-Muvdi-masiva-asistencia-de-personal-acudio-a-la-cita.jpeg","datePublished":"2021-08-12T18:50:00+00:00","dateModified":"2023-10-24T18:58:01+00:00","breadcrumb":{"@id":"https:\/\/edumas.gov.co\/inicio\/2021\/08\/12\/la-ecotienda-edumas-visito-el-barrio-villa-muvdi-masiva-asistencia-de-personal-acudio-a-la-cita\/#breadcrumb"},"inLanguage":"es","potentialAction":[{"@type":"ReadAction","target":["https:\/\/edumas.gov.co\/inicio\/2021\/08\/12\/la-ecotienda-edumas-visito-el-barrio-villa-muvdi-masiva-asistencia-de-personal-acudio-a-la-cita\/"]}]},{"@type":"ImageObject","inLanguage":"es","@id":"https:\/\/edumas.gov.co\/inicio\/2021\/08\/12\/la-ecotienda-edumas-visito-el-barrio-villa-muvdi-masiva-asistencia-de-personal-acudio-a-la-cita\/#primaryimage","url":"https:\/\/edumas.gov.co\/wp-content\/uploads\/2023\/10\/La-Ecotienda-Edumas-visito-el-barrio-Villa-Muvdi-masiva-asistencia-de-personal-acudio-a-la-cita.jpeg","contentUrl":"https:\/\/edumas.gov.co\/wp-content\/uploads\/2023\/10\/La-Ecotienda-Edumas-visito-el-barrio-Villa-Muvdi-masiva-asistencia-de-personal-acudio-a-la-cita.jpeg","width":1280,"height":960},{"@type":"BreadcrumbList","@id":"https:\/\/edumas.gov.co\/inicio\/2021\/08\/12\/la-ecotienda-edumas-visito-el-barrio-villa-muvdi-masiva-asistencia-de-personal-acudio-a-la-cita\/#breadcrumb","itemListElement":[{"@type":"ListItem","position":1,"name":"Portada","item":"https:\/\/edumas.gov.co\/inicio\/"},{"@type":"ListItem","position":2,"name":"La Ecotienda Edumas visit\u00f3 el barrio Villa Muvdi; masiva asistencia de personal acudi\u00f3 a la cita"}]},{"@type":"WebSite","@id":"https:\/\/edumas.gov.co\/inicio\/#website","url":"https:\/\/edumas.gov.co\/inicio\/","name":"Edumas","description":"Edumas","publisher":{"@id":"https:\/\/edumas.gov.co\/inicio\/#organization"},"potentialAction":[{"@type":"SearchAction","target":{"@type":"EntryPoint","urlTemplate":"https:\/\/edumas.gov.co\/inicio\/?s={search_term_string}"},"query-input":{"@type":"PropertyValueSpecification","valueRequired":true,"valueName":"search_term_string"}}],"inLanguage":"es"},{"@type":"Organization","@id":"https:\/\/edumas.gov.co\/inicio\/#organization","name":"Edumas","url":"https:\/\/edumas.gov.co\/inicio\/","logo":{"@type":"ImageObject","inLanguage":"es","@id":"https:\/\/edumas.gov.co\/inicio\/#\/schema\/logo\/image\/","url":"https:\/\/edumas.gov.co\/wp-content\/uploads\/2024\/10\/Perfil-Instagram-PhotoRoom.png-PhotoRoom.png","contentUrl":"https:\/\/edumas.gov.co\/wp-content\/uploads\/2024\/10\/Perfil-Instagram-PhotoRoom.png-PhotoRoom.png","width":648,"height":233,"caption":"Edumas"},"image":{"@id":"https:\/\/edumas.gov.co\/inicio\/#\/schema\/logo\/image\/"}},{"@type":"Person","@id":"https:\/\/edumas.gov.co\/inicio\/#\/schema\/person\/e2e82a662fd06864325b88811079b05a","name":"edumas","image":{"@type":"ImageObject","inLanguage":"es","@id":"https:\/\/edumas.gov.co\/wp-content\/uploads\/2025\/03\/WhatsApp-Image-2025-03-06-at-12.44.58-PM-150x150.jpeg","url":"https:\/\/edumas.gov.co\/wp-content\/uploads\/2025\/03\/WhatsApp-Image-2025-03-06-at-12.44.58-PM-150x150.jpeg","contentUrl":"https:\/\/edumas.gov.co\/wp-content\/uploads\/2025\/03\/WhatsApp-Image-2025-03-06-at-12.44.58-PM-150x150.jpeg","caption":"edumas"},"sameAs":["https:\/\/test.edumas.gov.co"],"url":"https:\/\/edumas.gov.co\/inicio\/author\/edumas\/"}]}},"_links":{"self":[{"href":"https:\/\/edumas.gov.co\/inicio\/wp-json\/wp\/v2\/posts\/1188","targetHints":{"allow":["GET"]}}],"collection":[{"href":"https:\/\/edumas.gov.co\/inicio\/wp-json\/wp\/v2\/posts"}],"about":[{"href":"https:\/\/edumas.gov.co\/inicio\/wp-json\/wp\/v2\/types\/post"}],"author":[{"embeddable":true,"href":"https:\/\/edumas.gov.co\/inicio\/wp-json\/wp\/v2\/users\/1"}],"replies":[{"embeddable":true,"href":"https:\/\/edumas.gov.co\/inicio\/wp-json\/wp\/v2\/comments?post=1188"}],"version-history":[{"count":1,"href":"https:\/\/edumas.gov.co\/inicio\/wp-json\/wp\/v2\/posts\/1188\/revisions"}],"predecessor-version":[{"id":1193,"href":"https:\/\/edumas.gov.co\/inicio\/wp-json\/wp\/v2\/posts\/1188\/revisions\/1193"}],"wp:featuredmedia":[{"embeddable":true,"href":"https:\/\/edumas.gov.co\/inicio\/wp-json\/wp\/v2\/media\/1189"}],"wp:attachment":[{"href":"https:\/\/edumas.gov.co\/inicio\/wp-json\/wp\/v2\/media?parent=1188"}],"wp:term":[{"taxonomy":"category","embeddable":true,"href":"https:\/\/edumas.gov.co\/inicio\/wp-json\/wp\/v2\/categories?post=1188"},{"taxonomy":"post_tag","embeddable":true,"href":"https:\/\/edumas.gov.co\/inicio\/wp-json\/wp\/v2\/tags?post=1188"}],"curies":[{"name":"wp","href":"https:\/\/api.w.org\/{rel}","templated":true}]}}