{"id":1235,"date":"2021-11-16T19:28:00","date_gmt":"2021-11-16T19:28:00","guid":{"rendered":"https:\/\/test.edumas.gov.co\/?p=1235"},"modified":"2023-10-24T19:32:49","modified_gmt":"2023-10-24T19:32:49","slug":"edumas-presente-en-la-gran-jornada-de-oferta-institucional-convocada-por-la-alcaldia-de-soledad","status":"publish","type":"post","link":"https:\/\/edumas.gov.co\/inicio\/2021\/11\/16\/edumas-presente-en-la-gran-jornada-de-oferta-institucional-convocada-por-la-alcaldia-de-soledad\/","title":{"rendered":"Edumas presente en la gran jornada de oferta institucional convocada por la Alcald\u00eda de Soledad"},"content":{"rendered":"\n<p class=\"wp-block-paragraph\">El Establecimiento de Desarrollo Urbano y Medio Ambiente de Soledad, Edumas, se uni\u00f3 a la oferta institucional que brind\u00f3 en el d\u00eda 11 de noviembre la alcald\u00eda de Soledad a los moradores del barrio Pumarejo quienes asistieron de manera masiva al evento que arranc\u00f3 desde muy temprano con la Secretar\u00eda de Salud y el Sisb\u00e9n.<\/p>\n\n\n\n<p class=\"wp-block-paragraph\">A la gran jornada institucional, tambi\u00e9n asistieron el Gaula, el Ej\u00e9rcito Nacional, Migraci\u00f3n Colombia, Secretar\u00eda de Gobierno y la Polic\u00eda en cabeza del Comandante de Soledad-Malambo, Coronel, Jos\u00e9 Palomino.<\/p>\n\n\n\n<div class=\"wp-block-media-text is-stacked-on-mobile\"><figure class=\"wp-block-media-text__media\"><img fetchpriority=\"high\" decoding=\"async\" width=\"1024\" height=\"575\" src=\"https:\/\/test.edumas.gov.co\/wp-content\/uploads\/2023\/10\/WhatsApp-Image-2021-11-11-at-1.20.34-PM.jpeg\" alt=\"\" class=\"wp-image-1237 size-full\" srcset=\"https:\/\/edumas.gov.co\/wp-content\/uploads\/2023\/10\/WhatsApp-Image-2021-11-11-at-1.20.34-PM.jpeg 1024w, https:\/\/edumas.gov.co\/wp-content\/uploads\/2023\/10\/WhatsApp-Image-2021-11-11-at-1.20.34-PM-300x168.jpeg 300w, https:\/\/edumas.gov.co\/wp-content\/uploads\/2023\/10\/WhatsApp-Image-2021-11-11-at-1.20.34-PM-768x431.jpeg 768w\" sizes=\"(max-width: 1024px) 100vw, 1024px\" \/><\/figure><div class=\"wp-block-media-text__content\">\n<p class=\"wp-block-paragraph\">Por su parte la entidad, logr\u00f3 llevar a cabo la limpieza de la cancha Arturo Segovia, en la cual se jug\u00f3 un partido de f\u00fatbol con los amigos del alcalde Rodolfo Ucr\u00f3s, en cabeza del exfutbolista del Junior de Barranquilla, Leiner Rolong.<\/p>\n<\/div><\/div>\n\n\n\n<p class=\"wp-block-paragraph\">Entre las m\u00faltiples actividades que se llevaron a cabo por parte de la entidad tales como sensibilizaciones y charlas, tambi\u00e9n se brind\u00f3 asesor\u00eda de car\u00e1cter PQRS a quienes as\u00ed lo solicitaron; pintucarita y origami que fueron ofrecidos por funcionarios del Edumas a los ni\u00f1os con el fin de hacer de ese d\u00eda, un d\u00eda de aprendizajes y alegre.<\/p>\n\n\n\n<figure class=\"wp-block-gallery has-nested-images columns-default is-cropped wp-block-gallery-1 is-layout-flex wp-block-gallery-is-layout-flex\">\n<figure class=\"wp-block-image size-large\"><img decoding=\"async\" width=\"1024\" height=\"575\" data-id=\"1239\" src=\"https:\/\/test.edumas.gov.co\/wp-content\/uploads\/2023\/10\/WhatsApp-Image-2021-11-11-at-1.21.49-PM.jpeg\" alt=\"\" class=\"wp-image-1239\" srcset=\"https:\/\/edumas.gov.co\/wp-content\/uploads\/2023\/10\/WhatsApp-Image-2021-11-11-at-1.21.49-PM.jpeg 1024w, https:\/\/edumas.gov.co\/wp-content\/uploads\/2023\/10\/WhatsApp-Image-2021-11-11-at-1.21.49-PM-300x168.jpeg 300w, https:\/\/edumas.gov.co\/wp-content\/uploads\/2023\/10\/WhatsApp-Image-2021-11-11-at-1.21.49-PM-768x431.jpeg 768w\" sizes=\"(max-width: 1024px) 100vw, 1024px\" \/><\/figure>\n\n\n\n<figure class=\"wp-block-image size-large\"><img decoding=\"async\" width=\"1024\" height=\"575\" data-id=\"1238\" src=\"https:\/\/test.edumas.gov.co\/wp-content\/uploads\/2023\/10\/WhatsApp-Image-2021-11-11-at-1.26.31-PM.jpeg\" alt=\"\" class=\"wp-image-1238\" srcset=\"https:\/\/edumas.gov.co\/wp-content\/uploads\/2023\/10\/WhatsApp-Image-2021-11-11-at-1.26.31-PM.jpeg 1024w, https:\/\/edumas.gov.co\/wp-content\/uploads\/2023\/10\/WhatsApp-Image-2021-11-11-at-1.26.31-PM-300x168.jpeg 300w, https:\/\/edumas.gov.co\/wp-content\/uploads\/2023\/10\/WhatsApp-Image-2021-11-11-at-1.26.31-PM-768x431.jpeg 768w\" sizes=\"(max-width: 1024px) 100vw, 1024px\" \/><\/figure>\n<\/figure>\n\n\n\n<p class=\"wp-block-paragraph\">Por su parte, Clerk Pertuz, subgerente ambiental del Edumas, calific\u00f3 de satisfactoria la jornada y sobre todo para los habitantes que realmente sintieron la presencia de la administraci\u00f3n.<\/p>\n","protected":false},"excerpt":{"rendered":"<p>El Establecimiento de Desarrollo Urbano y Medio Ambiente de Soledad, Edumas, se uni\u00f3 a la oferta institucional que brind\u00f3 en el d\u00eda 11 de noviembre la alcald\u00eda de Soledad a los moradores del barrio Pumarejo quienes asistieron de manera masiva al evento que arranc\u00f3 desde muy temprano con la Secretar\u00eda de Salud y el Sisb\u00e9n. [&hellip;]<\/p>\n","protected":false},"author":1,"featured_media":1236,"comment_status":"open","ping_status":"open","sticky":false,"template":"","format":"standard","meta":{"footnotes":""},"categories":[26],"tags":[],"class_list":["post-1235","post","type-post","status-publish","format-standard","has-post-thumbnail","hentry","category-noticias"],"yoast_head":"<!-- This site is optimized with the Yoast SEO plugin v27.4 - https:\/\/yoast.com\/product\/yoast-seo-wordpress\/ -->\n<title>Edumas presente en la gran jornada de oferta institucional convocada por la Alcald\u00eda de Soledad - Edumas<\/title>\n<meta name=\"robots\" content=\"index, follow, max-snippet:-1, max-image-preview:large, max-video-preview:-1\" \/>\n<link rel=\"canonical\" href=\"https:\/\/edumas.gov.co\/inicio\/2021\/11\/16\/edumas-presente-en-la-gran-jornada-de-oferta-institucional-convocada-por-la-alcaldia-de-soledad\/\" \/>\n<meta property=\"og:locale\" content=\"es_ES\" \/>\n<meta property=\"og:type\" content=\"article\" \/>\n<meta property=\"og:title\" content=\"Edumas presente en la gran jornada de oferta institucional convocada por la Alcald\u00eda de Soledad - Edumas\" \/>\n<meta property=\"og:description\" content=\"El Establecimiento de Desarrollo Urbano y Medio Ambiente de Soledad, Edumas, se uni\u00f3 a la oferta institucional que brind\u00f3 en el d\u00eda 11 de noviembre la alcald\u00eda de Soledad a los moradores del barrio Pumarejo quienes asistieron de manera masiva al evento que arranc\u00f3 desde muy temprano con la Secretar\u00eda de Salud y el Sisb\u00e9n. [&hellip;]\" \/>\n<meta property=\"og:url\" content=\"https:\/\/edumas.gov.co\/inicio\/2021\/11\/16\/edumas-presente-en-la-gran-jornada-de-oferta-institucional-convocada-por-la-alcaldia-de-soledad\/\" \/>\n<meta property=\"og:site_name\" content=\"Edumas\" \/>\n<meta property=\"article:published_time\" content=\"2021-11-16T19:28:00+00:00\" \/>\n<meta property=\"article:modified_time\" content=\"2023-10-24T19:32:49+00:00\" \/>\n<meta property=\"og:image\" content=\"https:\/\/edumas.gov.co\/wp-content\/uploads\/2023\/10\/Edumas-presente-en-la-gran-jornada-de-oferta-institucional-convocada-por-la-Alcaldia-de-Soledad.jpeg\" \/>\n\t<meta property=\"og:image:width\" content=\"1024\" \/>\n\t<meta property=\"og:image:height\" content=\"575\" \/>\n\t<meta property=\"og:image:type\" content=\"image\/jpeg\" \/>\n<meta name=\"author\" content=\"edumas\" \/>\n<meta name=\"twitter:card\" content=\"summary_large_image\" \/>\n<meta name=\"twitter:label1\" content=\"Escrito por\" \/>\n\t<meta name=\"twitter:data1\" content=\"edumas\" \/>\n\t<meta name=\"twitter:label2\" content=\"Tiempo de lectura\" \/>\n\t<meta name=\"twitter:data2\" content=\"1 minuto\" \/>\n<script type=\"application\/ld+json\" class=\"yoast-schema-graph\">{\"@context\":\"https:\\\/\\\/schema.org\",\"@graph\":[{\"@type\":\"Article\",\"@id\":\"https:\\\/\\\/edumas.gov.co\\\/inicio\\\/2021\\\/11\\\/16\\\/edumas-presente-en-la-gran-jornada-de-oferta-institucional-convocada-por-la-alcaldia-de-soledad\\\/#article\",\"isPartOf\":{\"@id\":\"https:\\\/\\\/edumas.gov.co\\\/inicio\\\/2021\\\/11\\\/16\\\/edumas-presente-en-la-gran-jornada-de-oferta-institucional-convocada-por-la-alcaldia-de-soledad\\\/\"},\"author\":{\"name\":\"edumas\",\"@id\":\"https:\\\/\\\/edumas.gov.co\\\/inicio\\\/#\\\/schema\\\/person\\\/e2e82a662fd06864325b88811079b05a\"},\"headline\":\"Edumas presente en la gran jornada de oferta institucional convocada por la Alcald\u00eda de Soledad\",\"datePublished\":\"2021-11-16T19:28:00+00:00\",\"dateModified\":\"2023-10-24T19:32:49+00:00\",\"mainEntityOfPage\":{\"@id\":\"https:\\\/\\\/edumas.gov.co\\\/inicio\\\/2021\\\/11\\\/16\\\/edumas-presente-en-la-gran-jornada-de-oferta-institucional-convocada-por-la-alcaldia-de-soledad\\\/\"},\"wordCount\":246,\"commentCount\":0,\"publisher\":{\"@id\":\"https:\\\/\\\/edumas.gov.co\\\/inicio\\\/#organization\"},\"image\":{\"@id\":\"https:\\\/\\\/edumas.gov.co\\\/inicio\\\/2021\\\/11\\\/16\\\/edumas-presente-en-la-gran-jornada-de-oferta-institucional-convocada-por-la-alcaldia-de-soledad\\\/#primaryimage\"},\"thumbnailUrl\":\"https:\\\/\\\/edumas.gov.co\\\/wp-content\\\/uploads\\\/2023\\\/10\\\/Edumas-presente-en-la-gran-jornada-de-oferta-institucional-convocada-por-la-Alcaldia-de-Soledad.jpeg\",\"articleSection\":[\"noticias\"],\"inLanguage\":\"es\",\"potentialAction\":[{\"@type\":\"CommentAction\",\"name\":\"Comment\",\"target\":[\"https:\\\/\\\/edumas.gov.co\\\/inicio\\\/2021\\\/11\\\/16\\\/edumas-presente-en-la-gran-jornada-de-oferta-institucional-convocada-por-la-alcaldia-de-soledad\\\/#respond\"]}]},{\"@type\":\"WebPage\",\"@id\":\"https:\\\/\\\/edumas.gov.co\\\/inicio\\\/2021\\\/11\\\/16\\\/edumas-presente-en-la-gran-jornada-de-oferta-institucional-convocada-por-la-alcaldia-de-soledad\\\/\",\"url\":\"https:\\\/\\\/edumas.gov.co\\\/inicio\\\/2021\\\/11\\\/16\\\/edumas-presente-en-la-gran-jornada-de-oferta-institucional-convocada-por-la-alcaldia-de-soledad\\\/\",\"name\":\"Edumas presente en la gran jornada de oferta institucional convocada por la Alcald\u00eda de Soledad - Edumas\",\"isPartOf\":{\"@id\":\"https:\\\/\\\/edumas.gov.co\\\/inicio\\\/#website\"},\"primaryImageOfPage\":{\"@id\":\"https:\\\/\\\/edumas.gov.co\\\/inicio\\\/2021\\\/11\\\/16\\\/edumas-presente-en-la-gran-jornada-de-oferta-institucional-convocada-por-la-alcaldia-de-soledad\\\/#primaryimage\"},\"image\":{\"@id\":\"https:\\\/\\\/edumas.gov.co\\\/inicio\\\/2021\\\/11\\\/16\\\/edumas-presente-en-la-gran-jornada-de-oferta-institucional-convocada-por-la-alcaldia-de-soledad\\\/#primaryimage\"},\"thumbnailUrl\":\"https:\\\/\\\/edumas.gov.co\\\/wp-content\\\/uploads\\\/2023\\\/10\\\/Edumas-presente-en-la-gran-jornada-de-oferta-institucional-convocada-por-la-Alcaldia-de-Soledad.jpeg\",\"datePublished\":\"2021-11-16T19:28:00+00:00\",\"dateModified\":\"2023-10-24T19:32:49+00:00\",\"breadcrumb\":{\"@id\":\"https:\\\/\\\/edumas.gov.co\\\/inicio\\\/2021\\\/11\\\/16\\\/edumas-presente-en-la-gran-jornada-de-oferta-institucional-convocada-por-la-alcaldia-de-soledad\\\/#breadcrumb\"},\"inLanguage\":\"es\",\"potentialAction\":[{\"@type\":\"ReadAction\",\"target\":[\"https:\\\/\\\/edumas.gov.co\\\/inicio\\\/2021\\\/11\\\/16\\\/edumas-presente-en-la-gran-jornada-de-oferta-institucional-convocada-por-la-alcaldia-de-soledad\\\/\"]}]},{\"@type\":\"ImageObject\",\"inLanguage\":\"es\",\"@id\":\"https:\\\/\\\/edumas.gov.co\\\/inicio\\\/2021\\\/11\\\/16\\\/edumas-presente-en-la-gran-jornada-de-oferta-institucional-convocada-por-la-alcaldia-de-soledad\\\/#primaryimage\",\"url\":\"https:\\\/\\\/edumas.gov.co\\\/wp-content\\\/uploads\\\/2023\\\/10\\\/Edumas-presente-en-la-gran-jornada-de-oferta-institucional-convocada-por-la-Alcaldia-de-Soledad.jpeg\",\"contentUrl\":\"https:\\\/\\\/edumas.gov.co\\\/wp-content\\\/uploads\\\/2023\\\/10\\\/Edumas-presente-en-la-gran-jornada-de-oferta-institucional-convocada-por-la-Alcaldia-de-Soledad.jpeg\",\"width\":1024,\"height\":575},{\"@type\":\"BreadcrumbList\",\"@id\":\"https:\\\/\\\/edumas.gov.co\\\/inicio\\\/2021\\\/11\\\/16\\\/edumas-presente-en-la-gran-jornada-de-oferta-institucional-convocada-por-la-alcaldia-de-soledad\\\/#breadcrumb\",\"itemListElement\":[{\"@type\":\"ListItem\",\"position\":1,\"name\":\"Portada\",\"item\":\"https:\\\/\\\/edumas.gov.co\\\/inicio\\\/\"},{\"@type\":\"ListItem\",\"position\":2,\"name\":\"Edumas presente en la gran jornada de oferta institucional convocada por la Alcald\u00eda de Soledad\"}]},{\"@type\":\"WebSite\",\"@id\":\"https:\\\/\\\/edumas.gov.co\\\/inicio\\\/#website\",\"url\":\"https:\\\/\\\/edumas.gov.co\\\/inicio\\\/\",\"name\":\"Edumas\",\"description\":\"Edumas\",\"publisher\":{\"@id\":\"https:\\\/\\\/edumas.gov.co\\\/inicio\\\/#organization\"},\"potentialAction\":[{\"@type\":\"SearchAction\",\"target\":{\"@type\":\"EntryPoint\",\"urlTemplate\":\"https:\\\/\\\/edumas.gov.co\\\/inicio\\\/?s={search_term_string}\"},\"query-input\":{\"@type\":\"PropertyValueSpecification\",\"valueRequired\":true,\"valueName\":\"search_term_string\"}}],\"inLanguage\":\"es\"},{\"@type\":\"Organization\",\"@id\":\"https:\\\/\\\/edumas.gov.co\\\/inicio\\\/#organization\",\"name\":\"Edumas\",\"url\":\"https:\\\/\\\/edumas.gov.co\\\/inicio\\\/\",\"logo\":{\"@type\":\"ImageObject\",\"inLanguage\":\"es\",\"@id\":\"https:\\\/\\\/edumas.gov.co\\\/inicio\\\/#\\\/schema\\\/logo\\\/image\\\/\",\"url\":\"https:\\\/\\\/edumas.gov.co\\\/wp-content\\\/uploads\\\/2024\\\/10\\\/Perfil-Instagram-PhotoRoom.png-PhotoRoom.png\",\"contentUrl\":\"https:\\\/\\\/edumas.gov.co\\\/wp-content\\\/uploads\\\/2024\\\/10\\\/Perfil-Instagram-PhotoRoom.png-PhotoRoom.png\",\"width\":648,\"height\":233,\"caption\":\"Edumas\"},\"image\":{\"@id\":\"https:\\\/\\\/edumas.gov.co\\\/inicio\\\/#\\\/schema\\\/logo\\\/image\\\/\"}},{\"@type\":\"Person\",\"@id\":\"https:\\\/\\\/edumas.gov.co\\\/inicio\\\/#\\\/schema\\\/person\\\/e2e82a662fd06864325b88811079b05a\",\"name\":\"edumas\",\"image\":{\"@type\":\"ImageObject\",\"inLanguage\":\"es\",\"@id\":\"https:\\\/\\\/edumas.gov.co\\\/wp-content\\\/uploads\\\/2025\\\/03\\\/WhatsApp-Image-2025-03-06-at-12.44.58-PM-150x150.jpeg\",\"url\":\"https:\\\/\\\/edumas.gov.co\\\/wp-content\\\/uploads\\\/2025\\\/03\\\/WhatsApp-Image-2025-03-06-at-12.44.58-PM-150x150.jpeg\",\"contentUrl\":\"https:\\\/\\\/edumas.gov.co\\\/wp-content\\\/uploads\\\/2025\\\/03\\\/WhatsApp-Image-2025-03-06-at-12.44.58-PM-150x150.jpeg\",\"caption\":\"edumas\"},\"sameAs\":[\"https:\\\/\\\/test.edumas.gov.co\"],\"url\":\"https:\\\/\\\/edumas.gov.co\\\/inicio\\\/author\\\/edumas\\\/\"}]}<\/script>\n<!-- \/ Yoast SEO plugin. -->","yoast_head_json":{"title":"Edumas presente en la gran jornada de oferta institucional convocada por la Alcald\u00eda de Soledad - Edumas","robots":{"index":"index","follow":"follow","max-snippet":"max-snippet:-1","max-image-preview":"max-image-preview:large","max-video-preview":"max-video-preview:-1"},"canonical":"https:\/\/edumas.gov.co\/inicio\/2021\/11\/16\/edumas-presente-en-la-gran-jornada-de-oferta-institucional-convocada-por-la-alcaldia-de-soledad\/","og_locale":"es_ES","og_type":"article","og_title":"Edumas presente en la gran jornada de oferta institucional convocada por la Alcald\u00eda de Soledad - Edumas","og_description":"El Establecimiento de Desarrollo Urbano y Medio Ambiente de Soledad, Edumas, se uni\u00f3 a la oferta institucional que brind\u00f3 en el d\u00eda 11 de noviembre la alcald\u00eda de Soledad a los moradores del barrio Pumarejo quienes asistieron de manera masiva al evento que arranc\u00f3 desde muy temprano con la Secretar\u00eda de Salud y el Sisb\u00e9n. [&hellip;]","og_url":"https:\/\/edumas.gov.co\/inicio\/2021\/11\/16\/edumas-presente-en-la-gran-jornada-de-oferta-institucional-convocada-por-la-alcaldia-de-soledad\/","og_site_name":"Edumas","article_published_time":"2021-11-16T19:28:00+00:00","article_modified_time":"2023-10-24T19:32:49+00:00","og_image":[{"width":1024,"height":575,"url":"https:\/\/edumas.gov.co\/wp-content\/uploads\/2023\/10\/Edumas-presente-en-la-gran-jornada-de-oferta-institucional-convocada-por-la-Alcaldia-de-Soledad.jpeg","type":"image\/jpeg"}],"author":"edumas","twitter_card":"summary_large_image","twitter_misc":{"Escrito por":"edumas","Tiempo de lectura":"1 minuto"},"schema":{"@context":"https:\/\/schema.org","@graph":[{"@type":"Article","@id":"https:\/\/edumas.gov.co\/inicio\/2021\/11\/16\/edumas-presente-en-la-gran-jornada-de-oferta-institucional-convocada-por-la-alcaldia-de-soledad\/#article","isPartOf":{"@id":"https:\/\/edumas.gov.co\/inicio\/2021\/11\/16\/edumas-presente-en-la-gran-jornada-de-oferta-institucional-convocada-por-la-alcaldia-de-soledad\/"},"author":{"name":"edumas","@id":"https:\/\/edumas.gov.co\/inicio\/#\/schema\/person\/e2e82a662fd06864325b88811079b05a"},"headline":"Edumas presente en la gran jornada de oferta institucional convocada por la Alcald\u00eda de Soledad","datePublished":"2021-11-16T19:28:00+00:00","dateModified":"2023-10-24T19:32:49+00:00","mainEntityOfPage":{"@id":"https:\/\/edumas.gov.co\/inicio\/2021\/11\/16\/edumas-presente-en-la-gran-jornada-de-oferta-institucional-convocada-por-la-alcaldia-de-soledad\/"},"wordCount":246,"commentCount":0,"publisher":{"@id":"https:\/\/edumas.gov.co\/inicio\/#organization"},"image":{"@id":"https:\/\/edumas.gov.co\/inicio\/2021\/11\/16\/edumas-presente-en-la-gran-jornada-de-oferta-institucional-convocada-por-la-alcaldia-de-soledad\/#primaryimage"},"thumbnailUrl":"https:\/\/edumas.gov.co\/wp-content\/uploads\/2023\/10\/Edumas-presente-en-la-gran-jornada-de-oferta-institucional-convocada-por-la-Alcaldia-de-Soledad.jpeg","articleSection":["noticias"],"inLanguage":"es","potentialAction":[{"@type":"CommentAction","name":"Comment","target":["https:\/\/edumas.gov.co\/inicio\/2021\/11\/16\/edumas-presente-en-la-gran-jornada-de-oferta-institucional-convocada-por-la-alcaldia-de-soledad\/#respond"]}]},{"@type":"WebPage","@id":"https:\/\/edumas.gov.co\/inicio\/2021\/11\/16\/edumas-presente-en-la-gran-jornada-de-oferta-institucional-convocada-por-la-alcaldia-de-soledad\/","url":"https:\/\/edumas.gov.co\/inicio\/2021\/11\/16\/edumas-presente-en-la-gran-jornada-de-oferta-institucional-convocada-por-la-alcaldia-de-soledad\/","name":"Edumas presente en la gran jornada de oferta institucional convocada por la Alcald\u00eda de Soledad - Edumas","isPartOf":{"@id":"https:\/\/edumas.gov.co\/inicio\/#website"},"primaryImageOfPage":{"@id":"https:\/\/edumas.gov.co\/inicio\/2021\/11\/16\/edumas-presente-en-la-gran-jornada-de-oferta-institucional-convocada-por-la-alcaldia-de-soledad\/#primaryimage"},"image":{"@id":"https:\/\/edumas.gov.co\/inicio\/2021\/11\/16\/edumas-presente-en-la-gran-jornada-de-oferta-institucional-convocada-por-la-alcaldia-de-soledad\/#primaryimage"},"thumbnailUrl":"https:\/\/edumas.gov.co\/wp-content\/uploads\/2023\/10\/Edumas-presente-en-la-gran-jornada-de-oferta-institucional-convocada-por-la-Alcaldia-de-Soledad.jpeg","datePublished":"2021-11-16T19:28:00+00:00","dateModified":"2023-10-24T19:32:49+00:00","breadcrumb":{"@id":"https:\/\/edumas.gov.co\/inicio\/2021\/11\/16\/edumas-presente-en-la-gran-jornada-de-oferta-institucional-convocada-por-la-alcaldia-de-soledad\/#breadcrumb"},"inLanguage":"es","potentialAction":[{"@type":"ReadAction","target":["https:\/\/edumas.gov.co\/inicio\/2021\/11\/16\/edumas-presente-en-la-gran-jornada-de-oferta-institucional-convocada-por-la-alcaldia-de-soledad\/"]}]},{"@type":"ImageObject","inLanguage":"es","@id":"https:\/\/edumas.gov.co\/inicio\/2021\/11\/16\/edumas-presente-en-la-gran-jornada-de-oferta-institucional-convocada-por-la-alcaldia-de-soledad\/#primaryimage","url":"https:\/\/edumas.gov.co\/wp-content\/uploads\/2023\/10\/Edumas-presente-en-la-gran-jornada-de-oferta-institucional-convocada-por-la-Alcaldia-de-Soledad.jpeg","contentUrl":"https:\/\/edumas.gov.co\/wp-content\/uploads\/2023\/10\/Edumas-presente-en-la-gran-jornada-de-oferta-institucional-convocada-por-la-Alcaldia-de-Soledad.jpeg","width":1024,"height":575},{"@type":"BreadcrumbList","@id":"https:\/\/edumas.gov.co\/inicio\/2021\/11\/16\/edumas-presente-en-la-gran-jornada-de-oferta-institucional-convocada-por-la-alcaldia-de-soledad\/#breadcrumb","itemListElement":[{"@type":"ListItem","position":1,"name":"Portada","item":"https:\/\/edumas.gov.co\/inicio\/"},{"@type":"ListItem","position":2,"name":"Edumas presente en la gran jornada de oferta institucional convocada por la Alcald\u00eda de Soledad"}]},{"@type":"WebSite","@id":"https:\/\/edumas.gov.co\/inicio\/#website","url":"https:\/\/edumas.gov.co\/inicio\/","name":"Edumas","description":"Edumas","publisher":{"@id":"https:\/\/edumas.gov.co\/inicio\/#organization"},"potentialAction":[{"@type":"SearchAction","target":{"@type":"EntryPoint","urlTemplate":"https:\/\/edumas.gov.co\/inicio\/?s={search_term_string}"},"query-input":{"@type":"PropertyValueSpecification","valueRequired":true,"valueName":"search_term_string"}}],"inLanguage":"es"},{"@type":"Organization","@id":"https:\/\/edumas.gov.co\/inicio\/#organization","name":"Edumas","url":"https:\/\/edumas.gov.co\/inicio\/","logo":{"@type":"ImageObject","inLanguage":"es","@id":"https:\/\/edumas.gov.co\/inicio\/#\/schema\/logo\/image\/","url":"https:\/\/edumas.gov.co\/wp-content\/uploads\/2024\/10\/Perfil-Instagram-PhotoRoom.png-PhotoRoom.png","contentUrl":"https:\/\/edumas.gov.co\/wp-content\/uploads\/2024\/10\/Perfil-Instagram-PhotoRoom.png-PhotoRoom.png","width":648,"height":233,"caption":"Edumas"},"image":{"@id":"https:\/\/edumas.gov.co\/inicio\/#\/schema\/logo\/image\/"}},{"@type":"Person","@id":"https:\/\/edumas.gov.co\/inicio\/#\/schema\/person\/e2e82a662fd06864325b88811079b05a","name":"edumas","image":{"@type":"ImageObject","inLanguage":"es","@id":"https:\/\/edumas.gov.co\/wp-content\/uploads\/2025\/03\/WhatsApp-Image-2025-03-06-at-12.44.58-PM-150x150.jpeg","url":"https:\/\/edumas.gov.co\/wp-content\/uploads\/2025\/03\/WhatsApp-Image-2025-03-06-at-12.44.58-PM-150x150.jpeg","contentUrl":"https:\/\/edumas.gov.co\/wp-content\/uploads\/2025\/03\/WhatsApp-Image-2025-03-06-at-12.44.58-PM-150x150.jpeg","caption":"edumas"},"sameAs":["https:\/\/test.edumas.gov.co"],"url":"https:\/\/edumas.gov.co\/inicio\/author\/edumas\/"}]}},"_links":{"self":[{"href":"https:\/\/edumas.gov.co\/inicio\/wp-json\/wp\/v2\/posts\/1235","targetHints":{"allow":["GET"]}}],"collection":[{"href":"https:\/\/edumas.gov.co\/inicio\/wp-json\/wp\/v2\/posts"}],"about":[{"href":"https:\/\/edumas.gov.co\/inicio\/wp-json\/wp\/v2\/types\/post"}],"author":[{"embeddable":true,"href":"https:\/\/edumas.gov.co\/inicio\/wp-json\/wp\/v2\/users\/1"}],"replies":[{"embeddable":true,"href":"https:\/\/edumas.gov.co\/inicio\/wp-json\/wp\/v2\/comments?post=1235"}],"version-history":[{"count":1,"href":"https:\/\/edumas.gov.co\/inicio\/wp-json\/wp\/v2\/posts\/1235\/revisions"}],"predecessor-version":[{"id":1240,"href":"https:\/\/edumas.gov.co\/inicio\/wp-json\/wp\/v2\/posts\/1235\/revisions\/1240"}],"wp:featuredmedia":[{"embeddable":true,"href":"https:\/\/edumas.gov.co\/inicio\/wp-json\/wp\/v2\/media\/1236"}],"wp:attachment":[{"href":"https:\/\/edumas.gov.co\/inicio\/wp-json\/wp\/v2\/media?parent=1235"}],"wp:term":[{"taxonomy":"category","embeddable":true,"href":"https:\/\/edumas.gov.co\/inicio\/wp-json\/wp\/v2\/categories?post=1235"},{"taxonomy":"post_tag","embeddable":true,"href":"https:\/\/edumas.gov.co\/inicio\/wp-json\/wp\/v2\/tags?post=1235"}],"curies":[{"name":"wp","href":"https:\/\/api.w.org\/{rel}","templated":true}]}}