{"id":1278,"date":"2022-04-25T17:00:00","date_gmt":"2022-04-25T17:00:00","guid":{"rendered":"https:\/\/test.edumas.gov.co\/?p=1278"},"modified":"2023-10-25T17:03:14","modified_gmt":"2023-10-25T17:03:14","slug":"el-edumas-realizo-rendicion-de-cuentas-2021","status":"publish","type":"post","link":"https:\/\/edumas.gov.co\/inicio\/2022\/04\/25\/el-edumas-realizo-rendicion-de-cuentas-2021\/","title":{"rendered":"El Edumas realiz\u00f3 rendici\u00f3n de cuentas 2021"},"content":{"rendered":"\n<p class=\"wp-block-paragraph\"><strong>El Establecimiento de Desarrollo Urbano y Medio Ambiente de Soledad, Edumas, realiz\u00f3 en el d\u00eda de hoy, la rendici\u00f3n de cuentas de la pasada vigencia 2021.<\/strong><\/p>\n\n\n\n<p class=\"wp-block-paragraph\"><strong>La invitaci\u00f3n al evento virtual que se comparti\u00f3 previamente, se transmiti\u00f3 en las diferentes redes sociales del Establecimiento, como el perfil y p\u00e1gina de Facebook y el canal de YouTube, a partir de las 10:00 a.m. La grabaci\u00f3n de presentaci\u00f3n de la gesti\u00f3n puede ser consultada en esos mismos medios por el p\u00fablico.<\/strong><\/p>\n\n\n\n<p class=\"wp-block-paragraph\"><strong>De la mano del equipo de jefes de \u00e1reas del Edumas, el gerente Carlos Consuegra Primo, comparti\u00f3, entre otros, los siguientes resultados acorde a los programas estipulados en el Plan de Acci\u00f3n \u201cSoledad Cero Basura\u201d Edumas 2020-2023\u201d:<\/strong><\/p>\n\n\n\n<p class=\"wp-block-paragraph\"><strong>Programa de Participaci\u00f3n ciudadana en el medio ambiente:<\/strong><\/p>\n\n\n\n<ul class=\"wp-block-list\">\n<li><strong>Realizaci\u00f3n de 32 sensibilizaciones ambientales para la correcta disposici\u00f3n de los residuos s\u00f3lidos y el cumplimiento de los horarios de recolecci\u00f3n de las basuras; alcanzando a 1.214 personas sensibilizadas.<\/strong><\/li>\n\n\n\n<li><strong>Realizaci\u00f3n de cuatro EcoTiendas en los barrios Portal del Jord\u00e1n, La Bonga, Villa Muvdi, Las Ferias y Primero de Mayo, con la participaci\u00f3n de m\u00e1s de 1.000 personas entre ni\u00f1os, j\u00f3venes y adultos.<\/strong><\/li>\n\n\n\n<li><strong>Socializaci\u00f3n del proyecto \u201cGuardianes Ambientales y Urbanos\u201d a representantes legales de empresas establecidas en Soledad para su vinculaci\u00f3n a la campa\u00f1a.<\/strong><\/li>\n<\/ul>\n\n\n\n<p class=\"wp-block-paragraph\"><strong>Programa Proyectos de gesti\u00f3n ambiental:<\/strong><\/p>\n\n\n\n<ul class=\"wp-block-list\">\n<li><strong>Realizaci\u00f3n de campa\u00f1as enfocadas al uso de energ\u00edas renovables a trav\u00e9s de nuestros canales de comunicaci\u00f3n como la p\u00e1gina web y redes sociales, as\u00ed como visitas casa a casa.<\/strong><\/li>\n\n\n\n<li><strong>Acompa\u00f1amiento y seguimiento a la elaboraci\u00f3n de la actualizaci\u00f3n del PGIRS municipal, a trav\u00e9s de la asistencia a las mesas de trabajo.<\/strong><\/li>\n<\/ul>\n\n\n\n<p class=\"wp-block-paragraph\"><strong>Programa de Adecuaci\u00f3n de zonas verdes:<\/strong><\/p>\n\n\n\n<ul class=\"wp-block-list\">\n<li><strong>Intervenci\u00f3n de 34.165 metros cuadrados en 33 barrios del municipio de Soledad, correspondiente a limpieza de parques y zonas verdes. Superamos la meta planteada de 10.000 metros cuadrados.<\/strong><\/li>\n\n\n\n<li><strong>Intervenci\u00f3n de 114 puntos cr\u00edticos, disponiendo 6.541 toneladas de basuras con la empresa de aseo, Interaseo.<\/strong><\/li>\n<\/ul>\n\n\n\n<p class=\"wp-block-paragraph\"><strong>Programa de Fortalecimiento del desempe\u00f1o ambiental de los sectores productivos:<\/strong><\/p>\n\n\n\n<ul class=\"wp-block-list\">\n<li><strong>Realizaci\u00f3n de 31 visitas a empresas, entidades de la salud y estaciones de servicio para el seguimiento de las condiciones ambientales y el cumplimiento de la normativa.<\/strong><\/li>\n<\/ul>\n\n\n\n<p class=\"wp-block-paragraph\"><strong>Programa de Adecuaci\u00f3n, mantenimiento y embellecimiento de zonas verdes y espacio p\u00fablico:<\/strong><\/p>\n\n\n\n<ul class=\"wp-block-list\">\n<li><strong>Realizaci\u00f3n de ocho jornadas de siembra de \u00e1rboles en ocho sectores de Soledad tales como el Portal de Jord\u00e1n, Las Moras, lote adyacente al colegio ITIDA, Ciudad Para\u00edso, Candelaria 1, La Fe, Nueva Esperanza y Ferrocarril.<\/strong><\/li>\n\n\n\n<li><strong>Siembra de 1000 \u00e1rboles entre frutales y maderables en zonas verdes y de recreaci\u00f3n. Cifra por debajo de la meta planteada para esa vigencia.<\/strong><\/li>\n<\/ul>\n\n\n\n<p class=\"wp-block-paragraph\"><strong>Programa Ordenamiento ambiental territorial:<\/strong><\/p>\n\n\n\n<ul class=\"wp-block-list\">\n<li><strong>Limpieza de 4.827 metros lineales de arroyos, en los que se extrajeron 419 toneladas de residuos con trabajo manual y con maquinaria en 17 arroyos existentes en 14 barrios de Soledad.<\/strong><\/li>\n\n\n\n<li><strong>Soporte t\u00e9cnico articulado con Secretar\u00eda de Gobierno e inspectores de polic\u00eda de cada jurisdicci\u00f3n.<\/strong><\/li>\n\n\n\n<li><strong>Realizaci\u00f3n de trabajos de recuperaci\u00f3n de espacio p\u00fablico y casos de infracciones urban\u00edsticas.<\/strong><\/li>\n\n\n\n<li><strong>Seguimiento a la rotura de pavimento en espacio p\u00fablico.<\/strong><\/li>\n\n\n\n<li><strong>Control, capacitaci\u00f3n y seguimiento a la contaminaci\u00f3n visual en espacio p\u00fablico, y en l\u00ednea con ello, adelantamos la inspecci\u00f3n de 20 estructuras publicitarias y 1.562 operativos.<\/strong><\/li>\n<\/ul>\n\n\n\n<p class=\"wp-block-paragraph\"><strong>Respuesta a la comunidad:<\/strong><\/p>\n\n\n\n<ul class=\"wp-block-list\">\n<li><strong>Atenci\u00f3n o traslado a las entidades competentes de 651 PQRS en materia ambiental.<\/strong><\/li>\n\n\n\n<li><strong>En materia del control y seguimiento de los espacios p\u00fablicos, construcciones y otros casos de convivencia urbana, dimos respuesta o traslado a 550 PQRS, as\u00ed como de 21 PQRS m\u00e1s de casos diversos.<\/strong><\/li>\n\n\n\n<li><strong>Gran total de 1.222 PQRS atendidas.<\/strong><\/li>\n\n\n\n<li><strong>Pavimentamos de 200 metros lineales a trav\u00e9s del programa de gesti\u00f3n social \u201cObras con la gente\u201d.<\/strong><\/li>\n<\/ul>\n\n\n\n<p class=\"wp-block-paragraph\"><strong>El Edumas continuar\u00e1 dando respuesta a la comunidad a partir de la rendici\u00f3n de cuentas 2021 del d\u00eda de hoy, a trav\u00e9s de los diferentes medios de comunicaci\u00f3n institucionales.<\/strong><\/p>\n\n\n\n<figure class=\"wp-block-embed is-type-video is-provider-youtube wp-block-embed-youtube wp-embed-aspect-16-9 wp-has-aspect-ratio\"><div class=\"wp-block-embed__wrapper\">\n<iframe title=\"Rendici\u00f3n de cuentas Edumas 2021\" width=\"800\" height=\"450\" src=\"https:\/\/www.youtube.com\/embed\/KO27DnNQ9JA?feature=oembed\" frameborder=\"0\" allow=\"accelerometer; autoplay; clipboard-write; encrypted-media; gyroscope; picture-in-picture; web-share\" allowfullscreen><\/iframe>\n<\/div><figcaption class=\"wp-element-caption\">Video de transmisi\u00f3n de la rendici\u00f3n de cuentas Edumas &#8211; 2021<\/figcaption><\/figure>\n","protected":false},"excerpt":{"rendered":"<p>El Establecimiento de Desarrollo Urbano y Medio Ambiente de Soledad, Edumas, realiz\u00f3 en el d\u00eda de hoy, la rendici\u00f3n de cuentas de la pasada vigencia 2021. La invitaci\u00f3n al evento virtual que se comparti\u00f3 previamente, se transmiti\u00f3 en las diferentes redes sociales del Establecimiento, como el perfil y p\u00e1gina de Facebook y el canal de [&hellip;]<\/p>\n","protected":false},"author":1,"featured_media":1279,"comment_status":"open","ping_status":"open","sticky":false,"template":"","format":"standard","meta":{"footnotes":""},"categories":[28,26],"tags":[],"class_list":["post-1278","post","type-post","status-publish","format-standard","has-post-thumbnail","hentry","category-eventos","category-noticias"],"yoast_head":"<!-- This site is optimized with the Yoast SEO plugin v27.4 - https:\/\/yoast.com\/product\/yoast-seo-wordpress\/ -->\n<title>El Edumas realiz\u00f3 rendici\u00f3n de cuentas 2021 - Edumas<\/title>\n<meta name=\"robots\" content=\"index, follow, max-snippet:-1, max-image-preview:large, max-video-preview:-1\" \/>\n<link rel=\"canonical\" href=\"https:\/\/edumas.gov.co\/inicio\/2022\/04\/25\/el-edumas-realizo-rendicion-de-cuentas-2021\/\" \/>\n<meta property=\"og:locale\" content=\"es_ES\" \/>\n<meta property=\"og:type\" content=\"article\" \/>\n<meta property=\"og:title\" content=\"El Edumas realiz\u00f3 rendici\u00f3n de cuentas 2021 - Edumas\" \/>\n<meta property=\"og:description\" content=\"El Establecimiento de Desarrollo Urbano y Medio Ambiente de Soledad, Edumas, realiz\u00f3 en el d\u00eda de hoy, la rendici\u00f3n de cuentas de la pasada vigencia 2021. La invitaci\u00f3n al evento virtual que se comparti\u00f3 previamente, se transmiti\u00f3 en las diferentes redes sociales del Establecimiento, como el perfil y p\u00e1gina de Facebook y el canal de [&hellip;]\" \/>\n<meta property=\"og:url\" content=\"https:\/\/edumas.gov.co\/inicio\/2022\/04\/25\/el-edumas-realizo-rendicion-de-cuentas-2021\/\" \/>\n<meta property=\"og:site_name\" content=\"Edumas\" \/>\n<meta property=\"article:published_time\" content=\"2022-04-25T17:00:00+00:00\" \/>\n<meta property=\"article:modified_time\" content=\"2023-10-25T17:03:14+00:00\" \/>\n<meta property=\"og:image\" content=\"https:\/\/edumas.gov.co\/wp-content\/uploads\/2023\/10\/El-Edumas-realizo-rendicion-de-cuentas-2021.jpg\" \/>\n\t<meta property=\"og:image:width\" content=\"1920\" \/>\n\t<meta property=\"og:image:height\" content=\"1080\" \/>\n\t<meta property=\"og:image:type\" content=\"image\/jpeg\" \/>\n<meta name=\"author\" content=\"edumas\" \/>\n<meta name=\"twitter:card\" content=\"summary_large_image\" \/>\n<meta name=\"twitter:label1\" content=\"Escrito por\" \/>\n\t<meta name=\"twitter:data1\" content=\"edumas\" \/>\n\t<meta name=\"twitter:label2\" content=\"Tiempo de lectura\" \/>\n\t<meta name=\"twitter:data2\" content=\"3 minutos\" \/>\n<script type=\"application\/ld+json\" class=\"yoast-schema-graph\">{\"@context\":\"https:\\\/\\\/schema.org\",\"@graph\":[{\"@type\":\"Article\",\"@id\":\"https:\\\/\\\/edumas.gov.co\\\/inicio\\\/2022\\\/04\\\/25\\\/el-edumas-realizo-rendicion-de-cuentas-2021\\\/#article\",\"isPartOf\":{\"@id\":\"https:\\\/\\\/edumas.gov.co\\\/inicio\\\/2022\\\/04\\\/25\\\/el-edumas-realizo-rendicion-de-cuentas-2021\\\/\"},\"author\":{\"name\":\"edumas\",\"@id\":\"https:\\\/\\\/edumas.gov.co\\\/inicio\\\/#\\\/schema\\\/person\\\/e2e82a662fd06864325b88811079b05a\"},\"headline\":\"El Edumas realiz\u00f3 rendici\u00f3n de cuentas 2021\",\"datePublished\":\"2022-04-25T17:00:00+00:00\",\"dateModified\":\"2023-10-25T17:03:14+00:00\",\"mainEntityOfPage\":{\"@id\":\"https:\\\/\\\/edumas.gov.co\\\/inicio\\\/2022\\\/04\\\/25\\\/el-edumas-realizo-rendicion-de-cuentas-2021\\\/\"},\"wordCount\":690,\"commentCount\":0,\"publisher\":{\"@id\":\"https:\\\/\\\/edumas.gov.co\\\/inicio\\\/#organization\"},\"image\":{\"@id\":\"https:\\\/\\\/edumas.gov.co\\\/inicio\\\/2022\\\/04\\\/25\\\/el-edumas-realizo-rendicion-de-cuentas-2021\\\/#primaryimage\"},\"thumbnailUrl\":\"https:\\\/\\\/edumas.gov.co\\\/wp-content\\\/uploads\\\/2023\\\/10\\\/El-Edumas-realizo-rendicion-de-cuentas-2021.jpg\",\"articleSection\":[\"eventos\",\"noticias\"],\"inLanguage\":\"es\",\"potentialAction\":[{\"@type\":\"CommentAction\",\"name\":\"Comment\",\"target\":[\"https:\\\/\\\/edumas.gov.co\\\/inicio\\\/2022\\\/04\\\/25\\\/el-edumas-realizo-rendicion-de-cuentas-2021\\\/#respond\"]}]},{\"@type\":\"WebPage\",\"@id\":\"https:\\\/\\\/edumas.gov.co\\\/inicio\\\/2022\\\/04\\\/25\\\/el-edumas-realizo-rendicion-de-cuentas-2021\\\/\",\"url\":\"https:\\\/\\\/edumas.gov.co\\\/inicio\\\/2022\\\/04\\\/25\\\/el-edumas-realizo-rendicion-de-cuentas-2021\\\/\",\"name\":\"El Edumas realiz\u00f3 rendici\u00f3n de cuentas 2021 - Edumas\",\"isPartOf\":{\"@id\":\"https:\\\/\\\/edumas.gov.co\\\/inicio\\\/#website\"},\"primaryImageOfPage\":{\"@id\":\"https:\\\/\\\/edumas.gov.co\\\/inicio\\\/2022\\\/04\\\/25\\\/el-edumas-realizo-rendicion-de-cuentas-2021\\\/#primaryimage\"},\"image\":{\"@id\":\"https:\\\/\\\/edumas.gov.co\\\/inicio\\\/2022\\\/04\\\/25\\\/el-edumas-realizo-rendicion-de-cuentas-2021\\\/#primaryimage\"},\"thumbnailUrl\":\"https:\\\/\\\/edumas.gov.co\\\/wp-content\\\/uploads\\\/2023\\\/10\\\/El-Edumas-realizo-rendicion-de-cuentas-2021.jpg\",\"datePublished\":\"2022-04-25T17:00:00+00:00\",\"dateModified\":\"2023-10-25T17:03:14+00:00\",\"breadcrumb\":{\"@id\":\"https:\\\/\\\/edumas.gov.co\\\/inicio\\\/2022\\\/04\\\/25\\\/el-edumas-realizo-rendicion-de-cuentas-2021\\\/#breadcrumb\"},\"inLanguage\":\"es\",\"potentialAction\":[{\"@type\":\"ReadAction\",\"target\":[\"https:\\\/\\\/edumas.gov.co\\\/inicio\\\/2022\\\/04\\\/25\\\/el-edumas-realizo-rendicion-de-cuentas-2021\\\/\"]}]},{\"@type\":\"ImageObject\",\"inLanguage\":\"es\",\"@id\":\"https:\\\/\\\/edumas.gov.co\\\/inicio\\\/2022\\\/04\\\/25\\\/el-edumas-realizo-rendicion-de-cuentas-2021\\\/#primaryimage\",\"url\":\"https:\\\/\\\/edumas.gov.co\\\/wp-content\\\/uploads\\\/2023\\\/10\\\/El-Edumas-realizo-rendicion-de-cuentas-2021.jpg\",\"contentUrl\":\"https:\\\/\\\/edumas.gov.co\\\/wp-content\\\/uploads\\\/2023\\\/10\\\/El-Edumas-realizo-rendicion-de-cuentas-2021.jpg\",\"width\":1920,\"height\":1080},{\"@type\":\"BreadcrumbList\",\"@id\":\"https:\\\/\\\/edumas.gov.co\\\/inicio\\\/2022\\\/04\\\/25\\\/el-edumas-realizo-rendicion-de-cuentas-2021\\\/#breadcrumb\",\"itemListElement\":[{\"@type\":\"ListItem\",\"position\":1,\"name\":\"Portada\",\"item\":\"https:\\\/\\\/edumas.gov.co\\\/inicio\\\/\"},{\"@type\":\"ListItem\",\"position\":2,\"name\":\"El Edumas realiz\u00f3 rendici\u00f3n de cuentas 2021\"}]},{\"@type\":\"WebSite\",\"@id\":\"https:\\\/\\\/edumas.gov.co\\\/inicio\\\/#website\",\"url\":\"https:\\\/\\\/edumas.gov.co\\\/inicio\\\/\",\"name\":\"Edumas\",\"description\":\"Edumas\",\"publisher\":{\"@id\":\"https:\\\/\\\/edumas.gov.co\\\/inicio\\\/#organization\"},\"potentialAction\":[{\"@type\":\"SearchAction\",\"target\":{\"@type\":\"EntryPoint\",\"urlTemplate\":\"https:\\\/\\\/edumas.gov.co\\\/inicio\\\/?s={search_term_string}\"},\"query-input\":{\"@type\":\"PropertyValueSpecification\",\"valueRequired\":true,\"valueName\":\"search_term_string\"}}],\"inLanguage\":\"es\"},{\"@type\":\"Organization\",\"@id\":\"https:\\\/\\\/edumas.gov.co\\\/inicio\\\/#organization\",\"name\":\"Edumas\",\"url\":\"https:\\\/\\\/edumas.gov.co\\\/inicio\\\/\",\"logo\":{\"@type\":\"ImageObject\",\"inLanguage\":\"es\",\"@id\":\"https:\\\/\\\/edumas.gov.co\\\/inicio\\\/#\\\/schema\\\/logo\\\/image\\\/\",\"url\":\"https:\\\/\\\/edumas.gov.co\\\/wp-content\\\/uploads\\\/2024\\\/10\\\/Perfil-Instagram-PhotoRoom.png-PhotoRoom.png\",\"contentUrl\":\"https:\\\/\\\/edumas.gov.co\\\/wp-content\\\/uploads\\\/2024\\\/10\\\/Perfil-Instagram-PhotoRoom.png-PhotoRoom.png\",\"width\":648,\"height\":233,\"caption\":\"Edumas\"},\"image\":{\"@id\":\"https:\\\/\\\/edumas.gov.co\\\/inicio\\\/#\\\/schema\\\/logo\\\/image\\\/\"}},{\"@type\":\"Person\",\"@id\":\"https:\\\/\\\/edumas.gov.co\\\/inicio\\\/#\\\/schema\\\/person\\\/e2e82a662fd06864325b88811079b05a\",\"name\":\"edumas\",\"image\":{\"@type\":\"ImageObject\",\"inLanguage\":\"es\",\"@id\":\"https:\\\/\\\/edumas.gov.co\\\/wp-content\\\/uploads\\\/2025\\\/03\\\/WhatsApp-Image-2025-03-06-at-12.44.58-PM-150x150.jpeg\",\"url\":\"https:\\\/\\\/edumas.gov.co\\\/wp-content\\\/uploads\\\/2025\\\/03\\\/WhatsApp-Image-2025-03-06-at-12.44.58-PM-150x150.jpeg\",\"contentUrl\":\"https:\\\/\\\/edumas.gov.co\\\/wp-content\\\/uploads\\\/2025\\\/03\\\/WhatsApp-Image-2025-03-06-at-12.44.58-PM-150x150.jpeg\",\"caption\":\"edumas\"},\"sameAs\":[\"https:\\\/\\\/test.edumas.gov.co\"],\"url\":\"https:\\\/\\\/edumas.gov.co\\\/inicio\\\/author\\\/edumas\\\/\"}]}<\/script>\n<!-- \/ Yoast SEO plugin. -->","yoast_head_json":{"title":"El Edumas realiz\u00f3 rendici\u00f3n de cuentas 2021 - Edumas","robots":{"index":"index","follow":"follow","max-snippet":"max-snippet:-1","max-image-preview":"max-image-preview:large","max-video-preview":"max-video-preview:-1"},"canonical":"https:\/\/edumas.gov.co\/inicio\/2022\/04\/25\/el-edumas-realizo-rendicion-de-cuentas-2021\/","og_locale":"es_ES","og_type":"article","og_title":"El Edumas realiz\u00f3 rendici\u00f3n de cuentas 2021 - Edumas","og_description":"El Establecimiento de Desarrollo Urbano y Medio Ambiente de Soledad, Edumas, realiz\u00f3 en el d\u00eda de hoy, la rendici\u00f3n de cuentas de la pasada vigencia 2021. La invitaci\u00f3n al evento virtual que se comparti\u00f3 previamente, se transmiti\u00f3 en las diferentes redes sociales del Establecimiento, como el perfil y p\u00e1gina de Facebook y el canal de [&hellip;]","og_url":"https:\/\/edumas.gov.co\/inicio\/2022\/04\/25\/el-edumas-realizo-rendicion-de-cuentas-2021\/","og_site_name":"Edumas","article_published_time":"2022-04-25T17:00:00+00:00","article_modified_time":"2023-10-25T17:03:14+00:00","og_image":[{"width":1920,"height":1080,"url":"https:\/\/edumas.gov.co\/wp-content\/uploads\/2023\/10\/El-Edumas-realizo-rendicion-de-cuentas-2021.jpg","type":"image\/jpeg"}],"author":"edumas","twitter_card":"summary_large_image","twitter_misc":{"Escrito por":"edumas","Tiempo de lectura":"3 minutos"},"schema":{"@context":"https:\/\/schema.org","@graph":[{"@type":"Article","@id":"https:\/\/edumas.gov.co\/inicio\/2022\/04\/25\/el-edumas-realizo-rendicion-de-cuentas-2021\/#article","isPartOf":{"@id":"https:\/\/edumas.gov.co\/inicio\/2022\/04\/25\/el-edumas-realizo-rendicion-de-cuentas-2021\/"},"author":{"name":"edumas","@id":"https:\/\/edumas.gov.co\/inicio\/#\/schema\/person\/e2e82a662fd06864325b88811079b05a"},"headline":"El Edumas realiz\u00f3 rendici\u00f3n de cuentas 2021","datePublished":"2022-04-25T17:00:00+00:00","dateModified":"2023-10-25T17:03:14+00:00","mainEntityOfPage":{"@id":"https:\/\/edumas.gov.co\/inicio\/2022\/04\/25\/el-edumas-realizo-rendicion-de-cuentas-2021\/"},"wordCount":690,"commentCount":0,"publisher":{"@id":"https:\/\/edumas.gov.co\/inicio\/#organization"},"image":{"@id":"https:\/\/edumas.gov.co\/inicio\/2022\/04\/25\/el-edumas-realizo-rendicion-de-cuentas-2021\/#primaryimage"},"thumbnailUrl":"https:\/\/edumas.gov.co\/wp-content\/uploads\/2023\/10\/El-Edumas-realizo-rendicion-de-cuentas-2021.jpg","articleSection":["eventos","noticias"],"inLanguage":"es","potentialAction":[{"@type":"CommentAction","name":"Comment","target":["https:\/\/edumas.gov.co\/inicio\/2022\/04\/25\/el-edumas-realizo-rendicion-de-cuentas-2021\/#respond"]}]},{"@type":"WebPage","@id":"https:\/\/edumas.gov.co\/inicio\/2022\/04\/25\/el-edumas-realizo-rendicion-de-cuentas-2021\/","url":"https:\/\/edumas.gov.co\/inicio\/2022\/04\/25\/el-edumas-realizo-rendicion-de-cuentas-2021\/","name":"El Edumas realiz\u00f3 rendici\u00f3n de cuentas 2021 - Edumas","isPartOf":{"@id":"https:\/\/edumas.gov.co\/inicio\/#website"},"primaryImageOfPage":{"@id":"https:\/\/edumas.gov.co\/inicio\/2022\/04\/25\/el-edumas-realizo-rendicion-de-cuentas-2021\/#primaryimage"},"image":{"@id":"https:\/\/edumas.gov.co\/inicio\/2022\/04\/25\/el-edumas-realizo-rendicion-de-cuentas-2021\/#primaryimage"},"thumbnailUrl":"https:\/\/edumas.gov.co\/wp-content\/uploads\/2023\/10\/El-Edumas-realizo-rendicion-de-cuentas-2021.jpg","datePublished":"2022-04-25T17:00:00+00:00","dateModified":"2023-10-25T17:03:14+00:00","breadcrumb":{"@id":"https:\/\/edumas.gov.co\/inicio\/2022\/04\/25\/el-edumas-realizo-rendicion-de-cuentas-2021\/#breadcrumb"},"inLanguage":"es","potentialAction":[{"@type":"ReadAction","target":["https:\/\/edumas.gov.co\/inicio\/2022\/04\/25\/el-edumas-realizo-rendicion-de-cuentas-2021\/"]}]},{"@type":"ImageObject","inLanguage":"es","@id":"https:\/\/edumas.gov.co\/inicio\/2022\/04\/25\/el-edumas-realizo-rendicion-de-cuentas-2021\/#primaryimage","url":"https:\/\/edumas.gov.co\/wp-content\/uploads\/2023\/10\/El-Edumas-realizo-rendicion-de-cuentas-2021.jpg","contentUrl":"https:\/\/edumas.gov.co\/wp-content\/uploads\/2023\/10\/El-Edumas-realizo-rendicion-de-cuentas-2021.jpg","width":1920,"height":1080},{"@type":"BreadcrumbList","@id":"https:\/\/edumas.gov.co\/inicio\/2022\/04\/25\/el-edumas-realizo-rendicion-de-cuentas-2021\/#breadcrumb","itemListElement":[{"@type":"ListItem","position":1,"name":"Portada","item":"https:\/\/edumas.gov.co\/inicio\/"},{"@type":"ListItem","position":2,"name":"El Edumas realiz\u00f3 rendici\u00f3n de cuentas 2021"}]},{"@type":"WebSite","@id":"https:\/\/edumas.gov.co\/inicio\/#website","url":"https:\/\/edumas.gov.co\/inicio\/","name":"Edumas","description":"Edumas","publisher":{"@id":"https:\/\/edumas.gov.co\/inicio\/#organization"},"potentialAction":[{"@type":"SearchAction","target":{"@type":"EntryPoint","urlTemplate":"https:\/\/edumas.gov.co\/inicio\/?s={search_term_string}"},"query-input":{"@type":"PropertyValueSpecification","valueRequired":true,"valueName":"search_term_string"}}],"inLanguage":"es"},{"@type":"Organization","@id":"https:\/\/edumas.gov.co\/inicio\/#organization","name":"Edumas","url":"https:\/\/edumas.gov.co\/inicio\/","logo":{"@type":"ImageObject","inLanguage":"es","@id":"https:\/\/edumas.gov.co\/inicio\/#\/schema\/logo\/image\/","url":"https:\/\/edumas.gov.co\/wp-content\/uploads\/2024\/10\/Perfil-Instagram-PhotoRoom.png-PhotoRoom.png","contentUrl":"https:\/\/edumas.gov.co\/wp-content\/uploads\/2024\/10\/Perfil-Instagram-PhotoRoom.png-PhotoRoom.png","width":648,"height":233,"caption":"Edumas"},"image":{"@id":"https:\/\/edumas.gov.co\/inicio\/#\/schema\/logo\/image\/"}},{"@type":"Person","@id":"https:\/\/edumas.gov.co\/inicio\/#\/schema\/person\/e2e82a662fd06864325b88811079b05a","name":"edumas","image":{"@type":"ImageObject","inLanguage":"es","@id":"https:\/\/edumas.gov.co\/wp-content\/uploads\/2025\/03\/WhatsApp-Image-2025-03-06-at-12.44.58-PM-150x150.jpeg","url":"https:\/\/edumas.gov.co\/wp-content\/uploads\/2025\/03\/WhatsApp-Image-2025-03-06-at-12.44.58-PM-150x150.jpeg","contentUrl":"https:\/\/edumas.gov.co\/wp-content\/uploads\/2025\/03\/WhatsApp-Image-2025-03-06-at-12.44.58-PM-150x150.jpeg","caption":"edumas"},"sameAs":["https:\/\/test.edumas.gov.co"],"url":"https:\/\/edumas.gov.co\/inicio\/author\/edumas\/"}]}},"_links":{"self":[{"href":"https:\/\/edumas.gov.co\/inicio\/wp-json\/wp\/v2\/posts\/1278","targetHints":{"allow":["GET"]}}],"collection":[{"href":"https:\/\/edumas.gov.co\/inicio\/wp-json\/wp\/v2\/posts"}],"about":[{"href":"https:\/\/edumas.gov.co\/inicio\/wp-json\/wp\/v2\/types\/post"}],"author":[{"embeddable":true,"href":"https:\/\/edumas.gov.co\/inicio\/wp-json\/wp\/v2\/users\/1"}],"replies":[{"embeddable":true,"href":"https:\/\/edumas.gov.co\/inicio\/wp-json\/wp\/v2\/comments?post=1278"}],"version-history":[{"count":1,"href":"https:\/\/edumas.gov.co\/inicio\/wp-json\/wp\/v2\/posts\/1278\/revisions"}],"predecessor-version":[{"id":1280,"href":"https:\/\/edumas.gov.co\/inicio\/wp-json\/wp\/v2\/posts\/1278\/revisions\/1280"}],"wp:featuredmedia":[{"embeddable":true,"href":"https:\/\/edumas.gov.co\/inicio\/wp-json\/wp\/v2\/media\/1279"}],"wp:attachment":[{"href":"https:\/\/edumas.gov.co\/inicio\/wp-json\/wp\/v2\/media?parent=1278"}],"wp:term":[{"taxonomy":"category","embeddable":true,"href":"https:\/\/edumas.gov.co\/inicio\/wp-json\/wp\/v2\/categories?post=1278"},{"taxonomy":"post_tag","embeddable":true,"href":"https:\/\/edumas.gov.co\/inicio\/wp-json\/wp\/v2\/tags?post=1278"}],"curies":[{"name":"wp","href":"https:\/\/api.w.org\/{rel}","templated":true}]}}