{"id":1288,"date":"2022-11-09T17:12:00","date_gmt":"2022-11-09T17:12:00","guid":{"rendered":"https:\/\/test.edumas.gov.co\/?p=1288"},"modified":"2023-10-25T17:13:21","modified_gmt":"2023-10-25T17:13:21","slug":"wilson-de-la-rosa-montenegro-fue-designado-gerente-del-establecimiento-de-desarrollo-urbano-y-medio-ambiente-de-soledad-edumas","status":"publish","type":"post","link":"https:\/\/edumas.gov.co\/inicio\/2022\/11\/09\/wilson-de-la-rosa-montenegro-fue-designado-gerente-del-establecimiento-de-desarrollo-urbano-y-medio-ambiente-de-soledad-edumas\/","title":{"rendered":"Wilson De la Rosa Montenegro fue designado gerente del Establecimiento de Desarrollo Urbano y Medio Ambiente de Soledad, Edumas"},"content":{"rendered":"\n<p class=\"wp-block-paragraph\">Wilson De la Rosa Montenegro es abogado, especialista en derecho laboral. Cuenta con m\u00e1s de 14 a\u00f1os de experiencia en el sector p\u00fablico, donde ha desempe\u00f1ado cargos directivos en los que se ha caracterizado por su liderazgo y compromiso. Le deseamos \u00e9xitos en su gesti\u00f3n.<\/p>\n","protected":false},"excerpt":{"rendered":"<p>Wilson De la Rosa Montenegro es abogado, especialista en derecho laboral. Cuenta con m\u00e1s de 14 a\u00f1os de experiencia en el sector p\u00fablico, donde ha desempe\u00f1ado cargos directivos en los que se ha caracterizado por su liderazgo y compromiso. Le deseamos \u00e9xitos en su gesti\u00f3n.<\/p>\n","protected":false},"author":1,"featured_media":1289,"comment_status":"open","ping_status":"open","sticky":false,"template":"","format":"standard","meta":{"footnotes":""},"categories":[26],"tags":[],"class_list":["post-1288","post","type-post","status-publish","format-standard","has-post-thumbnail","hentry","category-noticias"],"yoast_head":"<!-- This site is optimized with the Yoast SEO plugin v27.4 - https:\/\/yoast.com\/product\/yoast-seo-wordpress\/ -->\n<title>Wilson De la Rosa Montenegro fue designado gerente del Establecimiento de Desarrollo Urbano y Medio Ambiente de Soledad, Edumas - Edumas<\/title>\n<meta name=\"robots\" content=\"index, follow, max-snippet:-1, max-image-preview:large, max-video-preview:-1\" \/>\n<link rel=\"canonical\" href=\"https:\/\/edumas.gov.co\/inicio\/2022\/11\/09\/wilson-de-la-rosa-montenegro-fue-designado-gerente-del-establecimiento-de-desarrollo-urbano-y-medio-ambiente-de-soledad-edumas\/\" \/>\n<meta property=\"og:locale\" content=\"es_ES\" \/>\n<meta property=\"og:type\" content=\"article\" \/>\n<meta property=\"og:title\" content=\"Wilson De la Rosa Montenegro fue designado gerente del Establecimiento de Desarrollo Urbano y Medio Ambiente de Soledad, Edumas - Edumas\" \/>\n<meta property=\"og:description\" content=\"Wilson De la Rosa Montenegro es abogado, especialista en derecho laboral. Cuenta con m\u00e1s de 14 a\u00f1os de experiencia en el sector p\u00fablico, donde ha desempe\u00f1ado cargos directivos en los que se ha caracterizado por su liderazgo y compromiso. Le deseamos \u00e9xitos en su gesti\u00f3n.\" \/>\n<meta property=\"og:url\" content=\"https:\/\/edumas.gov.co\/inicio\/2022\/11\/09\/wilson-de-la-rosa-montenegro-fue-designado-gerente-del-establecimiento-de-desarrollo-urbano-y-medio-ambiente-de-soledad-edumas\/\" \/>\n<meta property=\"og:site_name\" content=\"Edumas\" \/>\n<meta property=\"article:published_time\" content=\"2022-11-09T17:12:00+00:00\" \/>\n<meta property=\"article:modified_time\" content=\"2023-10-25T17:13:21+00:00\" \/>\n<meta property=\"og:image\" content=\"https:\/\/edumas.gov.co\/wp-content\/uploads\/2023\/10\/Wilson-De-la-Rosa-Montenegro-fue-designado-gerente-del-Establecimiento-de-Desarrollo-Urbano-y-Medio-Ambiente-de-Soledad-Edumas.jpeg\" \/>\n\t<meta property=\"og:image:width\" content=\"1080\" \/>\n\t<meta property=\"og:image:height\" content=\"1080\" \/>\n\t<meta property=\"og:image:type\" content=\"image\/jpeg\" \/>\n<meta name=\"author\" content=\"edumas\" \/>\n<meta name=\"twitter:card\" content=\"summary_large_image\" \/>\n<meta name=\"twitter:label1\" content=\"Escrito por\" \/>\n\t<meta name=\"twitter:data1\" content=\"edumas\" \/>\n<script type=\"application\/ld+json\" class=\"yoast-schema-graph\">{\"@context\":\"https:\\\/\\\/schema.org\",\"@graph\":[{\"@type\":\"Article\",\"@id\":\"https:\\\/\\\/edumas.gov.co\\\/inicio\\\/2022\\\/11\\\/09\\\/wilson-de-la-rosa-montenegro-fue-designado-gerente-del-establecimiento-de-desarrollo-urbano-y-medio-ambiente-de-soledad-edumas\\\/#article\",\"isPartOf\":{\"@id\":\"https:\\\/\\\/edumas.gov.co\\\/inicio\\\/2022\\\/11\\\/09\\\/wilson-de-la-rosa-montenegro-fue-designado-gerente-del-establecimiento-de-desarrollo-urbano-y-medio-ambiente-de-soledad-edumas\\\/\"},\"author\":{\"name\":\"edumas\",\"@id\":\"https:\\\/\\\/edumas.gov.co\\\/inicio\\\/#\\\/schema\\\/person\\\/e2e82a662fd06864325b88811079b05a\"},\"headline\":\"Wilson De la Rosa Montenegro fue designado gerente del Establecimiento de Desarrollo Urbano y Medio Ambiente de Soledad, Edumas\",\"datePublished\":\"2022-11-09T17:12:00+00:00\",\"dateModified\":\"2023-10-25T17:13:21+00:00\",\"mainEntityOfPage\":{\"@id\":\"https:\\\/\\\/edumas.gov.co\\\/inicio\\\/2022\\\/11\\\/09\\\/wilson-de-la-rosa-montenegro-fue-designado-gerente-del-establecimiento-de-desarrollo-urbano-y-medio-ambiente-de-soledad-edumas\\\/\"},\"wordCount\":68,\"commentCount\":0,\"publisher\":{\"@id\":\"https:\\\/\\\/edumas.gov.co\\\/inicio\\\/#organization\"},\"image\":{\"@id\":\"https:\\\/\\\/edumas.gov.co\\\/inicio\\\/2022\\\/11\\\/09\\\/wilson-de-la-rosa-montenegro-fue-designado-gerente-del-establecimiento-de-desarrollo-urbano-y-medio-ambiente-de-soledad-edumas\\\/#primaryimage\"},\"thumbnailUrl\":\"https:\\\/\\\/edumas.gov.co\\\/wp-content\\\/uploads\\\/2023\\\/10\\\/Wilson-De-la-Rosa-Montenegro-fue-designado-gerente-del-Establecimiento-de-Desarrollo-Urbano-y-Medio-Ambiente-de-Soledad-Edumas.jpeg\",\"articleSection\":[\"noticias\"],\"inLanguage\":\"es\",\"potentialAction\":[{\"@type\":\"CommentAction\",\"name\":\"Comment\",\"target\":[\"https:\\\/\\\/edumas.gov.co\\\/inicio\\\/2022\\\/11\\\/09\\\/wilson-de-la-rosa-montenegro-fue-designado-gerente-del-establecimiento-de-desarrollo-urbano-y-medio-ambiente-de-soledad-edumas\\\/#respond\"]}]},{\"@type\":\"WebPage\",\"@id\":\"https:\\\/\\\/edumas.gov.co\\\/inicio\\\/2022\\\/11\\\/09\\\/wilson-de-la-rosa-montenegro-fue-designado-gerente-del-establecimiento-de-desarrollo-urbano-y-medio-ambiente-de-soledad-edumas\\\/\",\"url\":\"https:\\\/\\\/edumas.gov.co\\\/inicio\\\/2022\\\/11\\\/09\\\/wilson-de-la-rosa-montenegro-fue-designado-gerente-del-establecimiento-de-desarrollo-urbano-y-medio-ambiente-de-soledad-edumas\\\/\",\"name\":\"Wilson De la Rosa Montenegro fue designado gerente del Establecimiento de Desarrollo Urbano y Medio Ambiente de Soledad, Edumas - Edumas\",\"isPartOf\":{\"@id\":\"https:\\\/\\\/edumas.gov.co\\\/inicio\\\/#website\"},\"primaryImageOfPage\":{\"@id\":\"https:\\\/\\\/edumas.gov.co\\\/inicio\\\/2022\\\/11\\\/09\\\/wilson-de-la-rosa-montenegro-fue-designado-gerente-del-establecimiento-de-desarrollo-urbano-y-medio-ambiente-de-soledad-edumas\\\/#primaryimage\"},\"image\":{\"@id\":\"https:\\\/\\\/edumas.gov.co\\\/inicio\\\/2022\\\/11\\\/09\\\/wilson-de-la-rosa-montenegro-fue-designado-gerente-del-establecimiento-de-desarrollo-urbano-y-medio-ambiente-de-soledad-edumas\\\/#primaryimage\"},\"thumbnailUrl\":\"https:\\\/\\\/edumas.gov.co\\\/wp-content\\\/uploads\\\/2023\\\/10\\\/Wilson-De-la-Rosa-Montenegro-fue-designado-gerente-del-Establecimiento-de-Desarrollo-Urbano-y-Medio-Ambiente-de-Soledad-Edumas.jpeg\",\"datePublished\":\"2022-11-09T17:12:00+00:00\",\"dateModified\":\"2023-10-25T17:13:21+00:00\",\"breadcrumb\":{\"@id\":\"https:\\\/\\\/edumas.gov.co\\\/inicio\\\/2022\\\/11\\\/09\\\/wilson-de-la-rosa-montenegro-fue-designado-gerente-del-establecimiento-de-desarrollo-urbano-y-medio-ambiente-de-soledad-edumas\\\/#breadcrumb\"},\"inLanguage\":\"es\",\"potentialAction\":[{\"@type\":\"ReadAction\",\"target\":[\"https:\\\/\\\/edumas.gov.co\\\/inicio\\\/2022\\\/11\\\/09\\\/wilson-de-la-rosa-montenegro-fue-designado-gerente-del-establecimiento-de-desarrollo-urbano-y-medio-ambiente-de-soledad-edumas\\\/\"]}]},{\"@type\":\"ImageObject\",\"inLanguage\":\"es\",\"@id\":\"https:\\\/\\\/edumas.gov.co\\\/inicio\\\/2022\\\/11\\\/09\\\/wilson-de-la-rosa-montenegro-fue-designado-gerente-del-establecimiento-de-desarrollo-urbano-y-medio-ambiente-de-soledad-edumas\\\/#primaryimage\",\"url\":\"https:\\\/\\\/edumas.gov.co\\\/wp-content\\\/uploads\\\/2023\\\/10\\\/Wilson-De-la-Rosa-Montenegro-fue-designado-gerente-del-Establecimiento-de-Desarrollo-Urbano-y-Medio-Ambiente-de-Soledad-Edumas.jpeg\",\"contentUrl\":\"https:\\\/\\\/edumas.gov.co\\\/wp-content\\\/uploads\\\/2023\\\/10\\\/Wilson-De-la-Rosa-Montenegro-fue-designado-gerente-del-Establecimiento-de-Desarrollo-Urbano-y-Medio-Ambiente-de-Soledad-Edumas.jpeg\",\"width\":1080,\"height\":1080},{\"@type\":\"BreadcrumbList\",\"@id\":\"https:\\\/\\\/edumas.gov.co\\\/inicio\\\/2022\\\/11\\\/09\\\/wilson-de-la-rosa-montenegro-fue-designado-gerente-del-establecimiento-de-desarrollo-urbano-y-medio-ambiente-de-soledad-edumas\\\/#breadcrumb\",\"itemListElement\":[{\"@type\":\"ListItem\",\"position\":1,\"name\":\"Portada\",\"item\":\"https:\\\/\\\/edumas.gov.co\\\/inicio\\\/\"},{\"@type\":\"ListItem\",\"position\":2,\"name\":\"Wilson De la Rosa Montenegro fue designado gerente del Establecimiento de Desarrollo Urbano y Medio Ambiente de Soledad, Edumas\"}]},{\"@type\":\"WebSite\",\"@id\":\"https:\\\/\\\/edumas.gov.co\\\/inicio\\\/#website\",\"url\":\"https:\\\/\\\/edumas.gov.co\\\/inicio\\\/\",\"name\":\"Edumas\",\"description\":\"Edumas\",\"publisher\":{\"@id\":\"https:\\\/\\\/edumas.gov.co\\\/inicio\\\/#organization\"},\"potentialAction\":[{\"@type\":\"SearchAction\",\"target\":{\"@type\":\"EntryPoint\",\"urlTemplate\":\"https:\\\/\\\/edumas.gov.co\\\/inicio\\\/?s={search_term_string}\"},\"query-input\":{\"@type\":\"PropertyValueSpecification\",\"valueRequired\":true,\"valueName\":\"search_term_string\"}}],\"inLanguage\":\"es\"},{\"@type\":\"Organization\",\"@id\":\"https:\\\/\\\/edumas.gov.co\\\/inicio\\\/#organization\",\"name\":\"Edumas\",\"url\":\"https:\\\/\\\/edumas.gov.co\\\/inicio\\\/\",\"logo\":{\"@type\":\"ImageObject\",\"inLanguage\":\"es\",\"@id\":\"https:\\\/\\\/edumas.gov.co\\\/inicio\\\/#\\\/schema\\\/logo\\\/image\\\/\",\"url\":\"https:\\\/\\\/edumas.gov.co\\\/wp-content\\\/uploads\\\/2024\\\/10\\\/Perfil-Instagram-PhotoRoom.png-PhotoRoom.png\",\"contentUrl\":\"https:\\\/\\\/edumas.gov.co\\\/wp-content\\\/uploads\\\/2024\\\/10\\\/Perfil-Instagram-PhotoRoom.png-PhotoRoom.png\",\"width\":648,\"height\":233,\"caption\":\"Edumas\"},\"image\":{\"@id\":\"https:\\\/\\\/edumas.gov.co\\\/inicio\\\/#\\\/schema\\\/logo\\\/image\\\/\"}},{\"@type\":\"Person\",\"@id\":\"https:\\\/\\\/edumas.gov.co\\\/inicio\\\/#\\\/schema\\\/person\\\/e2e82a662fd06864325b88811079b05a\",\"name\":\"edumas\",\"image\":{\"@type\":\"ImageObject\",\"inLanguage\":\"es\",\"@id\":\"https:\\\/\\\/edumas.gov.co\\\/wp-content\\\/uploads\\\/2025\\\/03\\\/WhatsApp-Image-2025-03-06-at-12.44.58-PM-150x150.jpeg\",\"url\":\"https:\\\/\\\/edumas.gov.co\\\/wp-content\\\/uploads\\\/2025\\\/03\\\/WhatsApp-Image-2025-03-06-at-12.44.58-PM-150x150.jpeg\",\"contentUrl\":\"https:\\\/\\\/edumas.gov.co\\\/wp-content\\\/uploads\\\/2025\\\/03\\\/WhatsApp-Image-2025-03-06-at-12.44.58-PM-150x150.jpeg\",\"caption\":\"edumas\"},\"sameAs\":[\"https:\\\/\\\/test.edumas.gov.co\"],\"url\":\"https:\\\/\\\/edumas.gov.co\\\/inicio\\\/author\\\/edumas\\\/\"}]}<\/script>\n<!-- \/ Yoast SEO plugin. -->","yoast_head_json":{"title":"Wilson De la Rosa Montenegro fue designado gerente del Establecimiento de Desarrollo Urbano y Medio Ambiente de Soledad, Edumas - Edumas","robots":{"index":"index","follow":"follow","max-snippet":"max-snippet:-1","max-image-preview":"max-image-preview:large","max-video-preview":"max-video-preview:-1"},"canonical":"https:\/\/edumas.gov.co\/inicio\/2022\/11\/09\/wilson-de-la-rosa-montenegro-fue-designado-gerente-del-establecimiento-de-desarrollo-urbano-y-medio-ambiente-de-soledad-edumas\/","og_locale":"es_ES","og_type":"article","og_title":"Wilson De la Rosa Montenegro fue designado gerente del Establecimiento de Desarrollo Urbano y Medio Ambiente de Soledad, Edumas - Edumas","og_description":"Wilson De la Rosa Montenegro es abogado, especialista en derecho laboral. Cuenta con m\u00e1s de 14 a\u00f1os de experiencia en el sector p\u00fablico, donde ha desempe\u00f1ado cargos directivos en los que se ha caracterizado por su liderazgo y compromiso. Le deseamos \u00e9xitos en su gesti\u00f3n.","og_url":"https:\/\/edumas.gov.co\/inicio\/2022\/11\/09\/wilson-de-la-rosa-montenegro-fue-designado-gerente-del-establecimiento-de-desarrollo-urbano-y-medio-ambiente-de-soledad-edumas\/","og_site_name":"Edumas","article_published_time":"2022-11-09T17:12:00+00:00","article_modified_time":"2023-10-25T17:13:21+00:00","og_image":[{"width":1080,"height":1080,"url":"https:\/\/edumas.gov.co\/wp-content\/uploads\/2023\/10\/Wilson-De-la-Rosa-Montenegro-fue-designado-gerente-del-Establecimiento-de-Desarrollo-Urbano-y-Medio-Ambiente-de-Soledad-Edumas.jpeg","type":"image\/jpeg"}],"author":"edumas","twitter_card":"summary_large_image","twitter_misc":{"Escrito por":"edumas"},"schema":{"@context":"https:\/\/schema.org","@graph":[{"@type":"Article","@id":"https:\/\/edumas.gov.co\/inicio\/2022\/11\/09\/wilson-de-la-rosa-montenegro-fue-designado-gerente-del-establecimiento-de-desarrollo-urbano-y-medio-ambiente-de-soledad-edumas\/#article","isPartOf":{"@id":"https:\/\/edumas.gov.co\/inicio\/2022\/11\/09\/wilson-de-la-rosa-montenegro-fue-designado-gerente-del-establecimiento-de-desarrollo-urbano-y-medio-ambiente-de-soledad-edumas\/"},"author":{"name":"edumas","@id":"https:\/\/edumas.gov.co\/inicio\/#\/schema\/person\/e2e82a662fd06864325b88811079b05a"},"headline":"Wilson De la Rosa Montenegro fue designado gerente del Establecimiento de Desarrollo Urbano y Medio Ambiente de Soledad, Edumas","datePublished":"2022-11-09T17:12:00+00:00","dateModified":"2023-10-25T17:13:21+00:00","mainEntityOfPage":{"@id":"https:\/\/edumas.gov.co\/inicio\/2022\/11\/09\/wilson-de-la-rosa-montenegro-fue-designado-gerente-del-establecimiento-de-desarrollo-urbano-y-medio-ambiente-de-soledad-edumas\/"},"wordCount":68,"commentCount":0,"publisher":{"@id":"https:\/\/edumas.gov.co\/inicio\/#organization"},"image":{"@id":"https:\/\/edumas.gov.co\/inicio\/2022\/11\/09\/wilson-de-la-rosa-montenegro-fue-designado-gerente-del-establecimiento-de-desarrollo-urbano-y-medio-ambiente-de-soledad-edumas\/#primaryimage"},"thumbnailUrl":"https:\/\/edumas.gov.co\/wp-content\/uploads\/2023\/10\/Wilson-De-la-Rosa-Montenegro-fue-designado-gerente-del-Establecimiento-de-Desarrollo-Urbano-y-Medio-Ambiente-de-Soledad-Edumas.jpeg","articleSection":["noticias"],"inLanguage":"es","potentialAction":[{"@type":"CommentAction","name":"Comment","target":["https:\/\/edumas.gov.co\/inicio\/2022\/11\/09\/wilson-de-la-rosa-montenegro-fue-designado-gerente-del-establecimiento-de-desarrollo-urbano-y-medio-ambiente-de-soledad-edumas\/#respond"]}]},{"@type":"WebPage","@id":"https:\/\/edumas.gov.co\/inicio\/2022\/11\/09\/wilson-de-la-rosa-montenegro-fue-designado-gerente-del-establecimiento-de-desarrollo-urbano-y-medio-ambiente-de-soledad-edumas\/","url":"https:\/\/edumas.gov.co\/inicio\/2022\/11\/09\/wilson-de-la-rosa-montenegro-fue-designado-gerente-del-establecimiento-de-desarrollo-urbano-y-medio-ambiente-de-soledad-edumas\/","name":"Wilson De la Rosa Montenegro fue designado gerente del Establecimiento de Desarrollo Urbano y Medio Ambiente de Soledad, Edumas - Edumas","isPartOf":{"@id":"https:\/\/edumas.gov.co\/inicio\/#website"},"primaryImageOfPage":{"@id":"https:\/\/edumas.gov.co\/inicio\/2022\/11\/09\/wilson-de-la-rosa-montenegro-fue-designado-gerente-del-establecimiento-de-desarrollo-urbano-y-medio-ambiente-de-soledad-edumas\/#primaryimage"},"image":{"@id":"https:\/\/edumas.gov.co\/inicio\/2022\/11\/09\/wilson-de-la-rosa-montenegro-fue-designado-gerente-del-establecimiento-de-desarrollo-urbano-y-medio-ambiente-de-soledad-edumas\/#primaryimage"},"thumbnailUrl":"https:\/\/edumas.gov.co\/wp-content\/uploads\/2023\/10\/Wilson-De-la-Rosa-Montenegro-fue-designado-gerente-del-Establecimiento-de-Desarrollo-Urbano-y-Medio-Ambiente-de-Soledad-Edumas.jpeg","datePublished":"2022-11-09T17:12:00+00:00","dateModified":"2023-10-25T17:13:21+00:00","breadcrumb":{"@id":"https:\/\/edumas.gov.co\/inicio\/2022\/11\/09\/wilson-de-la-rosa-montenegro-fue-designado-gerente-del-establecimiento-de-desarrollo-urbano-y-medio-ambiente-de-soledad-edumas\/#breadcrumb"},"inLanguage":"es","potentialAction":[{"@type":"ReadAction","target":["https:\/\/edumas.gov.co\/inicio\/2022\/11\/09\/wilson-de-la-rosa-montenegro-fue-designado-gerente-del-establecimiento-de-desarrollo-urbano-y-medio-ambiente-de-soledad-edumas\/"]}]},{"@type":"ImageObject","inLanguage":"es","@id":"https:\/\/edumas.gov.co\/inicio\/2022\/11\/09\/wilson-de-la-rosa-montenegro-fue-designado-gerente-del-establecimiento-de-desarrollo-urbano-y-medio-ambiente-de-soledad-edumas\/#primaryimage","url":"https:\/\/edumas.gov.co\/wp-content\/uploads\/2023\/10\/Wilson-De-la-Rosa-Montenegro-fue-designado-gerente-del-Establecimiento-de-Desarrollo-Urbano-y-Medio-Ambiente-de-Soledad-Edumas.jpeg","contentUrl":"https:\/\/edumas.gov.co\/wp-content\/uploads\/2023\/10\/Wilson-De-la-Rosa-Montenegro-fue-designado-gerente-del-Establecimiento-de-Desarrollo-Urbano-y-Medio-Ambiente-de-Soledad-Edumas.jpeg","width":1080,"height":1080},{"@type":"BreadcrumbList","@id":"https:\/\/edumas.gov.co\/inicio\/2022\/11\/09\/wilson-de-la-rosa-montenegro-fue-designado-gerente-del-establecimiento-de-desarrollo-urbano-y-medio-ambiente-de-soledad-edumas\/#breadcrumb","itemListElement":[{"@type":"ListItem","position":1,"name":"Portada","item":"https:\/\/edumas.gov.co\/inicio\/"},{"@type":"ListItem","position":2,"name":"Wilson De la Rosa Montenegro fue designado gerente del Establecimiento de Desarrollo Urbano y Medio Ambiente de Soledad, Edumas"}]},{"@type":"WebSite","@id":"https:\/\/edumas.gov.co\/inicio\/#website","url":"https:\/\/edumas.gov.co\/inicio\/","name":"Edumas","description":"Edumas","publisher":{"@id":"https:\/\/edumas.gov.co\/inicio\/#organization"},"potentialAction":[{"@type":"SearchAction","target":{"@type":"EntryPoint","urlTemplate":"https:\/\/edumas.gov.co\/inicio\/?s={search_term_string}"},"query-input":{"@type":"PropertyValueSpecification","valueRequired":true,"valueName":"search_term_string"}}],"inLanguage":"es"},{"@type":"Organization","@id":"https:\/\/edumas.gov.co\/inicio\/#organization","name":"Edumas","url":"https:\/\/edumas.gov.co\/inicio\/","logo":{"@type":"ImageObject","inLanguage":"es","@id":"https:\/\/edumas.gov.co\/inicio\/#\/schema\/logo\/image\/","url":"https:\/\/edumas.gov.co\/wp-content\/uploads\/2024\/10\/Perfil-Instagram-PhotoRoom.png-PhotoRoom.png","contentUrl":"https:\/\/edumas.gov.co\/wp-content\/uploads\/2024\/10\/Perfil-Instagram-PhotoRoom.png-PhotoRoom.png","width":648,"height":233,"caption":"Edumas"},"image":{"@id":"https:\/\/edumas.gov.co\/inicio\/#\/schema\/logo\/image\/"}},{"@type":"Person","@id":"https:\/\/edumas.gov.co\/inicio\/#\/schema\/person\/e2e82a662fd06864325b88811079b05a","name":"edumas","image":{"@type":"ImageObject","inLanguage":"es","@id":"https:\/\/edumas.gov.co\/wp-content\/uploads\/2025\/03\/WhatsApp-Image-2025-03-06-at-12.44.58-PM-150x150.jpeg","url":"https:\/\/edumas.gov.co\/wp-content\/uploads\/2025\/03\/WhatsApp-Image-2025-03-06-at-12.44.58-PM-150x150.jpeg","contentUrl":"https:\/\/edumas.gov.co\/wp-content\/uploads\/2025\/03\/WhatsApp-Image-2025-03-06-at-12.44.58-PM-150x150.jpeg","caption":"edumas"},"sameAs":["https:\/\/test.edumas.gov.co"],"url":"https:\/\/edumas.gov.co\/inicio\/author\/edumas\/"}]}},"_links":{"self":[{"href":"https:\/\/edumas.gov.co\/inicio\/wp-json\/wp\/v2\/posts\/1288","targetHints":{"allow":["GET"]}}],"collection":[{"href":"https:\/\/edumas.gov.co\/inicio\/wp-json\/wp\/v2\/posts"}],"about":[{"href":"https:\/\/edumas.gov.co\/inicio\/wp-json\/wp\/v2\/types\/post"}],"author":[{"embeddable":true,"href":"https:\/\/edumas.gov.co\/inicio\/wp-json\/wp\/v2\/users\/1"}],"replies":[{"embeddable":true,"href":"https:\/\/edumas.gov.co\/inicio\/wp-json\/wp\/v2\/comments?post=1288"}],"version-history":[{"count":1,"href":"https:\/\/edumas.gov.co\/inicio\/wp-json\/wp\/v2\/posts\/1288\/revisions"}],"predecessor-version":[{"id":1290,"href":"https:\/\/edumas.gov.co\/inicio\/wp-json\/wp\/v2\/posts\/1288\/revisions\/1290"}],"wp:featuredmedia":[{"embeddable":true,"href":"https:\/\/edumas.gov.co\/inicio\/wp-json\/wp\/v2\/media\/1289"}],"wp:attachment":[{"href":"https:\/\/edumas.gov.co\/inicio\/wp-json\/wp\/v2\/media?parent=1288"}],"wp:term":[{"taxonomy":"category","embeddable":true,"href":"https:\/\/edumas.gov.co\/inicio\/wp-json\/wp\/v2\/categories?post=1288"},{"taxonomy":"post_tag","embeddable":true,"href":"https:\/\/edumas.gov.co\/inicio\/wp-json\/wp\/v2\/tags?post=1288"}],"curies":[{"name":"wp","href":"https:\/\/api.w.org\/{rel}","templated":true}]}}