{"id":1299,"date":"2022-11-21T17:22:00","date_gmt":"2022-11-21T17:22:00","guid":{"rendered":"https:\/\/test.edumas.gov.co\/?p=1299"},"modified":"2023-10-25T17:25:13","modified_gmt":"2023-10-25T17:25:13","slug":"mas-arboles-para-soledad-el-regalo-navideno-del-edumas","status":"publish","type":"post","link":"https:\/\/edumas.gov.co\/inicio\/2022\/11\/21\/mas-arboles-para-soledad-el-regalo-navideno-del-edumas\/","title":{"rendered":"M\u00e1s \u00e1rboles para Soledad, el regalo navide\u00f1o del Edumas"},"content":{"rendered":"\n<p class=\"wp-block-paragraph\">Como parte del programa encaminado a lograr que el municipio de Soledad cuente con m\u00e1s espacios verdes, el Establecimiento de Desarrollo Urbano y Medio Ambiente de Soledad, Edumas, acelera la meta de sembrar \u00e1rboles en esta navidad.<\/p>\n\n\n\n<p class=\"wp-block-paragraph\">De la mano con la empresa privada y otras instituciones, el Edumas continuar\u00e1 su presencia en los barrios, llevando la alegr\u00eda y la naturaleza para el disfrute de los residentes. El gerente del Edumas, Wilson De la Rosa Montealegre, indica que \u201ces una gran labor de arborizaci\u00f3n que vamos a emprender porque Soledad se lo merece, y qu\u00e9 mejor regalo de navidad que sembrar \u00e1rboles que embellecen cada rinc\u00f3n del municipio y genere calidad de vida para todos\u201d.<\/p>\n\n\n\n<p class=\"wp-block-paragraph\">En l\u00ednea con ello, este fin de semana el Edumas apoy\u00f3 una jornada de siembra de \u00e1rboles liderada por la Guardia Ambiental, en alianza con la empresa Andina de Seguridad privada (Andiseg) y el ej\u00e9rcito nacional; siembra realizada en el \u00e1rea externa del colegio Itida con el objeto de brindar bienestar a todos los transe\u00fantes que utilizan este espacio como sendero peatonal, en especial, los estudiantes de dicha instituci\u00f3n.<\/p>\n\n\n\n<p class=\"wp-block-paragraph\">\u201cEn el Edumas tenemos las puertas abiertas para escuchar y atender las inquietudes e ideas que contribuyan a consolidar una Soledad sostenible, el mejor regalo que le podemos heredar a nuestros hijos\u201d, puntualiz\u00f3 Wilson Montealegre.<\/p>\n","protected":false},"excerpt":{"rendered":"<p>Como parte del programa encaminado a lograr que el municipio de Soledad cuente con m\u00e1s espacios verdes, el Establecimiento de Desarrollo Urbano y Medio Ambiente de Soledad, Edumas, acelera la meta de sembrar \u00e1rboles en esta navidad. De la mano con la empresa privada y otras instituciones, el Edumas continuar\u00e1 su presencia en los barrios, [&hellip;]<\/p>\n","protected":false},"author":1,"featured_media":1300,"comment_status":"open","ping_status":"open","sticky":false,"template":"","format":"standard","meta":{"footnotes":""},"categories":[26],"tags":[],"class_list":["post-1299","post","type-post","status-publish","format-standard","has-post-thumbnail","hentry","category-noticias"],"yoast_head":"<!-- This site is optimized with the Yoast SEO plugin v27.4 - https:\/\/yoast.com\/product\/yoast-seo-wordpress\/ -->\n<title>M\u00e1s \u00e1rboles para Soledad, el regalo navide\u00f1o del Edumas - Edumas<\/title>\n<meta name=\"robots\" content=\"index, follow, max-snippet:-1, max-image-preview:large, max-video-preview:-1\" \/>\n<link rel=\"canonical\" href=\"https:\/\/edumas.gov.co\/inicio\/2022\/11\/21\/mas-arboles-para-soledad-el-regalo-navideno-del-edumas\/\" \/>\n<meta property=\"og:locale\" content=\"es_ES\" \/>\n<meta property=\"og:type\" content=\"article\" \/>\n<meta property=\"og:title\" content=\"M\u00e1s \u00e1rboles para Soledad, el regalo navide\u00f1o del Edumas - Edumas\" \/>\n<meta property=\"og:description\" content=\"Como parte del programa encaminado a lograr que el municipio de Soledad cuente con m\u00e1s espacios verdes, el Establecimiento de Desarrollo Urbano y Medio Ambiente de Soledad, Edumas, acelera la meta de sembrar \u00e1rboles en esta navidad. De la mano con la empresa privada y otras instituciones, el Edumas continuar\u00e1 su presencia en los barrios, [&hellip;]\" \/>\n<meta property=\"og:url\" content=\"https:\/\/edumas.gov.co\/inicio\/2022\/11\/21\/mas-arboles-para-soledad-el-regalo-navideno-del-edumas\/\" \/>\n<meta property=\"og:site_name\" content=\"Edumas\" \/>\n<meta property=\"article:published_time\" content=\"2022-11-21T17:22:00+00:00\" \/>\n<meta property=\"article:modified_time\" content=\"2023-10-25T17:25:13+00:00\" \/>\n<meta property=\"og:image\" content=\"https:\/\/edumas.gov.co\/wp-content\/uploads\/2023\/10\/Mas-arboles-para-Soledad-el-regalo-navideno-del-Edumas.jpeg\" \/>\n\t<meta property=\"og:image:width\" content=\"1600\" \/>\n\t<meta property=\"og:image:height\" content=\"1200\" \/>\n\t<meta property=\"og:image:type\" content=\"image\/jpeg\" \/>\n<meta name=\"author\" content=\"edumas\" \/>\n<meta name=\"twitter:card\" content=\"summary_large_image\" \/>\n<meta name=\"twitter:label1\" content=\"Escrito por\" \/>\n\t<meta name=\"twitter:data1\" content=\"edumas\" \/>\n\t<meta name=\"twitter:label2\" content=\"Tiempo de lectura\" \/>\n\t<meta name=\"twitter:data2\" content=\"1 minuto\" \/>\n<script type=\"application\/ld+json\" class=\"yoast-schema-graph\">{\"@context\":\"https:\\\/\\\/schema.org\",\"@graph\":[{\"@type\":\"Article\",\"@id\":\"https:\\\/\\\/edumas.gov.co\\\/inicio\\\/2022\\\/11\\\/21\\\/mas-arboles-para-soledad-el-regalo-navideno-del-edumas\\\/#article\",\"isPartOf\":{\"@id\":\"https:\\\/\\\/edumas.gov.co\\\/inicio\\\/2022\\\/11\\\/21\\\/mas-arboles-para-soledad-el-regalo-navideno-del-edumas\\\/\"},\"author\":{\"name\":\"edumas\",\"@id\":\"https:\\\/\\\/edumas.gov.co\\\/inicio\\\/#\\\/schema\\\/person\\\/e2e82a662fd06864325b88811079b05a\"},\"headline\":\"M\u00e1s \u00e1rboles para Soledad, el regalo navide\u00f1o del Edumas\",\"datePublished\":\"2022-11-21T17:22:00+00:00\",\"dateModified\":\"2023-10-25T17:25:13+00:00\",\"mainEntityOfPage\":{\"@id\":\"https:\\\/\\\/edumas.gov.co\\\/inicio\\\/2022\\\/11\\\/21\\\/mas-arboles-para-soledad-el-regalo-navideno-del-edumas\\\/\"},\"wordCount\":238,\"commentCount\":0,\"publisher\":{\"@id\":\"https:\\\/\\\/edumas.gov.co\\\/inicio\\\/#organization\"},\"image\":{\"@id\":\"https:\\\/\\\/edumas.gov.co\\\/inicio\\\/2022\\\/11\\\/21\\\/mas-arboles-para-soledad-el-regalo-navideno-del-edumas\\\/#primaryimage\"},\"thumbnailUrl\":\"https:\\\/\\\/edumas.gov.co\\\/wp-content\\\/uploads\\\/2023\\\/10\\\/Mas-arboles-para-Soledad-el-regalo-navideno-del-Edumas.jpeg\",\"articleSection\":[\"noticias\"],\"inLanguage\":\"es\",\"potentialAction\":[{\"@type\":\"CommentAction\",\"name\":\"Comment\",\"target\":[\"https:\\\/\\\/edumas.gov.co\\\/inicio\\\/2022\\\/11\\\/21\\\/mas-arboles-para-soledad-el-regalo-navideno-del-edumas\\\/#respond\"]}]},{\"@type\":\"WebPage\",\"@id\":\"https:\\\/\\\/edumas.gov.co\\\/inicio\\\/2022\\\/11\\\/21\\\/mas-arboles-para-soledad-el-regalo-navideno-del-edumas\\\/\",\"url\":\"https:\\\/\\\/edumas.gov.co\\\/inicio\\\/2022\\\/11\\\/21\\\/mas-arboles-para-soledad-el-regalo-navideno-del-edumas\\\/\",\"name\":\"M\u00e1s \u00e1rboles para Soledad, el regalo navide\u00f1o del Edumas - Edumas\",\"isPartOf\":{\"@id\":\"https:\\\/\\\/edumas.gov.co\\\/inicio\\\/#website\"},\"primaryImageOfPage\":{\"@id\":\"https:\\\/\\\/edumas.gov.co\\\/inicio\\\/2022\\\/11\\\/21\\\/mas-arboles-para-soledad-el-regalo-navideno-del-edumas\\\/#primaryimage\"},\"image\":{\"@id\":\"https:\\\/\\\/edumas.gov.co\\\/inicio\\\/2022\\\/11\\\/21\\\/mas-arboles-para-soledad-el-regalo-navideno-del-edumas\\\/#primaryimage\"},\"thumbnailUrl\":\"https:\\\/\\\/edumas.gov.co\\\/wp-content\\\/uploads\\\/2023\\\/10\\\/Mas-arboles-para-Soledad-el-regalo-navideno-del-Edumas.jpeg\",\"datePublished\":\"2022-11-21T17:22:00+00:00\",\"dateModified\":\"2023-10-25T17:25:13+00:00\",\"breadcrumb\":{\"@id\":\"https:\\\/\\\/edumas.gov.co\\\/inicio\\\/2022\\\/11\\\/21\\\/mas-arboles-para-soledad-el-regalo-navideno-del-edumas\\\/#breadcrumb\"},\"inLanguage\":\"es\",\"potentialAction\":[{\"@type\":\"ReadAction\",\"target\":[\"https:\\\/\\\/edumas.gov.co\\\/inicio\\\/2022\\\/11\\\/21\\\/mas-arboles-para-soledad-el-regalo-navideno-del-edumas\\\/\"]}]},{\"@type\":\"ImageObject\",\"inLanguage\":\"es\",\"@id\":\"https:\\\/\\\/edumas.gov.co\\\/inicio\\\/2022\\\/11\\\/21\\\/mas-arboles-para-soledad-el-regalo-navideno-del-edumas\\\/#primaryimage\",\"url\":\"https:\\\/\\\/edumas.gov.co\\\/wp-content\\\/uploads\\\/2023\\\/10\\\/Mas-arboles-para-Soledad-el-regalo-navideno-del-Edumas.jpeg\",\"contentUrl\":\"https:\\\/\\\/edumas.gov.co\\\/wp-content\\\/uploads\\\/2023\\\/10\\\/Mas-arboles-para-Soledad-el-regalo-navideno-del-Edumas.jpeg\",\"width\":1600,\"height\":1200},{\"@type\":\"BreadcrumbList\",\"@id\":\"https:\\\/\\\/edumas.gov.co\\\/inicio\\\/2022\\\/11\\\/21\\\/mas-arboles-para-soledad-el-regalo-navideno-del-edumas\\\/#breadcrumb\",\"itemListElement\":[{\"@type\":\"ListItem\",\"position\":1,\"name\":\"Portada\",\"item\":\"https:\\\/\\\/edumas.gov.co\\\/inicio\\\/\"},{\"@type\":\"ListItem\",\"position\":2,\"name\":\"M\u00e1s \u00e1rboles para Soledad, el regalo navide\u00f1o del Edumas\"}]},{\"@type\":\"WebSite\",\"@id\":\"https:\\\/\\\/edumas.gov.co\\\/inicio\\\/#website\",\"url\":\"https:\\\/\\\/edumas.gov.co\\\/inicio\\\/\",\"name\":\"Edumas\",\"description\":\"Edumas\",\"publisher\":{\"@id\":\"https:\\\/\\\/edumas.gov.co\\\/inicio\\\/#organization\"},\"potentialAction\":[{\"@type\":\"SearchAction\",\"target\":{\"@type\":\"EntryPoint\",\"urlTemplate\":\"https:\\\/\\\/edumas.gov.co\\\/inicio\\\/?s={search_term_string}\"},\"query-input\":{\"@type\":\"PropertyValueSpecification\",\"valueRequired\":true,\"valueName\":\"search_term_string\"}}],\"inLanguage\":\"es\"},{\"@type\":\"Organization\",\"@id\":\"https:\\\/\\\/edumas.gov.co\\\/inicio\\\/#organization\",\"name\":\"Edumas\",\"url\":\"https:\\\/\\\/edumas.gov.co\\\/inicio\\\/\",\"logo\":{\"@type\":\"ImageObject\",\"inLanguage\":\"es\",\"@id\":\"https:\\\/\\\/edumas.gov.co\\\/inicio\\\/#\\\/schema\\\/logo\\\/image\\\/\",\"url\":\"https:\\\/\\\/edumas.gov.co\\\/wp-content\\\/uploads\\\/2024\\\/10\\\/Perfil-Instagram-PhotoRoom.png-PhotoRoom.png\",\"contentUrl\":\"https:\\\/\\\/edumas.gov.co\\\/wp-content\\\/uploads\\\/2024\\\/10\\\/Perfil-Instagram-PhotoRoom.png-PhotoRoom.png\",\"width\":648,\"height\":233,\"caption\":\"Edumas\"},\"image\":{\"@id\":\"https:\\\/\\\/edumas.gov.co\\\/inicio\\\/#\\\/schema\\\/logo\\\/image\\\/\"}},{\"@type\":\"Person\",\"@id\":\"https:\\\/\\\/edumas.gov.co\\\/inicio\\\/#\\\/schema\\\/person\\\/e2e82a662fd06864325b88811079b05a\",\"name\":\"edumas\",\"image\":{\"@type\":\"ImageObject\",\"inLanguage\":\"es\",\"@id\":\"https:\\\/\\\/edumas.gov.co\\\/wp-content\\\/uploads\\\/2025\\\/03\\\/WhatsApp-Image-2025-03-06-at-12.44.58-PM-150x150.jpeg\",\"url\":\"https:\\\/\\\/edumas.gov.co\\\/wp-content\\\/uploads\\\/2025\\\/03\\\/WhatsApp-Image-2025-03-06-at-12.44.58-PM-150x150.jpeg\",\"contentUrl\":\"https:\\\/\\\/edumas.gov.co\\\/wp-content\\\/uploads\\\/2025\\\/03\\\/WhatsApp-Image-2025-03-06-at-12.44.58-PM-150x150.jpeg\",\"caption\":\"edumas\"},\"sameAs\":[\"https:\\\/\\\/test.edumas.gov.co\"],\"url\":\"https:\\\/\\\/edumas.gov.co\\\/inicio\\\/author\\\/edumas\\\/\"}]}<\/script>\n<!-- \/ Yoast SEO plugin. -->","yoast_head_json":{"title":"M\u00e1s \u00e1rboles para Soledad, el regalo navide\u00f1o del Edumas - Edumas","robots":{"index":"index","follow":"follow","max-snippet":"max-snippet:-1","max-image-preview":"max-image-preview:large","max-video-preview":"max-video-preview:-1"},"canonical":"https:\/\/edumas.gov.co\/inicio\/2022\/11\/21\/mas-arboles-para-soledad-el-regalo-navideno-del-edumas\/","og_locale":"es_ES","og_type":"article","og_title":"M\u00e1s \u00e1rboles para Soledad, el regalo navide\u00f1o del Edumas - Edumas","og_description":"Como parte del programa encaminado a lograr que el municipio de Soledad cuente con m\u00e1s espacios verdes, el Establecimiento de Desarrollo Urbano y Medio Ambiente de Soledad, Edumas, acelera la meta de sembrar \u00e1rboles en esta navidad. De la mano con la empresa privada y otras instituciones, el Edumas continuar\u00e1 su presencia en los barrios, [&hellip;]","og_url":"https:\/\/edumas.gov.co\/inicio\/2022\/11\/21\/mas-arboles-para-soledad-el-regalo-navideno-del-edumas\/","og_site_name":"Edumas","article_published_time":"2022-11-21T17:22:00+00:00","article_modified_time":"2023-10-25T17:25:13+00:00","og_image":[{"width":1600,"height":1200,"url":"https:\/\/edumas.gov.co\/wp-content\/uploads\/2023\/10\/Mas-arboles-para-Soledad-el-regalo-navideno-del-Edumas.jpeg","type":"image\/jpeg"}],"author":"edumas","twitter_card":"summary_large_image","twitter_misc":{"Escrito por":"edumas","Tiempo de lectura":"1 minuto"},"schema":{"@context":"https:\/\/schema.org","@graph":[{"@type":"Article","@id":"https:\/\/edumas.gov.co\/inicio\/2022\/11\/21\/mas-arboles-para-soledad-el-regalo-navideno-del-edumas\/#article","isPartOf":{"@id":"https:\/\/edumas.gov.co\/inicio\/2022\/11\/21\/mas-arboles-para-soledad-el-regalo-navideno-del-edumas\/"},"author":{"name":"edumas","@id":"https:\/\/edumas.gov.co\/inicio\/#\/schema\/person\/e2e82a662fd06864325b88811079b05a"},"headline":"M\u00e1s \u00e1rboles para Soledad, el regalo navide\u00f1o del Edumas","datePublished":"2022-11-21T17:22:00+00:00","dateModified":"2023-10-25T17:25:13+00:00","mainEntityOfPage":{"@id":"https:\/\/edumas.gov.co\/inicio\/2022\/11\/21\/mas-arboles-para-soledad-el-regalo-navideno-del-edumas\/"},"wordCount":238,"commentCount":0,"publisher":{"@id":"https:\/\/edumas.gov.co\/inicio\/#organization"},"image":{"@id":"https:\/\/edumas.gov.co\/inicio\/2022\/11\/21\/mas-arboles-para-soledad-el-regalo-navideno-del-edumas\/#primaryimage"},"thumbnailUrl":"https:\/\/edumas.gov.co\/wp-content\/uploads\/2023\/10\/Mas-arboles-para-Soledad-el-regalo-navideno-del-Edumas.jpeg","articleSection":["noticias"],"inLanguage":"es","potentialAction":[{"@type":"CommentAction","name":"Comment","target":["https:\/\/edumas.gov.co\/inicio\/2022\/11\/21\/mas-arboles-para-soledad-el-regalo-navideno-del-edumas\/#respond"]}]},{"@type":"WebPage","@id":"https:\/\/edumas.gov.co\/inicio\/2022\/11\/21\/mas-arboles-para-soledad-el-regalo-navideno-del-edumas\/","url":"https:\/\/edumas.gov.co\/inicio\/2022\/11\/21\/mas-arboles-para-soledad-el-regalo-navideno-del-edumas\/","name":"M\u00e1s \u00e1rboles para Soledad, el regalo navide\u00f1o del Edumas - Edumas","isPartOf":{"@id":"https:\/\/edumas.gov.co\/inicio\/#website"},"primaryImageOfPage":{"@id":"https:\/\/edumas.gov.co\/inicio\/2022\/11\/21\/mas-arboles-para-soledad-el-regalo-navideno-del-edumas\/#primaryimage"},"image":{"@id":"https:\/\/edumas.gov.co\/inicio\/2022\/11\/21\/mas-arboles-para-soledad-el-regalo-navideno-del-edumas\/#primaryimage"},"thumbnailUrl":"https:\/\/edumas.gov.co\/wp-content\/uploads\/2023\/10\/Mas-arboles-para-Soledad-el-regalo-navideno-del-Edumas.jpeg","datePublished":"2022-11-21T17:22:00+00:00","dateModified":"2023-10-25T17:25:13+00:00","breadcrumb":{"@id":"https:\/\/edumas.gov.co\/inicio\/2022\/11\/21\/mas-arboles-para-soledad-el-regalo-navideno-del-edumas\/#breadcrumb"},"inLanguage":"es","potentialAction":[{"@type":"ReadAction","target":["https:\/\/edumas.gov.co\/inicio\/2022\/11\/21\/mas-arboles-para-soledad-el-regalo-navideno-del-edumas\/"]}]},{"@type":"ImageObject","inLanguage":"es","@id":"https:\/\/edumas.gov.co\/inicio\/2022\/11\/21\/mas-arboles-para-soledad-el-regalo-navideno-del-edumas\/#primaryimage","url":"https:\/\/edumas.gov.co\/wp-content\/uploads\/2023\/10\/Mas-arboles-para-Soledad-el-regalo-navideno-del-Edumas.jpeg","contentUrl":"https:\/\/edumas.gov.co\/wp-content\/uploads\/2023\/10\/Mas-arboles-para-Soledad-el-regalo-navideno-del-Edumas.jpeg","width":1600,"height":1200},{"@type":"BreadcrumbList","@id":"https:\/\/edumas.gov.co\/inicio\/2022\/11\/21\/mas-arboles-para-soledad-el-regalo-navideno-del-edumas\/#breadcrumb","itemListElement":[{"@type":"ListItem","position":1,"name":"Portada","item":"https:\/\/edumas.gov.co\/inicio\/"},{"@type":"ListItem","position":2,"name":"M\u00e1s \u00e1rboles para Soledad, el regalo navide\u00f1o del Edumas"}]},{"@type":"WebSite","@id":"https:\/\/edumas.gov.co\/inicio\/#website","url":"https:\/\/edumas.gov.co\/inicio\/","name":"Edumas","description":"Edumas","publisher":{"@id":"https:\/\/edumas.gov.co\/inicio\/#organization"},"potentialAction":[{"@type":"SearchAction","target":{"@type":"EntryPoint","urlTemplate":"https:\/\/edumas.gov.co\/inicio\/?s={search_term_string}"},"query-input":{"@type":"PropertyValueSpecification","valueRequired":true,"valueName":"search_term_string"}}],"inLanguage":"es"},{"@type":"Organization","@id":"https:\/\/edumas.gov.co\/inicio\/#organization","name":"Edumas","url":"https:\/\/edumas.gov.co\/inicio\/","logo":{"@type":"ImageObject","inLanguage":"es","@id":"https:\/\/edumas.gov.co\/inicio\/#\/schema\/logo\/image\/","url":"https:\/\/edumas.gov.co\/wp-content\/uploads\/2024\/10\/Perfil-Instagram-PhotoRoom.png-PhotoRoom.png","contentUrl":"https:\/\/edumas.gov.co\/wp-content\/uploads\/2024\/10\/Perfil-Instagram-PhotoRoom.png-PhotoRoom.png","width":648,"height":233,"caption":"Edumas"},"image":{"@id":"https:\/\/edumas.gov.co\/inicio\/#\/schema\/logo\/image\/"}},{"@type":"Person","@id":"https:\/\/edumas.gov.co\/inicio\/#\/schema\/person\/e2e82a662fd06864325b88811079b05a","name":"edumas","image":{"@type":"ImageObject","inLanguage":"es","@id":"https:\/\/edumas.gov.co\/wp-content\/uploads\/2025\/03\/WhatsApp-Image-2025-03-06-at-12.44.58-PM-150x150.jpeg","url":"https:\/\/edumas.gov.co\/wp-content\/uploads\/2025\/03\/WhatsApp-Image-2025-03-06-at-12.44.58-PM-150x150.jpeg","contentUrl":"https:\/\/edumas.gov.co\/wp-content\/uploads\/2025\/03\/WhatsApp-Image-2025-03-06-at-12.44.58-PM-150x150.jpeg","caption":"edumas"},"sameAs":["https:\/\/test.edumas.gov.co"],"url":"https:\/\/edumas.gov.co\/inicio\/author\/edumas\/"}]}},"_links":{"self":[{"href":"https:\/\/edumas.gov.co\/inicio\/wp-json\/wp\/v2\/posts\/1299","targetHints":{"allow":["GET"]}}],"collection":[{"href":"https:\/\/edumas.gov.co\/inicio\/wp-json\/wp\/v2\/posts"}],"about":[{"href":"https:\/\/edumas.gov.co\/inicio\/wp-json\/wp\/v2\/types\/post"}],"author":[{"embeddable":true,"href":"https:\/\/edumas.gov.co\/inicio\/wp-json\/wp\/v2\/users\/1"}],"replies":[{"embeddable":true,"href":"https:\/\/edumas.gov.co\/inicio\/wp-json\/wp\/v2\/comments?post=1299"}],"version-history":[{"count":1,"href":"https:\/\/edumas.gov.co\/inicio\/wp-json\/wp\/v2\/posts\/1299\/revisions"}],"predecessor-version":[{"id":1301,"href":"https:\/\/edumas.gov.co\/inicio\/wp-json\/wp\/v2\/posts\/1299\/revisions\/1301"}],"wp:featuredmedia":[{"embeddable":true,"href":"https:\/\/edumas.gov.co\/inicio\/wp-json\/wp\/v2\/media\/1300"}],"wp:attachment":[{"href":"https:\/\/edumas.gov.co\/inicio\/wp-json\/wp\/v2\/media?parent=1299"}],"wp:term":[{"taxonomy":"category","embeddable":true,"href":"https:\/\/edumas.gov.co\/inicio\/wp-json\/wp\/v2\/categories?post=1299"},{"taxonomy":"post_tag","embeddable":true,"href":"https:\/\/edumas.gov.co\/inicio\/wp-json\/wp\/v2\/tags?post=1299"}],"curies":[{"name":"wp","href":"https:\/\/api.w.org\/{rel}","templated":true}]}}