{"id":1302,"date":"2022-11-25T17:25:00","date_gmt":"2022-11-25T17:25:00","guid":{"rendered":"https:\/\/test.edumas.gov.co\/?p=1302"},"modified":"2023-10-25T17:37:30","modified_gmt":"2023-10-25T17:37:30","slug":"el-establecimiento-de-desarrollo-urbano-y-medio-ambiente-de-soledad-edumas-se-permite-informar-a-la-opinion-publica-que","status":"publish","type":"post","link":"https:\/\/edumas.gov.co\/inicio\/2022\/11\/25\/el-establecimiento-de-desarrollo-urbano-y-medio-ambiente-de-soledad-edumas-se-permite-informar-a-la-opinion-publica-que\/","title":{"rendered":"El Establecimiento de Desarrollo Urbano y Medio Ambiente de Soledad-Edumas, se permite informar a la opini\u00f3n p\u00fablica que:"},"content":{"rendered":"\n<ul class=\"wp-block-list\">\n<li>La \u00fanica cuenta bancaria institucional para el pago de las rentas autorizadas al Edumas es la <strong>cuenta de ahorros No. 957903527-43 de Bancolombia<\/strong>.<\/li>\n\n\n\n<li>Los documentos tales como paz y salvo, resoluciones, permisos; entre otros, que emite el Edumas, <strong>solamente se entregan<\/strong> cuando el contribuyente lo ha demostrado a trav\u00e9s de la presentaci\u00f3n del volante de pago en la cuenta autorizada del Establecimiento.<\/li>\n\n\n\n<li>El Edumas <strong>no se responsabiliza<\/strong> por pagos realizados a terceros en calidad de rentas que son propias de la Entidad.<\/li>\n\n\n\n<li>En caso de que el contribuyente quiera verificar la autenticidad de la cuenta bancaria que le est\u00e1n suministrando para el pago, puede contactarnos a la l\u00ednea institucional de atenci\u00f3n <strong>3186072719.<\/strong><\/li>\n\n\n\n<li>Por pol\u00edtica del Edumas, <strong>ning\u00fan<\/strong> funcionario o terceros que aleguen pertenecer a la entidad, est\u00e1 autorizado para recibir dinero o suministrar un n\u00famero de cuenta diferente al que se est\u00e1 informando en el presente comunicado.<\/li>\n\n\n\n<li>Los pagos se pueden realizar de manera directa a la cuenta bancaria o a trav\u00e9s de la <strong>plataforma Efecty bajo el Convenio No. 112785<\/strong>, y acorde al c\u00f3digo suministrado en el documento de liquidaci\u00f3n emitido por el \u00e1rea encargada del Edumas.<\/li>\n\n\n\n<li>Cada funcionario del Edumas est\u00e1 identificado con un <strong>carnet digital<\/strong> que se encuentra cargado en su dispositivo celular y que debe presentar en el ejercicio de su funci\u00f3n. El contribuyente puede escanear el c\u00f3digo QR que se encuentra en el carnet para verificar la vinculaci\u00f3n o desvinculaci\u00f3n de dicho funcionario. Con este sistema, buscamos mitigar los riesgos de suplantaciones.<\/li>\n\n\n\n<li>A continuaci\u00f3n, se detallan los c\u00f3digos de pago bajo el <strong>convenio Bancolombia<\/strong> <strong>No. 45926.<\/strong><\/li>\n<\/ul>\n\n\n\n<figure class=\"wp-block-table\"><table><tbody><tr><td class=\"has-text-align-center\" data-align=\"center\"><strong>C\u00d3DIGO<\/strong><\/td><td class=\"has-text-align-center\" data-align=\"center\"><strong>RENTA<\/strong><\/td><td class=\"has-text-align-center\" data-align=\"center\"><strong>C\u00d3DIGO<\/strong><\/td><td class=\"has-text-align-center\" data-align=\"center\"><strong>RENTA<\/strong><\/td><\/tr><tr><td class=\"has-text-align-center\" data-align=\"center\">1<\/td><td class=\"has-text-align-center\" data-align=\"center\">Comparendo ambiental<\/td><td class=\"has-text-align-center\" data-align=\"center\">13<\/td><td class=\"has-text-align-center\" data-align=\"center\">Publicidad Exterior Vigencia Visual<\/td><\/tr><tr><td class=\"has-text-align-center\" data-align=\"center\">2<\/td><td class=\"has-text-align-center\" data-align=\"center\">Uso temporal del espacio p\u00fablico<\/td><td class=\"has-text-align-center\" data-align=\"center\">14<\/td><td class=\"has-text-align-center\" data-align=\"center\">Inspecciones oculares<\/td><\/tr><tr><td class=\"has-text-align-center\" data-align=\"center\">3<\/td><td class=\"has-text-align-center\" data-align=\"center\">Parqueo espacio p\u00fablico<\/td><td class=\"has-text-align-center\" data-align=\"center\">15<\/td><td class=\"has-text-align-center\" data-align=\"center\">Participaci\u00f3n concesiones de aseo<\/td><\/tr><tr><td class=\"has-text-align-center\" data-align=\"center\">4<\/td><td class=\"has-text-align-center\" data-align=\"center\">Radicaci\u00f3n de documentos para venta<\/td><td class=\"has-text-align-center\" data-align=\"center\">16<\/td><td class=\"has-text-align-center\" data-align=\"center\">Convenio interadministrativo<\/td><\/tr><tr><td class=\"has-text-align-center\" data-align=\"center\">5<\/td><td class=\"has-text-align-center\" data-align=\"center\">Radicaci\u00f3n de documento en etapa de pre-venta<\/td><td class=\"has-text-align-center\" data-align=\"center\">17<\/td><td class=\"has-text-align-center\" data-align=\"center\">Multas y sanciones<\/td><\/tr><tr><td class=\"has-text-align-center\" data-align=\"center\">6<\/td><td class=\"has-text-align-center\" data-align=\"center\">Compensaci\u00f3n por derechos de construcci\u00f3n y desarrollo<\/td><td class=\"has-text-align-center\" data-align=\"center\">18<\/td><td class=\"has-text-align-center\" data-align=\"center\">Multas y sanciones vigencia anterior<\/td><\/tr><tr><td class=\"has-text-align-center\" data-align=\"center\">7<\/td><td class=\"has-text-align-center\" data-align=\"center\">Los bienes inmuebles o muebles que adquiera a cualquier t\u00edtulo<\/td><td class=\"has-text-align-center\" data-align=\"center\">19<\/td><td class=\"has-text-align-center\" data-align=\"center\">Participaci\u00f3n en plusval\u00eda<\/td><\/tr><tr><td class=\"has-text-align-center\" data-align=\"center\">8<\/td><td class=\"has-text-align-center\" data-align=\"center\">Terrenos ejidales<\/td><td class=\"has-text-align-center\" data-align=\"center\">20<\/td><td class=\"has-text-align-center\" data-align=\"center\">Participaci\u00f3n concesi\u00f3n amoblamiento urbano<\/td><\/tr><tr><td class=\"has-text-align-center\" data-align=\"center\">9<\/td><td class=\"has-text-align-center\" data-align=\"center\">Excedentes financieros<\/td><td class=\"has-text-align-center\" data-align=\"center\">21<\/td><td class=\"has-text-align-center\" data-align=\"center\">Compensaci\u00f3n estacionamiento<\/td><\/tr><tr><td class=\"has-text-align-center\" data-align=\"center\">10<\/td><td class=\"has-text-align-center\" data-align=\"center\">Otros servicios<\/td><td class=\"has-text-align-center\" data-align=\"center\">22<\/td><td class=\"has-text-align-center\" data-align=\"center\">Compensaci\u00f3n zonas verdes<\/td><\/tr><tr><td class=\"has-text-align-center\" data-align=\"center\">11<\/td><td class=\"has-text-align-center\" data-align=\"center\">Honorarios inspecci\u00f3n y vigilancia<\/td><td class=\"has-text-align-center\" data-align=\"center\">23<\/td><td class=\"has-text-align-center\" data-align=\"center\">Permiso instalaci\u00f3n de marquesina<\/td><\/tr><\/tbody><\/table><figcaption class=\"wp-element-caption\">Tabla de c\u00f3digos de pago &#8211; convenio Bancolombia<\/figcaption><\/figure>\n","protected":false},"excerpt":{"rendered":"<p>C\u00d3DIGO RENTA C\u00d3DIGO RENTA 1 Comparendo ambiental 13 Publicidad Exterior Vigencia Visual 2 Uso temporal del espacio p\u00fablico 14 Inspecciones oculares 3 Parqueo espacio p\u00fablico 15 Participaci\u00f3n concesiones de aseo 4 Radicaci\u00f3n de documentos para venta 16 Convenio interadministrativo 5 Radicaci\u00f3n de documento en etapa de pre-venta 17 Multas y sanciones 6 Compensaci\u00f3n por derechos [&hellip;]<\/p>\n","protected":false},"author":1,"featured_media":1303,"comment_status":"open","ping_status":"open","sticky":false,"template":"","format":"standard","meta":{"footnotes":""},"categories":[26],"tags":[],"class_list":["post-1302","post","type-post","status-publish","format-standard","has-post-thumbnail","hentry","category-noticias"],"yoast_head":"<!-- This site is optimized with the Yoast SEO plugin v27.4 - https:\/\/yoast.com\/product\/yoast-seo-wordpress\/ -->\n<title>El Establecimiento de Desarrollo Urbano y Medio Ambiente de Soledad-Edumas, se permite informar a la opini\u00f3n p\u00fablica que: - Edumas<\/title>\n<meta name=\"robots\" content=\"index, follow, max-snippet:-1, max-image-preview:large, max-video-preview:-1\" \/>\n<link rel=\"canonical\" href=\"https:\/\/edumas.gov.co\/inicio\/2022\/11\/25\/el-establecimiento-de-desarrollo-urbano-y-medio-ambiente-de-soledad-edumas-se-permite-informar-a-la-opinion-publica-que\/\" \/>\n<meta property=\"og:locale\" content=\"es_ES\" \/>\n<meta property=\"og:type\" content=\"article\" \/>\n<meta property=\"og:title\" content=\"El Establecimiento de Desarrollo Urbano y Medio Ambiente de Soledad-Edumas, se permite informar a la opini\u00f3n p\u00fablica que: - Edumas\" \/>\n<meta property=\"og:description\" content=\"C\u00d3DIGO RENTA C\u00d3DIGO RENTA 1 Comparendo ambiental 13 Publicidad Exterior Vigencia Visual 2 Uso temporal del espacio p\u00fablico 14 Inspecciones oculares 3 Parqueo espacio p\u00fablico 15 Participaci\u00f3n concesiones de aseo 4 Radicaci\u00f3n de documentos para venta 16 Convenio interadministrativo 5 Radicaci\u00f3n de documento en etapa de pre-venta 17 Multas y sanciones 6 Compensaci\u00f3n por derechos [&hellip;]\" \/>\n<meta property=\"og:url\" content=\"https:\/\/edumas.gov.co\/inicio\/2022\/11\/25\/el-establecimiento-de-desarrollo-urbano-y-medio-ambiente-de-soledad-edumas-se-permite-informar-a-la-opinion-publica-que\/\" \/>\n<meta property=\"og:site_name\" content=\"Edumas\" \/>\n<meta property=\"article:published_time\" content=\"2022-11-25T17:25:00+00:00\" \/>\n<meta property=\"article:modified_time\" content=\"2023-10-25T17:37:30+00:00\" \/>\n<meta property=\"og:image\" content=\"https:\/\/edumas.gov.co\/wp-content\/uploads\/2023\/10\/El-Establecimiento-de-Desarrollo-Urbano-y-Medio-Ambiente-de-Soledad-Edumas-se-permite-informar-a-la-opinion-publica-que.png\" \/>\n\t<meta property=\"og:image:width\" content=\"1080\" \/>\n\t<meta property=\"og:image:height\" content=\"1080\" \/>\n\t<meta property=\"og:image:type\" content=\"image\/png\" \/>\n<meta name=\"author\" content=\"edumas\" \/>\n<meta name=\"twitter:card\" content=\"summary_large_image\" \/>\n<meta name=\"twitter:label1\" content=\"Escrito por\" \/>\n\t<meta name=\"twitter:data1\" content=\"edumas\" \/>\n\t<meta name=\"twitter:label2\" content=\"Tiempo de lectura\" \/>\n\t<meta name=\"twitter:data2\" content=\"2 minutos\" \/>\n<script type=\"application\/ld+json\" class=\"yoast-schema-graph\">{\"@context\":\"https:\\\/\\\/schema.org\",\"@graph\":[{\"@type\":\"Article\",\"@id\":\"https:\\\/\\\/edumas.gov.co\\\/inicio\\\/2022\\\/11\\\/25\\\/el-establecimiento-de-desarrollo-urbano-y-medio-ambiente-de-soledad-edumas-se-permite-informar-a-la-opinion-publica-que\\\/#article\",\"isPartOf\":{\"@id\":\"https:\\\/\\\/edumas.gov.co\\\/inicio\\\/2022\\\/11\\\/25\\\/el-establecimiento-de-desarrollo-urbano-y-medio-ambiente-de-soledad-edumas-se-permite-informar-a-la-opinion-publica-que\\\/\"},\"author\":{\"name\":\"edumas\",\"@id\":\"https:\\\/\\\/edumas.gov.co\\\/inicio\\\/#\\\/schema\\\/person\\\/e2e82a662fd06864325b88811079b05a\"},\"headline\":\"El Establecimiento de Desarrollo Urbano y Medio Ambiente de Soledad-Edumas, se permite informar a la opini\u00f3n p\u00fablica que:\",\"datePublished\":\"2022-11-25T17:25:00+00:00\",\"dateModified\":\"2023-10-25T17:37:30+00:00\",\"mainEntityOfPage\":{\"@id\":\"https:\\\/\\\/edumas.gov.co\\\/inicio\\\/2022\\\/11\\\/25\\\/el-establecimiento-de-desarrollo-urbano-y-medio-ambiente-de-soledad-edumas-se-permite-informar-a-la-opinion-publica-que\\\/\"},\"wordCount\":411,\"commentCount\":0,\"publisher\":{\"@id\":\"https:\\\/\\\/edumas.gov.co\\\/inicio\\\/#organization\"},\"image\":{\"@id\":\"https:\\\/\\\/edumas.gov.co\\\/inicio\\\/2022\\\/11\\\/25\\\/el-establecimiento-de-desarrollo-urbano-y-medio-ambiente-de-soledad-edumas-se-permite-informar-a-la-opinion-publica-que\\\/#primaryimage\"},\"thumbnailUrl\":\"https:\\\/\\\/edumas.gov.co\\\/wp-content\\\/uploads\\\/2023\\\/10\\\/El-Establecimiento-de-Desarrollo-Urbano-y-Medio-Ambiente-de-Soledad-Edumas-se-permite-informar-a-la-opinion-publica-que.png\",\"articleSection\":[\"noticias\"],\"inLanguage\":\"es\",\"potentialAction\":[{\"@type\":\"CommentAction\",\"name\":\"Comment\",\"target\":[\"https:\\\/\\\/edumas.gov.co\\\/inicio\\\/2022\\\/11\\\/25\\\/el-establecimiento-de-desarrollo-urbano-y-medio-ambiente-de-soledad-edumas-se-permite-informar-a-la-opinion-publica-que\\\/#respond\"]}]},{\"@type\":\"WebPage\",\"@id\":\"https:\\\/\\\/edumas.gov.co\\\/inicio\\\/2022\\\/11\\\/25\\\/el-establecimiento-de-desarrollo-urbano-y-medio-ambiente-de-soledad-edumas-se-permite-informar-a-la-opinion-publica-que\\\/\",\"url\":\"https:\\\/\\\/edumas.gov.co\\\/inicio\\\/2022\\\/11\\\/25\\\/el-establecimiento-de-desarrollo-urbano-y-medio-ambiente-de-soledad-edumas-se-permite-informar-a-la-opinion-publica-que\\\/\",\"name\":\"El Establecimiento de Desarrollo Urbano y Medio Ambiente de Soledad-Edumas, se permite informar a la opini\u00f3n p\u00fablica que: - Edumas\",\"isPartOf\":{\"@id\":\"https:\\\/\\\/edumas.gov.co\\\/inicio\\\/#website\"},\"primaryImageOfPage\":{\"@id\":\"https:\\\/\\\/edumas.gov.co\\\/inicio\\\/2022\\\/11\\\/25\\\/el-establecimiento-de-desarrollo-urbano-y-medio-ambiente-de-soledad-edumas-se-permite-informar-a-la-opinion-publica-que\\\/#primaryimage\"},\"image\":{\"@id\":\"https:\\\/\\\/edumas.gov.co\\\/inicio\\\/2022\\\/11\\\/25\\\/el-establecimiento-de-desarrollo-urbano-y-medio-ambiente-de-soledad-edumas-se-permite-informar-a-la-opinion-publica-que\\\/#primaryimage\"},\"thumbnailUrl\":\"https:\\\/\\\/edumas.gov.co\\\/wp-content\\\/uploads\\\/2023\\\/10\\\/El-Establecimiento-de-Desarrollo-Urbano-y-Medio-Ambiente-de-Soledad-Edumas-se-permite-informar-a-la-opinion-publica-que.png\",\"datePublished\":\"2022-11-25T17:25:00+00:00\",\"dateModified\":\"2023-10-25T17:37:30+00:00\",\"breadcrumb\":{\"@id\":\"https:\\\/\\\/edumas.gov.co\\\/inicio\\\/2022\\\/11\\\/25\\\/el-establecimiento-de-desarrollo-urbano-y-medio-ambiente-de-soledad-edumas-se-permite-informar-a-la-opinion-publica-que\\\/#breadcrumb\"},\"inLanguage\":\"es\",\"potentialAction\":[{\"@type\":\"ReadAction\",\"target\":[\"https:\\\/\\\/edumas.gov.co\\\/inicio\\\/2022\\\/11\\\/25\\\/el-establecimiento-de-desarrollo-urbano-y-medio-ambiente-de-soledad-edumas-se-permite-informar-a-la-opinion-publica-que\\\/\"]}]},{\"@type\":\"ImageObject\",\"inLanguage\":\"es\",\"@id\":\"https:\\\/\\\/edumas.gov.co\\\/inicio\\\/2022\\\/11\\\/25\\\/el-establecimiento-de-desarrollo-urbano-y-medio-ambiente-de-soledad-edumas-se-permite-informar-a-la-opinion-publica-que\\\/#primaryimage\",\"url\":\"https:\\\/\\\/edumas.gov.co\\\/wp-content\\\/uploads\\\/2023\\\/10\\\/El-Establecimiento-de-Desarrollo-Urbano-y-Medio-Ambiente-de-Soledad-Edumas-se-permite-informar-a-la-opinion-publica-que.png\",\"contentUrl\":\"https:\\\/\\\/edumas.gov.co\\\/wp-content\\\/uploads\\\/2023\\\/10\\\/El-Establecimiento-de-Desarrollo-Urbano-y-Medio-Ambiente-de-Soledad-Edumas-se-permite-informar-a-la-opinion-publica-que.png\",\"width\":1080,\"height\":1080},{\"@type\":\"BreadcrumbList\",\"@id\":\"https:\\\/\\\/edumas.gov.co\\\/inicio\\\/2022\\\/11\\\/25\\\/el-establecimiento-de-desarrollo-urbano-y-medio-ambiente-de-soledad-edumas-se-permite-informar-a-la-opinion-publica-que\\\/#breadcrumb\",\"itemListElement\":[{\"@type\":\"ListItem\",\"position\":1,\"name\":\"Portada\",\"item\":\"https:\\\/\\\/edumas.gov.co\\\/inicio\\\/\"},{\"@type\":\"ListItem\",\"position\":2,\"name\":\"El Establecimiento de Desarrollo Urbano y Medio Ambiente de Soledad-Edumas, se permite informar a la opini\u00f3n p\u00fablica que:\"}]},{\"@type\":\"WebSite\",\"@id\":\"https:\\\/\\\/edumas.gov.co\\\/inicio\\\/#website\",\"url\":\"https:\\\/\\\/edumas.gov.co\\\/inicio\\\/\",\"name\":\"Edumas\",\"description\":\"Edumas\",\"publisher\":{\"@id\":\"https:\\\/\\\/edumas.gov.co\\\/inicio\\\/#organization\"},\"potentialAction\":[{\"@type\":\"SearchAction\",\"target\":{\"@type\":\"EntryPoint\",\"urlTemplate\":\"https:\\\/\\\/edumas.gov.co\\\/inicio\\\/?s={search_term_string}\"},\"query-input\":{\"@type\":\"PropertyValueSpecification\",\"valueRequired\":true,\"valueName\":\"search_term_string\"}}],\"inLanguage\":\"es\"},{\"@type\":\"Organization\",\"@id\":\"https:\\\/\\\/edumas.gov.co\\\/inicio\\\/#organization\",\"name\":\"Edumas\",\"url\":\"https:\\\/\\\/edumas.gov.co\\\/inicio\\\/\",\"logo\":{\"@type\":\"ImageObject\",\"inLanguage\":\"es\",\"@id\":\"https:\\\/\\\/edumas.gov.co\\\/inicio\\\/#\\\/schema\\\/logo\\\/image\\\/\",\"url\":\"https:\\\/\\\/edumas.gov.co\\\/wp-content\\\/uploads\\\/2024\\\/10\\\/Perfil-Instagram-PhotoRoom.png-PhotoRoom.png\",\"contentUrl\":\"https:\\\/\\\/edumas.gov.co\\\/wp-content\\\/uploads\\\/2024\\\/10\\\/Perfil-Instagram-PhotoRoom.png-PhotoRoom.png\",\"width\":648,\"height\":233,\"caption\":\"Edumas\"},\"image\":{\"@id\":\"https:\\\/\\\/edumas.gov.co\\\/inicio\\\/#\\\/schema\\\/logo\\\/image\\\/\"}},{\"@type\":\"Person\",\"@id\":\"https:\\\/\\\/edumas.gov.co\\\/inicio\\\/#\\\/schema\\\/person\\\/e2e82a662fd06864325b88811079b05a\",\"name\":\"edumas\",\"image\":{\"@type\":\"ImageObject\",\"inLanguage\":\"es\",\"@id\":\"https:\\\/\\\/edumas.gov.co\\\/wp-content\\\/uploads\\\/2025\\\/03\\\/WhatsApp-Image-2025-03-06-at-12.44.58-PM-150x150.jpeg\",\"url\":\"https:\\\/\\\/edumas.gov.co\\\/wp-content\\\/uploads\\\/2025\\\/03\\\/WhatsApp-Image-2025-03-06-at-12.44.58-PM-150x150.jpeg\",\"contentUrl\":\"https:\\\/\\\/edumas.gov.co\\\/wp-content\\\/uploads\\\/2025\\\/03\\\/WhatsApp-Image-2025-03-06-at-12.44.58-PM-150x150.jpeg\",\"caption\":\"edumas\"},\"sameAs\":[\"https:\\\/\\\/test.edumas.gov.co\"],\"url\":\"https:\\\/\\\/edumas.gov.co\\\/inicio\\\/author\\\/edumas\\\/\"}]}<\/script>\n<!-- \/ Yoast SEO plugin. -->","yoast_head_json":{"title":"El Establecimiento de Desarrollo Urbano y Medio Ambiente de Soledad-Edumas, se permite informar a la opini\u00f3n p\u00fablica que: - Edumas","robots":{"index":"index","follow":"follow","max-snippet":"max-snippet:-1","max-image-preview":"max-image-preview:large","max-video-preview":"max-video-preview:-1"},"canonical":"https:\/\/edumas.gov.co\/inicio\/2022\/11\/25\/el-establecimiento-de-desarrollo-urbano-y-medio-ambiente-de-soledad-edumas-se-permite-informar-a-la-opinion-publica-que\/","og_locale":"es_ES","og_type":"article","og_title":"El Establecimiento de Desarrollo Urbano y Medio Ambiente de Soledad-Edumas, se permite informar a la opini\u00f3n p\u00fablica que: - Edumas","og_description":"C\u00d3DIGO RENTA C\u00d3DIGO RENTA 1 Comparendo ambiental 13 Publicidad Exterior Vigencia Visual 2 Uso temporal del espacio p\u00fablico 14 Inspecciones oculares 3 Parqueo espacio p\u00fablico 15 Participaci\u00f3n concesiones de aseo 4 Radicaci\u00f3n de documentos para venta 16 Convenio interadministrativo 5 Radicaci\u00f3n de documento en etapa de pre-venta 17 Multas y sanciones 6 Compensaci\u00f3n por derechos [&hellip;]","og_url":"https:\/\/edumas.gov.co\/inicio\/2022\/11\/25\/el-establecimiento-de-desarrollo-urbano-y-medio-ambiente-de-soledad-edumas-se-permite-informar-a-la-opinion-publica-que\/","og_site_name":"Edumas","article_published_time":"2022-11-25T17:25:00+00:00","article_modified_time":"2023-10-25T17:37:30+00:00","og_image":[{"width":1080,"height":1080,"url":"https:\/\/edumas.gov.co\/wp-content\/uploads\/2023\/10\/El-Establecimiento-de-Desarrollo-Urbano-y-Medio-Ambiente-de-Soledad-Edumas-se-permite-informar-a-la-opinion-publica-que.png","type":"image\/png"}],"author":"edumas","twitter_card":"summary_large_image","twitter_misc":{"Escrito por":"edumas","Tiempo de lectura":"2 minutos"},"schema":{"@context":"https:\/\/schema.org","@graph":[{"@type":"Article","@id":"https:\/\/edumas.gov.co\/inicio\/2022\/11\/25\/el-establecimiento-de-desarrollo-urbano-y-medio-ambiente-de-soledad-edumas-se-permite-informar-a-la-opinion-publica-que\/#article","isPartOf":{"@id":"https:\/\/edumas.gov.co\/inicio\/2022\/11\/25\/el-establecimiento-de-desarrollo-urbano-y-medio-ambiente-de-soledad-edumas-se-permite-informar-a-la-opinion-publica-que\/"},"author":{"name":"edumas","@id":"https:\/\/edumas.gov.co\/inicio\/#\/schema\/person\/e2e82a662fd06864325b88811079b05a"},"headline":"El Establecimiento de Desarrollo Urbano y Medio Ambiente de Soledad-Edumas, se permite informar a la opini\u00f3n p\u00fablica que:","datePublished":"2022-11-25T17:25:00+00:00","dateModified":"2023-10-25T17:37:30+00:00","mainEntityOfPage":{"@id":"https:\/\/edumas.gov.co\/inicio\/2022\/11\/25\/el-establecimiento-de-desarrollo-urbano-y-medio-ambiente-de-soledad-edumas-se-permite-informar-a-la-opinion-publica-que\/"},"wordCount":411,"commentCount":0,"publisher":{"@id":"https:\/\/edumas.gov.co\/inicio\/#organization"},"image":{"@id":"https:\/\/edumas.gov.co\/inicio\/2022\/11\/25\/el-establecimiento-de-desarrollo-urbano-y-medio-ambiente-de-soledad-edumas-se-permite-informar-a-la-opinion-publica-que\/#primaryimage"},"thumbnailUrl":"https:\/\/edumas.gov.co\/wp-content\/uploads\/2023\/10\/El-Establecimiento-de-Desarrollo-Urbano-y-Medio-Ambiente-de-Soledad-Edumas-se-permite-informar-a-la-opinion-publica-que.png","articleSection":["noticias"],"inLanguage":"es","potentialAction":[{"@type":"CommentAction","name":"Comment","target":["https:\/\/edumas.gov.co\/inicio\/2022\/11\/25\/el-establecimiento-de-desarrollo-urbano-y-medio-ambiente-de-soledad-edumas-se-permite-informar-a-la-opinion-publica-que\/#respond"]}]},{"@type":"WebPage","@id":"https:\/\/edumas.gov.co\/inicio\/2022\/11\/25\/el-establecimiento-de-desarrollo-urbano-y-medio-ambiente-de-soledad-edumas-se-permite-informar-a-la-opinion-publica-que\/","url":"https:\/\/edumas.gov.co\/inicio\/2022\/11\/25\/el-establecimiento-de-desarrollo-urbano-y-medio-ambiente-de-soledad-edumas-se-permite-informar-a-la-opinion-publica-que\/","name":"El Establecimiento de Desarrollo Urbano y Medio Ambiente de Soledad-Edumas, se permite informar a la opini\u00f3n p\u00fablica que: - Edumas","isPartOf":{"@id":"https:\/\/edumas.gov.co\/inicio\/#website"},"primaryImageOfPage":{"@id":"https:\/\/edumas.gov.co\/inicio\/2022\/11\/25\/el-establecimiento-de-desarrollo-urbano-y-medio-ambiente-de-soledad-edumas-se-permite-informar-a-la-opinion-publica-que\/#primaryimage"},"image":{"@id":"https:\/\/edumas.gov.co\/inicio\/2022\/11\/25\/el-establecimiento-de-desarrollo-urbano-y-medio-ambiente-de-soledad-edumas-se-permite-informar-a-la-opinion-publica-que\/#primaryimage"},"thumbnailUrl":"https:\/\/edumas.gov.co\/wp-content\/uploads\/2023\/10\/El-Establecimiento-de-Desarrollo-Urbano-y-Medio-Ambiente-de-Soledad-Edumas-se-permite-informar-a-la-opinion-publica-que.png","datePublished":"2022-11-25T17:25:00+00:00","dateModified":"2023-10-25T17:37:30+00:00","breadcrumb":{"@id":"https:\/\/edumas.gov.co\/inicio\/2022\/11\/25\/el-establecimiento-de-desarrollo-urbano-y-medio-ambiente-de-soledad-edumas-se-permite-informar-a-la-opinion-publica-que\/#breadcrumb"},"inLanguage":"es","potentialAction":[{"@type":"ReadAction","target":["https:\/\/edumas.gov.co\/inicio\/2022\/11\/25\/el-establecimiento-de-desarrollo-urbano-y-medio-ambiente-de-soledad-edumas-se-permite-informar-a-la-opinion-publica-que\/"]}]},{"@type":"ImageObject","inLanguage":"es","@id":"https:\/\/edumas.gov.co\/inicio\/2022\/11\/25\/el-establecimiento-de-desarrollo-urbano-y-medio-ambiente-de-soledad-edumas-se-permite-informar-a-la-opinion-publica-que\/#primaryimage","url":"https:\/\/edumas.gov.co\/wp-content\/uploads\/2023\/10\/El-Establecimiento-de-Desarrollo-Urbano-y-Medio-Ambiente-de-Soledad-Edumas-se-permite-informar-a-la-opinion-publica-que.png","contentUrl":"https:\/\/edumas.gov.co\/wp-content\/uploads\/2023\/10\/El-Establecimiento-de-Desarrollo-Urbano-y-Medio-Ambiente-de-Soledad-Edumas-se-permite-informar-a-la-opinion-publica-que.png","width":1080,"height":1080},{"@type":"BreadcrumbList","@id":"https:\/\/edumas.gov.co\/inicio\/2022\/11\/25\/el-establecimiento-de-desarrollo-urbano-y-medio-ambiente-de-soledad-edumas-se-permite-informar-a-la-opinion-publica-que\/#breadcrumb","itemListElement":[{"@type":"ListItem","position":1,"name":"Portada","item":"https:\/\/edumas.gov.co\/inicio\/"},{"@type":"ListItem","position":2,"name":"El Establecimiento de Desarrollo Urbano y Medio Ambiente de Soledad-Edumas, se permite informar a la opini\u00f3n p\u00fablica que:"}]},{"@type":"WebSite","@id":"https:\/\/edumas.gov.co\/inicio\/#website","url":"https:\/\/edumas.gov.co\/inicio\/","name":"Edumas","description":"Edumas","publisher":{"@id":"https:\/\/edumas.gov.co\/inicio\/#organization"},"potentialAction":[{"@type":"SearchAction","target":{"@type":"EntryPoint","urlTemplate":"https:\/\/edumas.gov.co\/inicio\/?s={search_term_string}"},"query-input":{"@type":"PropertyValueSpecification","valueRequired":true,"valueName":"search_term_string"}}],"inLanguage":"es"},{"@type":"Organization","@id":"https:\/\/edumas.gov.co\/inicio\/#organization","name":"Edumas","url":"https:\/\/edumas.gov.co\/inicio\/","logo":{"@type":"ImageObject","inLanguage":"es","@id":"https:\/\/edumas.gov.co\/inicio\/#\/schema\/logo\/image\/","url":"https:\/\/edumas.gov.co\/wp-content\/uploads\/2024\/10\/Perfil-Instagram-PhotoRoom.png-PhotoRoom.png","contentUrl":"https:\/\/edumas.gov.co\/wp-content\/uploads\/2024\/10\/Perfil-Instagram-PhotoRoom.png-PhotoRoom.png","width":648,"height":233,"caption":"Edumas"},"image":{"@id":"https:\/\/edumas.gov.co\/inicio\/#\/schema\/logo\/image\/"}},{"@type":"Person","@id":"https:\/\/edumas.gov.co\/inicio\/#\/schema\/person\/e2e82a662fd06864325b88811079b05a","name":"edumas","image":{"@type":"ImageObject","inLanguage":"es","@id":"https:\/\/edumas.gov.co\/wp-content\/uploads\/2025\/03\/WhatsApp-Image-2025-03-06-at-12.44.58-PM-150x150.jpeg","url":"https:\/\/edumas.gov.co\/wp-content\/uploads\/2025\/03\/WhatsApp-Image-2025-03-06-at-12.44.58-PM-150x150.jpeg","contentUrl":"https:\/\/edumas.gov.co\/wp-content\/uploads\/2025\/03\/WhatsApp-Image-2025-03-06-at-12.44.58-PM-150x150.jpeg","caption":"edumas"},"sameAs":["https:\/\/test.edumas.gov.co"],"url":"https:\/\/edumas.gov.co\/inicio\/author\/edumas\/"}]}},"_links":{"self":[{"href":"https:\/\/edumas.gov.co\/inicio\/wp-json\/wp\/v2\/posts\/1302","targetHints":{"allow":["GET"]}}],"collection":[{"href":"https:\/\/edumas.gov.co\/inicio\/wp-json\/wp\/v2\/posts"}],"about":[{"href":"https:\/\/edumas.gov.co\/inicio\/wp-json\/wp\/v2\/types\/post"}],"author":[{"embeddable":true,"href":"https:\/\/edumas.gov.co\/inicio\/wp-json\/wp\/v2\/users\/1"}],"replies":[{"embeddable":true,"href":"https:\/\/edumas.gov.co\/inicio\/wp-json\/wp\/v2\/comments?post=1302"}],"version-history":[{"count":1,"href":"https:\/\/edumas.gov.co\/inicio\/wp-json\/wp\/v2\/posts\/1302\/revisions"}],"predecessor-version":[{"id":1304,"href":"https:\/\/edumas.gov.co\/inicio\/wp-json\/wp\/v2\/posts\/1302\/revisions\/1304"}],"wp:featuredmedia":[{"embeddable":true,"href":"https:\/\/edumas.gov.co\/inicio\/wp-json\/wp\/v2\/media\/1303"}],"wp:attachment":[{"href":"https:\/\/edumas.gov.co\/inicio\/wp-json\/wp\/v2\/media?parent=1302"}],"wp:term":[{"taxonomy":"category","embeddable":true,"href":"https:\/\/edumas.gov.co\/inicio\/wp-json\/wp\/v2\/categories?post=1302"},{"taxonomy":"post_tag","embeddable":true,"href":"https:\/\/edumas.gov.co\/inicio\/wp-json\/wp\/v2\/tags?post=1302"}],"curies":[{"name":"wp","href":"https:\/\/api.w.org\/{rel}","templated":true}]}}