{"id":1333,"date":"2022-12-21T17:57:00","date_gmt":"2022-12-21T17:57:00","guid":{"rendered":"https:\/\/test.edumas.gov.co\/?p=1333"},"modified":"2023-10-25T18:01:30","modified_gmt":"2023-10-25T18:01:30","slug":"edumas-presente-en-mesa-de-trabajo-sobre-cambio-climatico","status":"publish","type":"post","link":"https:\/\/edumas.gov.co\/inicio\/2022\/12\/21\/edumas-presente-en-mesa-de-trabajo-sobre-cambio-climatico\/","title":{"rendered":"Edumas presente en mesa de trabajo sobre cambio clim\u00e1tico"},"content":{"rendered":"\n<p class=\"wp-block-paragraph\">En su estrategia de fortalecimiento del trabajo conjunto con las diferentes instituciones ambientales, sociales y de gobierno, el Establecimiento de Desarrollo Urbano y Medio Ambiente de Soledad-Edumas, particip\u00f3 en el d\u00eda de hoy en la mesa de trabajo sobre cambio clim\u00e1tico convocada por la Corporaci\u00f3n Regional Aut\u00f3noma del Atl\u00e1ntico \u2013 CRA.<\/p>\n\n\n\n<p class=\"wp-block-paragraph\">La reuni\u00f3n tuvo como objetivo unificar a los entes ambientales y alcaldes de los diferentes municipios del Atl\u00e1ntico, en torno al Nodo Caribe de Cambio Clim\u00e1tico, que promueve acciones de adaptaci\u00f3n a este fen\u00f3meno ambiental y, asimismo, a la mitigaci\u00f3n de las emisiones de gases de efecto invernadero.<\/p>\n\n\n\n<div class=\"wp-block-media-text is-stacked-on-mobile\"><figure class=\"wp-block-media-text__media\"><img fetchpriority=\"high\" decoding=\"async\" width=\"1024\" height=\"768\" src=\"https:\/\/test.edumas.gov.co\/wp-content\/uploads\/2023\/10\/Reunion-3-1024x768.jpeg\" alt=\"\" class=\"wp-image-1335 size-full\" srcset=\"https:\/\/edumas.gov.co\/wp-content\/uploads\/2023\/10\/Reunion-3-1024x768.jpeg 1024w, https:\/\/edumas.gov.co\/wp-content\/uploads\/2023\/10\/Reunion-3-300x225.jpeg 300w, https:\/\/edumas.gov.co\/wp-content\/uploads\/2023\/10\/Reunion-3-768x576.jpeg 768w, https:\/\/edumas.gov.co\/wp-content\/uploads\/2023\/10\/Reunion-3-1536x1152.jpeg 1536w, https:\/\/edumas.gov.co\/wp-content\/uploads\/2023\/10\/Reunion-3-1320x990.jpeg 1320w, https:\/\/edumas.gov.co\/wp-content\/uploads\/2023\/10\/Reunion-3.jpeg 1600w\" sizes=\"(max-width: 1024px) 100vw, 1024px\" \/><\/figure><div class=\"wp-block-media-text__content\">\n<p class=\"wp-block-paragraph\">\u201cDesde mi llegada al Edumas hace alrededor de un mes, he tenido la firme convicci\u00f3n de que aunar esfuerzos con los diferentes actores sociales que influyen en el desempe\u00f1o ambiental de nuestro municipio, es necesario para la consecuci\u00f3n de resultados de impacto. Al ser parte de este nodo de cambio clim\u00e1tico, confiamos en contar con el apoyo de la CRA y los entes internacionales adscritos, para la gesti\u00f3n de recursos a trav\u00e9s de la formulaci\u00f3n de proyectos que son prioritarios para Soledad en esta materia\u201d, manifest\u00f3 el gerente del Edumas, Wilson De la Rosa Montenegro.<\/p>\n<\/div><\/div>\n\n\n\n<p class=\"wp-block-paragraph\">Dentro de las tem\u00e1ticas tratadas, se evidenci\u00f3 el avance de proyectos en el Atl\u00e1ntico que cuentan con la cooperaci\u00f3n de entes internacionales que apuestan por el desarrollo sostenible de la regi\u00f3n y la relevancia del cambio clim\u00e1tico en la agenda ambiental.<\/p>\n\n\n\n<div class=\"wp-block-media-text is-stacked-on-mobile\"><figure class=\"wp-block-media-text__media\"><img decoding=\"async\" width=\"1024\" height=\"768\" src=\"https:\/\/test.edumas.gov.co\/wp-content\/uploads\/2023\/10\/Reunion-2-1024x768.jpeg\" alt=\"\" class=\"wp-image-1336 size-full\" srcset=\"https:\/\/edumas.gov.co\/wp-content\/uploads\/2023\/10\/Reunion-2-1024x768.jpeg 1024w, https:\/\/edumas.gov.co\/wp-content\/uploads\/2023\/10\/Reunion-2-300x225.jpeg 300w, https:\/\/edumas.gov.co\/wp-content\/uploads\/2023\/10\/Reunion-2-768x576.jpeg 768w, https:\/\/edumas.gov.co\/wp-content\/uploads\/2023\/10\/Reunion-2-1536x1152.jpeg 1536w, https:\/\/edumas.gov.co\/wp-content\/uploads\/2023\/10\/Reunion-2-1320x990.jpeg 1320w, https:\/\/edumas.gov.co\/wp-content\/uploads\/2023\/10\/Reunion-2.jpeg 1600w\" sizes=\"(max-width: 1024px) 100vw, 1024px\" \/><\/figure><div class=\"wp-block-media-text__content\">\n<p class=\"wp-block-paragraph\">Desde el Edumas continuaremos con una administraci\u00f3n de puertas abiertas a las iniciativas ambientales que contribuyan al mejoramiento de la calidad de vida de todos los solede\u00f1os.<\/p>\n<\/div><\/div>\n","protected":false},"excerpt":{"rendered":"<p>En su estrategia de fortalecimiento del trabajo conjunto con las diferentes instituciones ambientales, sociales y de gobierno, el Establecimiento de Desarrollo Urbano y Medio Ambiente de Soledad-Edumas, particip\u00f3 en el d\u00eda de hoy en la mesa de trabajo sobre cambio clim\u00e1tico convocada por la Corporaci\u00f3n Regional Aut\u00f3noma del Atl\u00e1ntico \u2013 CRA. La reuni\u00f3n tuvo como [&hellip;]<\/p>\n","protected":false},"author":1,"featured_media":1334,"comment_status":"open","ping_status":"open","sticky":false,"template":"","format":"standard","meta":{"footnotes":""},"categories":[26],"tags":[],"class_list":["post-1333","post","type-post","status-publish","format-standard","has-post-thumbnail","hentry","category-noticias"],"yoast_head":"<!-- This site is optimized with the Yoast SEO plugin v27.4 - https:\/\/yoast.com\/product\/yoast-seo-wordpress\/ -->\n<title>Edumas presente en mesa de trabajo sobre cambio clim\u00e1tico - Edumas<\/title>\n<meta name=\"robots\" content=\"index, follow, max-snippet:-1, max-image-preview:large, max-video-preview:-1\" \/>\n<link rel=\"canonical\" href=\"https:\/\/edumas.gov.co\/inicio\/2022\/12\/21\/edumas-presente-en-mesa-de-trabajo-sobre-cambio-climatico\/\" \/>\n<meta property=\"og:locale\" content=\"es_ES\" \/>\n<meta property=\"og:type\" content=\"article\" \/>\n<meta property=\"og:title\" content=\"Edumas presente en mesa de trabajo sobre cambio clim\u00e1tico - Edumas\" \/>\n<meta property=\"og:description\" content=\"En su estrategia de fortalecimiento del trabajo conjunto con las diferentes instituciones ambientales, sociales y de gobierno, el Establecimiento de Desarrollo Urbano y Medio Ambiente de Soledad-Edumas, particip\u00f3 en el d\u00eda de hoy en la mesa de trabajo sobre cambio clim\u00e1tico convocada por la Corporaci\u00f3n Regional Aut\u00f3noma del Atl\u00e1ntico \u2013 CRA. La reuni\u00f3n tuvo como [&hellip;]\" \/>\n<meta property=\"og:url\" content=\"https:\/\/edumas.gov.co\/inicio\/2022\/12\/21\/edumas-presente-en-mesa-de-trabajo-sobre-cambio-climatico\/\" \/>\n<meta property=\"og:site_name\" content=\"Edumas\" \/>\n<meta property=\"article:published_time\" content=\"2022-12-21T17:57:00+00:00\" \/>\n<meta property=\"article:modified_time\" content=\"2023-10-25T18:01:30+00:00\" \/>\n<meta property=\"og:image\" content=\"https:\/\/edumas.gov.co\/wp-content\/uploads\/2023\/10\/Edumas-presente-en-mesa-de-trabajo-sobre-cambio-climatico.jpeg\" \/>\n\t<meta property=\"og:image:width\" content=\"1600\" \/>\n\t<meta property=\"og:image:height\" content=\"1200\" \/>\n\t<meta property=\"og:image:type\" content=\"image\/jpeg\" \/>\n<meta name=\"author\" content=\"edumas\" \/>\n<meta name=\"twitter:card\" content=\"summary_large_image\" \/>\n<meta name=\"twitter:label1\" content=\"Escrito por\" \/>\n\t<meta name=\"twitter:data1\" content=\"edumas\" \/>\n\t<meta name=\"twitter:label2\" content=\"Tiempo de lectura\" \/>\n\t<meta name=\"twitter:data2\" content=\"1 minuto\" \/>\n<script type=\"application\/ld+json\" class=\"yoast-schema-graph\">{\"@context\":\"https:\\\/\\\/schema.org\",\"@graph\":[{\"@type\":\"Article\",\"@id\":\"https:\\\/\\\/edumas.gov.co\\\/inicio\\\/2022\\\/12\\\/21\\\/edumas-presente-en-mesa-de-trabajo-sobre-cambio-climatico\\\/#article\",\"isPartOf\":{\"@id\":\"https:\\\/\\\/edumas.gov.co\\\/inicio\\\/2022\\\/12\\\/21\\\/edumas-presente-en-mesa-de-trabajo-sobre-cambio-climatico\\\/\"},\"author\":{\"name\":\"edumas\",\"@id\":\"https:\\\/\\\/edumas.gov.co\\\/inicio\\\/#\\\/schema\\\/person\\\/e2e82a662fd06864325b88811079b05a\"},\"headline\":\"Edumas presente en mesa de trabajo sobre cambio clim\u00e1tico\",\"datePublished\":\"2022-12-21T17:57:00+00:00\",\"dateModified\":\"2023-10-25T18:01:30+00:00\",\"mainEntityOfPage\":{\"@id\":\"https:\\\/\\\/edumas.gov.co\\\/inicio\\\/2022\\\/12\\\/21\\\/edumas-presente-en-mesa-de-trabajo-sobre-cambio-climatico\\\/\"},\"wordCount\":296,\"commentCount\":0,\"publisher\":{\"@id\":\"https:\\\/\\\/edumas.gov.co\\\/inicio\\\/#organization\"},\"image\":{\"@id\":\"https:\\\/\\\/edumas.gov.co\\\/inicio\\\/2022\\\/12\\\/21\\\/edumas-presente-en-mesa-de-trabajo-sobre-cambio-climatico\\\/#primaryimage\"},\"thumbnailUrl\":\"https:\\\/\\\/edumas.gov.co\\\/wp-content\\\/uploads\\\/2023\\\/10\\\/Edumas-presente-en-mesa-de-trabajo-sobre-cambio-climatico.jpeg\",\"articleSection\":[\"noticias\"],\"inLanguage\":\"es\",\"potentialAction\":[{\"@type\":\"CommentAction\",\"name\":\"Comment\",\"target\":[\"https:\\\/\\\/edumas.gov.co\\\/inicio\\\/2022\\\/12\\\/21\\\/edumas-presente-en-mesa-de-trabajo-sobre-cambio-climatico\\\/#respond\"]}]},{\"@type\":\"WebPage\",\"@id\":\"https:\\\/\\\/edumas.gov.co\\\/inicio\\\/2022\\\/12\\\/21\\\/edumas-presente-en-mesa-de-trabajo-sobre-cambio-climatico\\\/\",\"url\":\"https:\\\/\\\/edumas.gov.co\\\/inicio\\\/2022\\\/12\\\/21\\\/edumas-presente-en-mesa-de-trabajo-sobre-cambio-climatico\\\/\",\"name\":\"Edumas presente en mesa de trabajo sobre cambio clim\u00e1tico - Edumas\",\"isPartOf\":{\"@id\":\"https:\\\/\\\/edumas.gov.co\\\/inicio\\\/#website\"},\"primaryImageOfPage\":{\"@id\":\"https:\\\/\\\/edumas.gov.co\\\/inicio\\\/2022\\\/12\\\/21\\\/edumas-presente-en-mesa-de-trabajo-sobre-cambio-climatico\\\/#primaryimage\"},\"image\":{\"@id\":\"https:\\\/\\\/edumas.gov.co\\\/inicio\\\/2022\\\/12\\\/21\\\/edumas-presente-en-mesa-de-trabajo-sobre-cambio-climatico\\\/#primaryimage\"},\"thumbnailUrl\":\"https:\\\/\\\/edumas.gov.co\\\/wp-content\\\/uploads\\\/2023\\\/10\\\/Edumas-presente-en-mesa-de-trabajo-sobre-cambio-climatico.jpeg\",\"datePublished\":\"2022-12-21T17:57:00+00:00\",\"dateModified\":\"2023-10-25T18:01:30+00:00\",\"breadcrumb\":{\"@id\":\"https:\\\/\\\/edumas.gov.co\\\/inicio\\\/2022\\\/12\\\/21\\\/edumas-presente-en-mesa-de-trabajo-sobre-cambio-climatico\\\/#breadcrumb\"},\"inLanguage\":\"es\",\"potentialAction\":[{\"@type\":\"ReadAction\",\"target\":[\"https:\\\/\\\/edumas.gov.co\\\/inicio\\\/2022\\\/12\\\/21\\\/edumas-presente-en-mesa-de-trabajo-sobre-cambio-climatico\\\/\"]}]},{\"@type\":\"ImageObject\",\"inLanguage\":\"es\",\"@id\":\"https:\\\/\\\/edumas.gov.co\\\/inicio\\\/2022\\\/12\\\/21\\\/edumas-presente-en-mesa-de-trabajo-sobre-cambio-climatico\\\/#primaryimage\",\"url\":\"https:\\\/\\\/edumas.gov.co\\\/wp-content\\\/uploads\\\/2023\\\/10\\\/Edumas-presente-en-mesa-de-trabajo-sobre-cambio-climatico.jpeg\",\"contentUrl\":\"https:\\\/\\\/edumas.gov.co\\\/wp-content\\\/uploads\\\/2023\\\/10\\\/Edumas-presente-en-mesa-de-trabajo-sobre-cambio-climatico.jpeg\",\"width\":1600,\"height\":1200},{\"@type\":\"BreadcrumbList\",\"@id\":\"https:\\\/\\\/edumas.gov.co\\\/inicio\\\/2022\\\/12\\\/21\\\/edumas-presente-en-mesa-de-trabajo-sobre-cambio-climatico\\\/#breadcrumb\",\"itemListElement\":[{\"@type\":\"ListItem\",\"position\":1,\"name\":\"Portada\",\"item\":\"https:\\\/\\\/edumas.gov.co\\\/inicio\\\/\"},{\"@type\":\"ListItem\",\"position\":2,\"name\":\"Edumas presente en mesa de trabajo sobre cambio clim\u00e1tico\"}]},{\"@type\":\"WebSite\",\"@id\":\"https:\\\/\\\/edumas.gov.co\\\/inicio\\\/#website\",\"url\":\"https:\\\/\\\/edumas.gov.co\\\/inicio\\\/\",\"name\":\"Edumas\",\"description\":\"Edumas\",\"publisher\":{\"@id\":\"https:\\\/\\\/edumas.gov.co\\\/inicio\\\/#organization\"},\"potentialAction\":[{\"@type\":\"SearchAction\",\"target\":{\"@type\":\"EntryPoint\",\"urlTemplate\":\"https:\\\/\\\/edumas.gov.co\\\/inicio\\\/?s={search_term_string}\"},\"query-input\":{\"@type\":\"PropertyValueSpecification\",\"valueRequired\":true,\"valueName\":\"search_term_string\"}}],\"inLanguage\":\"es\"},{\"@type\":\"Organization\",\"@id\":\"https:\\\/\\\/edumas.gov.co\\\/inicio\\\/#organization\",\"name\":\"Edumas\",\"url\":\"https:\\\/\\\/edumas.gov.co\\\/inicio\\\/\",\"logo\":{\"@type\":\"ImageObject\",\"inLanguage\":\"es\",\"@id\":\"https:\\\/\\\/edumas.gov.co\\\/inicio\\\/#\\\/schema\\\/logo\\\/image\\\/\",\"url\":\"https:\\\/\\\/edumas.gov.co\\\/wp-content\\\/uploads\\\/2024\\\/10\\\/Perfil-Instagram-PhotoRoom.png-PhotoRoom.png\",\"contentUrl\":\"https:\\\/\\\/edumas.gov.co\\\/wp-content\\\/uploads\\\/2024\\\/10\\\/Perfil-Instagram-PhotoRoom.png-PhotoRoom.png\",\"width\":648,\"height\":233,\"caption\":\"Edumas\"},\"image\":{\"@id\":\"https:\\\/\\\/edumas.gov.co\\\/inicio\\\/#\\\/schema\\\/logo\\\/image\\\/\"}},{\"@type\":\"Person\",\"@id\":\"https:\\\/\\\/edumas.gov.co\\\/inicio\\\/#\\\/schema\\\/person\\\/e2e82a662fd06864325b88811079b05a\",\"name\":\"edumas\",\"image\":{\"@type\":\"ImageObject\",\"inLanguage\":\"es\",\"@id\":\"https:\\\/\\\/edumas.gov.co\\\/wp-content\\\/uploads\\\/2025\\\/03\\\/WhatsApp-Image-2025-03-06-at-12.44.58-PM-150x150.jpeg\",\"url\":\"https:\\\/\\\/edumas.gov.co\\\/wp-content\\\/uploads\\\/2025\\\/03\\\/WhatsApp-Image-2025-03-06-at-12.44.58-PM-150x150.jpeg\",\"contentUrl\":\"https:\\\/\\\/edumas.gov.co\\\/wp-content\\\/uploads\\\/2025\\\/03\\\/WhatsApp-Image-2025-03-06-at-12.44.58-PM-150x150.jpeg\",\"caption\":\"edumas\"},\"sameAs\":[\"https:\\\/\\\/test.edumas.gov.co\"],\"url\":\"https:\\\/\\\/edumas.gov.co\\\/inicio\\\/author\\\/edumas\\\/\"}]}<\/script>\n<!-- \/ Yoast SEO plugin. -->","yoast_head_json":{"title":"Edumas presente en mesa de trabajo sobre cambio clim\u00e1tico - Edumas","robots":{"index":"index","follow":"follow","max-snippet":"max-snippet:-1","max-image-preview":"max-image-preview:large","max-video-preview":"max-video-preview:-1"},"canonical":"https:\/\/edumas.gov.co\/inicio\/2022\/12\/21\/edumas-presente-en-mesa-de-trabajo-sobre-cambio-climatico\/","og_locale":"es_ES","og_type":"article","og_title":"Edumas presente en mesa de trabajo sobre cambio clim\u00e1tico - Edumas","og_description":"En su estrategia de fortalecimiento del trabajo conjunto con las diferentes instituciones ambientales, sociales y de gobierno, el Establecimiento de Desarrollo Urbano y Medio Ambiente de Soledad-Edumas, particip\u00f3 en el d\u00eda de hoy en la mesa de trabajo sobre cambio clim\u00e1tico convocada por la Corporaci\u00f3n Regional Aut\u00f3noma del Atl\u00e1ntico \u2013 CRA. La reuni\u00f3n tuvo como [&hellip;]","og_url":"https:\/\/edumas.gov.co\/inicio\/2022\/12\/21\/edumas-presente-en-mesa-de-trabajo-sobre-cambio-climatico\/","og_site_name":"Edumas","article_published_time":"2022-12-21T17:57:00+00:00","article_modified_time":"2023-10-25T18:01:30+00:00","og_image":[{"width":1600,"height":1200,"url":"https:\/\/edumas.gov.co\/wp-content\/uploads\/2023\/10\/Edumas-presente-en-mesa-de-trabajo-sobre-cambio-climatico.jpeg","type":"image\/jpeg"}],"author":"edumas","twitter_card":"summary_large_image","twitter_misc":{"Escrito por":"edumas","Tiempo de lectura":"1 minuto"},"schema":{"@context":"https:\/\/schema.org","@graph":[{"@type":"Article","@id":"https:\/\/edumas.gov.co\/inicio\/2022\/12\/21\/edumas-presente-en-mesa-de-trabajo-sobre-cambio-climatico\/#article","isPartOf":{"@id":"https:\/\/edumas.gov.co\/inicio\/2022\/12\/21\/edumas-presente-en-mesa-de-trabajo-sobre-cambio-climatico\/"},"author":{"name":"edumas","@id":"https:\/\/edumas.gov.co\/inicio\/#\/schema\/person\/e2e82a662fd06864325b88811079b05a"},"headline":"Edumas presente en mesa de trabajo sobre cambio clim\u00e1tico","datePublished":"2022-12-21T17:57:00+00:00","dateModified":"2023-10-25T18:01:30+00:00","mainEntityOfPage":{"@id":"https:\/\/edumas.gov.co\/inicio\/2022\/12\/21\/edumas-presente-en-mesa-de-trabajo-sobre-cambio-climatico\/"},"wordCount":296,"commentCount":0,"publisher":{"@id":"https:\/\/edumas.gov.co\/inicio\/#organization"},"image":{"@id":"https:\/\/edumas.gov.co\/inicio\/2022\/12\/21\/edumas-presente-en-mesa-de-trabajo-sobre-cambio-climatico\/#primaryimage"},"thumbnailUrl":"https:\/\/edumas.gov.co\/wp-content\/uploads\/2023\/10\/Edumas-presente-en-mesa-de-trabajo-sobre-cambio-climatico.jpeg","articleSection":["noticias"],"inLanguage":"es","potentialAction":[{"@type":"CommentAction","name":"Comment","target":["https:\/\/edumas.gov.co\/inicio\/2022\/12\/21\/edumas-presente-en-mesa-de-trabajo-sobre-cambio-climatico\/#respond"]}]},{"@type":"WebPage","@id":"https:\/\/edumas.gov.co\/inicio\/2022\/12\/21\/edumas-presente-en-mesa-de-trabajo-sobre-cambio-climatico\/","url":"https:\/\/edumas.gov.co\/inicio\/2022\/12\/21\/edumas-presente-en-mesa-de-trabajo-sobre-cambio-climatico\/","name":"Edumas presente en mesa de trabajo sobre cambio clim\u00e1tico - Edumas","isPartOf":{"@id":"https:\/\/edumas.gov.co\/inicio\/#website"},"primaryImageOfPage":{"@id":"https:\/\/edumas.gov.co\/inicio\/2022\/12\/21\/edumas-presente-en-mesa-de-trabajo-sobre-cambio-climatico\/#primaryimage"},"image":{"@id":"https:\/\/edumas.gov.co\/inicio\/2022\/12\/21\/edumas-presente-en-mesa-de-trabajo-sobre-cambio-climatico\/#primaryimage"},"thumbnailUrl":"https:\/\/edumas.gov.co\/wp-content\/uploads\/2023\/10\/Edumas-presente-en-mesa-de-trabajo-sobre-cambio-climatico.jpeg","datePublished":"2022-12-21T17:57:00+00:00","dateModified":"2023-10-25T18:01:30+00:00","breadcrumb":{"@id":"https:\/\/edumas.gov.co\/inicio\/2022\/12\/21\/edumas-presente-en-mesa-de-trabajo-sobre-cambio-climatico\/#breadcrumb"},"inLanguage":"es","potentialAction":[{"@type":"ReadAction","target":["https:\/\/edumas.gov.co\/inicio\/2022\/12\/21\/edumas-presente-en-mesa-de-trabajo-sobre-cambio-climatico\/"]}]},{"@type":"ImageObject","inLanguage":"es","@id":"https:\/\/edumas.gov.co\/inicio\/2022\/12\/21\/edumas-presente-en-mesa-de-trabajo-sobre-cambio-climatico\/#primaryimage","url":"https:\/\/edumas.gov.co\/wp-content\/uploads\/2023\/10\/Edumas-presente-en-mesa-de-trabajo-sobre-cambio-climatico.jpeg","contentUrl":"https:\/\/edumas.gov.co\/wp-content\/uploads\/2023\/10\/Edumas-presente-en-mesa-de-trabajo-sobre-cambio-climatico.jpeg","width":1600,"height":1200},{"@type":"BreadcrumbList","@id":"https:\/\/edumas.gov.co\/inicio\/2022\/12\/21\/edumas-presente-en-mesa-de-trabajo-sobre-cambio-climatico\/#breadcrumb","itemListElement":[{"@type":"ListItem","position":1,"name":"Portada","item":"https:\/\/edumas.gov.co\/inicio\/"},{"@type":"ListItem","position":2,"name":"Edumas presente en mesa de trabajo sobre cambio clim\u00e1tico"}]},{"@type":"WebSite","@id":"https:\/\/edumas.gov.co\/inicio\/#website","url":"https:\/\/edumas.gov.co\/inicio\/","name":"Edumas","description":"Edumas","publisher":{"@id":"https:\/\/edumas.gov.co\/inicio\/#organization"},"potentialAction":[{"@type":"SearchAction","target":{"@type":"EntryPoint","urlTemplate":"https:\/\/edumas.gov.co\/inicio\/?s={search_term_string}"},"query-input":{"@type":"PropertyValueSpecification","valueRequired":true,"valueName":"search_term_string"}}],"inLanguage":"es"},{"@type":"Organization","@id":"https:\/\/edumas.gov.co\/inicio\/#organization","name":"Edumas","url":"https:\/\/edumas.gov.co\/inicio\/","logo":{"@type":"ImageObject","inLanguage":"es","@id":"https:\/\/edumas.gov.co\/inicio\/#\/schema\/logo\/image\/","url":"https:\/\/edumas.gov.co\/wp-content\/uploads\/2024\/10\/Perfil-Instagram-PhotoRoom.png-PhotoRoom.png","contentUrl":"https:\/\/edumas.gov.co\/wp-content\/uploads\/2024\/10\/Perfil-Instagram-PhotoRoom.png-PhotoRoom.png","width":648,"height":233,"caption":"Edumas"},"image":{"@id":"https:\/\/edumas.gov.co\/inicio\/#\/schema\/logo\/image\/"}},{"@type":"Person","@id":"https:\/\/edumas.gov.co\/inicio\/#\/schema\/person\/e2e82a662fd06864325b88811079b05a","name":"edumas","image":{"@type":"ImageObject","inLanguage":"es","@id":"https:\/\/edumas.gov.co\/wp-content\/uploads\/2025\/03\/WhatsApp-Image-2025-03-06-at-12.44.58-PM-150x150.jpeg","url":"https:\/\/edumas.gov.co\/wp-content\/uploads\/2025\/03\/WhatsApp-Image-2025-03-06-at-12.44.58-PM-150x150.jpeg","contentUrl":"https:\/\/edumas.gov.co\/wp-content\/uploads\/2025\/03\/WhatsApp-Image-2025-03-06-at-12.44.58-PM-150x150.jpeg","caption":"edumas"},"sameAs":["https:\/\/test.edumas.gov.co"],"url":"https:\/\/edumas.gov.co\/inicio\/author\/edumas\/"}]}},"_links":{"self":[{"href":"https:\/\/edumas.gov.co\/inicio\/wp-json\/wp\/v2\/posts\/1333","targetHints":{"allow":["GET"]}}],"collection":[{"href":"https:\/\/edumas.gov.co\/inicio\/wp-json\/wp\/v2\/posts"}],"about":[{"href":"https:\/\/edumas.gov.co\/inicio\/wp-json\/wp\/v2\/types\/post"}],"author":[{"embeddable":true,"href":"https:\/\/edumas.gov.co\/inicio\/wp-json\/wp\/v2\/users\/1"}],"replies":[{"embeddable":true,"href":"https:\/\/edumas.gov.co\/inicio\/wp-json\/wp\/v2\/comments?post=1333"}],"version-history":[{"count":1,"href":"https:\/\/edumas.gov.co\/inicio\/wp-json\/wp\/v2\/posts\/1333\/revisions"}],"predecessor-version":[{"id":1337,"href":"https:\/\/edumas.gov.co\/inicio\/wp-json\/wp\/v2\/posts\/1333\/revisions\/1337"}],"wp:featuredmedia":[{"embeddable":true,"href":"https:\/\/edumas.gov.co\/inicio\/wp-json\/wp\/v2\/media\/1334"}],"wp:attachment":[{"href":"https:\/\/edumas.gov.co\/inicio\/wp-json\/wp\/v2\/media?parent=1333"}],"wp:term":[{"taxonomy":"category","embeddable":true,"href":"https:\/\/edumas.gov.co\/inicio\/wp-json\/wp\/v2\/categories?post=1333"},{"taxonomy":"post_tag","embeddable":true,"href":"https:\/\/edumas.gov.co\/inicio\/wp-json\/wp\/v2\/tags?post=1333"}],"curies":[{"name":"wp","href":"https:\/\/api.w.org\/{rel}","templated":true}]}}