{"id":1348,"date":"2022-06-07T18:32:00","date_gmt":"2022-06-07T18:32:00","guid":{"rendered":"https:\/\/test.edumas.gov.co\/?p=1348"},"modified":"2023-10-25T18:36:41","modified_gmt":"2023-10-25T18:36:41","slug":"soledad-conmemora-el-dia-mundial-del-medio-ambiente","status":"publish","type":"post","link":"https:\/\/edumas.gov.co\/inicio\/2022\/06\/07\/soledad-conmemora-el-dia-mundial-del-medio-ambiente\/","title":{"rendered":"Soledad conmemora el d\u00eda Mundial del Medio Ambiente"},"content":{"rendered":"\n<p class=\"wp-block-paragraph\">Con una siembra simb\u00f3lica, el alcalde de Soledad, Rodolfo Ucr\u00f3s Rosales y el gerente del Edumas, Carlos Consuegra Primo, iniciaron la arborizaci\u00f3n de los alrededores de la alcald\u00eda municipal de Soledad, en el marco de la conmemoraci\u00f3n del d\u00eda Mundial del Medio Ambiente, fecha que se celebra cada 5 de junio.<\/p>\n\n\n\n<p class=\"wp-block-paragraph\">Son 100 ejemplares entre maderables y frutales, los que ser\u00e1n plantados en el entorno; \u00abcon este acto ense\u00f1amos a los ni\u00f1os lo importante que es conservar nuestro planeta y estas acciones contribuyen a un mejor medio ambiente\u00bb puntualiz\u00f3 el burgomaestre de Soledad.<\/p>\n\n\n\n<div class=\"wp-block-media-text is-stacked-on-mobile\"><figure class=\"wp-block-media-text__media\"><img fetchpriority=\"high\" decoding=\"async\" width=\"1024\" height=\"683\" src=\"https:\/\/test.edumas.gov.co\/wp-content\/uploads\/2023\/10\/Con-ninos-1024x683.jpeg\" alt=\"\" class=\"wp-image-1350 size-full\" srcset=\"https:\/\/edumas.gov.co\/wp-content\/uploads\/2023\/10\/Con-ninos-1024x683.jpeg 1024w, https:\/\/edumas.gov.co\/wp-content\/uploads\/2023\/10\/Con-ninos-300x200.jpeg 300w, https:\/\/edumas.gov.co\/wp-content\/uploads\/2023\/10\/Con-ninos-768x512.jpeg 768w, https:\/\/edumas.gov.co\/wp-content\/uploads\/2023\/10\/Con-ninos-1320x880.jpeg 1320w, https:\/\/edumas.gov.co\/wp-content\/uploads\/2023\/10\/Con-ninos.jpeg 1500w\" sizes=\"(max-width: 1024px) 100vw, 1024px\" \/><\/figure><div class=\"wp-block-media-text__content\">\n<p class=\"wp-block-paragraph\">\u00abSe espera que, para finales del mes de junio, la entidad llegue a su meta de plantar 1000 ejemplares en todo el territorio solede\u00f1o, seguiremos trabajando arduamente para contribuir a la comunidad\u201d agreg\u00f3 el ingeniero Consuegra, gerente de Edumas.<\/p>\n<\/div><\/div>\n\n\n\n<p class=\"wp-block-paragraph\">A este importante evento se sumaron las empresas patrocinadoras Realianz, ChampionX, las constructoras Amarilo, Obycom, Villa Linda, almac\u00e9n \u00c9xito Metropolitano y Supermercados Euro del centro comercial Carnaval.<\/p>\n\n\n\n<p class=\"wp-block-paragraph\">El evento cont\u00f3 con una muestra art\u00edstica de la Banda de Paz de la Instituci\u00f3n Educativa La ense\u00f1anza Superior, cuyos j\u00f3venes y ni\u00f1os deleitaron al alcalde Ucr\u00f3s y dem\u00e1s asistentes.<\/p>\n\n\n\n<figure class=\"wp-block-gallery has-nested-images columns-default is-cropped wp-block-gallery-1 is-layout-flex wp-block-gallery-is-layout-flex\">\n<figure class=\"wp-block-image size-large\"><img decoding=\"async\" width=\"1024\" height=\"683\" data-id=\"1351\" src=\"https:\/\/test.edumas.gov.co\/wp-content\/uploads\/2023\/10\/Evento-1024x683.jpeg\" alt=\"\" class=\"wp-image-1351\" srcset=\"https:\/\/edumas.gov.co\/wp-content\/uploads\/2023\/10\/Evento-1024x683.jpeg 1024w, https:\/\/edumas.gov.co\/wp-content\/uploads\/2023\/10\/Evento-300x200.jpeg 300w, https:\/\/edumas.gov.co\/wp-content\/uploads\/2023\/10\/Evento-768x512.jpeg 768w, https:\/\/edumas.gov.co\/wp-content\/uploads\/2023\/10\/Evento-1320x880.jpeg 1320w, https:\/\/edumas.gov.co\/wp-content\/uploads\/2023\/10\/Evento.jpeg 1500w\" sizes=\"(max-width: 1024px) 100vw, 1024px\" \/><\/figure>\n\n\n\n<figure class=\"wp-block-image size-large\"><img decoding=\"async\" width=\"1024\" height=\"683\" data-id=\"1353\" src=\"https:\/\/test.edumas.gov.co\/wp-content\/uploads\/2023\/10\/WhatsApp-Image-2022-06-07-at-3.24.14-PM-1024x683.jpeg\" alt=\"\" class=\"wp-image-1353\" srcset=\"https:\/\/edumas.gov.co\/wp-content\/uploads\/2023\/10\/WhatsApp-Image-2022-06-07-at-3.24.14-PM-1024x683.jpeg 1024w, https:\/\/edumas.gov.co\/wp-content\/uploads\/2023\/10\/WhatsApp-Image-2022-06-07-at-3.24.14-PM-300x200.jpeg 300w, https:\/\/edumas.gov.co\/wp-content\/uploads\/2023\/10\/WhatsApp-Image-2022-06-07-at-3.24.14-PM-768x512.jpeg 768w, https:\/\/edumas.gov.co\/wp-content\/uploads\/2023\/10\/WhatsApp-Image-2022-06-07-at-3.24.14-PM-1320x880.jpeg 1320w, https:\/\/edumas.gov.co\/wp-content\/uploads\/2023\/10\/WhatsApp-Image-2022-06-07-at-3.24.14-PM.jpeg 1500w\" sizes=\"(max-width: 1024px) 100vw, 1024px\" \/><\/figure>\n\n\n\n<figure class=\"wp-block-image size-large\"><img loading=\"lazy\" decoding=\"async\" width=\"1024\" height=\"683\" data-id=\"1352\" src=\"https:\/\/test.edumas.gov.co\/wp-content\/uploads\/2023\/10\/WhatsApp-Image-2022-06-07-at-3.24.16-PM-1024x683.jpeg\" alt=\"\" class=\"wp-image-1352\" srcset=\"https:\/\/edumas.gov.co\/wp-content\/uploads\/2023\/10\/WhatsApp-Image-2022-06-07-at-3.24.16-PM-1024x683.jpeg 1024w, https:\/\/edumas.gov.co\/wp-content\/uploads\/2023\/10\/WhatsApp-Image-2022-06-07-at-3.24.16-PM-300x200.jpeg 300w, https:\/\/edumas.gov.co\/wp-content\/uploads\/2023\/10\/WhatsApp-Image-2022-06-07-at-3.24.16-PM-768x512.jpeg 768w, https:\/\/edumas.gov.co\/wp-content\/uploads\/2023\/10\/WhatsApp-Image-2022-06-07-at-3.24.16-PM-1320x880.jpeg 1320w, https:\/\/edumas.gov.co\/wp-content\/uploads\/2023\/10\/WhatsApp-Image-2022-06-07-at-3.24.16-PM.jpeg 1500w\" sizes=\"(max-width: 1024px) 100vw, 1024px\" \/><\/figure>\n<\/figure>\n\n\n\n<p class=\"wp-block-paragraph\">El Edumas, de la mano con la comunidad y dem\u00e1s instituciones, contin\u00faa trabajando en la construcci\u00f3n de una Soledad sostenible para las generaciones futuras.<\/p>\n","protected":false},"excerpt":{"rendered":"<p>Con una siembra simb\u00f3lica, el alcalde de Soledad, Rodolfo Ucr\u00f3s Rosales y el gerente del Edumas, Carlos Consuegra Primo, iniciaron la arborizaci\u00f3n de los alrededores de la alcald\u00eda municipal de Soledad, en el marco de la conmemoraci\u00f3n del d\u00eda Mundial del Medio Ambiente, fecha que se celebra cada 5 de junio. Son 100 ejemplares entre [&hellip;]<\/p>\n","protected":false},"author":1,"featured_media":1349,"comment_status":"open","ping_status":"open","sticky":false,"template":"","format":"standard","meta":{"footnotes":""},"categories":[26],"tags":[],"class_list":["post-1348","post","type-post","status-publish","format-standard","has-post-thumbnail","hentry","category-noticias"],"yoast_head":"<!-- This site is optimized with the Yoast SEO plugin v27.4 - https:\/\/yoast.com\/product\/yoast-seo-wordpress\/ -->\n<title>Soledad conmemora el d\u00eda Mundial del Medio Ambiente - Edumas<\/title>\n<meta name=\"robots\" content=\"index, follow, max-snippet:-1, max-image-preview:large, max-video-preview:-1\" \/>\n<link rel=\"canonical\" href=\"https:\/\/edumas.gov.co\/inicio\/2022\/06\/07\/soledad-conmemora-el-dia-mundial-del-medio-ambiente\/\" \/>\n<meta property=\"og:locale\" content=\"es_ES\" \/>\n<meta property=\"og:type\" content=\"article\" \/>\n<meta property=\"og:title\" content=\"Soledad conmemora el d\u00eda Mundial del Medio Ambiente - Edumas\" \/>\n<meta property=\"og:description\" content=\"Con una siembra simb\u00f3lica, el alcalde de Soledad, Rodolfo Ucr\u00f3s Rosales y el gerente del Edumas, Carlos Consuegra Primo, iniciaron la arborizaci\u00f3n de los alrededores de la alcald\u00eda municipal de Soledad, en el marco de la conmemoraci\u00f3n del d\u00eda Mundial del Medio Ambiente, fecha que se celebra cada 5 de junio. Son 100 ejemplares entre [&hellip;]\" \/>\n<meta property=\"og:url\" content=\"https:\/\/edumas.gov.co\/inicio\/2022\/06\/07\/soledad-conmemora-el-dia-mundial-del-medio-ambiente\/\" \/>\n<meta property=\"og:site_name\" content=\"Edumas\" \/>\n<meta property=\"article:published_time\" content=\"2022-06-07T18:32:00+00:00\" \/>\n<meta property=\"article:modified_time\" content=\"2023-10-25T18:36:41+00:00\" \/>\n<meta property=\"og:image\" content=\"https:\/\/edumas.gov.co\/wp-content\/uploads\/2023\/10\/Alcalde-sembrando.jpeg\" \/>\n\t<meta property=\"og:image:width\" content=\"1500\" \/>\n\t<meta property=\"og:image:height\" content=\"1000\" \/>\n\t<meta property=\"og:image:type\" content=\"image\/jpeg\" \/>\n<meta name=\"author\" content=\"edumas\" \/>\n<meta name=\"twitter:card\" content=\"summary_large_image\" \/>\n<meta name=\"twitter:label1\" content=\"Escrito por\" \/>\n\t<meta name=\"twitter:data1\" content=\"edumas\" \/>\n\t<meta name=\"twitter:label2\" content=\"Tiempo de lectura\" \/>\n\t<meta name=\"twitter:data2\" content=\"1 minuto\" \/>\n<script type=\"application\/ld+json\" class=\"yoast-schema-graph\">{\"@context\":\"https:\\\/\\\/schema.org\",\"@graph\":[{\"@type\":\"Article\",\"@id\":\"https:\\\/\\\/edumas.gov.co\\\/inicio\\\/2022\\\/06\\\/07\\\/soledad-conmemora-el-dia-mundial-del-medio-ambiente\\\/#article\",\"isPartOf\":{\"@id\":\"https:\\\/\\\/edumas.gov.co\\\/inicio\\\/2022\\\/06\\\/07\\\/soledad-conmemora-el-dia-mundial-del-medio-ambiente\\\/\"},\"author\":{\"name\":\"edumas\",\"@id\":\"https:\\\/\\\/edumas.gov.co\\\/inicio\\\/#\\\/schema\\\/person\\\/e2e82a662fd06864325b88811079b05a\"},\"headline\":\"Soledad conmemora el d\u00eda Mundial del Medio Ambiente\",\"datePublished\":\"2022-06-07T18:32:00+00:00\",\"dateModified\":\"2023-10-25T18:36:41+00:00\",\"mainEntityOfPage\":{\"@id\":\"https:\\\/\\\/edumas.gov.co\\\/inicio\\\/2022\\\/06\\\/07\\\/soledad-conmemora-el-dia-mundial-del-medio-ambiente\\\/\"},\"wordCount\":240,\"commentCount\":0,\"publisher\":{\"@id\":\"https:\\\/\\\/edumas.gov.co\\\/inicio\\\/#organization\"},\"image\":{\"@id\":\"https:\\\/\\\/edumas.gov.co\\\/inicio\\\/2022\\\/06\\\/07\\\/soledad-conmemora-el-dia-mundial-del-medio-ambiente\\\/#primaryimage\"},\"thumbnailUrl\":\"https:\\\/\\\/edumas.gov.co\\\/wp-content\\\/uploads\\\/2023\\\/10\\\/Alcalde-sembrando.jpeg\",\"articleSection\":[\"noticias\"],\"inLanguage\":\"es\",\"potentialAction\":[{\"@type\":\"CommentAction\",\"name\":\"Comment\",\"target\":[\"https:\\\/\\\/edumas.gov.co\\\/inicio\\\/2022\\\/06\\\/07\\\/soledad-conmemora-el-dia-mundial-del-medio-ambiente\\\/#respond\"]}]},{\"@type\":\"WebPage\",\"@id\":\"https:\\\/\\\/edumas.gov.co\\\/inicio\\\/2022\\\/06\\\/07\\\/soledad-conmemora-el-dia-mundial-del-medio-ambiente\\\/\",\"url\":\"https:\\\/\\\/edumas.gov.co\\\/inicio\\\/2022\\\/06\\\/07\\\/soledad-conmemora-el-dia-mundial-del-medio-ambiente\\\/\",\"name\":\"Soledad conmemora el d\u00eda Mundial del Medio Ambiente - Edumas\",\"isPartOf\":{\"@id\":\"https:\\\/\\\/edumas.gov.co\\\/inicio\\\/#website\"},\"primaryImageOfPage\":{\"@id\":\"https:\\\/\\\/edumas.gov.co\\\/inicio\\\/2022\\\/06\\\/07\\\/soledad-conmemora-el-dia-mundial-del-medio-ambiente\\\/#primaryimage\"},\"image\":{\"@id\":\"https:\\\/\\\/edumas.gov.co\\\/inicio\\\/2022\\\/06\\\/07\\\/soledad-conmemora-el-dia-mundial-del-medio-ambiente\\\/#primaryimage\"},\"thumbnailUrl\":\"https:\\\/\\\/edumas.gov.co\\\/wp-content\\\/uploads\\\/2023\\\/10\\\/Alcalde-sembrando.jpeg\",\"datePublished\":\"2022-06-07T18:32:00+00:00\",\"dateModified\":\"2023-10-25T18:36:41+00:00\",\"breadcrumb\":{\"@id\":\"https:\\\/\\\/edumas.gov.co\\\/inicio\\\/2022\\\/06\\\/07\\\/soledad-conmemora-el-dia-mundial-del-medio-ambiente\\\/#breadcrumb\"},\"inLanguage\":\"es\",\"potentialAction\":[{\"@type\":\"ReadAction\",\"target\":[\"https:\\\/\\\/edumas.gov.co\\\/inicio\\\/2022\\\/06\\\/07\\\/soledad-conmemora-el-dia-mundial-del-medio-ambiente\\\/\"]}]},{\"@type\":\"ImageObject\",\"inLanguage\":\"es\",\"@id\":\"https:\\\/\\\/edumas.gov.co\\\/inicio\\\/2022\\\/06\\\/07\\\/soledad-conmemora-el-dia-mundial-del-medio-ambiente\\\/#primaryimage\",\"url\":\"https:\\\/\\\/edumas.gov.co\\\/wp-content\\\/uploads\\\/2023\\\/10\\\/Alcalde-sembrando.jpeg\",\"contentUrl\":\"https:\\\/\\\/edumas.gov.co\\\/wp-content\\\/uploads\\\/2023\\\/10\\\/Alcalde-sembrando.jpeg\",\"width\":1500,\"height\":1000},{\"@type\":\"BreadcrumbList\",\"@id\":\"https:\\\/\\\/edumas.gov.co\\\/inicio\\\/2022\\\/06\\\/07\\\/soledad-conmemora-el-dia-mundial-del-medio-ambiente\\\/#breadcrumb\",\"itemListElement\":[{\"@type\":\"ListItem\",\"position\":1,\"name\":\"Portada\",\"item\":\"https:\\\/\\\/edumas.gov.co\\\/inicio\\\/\"},{\"@type\":\"ListItem\",\"position\":2,\"name\":\"Soledad conmemora el d\u00eda Mundial del Medio Ambiente\"}]},{\"@type\":\"WebSite\",\"@id\":\"https:\\\/\\\/edumas.gov.co\\\/inicio\\\/#website\",\"url\":\"https:\\\/\\\/edumas.gov.co\\\/inicio\\\/\",\"name\":\"Edumas\",\"description\":\"Edumas\",\"publisher\":{\"@id\":\"https:\\\/\\\/edumas.gov.co\\\/inicio\\\/#organization\"},\"potentialAction\":[{\"@type\":\"SearchAction\",\"target\":{\"@type\":\"EntryPoint\",\"urlTemplate\":\"https:\\\/\\\/edumas.gov.co\\\/inicio\\\/?s={search_term_string}\"},\"query-input\":{\"@type\":\"PropertyValueSpecification\",\"valueRequired\":true,\"valueName\":\"search_term_string\"}}],\"inLanguage\":\"es\"},{\"@type\":\"Organization\",\"@id\":\"https:\\\/\\\/edumas.gov.co\\\/inicio\\\/#organization\",\"name\":\"Edumas\",\"url\":\"https:\\\/\\\/edumas.gov.co\\\/inicio\\\/\",\"logo\":{\"@type\":\"ImageObject\",\"inLanguage\":\"es\",\"@id\":\"https:\\\/\\\/edumas.gov.co\\\/inicio\\\/#\\\/schema\\\/logo\\\/image\\\/\",\"url\":\"https:\\\/\\\/edumas.gov.co\\\/wp-content\\\/uploads\\\/2024\\\/10\\\/Perfil-Instagram-PhotoRoom.png-PhotoRoom.png\",\"contentUrl\":\"https:\\\/\\\/edumas.gov.co\\\/wp-content\\\/uploads\\\/2024\\\/10\\\/Perfil-Instagram-PhotoRoom.png-PhotoRoom.png\",\"width\":648,\"height\":233,\"caption\":\"Edumas\"},\"image\":{\"@id\":\"https:\\\/\\\/edumas.gov.co\\\/inicio\\\/#\\\/schema\\\/logo\\\/image\\\/\"}},{\"@type\":\"Person\",\"@id\":\"https:\\\/\\\/edumas.gov.co\\\/inicio\\\/#\\\/schema\\\/person\\\/e2e82a662fd06864325b88811079b05a\",\"name\":\"edumas\",\"image\":{\"@type\":\"ImageObject\",\"inLanguage\":\"es\",\"@id\":\"https:\\\/\\\/edumas.gov.co\\\/wp-content\\\/uploads\\\/2025\\\/03\\\/WhatsApp-Image-2025-03-06-at-12.44.58-PM-150x150.jpeg\",\"url\":\"https:\\\/\\\/edumas.gov.co\\\/wp-content\\\/uploads\\\/2025\\\/03\\\/WhatsApp-Image-2025-03-06-at-12.44.58-PM-150x150.jpeg\",\"contentUrl\":\"https:\\\/\\\/edumas.gov.co\\\/wp-content\\\/uploads\\\/2025\\\/03\\\/WhatsApp-Image-2025-03-06-at-12.44.58-PM-150x150.jpeg\",\"caption\":\"edumas\"},\"sameAs\":[\"https:\\\/\\\/test.edumas.gov.co\"],\"url\":\"https:\\\/\\\/edumas.gov.co\\\/inicio\\\/author\\\/edumas\\\/\"}]}<\/script>\n<!-- \/ Yoast SEO plugin. -->","yoast_head_json":{"title":"Soledad conmemora el d\u00eda Mundial del Medio Ambiente - Edumas","robots":{"index":"index","follow":"follow","max-snippet":"max-snippet:-1","max-image-preview":"max-image-preview:large","max-video-preview":"max-video-preview:-1"},"canonical":"https:\/\/edumas.gov.co\/inicio\/2022\/06\/07\/soledad-conmemora-el-dia-mundial-del-medio-ambiente\/","og_locale":"es_ES","og_type":"article","og_title":"Soledad conmemora el d\u00eda Mundial del Medio Ambiente - Edumas","og_description":"Con una siembra simb\u00f3lica, el alcalde de Soledad, Rodolfo Ucr\u00f3s Rosales y el gerente del Edumas, Carlos Consuegra Primo, iniciaron la arborizaci\u00f3n de los alrededores de la alcald\u00eda municipal de Soledad, en el marco de la conmemoraci\u00f3n del d\u00eda Mundial del Medio Ambiente, fecha que se celebra cada 5 de junio. Son 100 ejemplares entre [&hellip;]","og_url":"https:\/\/edumas.gov.co\/inicio\/2022\/06\/07\/soledad-conmemora-el-dia-mundial-del-medio-ambiente\/","og_site_name":"Edumas","article_published_time":"2022-06-07T18:32:00+00:00","article_modified_time":"2023-10-25T18:36:41+00:00","og_image":[{"width":1500,"height":1000,"url":"https:\/\/edumas.gov.co\/wp-content\/uploads\/2023\/10\/Alcalde-sembrando.jpeg","type":"image\/jpeg"}],"author":"edumas","twitter_card":"summary_large_image","twitter_misc":{"Escrito por":"edumas","Tiempo de lectura":"1 minuto"},"schema":{"@context":"https:\/\/schema.org","@graph":[{"@type":"Article","@id":"https:\/\/edumas.gov.co\/inicio\/2022\/06\/07\/soledad-conmemora-el-dia-mundial-del-medio-ambiente\/#article","isPartOf":{"@id":"https:\/\/edumas.gov.co\/inicio\/2022\/06\/07\/soledad-conmemora-el-dia-mundial-del-medio-ambiente\/"},"author":{"name":"edumas","@id":"https:\/\/edumas.gov.co\/inicio\/#\/schema\/person\/e2e82a662fd06864325b88811079b05a"},"headline":"Soledad conmemora el d\u00eda Mundial del Medio Ambiente","datePublished":"2022-06-07T18:32:00+00:00","dateModified":"2023-10-25T18:36:41+00:00","mainEntityOfPage":{"@id":"https:\/\/edumas.gov.co\/inicio\/2022\/06\/07\/soledad-conmemora-el-dia-mundial-del-medio-ambiente\/"},"wordCount":240,"commentCount":0,"publisher":{"@id":"https:\/\/edumas.gov.co\/inicio\/#organization"},"image":{"@id":"https:\/\/edumas.gov.co\/inicio\/2022\/06\/07\/soledad-conmemora-el-dia-mundial-del-medio-ambiente\/#primaryimage"},"thumbnailUrl":"https:\/\/edumas.gov.co\/wp-content\/uploads\/2023\/10\/Alcalde-sembrando.jpeg","articleSection":["noticias"],"inLanguage":"es","potentialAction":[{"@type":"CommentAction","name":"Comment","target":["https:\/\/edumas.gov.co\/inicio\/2022\/06\/07\/soledad-conmemora-el-dia-mundial-del-medio-ambiente\/#respond"]}]},{"@type":"WebPage","@id":"https:\/\/edumas.gov.co\/inicio\/2022\/06\/07\/soledad-conmemora-el-dia-mundial-del-medio-ambiente\/","url":"https:\/\/edumas.gov.co\/inicio\/2022\/06\/07\/soledad-conmemora-el-dia-mundial-del-medio-ambiente\/","name":"Soledad conmemora el d\u00eda Mundial del Medio Ambiente - Edumas","isPartOf":{"@id":"https:\/\/edumas.gov.co\/inicio\/#website"},"primaryImageOfPage":{"@id":"https:\/\/edumas.gov.co\/inicio\/2022\/06\/07\/soledad-conmemora-el-dia-mundial-del-medio-ambiente\/#primaryimage"},"image":{"@id":"https:\/\/edumas.gov.co\/inicio\/2022\/06\/07\/soledad-conmemora-el-dia-mundial-del-medio-ambiente\/#primaryimage"},"thumbnailUrl":"https:\/\/edumas.gov.co\/wp-content\/uploads\/2023\/10\/Alcalde-sembrando.jpeg","datePublished":"2022-06-07T18:32:00+00:00","dateModified":"2023-10-25T18:36:41+00:00","breadcrumb":{"@id":"https:\/\/edumas.gov.co\/inicio\/2022\/06\/07\/soledad-conmemora-el-dia-mundial-del-medio-ambiente\/#breadcrumb"},"inLanguage":"es","potentialAction":[{"@type":"ReadAction","target":["https:\/\/edumas.gov.co\/inicio\/2022\/06\/07\/soledad-conmemora-el-dia-mundial-del-medio-ambiente\/"]}]},{"@type":"ImageObject","inLanguage":"es","@id":"https:\/\/edumas.gov.co\/inicio\/2022\/06\/07\/soledad-conmemora-el-dia-mundial-del-medio-ambiente\/#primaryimage","url":"https:\/\/edumas.gov.co\/wp-content\/uploads\/2023\/10\/Alcalde-sembrando.jpeg","contentUrl":"https:\/\/edumas.gov.co\/wp-content\/uploads\/2023\/10\/Alcalde-sembrando.jpeg","width":1500,"height":1000},{"@type":"BreadcrumbList","@id":"https:\/\/edumas.gov.co\/inicio\/2022\/06\/07\/soledad-conmemora-el-dia-mundial-del-medio-ambiente\/#breadcrumb","itemListElement":[{"@type":"ListItem","position":1,"name":"Portada","item":"https:\/\/edumas.gov.co\/inicio\/"},{"@type":"ListItem","position":2,"name":"Soledad conmemora el d\u00eda Mundial del Medio Ambiente"}]},{"@type":"WebSite","@id":"https:\/\/edumas.gov.co\/inicio\/#website","url":"https:\/\/edumas.gov.co\/inicio\/","name":"Edumas","description":"Edumas","publisher":{"@id":"https:\/\/edumas.gov.co\/inicio\/#organization"},"potentialAction":[{"@type":"SearchAction","target":{"@type":"EntryPoint","urlTemplate":"https:\/\/edumas.gov.co\/inicio\/?s={search_term_string}"},"query-input":{"@type":"PropertyValueSpecification","valueRequired":true,"valueName":"search_term_string"}}],"inLanguage":"es"},{"@type":"Organization","@id":"https:\/\/edumas.gov.co\/inicio\/#organization","name":"Edumas","url":"https:\/\/edumas.gov.co\/inicio\/","logo":{"@type":"ImageObject","inLanguage":"es","@id":"https:\/\/edumas.gov.co\/inicio\/#\/schema\/logo\/image\/","url":"https:\/\/edumas.gov.co\/wp-content\/uploads\/2024\/10\/Perfil-Instagram-PhotoRoom.png-PhotoRoom.png","contentUrl":"https:\/\/edumas.gov.co\/wp-content\/uploads\/2024\/10\/Perfil-Instagram-PhotoRoom.png-PhotoRoom.png","width":648,"height":233,"caption":"Edumas"},"image":{"@id":"https:\/\/edumas.gov.co\/inicio\/#\/schema\/logo\/image\/"}},{"@type":"Person","@id":"https:\/\/edumas.gov.co\/inicio\/#\/schema\/person\/e2e82a662fd06864325b88811079b05a","name":"edumas","image":{"@type":"ImageObject","inLanguage":"es","@id":"https:\/\/edumas.gov.co\/wp-content\/uploads\/2025\/03\/WhatsApp-Image-2025-03-06-at-12.44.58-PM-150x150.jpeg","url":"https:\/\/edumas.gov.co\/wp-content\/uploads\/2025\/03\/WhatsApp-Image-2025-03-06-at-12.44.58-PM-150x150.jpeg","contentUrl":"https:\/\/edumas.gov.co\/wp-content\/uploads\/2025\/03\/WhatsApp-Image-2025-03-06-at-12.44.58-PM-150x150.jpeg","caption":"edumas"},"sameAs":["https:\/\/test.edumas.gov.co"],"url":"https:\/\/edumas.gov.co\/inicio\/author\/edumas\/"}]}},"_links":{"self":[{"href":"https:\/\/edumas.gov.co\/inicio\/wp-json\/wp\/v2\/posts\/1348","targetHints":{"allow":["GET"]}}],"collection":[{"href":"https:\/\/edumas.gov.co\/inicio\/wp-json\/wp\/v2\/posts"}],"about":[{"href":"https:\/\/edumas.gov.co\/inicio\/wp-json\/wp\/v2\/types\/post"}],"author":[{"embeddable":true,"href":"https:\/\/edumas.gov.co\/inicio\/wp-json\/wp\/v2\/users\/1"}],"replies":[{"embeddable":true,"href":"https:\/\/edumas.gov.co\/inicio\/wp-json\/wp\/v2\/comments?post=1348"}],"version-history":[{"count":1,"href":"https:\/\/edumas.gov.co\/inicio\/wp-json\/wp\/v2\/posts\/1348\/revisions"}],"predecessor-version":[{"id":1354,"href":"https:\/\/edumas.gov.co\/inicio\/wp-json\/wp\/v2\/posts\/1348\/revisions\/1354"}],"wp:featuredmedia":[{"embeddable":true,"href":"https:\/\/edumas.gov.co\/inicio\/wp-json\/wp\/v2\/media\/1349"}],"wp:attachment":[{"href":"https:\/\/edumas.gov.co\/inicio\/wp-json\/wp\/v2\/media?parent=1348"}],"wp:term":[{"taxonomy":"category","embeddable":true,"href":"https:\/\/edumas.gov.co\/inicio\/wp-json\/wp\/v2\/categories?post=1348"},{"taxonomy":"post_tag","embeddable":true,"href":"https:\/\/edumas.gov.co\/inicio\/wp-json\/wp\/v2\/tags?post=1348"}],"curies":[{"name":"wp","href":"https:\/\/api.w.org\/{rel}","templated":true}]}}