{"id":1394,"date":"2023-01-17T19:12:00","date_gmt":"2023-01-17T19:12:00","guid":{"rendered":"https:\/\/test.edumas.gov.co\/?p=1394"},"modified":"2023-11-01T19:15:25","modified_gmt":"2023-11-01T19:15:25","slug":"fortalecimiento-de-los-conocimientos-ambientales-a-periodistas-de-soledad","status":"publish","type":"post","link":"https:\/\/edumas.gov.co\/inicio\/2023\/01\/17\/fortalecimiento-de-los-conocimientos-ambientales-a-periodistas-de-soledad\/","title":{"rendered":"Fortalecimiento de los conocimientos ambientales a periodistas de Soledad"},"content":{"rendered":"\n<p class=\"wp-block-paragraph\">Como parte de su plan de relacionamiento con los diferentes p\u00fablicos de inter\u00e9s, el Establecimiento de Desarrollo Urbano y Medio Ambiente de Soledad \u2013 Edumas, realiz\u00f3 la capacitaci\u00f3n en el Decreto 106 del 2022 que contempla medidas para el transporte y disposici\u00f3n de residuos s\u00f3lidos en el municipio de Soledad.<\/p>\n\n\n\n<p class=\"wp-block-paragraph\">El encuentro dirigido a un grupo de periodistas del municipio, cont\u00f3 con un experto en el tema quien ampli\u00f3 los conocimientos sobre las disposiciones gubernamentales en materia de separaci\u00f3n en la fuente, pero de manera m\u00e1s amplia, en el Decreto 106 del 11 de noviembre del 2022 de la alcald\u00eda de Soledad mediante el cual \u201c<em>se adoptan medidas para restringir las actividades de recolecci\u00f3n, transporte y disposici\u00f3n final de residuos ordinarios, peligrosos, especiales y escombros\u201d.<\/em><\/p>\n\n\n\n<div class=\"wp-block-media-text is-stacked-on-mobile\"><figure class=\"wp-block-media-text__media\"><img fetchpriority=\"high\" decoding=\"async\" width=\"1024\" height=\"768\" src=\"https:\/\/test.edumas.gov.co\/wp-content\/uploads\/2023\/11\/Charla-1-1024x768.jpeg\" alt=\"\" class=\"wp-image-1396 size-full\" srcset=\"https:\/\/edumas.gov.co\/wp-content\/uploads\/2023\/11\/Charla-1-1024x768.jpeg 1024w, https:\/\/edumas.gov.co\/wp-content\/uploads\/2023\/11\/Charla-1-300x225.jpeg 300w, https:\/\/edumas.gov.co\/wp-content\/uploads\/2023\/11\/Charla-1-768x576.jpeg 768w, https:\/\/edumas.gov.co\/wp-content\/uploads\/2023\/11\/Charla-1-1536x1152.jpeg 1536w, https:\/\/edumas.gov.co\/wp-content\/uploads\/2023\/11\/Charla-1-1320x990.jpeg 1320w, https:\/\/edumas.gov.co\/wp-content\/uploads\/2023\/11\/Charla-1.jpeg 1600w\" sizes=\"(max-width: 1024px) 100vw, 1024px\" \/><\/figure><div class=\"wp-block-media-text__content\">\n<p class=\"wp-block-paragraph\">\u201cLograr una Soledad cero basura y sostenible con el medio ambiente es responsabilidad de todos. Cada uno de los actores sociales tiene un rol determinante; por ello, hemos iniciado estos acercamientos con los periodistas para que, desde sus medios de comunicaci\u00f3n, sean multiplicadores del mensaje ambiental\u201d, indic\u00f3 Wilson De la Rosa Montenegro, gerente del Edumas.<\/p>\n<\/div><\/div>\n\n\n\n<p class=\"wp-block-paragraph\">Como resultado de la capacitaci\u00f3n, el Edumas estableci\u00f3, a trav\u00e9s de su Oficina de Comunicaciones, un canal de consulta y acceso a la informaci\u00f3n t\u00e9cnica y legal ambiental que sustente los art\u00edculos o noticias que los asistentes generen para sus medios y as\u00ed, cultivar en el p\u00fablico solede\u00f1o, conocimientos m\u00e1s especializados en materia ambiental.<\/p>\n\n\n\n<div class=\"wp-block-media-text is-stacked-on-mobile\"><figure class=\"wp-block-media-text__media\"><img decoding=\"async\" width=\"1024\" height=\"768\" src=\"https:\/\/test.edumas.gov.co\/wp-content\/uploads\/2023\/11\/Charla-2-1024x768.jpeg\" alt=\"\" class=\"wp-image-1397 size-full\" srcset=\"https:\/\/edumas.gov.co\/wp-content\/uploads\/2023\/11\/Charla-2-1024x768.jpeg 1024w, https:\/\/edumas.gov.co\/wp-content\/uploads\/2023\/11\/Charla-2-300x225.jpeg 300w, https:\/\/edumas.gov.co\/wp-content\/uploads\/2023\/11\/Charla-2-768x576.jpeg 768w, https:\/\/edumas.gov.co\/wp-content\/uploads\/2023\/11\/Charla-2-1536x1152.jpeg 1536w, https:\/\/edumas.gov.co\/wp-content\/uploads\/2023\/11\/Charla-2-1320x990.jpeg 1320w, https:\/\/edumas.gov.co\/wp-content\/uploads\/2023\/11\/Charla-2.jpeg 1600w\" sizes=\"(max-width: 1024px) 100vw, 1024px\" \/><\/figure><div class=\"wp-block-media-text__content\">\n<p class=\"wp-block-paragraph\">La gerencia y dem\u00e1s dependencias del Edumas, contin\u00faan adelantado los espacios de interacci\u00f3n directa con la comunidad, a trav\u00e9s de los cuales se retroalimentan las necesidades puntuales de cada zona del municipio para ser gestionadas de manera conjunta.<\/p>\n<\/div><\/div>\n","protected":false},"excerpt":{"rendered":"<p>Como parte de su plan de relacionamiento con los diferentes p\u00fablicos de inter\u00e9s, el Establecimiento de Desarrollo Urbano y Medio Ambiente de Soledad \u2013 Edumas, realiz\u00f3 la capacitaci\u00f3n en el Decreto 106 del 2022 que contempla medidas para el transporte y disposici\u00f3n de residuos s\u00f3lidos en el municipio de Soledad. El encuentro dirigido a un [&hellip;]<\/p>\n","protected":false},"author":1,"featured_media":1395,"comment_status":"open","ping_status":"open","sticky":false,"template":"","format":"standard","meta":{"footnotes":""},"categories":[26],"tags":[],"class_list":["post-1394","post","type-post","status-publish","format-standard","has-post-thumbnail","hentry","category-noticias"],"yoast_head":"<!-- This site is optimized with the Yoast SEO plugin v27.4 - https:\/\/yoast.com\/product\/yoast-seo-wordpress\/ -->\n<title>Fortalecimiento de los conocimientos ambientales a periodistas de Soledad - Edumas<\/title>\n<meta name=\"robots\" content=\"index, follow, max-snippet:-1, max-image-preview:large, max-video-preview:-1\" \/>\n<link rel=\"canonical\" href=\"https:\/\/edumas.gov.co\/inicio\/2023\/01\/17\/fortalecimiento-de-los-conocimientos-ambientales-a-periodistas-de-soledad\/\" \/>\n<meta property=\"og:locale\" content=\"es_ES\" \/>\n<meta property=\"og:type\" content=\"article\" \/>\n<meta property=\"og:title\" content=\"Fortalecimiento de los conocimientos ambientales a periodistas de Soledad - Edumas\" \/>\n<meta property=\"og:description\" content=\"Como parte de su plan de relacionamiento con los diferentes p\u00fablicos de inter\u00e9s, el Establecimiento de Desarrollo Urbano y Medio Ambiente de Soledad \u2013 Edumas, realiz\u00f3 la capacitaci\u00f3n en el Decreto 106 del 2022 que contempla medidas para el transporte y disposici\u00f3n de residuos s\u00f3lidos en el municipio de Soledad. El encuentro dirigido a un [&hellip;]\" \/>\n<meta property=\"og:url\" content=\"https:\/\/edumas.gov.co\/inicio\/2023\/01\/17\/fortalecimiento-de-los-conocimientos-ambientales-a-periodistas-de-soledad\/\" \/>\n<meta property=\"og:site_name\" content=\"Edumas\" \/>\n<meta property=\"article:published_time\" content=\"2023-01-17T19:12:00+00:00\" \/>\n<meta property=\"article:modified_time\" content=\"2023-11-01T19:15:25+00:00\" \/>\n<meta property=\"og:image\" content=\"https:\/\/edumas.gov.co\/wp-content\/uploads\/2023\/11\/Fortalecimiento-de-los-conocimientos-ambientales-a-periodistas-de-Soledad.jpeg\" \/>\n\t<meta property=\"og:image:width\" content=\"1600\" \/>\n\t<meta property=\"og:image:height\" content=\"1200\" \/>\n\t<meta property=\"og:image:type\" content=\"image\/jpeg\" \/>\n<meta name=\"author\" content=\"edumas\" \/>\n<meta name=\"twitter:card\" content=\"summary_large_image\" \/>\n<meta name=\"twitter:label1\" content=\"Escrito por\" \/>\n\t<meta name=\"twitter:data1\" content=\"edumas\" \/>\n\t<meta name=\"twitter:label2\" content=\"Tiempo de lectura\" \/>\n\t<meta name=\"twitter:data2\" content=\"1 minuto\" \/>\n<script type=\"application\/ld+json\" class=\"yoast-schema-graph\">{\"@context\":\"https:\\\/\\\/schema.org\",\"@graph\":[{\"@type\":\"Article\",\"@id\":\"https:\\\/\\\/edumas.gov.co\\\/inicio\\\/2023\\\/01\\\/17\\\/fortalecimiento-de-los-conocimientos-ambientales-a-periodistas-de-soledad\\\/#article\",\"isPartOf\":{\"@id\":\"https:\\\/\\\/edumas.gov.co\\\/inicio\\\/2023\\\/01\\\/17\\\/fortalecimiento-de-los-conocimientos-ambientales-a-periodistas-de-soledad\\\/\"},\"author\":{\"name\":\"edumas\",\"@id\":\"https:\\\/\\\/edumas.gov.co\\\/inicio\\\/#\\\/schema\\\/person\\\/e2e82a662fd06864325b88811079b05a\"},\"headline\":\"Fortalecimiento de los conocimientos ambientales a periodistas de Soledad\",\"datePublished\":\"2023-01-17T19:12:00+00:00\",\"dateModified\":\"2023-11-01T19:15:25+00:00\",\"mainEntityOfPage\":{\"@id\":\"https:\\\/\\\/edumas.gov.co\\\/inicio\\\/2023\\\/01\\\/17\\\/fortalecimiento-de-los-conocimientos-ambientales-a-periodistas-de-soledad\\\/\"},\"wordCount\":298,\"commentCount\":0,\"publisher\":{\"@id\":\"https:\\\/\\\/edumas.gov.co\\\/inicio\\\/#organization\"},\"image\":{\"@id\":\"https:\\\/\\\/edumas.gov.co\\\/inicio\\\/2023\\\/01\\\/17\\\/fortalecimiento-de-los-conocimientos-ambientales-a-periodistas-de-soledad\\\/#primaryimage\"},\"thumbnailUrl\":\"https:\\\/\\\/edumas.gov.co\\\/wp-content\\\/uploads\\\/2023\\\/11\\\/Fortalecimiento-de-los-conocimientos-ambientales-a-periodistas-de-Soledad.jpeg\",\"articleSection\":[\"noticias\"],\"inLanguage\":\"es\",\"potentialAction\":[{\"@type\":\"CommentAction\",\"name\":\"Comment\",\"target\":[\"https:\\\/\\\/edumas.gov.co\\\/inicio\\\/2023\\\/01\\\/17\\\/fortalecimiento-de-los-conocimientos-ambientales-a-periodistas-de-soledad\\\/#respond\"]}]},{\"@type\":\"WebPage\",\"@id\":\"https:\\\/\\\/edumas.gov.co\\\/inicio\\\/2023\\\/01\\\/17\\\/fortalecimiento-de-los-conocimientos-ambientales-a-periodistas-de-soledad\\\/\",\"url\":\"https:\\\/\\\/edumas.gov.co\\\/inicio\\\/2023\\\/01\\\/17\\\/fortalecimiento-de-los-conocimientos-ambientales-a-periodistas-de-soledad\\\/\",\"name\":\"Fortalecimiento de los conocimientos ambientales a periodistas de Soledad - Edumas\",\"isPartOf\":{\"@id\":\"https:\\\/\\\/edumas.gov.co\\\/inicio\\\/#website\"},\"primaryImageOfPage\":{\"@id\":\"https:\\\/\\\/edumas.gov.co\\\/inicio\\\/2023\\\/01\\\/17\\\/fortalecimiento-de-los-conocimientos-ambientales-a-periodistas-de-soledad\\\/#primaryimage\"},\"image\":{\"@id\":\"https:\\\/\\\/edumas.gov.co\\\/inicio\\\/2023\\\/01\\\/17\\\/fortalecimiento-de-los-conocimientos-ambientales-a-periodistas-de-soledad\\\/#primaryimage\"},\"thumbnailUrl\":\"https:\\\/\\\/edumas.gov.co\\\/wp-content\\\/uploads\\\/2023\\\/11\\\/Fortalecimiento-de-los-conocimientos-ambientales-a-periodistas-de-Soledad.jpeg\",\"datePublished\":\"2023-01-17T19:12:00+00:00\",\"dateModified\":\"2023-11-01T19:15:25+00:00\",\"breadcrumb\":{\"@id\":\"https:\\\/\\\/edumas.gov.co\\\/inicio\\\/2023\\\/01\\\/17\\\/fortalecimiento-de-los-conocimientos-ambientales-a-periodistas-de-soledad\\\/#breadcrumb\"},\"inLanguage\":\"es\",\"potentialAction\":[{\"@type\":\"ReadAction\",\"target\":[\"https:\\\/\\\/edumas.gov.co\\\/inicio\\\/2023\\\/01\\\/17\\\/fortalecimiento-de-los-conocimientos-ambientales-a-periodistas-de-soledad\\\/\"]}]},{\"@type\":\"ImageObject\",\"inLanguage\":\"es\",\"@id\":\"https:\\\/\\\/edumas.gov.co\\\/inicio\\\/2023\\\/01\\\/17\\\/fortalecimiento-de-los-conocimientos-ambientales-a-periodistas-de-soledad\\\/#primaryimage\",\"url\":\"https:\\\/\\\/edumas.gov.co\\\/wp-content\\\/uploads\\\/2023\\\/11\\\/Fortalecimiento-de-los-conocimientos-ambientales-a-periodistas-de-Soledad.jpeg\",\"contentUrl\":\"https:\\\/\\\/edumas.gov.co\\\/wp-content\\\/uploads\\\/2023\\\/11\\\/Fortalecimiento-de-los-conocimientos-ambientales-a-periodistas-de-Soledad.jpeg\",\"width\":1600,\"height\":1200},{\"@type\":\"BreadcrumbList\",\"@id\":\"https:\\\/\\\/edumas.gov.co\\\/inicio\\\/2023\\\/01\\\/17\\\/fortalecimiento-de-los-conocimientos-ambientales-a-periodistas-de-soledad\\\/#breadcrumb\",\"itemListElement\":[{\"@type\":\"ListItem\",\"position\":1,\"name\":\"Portada\",\"item\":\"https:\\\/\\\/edumas.gov.co\\\/inicio\\\/\"},{\"@type\":\"ListItem\",\"position\":2,\"name\":\"Fortalecimiento de los conocimientos ambientales a periodistas de Soledad\"}]},{\"@type\":\"WebSite\",\"@id\":\"https:\\\/\\\/edumas.gov.co\\\/inicio\\\/#website\",\"url\":\"https:\\\/\\\/edumas.gov.co\\\/inicio\\\/\",\"name\":\"Edumas\",\"description\":\"Edumas\",\"publisher\":{\"@id\":\"https:\\\/\\\/edumas.gov.co\\\/inicio\\\/#organization\"},\"potentialAction\":[{\"@type\":\"SearchAction\",\"target\":{\"@type\":\"EntryPoint\",\"urlTemplate\":\"https:\\\/\\\/edumas.gov.co\\\/inicio\\\/?s={search_term_string}\"},\"query-input\":{\"@type\":\"PropertyValueSpecification\",\"valueRequired\":true,\"valueName\":\"search_term_string\"}}],\"inLanguage\":\"es\"},{\"@type\":\"Organization\",\"@id\":\"https:\\\/\\\/edumas.gov.co\\\/inicio\\\/#organization\",\"name\":\"Edumas\",\"url\":\"https:\\\/\\\/edumas.gov.co\\\/inicio\\\/\",\"logo\":{\"@type\":\"ImageObject\",\"inLanguage\":\"es\",\"@id\":\"https:\\\/\\\/edumas.gov.co\\\/inicio\\\/#\\\/schema\\\/logo\\\/image\\\/\",\"url\":\"https:\\\/\\\/edumas.gov.co\\\/wp-content\\\/uploads\\\/2024\\\/10\\\/Perfil-Instagram-PhotoRoom.png-PhotoRoom.png\",\"contentUrl\":\"https:\\\/\\\/edumas.gov.co\\\/wp-content\\\/uploads\\\/2024\\\/10\\\/Perfil-Instagram-PhotoRoom.png-PhotoRoom.png\",\"width\":648,\"height\":233,\"caption\":\"Edumas\"},\"image\":{\"@id\":\"https:\\\/\\\/edumas.gov.co\\\/inicio\\\/#\\\/schema\\\/logo\\\/image\\\/\"}},{\"@type\":\"Person\",\"@id\":\"https:\\\/\\\/edumas.gov.co\\\/inicio\\\/#\\\/schema\\\/person\\\/e2e82a662fd06864325b88811079b05a\",\"name\":\"edumas\",\"image\":{\"@type\":\"ImageObject\",\"inLanguage\":\"es\",\"@id\":\"https:\\\/\\\/edumas.gov.co\\\/wp-content\\\/uploads\\\/2025\\\/03\\\/WhatsApp-Image-2025-03-06-at-12.44.58-PM-150x150.jpeg\",\"url\":\"https:\\\/\\\/edumas.gov.co\\\/wp-content\\\/uploads\\\/2025\\\/03\\\/WhatsApp-Image-2025-03-06-at-12.44.58-PM-150x150.jpeg\",\"contentUrl\":\"https:\\\/\\\/edumas.gov.co\\\/wp-content\\\/uploads\\\/2025\\\/03\\\/WhatsApp-Image-2025-03-06-at-12.44.58-PM-150x150.jpeg\",\"caption\":\"edumas\"},\"sameAs\":[\"https:\\\/\\\/test.edumas.gov.co\"],\"url\":\"https:\\\/\\\/edumas.gov.co\\\/inicio\\\/author\\\/edumas\\\/\"}]}<\/script>\n<!-- \/ Yoast SEO plugin. -->","yoast_head_json":{"title":"Fortalecimiento de los conocimientos ambientales a periodistas de Soledad - Edumas","robots":{"index":"index","follow":"follow","max-snippet":"max-snippet:-1","max-image-preview":"max-image-preview:large","max-video-preview":"max-video-preview:-1"},"canonical":"https:\/\/edumas.gov.co\/inicio\/2023\/01\/17\/fortalecimiento-de-los-conocimientos-ambientales-a-periodistas-de-soledad\/","og_locale":"es_ES","og_type":"article","og_title":"Fortalecimiento de los conocimientos ambientales a periodistas de Soledad - Edumas","og_description":"Como parte de su plan de relacionamiento con los diferentes p\u00fablicos de inter\u00e9s, el Establecimiento de Desarrollo Urbano y Medio Ambiente de Soledad \u2013 Edumas, realiz\u00f3 la capacitaci\u00f3n en el Decreto 106 del 2022 que contempla medidas para el transporte y disposici\u00f3n de residuos s\u00f3lidos en el municipio de Soledad. El encuentro dirigido a un [&hellip;]","og_url":"https:\/\/edumas.gov.co\/inicio\/2023\/01\/17\/fortalecimiento-de-los-conocimientos-ambientales-a-periodistas-de-soledad\/","og_site_name":"Edumas","article_published_time":"2023-01-17T19:12:00+00:00","article_modified_time":"2023-11-01T19:15:25+00:00","og_image":[{"width":1600,"height":1200,"url":"https:\/\/edumas.gov.co\/wp-content\/uploads\/2023\/11\/Fortalecimiento-de-los-conocimientos-ambientales-a-periodistas-de-Soledad.jpeg","type":"image\/jpeg"}],"author":"edumas","twitter_card":"summary_large_image","twitter_misc":{"Escrito por":"edumas","Tiempo de lectura":"1 minuto"},"schema":{"@context":"https:\/\/schema.org","@graph":[{"@type":"Article","@id":"https:\/\/edumas.gov.co\/inicio\/2023\/01\/17\/fortalecimiento-de-los-conocimientos-ambientales-a-periodistas-de-soledad\/#article","isPartOf":{"@id":"https:\/\/edumas.gov.co\/inicio\/2023\/01\/17\/fortalecimiento-de-los-conocimientos-ambientales-a-periodistas-de-soledad\/"},"author":{"name":"edumas","@id":"https:\/\/edumas.gov.co\/inicio\/#\/schema\/person\/e2e82a662fd06864325b88811079b05a"},"headline":"Fortalecimiento de los conocimientos ambientales a periodistas de Soledad","datePublished":"2023-01-17T19:12:00+00:00","dateModified":"2023-11-01T19:15:25+00:00","mainEntityOfPage":{"@id":"https:\/\/edumas.gov.co\/inicio\/2023\/01\/17\/fortalecimiento-de-los-conocimientos-ambientales-a-periodistas-de-soledad\/"},"wordCount":298,"commentCount":0,"publisher":{"@id":"https:\/\/edumas.gov.co\/inicio\/#organization"},"image":{"@id":"https:\/\/edumas.gov.co\/inicio\/2023\/01\/17\/fortalecimiento-de-los-conocimientos-ambientales-a-periodistas-de-soledad\/#primaryimage"},"thumbnailUrl":"https:\/\/edumas.gov.co\/wp-content\/uploads\/2023\/11\/Fortalecimiento-de-los-conocimientos-ambientales-a-periodistas-de-Soledad.jpeg","articleSection":["noticias"],"inLanguage":"es","potentialAction":[{"@type":"CommentAction","name":"Comment","target":["https:\/\/edumas.gov.co\/inicio\/2023\/01\/17\/fortalecimiento-de-los-conocimientos-ambientales-a-periodistas-de-soledad\/#respond"]}]},{"@type":"WebPage","@id":"https:\/\/edumas.gov.co\/inicio\/2023\/01\/17\/fortalecimiento-de-los-conocimientos-ambientales-a-periodistas-de-soledad\/","url":"https:\/\/edumas.gov.co\/inicio\/2023\/01\/17\/fortalecimiento-de-los-conocimientos-ambientales-a-periodistas-de-soledad\/","name":"Fortalecimiento de los conocimientos ambientales a periodistas de Soledad - Edumas","isPartOf":{"@id":"https:\/\/edumas.gov.co\/inicio\/#website"},"primaryImageOfPage":{"@id":"https:\/\/edumas.gov.co\/inicio\/2023\/01\/17\/fortalecimiento-de-los-conocimientos-ambientales-a-periodistas-de-soledad\/#primaryimage"},"image":{"@id":"https:\/\/edumas.gov.co\/inicio\/2023\/01\/17\/fortalecimiento-de-los-conocimientos-ambientales-a-periodistas-de-soledad\/#primaryimage"},"thumbnailUrl":"https:\/\/edumas.gov.co\/wp-content\/uploads\/2023\/11\/Fortalecimiento-de-los-conocimientos-ambientales-a-periodistas-de-Soledad.jpeg","datePublished":"2023-01-17T19:12:00+00:00","dateModified":"2023-11-01T19:15:25+00:00","breadcrumb":{"@id":"https:\/\/edumas.gov.co\/inicio\/2023\/01\/17\/fortalecimiento-de-los-conocimientos-ambientales-a-periodistas-de-soledad\/#breadcrumb"},"inLanguage":"es","potentialAction":[{"@type":"ReadAction","target":["https:\/\/edumas.gov.co\/inicio\/2023\/01\/17\/fortalecimiento-de-los-conocimientos-ambientales-a-periodistas-de-soledad\/"]}]},{"@type":"ImageObject","inLanguage":"es","@id":"https:\/\/edumas.gov.co\/inicio\/2023\/01\/17\/fortalecimiento-de-los-conocimientos-ambientales-a-periodistas-de-soledad\/#primaryimage","url":"https:\/\/edumas.gov.co\/wp-content\/uploads\/2023\/11\/Fortalecimiento-de-los-conocimientos-ambientales-a-periodistas-de-Soledad.jpeg","contentUrl":"https:\/\/edumas.gov.co\/wp-content\/uploads\/2023\/11\/Fortalecimiento-de-los-conocimientos-ambientales-a-periodistas-de-Soledad.jpeg","width":1600,"height":1200},{"@type":"BreadcrumbList","@id":"https:\/\/edumas.gov.co\/inicio\/2023\/01\/17\/fortalecimiento-de-los-conocimientos-ambientales-a-periodistas-de-soledad\/#breadcrumb","itemListElement":[{"@type":"ListItem","position":1,"name":"Portada","item":"https:\/\/edumas.gov.co\/inicio\/"},{"@type":"ListItem","position":2,"name":"Fortalecimiento de los conocimientos ambientales a periodistas de Soledad"}]},{"@type":"WebSite","@id":"https:\/\/edumas.gov.co\/inicio\/#website","url":"https:\/\/edumas.gov.co\/inicio\/","name":"Edumas","description":"Edumas","publisher":{"@id":"https:\/\/edumas.gov.co\/inicio\/#organization"},"potentialAction":[{"@type":"SearchAction","target":{"@type":"EntryPoint","urlTemplate":"https:\/\/edumas.gov.co\/inicio\/?s={search_term_string}"},"query-input":{"@type":"PropertyValueSpecification","valueRequired":true,"valueName":"search_term_string"}}],"inLanguage":"es"},{"@type":"Organization","@id":"https:\/\/edumas.gov.co\/inicio\/#organization","name":"Edumas","url":"https:\/\/edumas.gov.co\/inicio\/","logo":{"@type":"ImageObject","inLanguage":"es","@id":"https:\/\/edumas.gov.co\/inicio\/#\/schema\/logo\/image\/","url":"https:\/\/edumas.gov.co\/wp-content\/uploads\/2024\/10\/Perfil-Instagram-PhotoRoom.png-PhotoRoom.png","contentUrl":"https:\/\/edumas.gov.co\/wp-content\/uploads\/2024\/10\/Perfil-Instagram-PhotoRoom.png-PhotoRoom.png","width":648,"height":233,"caption":"Edumas"},"image":{"@id":"https:\/\/edumas.gov.co\/inicio\/#\/schema\/logo\/image\/"}},{"@type":"Person","@id":"https:\/\/edumas.gov.co\/inicio\/#\/schema\/person\/e2e82a662fd06864325b88811079b05a","name":"edumas","image":{"@type":"ImageObject","inLanguage":"es","@id":"https:\/\/edumas.gov.co\/wp-content\/uploads\/2025\/03\/WhatsApp-Image-2025-03-06-at-12.44.58-PM-150x150.jpeg","url":"https:\/\/edumas.gov.co\/wp-content\/uploads\/2025\/03\/WhatsApp-Image-2025-03-06-at-12.44.58-PM-150x150.jpeg","contentUrl":"https:\/\/edumas.gov.co\/wp-content\/uploads\/2025\/03\/WhatsApp-Image-2025-03-06-at-12.44.58-PM-150x150.jpeg","caption":"edumas"},"sameAs":["https:\/\/test.edumas.gov.co"],"url":"https:\/\/edumas.gov.co\/inicio\/author\/edumas\/"}]}},"_links":{"self":[{"href":"https:\/\/edumas.gov.co\/inicio\/wp-json\/wp\/v2\/posts\/1394","targetHints":{"allow":["GET"]}}],"collection":[{"href":"https:\/\/edumas.gov.co\/inicio\/wp-json\/wp\/v2\/posts"}],"about":[{"href":"https:\/\/edumas.gov.co\/inicio\/wp-json\/wp\/v2\/types\/post"}],"author":[{"embeddable":true,"href":"https:\/\/edumas.gov.co\/inicio\/wp-json\/wp\/v2\/users\/1"}],"replies":[{"embeddable":true,"href":"https:\/\/edumas.gov.co\/inicio\/wp-json\/wp\/v2\/comments?post=1394"}],"version-history":[{"count":1,"href":"https:\/\/edumas.gov.co\/inicio\/wp-json\/wp\/v2\/posts\/1394\/revisions"}],"predecessor-version":[{"id":1398,"href":"https:\/\/edumas.gov.co\/inicio\/wp-json\/wp\/v2\/posts\/1394\/revisions\/1398"}],"wp:featuredmedia":[{"embeddable":true,"href":"https:\/\/edumas.gov.co\/inicio\/wp-json\/wp\/v2\/media\/1395"}],"wp:attachment":[{"href":"https:\/\/edumas.gov.co\/inicio\/wp-json\/wp\/v2\/media?parent=1394"}],"wp:term":[{"taxonomy":"category","embeddable":true,"href":"https:\/\/edumas.gov.co\/inicio\/wp-json\/wp\/v2\/categories?post=1394"},{"taxonomy":"post_tag","embeddable":true,"href":"https:\/\/edumas.gov.co\/inicio\/wp-json\/wp\/v2\/tags?post=1394"}],"curies":[{"name":"wp","href":"https:\/\/api.w.org\/{rel}","templated":true}]}}