{"id":1399,"date":"2023-01-25T19:16:00","date_gmt":"2023-01-25T19:16:00","guid":{"rendered":"https:\/\/test.edumas.gov.co\/?p=1399"},"modified":"2023-11-01T19:45:59","modified_gmt":"2023-11-01T19:45:59","slug":"el-edumas-se-adelanta-a-las-lluvias-para-intervenir-los-arroyos-criticos-de-soledad","status":"publish","type":"post","link":"https:\/\/edumas.gov.co\/inicio\/2023\/01\/25\/el-edumas-se-adelanta-a-las-lluvias-para-intervenir-los-arroyos-criticos-de-soledad\/","title":{"rendered":"El Edumas se adelanta a las lluvias para intervenir los arroyos cr\u00edticos de Soledad"},"content":{"rendered":"\n<p class=\"wp-block-paragraph\">El Establecimiento de Desarrollo Urbano y Medio Ambiente de Soledad-Edumas, inici\u00f3 a trav\u00e9s de visitas t\u00e9cnicas, su programa de intervenci\u00f3n y limpieza de arroyos del municipio.<\/p>\n\n\n\n<p class=\"wp-block-paragraph\">Con base en la priorizaci\u00f3n de los puntos cr\u00edticos previamente identificados, la entidad proceder\u00e1 a intervenir con maquinaria pesada y trabajo manual, la extracci\u00f3n del material depositado en los canales de las rondas h\u00eddricas y que, en su mayor\u00eda, corresponden a basuras y material de construcci\u00f3n como escombros,<\/p>\n\n\n\n<div class=\"wp-block-media-text is-stacked-on-mobile\"><figure class=\"wp-block-media-text__media\"><img fetchpriority=\"high\" decoding=\"async\" width=\"1024\" height=\"576\" src=\"https:\/\/test.edumas.gov.co\/wp-content\/uploads\/2023\/11\/Paso-El-Libertador-1024x576.jpeg\" alt=\"\" class=\"wp-image-1401 size-full\" srcset=\"https:\/\/edumas.gov.co\/wp-content\/uploads\/2023\/11\/Paso-El-Libertador-1024x576.jpeg 1024w, https:\/\/edumas.gov.co\/wp-content\/uploads\/2023\/11\/Paso-El-Libertador-300x169.jpeg 300w, https:\/\/edumas.gov.co\/wp-content\/uploads\/2023\/11\/Paso-El-Libertador-768x432.jpeg 768w, https:\/\/edumas.gov.co\/wp-content\/uploads\/2023\/11\/Paso-El-Libertador.jpeg 1156w\" sizes=\"(max-width: 1024px) 100vw, 1024px\" \/><\/figure><div class=\"wp-block-media-text__content\">\n<p class=\"wp-block-paragraph\">El problema de la incorrecta disposici\u00f3n de los residuos s\u00f3lidos en los arroyos del municipio, afecta no solo las condiciones de salubridad, sino que obstruyen la libre circulaci\u00f3n de las aguas causando desbordamientos e inundaciones en temporadas de lluvias.<\/p>\n<\/div><\/div>\n\n\n\n<p class=\"wp-block-paragraph\">Acorde al Bolet\u00edn No. 01 del Instituto de Hidrolog\u00eda, Meteorolog\u00eda y Estudios Ambientales-IDEAM, el primer trimestre es una temporada de menores precipitaciones en el a\u00f1o; y la primera temporada lluviosa se centra en los meses de abril y mayo. En ese sentido, el Edumas inici\u00f3 de manera oportuna su programa de intervenciones en los arroyos con las visitas t\u00e9cnicas de inspecci\u00f3n cuyos resultados consolidar\u00e1n el plan de trabajo a seguir.<\/p>\n\n\n\n<div class=\"wp-block-media-text is-stacked-on-mobile\"><figure class=\"wp-block-media-text__media\"><img decoding=\"async\" width=\"1024\" height=\"576\" src=\"https:\/\/test.edumas.gov.co\/wp-content\/uploads\/2023\/11\/Inspeccion-paso-El-Libertador-2-1024x576.jpeg\" alt=\"\" class=\"wp-image-1402 size-full\" srcset=\"https:\/\/edumas.gov.co\/wp-content\/uploads\/2023\/11\/Inspeccion-paso-El-Libertador-2-1024x576.jpeg 1024w, https:\/\/edumas.gov.co\/wp-content\/uploads\/2023\/11\/Inspeccion-paso-El-Libertador-2-300x169.jpeg 300w, https:\/\/edumas.gov.co\/wp-content\/uploads\/2023\/11\/Inspeccion-paso-El-Libertador-2-768x432.jpeg 768w, https:\/\/edumas.gov.co\/wp-content\/uploads\/2023\/11\/Inspeccion-paso-El-Libertador-2.jpeg 1156w\" sizes=\"(max-width: 1024px) 100vw, 1024px\" \/><\/figure><div class=\"wp-block-media-text__content\">\n<p class=\"wp-block-paragraph\">\u201cLa falta de conciencia ciudadana es la principal raz\u00f3n de las condiciones de basuras en nuestro municipio, Cada vez que un ciudadano contrata los servicios de los carromuleros para botar sus basuras, hace parte del problema y est\u00e1 contribuyendo a que este informal la disponga incorrectamente en los arroyos y otros puntos cr\u00edticos del municipio\u201d, explica el gerente del Edumas, Wilson De la Rosa Montealegre.<\/p>\n<\/div><\/div>\n\n\n\n<p class=\"wp-block-paragraph\">Como parte de la estrategia \u201cSoledad Cero Basura\u201d, el Edumas realiza jornadas de sensibilizaci\u00f3n ambiental a lo largo del territorio, en las cuales se enfatiza sobre la importancia de respetar los horarios de recolecci\u00f3n por parte de la empresa de aseo autorizada, Interaseo; as\u00ed como charlas sobre el c\u00f3digo de colores para la separaci\u00f3n de los residuos dom\u00e9sticos.<\/p>\n\n\n\n<figure class=\"wp-block-gallery has-nested-images columns-default is-cropped wp-block-gallery-1 is-layout-flex wp-block-gallery-is-layout-flex\">\n<figure class=\"wp-block-image size-large\"><img decoding=\"async\" width=\"1024\" height=\"576\" data-id=\"1403\" src=\"https:\/\/test.edumas.gov.co\/wp-content\/uploads\/2023\/11\/Paso-El-Libertador-ahora-1024x576.jpeg\" alt=\"\" class=\"wp-image-1403\" srcset=\"https:\/\/edumas.gov.co\/wp-content\/uploads\/2023\/11\/Paso-El-Libertador-ahora-1024x576.jpeg 1024w, https:\/\/edumas.gov.co\/wp-content\/uploads\/2023\/11\/Paso-El-Libertador-ahora-300x169.jpeg 300w, https:\/\/edumas.gov.co\/wp-content\/uploads\/2023\/11\/Paso-El-Libertador-ahora-768x432.jpeg 768w, https:\/\/edumas.gov.co\/wp-content\/uploads\/2023\/11\/Paso-El-Libertador-ahora.jpeg 1156w\" sizes=\"(max-width: 1024px) 100vw, 1024px\" \/><\/figure>\n\n\n\n<figure class=\"wp-block-image size-large\"><img loading=\"lazy\" decoding=\"async\" width=\"1024\" height=\"575\" data-id=\"1404\" src=\"https:\/\/test.edumas.gov.co\/wp-content\/uploads\/2023\/11\/WhatsApp-Image-2023-01-25-at-1.16.34-PM-1024x575.jpeg\" alt=\"\" class=\"wp-image-1404\" srcset=\"https:\/\/edumas.gov.co\/wp-content\/uploads\/2023\/11\/WhatsApp-Image-2023-01-25-at-1.16.34-PM-1024x575.jpeg 1024w, https:\/\/edumas.gov.co\/wp-content\/uploads\/2023\/11\/WhatsApp-Image-2023-01-25-at-1.16.34-PM-300x169.jpeg 300w, https:\/\/edumas.gov.co\/wp-content\/uploads\/2023\/11\/WhatsApp-Image-2023-01-25-at-1.16.34-PM-768x432.jpeg 768w, https:\/\/edumas.gov.co\/wp-content\/uploads\/2023\/11\/WhatsApp-Image-2023-01-25-at-1.16.34-PM-1536x863.jpeg 1536w, https:\/\/edumas.gov.co\/wp-content\/uploads\/2023\/11\/WhatsApp-Image-2023-01-25-at-1.16.34-PM-1320x742.jpeg 1320w, https:\/\/edumas.gov.co\/wp-content\/uploads\/2023\/11\/WhatsApp-Image-2023-01-25-at-1.16.34-PM.jpeg 1600w\" sizes=\"(max-width: 1024px) 100vw, 1024px\" \/><\/figure>\n<\/figure>\n","protected":false},"excerpt":{"rendered":"<p>El Establecimiento de Desarrollo Urbano y Medio Ambiente de Soledad-Edumas, inici\u00f3 a trav\u00e9s de visitas t\u00e9cnicas, su programa de intervenci\u00f3n y limpieza de arroyos del municipio. Con base en la priorizaci\u00f3n de los puntos cr\u00edticos previamente identificados, la entidad proceder\u00e1 a intervenir con maquinaria pesada y trabajo manual, la extracci\u00f3n del material depositado en los [&hellip;]<\/p>\n","protected":false},"author":1,"featured_media":1400,"comment_status":"open","ping_status":"open","sticky":false,"template":"","format":"standard","meta":{"footnotes":""},"categories":[26],"tags":[],"class_list":["post-1399","post","type-post","status-publish","format-standard","has-post-thumbnail","hentry","category-noticias"],"yoast_head":"<!-- This site is optimized with the Yoast SEO plugin v27.4 - https:\/\/yoast.com\/product\/yoast-seo-wordpress\/ -->\n<title>El Edumas se adelanta a las lluvias para intervenir los arroyos cr\u00edticos de Soledad - Edumas<\/title>\n<meta name=\"robots\" content=\"index, follow, max-snippet:-1, max-image-preview:large, max-video-preview:-1\" \/>\n<link rel=\"canonical\" href=\"https:\/\/edumas.gov.co\/inicio\/2023\/01\/25\/el-edumas-se-adelanta-a-las-lluvias-para-intervenir-los-arroyos-criticos-de-soledad\/\" \/>\n<meta property=\"og:locale\" content=\"es_ES\" \/>\n<meta property=\"og:type\" content=\"article\" \/>\n<meta property=\"og:title\" content=\"El Edumas se adelanta a las lluvias para intervenir los arroyos cr\u00edticos de Soledad - Edumas\" \/>\n<meta property=\"og:description\" content=\"El Establecimiento de Desarrollo Urbano y Medio Ambiente de Soledad-Edumas, inici\u00f3 a trav\u00e9s de visitas t\u00e9cnicas, su programa de intervenci\u00f3n y limpieza de arroyos del municipio. Con base en la priorizaci\u00f3n de los puntos cr\u00edticos previamente identificados, la entidad proceder\u00e1 a intervenir con maquinaria pesada y trabajo manual, la extracci\u00f3n del material depositado en los [&hellip;]\" \/>\n<meta property=\"og:url\" content=\"https:\/\/edumas.gov.co\/inicio\/2023\/01\/25\/el-edumas-se-adelanta-a-las-lluvias-para-intervenir-los-arroyos-criticos-de-soledad\/\" \/>\n<meta property=\"og:site_name\" content=\"Edumas\" \/>\n<meta property=\"article:published_time\" content=\"2023-01-25T19:16:00+00:00\" \/>\n<meta property=\"article:modified_time\" content=\"2023-11-01T19:45:59+00:00\" \/>\n<meta property=\"og:image\" content=\"https:\/\/edumas.gov.co\/wp-content\/uploads\/2023\/11\/El-Edumas-se-adelanta-a-las-lluvias-para-intervenir-los-arroyos-criticos-de-Soledad.jpeg\" \/>\n\t<meta property=\"og:image:width\" content=\"1156\" \/>\n\t<meta property=\"og:image:height\" content=\"650\" \/>\n\t<meta property=\"og:image:type\" content=\"image\/jpeg\" \/>\n<meta name=\"author\" content=\"edumas\" \/>\n<meta name=\"twitter:card\" content=\"summary_large_image\" \/>\n<meta name=\"twitter:label1\" content=\"Escrito por\" \/>\n\t<meta name=\"twitter:data1\" content=\"edumas\" \/>\n\t<meta name=\"twitter:label2\" content=\"Tiempo de lectura\" \/>\n\t<meta name=\"twitter:data2\" content=\"2 minutos\" \/>\n<script type=\"application\/ld+json\" class=\"yoast-schema-graph\">{\"@context\":\"https:\\\/\\\/schema.org\",\"@graph\":[{\"@type\":\"Article\",\"@id\":\"https:\\\/\\\/edumas.gov.co\\\/inicio\\\/2023\\\/01\\\/25\\\/el-edumas-se-adelanta-a-las-lluvias-para-intervenir-los-arroyos-criticos-de-soledad\\\/#article\",\"isPartOf\":{\"@id\":\"https:\\\/\\\/edumas.gov.co\\\/inicio\\\/2023\\\/01\\\/25\\\/el-edumas-se-adelanta-a-las-lluvias-para-intervenir-los-arroyos-criticos-de-soledad\\\/\"},\"author\":{\"name\":\"edumas\",\"@id\":\"https:\\\/\\\/edumas.gov.co\\\/inicio\\\/#\\\/schema\\\/person\\\/e2e82a662fd06864325b88811079b05a\"},\"headline\":\"El Edumas se adelanta a las lluvias para intervenir los arroyos cr\u00edticos de Soledad\",\"datePublished\":\"2023-01-25T19:16:00+00:00\",\"dateModified\":\"2023-11-01T19:45:59+00:00\",\"mainEntityOfPage\":{\"@id\":\"https:\\\/\\\/edumas.gov.co\\\/inicio\\\/2023\\\/01\\\/25\\\/el-edumas-se-adelanta-a-las-lluvias-para-intervenir-los-arroyos-criticos-de-soledad\\\/\"},\"wordCount\":346,\"commentCount\":0,\"publisher\":{\"@id\":\"https:\\\/\\\/edumas.gov.co\\\/inicio\\\/#organization\"},\"image\":{\"@id\":\"https:\\\/\\\/edumas.gov.co\\\/inicio\\\/2023\\\/01\\\/25\\\/el-edumas-se-adelanta-a-las-lluvias-para-intervenir-los-arroyos-criticos-de-soledad\\\/#primaryimage\"},\"thumbnailUrl\":\"https:\\\/\\\/edumas.gov.co\\\/wp-content\\\/uploads\\\/2023\\\/11\\\/El-Edumas-se-adelanta-a-las-lluvias-para-intervenir-los-arroyos-criticos-de-Soledad.jpeg\",\"articleSection\":[\"noticias\"],\"inLanguage\":\"es\",\"potentialAction\":[{\"@type\":\"CommentAction\",\"name\":\"Comment\",\"target\":[\"https:\\\/\\\/edumas.gov.co\\\/inicio\\\/2023\\\/01\\\/25\\\/el-edumas-se-adelanta-a-las-lluvias-para-intervenir-los-arroyos-criticos-de-soledad\\\/#respond\"]}]},{\"@type\":\"WebPage\",\"@id\":\"https:\\\/\\\/edumas.gov.co\\\/inicio\\\/2023\\\/01\\\/25\\\/el-edumas-se-adelanta-a-las-lluvias-para-intervenir-los-arroyos-criticos-de-soledad\\\/\",\"url\":\"https:\\\/\\\/edumas.gov.co\\\/inicio\\\/2023\\\/01\\\/25\\\/el-edumas-se-adelanta-a-las-lluvias-para-intervenir-los-arroyos-criticos-de-soledad\\\/\",\"name\":\"El Edumas se adelanta a las lluvias para intervenir los arroyos cr\u00edticos de Soledad - Edumas\",\"isPartOf\":{\"@id\":\"https:\\\/\\\/edumas.gov.co\\\/inicio\\\/#website\"},\"primaryImageOfPage\":{\"@id\":\"https:\\\/\\\/edumas.gov.co\\\/inicio\\\/2023\\\/01\\\/25\\\/el-edumas-se-adelanta-a-las-lluvias-para-intervenir-los-arroyos-criticos-de-soledad\\\/#primaryimage\"},\"image\":{\"@id\":\"https:\\\/\\\/edumas.gov.co\\\/inicio\\\/2023\\\/01\\\/25\\\/el-edumas-se-adelanta-a-las-lluvias-para-intervenir-los-arroyos-criticos-de-soledad\\\/#primaryimage\"},\"thumbnailUrl\":\"https:\\\/\\\/edumas.gov.co\\\/wp-content\\\/uploads\\\/2023\\\/11\\\/El-Edumas-se-adelanta-a-las-lluvias-para-intervenir-los-arroyos-criticos-de-Soledad.jpeg\",\"datePublished\":\"2023-01-25T19:16:00+00:00\",\"dateModified\":\"2023-11-01T19:45:59+00:00\",\"breadcrumb\":{\"@id\":\"https:\\\/\\\/edumas.gov.co\\\/inicio\\\/2023\\\/01\\\/25\\\/el-edumas-se-adelanta-a-las-lluvias-para-intervenir-los-arroyos-criticos-de-soledad\\\/#breadcrumb\"},\"inLanguage\":\"es\",\"potentialAction\":[{\"@type\":\"ReadAction\",\"target\":[\"https:\\\/\\\/edumas.gov.co\\\/inicio\\\/2023\\\/01\\\/25\\\/el-edumas-se-adelanta-a-las-lluvias-para-intervenir-los-arroyos-criticos-de-soledad\\\/\"]}]},{\"@type\":\"ImageObject\",\"inLanguage\":\"es\",\"@id\":\"https:\\\/\\\/edumas.gov.co\\\/inicio\\\/2023\\\/01\\\/25\\\/el-edumas-se-adelanta-a-las-lluvias-para-intervenir-los-arroyos-criticos-de-soledad\\\/#primaryimage\",\"url\":\"https:\\\/\\\/edumas.gov.co\\\/wp-content\\\/uploads\\\/2023\\\/11\\\/El-Edumas-se-adelanta-a-las-lluvias-para-intervenir-los-arroyos-criticos-de-Soledad.jpeg\",\"contentUrl\":\"https:\\\/\\\/edumas.gov.co\\\/wp-content\\\/uploads\\\/2023\\\/11\\\/El-Edumas-se-adelanta-a-las-lluvias-para-intervenir-los-arroyos-criticos-de-Soledad.jpeg\",\"width\":1156,\"height\":650},{\"@type\":\"BreadcrumbList\",\"@id\":\"https:\\\/\\\/edumas.gov.co\\\/inicio\\\/2023\\\/01\\\/25\\\/el-edumas-se-adelanta-a-las-lluvias-para-intervenir-los-arroyos-criticos-de-soledad\\\/#breadcrumb\",\"itemListElement\":[{\"@type\":\"ListItem\",\"position\":1,\"name\":\"Portada\",\"item\":\"https:\\\/\\\/edumas.gov.co\\\/inicio\\\/\"},{\"@type\":\"ListItem\",\"position\":2,\"name\":\"El Edumas se adelanta a las lluvias para intervenir los arroyos cr\u00edticos de Soledad\"}]},{\"@type\":\"WebSite\",\"@id\":\"https:\\\/\\\/edumas.gov.co\\\/inicio\\\/#website\",\"url\":\"https:\\\/\\\/edumas.gov.co\\\/inicio\\\/\",\"name\":\"Edumas\",\"description\":\"Edumas\",\"publisher\":{\"@id\":\"https:\\\/\\\/edumas.gov.co\\\/inicio\\\/#organization\"},\"potentialAction\":[{\"@type\":\"SearchAction\",\"target\":{\"@type\":\"EntryPoint\",\"urlTemplate\":\"https:\\\/\\\/edumas.gov.co\\\/inicio\\\/?s={search_term_string}\"},\"query-input\":{\"@type\":\"PropertyValueSpecification\",\"valueRequired\":true,\"valueName\":\"search_term_string\"}}],\"inLanguage\":\"es\"},{\"@type\":\"Organization\",\"@id\":\"https:\\\/\\\/edumas.gov.co\\\/inicio\\\/#organization\",\"name\":\"Edumas\",\"url\":\"https:\\\/\\\/edumas.gov.co\\\/inicio\\\/\",\"logo\":{\"@type\":\"ImageObject\",\"inLanguage\":\"es\",\"@id\":\"https:\\\/\\\/edumas.gov.co\\\/inicio\\\/#\\\/schema\\\/logo\\\/image\\\/\",\"url\":\"https:\\\/\\\/edumas.gov.co\\\/wp-content\\\/uploads\\\/2024\\\/10\\\/Perfil-Instagram-PhotoRoom.png-PhotoRoom.png\",\"contentUrl\":\"https:\\\/\\\/edumas.gov.co\\\/wp-content\\\/uploads\\\/2024\\\/10\\\/Perfil-Instagram-PhotoRoom.png-PhotoRoom.png\",\"width\":648,\"height\":233,\"caption\":\"Edumas\"},\"image\":{\"@id\":\"https:\\\/\\\/edumas.gov.co\\\/inicio\\\/#\\\/schema\\\/logo\\\/image\\\/\"}},{\"@type\":\"Person\",\"@id\":\"https:\\\/\\\/edumas.gov.co\\\/inicio\\\/#\\\/schema\\\/person\\\/e2e82a662fd06864325b88811079b05a\",\"name\":\"edumas\",\"image\":{\"@type\":\"ImageObject\",\"inLanguage\":\"es\",\"@id\":\"https:\\\/\\\/edumas.gov.co\\\/wp-content\\\/uploads\\\/2025\\\/03\\\/WhatsApp-Image-2025-03-06-at-12.44.58-PM-150x150.jpeg\",\"url\":\"https:\\\/\\\/edumas.gov.co\\\/wp-content\\\/uploads\\\/2025\\\/03\\\/WhatsApp-Image-2025-03-06-at-12.44.58-PM-150x150.jpeg\",\"contentUrl\":\"https:\\\/\\\/edumas.gov.co\\\/wp-content\\\/uploads\\\/2025\\\/03\\\/WhatsApp-Image-2025-03-06-at-12.44.58-PM-150x150.jpeg\",\"caption\":\"edumas\"},\"sameAs\":[\"https:\\\/\\\/test.edumas.gov.co\"],\"url\":\"https:\\\/\\\/edumas.gov.co\\\/inicio\\\/author\\\/edumas\\\/\"}]}<\/script>\n<!-- \/ Yoast SEO plugin. -->","yoast_head_json":{"title":"El Edumas se adelanta a las lluvias para intervenir los arroyos cr\u00edticos de Soledad - Edumas","robots":{"index":"index","follow":"follow","max-snippet":"max-snippet:-1","max-image-preview":"max-image-preview:large","max-video-preview":"max-video-preview:-1"},"canonical":"https:\/\/edumas.gov.co\/inicio\/2023\/01\/25\/el-edumas-se-adelanta-a-las-lluvias-para-intervenir-los-arroyos-criticos-de-soledad\/","og_locale":"es_ES","og_type":"article","og_title":"El Edumas se adelanta a las lluvias para intervenir los arroyos cr\u00edticos de Soledad - Edumas","og_description":"El Establecimiento de Desarrollo Urbano y Medio Ambiente de Soledad-Edumas, inici\u00f3 a trav\u00e9s de visitas t\u00e9cnicas, su programa de intervenci\u00f3n y limpieza de arroyos del municipio. Con base en la priorizaci\u00f3n de los puntos cr\u00edticos previamente identificados, la entidad proceder\u00e1 a intervenir con maquinaria pesada y trabajo manual, la extracci\u00f3n del material depositado en los [&hellip;]","og_url":"https:\/\/edumas.gov.co\/inicio\/2023\/01\/25\/el-edumas-se-adelanta-a-las-lluvias-para-intervenir-los-arroyos-criticos-de-soledad\/","og_site_name":"Edumas","article_published_time":"2023-01-25T19:16:00+00:00","article_modified_time":"2023-11-01T19:45:59+00:00","og_image":[{"width":1156,"height":650,"url":"https:\/\/edumas.gov.co\/wp-content\/uploads\/2023\/11\/El-Edumas-se-adelanta-a-las-lluvias-para-intervenir-los-arroyos-criticos-de-Soledad.jpeg","type":"image\/jpeg"}],"author":"edumas","twitter_card":"summary_large_image","twitter_misc":{"Escrito por":"edumas","Tiempo de lectura":"2 minutos"},"schema":{"@context":"https:\/\/schema.org","@graph":[{"@type":"Article","@id":"https:\/\/edumas.gov.co\/inicio\/2023\/01\/25\/el-edumas-se-adelanta-a-las-lluvias-para-intervenir-los-arroyos-criticos-de-soledad\/#article","isPartOf":{"@id":"https:\/\/edumas.gov.co\/inicio\/2023\/01\/25\/el-edumas-se-adelanta-a-las-lluvias-para-intervenir-los-arroyos-criticos-de-soledad\/"},"author":{"name":"edumas","@id":"https:\/\/edumas.gov.co\/inicio\/#\/schema\/person\/e2e82a662fd06864325b88811079b05a"},"headline":"El Edumas se adelanta a las lluvias para intervenir los arroyos cr\u00edticos de Soledad","datePublished":"2023-01-25T19:16:00+00:00","dateModified":"2023-11-01T19:45:59+00:00","mainEntityOfPage":{"@id":"https:\/\/edumas.gov.co\/inicio\/2023\/01\/25\/el-edumas-se-adelanta-a-las-lluvias-para-intervenir-los-arroyos-criticos-de-soledad\/"},"wordCount":346,"commentCount":0,"publisher":{"@id":"https:\/\/edumas.gov.co\/inicio\/#organization"},"image":{"@id":"https:\/\/edumas.gov.co\/inicio\/2023\/01\/25\/el-edumas-se-adelanta-a-las-lluvias-para-intervenir-los-arroyos-criticos-de-soledad\/#primaryimage"},"thumbnailUrl":"https:\/\/edumas.gov.co\/wp-content\/uploads\/2023\/11\/El-Edumas-se-adelanta-a-las-lluvias-para-intervenir-los-arroyos-criticos-de-Soledad.jpeg","articleSection":["noticias"],"inLanguage":"es","potentialAction":[{"@type":"CommentAction","name":"Comment","target":["https:\/\/edumas.gov.co\/inicio\/2023\/01\/25\/el-edumas-se-adelanta-a-las-lluvias-para-intervenir-los-arroyos-criticos-de-soledad\/#respond"]}]},{"@type":"WebPage","@id":"https:\/\/edumas.gov.co\/inicio\/2023\/01\/25\/el-edumas-se-adelanta-a-las-lluvias-para-intervenir-los-arroyos-criticos-de-soledad\/","url":"https:\/\/edumas.gov.co\/inicio\/2023\/01\/25\/el-edumas-se-adelanta-a-las-lluvias-para-intervenir-los-arroyos-criticos-de-soledad\/","name":"El Edumas se adelanta a las lluvias para intervenir los arroyos cr\u00edticos de Soledad - Edumas","isPartOf":{"@id":"https:\/\/edumas.gov.co\/inicio\/#website"},"primaryImageOfPage":{"@id":"https:\/\/edumas.gov.co\/inicio\/2023\/01\/25\/el-edumas-se-adelanta-a-las-lluvias-para-intervenir-los-arroyos-criticos-de-soledad\/#primaryimage"},"image":{"@id":"https:\/\/edumas.gov.co\/inicio\/2023\/01\/25\/el-edumas-se-adelanta-a-las-lluvias-para-intervenir-los-arroyos-criticos-de-soledad\/#primaryimage"},"thumbnailUrl":"https:\/\/edumas.gov.co\/wp-content\/uploads\/2023\/11\/El-Edumas-se-adelanta-a-las-lluvias-para-intervenir-los-arroyos-criticos-de-Soledad.jpeg","datePublished":"2023-01-25T19:16:00+00:00","dateModified":"2023-11-01T19:45:59+00:00","breadcrumb":{"@id":"https:\/\/edumas.gov.co\/inicio\/2023\/01\/25\/el-edumas-se-adelanta-a-las-lluvias-para-intervenir-los-arroyos-criticos-de-soledad\/#breadcrumb"},"inLanguage":"es","potentialAction":[{"@type":"ReadAction","target":["https:\/\/edumas.gov.co\/inicio\/2023\/01\/25\/el-edumas-se-adelanta-a-las-lluvias-para-intervenir-los-arroyos-criticos-de-soledad\/"]}]},{"@type":"ImageObject","inLanguage":"es","@id":"https:\/\/edumas.gov.co\/inicio\/2023\/01\/25\/el-edumas-se-adelanta-a-las-lluvias-para-intervenir-los-arroyos-criticos-de-soledad\/#primaryimage","url":"https:\/\/edumas.gov.co\/wp-content\/uploads\/2023\/11\/El-Edumas-se-adelanta-a-las-lluvias-para-intervenir-los-arroyos-criticos-de-Soledad.jpeg","contentUrl":"https:\/\/edumas.gov.co\/wp-content\/uploads\/2023\/11\/El-Edumas-se-adelanta-a-las-lluvias-para-intervenir-los-arroyos-criticos-de-Soledad.jpeg","width":1156,"height":650},{"@type":"BreadcrumbList","@id":"https:\/\/edumas.gov.co\/inicio\/2023\/01\/25\/el-edumas-se-adelanta-a-las-lluvias-para-intervenir-los-arroyos-criticos-de-soledad\/#breadcrumb","itemListElement":[{"@type":"ListItem","position":1,"name":"Portada","item":"https:\/\/edumas.gov.co\/inicio\/"},{"@type":"ListItem","position":2,"name":"El Edumas se adelanta a las lluvias para intervenir los arroyos cr\u00edticos de Soledad"}]},{"@type":"WebSite","@id":"https:\/\/edumas.gov.co\/inicio\/#website","url":"https:\/\/edumas.gov.co\/inicio\/","name":"Edumas","description":"Edumas","publisher":{"@id":"https:\/\/edumas.gov.co\/inicio\/#organization"},"potentialAction":[{"@type":"SearchAction","target":{"@type":"EntryPoint","urlTemplate":"https:\/\/edumas.gov.co\/inicio\/?s={search_term_string}"},"query-input":{"@type":"PropertyValueSpecification","valueRequired":true,"valueName":"search_term_string"}}],"inLanguage":"es"},{"@type":"Organization","@id":"https:\/\/edumas.gov.co\/inicio\/#organization","name":"Edumas","url":"https:\/\/edumas.gov.co\/inicio\/","logo":{"@type":"ImageObject","inLanguage":"es","@id":"https:\/\/edumas.gov.co\/inicio\/#\/schema\/logo\/image\/","url":"https:\/\/edumas.gov.co\/wp-content\/uploads\/2024\/10\/Perfil-Instagram-PhotoRoom.png-PhotoRoom.png","contentUrl":"https:\/\/edumas.gov.co\/wp-content\/uploads\/2024\/10\/Perfil-Instagram-PhotoRoom.png-PhotoRoom.png","width":648,"height":233,"caption":"Edumas"},"image":{"@id":"https:\/\/edumas.gov.co\/inicio\/#\/schema\/logo\/image\/"}},{"@type":"Person","@id":"https:\/\/edumas.gov.co\/inicio\/#\/schema\/person\/e2e82a662fd06864325b88811079b05a","name":"edumas","image":{"@type":"ImageObject","inLanguage":"es","@id":"https:\/\/edumas.gov.co\/wp-content\/uploads\/2025\/03\/WhatsApp-Image-2025-03-06-at-12.44.58-PM-150x150.jpeg","url":"https:\/\/edumas.gov.co\/wp-content\/uploads\/2025\/03\/WhatsApp-Image-2025-03-06-at-12.44.58-PM-150x150.jpeg","contentUrl":"https:\/\/edumas.gov.co\/wp-content\/uploads\/2025\/03\/WhatsApp-Image-2025-03-06-at-12.44.58-PM-150x150.jpeg","caption":"edumas"},"sameAs":["https:\/\/test.edumas.gov.co"],"url":"https:\/\/edumas.gov.co\/inicio\/author\/edumas\/"}]}},"_links":{"self":[{"href":"https:\/\/edumas.gov.co\/inicio\/wp-json\/wp\/v2\/posts\/1399","targetHints":{"allow":["GET"]}}],"collection":[{"href":"https:\/\/edumas.gov.co\/inicio\/wp-json\/wp\/v2\/posts"}],"about":[{"href":"https:\/\/edumas.gov.co\/inicio\/wp-json\/wp\/v2\/types\/post"}],"author":[{"embeddable":true,"href":"https:\/\/edumas.gov.co\/inicio\/wp-json\/wp\/v2\/users\/1"}],"replies":[{"embeddable":true,"href":"https:\/\/edumas.gov.co\/inicio\/wp-json\/wp\/v2\/comments?post=1399"}],"version-history":[{"count":1,"href":"https:\/\/edumas.gov.co\/inicio\/wp-json\/wp\/v2\/posts\/1399\/revisions"}],"predecessor-version":[{"id":1405,"href":"https:\/\/edumas.gov.co\/inicio\/wp-json\/wp\/v2\/posts\/1399\/revisions\/1405"}],"wp:featuredmedia":[{"embeddable":true,"href":"https:\/\/edumas.gov.co\/inicio\/wp-json\/wp\/v2\/media\/1400"}],"wp:attachment":[{"href":"https:\/\/edumas.gov.co\/inicio\/wp-json\/wp\/v2\/media?parent=1399"}],"wp:term":[{"taxonomy":"category","embeddable":true,"href":"https:\/\/edumas.gov.co\/inicio\/wp-json\/wp\/v2\/categories?post=1399"},{"taxonomy":"post_tag","embeddable":true,"href":"https:\/\/edumas.gov.co\/inicio\/wp-json\/wp\/v2\/tags?post=1399"}],"curies":[{"name":"wp","href":"https:\/\/api.w.org\/{rel}","templated":true}]}}