{"id":1450,"date":"2023-03-06T16:59:00","date_gmt":"2023-03-06T16:59:00","guid":{"rendered":"https:\/\/test.edumas.gov.co\/?p=1450"},"modified":"2023-11-02T17:04:08","modified_gmt":"2023-11-02T17:04:08","slug":"edumas-incrementa-los-operativos-de-control-de-ruido-y-espacio-publico-en-soledad","status":"publish","type":"post","link":"https:\/\/edumas.gov.co\/inicio\/2023\/03\/06\/edumas-incrementa-los-operativos-de-control-de-ruido-y-espacio-publico-en-soledad\/","title":{"rendered":"Edumas incrementa los operativos de control de ruido y espacio p\u00fablico en Soledad"},"content":{"rendered":"\n<p class=\"wp-block-paragraph\">El Establecimiento de Desarrollo Urbano y Medio Ambiente de Soledad \u2013 Edumas, junto a la Secretar\u00eda de Gobierno y la Polic\u00eda Nacional, realiz\u00f3 el pasado viernes 3 de marzo en horas de la noche, operativos de control de emisiones sonoras en siete establecimientos que incumpl\u00edan la norma y perturbaban la tranquilidad de los residentes cercanos.<\/p>\n\n\n\n<p class=\"wp-block-paragraph\">Teniendo en cuenta las denuncias de ciudadanos del municipio, el equipo interinstitucional de la administraci\u00f3n del alcalde Rodolfo Ucr\u00f3s, emiti\u00f3 el cierre de siete establecimientos ubicados en los barrios Terranova 1, Nuevo Mileno, Los Rosales, La Inmaculada y en inmediaciones del Terminal de Transporte.<\/p>\n\n\n\n<div class=\"wp-block-media-text is-stacked-on-mobile\"><figure class=\"wp-block-media-text__media\"><img fetchpriority=\"high\" decoding=\"async\" width=\"1024\" height=\"771\" src=\"https:\/\/test.edumas.gov.co\/wp-content\/uploads\/2023\/11\/Edumas-incrementa-los-operativos-de-control-de-ruido-y-espacio-publico-en-Soledad-3-1024x771.jpeg\" alt=\"\" class=\"wp-image-1452 size-full\" srcset=\"https:\/\/edumas.gov.co\/wp-content\/uploads\/2023\/11\/Edumas-incrementa-los-operativos-de-control-de-ruido-y-espacio-publico-en-Soledad-3-1024x771.jpeg 1024w, https:\/\/edumas.gov.co\/wp-content\/uploads\/2023\/11\/Edumas-incrementa-los-operativos-de-control-de-ruido-y-espacio-publico-en-Soledad-3-300x226.jpeg 300w, https:\/\/edumas.gov.co\/wp-content\/uploads\/2023\/11\/Edumas-incrementa-los-operativos-de-control-de-ruido-y-espacio-publico-en-Soledad-3-768x578.jpeg 768w, https:\/\/edumas.gov.co\/wp-content\/uploads\/2023\/11\/Edumas-incrementa-los-operativos-de-control-de-ruido-y-espacio-publico-en-Soledad-3-1536x1156.jpeg 1536w, https:\/\/edumas.gov.co\/wp-content\/uploads\/2023\/11\/Edumas-incrementa-los-operativos-de-control-de-ruido-y-espacio-publico-en-Soledad-3-1320x993.jpeg 1320w, https:\/\/edumas.gov.co\/wp-content\/uploads\/2023\/11\/Edumas-incrementa-los-operativos-de-control-de-ruido-y-espacio-publico-en-Soledad-3.jpeg 1600w\" sizes=\"(max-width: 1024px) 100vw, 1024px\" \/><\/figure><div class=\"wp-block-media-text__content\">\n<p class=\"wp-block-paragraph\">El gerente del Edumas, Wilson De la Rosa, indic\u00f3 que \u201cestas intervenciones se est\u00e1n realizando para dar respuesta de manera contundente a la comunidad, no solo en el control del ruido sino tambi\u00e9n en el control de la invasi\u00f3n del espacio p\u00fablico y de la publicidad exterior visual no registrada\u201d.<\/p>\n<\/div><\/div>\n\n\n\n<p class=\"wp-block-paragraph\">El cierre de los siete establecimientos comerciales por parte de la Polic\u00eda Nacional y, en cumplimiento al C\u00f3digo Nacional de Seguridad y Convivencia Ciudadana, fue establecido por tres d\u00edas ya que no evidenciaron llamados de atenci\u00f3n previos; sin embargo, el equipo interinstitucional de la administraci\u00f3n, realizar\u00e1 seguimiento al cumplimiento de las recomendaciones dadas a los due\u00f1os de los negocios.<\/p>\n\n\n\n<div class=\"wp-block-media-text is-stacked-on-mobile\"><figure class=\"wp-block-media-text__media\"><img decoding=\"async\" width=\"1024\" height=\"771\" src=\"https:\/\/test.edumas.gov.co\/wp-content\/uploads\/2023\/11\/Edumas-incrementa-los-operativos-de-control-de-ruido-y-espacio-publico-en-Soledad-2-1024x771.jpeg\" alt=\"\" class=\"wp-image-1453 size-full\" srcset=\"https:\/\/edumas.gov.co\/wp-content\/uploads\/2023\/11\/Edumas-incrementa-los-operativos-de-control-de-ruido-y-espacio-publico-en-Soledad-2-1024x771.jpeg 1024w, https:\/\/edumas.gov.co\/wp-content\/uploads\/2023\/11\/Edumas-incrementa-los-operativos-de-control-de-ruido-y-espacio-publico-en-Soledad-2-300x226.jpeg 300w, https:\/\/edumas.gov.co\/wp-content\/uploads\/2023\/11\/Edumas-incrementa-los-operativos-de-control-de-ruido-y-espacio-publico-en-Soledad-2-768x578.jpeg 768w, https:\/\/edumas.gov.co\/wp-content\/uploads\/2023\/11\/Edumas-incrementa-los-operativos-de-control-de-ruido-y-espacio-publico-en-Soledad-2-1536x1156.jpeg 1536w, https:\/\/edumas.gov.co\/wp-content\/uploads\/2023\/11\/Edumas-incrementa-los-operativos-de-control-de-ruido-y-espacio-publico-en-Soledad-2-1320x993.jpeg 1320w, https:\/\/edumas.gov.co\/wp-content\/uploads\/2023\/11\/Edumas-incrementa-los-operativos-de-control-de-ruido-y-espacio-publico-en-Soledad-2.jpeg 1600w\" sizes=\"(max-width: 1024px) 100vw, 1024px\" \/><\/figure><div class=\"wp-block-media-text__content\">\n<p class=\"wp-block-paragraph\">Fueron en total 207 metros cuadrados de espacio p\u00fablico invadido o sin permiso temporal de ocupaci\u00f3n, los registrados en el operativo y que estaban siendo utilizados por los establecimientos. Asimismo, se evidenci\u00f3 el no registro de la publicidad exterior visual usada para promocionarlos.<\/p>\n<\/div><\/div>\n\n\n\n<p class=\"wp-block-paragraph\">En lo que va corrido del a\u00f1o, el Edumas junto a la Polic\u00eda Nacional y la Secretar\u00eda de Gobierno, ha participado en 19 visitas las cuales han resultado en el cierre temporal a 18 establecimientos que incumpl\u00edan la Resoluci\u00f3n 0627 del 2006 por la cual se establece la norma nacional de emisi\u00f3n de ruido y ruido ambiental.<\/p>\n","protected":false},"excerpt":{"rendered":"<p>El Establecimiento de Desarrollo Urbano y Medio Ambiente de Soledad \u2013 Edumas, junto a la Secretar\u00eda de Gobierno y la Polic\u00eda Nacional, realiz\u00f3 el pasado viernes 3 de marzo en horas de la noche, operativos de control de emisiones sonoras en siete establecimientos que incumpl\u00edan la norma y perturbaban la tranquilidad de los residentes cercanos. [&hellip;]<\/p>\n","protected":false},"author":1,"featured_media":1451,"comment_status":"open","ping_status":"open","sticky":false,"template":"","format":"standard","meta":{"footnotes":""},"categories":[26],"tags":[],"class_list":["post-1450","post","type-post","status-publish","format-standard","has-post-thumbnail","hentry","category-noticias"],"yoast_head":"<!-- This site is optimized with the Yoast SEO plugin v27.4 - https:\/\/yoast.com\/product\/yoast-seo-wordpress\/ -->\n<title>Edumas incrementa los operativos de control de ruido y espacio p\u00fablico en Soledad - Edumas<\/title>\n<meta name=\"robots\" content=\"index, follow, max-snippet:-1, max-image-preview:large, max-video-preview:-1\" \/>\n<link rel=\"canonical\" href=\"https:\/\/edumas.gov.co\/inicio\/2023\/03\/06\/edumas-incrementa-los-operativos-de-control-de-ruido-y-espacio-publico-en-soledad\/\" \/>\n<meta property=\"og:locale\" content=\"es_ES\" \/>\n<meta property=\"og:type\" content=\"article\" \/>\n<meta property=\"og:title\" content=\"Edumas incrementa los operativos de control de ruido y espacio p\u00fablico en Soledad - Edumas\" \/>\n<meta property=\"og:description\" content=\"El Establecimiento de Desarrollo Urbano y Medio Ambiente de Soledad \u2013 Edumas, junto a la Secretar\u00eda de Gobierno y la Polic\u00eda Nacional, realiz\u00f3 el pasado viernes 3 de marzo en horas de la noche, operativos de control de emisiones sonoras en siete establecimientos que incumpl\u00edan la norma y perturbaban la tranquilidad de los residentes cercanos. [&hellip;]\" \/>\n<meta property=\"og:url\" content=\"https:\/\/edumas.gov.co\/inicio\/2023\/03\/06\/edumas-incrementa-los-operativos-de-control-de-ruido-y-espacio-publico-en-soledad\/\" \/>\n<meta property=\"og:site_name\" content=\"Edumas\" \/>\n<meta property=\"article:published_time\" content=\"2023-03-06T16:59:00+00:00\" \/>\n<meta property=\"article:modified_time\" content=\"2023-11-02T17:04:08+00:00\" \/>\n<meta property=\"og:image\" content=\"https:\/\/edumas.gov.co\/wp-content\/uploads\/2023\/11\/Edumas-incrementa-los-operativos-de-control-de-ruido-y-espacio-publico-en-Soledad-1.png\" \/>\n\t<meta property=\"og:image:width\" content=\"1501\" \/>\n\t<meta property=\"og:image:height\" content=\"1000\" \/>\n\t<meta property=\"og:image:type\" content=\"image\/png\" \/>\n<meta name=\"author\" content=\"edumas\" \/>\n<meta name=\"twitter:card\" content=\"summary_large_image\" \/>\n<meta name=\"twitter:label1\" content=\"Escrito por\" \/>\n\t<meta name=\"twitter:data1\" content=\"edumas\" \/>\n\t<meta name=\"twitter:label2\" content=\"Tiempo de lectura\" \/>\n\t<meta name=\"twitter:data2\" content=\"2 minutos\" \/>\n<script type=\"application\/ld+json\" class=\"yoast-schema-graph\">{\"@context\":\"https:\\\/\\\/schema.org\",\"@graph\":[{\"@type\":\"Article\",\"@id\":\"https:\\\/\\\/edumas.gov.co\\\/inicio\\\/2023\\\/03\\\/06\\\/edumas-incrementa-los-operativos-de-control-de-ruido-y-espacio-publico-en-soledad\\\/#article\",\"isPartOf\":{\"@id\":\"https:\\\/\\\/edumas.gov.co\\\/inicio\\\/2023\\\/03\\\/06\\\/edumas-incrementa-los-operativos-de-control-de-ruido-y-espacio-publico-en-soledad\\\/\"},\"author\":{\"name\":\"edumas\",\"@id\":\"https:\\\/\\\/edumas.gov.co\\\/inicio\\\/#\\\/schema\\\/person\\\/e2e82a662fd06864325b88811079b05a\"},\"headline\":\"Edumas incrementa los operativos de control de ruido y espacio p\u00fablico en Soledad\",\"datePublished\":\"2023-03-06T16:59:00+00:00\",\"dateModified\":\"2023-11-02T17:04:08+00:00\",\"mainEntityOfPage\":{\"@id\":\"https:\\\/\\\/edumas.gov.co\\\/inicio\\\/2023\\\/03\\\/06\\\/edumas-incrementa-los-operativos-de-control-de-ruido-y-espacio-publico-en-soledad\\\/\"},\"wordCount\":337,\"commentCount\":0,\"publisher\":{\"@id\":\"https:\\\/\\\/edumas.gov.co\\\/inicio\\\/#organization\"},\"image\":{\"@id\":\"https:\\\/\\\/edumas.gov.co\\\/inicio\\\/2023\\\/03\\\/06\\\/edumas-incrementa-los-operativos-de-control-de-ruido-y-espacio-publico-en-soledad\\\/#primaryimage\"},\"thumbnailUrl\":\"https:\\\/\\\/edumas.gov.co\\\/wp-content\\\/uploads\\\/2023\\\/11\\\/Edumas-incrementa-los-operativos-de-control-de-ruido-y-espacio-publico-en-Soledad-1.png\",\"articleSection\":[\"noticias\"],\"inLanguage\":\"es\",\"potentialAction\":[{\"@type\":\"CommentAction\",\"name\":\"Comment\",\"target\":[\"https:\\\/\\\/edumas.gov.co\\\/inicio\\\/2023\\\/03\\\/06\\\/edumas-incrementa-los-operativos-de-control-de-ruido-y-espacio-publico-en-soledad\\\/#respond\"]}]},{\"@type\":\"WebPage\",\"@id\":\"https:\\\/\\\/edumas.gov.co\\\/inicio\\\/2023\\\/03\\\/06\\\/edumas-incrementa-los-operativos-de-control-de-ruido-y-espacio-publico-en-soledad\\\/\",\"url\":\"https:\\\/\\\/edumas.gov.co\\\/inicio\\\/2023\\\/03\\\/06\\\/edumas-incrementa-los-operativos-de-control-de-ruido-y-espacio-publico-en-soledad\\\/\",\"name\":\"Edumas incrementa los operativos de control de ruido y espacio p\u00fablico en Soledad - Edumas\",\"isPartOf\":{\"@id\":\"https:\\\/\\\/edumas.gov.co\\\/inicio\\\/#website\"},\"primaryImageOfPage\":{\"@id\":\"https:\\\/\\\/edumas.gov.co\\\/inicio\\\/2023\\\/03\\\/06\\\/edumas-incrementa-los-operativos-de-control-de-ruido-y-espacio-publico-en-soledad\\\/#primaryimage\"},\"image\":{\"@id\":\"https:\\\/\\\/edumas.gov.co\\\/inicio\\\/2023\\\/03\\\/06\\\/edumas-incrementa-los-operativos-de-control-de-ruido-y-espacio-publico-en-soledad\\\/#primaryimage\"},\"thumbnailUrl\":\"https:\\\/\\\/edumas.gov.co\\\/wp-content\\\/uploads\\\/2023\\\/11\\\/Edumas-incrementa-los-operativos-de-control-de-ruido-y-espacio-publico-en-Soledad-1.png\",\"datePublished\":\"2023-03-06T16:59:00+00:00\",\"dateModified\":\"2023-11-02T17:04:08+00:00\",\"breadcrumb\":{\"@id\":\"https:\\\/\\\/edumas.gov.co\\\/inicio\\\/2023\\\/03\\\/06\\\/edumas-incrementa-los-operativos-de-control-de-ruido-y-espacio-publico-en-soledad\\\/#breadcrumb\"},\"inLanguage\":\"es\",\"potentialAction\":[{\"@type\":\"ReadAction\",\"target\":[\"https:\\\/\\\/edumas.gov.co\\\/inicio\\\/2023\\\/03\\\/06\\\/edumas-incrementa-los-operativos-de-control-de-ruido-y-espacio-publico-en-soledad\\\/\"]}]},{\"@type\":\"ImageObject\",\"inLanguage\":\"es\",\"@id\":\"https:\\\/\\\/edumas.gov.co\\\/inicio\\\/2023\\\/03\\\/06\\\/edumas-incrementa-los-operativos-de-control-de-ruido-y-espacio-publico-en-soledad\\\/#primaryimage\",\"url\":\"https:\\\/\\\/edumas.gov.co\\\/wp-content\\\/uploads\\\/2023\\\/11\\\/Edumas-incrementa-los-operativos-de-control-de-ruido-y-espacio-publico-en-Soledad-1.png\",\"contentUrl\":\"https:\\\/\\\/edumas.gov.co\\\/wp-content\\\/uploads\\\/2023\\\/11\\\/Edumas-incrementa-los-operativos-de-control-de-ruido-y-espacio-publico-en-Soledad-1.png\",\"width\":1501,\"height\":1000},{\"@type\":\"BreadcrumbList\",\"@id\":\"https:\\\/\\\/edumas.gov.co\\\/inicio\\\/2023\\\/03\\\/06\\\/edumas-incrementa-los-operativos-de-control-de-ruido-y-espacio-publico-en-soledad\\\/#breadcrumb\",\"itemListElement\":[{\"@type\":\"ListItem\",\"position\":1,\"name\":\"Portada\",\"item\":\"https:\\\/\\\/edumas.gov.co\\\/inicio\\\/\"},{\"@type\":\"ListItem\",\"position\":2,\"name\":\"Edumas incrementa los operativos de control de ruido y espacio p\u00fablico en Soledad\"}]},{\"@type\":\"WebSite\",\"@id\":\"https:\\\/\\\/edumas.gov.co\\\/inicio\\\/#website\",\"url\":\"https:\\\/\\\/edumas.gov.co\\\/inicio\\\/\",\"name\":\"Edumas\",\"description\":\"Edumas\",\"publisher\":{\"@id\":\"https:\\\/\\\/edumas.gov.co\\\/inicio\\\/#organization\"},\"potentialAction\":[{\"@type\":\"SearchAction\",\"target\":{\"@type\":\"EntryPoint\",\"urlTemplate\":\"https:\\\/\\\/edumas.gov.co\\\/inicio\\\/?s={search_term_string}\"},\"query-input\":{\"@type\":\"PropertyValueSpecification\",\"valueRequired\":true,\"valueName\":\"search_term_string\"}}],\"inLanguage\":\"es\"},{\"@type\":\"Organization\",\"@id\":\"https:\\\/\\\/edumas.gov.co\\\/inicio\\\/#organization\",\"name\":\"Edumas\",\"url\":\"https:\\\/\\\/edumas.gov.co\\\/inicio\\\/\",\"logo\":{\"@type\":\"ImageObject\",\"inLanguage\":\"es\",\"@id\":\"https:\\\/\\\/edumas.gov.co\\\/inicio\\\/#\\\/schema\\\/logo\\\/image\\\/\",\"url\":\"https:\\\/\\\/edumas.gov.co\\\/wp-content\\\/uploads\\\/2024\\\/10\\\/Perfil-Instagram-PhotoRoom.png-PhotoRoom.png\",\"contentUrl\":\"https:\\\/\\\/edumas.gov.co\\\/wp-content\\\/uploads\\\/2024\\\/10\\\/Perfil-Instagram-PhotoRoom.png-PhotoRoom.png\",\"width\":648,\"height\":233,\"caption\":\"Edumas\"},\"image\":{\"@id\":\"https:\\\/\\\/edumas.gov.co\\\/inicio\\\/#\\\/schema\\\/logo\\\/image\\\/\"}},{\"@type\":\"Person\",\"@id\":\"https:\\\/\\\/edumas.gov.co\\\/inicio\\\/#\\\/schema\\\/person\\\/e2e82a662fd06864325b88811079b05a\",\"name\":\"edumas\",\"image\":{\"@type\":\"ImageObject\",\"inLanguage\":\"es\",\"@id\":\"https:\\\/\\\/edumas.gov.co\\\/wp-content\\\/uploads\\\/2025\\\/03\\\/WhatsApp-Image-2025-03-06-at-12.44.58-PM-150x150.jpeg\",\"url\":\"https:\\\/\\\/edumas.gov.co\\\/wp-content\\\/uploads\\\/2025\\\/03\\\/WhatsApp-Image-2025-03-06-at-12.44.58-PM-150x150.jpeg\",\"contentUrl\":\"https:\\\/\\\/edumas.gov.co\\\/wp-content\\\/uploads\\\/2025\\\/03\\\/WhatsApp-Image-2025-03-06-at-12.44.58-PM-150x150.jpeg\",\"caption\":\"edumas\"},\"sameAs\":[\"https:\\\/\\\/test.edumas.gov.co\"],\"url\":\"https:\\\/\\\/edumas.gov.co\\\/inicio\\\/author\\\/edumas\\\/\"}]}<\/script>\n<!-- \/ Yoast SEO plugin. -->","yoast_head_json":{"title":"Edumas incrementa los operativos de control de ruido y espacio p\u00fablico en Soledad - Edumas","robots":{"index":"index","follow":"follow","max-snippet":"max-snippet:-1","max-image-preview":"max-image-preview:large","max-video-preview":"max-video-preview:-1"},"canonical":"https:\/\/edumas.gov.co\/inicio\/2023\/03\/06\/edumas-incrementa-los-operativos-de-control-de-ruido-y-espacio-publico-en-soledad\/","og_locale":"es_ES","og_type":"article","og_title":"Edumas incrementa los operativos de control de ruido y espacio p\u00fablico en Soledad - Edumas","og_description":"El Establecimiento de Desarrollo Urbano y Medio Ambiente de Soledad \u2013 Edumas, junto a la Secretar\u00eda de Gobierno y la Polic\u00eda Nacional, realiz\u00f3 el pasado viernes 3 de marzo en horas de la noche, operativos de control de emisiones sonoras en siete establecimientos que incumpl\u00edan la norma y perturbaban la tranquilidad de los residentes cercanos. [&hellip;]","og_url":"https:\/\/edumas.gov.co\/inicio\/2023\/03\/06\/edumas-incrementa-los-operativos-de-control-de-ruido-y-espacio-publico-en-soledad\/","og_site_name":"Edumas","article_published_time":"2023-03-06T16:59:00+00:00","article_modified_time":"2023-11-02T17:04:08+00:00","og_image":[{"width":1501,"height":1000,"url":"https:\/\/edumas.gov.co\/wp-content\/uploads\/2023\/11\/Edumas-incrementa-los-operativos-de-control-de-ruido-y-espacio-publico-en-Soledad-1.png","type":"image\/png"}],"author":"edumas","twitter_card":"summary_large_image","twitter_misc":{"Escrito por":"edumas","Tiempo de lectura":"2 minutos"},"schema":{"@context":"https:\/\/schema.org","@graph":[{"@type":"Article","@id":"https:\/\/edumas.gov.co\/inicio\/2023\/03\/06\/edumas-incrementa-los-operativos-de-control-de-ruido-y-espacio-publico-en-soledad\/#article","isPartOf":{"@id":"https:\/\/edumas.gov.co\/inicio\/2023\/03\/06\/edumas-incrementa-los-operativos-de-control-de-ruido-y-espacio-publico-en-soledad\/"},"author":{"name":"edumas","@id":"https:\/\/edumas.gov.co\/inicio\/#\/schema\/person\/e2e82a662fd06864325b88811079b05a"},"headline":"Edumas incrementa los operativos de control de ruido y espacio p\u00fablico en Soledad","datePublished":"2023-03-06T16:59:00+00:00","dateModified":"2023-11-02T17:04:08+00:00","mainEntityOfPage":{"@id":"https:\/\/edumas.gov.co\/inicio\/2023\/03\/06\/edumas-incrementa-los-operativos-de-control-de-ruido-y-espacio-publico-en-soledad\/"},"wordCount":337,"commentCount":0,"publisher":{"@id":"https:\/\/edumas.gov.co\/inicio\/#organization"},"image":{"@id":"https:\/\/edumas.gov.co\/inicio\/2023\/03\/06\/edumas-incrementa-los-operativos-de-control-de-ruido-y-espacio-publico-en-soledad\/#primaryimage"},"thumbnailUrl":"https:\/\/edumas.gov.co\/wp-content\/uploads\/2023\/11\/Edumas-incrementa-los-operativos-de-control-de-ruido-y-espacio-publico-en-Soledad-1.png","articleSection":["noticias"],"inLanguage":"es","potentialAction":[{"@type":"CommentAction","name":"Comment","target":["https:\/\/edumas.gov.co\/inicio\/2023\/03\/06\/edumas-incrementa-los-operativos-de-control-de-ruido-y-espacio-publico-en-soledad\/#respond"]}]},{"@type":"WebPage","@id":"https:\/\/edumas.gov.co\/inicio\/2023\/03\/06\/edumas-incrementa-los-operativos-de-control-de-ruido-y-espacio-publico-en-soledad\/","url":"https:\/\/edumas.gov.co\/inicio\/2023\/03\/06\/edumas-incrementa-los-operativos-de-control-de-ruido-y-espacio-publico-en-soledad\/","name":"Edumas incrementa los operativos de control de ruido y espacio p\u00fablico en Soledad - Edumas","isPartOf":{"@id":"https:\/\/edumas.gov.co\/inicio\/#website"},"primaryImageOfPage":{"@id":"https:\/\/edumas.gov.co\/inicio\/2023\/03\/06\/edumas-incrementa-los-operativos-de-control-de-ruido-y-espacio-publico-en-soledad\/#primaryimage"},"image":{"@id":"https:\/\/edumas.gov.co\/inicio\/2023\/03\/06\/edumas-incrementa-los-operativos-de-control-de-ruido-y-espacio-publico-en-soledad\/#primaryimage"},"thumbnailUrl":"https:\/\/edumas.gov.co\/wp-content\/uploads\/2023\/11\/Edumas-incrementa-los-operativos-de-control-de-ruido-y-espacio-publico-en-Soledad-1.png","datePublished":"2023-03-06T16:59:00+00:00","dateModified":"2023-11-02T17:04:08+00:00","breadcrumb":{"@id":"https:\/\/edumas.gov.co\/inicio\/2023\/03\/06\/edumas-incrementa-los-operativos-de-control-de-ruido-y-espacio-publico-en-soledad\/#breadcrumb"},"inLanguage":"es","potentialAction":[{"@type":"ReadAction","target":["https:\/\/edumas.gov.co\/inicio\/2023\/03\/06\/edumas-incrementa-los-operativos-de-control-de-ruido-y-espacio-publico-en-soledad\/"]}]},{"@type":"ImageObject","inLanguage":"es","@id":"https:\/\/edumas.gov.co\/inicio\/2023\/03\/06\/edumas-incrementa-los-operativos-de-control-de-ruido-y-espacio-publico-en-soledad\/#primaryimage","url":"https:\/\/edumas.gov.co\/wp-content\/uploads\/2023\/11\/Edumas-incrementa-los-operativos-de-control-de-ruido-y-espacio-publico-en-Soledad-1.png","contentUrl":"https:\/\/edumas.gov.co\/wp-content\/uploads\/2023\/11\/Edumas-incrementa-los-operativos-de-control-de-ruido-y-espacio-publico-en-Soledad-1.png","width":1501,"height":1000},{"@type":"BreadcrumbList","@id":"https:\/\/edumas.gov.co\/inicio\/2023\/03\/06\/edumas-incrementa-los-operativos-de-control-de-ruido-y-espacio-publico-en-soledad\/#breadcrumb","itemListElement":[{"@type":"ListItem","position":1,"name":"Portada","item":"https:\/\/edumas.gov.co\/inicio\/"},{"@type":"ListItem","position":2,"name":"Edumas incrementa los operativos de control de ruido y espacio p\u00fablico en Soledad"}]},{"@type":"WebSite","@id":"https:\/\/edumas.gov.co\/inicio\/#website","url":"https:\/\/edumas.gov.co\/inicio\/","name":"Edumas","description":"Edumas","publisher":{"@id":"https:\/\/edumas.gov.co\/inicio\/#organization"},"potentialAction":[{"@type":"SearchAction","target":{"@type":"EntryPoint","urlTemplate":"https:\/\/edumas.gov.co\/inicio\/?s={search_term_string}"},"query-input":{"@type":"PropertyValueSpecification","valueRequired":true,"valueName":"search_term_string"}}],"inLanguage":"es"},{"@type":"Organization","@id":"https:\/\/edumas.gov.co\/inicio\/#organization","name":"Edumas","url":"https:\/\/edumas.gov.co\/inicio\/","logo":{"@type":"ImageObject","inLanguage":"es","@id":"https:\/\/edumas.gov.co\/inicio\/#\/schema\/logo\/image\/","url":"https:\/\/edumas.gov.co\/wp-content\/uploads\/2024\/10\/Perfil-Instagram-PhotoRoom.png-PhotoRoom.png","contentUrl":"https:\/\/edumas.gov.co\/wp-content\/uploads\/2024\/10\/Perfil-Instagram-PhotoRoom.png-PhotoRoom.png","width":648,"height":233,"caption":"Edumas"},"image":{"@id":"https:\/\/edumas.gov.co\/inicio\/#\/schema\/logo\/image\/"}},{"@type":"Person","@id":"https:\/\/edumas.gov.co\/inicio\/#\/schema\/person\/e2e82a662fd06864325b88811079b05a","name":"edumas","image":{"@type":"ImageObject","inLanguage":"es","@id":"https:\/\/edumas.gov.co\/wp-content\/uploads\/2025\/03\/WhatsApp-Image-2025-03-06-at-12.44.58-PM-150x150.jpeg","url":"https:\/\/edumas.gov.co\/wp-content\/uploads\/2025\/03\/WhatsApp-Image-2025-03-06-at-12.44.58-PM-150x150.jpeg","contentUrl":"https:\/\/edumas.gov.co\/wp-content\/uploads\/2025\/03\/WhatsApp-Image-2025-03-06-at-12.44.58-PM-150x150.jpeg","caption":"edumas"},"sameAs":["https:\/\/test.edumas.gov.co"],"url":"https:\/\/edumas.gov.co\/inicio\/author\/edumas\/"}]}},"_links":{"self":[{"href":"https:\/\/edumas.gov.co\/inicio\/wp-json\/wp\/v2\/posts\/1450","targetHints":{"allow":["GET"]}}],"collection":[{"href":"https:\/\/edumas.gov.co\/inicio\/wp-json\/wp\/v2\/posts"}],"about":[{"href":"https:\/\/edumas.gov.co\/inicio\/wp-json\/wp\/v2\/types\/post"}],"author":[{"embeddable":true,"href":"https:\/\/edumas.gov.co\/inicio\/wp-json\/wp\/v2\/users\/1"}],"replies":[{"embeddable":true,"href":"https:\/\/edumas.gov.co\/inicio\/wp-json\/wp\/v2\/comments?post=1450"}],"version-history":[{"count":1,"href":"https:\/\/edumas.gov.co\/inicio\/wp-json\/wp\/v2\/posts\/1450\/revisions"}],"predecessor-version":[{"id":1454,"href":"https:\/\/edumas.gov.co\/inicio\/wp-json\/wp\/v2\/posts\/1450\/revisions\/1454"}],"wp:featuredmedia":[{"embeddable":true,"href":"https:\/\/edumas.gov.co\/inicio\/wp-json\/wp\/v2\/media\/1451"}],"wp:attachment":[{"href":"https:\/\/edumas.gov.co\/inicio\/wp-json\/wp\/v2\/media?parent=1450"}],"wp:term":[{"taxonomy":"category","embeddable":true,"href":"https:\/\/edumas.gov.co\/inicio\/wp-json\/wp\/v2\/categories?post=1450"},{"taxonomy":"post_tag","embeddable":true,"href":"https:\/\/edumas.gov.co\/inicio\/wp-json\/wp\/v2\/tags?post=1450"}],"curies":[{"name":"wp","href":"https:\/\/api.w.org\/{rel}","templated":true}]}}