{"id":1455,"date":"2023-03-16T17:16:00","date_gmt":"2023-03-16T17:16:00","guid":{"rendered":"https:\/\/test.edumas.gov.co\/?p=1455"},"modified":"2023-11-02T17:21:50","modified_gmt":"2023-11-02T17:21:50","slug":"avanza-el-plan-de-limpieza-de-arroyos","status":"publish","type":"post","link":"https:\/\/edumas.gov.co\/inicio\/2023\/03\/16\/avanza-el-plan-de-limpieza-de-arroyos\/","title":{"rendered":"Avanza el plan de limpieza de arroyos"},"content":{"rendered":"\n<p class=\"wp-block-paragraph\">Con el fin de lograr mejores condiciones de limpieza de los arroyos m\u00e1s cr\u00edticos del municipio, el Edumas, junto con la comunidad del barrio 12 de Octubre, se encuentra en el proceso de extracci\u00f3n de basuras en 300 metros de cauce.<\/p>\n\n\n\n<p class=\"wp-block-paragraph\">Dada las condiciones, la extracci\u00f3n se realiza de manera manual con miembros de la comunidad, ya que el canal por el que pasa el arroyo se encuentra bordeado por tuber\u00edas que imposibilitan la introducci\u00f3n de maquinaria.<\/p>\n\n\n\n<p class=\"wp-block-paragraph\">Este es el segundo punto cr\u00edtico del plan. El primero fue el arroyo <a href=\"https:\/\/www.instagram.com\/reel\/Cox5v1coPh2\/?utm_source=ig_web_copy_link\">El Salao<\/a>, a la altura del paso El Libertador, donde la limpieza se realiza con maquinaria pesada y de manera manual, extray\u00e9ndose hasta el momento 25 toneladas de residuos s\u00f3lidos en los que predominaba material de construcci\u00f3n y demolici\u00f3n (RCD o escombros). De manera paralela se inici\u00f3 con el arroyo del barrio 7 de Agosto.<\/p>\n\n\n\n<p class=\"wp-block-paragraph\">Las limpiezas obedecen al seguimiento e identificaci\u00f3n previa de los puntos cr\u00edticos del municipio (los arroyos m\u00e1s contaminados) para determinar sus condiciones, y de esta manera, establecer la intervenci\u00f3n manual o con maquinaria.<\/p>\n\n\n\n<p class=\"wp-block-paragraph\">Los siguientes puntos son diferentes tramos del arroyo El Salao a ser intervenidos: Villa Soledad, Los Robles s\u00e9ptima etapa, Villa Lozano y La Alianza.<\/p>\n\n\n\n<p class=\"wp-block-paragraph\">Las limpiezas, adem\u00e1s de reducir la contaminaci\u00f3n del municipio y de mejorar su estado sanitario, ayudan a que no se obstruyan los canales durante el periodo de lluvias. Sin embargo, estas limpiezas servir\u00e1n de poco si no se logra un cambio cultural enfocado la tendencia de los habitantes a arrojar basuras a ellos o no respetar los horarios de recolecci\u00f3n por parte de Interaseo.<\/p>\n\n\n\n<p class=\"wp-block-paragraph\">Reiteramos el papel tan importante que tiene la comunidad para mantener estos espacio limpios e invitamos a que hagan una correcta disposici\u00f3n de las basuras.<\/p>\n","protected":false},"excerpt":{"rendered":"<p>Con el fin de lograr mejores condiciones de limpieza de los arroyos m\u00e1s cr\u00edticos del municipio, el Edumas, junto con la comunidad del barrio 12 de Octubre, se encuentra en el proceso de extracci\u00f3n de basuras en 300 metros de cauce. Dada las condiciones, la extracci\u00f3n se realiza de manera manual con miembros de la [&hellip;]<\/p>\n","protected":false},"author":1,"featured_media":1456,"comment_status":"open","ping_status":"open","sticky":false,"template":"","format":"standard","meta":{"footnotes":""},"categories":[26],"tags":[],"class_list":["post-1455","post","type-post","status-publish","format-standard","has-post-thumbnail","hentry","category-noticias"],"yoast_head":"<!-- This site is optimized with the Yoast SEO plugin v27.4 - https:\/\/yoast.com\/product\/yoast-seo-wordpress\/ -->\n<title>Avanza el plan de limpieza de arroyos - Edumas<\/title>\n<meta name=\"robots\" content=\"index, follow, max-snippet:-1, max-image-preview:large, max-video-preview:-1\" \/>\n<link rel=\"canonical\" href=\"https:\/\/edumas.gov.co\/inicio\/2023\/03\/16\/avanza-el-plan-de-limpieza-de-arroyos\/\" \/>\n<meta property=\"og:locale\" content=\"es_ES\" \/>\n<meta property=\"og:type\" content=\"article\" \/>\n<meta property=\"og:title\" content=\"Avanza el plan de limpieza de arroyos - Edumas\" \/>\n<meta property=\"og:description\" content=\"Con el fin de lograr mejores condiciones de limpieza de los arroyos m\u00e1s cr\u00edticos del municipio, el Edumas, junto con la comunidad del barrio 12 de Octubre, se encuentra en el proceso de extracci\u00f3n de basuras en 300 metros de cauce. Dada las condiciones, la extracci\u00f3n se realiza de manera manual con miembros de la [&hellip;]\" \/>\n<meta property=\"og:url\" content=\"https:\/\/edumas.gov.co\/inicio\/2023\/03\/16\/avanza-el-plan-de-limpieza-de-arroyos\/\" \/>\n<meta property=\"og:site_name\" content=\"Edumas\" \/>\n<meta property=\"article:published_time\" content=\"2023-03-16T17:16:00+00:00\" \/>\n<meta property=\"article:modified_time\" content=\"2023-11-02T17:21:50+00:00\" \/>\n<meta property=\"og:image\" content=\"https:\/\/edumas.gov.co\/wp-content\/uploads\/2023\/11\/Avanza-el-plan-de-limpieza-de-arroyos-1-1.jpeg\" \/>\n\t<meta property=\"og:image:width\" content=\"1600\" \/>\n\t<meta property=\"og:image:height\" content=\"1066\" \/>\n\t<meta property=\"og:image:type\" content=\"image\/jpeg\" \/>\n<meta name=\"author\" content=\"edumas\" \/>\n<meta name=\"twitter:card\" content=\"summary_large_image\" \/>\n<meta name=\"twitter:label1\" content=\"Escrito por\" \/>\n\t<meta name=\"twitter:data1\" content=\"edumas\" \/>\n\t<meta name=\"twitter:label2\" content=\"Tiempo de lectura\" \/>\n\t<meta name=\"twitter:data2\" content=\"2 minutos\" \/>\n<script type=\"application\/ld+json\" class=\"yoast-schema-graph\">{\"@context\":\"https:\\\/\\\/schema.org\",\"@graph\":[{\"@type\":\"Article\",\"@id\":\"https:\\\/\\\/edumas.gov.co\\\/inicio\\\/2023\\\/03\\\/16\\\/avanza-el-plan-de-limpieza-de-arroyos\\\/#article\",\"isPartOf\":{\"@id\":\"https:\\\/\\\/edumas.gov.co\\\/inicio\\\/2023\\\/03\\\/16\\\/avanza-el-plan-de-limpieza-de-arroyos\\\/\"},\"author\":{\"name\":\"edumas\",\"@id\":\"https:\\\/\\\/edumas.gov.co\\\/inicio\\\/#\\\/schema\\\/person\\\/e2e82a662fd06864325b88811079b05a\"},\"headline\":\"Avanza el plan de limpieza de arroyos\",\"datePublished\":\"2023-03-16T17:16:00+00:00\",\"dateModified\":\"2023-11-02T17:21:50+00:00\",\"mainEntityOfPage\":{\"@id\":\"https:\\\/\\\/edumas.gov.co\\\/inicio\\\/2023\\\/03\\\/16\\\/avanza-el-plan-de-limpieza-de-arroyos\\\/\"},\"wordCount\":315,\"commentCount\":0,\"publisher\":{\"@id\":\"https:\\\/\\\/edumas.gov.co\\\/inicio\\\/#organization\"},\"image\":{\"@id\":\"https:\\\/\\\/edumas.gov.co\\\/inicio\\\/2023\\\/03\\\/16\\\/avanza-el-plan-de-limpieza-de-arroyos\\\/#primaryimage\"},\"thumbnailUrl\":\"https:\\\/\\\/edumas.gov.co\\\/wp-content\\\/uploads\\\/2023\\\/11\\\/Avanza-el-plan-de-limpieza-de-arroyos-1-1.jpeg\",\"articleSection\":[\"noticias\"],\"inLanguage\":\"es\",\"potentialAction\":[{\"@type\":\"CommentAction\",\"name\":\"Comment\",\"target\":[\"https:\\\/\\\/edumas.gov.co\\\/inicio\\\/2023\\\/03\\\/16\\\/avanza-el-plan-de-limpieza-de-arroyos\\\/#respond\"]}]},{\"@type\":\"WebPage\",\"@id\":\"https:\\\/\\\/edumas.gov.co\\\/inicio\\\/2023\\\/03\\\/16\\\/avanza-el-plan-de-limpieza-de-arroyos\\\/\",\"url\":\"https:\\\/\\\/edumas.gov.co\\\/inicio\\\/2023\\\/03\\\/16\\\/avanza-el-plan-de-limpieza-de-arroyos\\\/\",\"name\":\"Avanza el plan de limpieza de arroyos - Edumas\",\"isPartOf\":{\"@id\":\"https:\\\/\\\/edumas.gov.co\\\/inicio\\\/#website\"},\"primaryImageOfPage\":{\"@id\":\"https:\\\/\\\/edumas.gov.co\\\/inicio\\\/2023\\\/03\\\/16\\\/avanza-el-plan-de-limpieza-de-arroyos\\\/#primaryimage\"},\"image\":{\"@id\":\"https:\\\/\\\/edumas.gov.co\\\/inicio\\\/2023\\\/03\\\/16\\\/avanza-el-plan-de-limpieza-de-arroyos\\\/#primaryimage\"},\"thumbnailUrl\":\"https:\\\/\\\/edumas.gov.co\\\/wp-content\\\/uploads\\\/2023\\\/11\\\/Avanza-el-plan-de-limpieza-de-arroyos-1-1.jpeg\",\"datePublished\":\"2023-03-16T17:16:00+00:00\",\"dateModified\":\"2023-11-02T17:21:50+00:00\",\"breadcrumb\":{\"@id\":\"https:\\\/\\\/edumas.gov.co\\\/inicio\\\/2023\\\/03\\\/16\\\/avanza-el-plan-de-limpieza-de-arroyos\\\/#breadcrumb\"},\"inLanguage\":\"es\",\"potentialAction\":[{\"@type\":\"ReadAction\",\"target\":[\"https:\\\/\\\/edumas.gov.co\\\/inicio\\\/2023\\\/03\\\/16\\\/avanza-el-plan-de-limpieza-de-arroyos\\\/\"]}]},{\"@type\":\"ImageObject\",\"inLanguage\":\"es\",\"@id\":\"https:\\\/\\\/edumas.gov.co\\\/inicio\\\/2023\\\/03\\\/16\\\/avanza-el-plan-de-limpieza-de-arroyos\\\/#primaryimage\",\"url\":\"https:\\\/\\\/edumas.gov.co\\\/wp-content\\\/uploads\\\/2023\\\/11\\\/Avanza-el-plan-de-limpieza-de-arroyos-1-1.jpeg\",\"contentUrl\":\"https:\\\/\\\/edumas.gov.co\\\/wp-content\\\/uploads\\\/2023\\\/11\\\/Avanza-el-plan-de-limpieza-de-arroyos-1-1.jpeg\",\"width\":1600,\"height\":1066},{\"@type\":\"BreadcrumbList\",\"@id\":\"https:\\\/\\\/edumas.gov.co\\\/inicio\\\/2023\\\/03\\\/16\\\/avanza-el-plan-de-limpieza-de-arroyos\\\/#breadcrumb\",\"itemListElement\":[{\"@type\":\"ListItem\",\"position\":1,\"name\":\"Portada\",\"item\":\"https:\\\/\\\/edumas.gov.co\\\/inicio\\\/\"},{\"@type\":\"ListItem\",\"position\":2,\"name\":\"Avanza el plan de limpieza de arroyos\"}]},{\"@type\":\"WebSite\",\"@id\":\"https:\\\/\\\/edumas.gov.co\\\/inicio\\\/#website\",\"url\":\"https:\\\/\\\/edumas.gov.co\\\/inicio\\\/\",\"name\":\"Edumas\",\"description\":\"Edumas\",\"publisher\":{\"@id\":\"https:\\\/\\\/edumas.gov.co\\\/inicio\\\/#organization\"},\"potentialAction\":[{\"@type\":\"SearchAction\",\"target\":{\"@type\":\"EntryPoint\",\"urlTemplate\":\"https:\\\/\\\/edumas.gov.co\\\/inicio\\\/?s={search_term_string}\"},\"query-input\":{\"@type\":\"PropertyValueSpecification\",\"valueRequired\":true,\"valueName\":\"search_term_string\"}}],\"inLanguage\":\"es\"},{\"@type\":\"Organization\",\"@id\":\"https:\\\/\\\/edumas.gov.co\\\/inicio\\\/#organization\",\"name\":\"Edumas\",\"url\":\"https:\\\/\\\/edumas.gov.co\\\/inicio\\\/\",\"logo\":{\"@type\":\"ImageObject\",\"inLanguage\":\"es\",\"@id\":\"https:\\\/\\\/edumas.gov.co\\\/inicio\\\/#\\\/schema\\\/logo\\\/image\\\/\",\"url\":\"https:\\\/\\\/edumas.gov.co\\\/wp-content\\\/uploads\\\/2024\\\/10\\\/Perfil-Instagram-PhotoRoom.png-PhotoRoom.png\",\"contentUrl\":\"https:\\\/\\\/edumas.gov.co\\\/wp-content\\\/uploads\\\/2024\\\/10\\\/Perfil-Instagram-PhotoRoom.png-PhotoRoom.png\",\"width\":648,\"height\":233,\"caption\":\"Edumas\"},\"image\":{\"@id\":\"https:\\\/\\\/edumas.gov.co\\\/inicio\\\/#\\\/schema\\\/logo\\\/image\\\/\"}},{\"@type\":\"Person\",\"@id\":\"https:\\\/\\\/edumas.gov.co\\\/inicio\\\/#\\\/schema\\\/person\\\/e2e82a662fd06864325b88811079b05a\",\"name\":\"edumas\",\"image\":{\"@type\":\"ImageObject\",\"inLanguage\":\"es\",\"@id\":\"https:\\\/\\\/edumas.gov.co\\\/wp-content\\\/uploads\\\/2025\\\/03\\\/WhatsApp-Image-2025-03-06-at-12.44.58-PM-150x150.jpeg\",\"url\":\"https:\\\/\\\/edumas.gov.co\\\/wp-content\\\/uploads\\\/2025\\\/03\\\/WhatsApp-Image-2025-03-06-at-12.44.58-PM-150x150.jpeg\",\"contentUrl\":\"https:\\\/\\\/edumas.gov.co\\\/wp-content\\\/uploads\\\/2025\\\/03\\\/WhatsApp-Image-2025-03-06-at-12.44.58-PM-150x150.jpeg\",\"caption\":\"edumas\"},\"sameAs\":[\"https:\\\/\\\/test.edumas.gov.co\"],\"url\":\"https:\\\/\\\/edumas.gov.co\\\/inicio\\\/author\\\/edumas\\\/\"}]}<\/script>\n<!-- \/ Yoast SEO plugin. -->","yoast_head_json":{"title":"Avanza el plan de limpieza de arroyos - Edumas","robots":{"index":"index","follow":"follow","max-snippet":"max-snippet:-1","max-image-preview":"max-image-preview:large","max-video-preview":"max-video-preview:-1"},"canonical":"https:\/\/edumas.gov.co\/inicio\/2023\/03\/16\/avanza-el-plan-de-limpieza-de-arroyos\/","og_locale":"es_ES","og_type":"article","og_title":"Avanza el plan de limpieza de arroyos - Edumas","og_description":"Con el fin de lograr mejores condiciones de limpieza de los arroyos m\u00e1s cr\u00edticos del municipio, el Edumas, junto con la comunidad del barrio 12 de Octubre, se encuentra en el proceso de extracci\u00f3n de basuras en 300 metros de cauce. Dada las condiciones, la extracci\u00f3n se realiza de manera manual con miembros de la [&hellip;]","og_url":"https:\/\/edumas.gov.co\/inicio\/2023\/03\/16\/avanza-el-plan-de-limpieza-de-arroyos\/","og_site_name":"Edumas","article_published_time":"2023-03-16T17:16:00+00:00","article_modified_time":"2023-11-02T17:21:50+00:00","og_image":[{"width":1600,"height":1066,"url":"https:\/\/edumas.gov.co\/wp-content\/uploads\/2023\/11\/Avanza-el-plan-de-limpieza-de-arroyos-1-1.jpeg","type":"image\/jpeg"}],"author":"edumas","twitter_card":"summary_large_image","twitter_misc":{"Escrito por":"edumas","Tiempo de lectura":"2 minutos"},"schema":{"@context":"https:\/\/schema.org","@graph":[{"@type":"Article","@id":"https:\/\/edumas.gov.co\/inicio\/2023\/03\/16\/avanza-el-plan-de-limpieza-de-arroyos\/#article","isPartOf":{"@id":"https:\/\/edumas.gov.co\/inicio\/2023\/03\/16\/avanza-el-plan-de-limpieza-de-arroyos\/"},"author":{"name":"edumas","@id":"https:\/\/edumas.gov.co\/inicio\/#\/schema\/person\/e2e82a662fd06864325b88811079b05a"},"headline":"Avanza el plan de limpieza de arroyos","datePublished":"2023-03-16T17:16:00+00:00","dateModified":"2023-11-02T17:21:50+00:00","mainEntityOfPage":{"@id":"https:\/\/edumas.gov.co\/inicio\/2023\/03\/16\/avanza-el-plan-de-limpieza-de-arroyos\/"},"wordCount":315,"commentCount":0,"publisher":{"@id":"https:\/\/edumas.gov.co\/inicio\/#organization"},"image":{"@id":"https:\/\/edumas.gov.co\/inicio\/2023\/03\/16\/avanza-el-plan-de-limpieza-de-arroyos\/#primaryimage"},"thumbnailUrl":"https:\/\/edumas.gov.co\/wp-content\/uploads\/2023\/11\/Avanza-el-plan-de-limpieza-de-arroyos-1-1.jpeg","articleSection":["noticias"],"inLanguage":"es","potentialAction":[{"@type":"CommentAction","name":"Comment","target":["https:\/\/edumas.gov.co\/inicio\/2023\/03\/16\/avanza-el-plan-de-limpieza-de-arroyos\/#respond"]}]},{"@type":"WebPage","@id":"https:\/\/edumas.gov.co\/inicio\/2023\/03\/16\/avanza-el-plan-de-limpieza-de-arroyos\/","url":"https:\/\/edumas.gov.co\/inicio\/2023\/03\/16\/avanza-el-plan-de-limpieza-de-arroyos\/","name":"Avanza el plan de limpieza de arroyos - Edumas","isPartOf":{"@id":"https:\/\/edumas.gov.co\/inicio\/#website"},"primaryImageOfPage":{"@id":"https:\/\/edumas.gov.co\/inicio\/2023\/03\/16\/avanza-el-plan-de-limpieza-de-arroyos\/#primaryimage"},"image":{"@id":"https:\/\/edumas.gov.co\/inicio\/2023\/03\/16\/avanza-el-plan-de-limpieza-de-arroyos\/#primaryimage"},"thumbnailUrl":"https:\/\/edumas.gov.co\/wp-content\/uploads\/2023\/11\/Avanza-el-plan-de-limpieza-de-arroyos-1-1.jpeg","datePublished":"2023-03-16T17:16:00+00:00","dateModified":"2023-11-02T17:21:50+00:00","breadcrumb":{"@id":"https:\/\/edumas.gov.co\/inicio\/2023\/03\/16\/avanza-el-plan-de-limpieza-de-arroyos\/#breadcrumb"},"inLanguage":"es","potentialAction":[{"@type":"ReadAction","target":["https:\/\/edumas.gov.co\/inicio\/2023\/03\/16\/avanza-el-plan-de-limpieza-de-arroyos\/"]}]},{"@type":"ImageObject","inLanguage":"es","@id":"https:\/\/edumas.gov.co\/inicio\/2023\/03\/16\/avanza-el-plan-de-limpieza-de-arroyos\/#primaryimage","url":"https:\/\/edumas.gov.co\/wp-content\/uploads\/2023\/11\/Avanza-el-plan-de-limpieza-de-arroyos-1-1.jpeg","contentUrl":"https:\/\/edumas.gov.co\/wp-content\/uploads\/2023\/11\/Avanza-el-plan-de-limpieza-de-arroyos-1-1.jpeg","width":1600,"height":1066},{"@type":"BreadcrumbList","@id":"https:\/\/edumas.gov.co\/inicio\/2023\/03\/16\/avanza-el-plan-de-limpieza-de-arroyos\/#breadcrumb","itemListElement":[{"@type":"ListItem","position":1,"name":"Portada","item":"https:\/\/edumas.gov.co\/inicio\/"},{"@type":"ListItem","position":2,"name":"Avanza el plan de limpieza de arroyos"}]},{"@type":"WebSite","@id":"https:\/\/edumas.gov.co\/inicio\/#website","url":"https:\/\/edumas.gov.co\/inicio\/","name":"Edumas","description":"Edumas","publisher":{"@id":"https:\/\/edumas.gov.co\/inicio\/#organization"},"potentialAction":[{"@type":"SearchAction","target":{"@type":"EntryPoint","urlTemplate":"https:\/\/edumas.gov.co\/inicio\/?s={search_term_string}"},"query-input":{"@type":"PropertyValueSpecification","valueRequired":true,"valueName":"search_term_string"}}],"inLanguage":"es"},{"@type":"Organization","@id":"https:\/\/edumas.gov.co\/inicio\/#organization","name":"Edumas","url":"https:\/\/edumas.gov.co\/inicio\/","logo":{"@type":"ImageObject","inLanguage":"es","@id":"https:\/\/edumas.gov.co\/inicio\/#\/schema\/logo\/image\/","url":"https:\/\/edumas.gov.co\/wp-content\/uploads\/2024\/10\/Perfil-Instagram-PhotoRoom.png-PhotoRoom.png","contentUrl":"https:\/\/edumas.gov.co\/wp-content\/uploads\/2024\/10\/Perfil-Instagram-PhotoRoom.png-PhotoRoom.png","width":648,"height":233,"caption":"Edumas"},"image":{"@id":"https:\/\/edumas.gov.co\/inicio\/#\/schema\/logo\/image\/"}},{"@type":"Person","@id":"https:\/\/edumas.gov.co\/inicio\/#\/schema\/person\/e2e82a662fd06864325b88811079b05a","name":"edumas","image":{"@type":"ImageObject","inLanguage":"es","@id":"https:\/\/edumas.gov.co\/wp-content\/uploads\/2025\/03\/WhatsApp-Image-2025-03-06-at-12.44.58-PM-150x150.jpeg","url":"https:\/\/edumas.gov.co\/wp-content\/uploads\/2025\/03\/WhatsApp-Image-2025-03-06-at-12.44.58-PM-150x150.jpeg","contentUrl":"https:\/\/edumas.gov.co\/wp-content\/uploads\/2025\/03\/WhatsApp-Image-2025-03-06-at-12.44.58-PM-150x150.jpeg","caption":"edumas"},"sameAs":["https:\/\/test.edumas.gov.co"],"url":"https:\/\/edumas.gov.co\/inicio\/author\/edumas\/"}]}},"_links":{"self":[{"href":"https:\/\/edumas.gov.co\/inicio\/wp-json\/wp\/v2\/posts\/1455","targetHints":{"allow":["GET"]}}],"collection":[{"href":"https:\/\/edumas.gov.co\/inicio\/wp-json\/wp\/v2\/posts"}],"about":[{"href":"https:\/\/edumas.gov.co\/inicio\/wp-json\/wp\/v2\/types\/post"}],"author":[{"embeddable":true,"href":"https:\/\/edumas.gov.co\/inicio\/wp-json\/wp\/v2\/users\/1"}],"replies":[{"embeddable":true,"href":"https:\/\/edumas.gov.co\/inicio\/wp-json\/wp\/v2\/comments?post=1455"}],"version-history":[{"count":1,"href":"https:\/\/edumas.gov.co\/inicio\/wp-json\/wp\/v2\/posts\/1455\/revisions"}],"predecessor-version":[{"id":1457,"href":"https:\/\/edumas.gov.co\/inicio\/wp-json\/wp\/v2\/posts\/1455\/revisions\/1457"}],"wp:featuredmedia":[{"embeddable":true,"href":"https:\/\/edumas.gov.co\/inicio\/wp-json\/wp\/v2\/media\/1456"}],"wp:attachment":[{"href":"https:\/\/edumas.gov.co\/inicio\/wp-json\/wp\/v2\/media?parent=1455"}],"wp:term":[{"taxonomy":"category","embeddable":true,"href":"https:\/\/edumas.gov.co\/inicio\/wp-json\/wp\/v2\/categories?post=1455"},{"taxonomy":"post_tag","embeddable":true,"href":"https:\/\/edumas.gov.co\/inicio\/wp-json\/wp\/v2\/tags?post=1455"}],"curies":[{"name":"wp","href":"https:\/\/api.w.org\/{rel}","templated":true}]}}