{"id":1478,"date":"2023-04-24T19:44:00","date_gmt":"2023-04-24T19:44:00","guid":{"rendered":"https:\/\/test.edumas.gov.co\/?p=1478"},"modified":"2023-11-02T20:19:31","modified_gmt":"2023-11-02T20:19:31","slug":"el-edumas-realiza-jornadas-de-sensibilizacion-en-el-barrio-primero-de-mayo-en-el-marco-de-la-conmemoracion-del-dia-de-la-tierra","status":"publish","type":"post","link":"https:\/\/edumas.gov.co\/inicio\/2023\/04\/24\/el-edumas-realiza-jornadas-de-sensibilizacion-en-el-barrio-primero-de-mayo-en-el-marco-de-la-conmemoracion-del-dia-de-la-tierra\/","title":{"rendered":"El Edumas realiza jornadas de sensibilizaci\u00f3n en el barrio Primero de Mayo, en el marco de la conmemoraci\u00f3n del D\u00eda de la Tierra"},"content":{"rendered":"\n<p class=\"wp-block-paragraph\">El Edumas hizo parte de las organizaciones convocadas por Fupad (Fundaci\u00f3n Panamericana para el Desarrollo) para realizar actividades en beneficio del estado ecol\u00f3gico del barrio Primero de Mayo, en el marco de la conmemoraci\u00f3n del D\u00eda de la Tierra, celebrado el s\u00e1bado 22 de abril.<\/p>\n\n\n\n<p class=\"wp-block-paragraph\">Durante la ma\u00f1ana de ese d\u00eda, se realiz\u00f3 una jornada de sensibilizaci\u00f3n sobre la correcta disposici\u00f3n de residuos s\u00f3lidos en los hogares del barrio. Adem\u00e1s, se realiz\u00f3 la entrega y siembra junto con los l\u00edderes de la JAC (Junta de Acci\u00f3n Comunal) y los Promotores Ambientales, de diez \u00e1rboles de diferentes especies.<\/p>\n\n\n\n<p class=\"wp-block-paragraph\">Otras de las organizaciones invitadas a la conmemoraci\u00f3n debido a su compromiso ambiental en el municipio fueron, Promotores por un Ambiente Saludable, la JAC del barrio Primero de Mayo,&nbsp; Interaseo y la comunidad en general. Ellas estuvieron a cargo de actividades que contribuyeron a la limpieza, embellecimiento y arborizaci\u00f3n de la zona que surgieron a partir de algunas de sus problem\u00e1ticas ambientales.<\/p>\n\n\n\n<p class=\"wp-block-paragraph\">Acorde a Fupad, estas actividades se espera que sirvan como \u201csoluciones duraderas en el marco de la corresponsabilidad, la prevenci\u00f3n de enfermedades, promoci\u00f3n de entornos saludables, mejoras en la calidad de vida de la comunidad y, no menos importante, la concientizaci\u00f3n frente al cuidado del medio ambiente\u201d.<\/p>\n\n\n\n<p class=\"wp-block-paragraph\">Los esfuerzos de todas las organizaciones convocadas sin duda dejar\u00e1n un impacto duradero en el barrio. El Edumas seguir\u00e1, sin embargo, teniendo en cuenta sus problemas y los de todo el municipio para proponer y realizar soluciones.<\/p>\n","protected":false},"excerpt":{"rendered":"<p>El Edumas hizo parte de las organizaciones convocadas por Fupad (Fundaci\u00f3n Panamericana para el Desarrollo) para realizar actividades en beneficio del estado ecol\u00f3gico del barrio Primero de Mayo, en el marco de la conmemoraci\u00f3n del D\u00eda de la Tierra, celebrado el s\u00e1bado 22 de abril. Durante la ma\u00f1ana de ese d\u00eda, se realiz\u00f3 una jornada [&hellip;]<\/p>\n","protected":false},"author":1,"featured_media":1479,"comment_status":"open","ping_status":"open","sticky":false,"template":"","format":"standard","meta":{"footnotes":""},"categories":[26],"tags":[],"class_list":["post-1478","post","type-post","status-publish","format-standard","has-post-thumbnail","hentry","category-noticias"],"yoast_head":"<!-- This site is optimized with the Yoast SEO plugin v27.4 - https:\/\/yoast.com\/product\/yoast-seo-wordpress\/ -->\n<title>El Edumas realiza jornadas de sensibilizaci\u00f3n en el barrio Primero de Mayo, en el marco de la conmemoraci\u00f3n del D\u00eda de la Tierra - Edumas<\/title>\n<meta name=\"robots\" content=\"index, follow, max-snippet:-1, max-image-preview:large, max-video-preview:-1\" \/>\n<link rel=\"canonical\" href=\"https:\/\/edumas.gov.co\/inicio\/2023\/04\/24\/el-edumas-realiza-jornadas-de-sensibilizacion-en-el-barrio-primero-de-mayo-en-el-marco-de-la-conmemoracion-del-dia-de-la-tierra\/\" \/>\n<meta property=\"og:locale\" content=\"es_ES\" \/>\n<meta property=\"og:type\" content=\"article\" \/>\n<meta property=\"og:title\" content=\"El Edumas realiza jornadas de sensibilizaci\u00f3n en el barrio Primero de Mayo, en el marco de la conmemoraci\u00f3n del D\u00eda de la Tierra - Edumas\" \/>\n<meta property=\"og:description\" content=\"El Edumas hizo parte de las organizaciones convocadas por Fupad (Fundaci\u00f3n Panamericana para el Desarrollo) para realizar actividades en beneficio del estado ecol\u00f3gico del barrio Primero de Mayo, en el marco de la conmemoraci\u00f3n del D\u00eda de la Tierra, celebrado el s\u00e1bado 22 de abril. Durante la ma\u00f1ana de ese d\u00eda, se realiz\u00f3 una jornada [&hellip;]\" \/>\n<meta property=\"og:url\" content=\"https:\/\/edumas.gov.co\/inicio\/2023\/04\/24\/el-edumas-realiza-jornadas-de-sensibilizacion-en-el-barrio-primero-de-mayo-en-el-marco-de-la-conmemoracion-del-dia-de-la-tierra\/\" \/>\n<meta property=\"og:site_name\" content=\"Edumas\" \/>\n<meta property=\"article:published_time\" content=\"2023-04-24T19:44:00+00:00\" \/>\n<meta property=\"article:modified_time\" content=\"2023-11-02T20:19:31+00:00\" \/>\n<meta property=\"og:image\" content=\"https:\/\/edumas.gov.co\/wp-content\/uploads\/2023\/11\/El-Edumas-realiza-jornadas-de-sensibilizacion-en-el-barrio-Primero-de-Mayo-en-el-marco-de-la-conmemoracion-del-Dia-de-la-Tierra-1024x683.png\" \/>\n\t<meta property=\"og:image:width\" content=\"1024\" \/>\n\t<meta property=\"og:image:height\" content=\"683\" \/>\n\t<meta property=\"og:image:type\" content=\"image\/png\" \/>\n<meta name=\"author\" content=\"edumas\" \/>\n<meta name=\"twitter:card\" content=\"summary_large_image\" \/>\n<meta name=\"twitter:label1\" content=\"Escrito por\" \/>\n\t<meta name=\"twitter:data1\" content=\"edumas\" \/>\n\t<meta name=\"twitter:label2\" content=\"Tiempo de lectura\" \/>\n\t<meta name=\"twitter:data2\" content=\"1 minuto\" \/>\n<script type=\"application\/ld+json\" class=\"yoast-schema-graph\">{\"@context\":\"https:\\\/\\\/schema.org\",\"@graph\":[{\"@type\":\"Article\",\"@id\":\"https:\\\/\\\/edumas.gov.co\\\/inicio\\\/2023\\\/04\\\/24\\\/el-edumas-realiza-jornadas-de-sensibilizacion-en-el-barrio-primero-de-mayo-en-el-marco-de-la-conmemoracion-del-dia-de-la-tierra\\\/#article\",\"isPartOf\":{\"@id\":\"https:\\\/\\\/edumas.gov.co\\\/inicio\\\/2023\\\/04\\\/24\\\/el-edumas-realiza-jornadas-de-sensibilizacion-en-el-barrio-primero-de-mayo-en-el-marco-de-la-conmemoracion-del-dia-de-la-tierra\\\/\"},\"author\":{\"name\":\"edumas\",\"@id\":\"https:\\\/\\\/edumas.gov.co\\\/inicio\\\/#\\\/schema\\\/person\\\/e2e82a662fd06864325b88811079b05a\"},\"headline\":\"El Edumas realiza jornadas de sensibilizaci\u00f3n en el barrio Primero de Mayo, en el marco de la conmemoraci\u00f3n del D\u00eda de la Tierra\",\"datePublished\":\"2023-04-24T19:44:00+00:00\",\"dateModified\":\"2023-11-02T20:19:31+00:00\",\"mainEntityOfPage\":{\"@id\":\"https:\\\/\\\/edumas.gov.co\\\/inicio\\\/2023\\\/04\\\/24\\\/el-edumas-realiza-jornadas-de-sensibilizacion-en-el-barrio-primero-de-mayo-en-el-marco-de-la-conmemoracion-del-dia-de-la-tierra\\\/\"},\"wordCount\":289,\"commentCount\":0,\"publisher\":{\"@id\":\"https:\\\/\\\/edumas.gov.co\\\/inicio\\\/#organization\"},\"image\":{\"@id\":\"https:\\\/\\\/edumas.gov.co\\\/inicio\\\/2023\\\/04\\\/24\\\/el-edumas-realiza-jornadas-de-sensibilizacion-en-el-barrio-primero-de-mayo-en-el-marco-de-la-conmemoracion-del-dia-de-la-tierra\\\/#primaryimage\"},\"thumbnailUrl\":\"https:\\\/\\\/edumas.gov.co\\\/wp-content\\\/uploads\\\/2023\\\/11\\\/El-Edumas-realiza-jornadas-de-sensibilizacion-en-el-barrio-Primero-de-Mayo-en-el-marco-de-la-conmemoracion-del-Dia-de-la-Tierra.png\",\"articleSection\":[\"noticias\"],\"inLanguage\":\"es\",\"potentialAction\":[{\"@type\":\"CommentAction\",\"name\":\"Comment\",\"target\":[\"https:\\\/\\\/edumas.gov.co\\\/inicio\\\/2023\\\/04\\\/24\\\/el-edumas-realiza-jornadas-de-sensibilizacion-en-el-barrio-primero-de-mayo-en-el-marco-de-la-conmemoracion-del-dia-de-la-tierra\\\/#respond\"]}]},{\"@type\":\"WebPage\",\"@id\":\"https:\\\/\\\/edumas.gov.co\\\/inicio\\\/2023\\\/04\\\/24\\\/el-edumas-realiza-jornadas-de-sensibilizacion-en-el-barrio-primero-de-mayo-en-el-marco-de-la-conmemoracion-del-dia-de-la-tierra\\\/\",\"url\":\"https:\\\/\\\/edumas.gov.co\\\/inicio\\\/2023\\\/04\\\/24\\\/el-edumas-realiza-jornadas-de-sensibilizacion-en-el-barrio-primero-de-mayo-en-el-marco-de-la-conmemoracion-del-dia-de-la-tierra\\\/\",\"name\":\"El Edumas realiza jornadas de sensibilizaci\u00f3n en el barrio Primero de Mayo, en el marco de la conmemoraci\u00f3n del D\u00eda de la Tierra - Edumas\",\"isPartOf\":{\"@id\":\"https:\\\/\\\/edumas.gov.co\\\/inicio\\\/#website\"},\"primaryImageOfPage\":{\"@id\":\"https:\\\/\\\/edumas.gov.co\\\/inicio\\\/2023\\\/04\\\/24\\\/el-edumas-realiza-jornadas-de-sensibilizacion-en-el-barrio-primero-de-mayo-en-el-marco-de-la-conmemoracion-del-dia-de-la-tierra\\\/#primaryimage\"},\"image\":{\"@id\":\"https:\\\/\\\/edumas.gov.co\\\/inicio\\\/2023\\\/04\\\/24\\\/el-edumas-realiza-jornadas-de-sensibilizacion-en-el-barrio-primero-de-mayo-en-el-marco-de-la-conmemoracion-del-dia-de-la-tierra\\\/#primaryimage\"},\"thumbnailUrl\":\"https:\\\/\\\/edumas.gov.co\\\/wp-content\\\/uploads\\\/2023\\\/11\\\/El-Edumas-realiza-jornadas-de-sensibilizacion-en-el-barrio-Primero-de-Mayo-en-el-marco-de-la-conmemoracion-del-Dia-de-la-Tierra.png\",\"datePublished\":\"2023-04-24T19:44:00+00:00\",\"dateModified\":\"2023-11-02T20:19:31+00:00\",\"breadcrumb\":{\"@id\":\"https:\\\/\\\/edumas.gov.co\\\/inicio\\\/2023\\\/04\\\/24\\\/el-edumas-realiza-jornadas-de-sensibilizacion-en-el-barrio-primero-de-mayo-en-el-marco-de-la-conmemoracion-del-dia-de-la-tierra\\\/#breadcrumb\"},\"inLanguage\":\"es\",\"potentialAction\":[{\"@type\":\"ReadAction\",\"target\":[\"https:\\\/\\\/edumas.gov.co\\\/inicio\\\/2023\\\/04\\\/24\\\/el-edumas-realiza-jornadas-de-sensibilizacion-en-el-barrio-primero-de-mayo-en-el-marco-de-la-conmemoracion-del-dia-de-la-tierra\\\/\"]}]},{\"@type\":\"ImageObject\",\"inLanguage\":\"es\",\"@id\":\"https:\\\/\\\/edumas.gov.co\\\/inicio\\\/2023\\\/04\\\/24\\\/el-edumas-realiza-jornadas-de-sensibilizacion-en-el-barrio-primero-de-mayo-en-el-marco-de-la-conmemoracion-del-dia-de-la-tierra\\\/#primaryimage\",\"url\":\"https:\\\/\\\/edumas.gov.co\\\/wp-content\\\/uploads\\\/2023\\\/11\\\/El-Edumas-realiza-jornadas-de-sensibilizacion-en-el-barrio-Primero-de-Mayo-en-el-marco-de-la-conmemoracion-del-Dia-de-la-Tierra.png\",\"contentUrl\":\"https:\\\/\\\/edumas.gov.co\\\/wp-content\\\/uploads\\\/2023\\\/11\\\/El-Edumas-realiza-jornadas-de-sensibilizacion-en-el-barrio-Primero-de-Mayo-en-el-marco-de-la-conmemoracion-del-Dia-de-la-Tierra.png\",\"width\":5635,\"height\":3756},{\"@type\":\"BreadcrumbList\",\"@id\":\"https:\\\/\\\/edumas.gov.co\\\/inicio\\\/2023\\\/04\\\/24\\\/el-edumas-realiza-jornadas-de-sensibilizacion-en-el-barrio-primero-de-mayo-en-el-marco-de-la-conmemoracion-del-dia-de-la-tierra\\\/#breadcrumb\",\"itemListElement\":[{\"@type\":\"ListItem\",\"position\":1,\"name\":\"Portada\",\"item\":\"https:\\\/\\\/edumas.gov.co\\\/inicio\\\/\"},{\"@type\":\"ListItem\",\"position\":2,\"name\":\"El Edumas realiza jornadas de sensibilizaci\u00f3n en el barrio Primero de Mayo, en el marco de la conmemoraci\u00f3n del D\u00eda de la Tierra\"}]},{\"@type\":\"WebSite\",\"@id\":\"https:\\\/\\\/edumas.gov.co\\\/inicio\\\/#website\",\"url\":\"https:\\\/\\\/edumas.gov.co\\\/inicio\\\/\",\"name\":\"Edumas\",\"description\":\"Edumas\",\"publisher\":{\"@id\":\"https:\\\/\\\/edumas.gov.co\\\/inicio\\\/#organization\"},\"potentialAction\":[{\"@type\":\"SearchAction\",\"target\":{\"@type\":\"EntryPoint\",\"urlTemplate\":\"https:\\\/\\\/edumas.gov.co\\\/inicio\\\/?s={search_term_string}\"},\"query-input\":{\"@type\":\"PropertyValueSpecification\",\"valueRequired\":true,\"valueName\":\"search_term_string\"}}],\"inLanguage\":\"es\"},{\"@type\":\"Organization\",\"@id\":\"https:\\\/\\\/edumas.gov.co\\\/inicio\\\/#organization\",\"name\":\"Edumas\",\"url\":\"https:\\\/\\\/edumas.gov.co\\\/inicio\\\/\",\"logo\":{\"@type\":\"ImageObject\",\"inLanguage\":\"es\",\"@id\":\"https:\\\/\\\/edumas.gov.co\\\/inicio\\\/#\\\/schema\\\/logo\\\/image\\\/\",\"url\":\"https:\\\/\\\/edumas.gov.co\\\/wp-content\\\/uploads\\\/2024\\\/10\\\/Perfil-Instagram-PhotoRoom.png-PhotoRoom.png\",\"contentUrl\":\"https:\\\/\\\/edumas.gov.co\\\/wp-content\\\/uploads\\\/2024\\\/10\\\/Perfil-Instagram-PhotoRoom.png-PhotoRoom.png\",\"width\":648,\"height\":233,\"caption\":\"Edumas\"},\"image\":{\"@id\":\"https:\\\/\\\/edumas.gov.co\\\/inicio\\\/#\\\/schema\\\/logo\\\/image\\\/\"}},{\"@type\":\"Person\",\"@id\":\"https:\\\/\\\/edumas.gov.co\\\/inicio\\\/#\\\/schema\\\/person\\\/e2e82a662fd06864325b88811079b05a\",\"name\":\"edumas\",\"image\":{\"@type\":\"ImageObject\",\"inLanguage\":\"es\",\"@id\":\"https:\\\/\\\/edumas.gov.co\\\/wp-content\\\/uploads\\\/2025\\\/03\\\/WhatsApp-Image-2025-03-06-at-12.44.58-PM-150x150.jpeg\",\"url\":\"https:\\\/\\\/edumas.gov.co\\\/wp-content\\\/uploads\\\/2025\\\/03\\\/WhatsApp-Image-2025-03-06-at-12.44.58-PM-150x150.jpeg\",\"contentUrl\":\"https:\\\/\\\/edumas.gov.co\\\/wp-content\\\/uploads\\\/2025\\\/03\\\/WhatsApp-Image-2025-03-06-at-12.44.58-PM-150x150.jpeg\",\"caption\":\"edumas\"},\"sameAs\":[\"https:\\\/\\\/test.edumas.gov.co\"],\"url\":\"https:\\\/\\\/edumas.gov.co\\\/inicio\\\/author\\\/edumas\\\/\"}]}<\/script>\n<!-- \/ Yoast SEO plugin. -->","yoast_head_json":{"title":"El Edumas realiza jornadas de sensibilizaci\u00f3n en el barrio Primero de Mayo, en el marco de la conmemoraci\u00f3n del D\u00eda de la Tierra - Edumas","robots":{"index":"index","follow":"follow","max-snippet":"max-snippet:-1","max-image-preview":"max-image-preview:large","max-video-preview":"max-video-preview:-1"},"canonical":"https:\/\/edumas.gov.co\/inicio\/2023\/04\/24\/el-edumas-realiza-jornadas-de-sensibilizacion-en-el-barrio-primero-de-mayo-en-el-marco-de-la-conmemoracion-del-dia-de-la-tierra\/","og_locale":"es_ES","og_type":"article","og_title":"El Edumas realiza jornadas de sensibilizaci\u00f3n en el barrio Primero de Mayo, en el marco de la conmemoraci\u00f3n del D\u00eda de la Tierra - Edumas","og_description":"El Edumas hizo parte de las organizaciones convocadas por Fupad (Fundaci\u00f3n Panamericana para el Desarrollo) para realizar actividades en beneficio del estado ecol\u00f3gico del barrio Primero de Mayo, en el marco de la conmemoraci\u00f3n del D\u00eda de la Tierra, celebrado el s\u00e1bado 22 de abril. Durante la ma\u00f1ana de ese d\u00eda, se realiz\u00f3 una jornada [&hellip;]","og_url":"https:\/\/edumas.gov.co\/inicio\/2023\/04\/24\/el-edumas-realiza-jornadas-de-sensibilizacion-en-el-barrio-primero-de-mayo-en-el-marco-de-la-conmemoracion-del-dia-de-la-tierra\/","og_site_name":"Edumas","article_published_time":"2023-04-24T19:44:00+00:00","article_modified_time":"2023-11-02T20:19:31+00:00","og_image":[{"width":1024,"height":683,"url":"https:\/\/edumas.gov.co\/wp-content\/uploads\/2023\/11\/El-Edumas-realiza-jornadas-de-sensibilizacion-en-el-barrio-Primero-de-Mayo-en-el-marco-de-la-conmemoracion-del-Dia-de-la-Tierra-1024x683.png","type":"image\/png"}],"author":"edumas","twitter_card":"summary_large_image","twitter_misc":{"Escrito por":"edumas","Tiempo de lectura":"1 minuto"},"schema":{"@context":"https:\/\/schema.org","@graph":[{"@type":"Article","@id":"https:\/\/edumas.gov.co\/inicio\/2023\/04\/24\/el-edumas-realiza-jornadas-de-sensibilizacion-en-el-barrio-primero-de-mayo-en-el-marco-de-la-conmemoracion-del-dia-de-la-tierra\/#article","isPartOf":{"@id":"https:\/\/edumas.gov.co\/inicio\/2023\/04\/24\/el-edumas-realiza-jornadas-de-sensibilizacion-en-el-barrio-primero-de-mayo-en-el-marco-de-la-conmemoracion-del-dia-de-la-tierra\/"},"author":{"name":"edumas","@id":"https:\/\/edumas.gov.co\/inicio\/#\/schema\/person\/e2e82a662fd06864325b88811079b05a"},"headline":"El Edumas realiza jornadas de sensibilizaci\u00f3n en el barrio Primero de Mayo, en el marco de la conmemoraci\u00f3n del D\u00eda de la Tierra","datePublished":"2023-04-24T19:44:00+00:00","dateModified":"2023-11-02T20:19:31+00:00","mainEntityOfPage":{"@id":"https:\/\/edumas.gov.co\/inicio\/2023\/04\/24\/el-edumas-realiza-jornadas-de-sensibilizacion-en-el-barrio-primero-de-mayo-en-el-marco-de-la-conmemoracion-del-dia-de-la-tierra\/"},"wordCount":289,"commentCount":0,"publisher":{"@id":"https:\/\/edumas.gov.co\/inicio\/#organization"},"image":{"@id":"https:\/\/edumas.gov.co\/inicio\/2023\/04\/24\/el-edumas-realiza-jornadas-de-sensibilizacion-en-el-barrio-primero-de-mayo-en-el-marco-de-la-conmemoracion-del-dia-de-la-tierra\/#primaryimage"},"thumbnailUrl":"https:\/\/edumas.gov.co\/wp-content\/uploads\/2023\/11\/El-Edumas-realiza-jornadas-de-sensibilizacion-en-el-barrio-Primero-de-Mayo-en-el-marco-de-la-conmemoracion-del-Dia-de-la-Tierra.png","articleSection":["noticias"],"inLanguage":"es","potentialAction":[{"@type":"CommentAction","name":"Comment","target":["https:\/\/edumas.gov.co\/inicio\/2023\/04\/24\/el-edumas-realiza-jornadas-de-sensibilizacion-en-el-barrio-primero-de-mayo-en-el-marco-de-la-conmemoracion-del-dia-de-la-tierra\/#respond"]}]},{"@type":"WebPage","@id":"https:\/\/edumas.gov.co\/inicio\/2023\/04\/24\/el-edumas-realiza-jornadas-de-sensibilizacion-en-el-barrio-primero-de-mayo-en-el-marco-de-la-conmemoracion-del-dia-de-la-tierra\/","url":"https:\/\/edumas.gov.co\/inicio\/2023\/04\/24\/el-edumas-realiza-jornadas-de-sensibilizacion-en-el-barrio-primero-de-mayo-en-el-marco-de-la-conmemoracion-del-dia-de-la-tierra\/","name":"El Edumas realiza jornadas de sensibilizaci\u00f3n en el barrio Primero de Mayo, en el marco de la conmemoraci\u00f3n del D\u00eda de la Tierra - Edumas","isPartOf":{"@id":"https:\/\/edumas.gov.co\/inicio\/#website"},"primaryImageOfPage":{"@id":"https:\/\/edumas.gov.co\/inicio\/2023\/04\/24\/el-edumas-realiza-jornadas-de-sensibilizacion-en-el-barrio-primero-de-mayo-en-el-marco-de-la-conmemoracion-del-dia-de-la-tierra\/#primaryimage"},"image":{"@id":"https:\/\/edumas.gov.co\/inicio\/2023\/04\/24\/el-edumas-realiza-jornadas-de-sensibilizacion-en-el-barrio-primero-de-mayo-en-el-marco-de-la-conmemoracion-del-dia-de-la-tierra\/#primaryimage"},"thumbnailUrl":"https:\/\/edumas.gov.co\/wp-content\/uploads\/2023\/11\/El-Edumas-realiza-jornadas-de-sensibilizacion-en-el-barrio-Primero-de-Mayo-en-el-marco-de-la-conmemoracion-del-Dia-de-la-Tierra.png","datePublished":"2023-04-24T19:44:00+00:00","dateModified":"2023-11-02T20:19:31+00:00","breadcrumb":{"@id":"https:\/\/edumas.gov.co\/inicio\/2023\/04\/24\/el-edumas-realiza-jornadas-de-sensibilizacion-en-el-barrio-primero-de-mayo-en-el-marco-de-la-conmemoracion-del-dia-de-la-tierra\/#breadcrumb"},"inLanguage":"es","potentialAction":[{"@type":"ReadAction","target":["https:\/\/edumas.gov.co\/inicio\/2023\/04\/24\/el-edumas-realiza-jornadas-de-sensibilizacion-en-el-barrio-primero-de-mayo-en-el-marco-de-la-conmemoracion-del-dia-de-la-tierra\/"]}]},{"@type":"ImageObject","inLanguage":"es","@id":"https:\/\/edumas.gov.co\/inicio\/2023\/04\/24\/el-edumas-realiza-jornadas-de-sensibilizacion-en-el-barrio-primero-de-mayo-en-el-marco-de-la-conmemoracion-del-dia-de-la-tierra\/#primaryimage","url":"https:\/\/edumas.gov.co\/wp-content\/uploads\/2023\/11\/El-Edumas-realiza-jornadas-de-sensibilizacion-en-el-barrio-Primero-de-Mayo-en-el-marco-de-la-conmemoracion-del-Dia-de-la-Tierra.png","contentUrl":"https:\/\/edumas.gov.co\/wp-content\/uploads\/2023\/11\/El-Edumas-realiza-jornadas-de-sensibilizacion-en-el-barrio-Primero-de-Mayo-en-el-marco-de-la-conmemoracion-del-Dia-de-la-Tierra.png","width":5635,"height":3756},{"@type":"BreadcrumbList","@id":"https:\/\/edumas.gov.co\/inicio\/2023\/04\/24\/el-edumas-realiza-jornadas-de-sensibilizacion-en-el-barrio-primero-de-mayo-en-el-marco-de-la-conmemoracion-del-dia-de-la-tierra\/#breadcrumb","itemListElement":[{"@type":"ListItem","position":1,"name":"Portada","item":"https:\/\/edumas.gov.co\/inicio\/"},{"@type":"ListItem","position":2,"name":"El Edumas realiza jornadas de sensibilizaci\u00f3n en el barrio Primero de Mayo, en el marco de la conmemoraci\u00f3n del D\u00eda de la Tierra"}]},{"@type":"WebSite","@id":"https:\/\/edumas.gov.co\/inicio\/#website","url":"https:\/\/edumas.gov.co\/inicio\/","name":"Edumas","description":"Edumas","publisher":{"@id":"https:\/\/edumas.gov.co\/inicio\/#organization"},"potentialAction":[{"@type":"SearchAction","target":{"@type":"EntryPoint","urlTemplate":"https:\/\/edumas.gov.co\/inicio\/?s={search_term_string}"},"query-input":{"@type":"PropertyValueSpecification","valueRequired":true,"valueName":"search_term_string"}}],"inLanguage":"es"},{"@type":"Organization","@id":"https:\/\/edumas.gov.co\/inicio\/#organization","name":"Edumas","url":"https:\/\/edumas.gov.co\/inicio\/","logo":{"@type":"ImageObject","inLanguage":"es","@id":"https:\/\/edumas.gov.co\/inicio\/#\/schema\/logo\/image\/","url":"https:\/\/edumas.gov.co\/wp-content\/uploads\/2024\/10\/Perfil-Instagram-PhotoRoom.png-PhotoRoom.png","contentUrl":"https:\/\/edumas.gov.co\/wp-content\/uploads\/2024\/10\/Perfil-Instagram-PhotoRoom.png-PhotoRoom.png","width":648,"height":233,"caption":"Edumas"},"image":{"@id":"https:\/\/edumas.gov.co\/inicio\/#\/schema\/logo\/image\/"}},{"@type":"Person","@id":"https:\/\/edumas.gov.co\/inicio\/#\/schema\/person\/e2e82a662fd06864325b88811079b05a","name":"edumas","image":{"@type":"ImageObject","inLanguage":"es","@id":"https:\/\/edumas.gov.co\/wp-content\/uploads\/2025\/03\/WhatsApp-Image-2025-03-06-at-12.44.58-PM-150x150.jpeg","url":"https:\/\/edumas.gov.co\/wp-content\/uploads\/2025\/03\/WhatsApp-Image-2025-03-06-at-12.44.58-PM-150x150.jpeg","contentUrl":"https:\/\/edumas.gov.co\/wp-content\/uploads\/2025\/03\/WhatsApp-Image-2025-03-06-at-12.44.58-PM-150x150.jpeg","caption":"edumas"},"sameAs":["https:\/\/test.edumas.gov.co"],"url":"https:\/\/edumas.gov.co\/inicio\/author\/edumas\/"}]}},"_links":{"self":[{"href":"https:\/\/edumas.gov.co\/inicio\/wp-json\/wp\/v2\/posts\/1478","targetHints":{"allow":["GET"]}}],"collection":[{"href":"https:\/\/edumas.gov.co\/inicio\/wp-json\/wp\/v2\/posts"}],"about":[{"href":"https:\/\/edumas.gov.co\/inicio\/wp-json\/wp\/v2\/types\/post"}],"author":[{"embeddable":true,"href":"https:\/\/edumas.gov.co\/inicio\/wp-json\/wp\/v2\/users\/1"}],"replies":[{"embeddable":true,"href":"https:\/\/edumas.gov.co\/inicio\/wp-json\/wp\/v2\/comments?post=1478"}],"version-history":[{"count":1,"href":"https:\/\/edumas.gov.co\/inicio\/wp-json\/wp\/v2\/posts\/1478\/revisions"}],"predecessor-version":[{"id":1480,"href":"https:\/\/edumas.gov.co\/inicio\/wp-json\/wp\/v2\/posts\/1478\/revisions\/1480"}],"wp:featuredmedia":[{"embeddable":true,"href":"https:\/\/edumas.gov.co\/inicio\/wp-json\/wp\/v2\/media\/1479"}],"wp:attachment":[{"href":"https:\/\/edumas.gov.co\/inicio\/wp-json\/wp\/v2\/media?parent=1478"}],"wp:term":[{"taxonomy":"category","embeddable":true,"href":"https:\/\/edumas.gov.co\/inicio\/wp-json\/wp\/v2\/categories?post=1478"},{"taxonomy":"post_tag","embeddable":true,"href":"https:\/\/edumas.gov.co\/inicio\/wp-json\/wp\/v2\/tags?post=1478"}],"curies":[{"name":"wp","href":"https:\/\/api.w.org\/{rel}","templated":true}]}}