{"id":1484,"date":"2023-05-03T20:22:00","date_gmt":"2023-05-03T20:22:00","guid":{"rendered":"https:\/\/test.edumas.gov.co\/?p=1484"},"modified":"2023-11-02T20:42:36","modified_gmt":"2023-11-02T20:42:36","slug":"dia-del-arbol-con-siembras-en-el-barrio-los-robles","status":"publish","type":"post","link":"https:\/\/edumas.gov.co\/inicio\/2023\/05\/03\/dia-del-arbol-con-siembras-en-el-barrio-los-robles\/","title":{"rendered":"D\u00eda del \u00c1rbol con siembras en el barrio Los Robles"},"content":{"rendered":"\n<p class=\"wp-block-paragraph\">El Edumas, junto con ni\u00f1os y j\u00f3venes de la Polic\u00eda C\u00edvica juvenil, realiz\u00f3 la siembra de once \u00e1rboles de las especies Neem, Roble y Totumo en el barrio Los Robles de Soledad, con el objeto de conmemorar y festejar, principalmente, el D\u00eda Mundial del \u00c1rbol y, de manera paralela, el D\u00eda del Ni\u00f1o.<\/p>\n\n\n\n<p class=\"wp-block-paragraph\">Las contribuciones a la arborizaci\u00f3n de Soledad, en lo que va corrido del a\u00f1o, consisten en 22 jornadas de siembras o donaciones de \u00e1rboles a la comunidad, resultando de dichas actividades, un total de 247 \u00e1rboles sembrados.<\/p>\n\n\n\n<figure class=\"wp-block-gallery has-nested-images columns-default is-cropped wp-block-gallery-1 is-layout-flex wp-block-gallery-is-layout-flex\">\n<figure class=\"wp-block-image size-large\"><img fetchpriority=\"high\" decoding=\"async\" width=\"1024\" height=\"768\" data-id=\"1489\" src=\"https:\/\/test.edumas.gov.co\/wp-content\/uploads\/2023\/11\/DiaArbol-1.jpeg\" alt=\"\" class=\"wp-image-1489\" srcset=\"https:\/\/edumas.gov.co\/wp-content\/uploads\/2023\/11\/DiaArbol-1.jpeg 1024w, https:\/\/edumas.gov.co\/wp-content\/uploads\/2023\/11\/DiaArbol-1-300x225.jpeg 300w, https:\/\/edumas.gov.co\/wp-content\/uploads\/2023\/11\/DiaArbol-1-768x576.jpeg 768w\" sizes=\"(max-width: 1024px) 100vw, 1024px\" \/><\/figure>\n\n\n\n<figure class=\"wp-block-image size-large\"><img decoding=\"async\" width=\"1024\" height=\"768\" data-id=\"1488\" src=\"https:\/\/test.edumas.gov.co\/wp-content\/uploads\/2023\/11\/WhatsApp-Image-2023-04-29-at-10.23.55-AM-2.jpeg\" alt=\"\" class=\"wp-image-1488\" srcset=\"https:\/\/edumas.gov.co\/wp-content\/uploads\/2023\/11\/WhatsApp-Image-2023-04-29-at-10.23.55-AM-2.jpeg 1024w, https:\/\/edumas.gov.co\/wp-content\/uploads\/2023\/11\/WhatsApp-Image-2023-04-29-at-10.23.55-AM-2-300x225.jpeg 300w, https:\/\/edumas.gov.co\/wp-content\/uploads\/2023\/11\/WhatsApp-Image-2023-04-29-at-10.23.55-AM-2-768x576.jpeg 768w\" sizes=\"(max-width: 1024px) 100vw, 1024px\" \/><\/figure>\n\n\n\n<figure class=\"wp-block-image size-large\"><img decoding=\"async\" width=\"1024\" height=\"768\" data-id=\"1490\" src=\"https:\/\/test.edumas.gov.co\/wp-content\/uploads\/2023\/11\/WhatsApp-Image-2023-04-29-at-10.24.56-AM-1.jpeg\" alt=\"\" class=\"wp-image-1490\" srcset=\"https:\/\/edumas.gov.co\/wp-content\/uploads\/2023\/11\/WhatsApp-Image-2023-04-29-at-10.24.56-AM-1.jpeg 1024w, https:\/\/edumas.gov.co\/wp-content\/uploads\/2023\/11\/WhatsApp-Image-2023-04-29-at-10.24.56-AM-1-300x225.jpeg 300w, https:\/\/edumas.gov.co\/wp-content\/uploads\/2023\/11\/WhatsApp-Image-2023-04-29-at-10.24.56-AM-1-768x576.jpeg 768w\" sizes=\"(max-width: 1024px) 100vw, 1024px\" \/><\/figure>\n<\/figure>\n\n\n\n<p class=\"wp-block-paragraph\">El Edumas busca con este tipo de actividades resaltar la importancia del papel que juegan los \u00e1rboles para nuestro municipio y empoderar a la comunidad solede\u00f1a a la siembra en sus zonas de residencia, y a los ni\u00f1os a que tomen conciencia sobre su futuro y la importancia de ellos para su bienestar y el de los otros en el futuro.<\/p>\n\n\n\n<figure class=\"wp-block-gallery has-nested-images columns-default is-cropped wp-block-gallery-2 is-layout-flex wp-block-gallery-is-layout-flex\">\n<figure class=\"wp-block-image size-large\"><img loading=\"lazy\" decoding=\"async\" width=\"768\" height=\"1024\" data-id=\"1492\" src=\"https:\/\/test.edumas.gov.co\/wp-content\/uploads\/2023\/11\/WhatsApp-Image-2023-04-29-at-10.23.54-AM-5.jpeg\" alt=\"\" class=\"wp-image-1492\" srcset=\"https:\/\/edumas.gov.co\/wp-content\/uploads\/2023\/11\/WhatsApp-Image-2023-04-29-at-10.23.54-AM-5.jpeg 768w, https:\/\/edumas.gov.co\/wp-content\/uploads\/2023\/11\/WhatsApp-Image-2023-04-29-at-10.23.54-AM-5-225x300.jpeg 225w\" sizes=\"(max-width: 768px) 100vw, 768px\" \/><\/figure>\n\n\n\n<figure class=\"wp-block-image size-large\"><img loading=\"lazy\" decoding=\"async\" width=\"768\" height=\"1024\" data-id=\"1493\" src=\"https:\/\/test.edumas.gov.co\/wp-content\/uploads\/2023\/11\/WhatsApp-Image-2023-04-29-at-10.23.54-AM-7.jpeg\" alt=\"\" class=\"wp-image-1493\" srcset=\"https:\/\/edumas.gov.co\/wp-content\/uploads\/2023\/11\/WhatsApp-Image-2023-04-29-at-10.23.54-AM-7.jpeg 768w, https:\/\/edumas.gov.co\/wp-content\/uploads\/2023\/11\/WhatsApp-Image-2023-04-29-at-10.23.54-AM-7-225x300.jpeg 225w\" sizes=\"(max-width: 768px) 100vw, 768px\" \/><\/figure>\n\n\n\n<figure class=\"wp-block-image size-large\"><img loading=\"lazy\" decoding=\"async\" width=\"768\" height=\"1024\" data-id=\"1491\" src=\"https:\/\/test.edumas.gov.co\/wp-content\/uploads\/2023\/11\/WhatsApp-Image-2023-04-29-at-10.23.55-AM-3.jpeg\" alt=\"\" class=\"wp-image-1491\" srcset=\"https:\/\/edumas.gov.co\/wp-content\/uploads\/2023\/11\/WhatsApp-Image-2023-04-29-at-10.23.55-AM-3.jpeg 768w, https:\/\/edumas.gov.co\/wp-content\/uploads\/2023\/11\/WhatsApp-Image-2023-04-29-at-10.23.55-AM-3-225x300.jpeg 225w\" sizes=\"(max-width: 768px) 100vw, 768px\" \/><\/figure>\n\n\n\n<figure class=\"wp-block-image size-large\"><img loading=\"lazy\" decoding=\"async\" width=\"768\" height=\"1024\" data-id=\"1495\" src=\"https:\/\/test.edumas.gov.co\/wp-content\/uploads\/2023\/11\/WhatsApp-Image-2023-04-29-at-10.23.55-AM-5.jpeg\" alt=\"\" class=\"wp-image-1495\" srcset=\"https:\/\/edumas.gov.co\/wp-content\/uploads\/2023\/11\/WhatsApp-Image-2023-04-29-at-10.23.55-AM-5.jpeg 768w, https:\/\/edumas.gov.co\/wp-content\/uploads\/2023\/11\/WhatsApp-Image-2023-04-29-at-10.23.55-AM-5-225x300.jpeg 225w\" sizes=\"(max-width: 768px) 100vw, 768px\" \/><\/figure>\n\n\n\n<figure class=\"wp-block-image size-large\"><img loading=\"lazy\" decoding=\"async\" width=\"768\" height=\"1024\" data-id=\"1494\" src=\"https:\/\/test.edumas.gov.co\/wp-content\/uploads\/2023\/11\/WhatsApp-Image-2023-04-29-at-10.23.55-AM-7.jpeg\" alt=\"\" class=\"wp-image-1494\" srcset=\"https:\/\/edumas.gov.co\/wp-content\/uploads\/2023\/11\/WhatsApp-Image-2023-04-29-at-10.23.55-AM-7.jpeg 768w, https:\/\/edumas.gov.co\/wp-content\/uploads\/2023\/11\/WhatsApp-Image-2023-04-29-at-10.23.55-AM-7-225x300.jpeg 225w\" sizes=\"(max-width: 768px) 100vw, 768px\" \/><\/figure>\n<\/figure>\n","protected":false},"excerpt":{"rendered":"<p>El Edumas, junto con ni\u00f1os y j\u00f3venes de la Polic\u00eda C\u00edvica juvenil, realiz\u00f3 la siembra de once \u00e1rboles de las especies Neem, Roble y Totumo en el barrio Los Robles de Soledad, con el objeto de conmemorar y festejar, principalmente, el D\u00eda Mundial del \u00c1rbol y, de manera paralela, el D\u00eda del Ni\u00f1o. Las contribuciones [&hellip;]<\/p>\n","protected":false},"author":1,"featured_media":1487,"comment_status":"open","ping_status":"open","sticky":false,"template":"","format":"standard","meta":{"footnotes":""},"categories":[26],"tags":[],"class_list":["post-1484","post","type-post","status-publish","format-standard","has-post-thumbnail","hentry","category-noticias"],"yoast_head":"<!-- This site is optimized with the Yoast SEO plugin v27.4 - https:\/\/yoast.com\/product\/yoast-seo-wordpress\/ -->\n<title>D\u00eda del \u00c1rbol con siembras en el barrio Los Robles - Edumas<\/title>\n<meta name=\"robots\" content=\"index, follow, max-snippet:-1, max-image-preview:large, max-video-preview:-1\" \/>\n<link rel=\"canonical\" href=\"https:\/\/edumas.gov.co\/inicio\/2023\/05\/03\/dia-del-arbol-con-siembras-en-el-barrio-los-robles\/\" \/>\n<meta property=\"og:locale\" content=\"es_ES\" \/>\n<meta property=\"og:type\" content=\"article\" \/>\n<meta property=\"og:title\" content=\"D\u00eda del \u00c1rbol con siembras en el barrio Los Robles - Edumas\" \/>\n<meta property=\"og:description\" content=\"El Edumas, junto con ni\u00f1os y j\u00f3venes de la Polic\u00eda C\u00edvica juvenil, realiz\u00f3 la siembra de once \u00e1rboles de las especies Neem, Roble y Totumo en el barrio Los Robles de Soledad, con el objeto de conmemorar y festejar, principalmente, el D\u00eda Mundial del \u00c1rbol y, de manera paralela, el D\u00eda del Ni\u00f1o. Las contribuciones [&hellip;]\" \/>\n<meta property=\"og:url\" content=\"https:\/\/edumas.gov.co\/inicio\/2023\/05\/03\/dia-del-arbol-con-siembras-en-el-barrio-los-robles\/\" \/>\n<meta property=\"og:site_name\" content=\"Edumas\" \/>\n<meta property=\"article:published_time\" content=\"2023-05-03T20:22:00+00:00\" \/>\n<meta property=\"article:modified_time\" content=\"2023-11-02T20:42:36+00:00\" \/>\n<meta property=\"og:image\" content=\"https:\/\/edumas.gov.co\/wp-content\/uploads\/2023\/11\/DiaArbol-3.jpeg\" \/>\n\t<meta property=\"og:image:width\" content=\"1024\" \/>\n\t<meta property=\"og:image:height\" content=\"768\" \/>\n\t<meta property=\"og:image:type\" content=\"image\/jpeg\" \/>\n<meta name=\"author\" content=\"edumas\" \/>\n<meta name=\"twitter:card\" content=\"summary_large_image\" \/>\n<meta name=\"twitter:label1\" content=\"Escrito por\" \/>\n\t<meta name=\"twitter:data1\" content=\"edumas\" \/>\n\t<meta name=\"twitter:label2\" content=\"Tiempo de lectura\" \/>\n\t<meta name=\"twitter:data2\" content=\"1 minuto\" \/>\n<script type=\"application\/ld+json\" class=\"yoast-schema-graph\">{\"@context\":\"https:\\\/\\\/schema.org\",\"@graph\":[{\"@type\":\"Article\",\"@id\":\"https:\\\/\\\/edumas.gov.co\\\/inicio\\\/2023\\\/05\\\/03\\\/dia-del-arbol-con-siembras-en-el-barrio-los-robles\\\/#article\",\"isPartOf\":{\"@id\":\"https:\\\/\\\/edumas.gov.co\\\/inicio\\\/2023\\\/05\\\/03\\\/dia-del-arbol-con-siembras-en-el-barrio-los-robles\\\/\"},\"author\":{\"name\":\"edumas\",\"@id\":\"https:\\\/\\\/edumas.gov.co\\\/inicio\\\/#\\\/schema\\\/person\\\/e2e82a662fd06864325b88811079b05a\"},\"headline\":\"D\u00eda del \u00c1rbol con siembras en el barrio Los Robles\",\"datePublished\":\"2023-05-03T20:22:00+00:00\",\"dateModified\":\"2023-11-02T20:42:36+00:00\",\"mainEntityOfPage\":{\"@id\":\"https:\\\/\\\/edumas.gov.co\\\/inicio\\\/2023\\\/05\\\/03\\\/dia-del-arbol-con-siembras-en-el-barrio-los-robles\\\/\"},\"wordCount\":171,\"commentCount\":0,\"publisher\":{\"@id\":\"https:\\\/\\\/edumas.gov.co\\\/inicio\\\/#organization\"},\"image\":{\"@id\":\"https:\\\/\\\/edumas.gov.co\\\/inicio\\\/2023\\\/05\\\/03\\\/dia-del-arbol-con-siembras-en-el-barrio-los-robles\\\/#primaryimage\"},\"thumbnailUrl\":\"https:\\\/\\\/edumas.gov.co\\\/wp-content\\\/uploads\\\/2023\\\/11\\\/DiaArbol-3.jpeg\",\"articleSection\":[\"noticias\"],\"inLanguage\":\"es\",\"potentialAction\":[{\"@type\":\"CommentAction\",\"name\":\"Comment\",\"target\":[\"https:\\\/\\\/edumas.gov.co\\\/inicio\\\/2023\\\/05\\\/03\\\/dia-del-arbol-con-siembras-en-el-barrio-los-robles\\\/#respond\"]}]},{\"@type\":\"WebPage\",\"@id\":\"https:\\\/\\\/edumas.gov.co\\\/inicio\\\/2023\\\/05\\\/03\\\/dia-del-arbol-con-siembras-en-el-barrio-los-robles\\\/\",\"url\":\"https:\\\/\\\/edumas.gov.co\\\/inicio\\\/2023\\\/05\\\/03\\\/dia-del-arbol-con-siembras-en-el-barrio-los-robles\\\/\",\"name\":\"D\u00eda del \u00c1rbol con siembras en el barrio Los Robles - Edumas\",\"isPartOf\":{\"@id\":\"https:\\\/\\\/edumas.gov.co\\\/inicio\\\/#website\"},\"primaryImageOfPage\":{\"@id\":\"https:\\\/\\\/edumas.gov.co\\\/inicio\\\/2023\\\/05\\\/03\\\/dia-del-arbol-con-siembras-en-el-barrio-los-robles\\\/#primaryimage\"},\"image\":{\"@id\":\"https:\\\/\\\/edumas.gov.co\\\/inicio\\\/2023\\\/05\\\/03\\\/dia-del-arbol-con-siembras-en-el-barrio-los-robles\\\/#primaryimage\"},\"thumbnailUrl\":\"https:\\\/\\\/edumas.gov.co\\\/wp-content\\\/uploads\\\/2023\\\/11\\\/DiaArbol-3.jpeg\",\"datePublished\":\"2023-05-03T20:22:00+00:00\",\"dateModified\":\"2023-11-02T20:42:36+00:00\",\"breadcrumb\":{\"@id\":\"https:\\\/\\\/edumas.gov.co\\\/inicio\\\/2023\\\/05\\\/03\\\/dia-del-arbol-con-siembras-en-el-barrio-los-robles\\\/#breadcrumb\"},\"inLanguage\":\"es\",\"potentialAction\":[{\"@type\":\"ReadAction\",\"target\":[\"https:\\\/\\\/edumas.gov.co\\\/inicio\\\/2023\\\/05\\\/03\\\/dia-del-arbol-con-siembras-en-el-barrio-los-robles\\\/\"]}]},{\"@type\":\"ImageObject\",\"inLanguage\":\"es\",\"@id\":\"https:\\\/\\\/edumas.gov.co\\\/inicio\\\/2023\\\/05\\\/03\\\/dia-del-arbol-con-siembras-en-el-barrio-los-robles\\\/#primaryimage\",\"url\":\"https:\\\/\\\/edumas.gov.co\\\/wp-content\\\/uploads\\\/2023\\\/11\\\/DiaArbol-3.jpeg\",\"contentUrl\":\"https:\\\/\\\/edumas.gov.co\\\/wp-content\\\/uploads\\\/2023\\\/11\\\/DiaArbol-3.jpeg\",\"width\":1024,\"height\":768},{\"@type\":\"BreadcrumbList\",\"@id\":\"https:\\\/\\\/edumas.gov.co\\\/inicio\\\/2023\\\/05\\\/03\\\/dia-del-arbol-con-siembras-en-el-barrio-los-robles\\\/#breadcrumb\",\"itemListElement\":[{\"@type\":\"ListItem\",\"position\":1,\"name\":\"Portada\",\"item\":\"https:\\\/\\\/edumas.gov.co\\\/inicio\\\/\"},{\"@type\":\"ListItem\",\"position\":2,\"name\":\"D\u00eda del \u00c1rbol con siembras en el barrio Los Robles\"}]},{\"@type\":\"WebSite\",\"@id\":\"https:\\\/\\\/edumas.gov.co\\\/inicio\\\/#website\",\"url\":\"https:\\\/\\\/edumas.gov.co\\\/inicio\\\/\",\"name\":\"Edumas\",\"description\":\"Edumas\",\"publisher\":{\"@id\":\"https:\\\/\\\/edumas.gov.co\\\/inicio\\\/#organization\"},\"potentialAction\":[{\"@type\":\"SearchAction\",\"target\":{\"@type\":\"EntryPoint\",\"urlTemplate\":\"https:\\\/\\\/edumas.gov.co\\\/inicio\\\/?s={search_term_string}\"},\"query-input\":{\"@type\":\"PropertyValueSpecification\",\"valueRequired\":true,\"valueName\":\"search_term_string\"}}],\"inLanguage\":\"es\"},{\"@type\":\"Organization\",\"@id\":\"https:\\\/\\\/edumas.gov.co\\\/inicio\\\/#organization\",\"name\":\"Edumas\",\"url\":\"https:\\\/\\\/edumas.gov.co\\\/inicio\\\/\",\"logo\":{\"@type\":\"ImageObject\",\"inLanguage\":\"es\",\"@id\":\"https:\\\/\\\/edumas.gov.co\\\/inicio\\\/#\\\/schema\\\/logo\\\/image\\\/\",\"url\":\"https:\\\/\\\/edumas.gov.co\\\/wp-content\\\/uploads\\\/2024\\\/10\\\/Perfil-Instagram-PhotoRoom.png-PhotoRoom.png\",\"contentUrl\":\"https:\\\/\\\/edumas.gov.co\\\/wp-content\\\/uploads\\\/2024\\\/10\\\/Perfil-Instagram-PhotoRoom.png-PhotoRoom.png\",\"width\":648,\"height\":233,\"caption\":\"Edumas\"},\"image\":{\"@id\":\"https:\\\/\\\/edumas.gov.co\\\/inicio\\\/#\\\/schema\\\/logo\\\/image\\\/\"}},{\"@type\":\"Person\",\"@id\":\"https:\\\/\\\/edumas.gov.co\\\/inicio\\\/#\\\/schema\\\/person\\\/e2e82a662fd06864325b88811079b05a\",\"name\":\"edumas\",\"image\":{\"@type\":\"ImageObject\",\"inLanguage\":\"es\",\"@id\":\"https:\\\/\\\/edumas.gov.co\\\/wp-content\\\/uploads\\\/2025\\\/03\\\/WhatsApp-Image-2025-03-06-at-12.44.58-PM-150x150.jpeg\",\"url\":\"https:\\\/\\\/edumas.gov.co\\\/wp-content\\\/uploads\\\/2025\\\/03\\\/WhatsApp-Image-2025-03-06-at-12.44.58-PM-150x150.jpeg\",\"contentUrl\":\"https:\\\/\\\/edumas.gov.co\\\/wp-content\\\/uploads\\\/2025\\\/03\\\/WhatsApp-Image-2025-03-06-at-12.44.58-PM-150x150.jpeg\",\"caption\":\"edumas\"},\"sameAs\":[\"https:\\\/\\\/test.edumas.gov.co\"],\"url\":\"https:\\\/\\\/edumas.gov.co\\\/inicio\\\/author\\\/edumas\\\/\"}]}<\/script>\n<!-- \/ Yoast SEO plugin. -->","yoast_head_json":{"title":"D\u00eda del \u00c1rbol con siembras en el barrio Los Robles - Edumas","robots":{"index":"index","follow":"follow","max-snippet":"max-snippet:-1","max-image-preview":"max-image-preview:large","max-video-preview":"max-video-preview:-1"},"canonical":"https:\/\/edumas.gov.co\/inicio\/2023\/05\/03\/dia-del-arbol-con-siembras-en-el-barrio-los-robles\/","og_locale":"es_ES","og_type":"article","og_title":"D\u00eda del \u00c1rbol con siembras en el barrio Los Robles - Edumas","og_description":"El Edumas, junto con ni\u00f1os y j\u00f3venes de la Polic\u00eda C\u00edvica juvenil, realiz\u00f3 la siembra de once \u00e1rboles de las especies Neem, Roble y Totumo en el barrio Los Robles de Soledad, con el objeto de conmemorar y festejar, principalmente, el D\u00eda Mundial del \u00c1rbol y, de manera paralela, el D\u00eda del Ni\u00f1o. Las contribuciones [&hellip;]","og_url":"https:\/\/edumas.gov.co\/inicio\/2023\/05\/03\/dia-del-arbol-con-siembras-en-el-barrio-los-robles\/","og_site_name":"Edumas","article_published_time":"2023-05-03T20:22:00+00:00","article_modified_time":"2023-11-02T20:42:36+00:00","og_image":[{"width":1024,"height":768,"url":"https:\/\/edumas.gov.co\/wp-content\/uploads\/2023\/11\/DiaArbol-3.jpeg","type":"image\/jpeg"}],"author":"edumas","twitter_card":"summary_large_image","twitter_misc":{"Escrito por":"edumas","Tiempo de lectura":"1 minuto"},"schema":{"@context":"https:\/\/schema.org","@graph":[{"@type":"Article","@id":"https:\/\/edumas.gov.co\/inicio\/2023\/05\/03\/dia-del-arbol-con-siembras-en-el-barrio-los-robles\/#article","isPartOf":{"@id":"https:\/\/edumas.gov.co\/inicio\/2023\/05\/03\/dia-del-arbol-con-siembras-en-el-barrio-los-robles\/"},"author":{"name":"edumas","@id":"https:\/\/edumas.gov.co\/inicio\/#\/schema\/person\/e2e82a662fd06864325b88811079b05a"},"headline":"D\u00eda del \u00c1rbol con siembras en el barrio Los Robles","datePublished":"2023-05-03T20:22:00+00:00","dateModified":"2023-11-02T20:42:36+00:00","mainEntityOfPage":{"@id":"https:\/\/edumas.gov.co\/inicio\/2023\/05\/03\/dia-del-arbol-con-siembras-en-el-barrio-los-robles\/"},"wordCount":171,"commentCount":0,"publisher":{"@id":"https:\/\/edumas.gov.co\/inicio\/#organization"},"image":{"@id":"https:\/\/edumas.gov.co\/inicio\/2023\/05\/03\/dia-del-arbol-con-siembras-en-el-barrio-los-robles\/#primaryimage"},"thumbnailUrl":"https:\/\/edumas.gov.co\/wp-content\/uploads\/2023\/11\/DiaArbol-3.jpeg","articleSection":["noticias"],"inLanguage":"es","potentialAction":[{"@type":"CommentAction","name":"Comment","target":["https:\/\/edumas.gov.co\/inicio\/2023\/05\/03\/dia-del-arbol-con-siembras-en-el-barrio-los-robles\/#respond"]}]},{"@type":"WebPage","@id":"https:\/\/edumas.gov.co\/inicio\/2023\/05\/03\/dia-del-arbol-con-siembras-en-el-barrio-los-robles\/","url":"https:\/\/edumas.gov.co\/inicio\/2023\/05\/03\/dia-del-arbol-con-siembras-en-el-barrio-los-robles\/","name":"D\u00eda del \u00c1rbol con siembras en el barrio Los Robles - Edumas","isPartOf":{"@id":"https:\/\/edumas.gov.co\/inicio\/#website"},"primaryImageOfPage":{"@id":"https:\/\/edumas.gov.co\/inicio\/2023\/05\/03\/dia-del-arbol-con-siembras-en-el-barrio-los-robles\/#primaryimage"},"image":{"@id":"https:\/\/edumas.gov.co\/inicio\/2023\/05\/03\/dia-del-arbol-con-siembras-en-el-barrio-los-robles\/#primaryimage"},"thumbnailUrl":"https:\/\/edumas.gov.co\/wp-content\/uploads\/2023\/11\/DiaArbol-3.jpeg","datePublished":"2023-05-03T20:22:00+00:00","dateModified":"2023-11-02T20:42:36+00:00","breadcrumb":{"@id":"https:\/\/edumas.gov.co\/inicio\/2023\/05\/03\/dia-del-arbol-con-siembras-en-el-barrio-los-robles\/#breadcrumb"},"inLanguage":"es","potentialAction":[{"@type":"ReadAction","target":["https:\/\/edumas.gov.co\/inicio\/2023\/05\/03\/dia-del-arbol-con-siembras-en-el-barrio-los-robles\/"]}]},{"@type":"ImageObject","inLanguage":"es","@id":"https:\/\/edumas.gov.co\/inicio\/2023\/05\/03\/dia-del-arbol-con-siembras-en-el-barrio-los-robles\/#primaryimage","url":"https:\/\/edumas.gov.co\/wp-content\/uploads\/2023\/11\/DiaArbol-3.jpeg","contentUrl":"https:\/\/edumas.gov.co\/wp-content\/uploads\/2023\/11\/DiaArbol-3.jpeg","width":1024,"height":768},{"@type":"BreadcrumbList","@id":"https:\/\/edumas.gov.co\/inicio\/2023\/05\/03\/dia-del-arbol-con-siembras-en-el-barrio-los-robles\/#breadcrumb","itemListElement":[{"@type":"ListItem","position":1,"name":"Portada","item":"https:\/\/edumas.gov.co\/inicio\/"},{"@type":"ListItem","position":2,"name":"D\u00eda del \u00c1rbol con siembras en el barrio Los Robles"}]},{"@type":"WebSite","@id":"https:\/\/edumas.gov.co\/inicio\/#website","url":"https:\/\/edumas.gov.co\/inicio\/","name":"Edumas","description":"Edumas","publisher":{"@id":"https:\/\/edumas.gov.co\/inicio\/#organization"},"potentialAction":[{"@type":"SearchAction","target":{"@type":"EntryPoint","urlTemplate":"https:\/\/edumas.gov.co\/inicio\/?s={search_term_string}"},"query-input":{"@type":"PropertyValueSpecification","valueRequired":true,"valueName":"search_term_string"}}],"inLanguage":"es"},{"@type":"Organization","@id":"https:\/\/edumas.gov.co\/inicio\/#organization","name":"Edumas","url":"https:\/\/edumas.gov.co\/inicio\/","logo":{"@type":"ImageObject","inLanguage":"es","@id":"https:\/\/edumas.gov.co\/inicio\/#\/schema\/logo\/image\/","url":"https:\/\/edumas.gov.co\/wp-content\/uploads\/2024\/10\/Perfil-Instagram-PhotoRoom.png-PhotoRoom.png","contentUrl":"https:\/\/edumas.gov.co\/wp-content\/uploads\/2024\/10\/Perfil-Instagram-PhotoRoom.png-PhotoRoom.png","width":648,"height":233,"caption":"Edumas"},"image":{"@id":"https:\/\/edumas.gov.co\/inicio\/#\/schema\/logo\/image\/"}},{"@type":"Person","@id":"https:\/\/edumas.gov.co\/inicio\/#\/schema\/person\/e2e82a662fd06864325b88811079b05a","name":"edumas","image":{"@type":"ImageObject","inLanguage":"es","@id":"https:\/\/edumas.gov.co\/wp-content\/uploads\/2025\/03\/WhatsApp-Image-2025-03-06-at-12.44.58-PM-150x150.jpeg","url":"https:\/\/edumas.gov.co\/wp-content\/uploads\/2025\/03\/WhatsApp-Image-2025-03-06-at-12.44.58-PM-150x150.jpeg","contentUrl":"https:\/\/edumas.gov.co\/wp-content\/uploads\/2025\/03\/WhatsApp-Image-2025-03-06-at-12.44.58-PM-150x150.jpeg","caption":"edumas"},"sameAs":["https:\/\/test.edumas.gov.co"],"url":"https:\/\/edumas.gov.co\/inicio\/author\/edumas\/"}]}},"_links":{"self":[{"href":"https:\/\/edumas.gov.co\/inicio\/wp-json\/wp\/v2\/posts\/1484","targetHints":{"allow":["GET"]}}],"collection":[{"href":"https:\/\/edumas.gov.co\/inicio\/wp-json\/wp\/v2\/posts"}],"about":[{"href":"https:\/\/edumas.gov.co\/inicio\/wp-json\/wp\/v2\/types\/post"}],"author":[{"embeddable":true,"href":"https:\/\/edumas.gov.co\/inicio\/wp-json\/wp\/v2\/users\/1"}],"replies":[{"embeddable":true,"href":"https:\/\/edumas.gov.co\/inicio\/wp-json\/wp\/v2\/comments?post=1484"}],"version-history":[{"count":1,"href":"https:\/\/edumas.gov.co\/inicio\/wp-json\/wp\/v2\/posts\/1484\/revisions"}],"predecessor-version":[{"id":1496,"href":"https:\/\/edumas.gov.co\/inicio\/wp-json\/wp\/v2\/posts\/1484\/revisions\/1496"}],"wp:featuredmedia":[{"embeddable":true,"href":"https:\/\/edumas.gov.co\/inicio\/wp-json\/wp\/v2\/media\/1487"}],"wp:attachment":[{"href":"https:\/\/edumas.gov.co\/inicio\/wp-json\/wp\/v2\/media?parent=1484"}],"wp:term":[{"taxonomy":"category","embeddable":true,"href":"https:\/\/edumas.gov.co\/inicio\/wp-json\/wp\/v2\/categories?post=1484"},{"taxonomy":"post_tag","embeddable":true,"href":"https:\/\/edumas.gov.co\/inicio\/wp-json\/wp\/v2\/tags?post=1484"}],"curies":[{"name":"wp","href":"https:\/\/api.w.org\/{rel}","templated":true}]}}