{"id":1509,"date":"2023-05-12T13:41:00","date_gmt":"2023-05-12T13:41:00","guid":{"rendered":"https:\/\/test.edumas.gov.co\/?p=1509"},"modified":"2023-11-10T13:49:49","modified_gmt":"2023-11-10T13:49:49","slug":"sensibilizacion-ambiental-ante-hundimiento-en-tramo-del-arroyo-el-salao-en-el-barrio-normandia","status":"publish","type":"post","link":"https:\/\/edumas.gov.co\/inicio\/2023\/05\/12\/sensibilizacion-ambiental-ante-hundimiento-en-tramo-del-arroyo-el-salao-en-el-barrio-normandia\/","title":{"rendered":"Sensibilizaci\u00f3n ambiental ante hundimiento en tramo del arroyo El Salao en el barrio Normand\u00eda"},"content":{"rendered":"\n<p class=\"wp-block-paragraph\">En el\u00a0 marco de su programa de sensibilizaciones, el Edumas tuvo el d\u00eda de hoy un acercamiento a la comunidad del barrio Normand\u00eda para realizar una sensibilizaci\u00f3n y concienciaci\u00f3n contra el arrojo de residuos s\u00f3lidos a los arroyos y prevenir a la comunidad de los riesgos que est\u00e1 representando esta pr\u00e1ctica indebida en el tramo de arroyo que atraviesa este barrio.<\/p>\n\n\n\n<p class=\"wp-block-paragraph\">A ra\u00edz del constante deterioro natural del canal de un tramo del arroyo El Salao, ubicado en la carrera 15E con 47, barrio Normand\u00eda, se ha generado la formaci\u00f3n de un socav\u00f3n o gran hundimiento, en el cual se est\u00e1n acumulando las basuras que algunas personas, de manera indiscriminada, arrojan en este punto cr\u00edtico. Sumado a esto, debido a la temporada de lluvias, esta acumulaci\u00f3n de basuras que impide el paso del agua produce su desbordamiento y un efecto remolino que ha causado tambi\u00e9n el desplome de algunos \u00e1rboles.<\/p>\n\n\n\n<p class=\"wp-block-paragraph\">Desde el Edumas insistimos a la comunidad que es importante realizar una correcta disposici\u00f3n de los residuos y de ninguna manera arrojarlos a los caudales de los arroyos, y as\u00ed evitar estas y otras infortunadas consecuencias<\/p>\n","protected":false},"excerpt":{"rendered":"<p>En el\u00a0 marco de su programa de sensibilizaciones, el Edumas tuvo el d\u00eda de hoy un acercamiento a la comunidad del barrio Normand\u00eda para realizar una sensibilizaci\u00f3n y concienciaci\u00f3n contra el arrojo de residuos s\u00f3lidos a los arroyos y prevenir a la comunidad de los riesgos que est\u00e1 representando esta pr\u00e1ctica indebida en el tramo [&hellip;]<\/p>\n","protected":false},"author":1,"featured_media":1511,"comment_status":"open","ping_status":"open","sticky":false,"template":"","format":"standard","meta":{"footnotes":""},"categories":[26],"tags":[],"class_list":["post-1509","post","type-post","status-publish","format-standard","has-post-thumbnail","hentry","category-noticias"],"yoast_head":"<!-- This site is optimized with the Yoast SEO plugin v27.4 - https:\/\/yoast.com\/product\/yoast-seo-wordpress\/ -->\n<title>Sensibilizaci\u00f3n ambiental ante hundimiento en tramo del arroyo El Salao en el barrio Normand\u00eda - Edumas<\/title>\n<meta name=\"robots\" content=\"index, follow, max-snippet:-1, max-image-preview:large, max-video-preview:-1\" \/>\n<link rel=\"canonical\" href=\"https:\/\/edumas.gov.co\/inicio\/2023\/05\/12\/sensibilizacion-ambiental-ante-hundimiento-en-tramo-del-arroyo-el-salao-en-el-barrio-normandia\/\" \/>\n<meta property=\"og:locale\" content=\"es_ES\" \/>\n<meta property=\"og:type\" content=\"article\" \/>\n<meta property=\"og:title\" content=\"Sensibilizaci\u00f3n ambiental ante hundimiento en tramo del arroyo El Salao en el barrio Normand\u00eda - Edumas\" \/>\n<meta property=\"og:description\" content=\"En el\u00a0 marco de su programa de sensibilizaciones, el Edumas tuvo el d\u00eda de hoy un acercamiento a la comunidad del barrio Normand\u00eda para realizar una sensibilizaci\u00f3n y concienciaci\u00f3n contra el arrojo de residuos s\u00f3lidos a los arroyos y prevenir a la comunidad de los riesgos que est\u00e1 representando esta pr\u00e1ctica indebida en el tramo [&hellip;]\" \/>\n<meta property=\"og:url\" content=\"https:\/\/edumas.gov.co\/inicio\/2023\/05\/12\/sensibilizacion-ambiental-ante-hundimiento-en-tramo-del-arroyo-el-salao-en-el-barrio-normandia\/\" \/>\n<meta property=\"og:site_name\" content=\"Edumas\" \/>\n<meta property=\"article:published_time\" content=\"2023-05-12T13:41:00+00:00\" \/>\n<meta property=\"article:modified_time\" content=\"2023-11-10T13:49:49+00:00\" \/>\n<meta property=\"og:image\" content=\"https:\/\/edumas.gov.co\/wp-content\/uploads\/2023\/11\/Sensibilizacion-ambiental-ante-hundimiento-en-tramo-del-arroyo-El-salao-en-el-barrio-Normandia-1.jpeg\" \/>\n\t<meta property=\"og:image:width\" content=\"1024\" \/>\n\t<meta property=\"og:image:height\" content=\"683\" \/>\n\t<meta property=\"og:image:type\" content=\"image\/jpeg\" \/>\n<meta name=\"author\" content=\"edumas\" \/>\n<meta name=\"twitter:card\" content=\"summary_large_image\" \/>\n<meta name=\"twitter:label1\" content=\"Escrito por\" \/>\n\t<meta name=\"twitter:data1\" content=\"edumas\" \/>\n\t<meta name=\"twitter:label2\" content=\"Tiempo de lectura\" \/>\n\t<meta name=\"twitter:data2\" content=\"1 minuto\" \/>\n<script type=\"application\/ld+json\" class=\"yoast-schema-graph\">{\"@context\":\"https:\\\/\\\/schema.org\",\"@graph\":[{\"@type\":\"Article\",\"@id\":\"https:\\\/\\\/edumas.gov.co\\\/inicio\\\/2023\\\/05\\\/12\\\/sensibilizacion-ambiental-ante-hundimiento-en-tramo-del-arroyo-el-salao-en-el-barrio-normandia\\\/#article\",\"isPartOf\":{\"@id\":\"https:\\\/\\\/edumas.gov.co\\\/inicio\\\/2023\\\/05\\\/12\\\/sensibilizacion-ambiental-ante-hundimiento-en-tramo-del-arroyo-el-salao-en-el-barrio-normandia\\\/\"},\"author\":{\"name\":\"edumas\",\"@id\":\"https:\\\/\\\/edumas.gov.co\\\/inicio\\\/#\\\/schema\\\/person\\\/e2e82a662fd06864325b88811079b05a\"},\"headline\":\"Sensibilizaci\u00f3n ambiental ante hundimiento en tramo del arroyo El Salao en el barrio Normand\u00eda\",\"datePublished\":\"2023-05-12T13:41:00+00:00\",\"dateModified\":\"2023-11-10T13:49:49+00:00\",\"mainEntityOfPage\":{\"@id\":\"https:\\\/\\\/edumas.gov.co\\\/inicio\\\/2023\\\/05\\\/12\\\/sensibilizacion-ambiental-ante-hundimiento-en-tramo-del-arroyo-el-salao-en-el-barrio-normandia\\\/\"},\"wordCount\":216,\"commentCount\":0,\"publisher\":{\"@id\":\"https:\\\/\\\/edumas.gov.co\\\/inicio\\\/#organization\"},\"image\":{\"@id\":\"https:\\\/\\\/edumas.gov.co\\\/inicio\\\/2023\\\/05\\\/12\\\/sensibilizacion-ambiental-ante-hundimiento-en-tramo-del-arroyo-el-salao-en-el-barrio-normandia\\\/#primaryimage\"},\"thumbnailUrl\":\"https:\\\/\\\/edumas.gov.co\\\/wp-content\\\/uploads\\\/2023\\\/11\\\/Sensibilizacion-ambiental-ante-hundimiento-en-tramo-del-arroyo-El-salao-en-el-barrio-Normandia-1.jpeg\",\"articleSection\":[\"noticias\"],\"inLanguage\":\"es\",\"potentialAction\":[{\"@type\":\"CommentAction\",\"name\":\"Comment\",\"target\":[\"https:\\\/\\\/edumas.gov.co\\\/inicio\\\/2023\\\/05\\\/12\\\/sensibilizacion-ambiental-ante-hundimiento-en-tramo-del-arroyo-el-salao-en-el-barrio-normandia\\\/#respond\"]}]},{\"@type\":\"WebPage\",\"@id\":\"https:\\\/\\\/edumas.gov.co\\\/inicio\\\/2023\\\/05\\\/12\\\/sensibilizacion-ambiental-ante-hundimiento-en-tramo-del-arroyo-el-salao-en-el-barrio-normandia\\\/\",\"url\":\"https:\\\/\\\/edumas.gov.co\\\/inicio\\\/2023\\\/05\\\/12\\\/sensibilizacion-ambiental-ante-hundimiento-en-tramo-del-arroyo-el-salao-en-el-barrio-normandia\\\/\",\"name\":\"Sensibilizaci\u00f3n ambiental ante hundimiento en tramo del arroyo El Salao en el barrio Normand\u00eda - Edumas\",\"isPartOf\":{\"@id\":\"https:\\\/\\\/edumas.gov.co\\\/inicio\\\/#website\"},\"primaryImageOfPage\":{\"@id\":\"https:\\\/\\\/edumas.gov.co\\\/inicio\\\/2023\\\/05\\\/12\\\/sensibilizacion-ambiental-ante-hundimiento-en-tramo-del-arroyo-el-salao-en-el-barrio-normandia\\\/#primaryimage\"},\"image\":{\"@id\":\"https:\\\/\\\/edumas.gov.co\\\/inicio\\\/2023\\\/05\\\/12\\\/sensibilizacion-ambiental-ante-hundimiento-en-tramo-del-arroyo-el-salao-en-el-barrio-normandia\\\/#primaryimage\"},\"thumbnailUrl\":\"https:\\\/\\\/edumas.gov.co\\\/wp-content\\\/uploads\\\/2023\\\/11\\\/Sensibilizacion-ambiental-ante-hundimiento-en-tramo-del-arroyo-El-salao-en-el-barrio-Normandia-1.jpeg\",\"datePublished\":\"2023-05-12T13:41:00+00:00\",\"dateModified\":\"2023-11-10T13:49:49+00:00\",\"breadcrumb\":{\"@id\":\"https:\\\/\\\/edumas.gov.co\\\/inicio\\\/2023\\\/05\\\/12\\\/sensibilizacion-ambiental-ante-hundimiento-en-tramo-del-arroyo-el-salao-en-el-barrio-normandia\\\/#breadcrumb\"},\"inLanguage\":\"es\",\"potentialAction\":[{\"@type\":\"ReadAction\",\"target\":[\"https:\\\/\\\/edumas.gov.co\\\/inicio\\\/2023\\\/05\\\/12\\\/sensibilizacion-ambiental-ante-hundimiento-en-tramo-del-arroyo-el-salao-en-el-barrio-normandia\\\/\"]}]},{\"@type\":\"ImageObject\",\"inLanguage\":\"es\",\"@id\":\"https:\\\/\\\/edumas.gov.co\\\/inicio\\\/2023\\\/05\\\/12\\\/sensibilizacion-ambiental-ante-hundimiento-en-tramo-del-arroyo-el-salao-en-el-barrio-normandia\\\/#primaryimage\",\"url\":\"https:\\\/\\\/edumas.gov.co\\\/wp-content\\\/uploads\\\/2023\\\/11\\\/Sensibilizacion-ambiental-ante-hundimiento-en-tramo-del-arroyo-El-salao-en-el-barrio-Normandia-1.jpeg\",\"contentUrl\":\"https:\\\/\\\/edumas.gov.co\\\/wp-content\\\/uploads\\\/2023\\\/11\\\/Sensibilizacion-ambiental-ante-hundimiento-en-tramo-del-arroyo-El-salao-en-el-barrio-Normandia-1.jpeg\",\"width\":1024,\"height\":683},{\"@type\":\"BreadcrumbList\",\"@id\":\"https:\\\/\\\/edumas.gov.co\\\/inicio\\\/2023\\\/05\\\/12\\\/sensibilizacion-ambiental-ante-hundimiento-en-tramo-del-arroyo-el-salao-en-el-barrio-normandia\\\/#breadcrumb\",\"itemListElement\":[{\"@type\":\"ListItem\",\"position\":1,\"name\":\"Portada\",\"item\":\"https:\\\/\\\/edumas.gov.co\\\/inicio\\\/\"},{\"@type\":\"ListItem\",\"position\":2,\"name\":\"Sensibilizaci\u00f3n ambiental ante hundimiento en tramo del arroyo El Salao en el barrio Normand\u00eda\"}]},{\"@type\":\"WebSite\",\"@id\":\"https:\\\/\\\/edumas.gov.co\\\/inicio\\\/#website\",\"url\":\"https:\\\/\\\/edumas.gov.co\\\/inicio\\\/\",\"name\":\"Edumas\",\"description\":\"Edumas\",\"publisher\":{\"@id\":\"https:\\\/\\\/edumas.gov.co\\\/inicio\\\/#organization\"},\"potentialAction\":[{\"@type\":\"SearchAction\",\"target\":{\"@type\":\"EntryPoint\",\"urlTemplate\":\"https:\\\/\\\/edumas.gov.co\\\/inicio\\\/?s={search_term_string}\"},\"query-input\":{\"@type\":\"PropertyValueSpecification\",\"valueRequired\":true,\"valueName\":\"search_term_string\"}}],\"inLanguage\":\"es\"},{\"@type\":\"Organization\",\"@id\":\"https:\\\/\\\/edumas.gov.co\\\/inicio\\\/#organization\",\"name\":\"Edumas\",\"url\":\"https:\\\/\\\/edumas.gov.co\\\/inicio\\\/\",\"logo\":{\"@type\":\"ImageObject\",\"inLanguage\":\"es\",\"@id\":\"https:\\\/\\\/edumas.gov.co\\\/inicio\\\/#\\\/schema\\\/logo\\\/image\\\/\",\"url\":\"https:\\\/\\\/edumas.gov.co\\\/wp-content\\\/uploads\\\/2024\\\/10\\\/Perfil-Instagram-PhotoRoom.png-PhotoRoom.png\",\"contentUrl\":\"https:\\\/\\\/edumas.gov.co\\\/wp-content\\\/uploads\\\/2024\\\/10\\\/Perfil-Instagram-PhotoRoom.png-PhotoRoom.png\",\"width\":648,\"height\":233,\"caption\":\"Edumas\"},\"image\":{\"@id\":\"https:\\\/\\\/edumas.gov.co\\\/inicio\\\/#\\\/schema\\\/logo\\\/image\\\/\"}},{\"@type\":\"Person\",\"@id\":\"https:\\\/\\\/edumas.gov.co\\\/inicio\\\/#\\\/schema\\\/person\\\/e2e82a662fd06864325b88811079b05a\",\"name\":\"edumas\",\"image\":{\"@type\":\"ImageObject\",\"inLanguage\":\"es\",\"@id\":\"https:\\\/\\\/edumas.gov.co\\\/wp-content\\\/uploads\\\/2025\\\/03\\\/WhatsApp-Image-2025-03-06-at-12.44.58-PM-150x150.jpeg\",\"url\":\"https:\\\/\\\/edumas.gov.co\\\/wp-content\\\/uploads\\\/2025\\\/03\\\/WhatsApp-Image-2025-03-06-at-12.44.58-PM-150x150.jpeg\",\"contentUrl\":\"https:\\\/\\\/edumas.gov.co\\\/wp-content\\\/uploads\\\/2025\\\/03\\\/WhatsApp-Image-2025-03-06-at-12.44.58-PM-150x150.jpeg\",\"caption\":\"edumas\"},\"sameAs\":[\"https:\\\/\\\/test.edumas.gov.co\"],\"url\":\"https:\\\/\\\/edumas.gov.co\\\/inicio\\\/author\\\/edumas\\\/\"}]}<\/script>\n<!-- \/ Yoast SEO plugin. -->","yoast_head_json":{"title":"Sensibilizaci\u00f3n ambiental ante hundimiento en tramo del arroyo El Salao en el barrio Normand\u00eda - Edumas","robots":{"index":"index","follow":"follow","max-snippet":"max-snippet:-1","max-image-preview":"max-image-preview:large","max-video-preview":"max-video-preview:-1"},"canonical":"https:\/\/edumas.gov.co\/inicio\/2023\/05\/12\/sensibilizacion-ambiental-ante-hundimiento-en-tramo-del-arroyo-el-salao-en-el-barrio-normandia\/","og_locale":"es_ES","og_type":"article","og_title":"Sensibilizaci\u00f3n ambiental ante hundimiento en tramo del arroyo El Salao en el barrio Normand\u00eda - Edumas","og_description":"En el\u00a0 marco de su programa de sensibilizaciones, el Edumas tuvo el d\u00eda de hoy un acercamiento a la comunidad del barrio Normand\u00eda para realizar una sensibilizaci\u00f3n y concienciaci\u00f3n contra el arrojo de residuos s\u00f3lidos a los arroyos y prevenir a la comunidad de los riesgos que est\u00e1 representando esta pr\u00e1ctica indebida en el tramo [&hellip;]","og_url":"https:\/\/edumas.gov.co\/inicio\/2023\/05\/12\/sensibilizacion-ambiental-ante-hundimiento-en-tramo-del-arroyo-el-salao-en-el-barrio-normandia\/","og_site_name":"Edumas","article_published_time":"2023-05-12T13:41:00+00:00","article_modified_time":"2023-11-10T13:49:49+00:00","og_image":[{"width":1024,"height":683,"url":"https:\/\/edumas.gov.co\/wp-content\/uploads\/2023\/11\/Sensibilizacion-ambiental-ante-hundimiento-en-tramo-del-arroyo-El-salao-en-el-barrio-Normandia-1.jpeg","type":"image\/jpeg"}],"author":"edumas","twitter_card":"summary_large_image","twitter_misc":{"Escrito por":"edumas","Tiempo de lectura":"1 minuto"},"schema":{"@context":"https:\/\/schema.org","@graph":[{"@type":"Article","@id":"https:\/\/edumas.gov.co\/inicio\/2023\/05\/12\/sensibilizacion-ambiental-ante-hundimiento-en-tramo-del-arroyo-el-salao-en-el-barrio-normandia\/#article","isPartOf":{"@id":"https:\/\/edumas.gov.co\/inicio\/2023\/05\/12\/sensibilizacion-ambiental-ante-hundimiento-en-tramo-del-arroyo-el-salao-en-el-barrio-normandia\/"},"author":{"name":"edumas","@id":"https:\/\/edumas.gov.co\/inicio\/#\/schema\/person\/e2e82a662fd06864325b88811079b05a"},"headline":"Sensibilizaci\u00f3n ambiental ante hundimiento en tramo del arroyo El Salao en el barrio Normand\u00eda","datePublished":"2023-05-12T13:41:00+00:00","dateModified":"2023-11-10T13:49:49+00:00","mainEntityOfPage":{"@id":"https:\/\/edumas.gov.co\/inicio\/2023\/05\/12\/sensibilizacion-ambiental-ante-hundimiento-en-tramo-del-arroyo-el-salao-en-el-barrio-normandia\/"},"wordCount":216,"commentCount":0,"publisher":{"@id":"https:\/\/edumas.gov.co\/inicio\/#organization"},"image":{"@id":"https:\/\/edumas.gov.co\/inicio\/2023\/05\/12\/sensibilizacion-ambiental-ante-hundimiento-en-tramo-del-arroyo-el-salao-en-el-barrio-normandia\/#primaryimage"},"thumbnailUrl":"https:\/\/edumas.gov.co\/wp-content\/uploads\/2023\/11\/Sensibilizacion-ambiental-ante-hundimiento-en-tramo-del-arroyo-El-salao-en-el-barrio-Normandia-1.jpeg","articleSection":["noticias"],"inLanguage":"es","potentialAction":[{"@type":"CommentAction","name":"Comment","target":["https:\/\/edumas.gov.co\/inicio\/2023\/05\/12\/sensibilizacion-ambiental-ante-hundimiento-en-tramo-del-arroyo-el-salao-en-el-barrio-normandia\/#respond"]}]},{"@type":"WebPage","@id":"https:\/\/edumas.gov.co\/inicio\/2023\/05\/12\/sensibilizacion-ambiental-ante-hundimiento-en-tramo-del-arroyo-el-salao-en-el-barrio-normandia\/","url":"https:\/\/edumas.gov.co\/inicio\/2023\/05\/12\/sensibilizacion-ambiental-ante-hundimiento-en-tramo-del-arroyo-el-salao-en-el-barrio-normandia\/","name":"Sensibilizaci\u00f3n ambiental ante hundimiento en tramo del arroyo El Salao en el barrio Normand\u00eda - Edumas","isPartOf":{"@id":"https:\/\/edumas.gov.co\/inicio\/#website"},"primaryImageOfPage":{"@id":"https:\/\/edumas.gov.co\/inicio\/2023\/05\/12\/sensibilizacion-ambiental-ante-hundimiento-en-tramo-del-arroyo-el-salao-en-el-barrio-normandia\/#primaryimage"},"image":{"@id":"https:\/\/edumas.gov.co\/inicio\/2023\/05\/12\/sensibilizacion-ambiental-ante-hundimiento-en-tramo-del-arroyo-el-salao-en-el-barrio-normandia\/#primaryimage"},"thumbnailUrl":"https:\/\/edumas.gov.co\/wp-content\/uploads\/2023\/11\/Sensibilizacion-ambiental-ante-hundimiento-en-tramo-del-arroyo-El-salao-en-el-barrio-Normandia-1.jpeg","datePublished":"2023-05-12T13:41:00+00:00","dateModified":"2023-11-10T13:49:49+00:00","breadcrumb":{"@id":"https:\/\/edumas.gov.co\/inicio\/2023\/05\/12\/sensibilizacion-ambiental-ante-hundimiento-en-tramo-del-arroyo-el-salao-en-el-barrio-normandia\/#breadcrumb"},"inLanguage":"es","potentialAction":[{"@type":"ReadAction","target":["https:\/\/edumas.gov.co\/inicio\/2023\/05\/12\/sensibilizacion-ambiental-ante-hundimiento-en-tramo-del-arroyo-el-salao-en-el-barrio-normandia\/"]}]},{"@type":"ImageObject","inLanguage":"es","@id":"https:\/\/edumas.gov.co\/inicio\/2023\/05\/12\/sensibilizacion-ambiental-ante-hundimiento-en-tramo-del-arroyo-el-salao-en-el-barrio-normandia\/#primaryimage","url":"https:\/\/edumas.gov.co\/wp-content\/uploads\/2023\/11\/Sensibilizacion-ambiental-ante-hundimiento-en-tramo-del-arroyo-El-salao-en-el-barrio-Normandia-1.jpeg","contentUrl":"https:\/\/edumas.gov.co\/wp-content\/uploads\/2023\/11\/Sensibilizacion-ambiental-ante-hundimiento-en-tramo-del-arroyo-El-salao-en-el-barrio-Normandia-1.jpeg","width":1024,"height":683},{"@type":"BreadcrumbList","@id":"https:\/\/edumas.gov.co\/inicio\/2023\/05\/12\/sensibilizacion-ambiental-ante-hundimiento-en-tramo-del-arroyo-el-salao-en-el-barrio-normandia\/#breadcrumb","itemListElement":[{"@type":"ListItem","position":1,"name":"Portada","item":"https:\/\/edumas.gov.co\/inicio\/"},{"@type":"ListItem","position":2,"name":"Sensibilizaci\u00f3n ambiental ante hundimiento en tramo del arroyo El Salao en el barrio Normand\u00eda"}]},{"@type":"WebSite","@id":"https:\/\/edumas.gov.co\/inicio\/#website","url":"https:\/\/edumas.gov.co\/inicio\/","name":"Edumas","description":"Edumas","publisher":{"@id":"https:\/\/edumas.gov.co\/inicio\/#organization"},"potentialAction":[{"@type":"SearchAction","target":{"@type":"EntryPoint","urlTemplate":"https:\/\/edumas.gov.co\/inicio\/?s={search_term_string}"},"query-input":{"@type":"PropertyValueSpecification","valueRequired":true,"valueName":"search_term_string"}}],"inLanguage":"es"},{"@type":"Organization","@id":"https:\/\/edumas.gov.co\/inicio\/#organization","name":"Edumas","url":"https:\/\/edumas.gov.co\/inicio\/","logo":{"@type":"ImageObject","inLanguage":"es","@id":"https:\/\/edumas.gov.co\/inicio\/#\/schema\/logo\/image\/","url":"https:\/\/edumas.gov.co\/wp-content\/uploads\/2024\/10\/Perfil-Instagram-PhotoRoom.png-PhotoRoom.png","contentUrl":"https:\/\/edumas.gov.co\/wp-content\/uploads\/2024\/10\/Perfil-Instagram-PhotoRoom.png-PhotoRoom.png","width":648,"height":233,"caption":"Edumas"},"image":{"@id":"https:\/\/edumas.gov.co\/inicio\/#\/schema\/logo\/image\/"}},{"@type":"Person","@id":"https:\/\/edumas.gov.co\/inicio\/#\/schema\/person\/e2e82a662fd06864325b88811079b05a","name":"edumas","image":{"@type":"ImageObject","inLanguage":"es","@id":"https:\/\/edumas.gov.co\/wp-content\/uploads\/2025\/03\/WhatsApp-Image-2025-03-06-at-12.44.58-PM-150x150.jpeg","url":"https:\/\/edumas.gov.co\/wp-content\/uploads\/2025\/03\/WhatsApp-Image-2025-03-06-at-12.44.58-PM-150x150.jpeg","contentUrl":"https:\/\/edumas.gov.co\/wp-content\/uploads\/2025\/03\/WhatsApp-Image-2025-03-06-at-12.44.58-PM-150x150.jpeg","caption":"edumas"},"sameAs":["https:\/\/test.edumas.gov.co"],"url":"https:\/\/edumas.gov.co\/inicio\/author\/edumas\/"}]}},"_links":{"self":[{"href":"https:\/\/edumas.gov.co\/inicio\/wp-json\/wp\/v2\/posts\/1509","targetHints":{"allow":["GET"]}}],"collection":[{"href":"https:\/\/edumas.gov.co\/inicio\/wp-json\/wp\/v2\/posts"}],"about":[{"href":"https:\/\/edumas.gov.co\/inicio\/wp-json\/wp\/v2\/types\/post"}],"author":[{"embeddable":true,"href":"https:\/\/edumas.gov.co\/inicio\/wp-json\/wp\/v2\/users\/1"}],"replies":[{"embeddable":true,"href":"https:\/\/edumas.gov.co\/inicio\/wp-json\/wp\/v2\/comments?post=1509"}],"version-history":[{"count":1,"href":"https:\/\/edumas.gov.co\/inicio\/wp-json\/wp\/v2\/posts\/1509\/revisions"}],"predecessor-version":[{"id":1512,"href":"https:\/\/edumas.gov.co\/inicio\/wp-json\/wp\/v2\/posts\/1509\/revisions\/1512"}],"wp:featuredmedia":[{"embeddable":true,"href":"https:\/\/edumas.gov.co\/inicio\/wp-json\/wp\/v2\/media\/1511"}],"wp:attachment":[{"href":"https:\/\/edumas.gov.co\/inicio\/wp-json\/wp\/v2\/media?parent=1509"}],"wp:term":[{"taxonomy":"category","embeddable":true,"href":"https:\/\/edumas.gov.co\/inicio\/wp-json\/wp\/v2\/categories?post=1509"},{"taxonomy":"post_tag","embeddable":true,"href":"https:\/\/edumas.gov.co\/inicio\/wp-json\/wp\/v2\/tags?post=1509"}],"curies":[{"name":"wp","href":"https:\/\/api.w.org\/{rel}","templated":true}]}}