{"id":1542,"date":"2023-06-06T14:48:00","date_gmt":"2023-06-06T14:48:00","guid":{"rendered":"https:\/\/test.edumas.gov.co\/?p=1542"},"modified":"2023-11-10T15:04:47","modified_gmt":"2023-11-10T15:04:47","slug":"celebracion-del-dia-mundial-del-medio-ambiente-con-la-tercera-edad","status":"publish","type":"post","link":"https:\/\/edumas.gov.co\/inicio\/2023\/06\/06\/celebracion-del-dia-mundial-del-medio-ambiente-con-la-tercera-edad\/","title":{"rendered":"Celebraci\u00f3n del D\u00eda Mundial del Medio Ambiente con la tercera edad"},"content":{"rendered":"\n<p class=\"wp-block-paragraph\">En el marco de la conmemoraci\u00f3n del D\u00eda Mundial del Medio Ambiente, el Edumas asisti\u00f3 al Centro de Vida del barrio Villa Adela de Soledad, con el objetivo de celebrar este d\u00eda a trav\u00e9s de sensibilizaciones sobre la correcta disposici\u00f3n de los residuos s\u00f3lidos y de la interiorizaci\u00f3n en los asistentes de las reglas de las tres R (reducir, Reutilizar y Reciclar).<\/p>\n\n\n\n<div class=\"wp-block-media-text is-stacked-on-mobile\"><figure class=\"wp-block-media-text__media\"><img fetchpriority=\"high\" decoding=\"async\" width=\"1024\" height=\"768\" src=\"https:\/\/test.edumas.gov.co\/wp-content\/uploads\/2023\/11\/Actividades.jpeg\" alt=\"\" class=\"wp-image-1553 size-full\" srcset=\"https:\/\/edumas.gov.co\/wp-content\/uploads\/2023\/11\/Actividades.jpeg 1024w, https:\/\/edumas.gov.co\/wp-content\/uploads\/2023\/11\/Actividades-300x225.jpeg 300w, https:\/\/edumas.gov.co\/wp-content\/uploads\/2023\/11\/Actividades-768x576.jpeg 768w\" sizes=\"(max-width: 1024px) 100vw, 1024px\" \/><\/figure><div class=\"wp-block-media-text__content\">\n<p class=\"wp-block-paragraph\">Como parte de la jornada did\u00e1ctica, el Establecimiento de Desarrollo Urbano y Medio Ambiente de Soledad don\u00f3 30 plantas ornamentales para el embellecimiento del Centro de Vida y realiz\u00f3 actividades que buscaron la interacci\u00f3n y participaci\u00f3n de los asistentes, tales como la elaboraci\u00f3n de un acr\u00f3stico con la palabra Medio Ambiente y danzas en las que participaron alrededor de 100 adultos mayores.<\/p>\n<\/div><\/div>\n\n\n\n<p class=\"wp-block-paragraph\">\u201cEsta fecha es muy representativa para el Edumas y con las actividades que realizamos, hemos llegado a diferentes p\u00fablicos; en esta ocasi\u00f3n, quisimos ofrecer a los adultos mayores una experiencia ambiental. Con la sabidur\u00eda que les dan los a\u00f1os, seguramente tenemos mucho que aprender de ellos\u201d, expres\u00f3 el gerente Wilson De la Rosa.<\/p>\n\n\n\n<figure class=\"wp-block-gallery has-nested-images columns-default is-cropped wp-block-gallery-1 is-layout-flex wp-block-gallery-is-layout-flex\">\n<figure class=\"wp-block-image size-full\"><img decoding=\"async\" width=\"1024\" height=\"768\" data-id=\"1559\" src=\"https:\/\/test.edumas.gov.co\/wp-content\/uploads\/2023\/11\/Acrostico-1.jpeg\" alt=\"\" class=\"wp-image-1559\" srcset=\"https:\/\/edumas.gov.co\/wp-content\/uploads\/2023\/11\/Acrostico-1.jpeg 1024w, https:\/\/edumas.gov.co\/wp-content\/uploads\/2023\/11\/Acrostico-1-300x225.jpeg 300w, https:\/\/edumas.gov.co\/wp-content\/uploads\/2023\/11\/Acrostico-1-768x576.jpeg 768w\" sizes=\"(max-width: 1024px) 100vw, 1024px\" \/><\/figure>\n\n\n\n<figure class=\"wp-block-image size-large\"><img decoding=\"async\" width=\"1024\" height=\"768\" data-id=\"1557\" src=\"https:\/\/test.edumas.gov.co\/wp-content\/uploads\/2023\/11\/Charla.jpeg\" alt=\"\" class=\"wp-image-1557\" srcset=\"https:\/\/edumas.gov.co\/wp-content\/uploads\/2023\/11\/Charla.jpeg 1024w, https:\/\/edumas.gov.co\/wp-content\/uploads\/2023\/11\/Charla-300x225.jpeg 300w, https:\/\/edumas.gov.co\/wp-content\/uploads\/2023\/11\/Charla-768x576.jpeg 768w\" sizes=\"(max-width: 1024px) 100vw, 1024px\" \/><\/figure>\n\n\n\n<figure class=\"wp-block-image size-large\"><img loading=\"lazy\" decoding=\"async\" width=\"1024\" height=\"768\" data-id=\"1558\" src=\"https:\/\/test.edumas.gov.co\/wp-content\/uploads\/2023\/11\/Donacion.jpeg\" alt=\"\" class=\"wp-image-1558\" srcset=\"https:\/\/edumas.gov.co\/wp-content\/uploads\/2023\/11\/Donacion.jpeg 1024w, https:\/\/edumas.gov.co\/wp-content\/uploads\/2023\/11\/Donacion-300x225.jpeg 300w, https:\/\/edumas.gov.co\/wp-content\/uploads\/2023\/11\/Donacion-768x576.jpeg 768w\" sizes=\"(max-width: 1024px) 100vw, 1024px\" \/><\/figure>\n<\/figure>\n\n\n\n<p class=\"wp-block-paragraph\">Los Centros de Vida son lugares destinados al desarrollo de una estrategia orientada hacia los ciudadanos de la tercera edad, que consiste en actividades que posibilitan un mejor enfrentamiento a los cambios psicol\u00f3gicos, fisiol\u00f3gicos y socioculturales que resultan de la vejez, en beneficio de que se reconozcan como sujetos \u00fatiles y se valoren dentro de la vida social y familiar.<\/p>\n","protected":false},"excerpt":{"rendered":"<p>En el marco de la conmemoraci\u00f3n del D\u00eda Mundial del Medio Ambiente, el Edumas asisti\u00f3 al Centro de Vida del barrio Villa Adela de Soledad, con el objetivo de celebrar este d\u00eda a trav\u00e9s de sensibilizaciones sobre la correcta disposici\u00f3n de los residuos s\u00f3lidos y de la interiorizaci\u00f3n en los asistentes de las reglas de [&hellip;]<\/p>\n","protected":false},"author":1,"featured_media":1555,"comment_status":"open","ping_status":"open","sticky":false,"template":"","format":"standard","meta":{"footnotes":""},"categories":[26],"tags":[],"class_list":["post-1542","post","type-post","status-publish","format-standard","has-post-thumbnail","hentry","category-noticias"],"yoast_head":"<!-- This site is optimized with the Yoast SEO plugin v27.4 - https:\/\/yoast.com\/product\/yoast-seo-wordpress\/ -->\n<title>Celebraci\u00f3n del D\u00eda Mundial del Medio Ambiente con la tercera edad - Edumas<\/title>\n<meta name=\"robots\" content=\"index, follow, max-snippet:-1, max-image-preview:large, max-video-preview:-1\" \/>\n<link rel=\"canonical\" href=\"https:\/\/edumas.gov.co\/inicio\/2023\/06\/06\/celebracion-del-dia-mundial-del-medio-ambiente-con-la-tercera-edad\/\" \/>\n<meta property=\"og:locale\" content=\"es_ES\" \/>\n<meta property=\"og:type\" content=\"article\" \/>\n<meta property=\"og:title\" content=\"Celebraci\u00f3n del D\u00eda Mundial del Medio Ambiente con la tercera edad - Edumas\" \/>\n<meta property=\"og:description\" content=\"En el marco de la conmemoraci\u00f3n del D\u00eda Mundial del Medio Ambiente, el Edumas asisti\u00f3 al Centro de Vida del barrio Villa Adela de Soledad, con el objetivo de celebrar este d\u00eda a trav\u00e9s de sensibilizaciones sobre la correcta disposici\u00f3n de los residuos s\u00f3lidos y de la interiorizaci\u00f3n en los asistentes de las reglas de [&hellip;]\" \/>\n<meta property=\"og:url\" content=\"https:\/\/edumas.gov.co\/inicio\/2023\/06\/06\/celebracion-del-dia-mundial-del-medio-ambiente-con-la-tercera-edad\/\" \/>\n<meta property=\"og:site_name\" content=\"Edumas\" \/>\n<meta property=\"article:published_time\" content=\"2023-06-06T14:48:00+00:00\" \/>\n<meta property=\"article:modified_time\" content=\"2023-11-10T15:04:47+00:00\" \/>\n<meta property=\"og:image\" content=\"https:\/\/edumas.gov.co\/wp-content\/uploads\/2023\/11\/Acrostico.jpeg\" \/>\n\t<meta property=\"og:image:width\" content=\"1024\" \/>\n\t<meta property=\"og:image:height\" content=\"768\" \/>\n\t<meta property=\"og:image:type\" content=\"image\/jpeg\" \/>\n<meta name=\"author\" content=\"edumas\" \/>\n<meta name=\"twitter:card\" content=\"summary_large_image\" \/>\n<meta name=\"twitter:label1\" content=\"Escrito por\" \/>\n\t<meta name=\"twitter:data1\" content=\"edumas\" \/>\n\t<meta name=\"twitter:label2\" content=\"Tiempo de lectura\" \/>\n\t<meta name=\"twitter:data2\" content=\"1 minuto\" \/>\n<script type=\"application\/ld+json\" class=\"yoast-schema-graph\">{\"@context\":\"https:\\\/\\\/schema.org\",\"@graph\":[{\"@type\":\"Article\",\"@id\":\"https:\\\/\\\/edumas.gov.co\\\/inicio\\\/2023\\\/06\\\/06\\\/celebracion-del-dia-mundial-del-medio-ambiente-con-la-tercera-edad\\\/#article\",\"isPartOf\":{\"@id\":\"https:\\\/\\\/edumas.gov.co\\\/inicio\\\/2023\\\/06\\\/06\\\/celebracion-del-dia-mundial-del-medio-ambiente-con-la-tercera-edad\\\/\"},\"author\":{\"name\":\"edumas\",\"@id\":\"https:\\\/\\\/edumas.gov.co\\\/inicio\\\/#\\\/schema\\\/person\\\/e2e82a662fd06864325b88811079b05a\"},\"headline\":\"Celebraci\u00f3n del D\u00eda Mundial del Medio Ambiente con la tercera edad\",\"datePublished\":\"2023-06-06T14:48:00+00:00\",\"dateModified\":\"2023-11-10T15:04:47+00:00\",\"mainEntityOfPage\":{\"@id\":\"https:\\\/\\\/edumas.gov.co\\\/inicio\\\/2023\\\/06\\\/06\\\/celebracion-del-dia-mundial-del-medio-ambiente-con-la-tercera-edad\\\/\"},\"wordCount\":266,\"commentCount\":0,\"publisher\":{\"@id\":\"https:\\\/\\\/edumas.gov.co\\\/inicio\\\/#organization\"},\"image\":{\"@id\":\"https:\\\/\\\/edumas.gov.co\\\/inicio\\\/2023\\\/06\\\/06\\\/celebracion-del-dia-mundial-del-medio-ambiente-con-la-tercera-edad\\\/#primaryimage\"},\"thumbnailUrl\":\"https:\\\/\\\/edumas.gov.co\\\/wp-content\\\/uploads\\\/2023\\\/11\\\/Acrostico.jpeg\",\"articleSection\":[\"noticias\"],\"inLanguage\":\"es\",\"potentialAction\":[{\"@type\":\"CommentAction\",\"name\":\"Comment\",\"target\":[\"https:\\\/\\\/edumas.gov.co\\\/inicio\\\/2023\\\/06\\\/06\\\/celebracion-del-dia-mundial-del-medio-ambiente-con-la-tercera-edad\\\/#respond\"]}]},{\"@type\":\"WebPage\",\"@id\":\"https:\\\/\\\/edumas.gov.co\\\/inicio\\\/2023\\\/06\\\/06\\\/celebracion-del-dia-mundial-del-medio-ambiente-con-la-tercera-edad\\\/\",\"url\":\"https:\\\/\\\/edumas.gov.co\\\/inicio\\\/2023\\\/06\\\/06\\\/celebracion-del-dia-mundial-del-medio-ambiente-con-la-tercera-edad\\\/\",\"name\":\"Celebraci\u00f3n del D\u00eda Mundial del Medio Ambiente con la tercera edad - Edumas\",\"isPartOf\":{\"@id\":\"https:\\\/\\\/edumas.gov.co\\\/inicio\\\/#website\"},\"primaryImageOfPage\":{\"@id\":\"https:\\\/\\\/edumas.gov.co\\\/inicio\\\/2023\\\/06\\\/06\\\/celebracion-del-dia-mundial-del-medio-ambiente-con-la-tercera-edad\\\/#primaryimage\"},\"image\":{\"@id\":\"https:\\\/\\\/edumas.gov.co\\\/inicio\\\/2023\\\/06\\\/06\\\/celebracion-del-dia-mundial-del-medio-ambiente-con-la-tercera-edad\\\/#primaryimage\"},\"thumbnailUrl\":\"https:\\\/\\\/edumas.gov.co\\\/wp-content\\\/uploads\\\/2023\\\/11\\\/Acrostico.jpeg\",\"datePublished\":\"2023-06-06T14:48:00+00:00\",\"dateModified\":\"2023-11-10T15:04:47+00:00\",\"breadcrumb\":{\"@id\":\"https:\\\/\\\/edumas.gov.co\\\/inicio\\\/2023\\\/06\\\/06\\\/celebracion-del-dia-mundial-del-medio-ambiente-con-la-tercera-edad\\\/#breadcrumb\"},\"inLanguage\":\"es\",\"potentialAction\":[{\"@type\":\"ReadAction\",\"target\":[\"https:\\\/\\\/edumas.gov.co\\\/inicio\\\/2023\\\/06\\\/06\\\/celebracion-del-dia-mundial-del-medio-ambiente-con-la-tercera-edad\\\/\"]}]},{\"@type\":\"ImageObject\",\"inLanguage\":\"es\",\"@id\":\"https:\\\/\\\/edumas.gov.co\\\/inicio\\\/2023\\\/06\\\/06\\\/celebracion-del-dia-mundial-del-medio-ambiente-con-la-tercera-edad\\\/#primaryimage\",\"url\":\"https:\\\/\\\/edumas.gov.co\\\/wp-content\\\/uploads\\\/2023\\\/11\\\/Acrostico.jpeg\",\"contentUrl\":\"https:\\\/\\\/edumas.gov.co\\\/wp-content\\\/uploads\\\/2023\\\/11\\\/Acrostico.jpeg\",\"width\":1024,\"height\":768},{\"@type\":\"BreadcrumbList\",\"@id\":\"https:\\\/\\\/edumas.gov.co\\\/inicio\\\/2023\\\/06\\\/06\\\/celebracion-del-dia-mundial-del-medio-ambiente-con-la-tercera-edad\\\/#breadcrumb\",\"itemListElement\":[{\"@type\":\"ListItem\",\"position\":1,\"name\":\"Portada\",\"item\":\"https:\\\/\\\/edumas.gov.co\\\/inicio\\\/\"},{\"@type\":\"ListItem\",\"position\":2,\"name\":\"Celebraci\u00f3n del D\u00eda Mundial del Medio Ambiente con la tercera edad\"}]},{\"@type\":\"WebSite\",\"@id\":\"https:\\\/\\\/edumas.gov.co\\\/inicio\\\/#website\",\"url\":\"https:\\\/\\\/edumas.gov.co\\\/inicio\\\/\",\"name\":\"Edumas\",\"description\":\"Edumas\",\"publisher\":{\"@id\":\"https:\\\/\\\/edumas.gov.co\\\/inicio\\\/#organization\"},\"potentialAction\":[{\"@type\":\"SearchAction\",\"target\":{\"@type\":\"EntryPoint\",\"urlTemplate\":\"https:\\\/\\\/edumas.gov.co\\\/inicio\\\/?s={search_term_string}\"},\"query-input\":{\"@type\":\"PropertyValueSpecification\",\"valueRequired\":true,\"valueName\":\"search_term_string\"}}],\"inLanguage\":\"es\"},{\"@type\":\"Organization\",\"@id\":\"https:\\\/\\\/edumas.gov.co\\\/inicio\\\/#organization\",\"name\":\"Edumas\",\"url\":\"https:\\\/\\\/edumas.gov.co\\\/inicio\\\/\",\"logo\":{\"@type\":\"ImageObject\",\"inLanguage\":\"es\",\"@id\":\"https:\\\/\\\/edumas.gov.co\\\/inicio\\\/#\\\/schema\\\/logo\\\/image\\\/\",\"url\":\"https:\\\/\\\/edumas.gov.co\\\/wp-content\\\/uploads\\\/2024\\\/10\\\/Perfil-Instagram-PhotoRoom.png-PhotoRoom.png\",\"contentUrl\":\"https:\\\/\\\/edumas.gov.co\\\/wp-content\\\/uploads\\\/2024\\\/10\\\/Perfil-Instagram-PhotoRoom.png-PhotoRoom.png\",\"width\":648,\"height\":233,\"caption\":\"Edumas\"},\"image\":{\"@id\":\"https:\\\/\\\/edumas.gov.co\\\/inicio\\\/#\\\/schema\\\/logo\\\/image\\\/\"}},{\"@type\":\"Person\",\"@id\":\"https:\\\/\\\/edumas.gov.co\\\/inicio\\\/#\\\/schema\\\/person\\\/e2e82a662fd06864325b88811079b05a\",\"name\":\"edumas\",\"image\":{\"@type\":\"ImageObject\",\"inLanguage\":\"es\",\"@id\":\"https:\\\/\\\/edumas.gov.co\\\/wp-content\\\/uploads\\\/2025\\\/03\\\/WhatsApp-Image-2025-03-06-at-12.44.58-PM-150x150.jpeg\",\"url\":\"https:\\\/\\\/edumas.gov.co\\\/wp-content\\\/uploads\\\/2025\\\/03\\\/WhatsApp-Image-2025-03-06-at-12.44.58-PM-150x150.jpeg\",\"contentUrl\":\"https:\\\/\\\/edumas.gov.co\\\/wp-content\\\/uploads\\\/2025\\\/03\\\/WhatsApp-Image-2025-03-06-at-12.44.58-PM-150x150.jpeg\",\"caption\":\"edumas\"},\"sameAs\":[\"https:\\\/\\\/test.edumas.gov.co\"],\"url\":\"https:\\\/\\\/edumas.gov.co\\\/inicio\\\/author\\\/edumas\\\/\"}]}<\/script>\n<!-- \/ Yoast SEO plugin. -->","yoast_head_json":{"title":"Celebraci\u00f3n del D\u00eda Mundial del Medio Ambiente con la tercera edad - Edumas","robots":{"index":"index","follow":"follow","max-snippet":"max-snippet:-1","max-image-preview":"max-image-preview:large","max-video-preview":"max-video-preview:-1"},"canonical":"https:\/\/edumas.gov.co\/inicio\/2023\/06\/06\/celebracion-del-dia-mundial-del-medio-ambiente-con-la-tercera-edad\/","og_locale":"es_ES","og_type":"article","og_title":"Celebraci\u00f3n del D\u00eda Mundial del Medio Ambiente con la tercera edad - Edumas","og_description":"En el marco de la conmemoraci\u00f3n del D\u00eda Mundial del Medio Ambiente, el Edumas asisti\u00f3 al Centro de Vida del barrio Villa Adela de Soledad, con el objetivo de celebrar este d\u00eda a trav\u00e9s de sensibilizaciones sobre la correcta disposici\u00f3n de los residuos s\u00f3lidos y de la interiorizaci\u00f3n en los asistentes de las reglas de [&hellip;]","og_url":"https:\/\/edumas.gov.co\/inicio\/2023\/06\/06\/celebracion-del-dia-mundial-del-medio-ambiente-con-la-tercera-edad\/","og_site_name":"Edumas","article_published_time":"2023-06-06T14:48:00+00:00","article_modified_time":"2023-11-10T15:04:47+00:00","og_image":[{"width":1024,"height":768,"url":"https:\/\/edumas.gov.co\/wp-content\/uploads\/2023\/11\/Acrostico.jpeg","type":"image\/jpeg"}],"author":"edumas","twitter_card":"summary_large_image","twitter_misc":{"Escrito por":"edumas","Tiempo de lectura":"1 minuto"},"schema":{"@context":"https:\/\/schema.org","@graph":[{"@type":"Article","@id":"https:\/\/edumas.gov.co\/inicio\/2023\/06\/06\/celebracion-del-dia-mundial-del-medio-ambiente-con-la-tercera-edad\/#article","isPartOf":{"@id":"https:\/\/edumas.gov.co\/inicio\/2023\/06\/06\/celebracion-del-dia-mundial-del-medio-ambiente-con-la-tercera-edad\/"},"author":{"name":"edumas","@id":"https:\/\/edumas.gov.co\/inicio\/#\/schema\/person\/e2e82a662fd06864325b88811079b05a"},"headline":"Celebraci\u00f3n del D\u00eda Mundial del Medio Ambiente con la tercera edad","datePublished":"2023-06-06T14:48:00+00:00","dateModified":"2023-11-10T15:04:47+00:00","mainEntityOfPage":{"@id":"https:\/\/edumas.gov.co\/inicio\/2023\/06\/06\/celebracion-del-dia-mundial-del-medio-ambiente-con-la-tercera-edad\/"},"wordCount":266,"commentCount":0,"publisher":{"@id":"https:\/\/edumas.gov.co\/inicio\/#organization"},"image":{"@id":"https:\/\/edumas.gov.co\/inicio\/2023\/06\/06\/celebracion-del-dia-mundial-del-medio-ambiente-con-la-tercera-edad\/#primaryimage"},"thumbnailUrl":"https:\/\/edumas.gov.co\/wp-content\/uploads\/2023\/11\/Acrostico.jpeg","articleSection":["noticias"],"inLanguage":"es","potentialAction":[{"@type":"CommentAction","name":"Comment","target":["https:\/\/edumas.gov.co\/inicio\/2023\/06\/06\/celebracion-del-dia-mundial-del-medio-ambiente-con-la-tercera-edad\/#respond"]}]},{"@type":"WebPage","@id":"https:\/\/edumas.gov.co\/inicio\/2023\/06\/06\/celebracion-del-dia-mundial-del-medio-ambiente-con-la-tercera-edad\/","url":"https:\/\/edumas.gov.co\/inicio\/2023\/06\/06\/celebracion-del-dia-mundial-del-medio-ambiente-con-la-tercera-edad\/","name":"Celebraci\u00f3n del D\u00eda Mundial del Medio Ambiente con la tercera edad - Edumas","isPartOf":{"@id":"https:\/\/edumas.gov.co\/inicio\/#website"},"primaryImageOfPage":{"@id":"https:\/\/edumas.gov.co\/inicio\/2023\/06\/06\/celebracion-del-dia-mundial-del-medio-ambiente-con-la-tercera-edad\/#primaryimage"},"image":{"@id":"https:\/\/edumas.gov.co\/inicio\/2023\/06\/06\/celebracion-del-dia-mundial-del-medio-ambiente-con-la-tercera-edad\/#primaryimage"},"thumbnailUrl":"https:\/\/edumas.gov.co\/wp-content\/uploads\/2023\/11\/Acrostico.jpeg","datePublished":"2023-06-06T14:48:00+00:00","dateModified":"2023-11-10T15:04:47+00:00","breadcrumb":{"@id":"https:\/\/edumas.gov.co\/inicio\/2023\/06\/06\/celebracion-del-dia-mundial-del-medio-ambiente-con-la-tercera-edad\/#breadcrumb"},"inLanguage":"es","potentialAction":[{"@type":"ReadAction","target":["https:\/\/edumas.gov.co\/inicio\/2023\/06\/06\/celebracion-del-dia-mundial-del-medio-ambiente-con-la-tercera-edad\/"]}]},{"@type":"ImageObject","inLanguage":"es","@id":"https:\/\/edumas.gov.co\/inicio\/2023\/06\/06\/celebracion-del-dia-mundial-del-medio-ambiente-con-la-tercera-edad\/#primaryimage","url":"https:\/\/edumas.gov.co\/wp-content\/uploads\/2023\/11\/Acrostico.jpeg","contentUrl":"https:\/\/edumas.gov.co\/wp-content\/uploads\/2023\/11\/Acrostico.jpeg","width":1024,"height":768},{"@type":"BreadcrumbList","@id":"https:\/\/edumas.gov.co\/inicio\/2023\/06\/06\/celebracion-del-dia-mundial-del-medio-ambiente-con-la-tercera-edad\/#breadcrumb","itemListElement":[{"@type":"ListItem","position":1,"name":"Portada","item":"https:\/\/edumas.gov.co\/inicio\/"},{"@type":"ListItem","position":2,"name":"Celebraci\u00f3n del D\u00eda Mundial del Medio Ambiente con la tercera edad"}]},{"@type":"WebSite","@id":"https:\/\/edumas.gov.co\/inicio\/#website","url":"https:\/\/edumas.gov.co\/inicio\/","name":"Edumas","description":"Edumas","publisher":{"@id":"https:\/\/edumas.gov.co\/inicio\/#organization"},"potentialAction":[{"@type":"SearchAction","target":{"@type":"EntryPoint","urlTemplate":"https:\/\/edumas.gov.co\/inicio\/?s={search_term_string}"},"query-input":{"@type":"PropertyValueSpecification","valueRequired":true,"valueName":"search_term_string"}}],"inLanguage":"es"},{"@type":"Organization","@id":"https:\/\/edumas.gov.co\/inicio\/#organization","name":"Edumas","url":"https:\/\/edumas.gov.co\/inicio\/","logo":{"@type":"ImageObject","inLanguage":"es","@id":"https:\/\/edumas.gov.co\/inicio\/#\/schema\/logo\/image\/","url":"https:\/\/edumas.gov.co\/wp-content\/uploads\/2024\/10\/Perfil-Instagram-PhotoRoom.png-PhotoRoom.png","contentUrl":"https:\/\/edumas.gov.co\/wp-content\/uploads\/2024\/10\/Perfil-Instagram-PhotoRoom.png-PhotoRoom.png","width":648,"height":233,"caption":"Edumas"},"image":{"@id":"https:\/\/edumas.gov.co\/inicio\/#\/schema\/logo\/image\/"}},{"@type":"Person","@id":"https:\/\/edumas.gov.co\/inicio\/#\/schema\/person\/e2e82a662fd06864325b88811079b05a","name":"edumas","image":{"@type":"ImageObject","inLanguage":"es","@id":"https:\/\/edumas.gov.co\/wp-content\/uploads\/2025\/03\/WhatsApp-Image-2025-03-06-at-12.44.58-PM-150x150.jpeg","url":"https:\/\/edumas.gov.co\/wp-content\/uploads\/2025\/03\/WhatsApp-Image-2025-03-06-at-12.44.58-PM-150x150.jpeg","contentUrl":"https:\/\/edumas.gov.co\/wp-content\/uploads\/2025\/03\/WhatsApp-Image-2025-03-06-at-12.44.58-PM-150x150.jpeg","caption":"edumas"},"sameAs":["https:\/\/test.edumas.gov.co"],"url":"https:\/\/edumas.gov.co\/inicio\/author\/edumas\/"}]}},"_links":{"self":[{"href":"https:\/\/edumas.gov.co\/inicio\/wp-json\/wp\/v2\/posts\/1542","targetHints":{"allow":["GET"]}}],"collection":[{"href":"https:\/\/edumas.gov.co\/inicio\/wp-json\/wp\/v2\/posts"}],"about":[{"href":"https:\/\/edumas.gov.co\/inicio\/wp-json\/wp\/v2\/types\/post"}],"author":[{"embeddable":true,"href":"https:\/\/edumas.gov.co\/inicio\/wp-json\/wp\/v2\/users\/1"}],"replies":[{"embeddable":true,"href":"https:\/\/edumas.gov.co\/inicio\/wp-json\/wp\/v2\/comments?post=1542"}],"version-history":[{"count":3,"href":"https:\/\/edumas.gov.co\/inicio\/wp-json\/wp\/v2\/posts\/1542\/revisions"}],"predecessor-version":[{"id":1560,"href":"https:\/\/edumas.gov.co\/inicio\/wp-json\/wp\/v2\/posts\/1542\/revisions\/1560"}],"wp:featuredmedia":[{"embeddable":true,"href":"https:\/\/edumas.gov.co\/inicio\/wp-json\/wp\/v2\/media\/1555"}],"wp:attachment":[{"href":"https:\/\/edumas.gov.co\/inicio\/wp-json\/wp\/v2\/media?parent=1542"}],"wp:term":[{"taxonomy":"category","embeddable":true,"href":"https:\/\/edumas.gov.co\/inicio\/wp-json\/wp\/v2\/categories?post=1542"},{"taxonomy":"post_tag","embeddable":true,"href":"https:\/\/edumas.gov.co\/inicio\/wp-json\/wp\/v2\/tags?post=1542"}],"curies":[{"name":"wp","href":"https:\/\/api.w.org\/{rel}","templated":true}]}}