{"id":1567,"date":"2023-08-15T15:13:00","date_gmt":"2023-08-15T15:13:00","guid":{"rendered":"https:\/\/test.edumas.gov.co\/?p=1567"},"modified":"2023-11-10T15:23:16","modified_gmt":"2023-11-10T15:23:16","slug":"podrian-multarlo-por-arrojar-basura-en-espacios-publicos-y-privados-edumas-te-explica","status":"publish","type":"post","link":"https:\/\/edumas.gov.co\/inicio\/2023\/08\/15\/podrian-multarlo-por-arrojar-basura-en-espacios-publicos-y-privados-edumas-te-explica\/","title":{"rendered":"\u00bfPodr\u00edan multarlo por arrojar basura en espacios p\u00fablicos y privados? \u00a1Edumas te explica!"},"content":{"rendered":"\n<p class=\"wp-block-paragraph\">Arrojar basura en espacios p\u00fablicos y privados es una problem\u00e1tica persistente en el municipio de Soledad.<\/p>\n\n\n\n<p class=\"wp-block-paragraph\">En estos espacios se han evidenciado como puntos de acumulaci\u00f3n de desechos s\u00f3lidos que emiten malos olores afectando la salud de los moradores circunvecinos. Por otro lado, se le suma la imagen negativa que recibe el municipio, ya que en ellos con el tiempo crean ambientes visualmente desagradables. Muchos ciudadanos encuentran la mejor forma de arrojar la basura en cualquier lugar p\u00fablico de la comunidad en la que vive, pero no se dan cuanta de los da\u00f1os que causan a su medio ambiente.<\/p>\n\n\n\n<p class=\"wp-block-paragraph\">En el Edumas nos hemos encargado de contrarrestar esta problem\u00e1tica realizando capacitaciones sobre el buen uso y manejo de los desechos s\u00f3lidos y concientizando a las personas acerca de los horarios de recolecci\u00f3n de basura establecidos, por parte de la empresa de Aseo Especial Soledad (Interaseo).\u00a0 Seg\u00fan informes de esta empresa, hasta la fecha se reportan 188 puntos de recolecci\u00f3n y transporte de los desechos s\u00f3lidos por los diferentes barrios de Soledad.<\/p>\n\n\n\n<p class=\"wp-block-paragraph\">Edumas, las Juntas de Acci\u00f3n Comunal y otros l\u00edderes sociales trabajan en equipo por mejorar estos espacios. Entre otras actividades, se realizan inspecciones a estos puntos cr\u00edticos para la gesti\u00f3n de su limpieza e instalaci\u00f3n de vallas con el mensaje de \u201cProhibido botar basura\u201d y en las que se enuncia el c\u00f3digo Nacional de Polic\u00eda, Art\u00edculo 111, Ley 1801 de 2016 que indica \u201cArrojar basura, llantas, residuos o escombros en el espacio p\u00fablico o en bienes de car\u00e1cter p\u00fablico o privado ser\u00e1n sancionados y se le decomisar\u00e1n cualquier veh\u00edculo en el que sea transportado estos desechos\u201d.<\/p>\n\n\n\n<p class=\"wp-block-paragraph\">En lo que va corrido del a\u00f1o, el Edumas ha instalado 24 avisos en 16 barrios de Soledad para advertir a los posibles infractores, las consecuencias de sus acciones en contra del medio ambiente.<\/p>\n\n\n\n<p class=\"wp-block-paragraph\">Debemos ser responsables y acatar las normas establecidas por parte de la empresa de aseo para mantener un municipio limpio y agradable<\/p>\n","protected":false},"excerpt":{"rendered":"<p>Arrojar basura en espacios p\u00fablicos y privados es una problem\u00e1tica persistente en el municipio de Soledad. En estos espacios se han evidenciado como puntos de acumulaci\u00f3n de desechos s\u00f3lidos que emiten malos olores afectando la salud de los moradores circunvecinos. Por otro lado, se le suma la imagen negativa que recibe el municipio, ya que [&hellip;]<\/p>\n","protected":false},"author":1,"featured_media":1568,"comment_status":"open","ping_status":"open","sticky":false,"template":"","format":"standard","meta":{"footnotes":""},"categories":[26],"tags":[],"class_list":["post-1567","post","type-post","status-publish","format-standard","has-post-thumbnail","hentry","category-noticias"],"yoast_head":"<!-- This site is optimized with the Yoast SEO plugin v27.4 - https:\/\/yoast.com\/product\/yoast-seo-wordpress\/ -->\n<title>\u00bfPodr\u00edan multarlo por arrojar basura en espacios p\u00fablicos y privados? \u00a1Edumas te explica! - Edumas<\/title>\n<meta name=\"robots\" content=\"index, follow, max-snippet:-1, max-image-preview:large, max-video-preview:-1\" \/>\n<link rel=\"canonical\" href=\"https:\/\/edumas.gov.co\/inicio\/2023\/08\/15\/podrian-multarlo-por-arrojar-basura-en-espacios-publicos-y-privados-edumas-te-explica\/\" \/>\n<meta property=\"og:locale\" content=\"es_ES\" \/>\n<meta property=\"og:type\" content=\"article\" \/>\n<meta property=\"og:title\" content=\"\u00bfPodr\u00edan multarlo por arrojar basura en espacios p\u00fablicos y privados? \u00a1Edumas te explica! - Edumas\" \/>\n<meta property=\"og:description\" content=\"Arrojar basura en espacios p\u00fablicos y privados es una problem\u00e1tica persistente en el municipio de Soledad. En estos espacios se han evidenciado como puntos de acumulaci\u00f3n de desechos s\u00f3lidos que emiten malos olores afectando la salud de los moradores circunvecinos. Por otro lado, se le suma la imagen negativa que recibe el municipio, ya que [&hellip;]\" \/>\n<meta property=\"og:url\" content=\"https:\/\/edumas.gov.co\/inicio\/2023\/08\/15\/podrian-multarlo-por-arrojar-basura-en-espacios-publicos-y-privados-edumas-te-explica\/\" \/>\n<meta property=\"og:site_name\" content=\"Edumas\" \/>\n<meta property=\"article:published_time\" content=\"2023-08-15T15:13:00+00:00\" \/>\n<meta property=\"article:modified_time\" content=\"2023-11-10T15:23:16+00:00\" \/>\n<meta property=\"og:image\" content=\"https:\/\/edumas.gov.co\/wp-content\/uploads\/2023\/11\/Podrian-multarlo-por-arrojar-basura-en-espacios-publicos-y-privados-\u00a1Edumas-te-explica-1.jpg\" \/>\n\t<meta property=\"og:image:width\" content=\"1600\" \/>\n\t<meta property=\"og:image:height\" content=\"1067\" \/>\n\t<meta property=\"og:image:type\" content=\"image\/jpeg\" \/>\n<meta name=\"author\" content=\"edumas\" \/>\n<meta name=\"twitter:card\" content=\"summary_large_image\" \/>\n<meta name=\"twitter:label1\" content=\"Escrito por\" \/>\n\t<meta name=\"twitter:data1\" content=\"edumas\" \/>\n\t<meta name=\"twitter:label2\" content=\"Tiempo de lectura\" \/>\n\t<meta name=\"twitter:data2\" content=\"2 minutos\" \/>\n<script type=\"application\/ld+json\" class=\"yoast-schema-graph\">{\"@context\":\"https:\\\/\\\/schema.org\",\"@graph\":[{\"@type\":\"Article\",\"@id\":\"https:\\\/\\\/edumas.gov.co\\\/inicio\\\/2023\\\/08\\\/15\\\/podrian-multarlo-por-arrojar-basura-en-espacios-publicos-y-privados-edumas-te-explica\\\/#article\",\"isPartOf\":{\"@id\":\"https:\\\/\\\/edumas.gov.co\\\/inicio\\\/2023\\\/08\\\/15\\\/podrian-multarlo-por-arrojar-basura-en-espacios-publicos-y-privados-edumas-te-explica\\\/\"},\"author\":{\"name\":\"edumas\",\"@id\":\"https:\\\/\\\/edumas.gov.co\\\/inicio\\\/#\\\/schema\\\/person\\\/e2e82a662fd06864325b88811079b05a\"},\"headline\":\"\u00bfPodr\u00edan multarlo por arrojar basura en espacios p\u00fablicos y privados? \u00a1Edumas te explica!\",\"datePublished\":\"2023-08-15T15:13:00+00:00\",\"dateModified\":\"2023-11-10T15:23:16+00:00\",\"mainEntityOfPage\":{\"@id\":\"https:\\\/\\\/edumas.gov.co\\\/inicio\\\/2023\\\/08\\\/15\\\/podrian-multarlo-por-arrojar-basura-en-espacios-publicos-y-privados-edumas-te-explica\\\/\"},\"wordCount\":359,\"commentCount\":0,\"publisher\":{\"@id\":\"https:\\\/\\\/edumas.gov.co\\\/inicio\\\/#organization\"},\"image\":{\"@id\":\"https:\\\/\\\/edumas.gov.co\\\/inicio\\\/2023\\\/08\\\/15\\\/podrian-multarlo-por-arrojar-basura-en-espacios-publicos-y-privados-edumas-te-explica\\\/#primaryimage\"},\"thumbnailUrl\":\"https:\\\/\\\/edumas.gov.co\\\/wp-content\\\/uploads\\\/2023\\\/11\\\/Podrian-multarlo-por-arrojar-basura-en-espacios-publicos-y-privados-\u00a1Edumas-te-explica-1.jpg\",\"articleSection\":[\"noticias\"],\"inLanguage\":\"es\",\"potentialAction\":[{\"@type\":\"CommentAction\",\"name\":\"Comment\",\"target\":[\"https:\\\/\\\/edumas.gov.co\\\/inicio\\\/2023\\\/08\\\/15\\\/podrian-multarlo-por-arrojar-basura-en-espacios-publicos-y-privados-edumas-te-explica\\\/#respond\"]}]},{\"@type\":\"WebPage\",\"@id\":\"https:\\\/\\\/edumas.gov.co\\\/inicio\\\/2023\\\/08\\\/15\\\/podrian-multarlo-por-arrojar-basura-en-espacios-publicos-y-privados-edumas-te-explica\\\/\",\"url\":\"https:\\\/\\\/edumas.gov.co\\\/inicio\\\/2023\\\/08\\\/15\\\/podrian-multarlo-por-arrojar-basura-en-espacios-publicos-y-privados-edumas-te-explica\\\/\",\"name\":\"\u00bfPodr\u00edan multarlo por arrojar basura en espacios p\u00fablicos y privados? \u00a1Edumas te explica! - Edumas\",\"isPartOf\":{\"@id\":\"https:\\\/\\\/edumas.gov.co\\\/inicio\\\/#website\"},\"primaryImageOfPage\":{\"@id\":\"https:\\\/\\\/edumas.gov.co\\\/inicio\\\/2023\\\/08\\\/15\\\/podrian-multarlo-por-arrojar-basura-en-espacios-publicos-y-privados-edumas-te-explica\\\/#primaryimage\"},\"image\":{\"@id\":\"https:\\\/\\\/edumas.gov.co\\\/inicio\\\/2023\\\/08\\\/15\\\/podrian-multarlo-por-arrojar-basura-en-espacios-publicos-y-privados-edumas-te-explica\\\/#primaryimage\"},\"thumbnailUrl\":\"https:\\\/\\\/edumas.gov.co\\\/wp-content\\\/uploads\\\/2023\\\/11\\\/Podrian-multarlo-por-arrojar-basura-en-espacios-publicos-y-privados-\u00a1Edumas-te-explica-1.jpg\",\"datePublished\":\"2023-08-15T15:13:00+00:00\",\"dateModified\":\"2023-11-10T15:23:16+00:00\",\"breadcrumb\":{\"@id\":\"https:\\\/\\\/edumas.gov.co\\\/inicio\\\/2023\\\/08\\\/15\\\/podrian-multarlo-por-arrojar-basura-en-espacios-publicos-y-privados-edumas-te-explica\\\/#breadcrumb\"},\"inLanguage\":\"es\",\"potentialAction\":[{\"@type\":\"ReadAction\",\"target\":[\"https:\\\/\\\/edumas.gov.co\\\/inicio\\\/2023\\\/08\\\/15\\\/podrian-multarlo-por-arrojar-basura-en-espacios-publicos-y-privados-edumas-te-explica\\\/\"]}]},{\"@type\":\"ImageObject\",\"inLanguage\":\"es\",\"@id\":\"https:\\\/\\\/edumas.gov.co\\\/inicio\\\/2023\\\/08\\\/15\\\/podrian-multarlo-por-arrojar-basura-en-espacios-publicos-y-privados-edumas-te-explica\\\/#primaryimage\",\"url\":\"https:\\\/\\\/edumas.gov.co\\\/wp-content\\\/uploads\\\/2023\\\/11\\\/Podrian-multarlo-por-arrojar-basura-en-espacios-publicos-y-privados-\u00a1Edumas-te-explica-1.jpg\",\"contentUrl\":\"https:\\\/\\\/edumas.gov.co\\\/wp-content\\\/uploads\\\/2023\\\/11\\\/Podrian-multarlo-por-arrojar-basura-en-espacios-publicos-y-privados-\u00a1Edumas-te-explica-1.jpg\",\"width\":1600,\"height\":1067},{\"@type\":\"BreadcrumbList\",\"@id\":\"https:\\\/\\\/edumas.gov.co\\\/inicio\\\/2023\\\/08\\\/15\\\/podrian-multarlo-por-arrojar-basura-en-espacios-publicos-y-privados-edumas-te-explica\\\/#breadcrumb\",\"itemListElement\":[{\"@type\":\"ListItem\",\"position\":1,\"name\":\"Portada\",\"item\":\"https:\\\/\\\/edumas.gov.co\\\/inicio\\\/\"},{\"@type\":\"ListItem\",\"position\":2,\"name\":\"\u00bfPodr\u00edan multarlo por arrojar basura en espacios p\u00fablicos y privados? \u00a1Edumas te explica!\"}]},{\"@type\":\"WebSite\",\"@id\":\"https:\\\/\\\/edumas.gov.co\\\/inicio\\\/#website\",\"url\":\"https:\\\/\\\/edumas.gov.co\\\/inicio\\\/\",\"name\":\"Edumas\",\"description\":\"Edumas\",\"publisher\":{\"@id\":\"https:\\\/\\\/edumas.gov.co\\\/inicio\\\/#organization\"},\"potentialAction\":[{\"@type\":\"SearchAction\",\"target\":{\"@type\":\"EntryPoint\",\"urlTemplate\":\"https:\\\/\\\/edumas.gov.co\\\/inicio\\\/?s={search_term_string}\"},\"query-input\":{\"@type\":\"PropertyValueSpecification\",\"valueRequired\":true,\"valueName\":\"search_term_string\"}}],\"inLanguage\":\"es\"},{\"@type\":\"Organization\",\"@id\":\"https:\\\/\\\/edumas.gov.co\\\/inicio\\\/#organization\",\"name\":\"Edumas\",\"url\":\"https:\\\/\\\/edumas.gov.co\\\/inicio\\\/\",\"logo\":{\"@type\":\"ImageObject\",\"inLanguage\":\"es\",\"@id\":\"https:\\\/\\\/edumas.gov.co\\\/inicio\\\/#\\\/schema\\\/logo\\\/image\\\/\",\"url\":\"https:\\\/\\\/edumas.gov.co\\\/wp-content\\\/uploads\\\/2024\\\/10\\\/Perfil-Instagram-PhotoRoom.png-PhotoRoom.png\",\"contentUrl\":\"https:\\\/\\\/edumas.gov.co\\\/wp-content\\\/uploads\\\/2024\\\/10\\\/Perfil-Instagram-PhotoRoom.png-PhotoRoom.png\",\"width\":648,\"height\":233,\"caption\":\"Edumas\"},\"image\":{\"@id\":\"https:\\\/\\\/edumas.gov.co\\\/inicio\\\/#\\\/schema\\\/logo\\\/image\\\/\"}},{\"@type\":\"Person\",\"@id\":\"https:\\\/\\\/edumas.gov.co\\\/inicio\\\/#\\\/schema\\\/person\\\/e2e82a662fd06864325b88811079b05a\",\"name\":\"edumas\",\"image\":{\"@type\":\"ImageObject\",\"inLanguage\":\"es\",\"@id\":\"https:\\\/\\\/edumas.gov.co\\\/wp-content\\\/uploads\\\/2025\\\/03\\\/WhatsApp-Image-2025-03-06-at-12.44.58-PM-150x150.jpeg\",\"url\":\"https:\\\/\\\/edumas.gov.co\\\/wp-content\\\/uploads\\\/2025\\\/03\\\/WhatsApp-Image-2025-03-06-at-12.44.58-PM-150x150.jpeg\",\"contentUrl\":\"https:\\\/\\\/edumas.gov.co\\\/wp-content\\\/uploads\\\/2025\\\/03\\\/WhatsApp-Image-2025-03-06-at-12.44.58-PM-150x150.jpeg\",\"caption\":\"edumas\"},\"sameAs\":[\"https:\\\/\\\/test.edumas.gov.co\"],\"url\":\"https:\\\/\\\/edumas.gov.co\\\/inicio\\\/author\\\/edumas\\\/\"}]}<\/script>\n<!-- \/ Yoast SEO plugin. -->","yoast_head_json":{"title":"\u00bfPodr\u00edan multarlo por arrojar basura en espacios p\u00fablicos y privados? \u00a1Edumas te explica! - Edumas","robots":{"index":"index","follow":"follow","max-snippet":"max-snippet:-1","max-image-preview":"max-image-preview:large","max-video-preview":"max-video-preview:-1"},"canonical":"https:\/\/edumas.gov.co\/inicio\/2023\/08\/15\/podrian-multarlo-por-arrojar-basura-en-espacios-publicos-y-privados-edumas-te-explica\/","og_locale":"es_ES","og_type":"article","og_title":"\u00bfPodr\u00edan multarlo por arrojar basura en espacios p\u00fablicos y privados? \u00a1Edumas te explica! - Edumas","og_description":"Arrojar basura en espacios p\u00fablicos y privados es una problem\u00e1tica persistente en el municipio de Soledad. En estos espacios se han evidenciado como puntos de acumulaci\u00f3n de desechos s\u00f3lidos que emiten malos olores afectando la salud de los moradores circunvecinos. Por otro lado, se le suma la imagen negativa que recibe el municipio, ya que [&hellip;]","og_url":"https:\/\/edumas.gov.co\/inicio\/2023\/08\/15\/podrian-multarlo-por-arrojar-basura-en-espacios-publicos-y-privados-edumas-te-explica\/","og_site_name":"Edumas","article_published_time":"2023-08-15T15:13:00+00:00","article_modified_time":"2023-11-10T15:23:16+00:00","og_image":[{"width":1600,"height":1067,"url":"https:\/\/edumas.gov.co\/wp-content\/uploads\/2023\/11\/Podrian-multarlo-por-arrojar-basura-en-espacios-publicos-y-privados-\u00a1Edumas-te-explica-1.jpg","type":"image\/jpeg"}],"author":"edumas","twitter_card":"summary_large_image","twitter_misc":{"Escrito por":"edumas","Tiempo de lectura":"2 minutos"},"schema":{"@context":"https:\/\/schema.org","@graph":[{"@type":"Article","@id":"https:\/\/edumas.gov.co\/inicio\/2023\/08\/15\/podrian-multarlo-por-arrojar-basura-en-espacios-publicos-y-privados-edumas-te-explica\/#article","isPartOf":{"@id":"https:\/\/edumas.gov.co\/inicio\/2023\/08\/15\/podrian-multarlo-por-arrojar-basura-en-espacios-publicos-y-privados-edumas-te-explica\/"},"author":{"name":"edumas","@id":"https:\/\/edumas.gov.co\/inicio\/#\/schema\/person\/e2e82a662fd06864325b88811079b05a"},"headline":"\u00bfPodr\u00edan multarlo por arrojar basura en espacios p\u00fablicos y privados? \u00a1Edumas te explica!","datePublished":"2023-08-15T15:13:00+00:00","dateModified":"2023-11-10T15:23:16+00:00","mainEntityOfPage":{"@id":"https:\/\/edumas.gov.co\/inicio\/2023\/08\/15\/podrian-multarlo-por-arrojar-basura-en-espacios-publicos-y-privados-edumas-te-explica\/"},"wordCount":359,"commentCount":0,"publisher":{"@id":"https:\/\/edumas.gov.co\/inicio\/#organization"},"image":{"@id":"https:\/\/edumas.gov.co\/inicio\/2023\/08\/15\/podrian-multarlo-por-arrojar-basura-en-espacios-publicos-y-privados-edumas-te-explica\/#primaryimage"},"thumbnailUrl":"https:\/\/edumas.gov.co\/wp-content\/uploads\/2023\/11\/Podrian-multarlo-por-arrojar-basura-en-espacios-publicos-y-privados-\u00a1Edumas-te-explica-1.jpg","articleSection":["noticias"],"inLanguage":"es","potentialAction":[{"@type":"CommentAction","name":"Comment","target":["https:\/\/edumas.gov.co\/inicio\/2023\/08\/15\/podrian-multarlo-por-arrojar-basura-en-espacios-publicos-y-privados-edumas-te-explica\/#respond"]}]},{"@type":"WebPage","@id":"https:\/\/edumas.gov.co\/inicio\/2023\/08\/15\/podrian-multarlo-por-arrojar-basura-en-espacios-publicos-y-privados-edumas-te-explica\/","url":"https:\/\/edumas.gov.co\/inicio\/2023\/08\/15\/podrian-multarlo-por-arrojar-basura-en-espacios-publicos-y-privados-edumas-te-explica\/","name":"\u00bfPodr\u00edan multarlo por arrojar basura en espacios p\u00fablicos y privados? \u00a1Edumas te explica! - Edumas","isPartOf":{"@id":"https:\/\/edumas.gov.co\/inicio\/#website"},"primaryImageOfPage":{"@id":"https:\/\/edumas.gov.co\/inicio\/2023\/08\/15\/podrian-multarlo-por-arrojar-basura-en-espacios-publicos-y-privados-edumas-te-explica\/#primaryimage"},"image":{"@id":"https:\/\/edumas.gov.co\/inicio\/2023\/08\/15\/podrian-multarlo-por-arrojar-basura-en-espacios-publicos-y-privados-edumas-te-explica\/#primaryimage"},"thumbnailUrl":"https:\/\/edumas.gov.co\/wp-content\/uploads\/2023\/11\/Podrian-multarlo-por-arrojar-basura-en-espacios-publicos-y-privados-\u00a1Edumas-te-explica-1.jpg","datePublished":"2023-08-15T15:13:00+00:00","dateModified":"2023-11-10T15:23:16+00:00","breadcrumb":{"@id":"https:\/\/edumas.gov.co\/inicio\/2023\/08\/15\/podrian-multarlo-por-arrojar-basura-en-espacios-publicos-y-privados-edumas-te-explica\/#breadcrumb"},"inLanguage":"es","potentialAction":[{"@type":"ReadAction","target":["https:\/\/edumas.gov.co\/inicio\/2023\/08\/15\/podrian-multarlo-por-arrojar-basura-en-espacios-publicos-y-privados-edumas-te-explica\/"]}]},{"@type":"ImageObject","inLanguage":"es","@id":"https:\/\/edumas.gov.co\/inicio\/2023\/08\/15\/podrian-multarlo-por-arrojar-basura-en-espacios-publicos-y-privados-edumas-te-explica\/#primaryimage","url":"https:\/\/edumas.gov.co\/wp-content\/uploads\/2023\/11\/Podrian-multarlo-por-arrojar-basura-en-espacios-publicos-y-privados-\u00a1Edumas-te-explica-1.jpg","contentUrl":"https:\/\/edumas.gov.co\/wp-content\/uploads\/2023\/11\/Podrian-multarlo-por-arrojar-basura-en-espacios-publicos-y-privados-\u00a1Edumas-te-explica-1.jpg","width":1600,"height":1067},{"@type":"BreadcrumbList","@id":"https:\/\/edumas.gov.co\/inicio\/2023\/08\/15\/podrian-multarlo-por-arrojar-basura-en-espacios-publicos-y-privados-edumas-te-explica\/#breadcrumb","itemListElement":[{"@type":"ListItem","position":1,"name":"Portada","item":"https:\/\/edumas.gov.co\/inicio\/"},{"@type":"ListItem","position":2,"name":"\u00bfPodr\u00edan multarlo por arrojar basura en espacios p\u00fablicos y privados? \u00a1Edumas te explica!"}]},{"@type":"WebSite","@id":"https:\/\/edumas.gov.co\/inicio\/#website","url":"https:\/\/edumas.gov.co\/inicio\/","name":"Edumas","description":"Edumas","publisher":{"@id":"https:\/\/edumas.gov.co\/inicio\/#organization"},"potentialAction":[{"@type":"SearchAction","target":{"@type":"EntryPoint","urlTemplate":"https:\/\/edumas.gov.co\/inicio\/?s={search_term_string}"},"query-input":{"@type":"PropertyValueSpecification","valueRequired":true,"valueName":"search_term_string"}}],"inLanguage":"es"},{"@type":"Organization","@id":"https:\/\/edumas.gov.co\/inicio\/#organization","name":"Edumas","url":"https:\/\/edumas.gov.co\/inicio\/","logo":{"@type":"ImageObject","inLanguage":"es","@id":"https:\/\/edumas.gov.co\/inicio\/#\/schema\/logo\/image\/","url":"https:\/\/edumas.gov.co\/wp-content\/uploads\/2024\/10\/Perfil-Instagram-PhotoRoom.png-PhotoRoom.png","contentUrl":"https:\/\/edumas.gov.co\/wp-content\/uploads\/2024\/10\/Perfil-Instagram-PhotoRoom.png-PhotoRoom.png","width":648,"height":233,"caption":"Edumas"},"image":{"@id":"https:\/\/edumas.gov.co\/inicio\/#\/schema\/logo\/image\/"}},{"@type":"Person","@id":"https:\/\/edumas.gov.co\/inicio\/#\/schema\/person\/e2e82a662fd06864325b88811079b05a","name":"edumas","image":{"@type":"ImageObject","inLanguage":"es","@id":"https:\/\/edumas.gov.co\/wp-content\/uploads\/2025\/03\/WhatsApp-Image-2025-03-06-at-12.44.58-PM-150x150.jpeg","url":"https:\/\/edumas.gov.co\/wp-content\/uploads\/2025\/03\/WhatsApp-Image-2025-03-06-at-12.44.58-PM-150x150.jpeg","contentUrl":"https:\/\/edumas.gov.co\/wp-content\/uploads\/2025\/03\/WhatsApp-Image-2025-03-06-at-12.44.58-PM-150x150.jpeg","caption":"edumas"},"sameAs":["https:\/\/test.edumas.gov.co"],"url":"https:\/\/edumas.gov.co\/inicio\/author\/edumas\/"}]}},"_links":{"self":[{"href":"https:\/\/edumas.gov.co\/inicio\/wp-json\/wp\/v2\/posts\/1567","targetHints":{"allow":["GET"]}}],"collection":[{"href":"https:\/\/edumas.gov.co\/inicio\/wp-json\/wp\/v2\/posts"}],"about":[{"href":"https:\/\/edumas.gov.co\/inicio\/wp-json\/wp\/v2\/types\/post"}],"author":[{"embeddable":true,"href":"https:\/\/edumas.gov.co\/inicio\/wp-json\/wp\/v2\/users\/1"}],"replies":[{"embeddable":true,"href":"https:\/\/edumas.gov.co\/inicio\/wp-json\/wp\/v2\/comments?post=1567"}],"version-history":[{"count":1,"href":"https:\/\/edumas.gov.co\/inicio\/wp-json\/wp\/v2\/posts\/1567\/revisions"}],"predecessor-version":[{"id":1569,"href":"https:\/\/edumas.gov.co\/inicio\/wp-json\/wp\/v2\/posts\/1567\/revisions\/1569"}],"wp:featuredmedia":[{"embeddable":true,"href":"https:\/\/edumas.gov.co\/inicio\/wp-json\/wp\/v2\/media\/1568"}],"wp:attachment":[{"href":"https:\/\/edumas.gov.co\/inicio\/wp-json\/wp\/v2\/media?parent=1567"}],"wp:term":[{"taxonomy":"category","embeddable":true,"href":"https:\/\/edumas.gov.co\/inicio\/wp-json\/wp\/v2\/categories?post=1567"},{"taxonomy":"post_tag","embeddable":true,"href":"https:\/\/edumas.gov.co\/inicio\/wp-json\/wp\/v2\/tags?post=1567"}],"curies":[{"name":"wp","href":"https:\/\/api.w.org\/{rel}","templated":true}]}}