{"id":1610,"date":"2023-10-18T16:17:00","date_gmt":"2023-10-18T16:17:00","guid":{"rendered":"https:\/\/test.edumas.gov.co\/?p=1610"},"modified":"2023-11-10T16:22:56","modified_gmt":"2023-11-10T16:22:56","slug":"limpieza-en-el-arroyo-el-salao-del-sector-villa-muvdi","status":"publish","type":"post","link":"https:\/\/edumas.gov.co\/inicio\/2023\/10\/18\/limpieza-en-el-arroyo-el-salao-del-sector-villa-muvdi\/","title":{"rendered":"Limpieza en el arroyo El Salao del sector Villa Muvdi"},"content":{"rendered":"\n<p class=\"wp-block-paragraph\">En una respuesta a la solicitud de la Junta de Acci\u00f3n Comunal (J.A.C.), se llev\u00f3 a cabo una visita de inspecci\u00f3n ocular en el tramo del arroyo El Salao. Los habitantes hab\u00edan expresado su preocupaci\u00f3n debido a la acumulaci\u00f3n de maleza y sedimentaci\u00f3n en la zona.&nbsp;<\/p>\n\n\n\n<p class=\"wp-block-paragraph\">La inspecci\u00f3n abarc\u00f3 el tramo desde la carrera 24D hasta la carrera 28, comprendiendo las calles 44 hasta la calle 50, ubicado en el barrio Villa Muvdi. Este sector es vital para la comunidad local y ha estado experimentando un notable deterioro en los \u00faltimos tiempos.<br><br>Desde tempranas horas, el equipo de trabajo ambiental del Edumas se encuentra realizando tareas de limpieza y despeje en el mencionado tramo del arroyo. La maleza y sedimentaci\u00f3n se hab\u00edan vuelto un obst\u00e1culo\u00a0 en el \u00e1rea, comprometiendo ante un posible desbordamiento\u00a0 durante \u00e9pocas de lluvia, afectando la integridad de los habitantes cercanos.<\/p>\n\n\n\n<figure class=\"wp-block-gallery has-nested-images columns-default is-cropped wp-block-gallery-1 is-layout-flex wp-block-gallery-is-layout-flex\">\n<figure class=\"wp-block-image size-large\"><img fetchpriority=\"high\" decoding=\"async\" width=\"1024\" height=\"683\" data-id=\"1613\" src=\"https:\/\/test.edumas.gov.co\/wp-content\/uploads\/2023\/11\/WhatsApp-Image-2023-10-18-at-4.13.54-PM-1024x683.jpeg\" alt=\"\" class=\"wp-image-1613\" srcset=\"https:\/\/edumas.gov.co\/wp-content\/uploads\/2023\/11\/WhatsApp-Image-2023-10-18-at-4.13.54-PM-1024x683.jpeg 1024w, https:\/\/edumas.gov.co\/wp-content\/uploads\/2023\/11\/WhatsApp-Image-2023-10-18-at-4.13.54-PM-300x200.jpeg 300w, https:\/\/edumas.gov.co\/wp-content\/uploads\/2023\/11\/WhatsApp-Image-2023-10-18-at-4.13.54-PM-768x512.jpeg 768w, https:\/\/edumas.gov.co\/wp-content\/uploads\/2023\/11\/WhatsApp-Image-2023-10-18-at-4.13.54-PM-1536x1024.jpeg 1536w, https:\/\/edumas.gov.co\/wp-content\/uploads\/2023\/11\/WhatsApp-Image-2023-10-18-at-4.13.54-PM-1320x880.jpeg 1320w, https:\/\/edumas.gov.co\/wp-content\/uploads\/2023\/11\/WhatsApp-Image-2023-10-18-at-4.13.54-PM.jpeg 1600w\" sizes=\"(max-width: 1024px) 100vw, 1024px\" \/><\/figure>\n\n\n\n<figure class=\"wp-block-image size-large\"><img decoding=\"async\" width=\"1024\" height=\"683\" data-id=\"1612\" src=\"https:\/\/test.edumas.gov.co\/wp-content\/uploads\/2023\/11\/WhatsApp-Image-2023-10-18-at-4.12.32-PM-1024x683.jpeg\" alt=\"\" class=\"wp-image-1612\" srcset=\"https:\/\/edumas.gov.co\/wp-content\/uploads\/2023\/11\/WhatsApp-Image-2023-10-18-at-4.12.32-PM-1024x683.jpeg 1024w, https:\/\/edumas.gov.co\/wp-content\/uploads\/2023\/11\/WhatsApp-Image-2023-10-18-at-4.12.32-PM-300x200.jpeg 300w, https:\/\/edumas.gov.co\/wp-content\/uploads\/2023\/11\/WhatsApp-Image-2023-10-18-at-4.12.32-PM-768x512.jpeg 768w, https:\/\/edumas.gov.co\/wp-content\/uploads\/2023\/11\/WhatsApp-Image-2023-10-18-at-4.12.32-PM-1536x1024.jpeg 1536w, https:\/\/edumas.gov.co\/wp-content\/uploads\/2023\/11\/WhatsApp-Image-2023-10-18-at-4.12.32-PM-1320x880.jpeg 1320w, https:\/\/edumas.gov.co\/wp-content\/uploads\/2023\/11\/WhatsApp-Image-2023-10-18-at-4.12.32-PM.jpeg 1600w\" sizes=\"(max-width: 1024px) 100vw, 1024px\" \/><\/figure>\n<\/figure>\n\n\n\n<p class=\"wp-block-paragraph\">El Edumas, como entidad comprometida con el bienestar de la comunidad, contin\u00faa realizando intervenciones a los arroyos en los diferentes sectores de Soledad. Demostrando una vez m\u00e1s su disposici\u00f3n al servicio de la ciudadan\u00eda y contribuir al mejoramiento de la calidad de vida en las localidades.<\/p>\n\n\n\n<p class=\"wp-block-paragraph\">La acci\u00f3n conjunta entre la J.A.C. y Edumas demuestra la importancia de la colaboraci\u00f3n entre las entidades y la comunidad para abordar los problemas locales de manera eficiente. La limpieza y el mantenimiento continuo del arroyo El Salao son pasos cruciales hacia un entorno m\u00e1s seguro y saludable en el barrio Villa Muvdi.<\/p>\n","protected":false},"excerpt":{"rendered":"<p>En una respuesta a la solicitud de la Junta de Acci\u00f3n Comunal (J.A.C.), se llev\u00f3 a cabo una visita de inspecci\u00f3n ocular en el tramo del arroyo El Salao. Los habitantes hab\u00edan expresado su preocupaci\u00f3n debido a la acumulaci\u00f3n de maleza y sedimentaci\u00f3n en la zona.&nbsp; La inspecci\u00f3n abarc\u00f3 el tramo desde la carrera 24D [&hellip;]<\/p>\n","protected":false},"author":1,"featured_media":1611,"comment_status":"open","ping_status":"open","sticky":false,"template":"","format":"standard","meta":{"footnotes":""},"categories":[26],"tags":[],"class_list":["post-1610","post","type-post","status-publish","format-standard","has-post-thumbnail","hentry","category-noticias"],"yoast_head":"<!-- This site is optimized with the Yoast SEO plugin v27.4 - https:\/\/yoast.com\/product\/yoast-seo-wordpress\/ -->\n<title>Limpieza en el arroyo El Salao del sector Villa Muvdi - Edumas<\/title>\n<meta name=\"robots\" content=\"index, follow, max-snippet:-1, max-image-preview:large, max-video-preview:-1\" \/>\n<link rel=\"canonical\" href=\"https:\/\/edumas.gov.co\/inicio\/2023\/10\/18\/limpieza-en-el-arroyo-el-salao-del-sector-villa-muvdi\/\" \/>\n<meta property=\"og:locale\" content=\"es_ES\" \/>\n<meta property=\"og:type\" content=\"article\" \/>\n<meta property=\"og:title\" content=\"Limpieza en el arroyo El Salao del sector Villa Muvdi - Edumas\" \/>\n<meta property=\"og:description\" content=\"En una respuesta a la solicitud de la Junta de Acci\u00f3n Comunal (J.A.C.), se llev\u00f3 a cabo una visita de inspecci\u00f3n ocular en el tramo del arroyo El Salao. Los habitantes hab\u00edan expresado su preocupaci\u00f3n debido a la acumulaci\u00f3n de maleza y sedimentaci\u00f3n en la zona.&nbsp; La inspecci\u00f3n abarc\u00f3 el tramo desde la carrera 24D [&hellip;]\" \/>\n<meta property=\"og:url\" content=\"https:\/\/edumas.gov.co\/inicio\/2023\/10\/18\/limpieza-en-el-arroyo-el-salao-del-sector-villa-muvdi\/\" \/>\n<meta property=\"og:site_name\" content=\"Edumas\" \/>\n<meta property=\"article:published_time\" content=\"2023-10-18T16:17:00+00:00\" \/>\n<meta property=\"article:modified_time\" content=\"2023-11-10T16:22:56+00:00\" \/>\n<meta property=\"og:image\" content=\"https:\/\/edumas.gov.co\/wp-content\/uploads\/2023\/11\/WhatsApp-Image-2023-10-18-at-4.13.27-PM.jpeg\" \/>\n\t<meta property=\"og:image:width\" content=\"1600\" \/>\n\t<meta property=\"og:image:height\" content=\"1067\" \/>\n\t<meta property=\"og:image:type\" content=\"image\/jpeg\" \/>\n<meta name=\"author\" content=\"edumas\" \/>\n<meta name=\"twitter:card\" content=\"summary_large_image\" \/>\n<meta name=\"twitter:label1\" content=\"Escrito por\" \/>\n\t<meta name=\"twitter:data1\" content=\"edumas\" \/>\n\t<meta name=\"twitter:label2\" content=\"Tiempo de lectura\" \/>\n\t<meta name=\"twitter:data2\" content=\"1 minuto\" \/>\n<script type=\"application\/ld+json\" class=\"yoast-schema-graph\">{\"@context\":\"https:\\\/\\\/schema.org\",\"@graph\":[{\"@type\":\"Article\",\"@id\":\"https:\\\/\\\/edumas.gov.co\\\/inicio\\\/2023\\\/10\\\/18\\\/limpieza-en-el-arroyo-el-salao-del-sector-villa-muvdi\\\/#article\",\"isPartOf\":{\"@id\":\"https:\\\/\\\/edumas.gov.co\\\/inicio\\\/2023\\\/10\\\/18\\\/limpieza-en-el-arroyo-el-salao-del-sector-villa-muvdi\\\/\"},\"author\":{\"name\":\"edumas\",\"@id\":\"https:\\\/\\\/edumas.gov.co\\\/inicio\\\/#\\\/schema\\\/person\\\/e2e82a662fd06864325b88811079b05a\"},\"headline\":\"Limpieza en el arroyo El Salao del sector Villa Muvdi\",\"datePublished\":\"2023-10-18T16:17:00+00:00\",\"dateModified\":\"2023-11-10T16:22:56+00:00\",\"mainEntityOfPage\":{\"@id\":\"https:\\\/\\\/edumas.gov.co\\\/inicio\\\/2023\\\/10\\\/18\\\/limpieza-en-el-arroyo-el-salao-del-sector-villa-muvdi\\\/\"},\"wordCount\":272,\"commentCount\":0,\"publisher\":{\"@id\":\"https:\\\/\\\/edumas.gov.co\\\/inicio\\\/#organization\"},\"image\":{\"@id\":\"https:\\\/\\\/edumas.gov.co\\\/inicio\\\/2023\\\/10\\\/18\\\/limpieza-en-el-arroyo-el-salao-del-sector-villa-muvdi\\\/#primaryimage\"},\"thumbnailUrl\":\"https:\\\/\\\/edumas.gov.co\\\/wp-content\\\/uploads\\\/2023\\\/11\\\/WhatsApp-Image-2023-10-18-at-4.13.27-PM.jpeg\",\"articleSection\":[\"noticias\"],\"inLanguage\":\"es\",\"potentialAction\":[{\"@type\":\"CommentAction\",\"name\":\"Comment\",\"target\":[\"https:\\\/\\\/edumas.gov.co\\\/inicio\\\/2023\\\/10\\\/18\\\/limpieza-en-el-arroyo-el-salao-del-sector-villa-muvdi\\\/#respond\"]}]},{\"@type\":\"WebPage\",\"@id\":\"https:\\\/\\\/edumas.gov.co\\\/inicio\\\/2023\\\/10\\\/18\\\/limpieza-en-el-arroyo-el-salao-del-sector-villa-muvdi\\\/\",\"url\":\"https:\\\/\\\/edumas.gov.co\\\/inicio\\\/2023\\\/10\\\/18\\\/limpieza-en-el-arroyo-el-salao-del-sector-villa-muvdi\\\/\",\"name\":\"Limpieza en el arroyo El Salao del sector Villa Muvdi - Edumas\",\"isPartOf\":{\"@id\":\"https:\\\/\\\/edumas.gov.co\\\/inicio\\\/#website\"},\"primaryImageOfPage\":{\"@id\":\"https:\\\/\\\/edumas.gov.co\\\/inicio\\\/2023\\\/10\\\/18\\\/limpieza-en-el-arroyo-el-salao-del-sector-villa-muvdi\\\/#primaryimage\"},\"image\":{\"@id\":\"https:\\\/\\\/edumas.gov.co\\\/inicio\\\/2023\\\/10\\\/18\\\/limpieza-en-el-arroyo-el-salao-del-sector-villa-muvdi\\\/#primaryimage\"},\"thumbnailUrl\":\"https:\\\/\\\/edumas.gov.co\\\/wp-content\\\/uploads\\\/2023\\\/11\\\/WhatsApp-Image-2023-10-18-at-4.13.27-PM.jpeg\",\"datePublished\":\"2023-10-18T16:17:00+00:00\",\"dateModified\":\"2023-11-10T16:22:56+00:00\",\"breadcrumb\":{\"@id\":\"https:\\\/\\\/edumas.gov.co\\\/inicio\\\/2023\\\/10\\\/18\\\/limpieza-en-el-arroyo-el-salao-del-sector-villa-muvdi\\\/#breadcrumb\"},\"inLanguage\":\"es\",\"potentialAction\":[{\"@type\":\"ReadAction\",\"target\":[\"https:\\\/\\\/edumas.gov.co\\\/inicio\\\/2023\\\/10\\\/18\\\/limpieza-en-el-arroyo-el-salao-del-sector-villa-muvdi\\\/\"]}]},{\"@type\":\"ImageObject\",\"inLanguage\":\"es\",\"@id\":\"https:\\\/\\\/edumas.gov.co\\\/inicio\\\/2023\\\/10\\\/18\\\/limpieza-en-el-arroyo-el-salao-del-sector-villa-muvdi\\\/#primaryimage\",\"url\":\"https:\\\/\\\/edumas.gov.co\\\/wp-content\\\/uploads\\\/2023\\\/11\\\/WhatsApp-Image-2023-10-18-at-4.13.27-PM.jpeg\",\"contentUrl\":\"https:\\\/\\\/edumas.gov.co\\\/wp-content\\\/uploads\\\/2023\\\/11\\\/WhatsApp-Image-2023-10-18-at-4.13.27-PM.jpeg\",\"width\":1600,\"height\":1067},{\"@type\":\"BreadcrumbList\",\"@id\":\"https:\\\/\\\/edumas.gov.co\\\/inicio\\\/2023\\\/10\\\/18\\\/limpieza-en-el-arroyo-el-salao-del-sector-villa-muvdi\\\/#breadcrumb\",\"itemListElement\":[{\"@type\":\"ListItem\",\"position\":1,\"name\":\"Portada\",\"item\":\"https:\\\/\\\/edumas.gov.co\\\/inicio\\\/\"},{\"@type\":\"ListItem\",\"position\":2,\"name\":\"Limpieza en el arroyo El Salao del sector Villa Muvdi\"}]},{\"@type\":\"WebSite\",\"@id\":\"https:\\\/\\\/edumas.gov.co\\\/inicio\\\/#website\",\"url\":\"https:\\\/\\\/edumas.gov.co\\\/inicio\\\/\",\"name\":\"Edumas\",\"description\":\"Edumas\",\"publisher\":{\"@id\":\"https:\\\/\\\/edumas.gov.co\\\/inicio\\\/#organization\"},\"potentialAction\":[{\"@type\":\"SearchAction\",\"target\":{\"@type\":\"EntryPoint\",\"urlTemplate\":\"https:\\\/\\\/edumas.gov.co\\\/inicio\\\/?s={search_term_string}\"},\"query-input\":{\"@type\":\"PropertyValueSpecification\",\"valueRequired\":true,\"valueName\":\"search_term_string\"}}],\"inLanguage\":\"es\"},{\"@type\":\"Organization\",\"@id\":\"https:\\\/\\\/edumas.gov.co\\\/inicio\\\/#organization\",\"name\":\"Edumas\",\"url\":\"https:\\\/\\\/edumas.gov.co\\\/inicio\\\/\",\"logo\":{\"@type\":\"ImageObject\",\"inLanguage\":\"es\",\"@id\":\"https:\\\/\\\/edumas.gov.co\\\/inicio\\\/#\\\/schema\\\/logo\\\/image\\\/\",\"url\":\"https:\\\/\\\/edumas.gov.co\\\/wp-content\\\/uploads\\\/2024\\\/10\\\/Perfil-Instagram-PhotoRoom.png-PhotoRoom.png\",\"contentUrl\":\"https:\\\/\\\/edumas.gov.co\\\/wp-content\\\/uploads\\\/2024\\\/10\\\/Perfil-Instagram-PhotoRoom.png-PhotoRoom.png\",\"width\":648,\"height\":233,\"caption\":\"Edumas\"},\"image\":{\"@id\":\"https:\\\/\\\/edumas.gov.co\\\/inicio\\\/#\\\/schema\\\/logo\\\/image\\\/\"}},{\"@type\":\"Person\",\"@id\":\"https:\\\/\\\/edumas.gov.co\\\/inicio\\\/#\\\/schema\\\/person\\\/e2e82a662fd06864325b88811079b05a\",\"name\":\"edumas\",\"image\":{\"@type\":\"ImageObject\",\"inLanguage\":\"es\",\"@id\":\"https:\\\/\\\/edumas.gov.co\\\/wp-content\\\/uploads\\\/2025\\\/03\\\/WhatsApp-Image-2025-03-06-at-12.44.58-PM-150x150.jpeg\",\"url\":\"https:\\\/\\\/edumas.gov.co\\\/wp-content\\\/uploads\\\/2025\\\/03\\\/WhatsApp-Image-2025-03-06-at-12.44.58-PM-150x150.jpeg\",\"contentUrl\":\"https:\\\/\\\/edumas.gov.co\\\/wp-content\\\/uploads\\\/2025\\\/03\\\/WhatsApp-Image-2025-03-06-at-12.44.58-PM-150x150.jpeg\",\"caption\":\"edumas\"},\"sameAs\":[\"https:\\\/\\\/test.edumas.gov.co\"],\"url\":\"https:\\\/\\\/edumas.gov.co\\\/inicio\\\/author\\\/edumas\\\/\"}]}<\/script>\n<!-- \/ Yoast SEO plugin. -->","yoast_head_json":{"title":"Limpieza en el arroyo El Salao del sector Villa Muvdi - Edumas","robots":{"index":"index","follow":"follow","max-snippet":"max-snippet:-1","max-image-preview":"max-image-preview:large","max-video-preview":"max-video-preview:-1"},"canonical":"https:\/\/edumas.gov.co\/inicio\/2023\/10\/18\/limpieza-en-el-arroyo-el-salao-del-sector-villa-muvdi\/","og_locale":"es_ES","og_type":"article","og_title":"Limpieza en el arroyo El Salao del sector Villa Muvdi - Edumas","og_description":"En una respuesta a la solicitud de la Junta de Acci\u00f3n Comunal (J.A.C.), se llev\u00f3 a cabo una visita de inspecci\u00f3n ocular en el tramo del arroyo El Salao. Los habitantes hab\u00edan expresado su preocupaci\u00f3n debido a la acumulaci\u00f3n de maleza y sedimentaci\u00f3n en la zona.&nbsp; La inspecci\u00f3n abarc\u00f3 el tramo desde la carrera 24D [&hellip;]","og_url":"https:\/\/edumas.gov.co\/inicio\/2023\/10\/18\/limpieza-en-el-arroyo-el-salao-del-sector-villa-muvdi\/","og_site_name":"Edumas","article_published_time":"2023-10-18T16:17:00+00:00","article_modified_time":"2023-11-10T16:22:56+00:00","og_image":[{"width":1600,"height":1067,"url":"https:\/\/edumas.gov.co\/wp-content\/uploads\/2023\/11\/WhatsApp-Image-2023-10-18-at-4.13.27-PM.jpeg","type":"image\/jpeg"}],"author":"edumas","twitter_card":"summary_large_image","twitter_misc":{"Escrito por":"edumas","Tiempo de lectura":"1 minuto"},"schema":{"@context":"https:\/\/schema.org","@graph":[{"@type":"Article","@id":"https:\/\/edumas.gov.co\/inicio\/2023\/10\/18\/limpieza-en-el-arroyo-el-salao-del-sector-villa-muvdi\/#article","isPartOf":{"@id":"https:\/\/edumas.gov.co\/inicio\/2023\/10\/18\/limpieza-en-el-arroyo-el-salao-del-sector-villa-muvdi\/"},"author":{"name":"edumas","@id":"https:\/\/edumas.gov.co\/inicio\/#\/schema\/person\/e2e82a662fd06864325b88811079b05a"},"headline":"Limpieza en el arroyo El Salao del sector Villa Muvdi","datePublished":"2023-10-18T16:17:00+00:00","dateModified":"2023-11-10T16:22:56+00:00","mainEntityOfPage":{"@id":"https:\/\/edumas.gov.co\/inicio\/2023\/10\/18\/limpieza-en-el-arroyo-el-salao-del-sector-villa-muvdi\/"},"wordCount":272,"commentCount":0,"publisher":{"@id":"https:\/\/edumas.gov.co\/inicio\/#organization"},"image":{"@id":"https:\/\/edumas.gov.co\/inicio\/2023\/10\/18\/limpieza-en-el-arroyo-el-salao-del-sector-villa-muvdi\/#primaryimage"},"thumbnailUrl":"https:\/\/edumas.gov.co\/wp-content\/uploads\/2023\/11\/WhatsApp-Image-2023-10-18-at-4.13.27-PM.jpeg","articleSection":["noticias"],"inLanguage":"es","potentialAction":[{"@type":"CommentAction","name":"Comment","target":["https:\/\/edumas.gov.co\/inicio\/2023\/10\/18\/limpieza-en-el-arroyo-el-salao-del-sector-villa-muvdi\/#respond"]}]},{"@type":"WebPage","@id":"https:\/\/edumas.gov.co\/inicio\/2023\/10\/18\/limpieza-en-el-arroyo-el-salao-del-sector-villa-muvdi\/","url":"https:\/\/edumas.gov.co\/inicio\/2023\/10\/18\/limpieza-en-el-arroyo-el-salao-del-sector-villa-muvdi\/","name":"Limpieza en el arroyo El Salao del sector Villa Muvdi - Edumas","isPartOf":{"@id":"https:\/\/edumas.gov.co\/inicio\/#website"},"primaryImageOfPage":{"@id":"https:\/\/edumas.gov.co\/inicio\/2023\/10\/18\/limpieza-en-el-arroyo-el-salao-del-sector-villa-muvdi\/#primaryimage"},"image":{"@id":"https:\/\/edumas.gov.co\/inicio\/2023\/10\/18\/limpieza-en-el-arroyo-el-salao-del-sector-villa-muvdi\/#primaryimage"},"thumbnailUrl":"https:\/\/edumas.gov.co\/wp-content\/uploads\/2023\/11\/WhatsApp-Image-2023-10-18-at-4.13.27-PM.jpeg","datePublished":"2023-10-18T16:17:00+00:00","dateModified":"2023-11-10T16:22:56+00:00","breadcrumb":{"@id":"https:\/\/edumas.gov.co\/inicio\/2023\/10\/18\/limpieza-en-el-arroyo-el-salao-del-sector-villa-muvdi\/#breadcrumb"},"inLanguage":"es","potentialAction":[{"@type":"ReadAction","target":["https:\/\/edumas.gov.co\/inicio\/2023\/10\/18\/limpieza-en-el-arroyo-el-salao-del-sector-villa-muvdi\/"]}]},{"@type":"ImageObject","inLanguage":"es","@id":"https:\/\/edumas.gov.co\/inicio\/2023\/10\/18\/limpieza-en-el-arroyo-el-salao-del-sector-villa-muvdi\/#primaryimage","url":"https:\/\/edumas.gov.co\/wp-content\/uploads\/2023\/11\/WhatsApp-Image-2023-10-18-at-4.13.27-PM.jpeg","contentUrl":"https:\/\/edumas.gov.co\/wp-content\/uploads\/2023\/11\/WhatsApp-Image-2023-10-18-at-4.13.27-PM.jpeg","width":1600,"height":1067},{"@type":"BreadcrumbList","@id":"https:\/\/edumas.gov.co\/inicio\/2023\/10\/18\/limpieza-en-el-arroyo-el-salao-del-sector-villa-muvdi\/#breadcrumb","itemListElement":[{"@type":"ListItem","position":1,"name":"Portada","item":"https:\/\/edumas.gov.co\/inicio\/"},{"@type":"ListItem","position":2,"name":"Limpieza en el arroyo El Salao del sector Villa Muvdi"}]},{"@type":"WebSite","@id":"https:\/\/edumas.gov.co\/inicio\/#website","url":"https:\/\/edumas.gov.co\/inicio\/","name":"Edumas","description":"Edumas","publisher":{"@id":"https:\/\/edumas.gov.co\/inicio\/#organization"},"potentialAction":[{"@type":"SearchAction","target":{"@type":"EntryPoint","urlTemplate":"https:\/\/edumas.gov.co\/inicio\/?s={search_term_string}"},"query-input":{"@type":"PropertyValueSpecification","valueRequired":true,"valueName":"search_term_string"}}],"inLanguage":"es"},{"@type":"Organization","@id":"https:\/\/edumas.gov.co\/inicio\/#organization","name":"Edumas","url":"https:\/\/edumas.gov.co\/inicio\/","logo":{"@type":"ImageObject","inLanguage":"es","@id":"https:\/\/edumas.gov.co\/inicio\/#\/schema\/logo\/image\/","url":"https:\/\/edumas.gov.co\/wp-content\/uploads\/2024\/10\/Perfil-Instagram-PhotoRoom.png-PhotoRoom.png","contentUrl":"https:\/\/edumas.gov.co\/wp-content\/uploads\/2024\/10\/Perfil-Instagram-PhotoRoom.png-PhotoRoom.png","width":648,"height":233,"caption":"Edumas"},"image":{"@id":"https:\/\/edumas.gov.co\/inicio\/#\/schema\/logo\/image\/"}},{"@type":"Person","@id":"https:\/\/edumas.gov.co\/inicio\/#\/schema\/person\/e2e82a662fd06864325b88811079b05a","name":"edumas","image":{"@type":"ImageObject","inLanguage":"es","@id":"https:\/\/edumas.gov.co\/wp-content\/uploads\/2025\/03\/WhatsApp-Image-2025-03-06-at-12.44.58-PM-150x150.jpeg","url":"https:\/\/edumas.gov.co\/wp-content\/uploads\/2025\/03\/WhatsApp-Image-2025-03-06-at-12.44.58-PM-150x150.jpeg","contentUrl":"https:\/\/edumas.gov.co\/wp-content\/uploads\/2025\/03\/WhatsApp-Image-2025-03-06-at-12.44.58-PM-150x150.jpeg","caption":"edumas"},"sameAs":["https:\/\/test.edumas.gov.co"],"url":"https:\/\/edumas.gov.co\/inicio\/author\/edumas\/"}]}},"_links":{"self":[{"href":"https:\/\/edumas.gov.co\/inicio\/wp-json\/wp\/v2\/posts\/1610","targetHints":{"allow":["GET"]}}],"collection":[{"href":"https:\/\/edumas.gov.co\/inicio\/wp-json\/wp\/v2\/posts"}],"about":[{"href":"https:\/\/edumas.gov.co\/inicio\/wp-json\/wp\/v2\/types\/post"}],"author":[{"embeddable":true,"href":"https:\/\/edumas.gov.co\/inicio\/wp-json\/wp\/v2\/users\/1"}],"replies":[{"embeddable":true,"href":"https:\/\/edumas.gov.co\/inicio\/wp-json\/wp\/v2\/comments?post=1610"}],"version-history":[{"count":1,"href":"https:\/\/edumas.gov.co\/inicio\/wp-json\/wp\/v2\/posts\/1610\/revisions"}],"predecessor-version":[{"id":1614,"href":"https:\/\/edumas.gov.co\/inicio\/wp-json\/wp\/v2\/posts\/1610\/revisions\/1614"}],"wp:featuredmedia":[{"embeddable":true,"href":"https:\/\/edumas.gov.co\/inicio\/wp-json\/wp\/v2\/media\/1611"}],"wp:attachment":[{"href":"https:\/\/edumas.gov.co\/inicio\/wp-json\/wp\/v2\/media?parent=1610"}],"wp:term":[{"taxonomy":"category","embeddable":true,"href":"https:\/\/edumas.gov.co\/inicio\/wp-json\/wp\/v2\/categories?post=1610"},{"taxonomy":"post_tag","embeddable":true,"href":"https:\/\/edumas.gov.co\/inicio\/wp-json\/wp\/v2\/tags?post=1610"}],"curies":[{"name":"wp","href":"https:\/\/api.w.org\/{rel}","templated":true}]}}