{"id":1633,"date":"2023-10-26T16:38:00","date_gmt":"2023-10-26T16:38:00","guid":{"rendered":"https:\/\/test.edumas.gov.co\/?p=1633"},"modified":"2023-11-10T17:00:05","modified_gmt":"2023-11-10T17:00:05","slug":"comunicado-oficial-2","status":"publish","type":"post","link":"https:\/\/edumas.gov.co\/inicio\/2023\/10\/26\/comunicado-oficial-2\/","title":{"rendered":"Comunicado oficial"},"content":{"rendered":"\n<p class=\"wp-block-paragraph\">Teniendo en cuenta las elecciones territoriales, la movilidad y los hechos de inseguridad que se<br>est\u00e1n viviendo en el municipio, la gerencia en compa\u00f1\u00eda con el \u00e1rea administrativa determino que<br>el d\u00eda veintisiete (27) de octubre de 2023, la jornada laboral se desarrollara a trav\u00e9s de trabajo<br>remoto; Esto con el fin de salvaguardar la integridad de los funcionarios y dem\u00e1s personal que labora en la entidad.<\/p>\n\n\n\n<p class=\"wp-block-paragraph\">Cabe se\u00f1alar que, las \u00e1reas misionales como Control urbano, Medio Ambiente y Subdesarrollo Urbano podr\u00e1n laborar teniendo en cuenta sus operativos.<\/p>\n\n\n\n<p class=\"wp-block-paragraph\">La atenci\u00f3n al p\u00fablico se realizar\u00e1 bajo los canales habilitados como telef\u00f3nico y virtual.<\/p>\n\n\n\n<figure class=\"wp-block-gallery has-nested-images columns-default is-cropped wp-block-gallery-1 is-layout-flex wp-block-gallery-is-layout-flex\">\n<figure class=\"wp-block-image size-large\"><img fetchpriority=\"high\" decoding=\"async\" width=\"1024\" height=\"1024\" data-id=\"1636\" src=\"https:\/\/test.edumas.gov.co\/wp-content\/uploads\/2023\/11\/Copia-de-Copia-de-Comunicados-oficiales-2-1024x1024.png\" alt=\"\" class=\"wp-image-1636\" srcset=\"https:\/\/edumas.gov.co\/wp-content\/uploads\/2023\/11\/Copia-de-Copia-de-Comunicados-oficiales-2-1024x1024.png 1024w, https:\/\/edumas.gov.co\/wp-content\/uploads\/2023\/11\/Copia-de-Copia-de-Comunicados-oficiales-2-300x300.png 300w, https:\/\/edumas.gov.co\/wp-content\/uploads\/2023\/11\/Copia-de-Copia-de-Comunicados-oficiales-2-150x150.png 150w, https:\/\/edumas.gov.co\/wp-content\/uploads\/2023\/11\/Copia-de-Copia-de-Comunicados-oficiales-2-768x768.png 768w, https:\/\/edumas.gov.co\/wp-content\/uploads\/2023\/11\/Copia-de-Copia-de-Comunicados-oficiales-2.png 1080w\" sizes=\"(max-width: 1024px) 100vw, 1024px\" \/><\/figure>\n<\/figure>\n","protected":false},"excerpt":{"rendered":"<p>Teniendo en cuenta las elecciones territoriales, la movilidad y los hechos de inseguridad que seest\u00e1n viviendo en el municipio, la gerencia en compa\u00f1\u00eda con el \u00e1rea administrativa determino queel d\u00eda veintisiete (27) de octubre de 2023, la jornada laboral se desarrollara a trav\u00e9s de trabajoremoto; Esto con el fin de salvaguardar la integridad de los [&hellip;]<\/p>\n","protected":false},"author":1,"featured_media":1635,"comment_status":"open","ping_status":"open","sticky":false,"template":"","format":"standard","meta":{"footnotes":""},"categories":[26],"tags":[],"class_list":["post-1633","post","type-post","status-publish","format-standard","has-post-thumbnail","hentry","category-noticias"],"yoast_head":"<!-- This site is optimized with the Yoast SEO plugin v27.4 - https:\/\/yoast.com\/product\/yoast-seo-wordpress\/ -->\n<title>Comunicado oficial - Edumas<\/title>\n<meta name=\"robots\" content=\"index, follow, max-snippet:-1, max-image-preview:large, max-video-preview:-1\" \/>\n<link rel=\"canonical\" href=\"https:\/\/edumas.gov.co\/inicio\/2023\/10\/26\/comunicado-oficial-2\/\" \/>\n<meta property=\"og:locale\" content=\"es_ES\" \/>\n<meta property=\"og:type\" content=\"article\" \/>\n<meta property=\"og:title\" content=\"Comunicado oficial - Edumas\" \/>\n<meta property=\"og:description\" content=\"Teniendo en cuenta las elecciones territoriales, la movilidad y los hechos de inseguridad que seest\u00e1n viviendo en el municipio, la gerencia en compa\u00f1\u00eda con el \u00e1rea administrativa determino queel d\u00eda veintisiete (27) de octubre de 2023, la jornada laboral se desarrollara a trav\u00e9s de trabajoremoto; Esto con el fin de salvaguardar la integridad de los [&hellip;]\" \/>\n<meta property=\"og:url\" content=\"https:\/\/edumas.gov.co\/inicio\/2023\/10\/26\/comunicado-oficial-2\/\" \/>\n<meta property=\"og:site_name\" content=\"Edumas\" \/>\n<meta property=\"article:published_time\" content=\"2023-10-26T16:38:00+00:00\" \/>\n<meta property=\"article:modified_time\" content=\"2023-11-10T17:00:05+00:00\" \/>\n<meta property=\"og:image\" content=\"https:\/\/edumas.gov.co\/wp-content\/uploads\/2023\/11\/Copia-de-Copia-de-Comunicados-oficiales-1.png\" \/>\n\t<meta property=\"og:image:width\" content=\"1080\" \/>\n\t<meta property=\"og:image:height\" content=\"1080\" \/>\n\t<meta property=\"og:image:type\" content=\"image\/png\" \/>\n<meta name=\"author\" content=\"edumas\" \/>\n<meta name=\"twitter:card\" content=\"summary_large_image\" \/>\n<meta name=\"twitter:label1\" content=\"Escrito por\" \/>\n\t<meta name=\"twitter:data1\" content=\"edumas\" \/>\n\t<meta name=\"twitter:label2\" content=\"Tiempo de lectura\" \/>\n\t<meta name=\"twitter:data2\" content=\"1 minuto\" \/>\n<script type=\"application\/ld+json\" class=\"yoast-schema-graph\">{\"@context\":\"https:\\\/\\\/schema.org\",\"@graph\":[{\"@type\":\"Article\",\"@id\":\"https:\\\/\\\/edumas.gov.co\\\/inicio\\\/2023\\\/10\\\/26\\\/comunicado-oficial-2\\\/#article\",\"isPartOf\":{\"@id\":\"https:\\\/\\\/edumas.gov.co\\\/inicio\\\/2023\\\/10\\\/26\\\/comunicado-oficial-2\\\/\"},\"author\":{\"name\":\"edumas\",\"@id\":\"https:\\\/\\\/edumas.gov.co\\\/inicio\\\/#\\\/schema\\\/person\\\/e2e82a662fd06864325b88811079b05a\"},\"headline\":\"Comunicado oficial\",\"datePublished\":\"2023-10-26T16:38:00+00:00\",\"dateModified\":\"2023-11-10T17:00:05+00:00\",\"mainEntityOfPage\":{\"@id\":\"https:\\\/\\\/edumas.gov.co\\\/inicio\\\/2023\\\/10\\\/26\\\/comunicado-oficial-2\\\/\"},\"wordCount\":109,\"commentCount\":0,\"publisher\":{\"@id\":\"https:\\\/\\\/edumas.gov.co\\\/inicio\\\/#organization\"},\"image\":{\"@id\":\"https:\\\/\\\/edumas.gov.co\\\/inicio\\\/2023\\\/10\\\/26\\\/comunicado-oficial-2\\\/#primaryimage\"},\"thumbnailUrl\":\"https:\\\/\\\/edumas.gov.co\\\/wp-content\\\/uploads\\\/2023\\\/11\\\/Copia-de-Copia-de-Comunicados-oficiales-1.png\",\"articleSection\":[\"noticias\"],\"inLanguage\":\"es\",\"potentialAction\":[{\"@type\":\"CommentAction\",\"name\":\"Comment\",\"target\":[\"https:\\\/\\\/edumas.gov.co\\\/inicio\\\/2023\\\/10\\\/26\\\/comunicado-oficial-2\\\/#respond\"]}]},{\"@type\":\"WebPage\",\"@id\":\"https:\\\/\\\/edumas.gov.co\\\/inicio\\\/2023\\\/10\\\/26\\\/comunicado-oficial-2\\\/\",\"url\":\"https:\\\/\\\/edumas.gov.co\\\/inicio\\\/2023\\\/10\\\/26\\\/comunicado-oficial-2\\\/\",\"name\":\"Comunicado oficial - Edumas\",\"isPartOf\":{\"@id\":\"https:\\\/\\\/edumas.gov.co\\\/inicio\\\/#website\"},\"primaryImageOfPage\":{\"@id\":\"https:\\\/\\\/edumas.gov.co\\\/inicio\\\/2023\\\/10\\\/26\\\/comunicado-oficial-2\\\/#primaryimage\"},\"image\":{\"@id\":\"https:\\\/\\\/edumas.gov.co\\\/inicio\\\/2023\\\/10\\\/26\\\/comunicado-oficial-2\\\/#primaryimage\"},\"thumbnailUrl\":\"https:\\\/\\\/edumas.gov.co\\\/wp-content\\\/uploads\\\/2023\\\/11\\\/Copia-de-Copia-de-Comunicados-oficiales-1.png\",\"datePublished\":\"2023-10-26T16:38:00+00:00\",\"dateModified\":\"2023-11-10T17:00:05+00:00\",\"breadcrumb\":{\"@id\":\"https:\\\/\\\/edumas.gov.co\\\/inicio\\\/2023\\\/10\\\/26\\\/comunicado-oficial-2\\\/#breadcrumb\"},\"inLanguage\":\"es\",\"potentialAction\":[{\"@type\":\"ReadAction\",\"target\":[\"https:\\\/\\\/edumas.gov.co\\\/inicio\\\/2023\\\/10\\\/26\\\/comunicado-oficial-2\\\/\"]}]},{\"@type\":\"ImageObject\",\"inLanguage\":\"es\",\"@id\":\"https:\\\/\\\/edumas.gov.co\\\/inicio\\\/2023\\\/10\\\/26\\\/comunicado-oficial-2\\\/#primaryimage\",\"url\":\"https:\\\/\\\/edumas.gov.co\\\/wp-content\\\/uploads\\\/2023\\\/11\\\/Copia-de-Copia-de-Comunicados-oficiales-1.png\",\"contentUrl\":\"https:\\\/\\\/edumas.gov.co\\\/wp-content\\\/uploads\\\/2023\\\/11\\\/Copia-de-Copia-de-Comunicados-oficiales-1.png\",\"width\":1080,\"height\":1080},{\"@type\":\"BreadcrumbList\",\"@id\":\"https:\\\/\\\/edumas.gov.co\\\/inicio\\\/2023\\\/10\\\/26\\\/comunicado-oficial-2\\\/#breadcrumb\",\"itemListElement\":[{\"@type\":\"ListItem\",\"position\":1,\"name\":\"Portada\",\"item\":\"https:\\\/\\\/edumas.gov.co\\\/inicio\\\/\"},{\"@type\":\"ListItem\",\"position\":2,\"name\":\"Comunicado oficial\"}]},{\"@type\":\"WebSite\",\"@id\":\"https:\\\/\\\/edumas.gov.co\\\/inicio\\\/#website\",\"url\":\"https:\\\/\\\/edumas.gov.co\\\/inicio\\\/\",\"name\":\"Edumas\",\"description\":\"Edumas\",\"publisher\":{\"@id\":\"https:\\\/\\\/edumas.gov.co\\\/inicio\\\/#organization\"},\"potentialAction\":[{\"@type\":\"SearchAction\",\"target\":{\"@type\":\"EntryPoint\",\"urlTemplate\":\"https:\\\/\\\/edumas.gov.co\\\/inicio\\\/?s={search_term_string}\"},\"query-input\":{\"@type\":\"PropertyValueSpecification\",\"valueRequired\":true,\"valueName\":\"search_term_string\"}}],\"inLanguage\":\"es\"},{\"@type\":\"Organization\",\"@id\":\"https:\\\/\\\/edumas.gov.co\\\/inicio\\\/#organization\",\"name\":\"Edumas\",\"url\":\"https:\\\/\\\/edumas.gov.co\\\/inicio\\\/\",\"logo\":{\"@type\":\"ImageObject\",\"inLanguage\":\"es\",\"@id\":\"https:\\\/\\\/edumas.gov.co\\\/inicio\\\/#\\\/schema\\\/logo\\\/image\\\/\",\"url\":\"https:\\\/\\\/edumas.gov.co\\\/wp-content\\\/uploads\\\/2024\\\/10\\\/Perfil-Instagram-PhotoRoom.png-PhotoRoom.png\",\"contentUrl\":\"https:\\\/\\\/edumas.gov.co\\\/wp-content\\\/uploads\\\/2024\\\/10\\\/Perfil-Instagram-PhotoRoom.png-PhotoRoom.png\",\"width\":648,\"height\":233,\"caption\":\"Edumas\"},\"image\":{\"@id\":\"https:\\\/\\\/edumas.gov.co\\\/inicio\\\/#\\\/schema\\\/logo\\\/image\\\/\"}},{\"@type\":\"Person\",\"@id\":\"https:\\\/\\\/edumas.gov.co\\\/inicio\\\/#\\\/schema\\\/person\\\/e2e82a662fd06864325b88811079b05a\",\"name\":\"edumas\",\"image\":{\"@type\":\"ImageObject\",\"inLanguage\":\"es\",\"@id\":\"https:\\\/\\\/edumas.gov.co\\\/wp-content\\\/uploads\\\/2025\\\/03\\\/WhatsApp-Image-2025-03-06-at-12.44.58-PM-150x150.jpeg\",\"url\":\"https:\\\/\\\/edumas.gov.co\\\/wp-content\\\/uploads\\\/2025\\\/03\\\/WhatsApp-Image-2025-03-06-at-12.44.58-PM-150x150.jpeg\",\"contentUrl\":\"https:\\\/\\\/edumas.gov.co\\\/wp-content\\\/uploads\\\/2025\\\/03\\\/WhatsApp-Image-2025-03-06-at-12.44.58-PM-150x150.jpeg\",\"caption\":\"edumas\"},\"sameAs\":[\"https:\\\/\\\/test.edumas.gov.co\"],\"url\":\"https:\\\/\\\/edumas.gov.co\\\/inicio\\\/author\\\/edumas\\\/\"}]}<\/script>\n<!-- \/ Yoast SEO plugin. -->","yoast_head_json":{"title":"Comunicado oficial - Edumas","robots":{"index":"index","follow":"follow","max-snippet":"max-snippet:-1","max-image-preview":"max-image-preview:large","max-video-preview":"max-video-preview:-1"},"canonical":"https:\/\/edumas.gov.co\/inicio\/2023\/10\/26\/comunicado-oficial-2\/","og_locale":"es_ES","og_type":"article","og_title":"Comunicado oficial - Edumas","og_description":"Teniendo en cuenta las elecciones territoriales, la movilidad y los hechos de inseguridad que seest\u00e1n viviendo en el municipio, la gerencia en compa\u00f1\u00eda con el \u00e1rea administrativa determino queel d\u00eda veintisiete (27) de octubre de 2023, la jornada laboral se desarrollara a trav\u00e9s de trabajoremoto; Esto con el fin de salvaguardar la integridad de los [&hellip;]","og_url":"https:\/\/edumas.gov.co\/inicio\/2023\/10\/26\/comunicado-oficial-2\/","og_site_name":"Edumas","article_published_time":"2023-10-26T16:38:00+00:00","article_modified_time":"2023-11-10T17:00:05+00:00","og_image":[{"width":1080,"height":1080,"url":"https:\/\/edumas.gov.co\/wp-content\/uploads\/2023\/11\/Copia-de-Copia-de-Comunicados-oficiales-1.png","type":"image\/png"}],"author":"edumas","twitter_card":"summary_large_image","twitter_misc":{"Escrito por":"edumas","Tiempo de lectura":"1 minuto"},"schema":{"@context":"https:\/\/schema.org","@graph":[{"@type":"Article","@id":"https:\/\/edumas.gov.co\/inicio\/2023\/10\/26\/comunicado-oficial-2\/#article","isPartOf":{"@id":"https:\/\/edumas.gov.co\/inicio\/2023\/10\/26\/comunicado-oficial-2\/"},"author":{"name":"edumas","@id":"https:\/\/edumas.gov.co\/inicio\/#\/schema\/person\/e2e82a662fd06864325b88811079b05a"},"headline":"Comunicado oficial","datePublished":"2023-10-26T16:38:00+00:00","dateModified":"2023-11-10T17:00:05+00:00","mainEntityOfPage":{"@id":"https:\/\/edumas.gov.co\/inicio\/2023\/10\/26\/comunicado-oficial-2\/"},"wordCount":109,"commentCount":0,"publisher":{"@id":"https:\/\/edumas.gov.co\/inicio\/#organization"},"image":{"@id":"https:\/\/edumas.gov.co\/inicio\/2023\/10\/26\/comunicado-oficial-2\/#primaryimage"},"thumbnailUrl":"https:\/\/edumas.gov.co\/wp-content\/uploads\/2023\/11\/Copia-de-Copia-de-Comunicados-oficiales-1.png","articleSection":["noticias"],"inLanguage":"es","potentialAction":[{"@type":"CommentAction","name":"Comment","target":["https:\/\/edumas.gov.co\/inicio\/2023\/10\/26\/comunicado-oficial-2\/#respond"]}]},{"@type":"WebPage","@id":"https:\/\/edumas.gov.co\/inicio\/2023\/10\/26\/comunicado-oficial-2\/","url":"https:\/\/edumas.gov.co\/inicio\/2023\/10\/26\/comunicado-oficial-2\/","name":"Comunicado oficial - Edumas","isPartOf":{"@id":"https:\/\/edumas.gov.co\/inicio\/#website"},"primaryImageOfPage":{"@id":"https:\/\/edumas.gov.co\/inicio\/2023\/10\/26\/comunicado-oficial-2\/#primaryimage"},"image":{"@id":"https:\/\/edumas.gov.co\/inicio\/2023\/10\/26\/comunicado-oficial-2\/#primaryimage"},"thumbnailUrl":"https:\/\/edumas.gov.co\/wp-content\/uploads\/2023\/11\/Copia-de-Copia-de-Comunicados-oficiales-1.png","datePublished":"2023-10-26T16:38:00+00:00","dateModified":"2023-11-10T17:00:05+00:00","breadcrumb":{"@id":"https:\/\/edumas.gov.co\/inicio\/2023\/10\/26\/comunicado-oficial-2\/#breadcrumb"},"inLanguage":"es","potentialAction":[{"@type":"ReadAction","target":["https:\/\/edumas.gov.co\/inicio\/2023\/10\/26\/comunicado-oficial-2\/"]}]},{"@type":"ImageObject","inLanguage":"es","@id":"https:\/\/edumas.gov.co\/inicio\/2023\/10\/26\/comunicado-oficial-2\/#primaryimage","url":"https:\/\/edumas.gov.co\/wp-content\/uploads\/2023\/11\/Copia-de-Copia-de-Comunicados-oficiales-1.png","contentUrl":"https:\/\/edumas.gov.co\/wp-content\/uploads\/2023\/11\/Copia-de-Copia-de-Comunicados-oficiales-1.png","width":1080,"height":1080},{"@type":"BreadcrumbList","@id":"https:\/\/edumas.gov.co\/inicio\/2023\/10\/26\/comunicado-oficial-2\/#breadcrumb","itemListElement":[{"@type":"ListItem","position":1,"name":"Portada","item":"https:\/\/edumas.gov.co\/inicio\/"},{"@type":"ListItem","position":2,"name":"Comunicado oficial"}]},{"@type":"WebSite","@id":"https:\/\/edumas.gov.co\/inicio\/#website","url":"https:\/\/edumas.gov.co\/inicio\/","name":"Edumas","description":"Edumas","publisher":{"@id":"https:\/\/edumas.gov.co\/inicio\/#organization"},"potentialAction":[{"@type":"SearchAction","target":{"@type":"EntryPoint","urlTemplate":"https:\/\/edumas.gov.co\/inicio\/?s={search_term_string}"},"query-input":{"@type":"PropertyValueSpecification","valueRequired":true,"valueName":"search_term_string"}}],"inLanguage":"es"},{"@type":"Organization","@id":"https:\/\/edumas.gov.co\/inicio\/#organization","name":"Edumas","url":"https:\/\/edumas.gov.co\/inicio\/","logo":{"@type":"ImageObject","inLanguage":"es","@id":"https:\/\/edumas.gov.co\/inicio\/#\/schema\/logo\/image\/","url":"https:\/\/edumas.gov.co\/wp-content\/uploads\/2024\/10\/Perfil-Instagram-PhotoRoom.png-PhotoRoom.png","contentUrl":"https:\/\/edumas.gov.co\/wp-content\/uploads\/2024\/10\/Perfil-Instagram-PhotoRoom.png-PhotoRoom.png","width":648,"height":233,"caption":"Edumas"},"image":{"@id":"https:\/\/edumas.gov.co\/inicio\/#\/schema\/logo\/image\/"}},{"@type":"Person","@id":"https:\/\/edumas.gov.co\/inicio\/#\/schema\/person\/e2e82a662fd06864325b88811079b05a","name":"edumas","image":{"@type":"ImageObject","inLanguage":"es","@id":"https:\/\/edumas.gov.co\/wp-content\/uploads\/2025\/03\/WhatsApp-Image-2025-03-06-at-12.44.58-PM-150x150.jpeg","url":"https:\/\/edumas.gov.co\/wp-content\/uploads\/2025\/03\/WhatsApp-Image-2025-03-06-at-12.44.58-PM-150x150.jpeg","contentUrl":"https:\/\/edumas.gov.co\/wp-content\/uploads\/2025\/03\/WhatsApp-Image-2025-03-06-at-12.44.58-PM-150x150.jpeg","caption":"edumas"},"sameAs":["https:\/\/test.edumas.gov.co"],"url":"https:\/\/edumas.gov.co\/inicio\/author\/edumas\/"}]}},"_links":{"self":[{"href":"https:\/\/edumas.gov.co\/inicio\/wp-json\/wp\/v2\/posts\/1633","targetHints":{"allow":["GET"]}}],"collection":[{"href":"https:\/\/edumas.gov.co\/inicio\/wp-json\/wp\/v2\/posts"}],"about":[{"href":"https:\/\/edumas.gov.co\/inicio\/wp-json\/wp\/v2\/types\/post"}],"author":[{"embeddable":true,"href":"https:\/\/edumas.gov.co\/inicio\/wp-json\/wp\/v2\/users\/1"}],"replies":[{"embeddable":true,"href":"https:\/\/edumas.gov.co\/inicio\/wp-json\/wp\/v2\/comments?post=1633"}],"version-history":[{"count":1,"href":"https:\/\/edumas.gov.co\/inicio\/wp-json\/wp\/v2\/posts\/1633\/revisions"}],"predecessor-version":[{"id":1637,"href":"https:\/\/edumas.gov.co\/inicio\/wp-json\/wp\/v2\/posts\/1633\/revisions\/1637"}],"wp:featuredmedia":[{"embeddable":true,"href":"https:\/\/edumas.gov.co\/inicio\/wp-json\/wp\/v2\/media\/1635"}],"wp:attachment":[{"href":"https:\/\/edumas.gov.co\/inicio\/wp-json\/wp\/v2\/media?parent=1633"}],"wp:term":[{"taxonomy":"category","embeddable":true,"href":"https:\/\/edumas.gov.co\/inicio\/wp-json\/wp\/v2\/categories?post=1633"},{"taxonomy":"post_tag","embeddable":true,"href":"https:\/\/edumas.gov.co\/inicio\/wp-json\/wp\/v2\/tags?post=1633"}],"curies":[{"name":"wp","href":"https:\/\/api.w.org\/{rel}","templated":true}]}}