{"id":1654,"date":"2017-12-22T17:19:00","date_gmt":"2017-12-22T17:19:00","guid":{"rendered":"https:\/\/test.edumas.gov.co\/?p=1654"},"modified":"2023-11-15T17:23:00","modified_gmt":"2023-11-15T17:23:00","slug":"jornada-de-limpiaton-y-poda-de-arboles","status":"publish","type":"post","link":"https:\/\/edumas.gov.co\/inicio\/2017\/12\/22\/jornada-de-limpiaton-y-poda-de-arboles\/","title":{"rendered":"Jornada de Limpiat\u00f3n y poda de \u00e1rboles"},"content":{"rendered":"\n<p class=\"wp-block-paragraph\"><strong>Alrededor de 50 familias\u00a0 de\u00a0 Soledad 2000 se beneficiaron de la labor realizada por Edumas<\/strong>.<\/p>\n\n\n\n<p class=\"wp-block-paragraph\">Con la colaboraci\u00f3n del cuerpo de Bomberos e Interaseo, se realiz\u00f3 la limpieza del antiguo polideportivo, donde se logr\u00f3 recolectar 110 toneladas de residuos s\u00f3lidos como parte del plan de saneamiento ambiental que se impulsa en el municipio de Soledad, en la jornada tambi\u00e9n se intervino los \u00e1rboles ubicados en el CAI\u00a0 y sus alrededores.<\/p>\n\n\n\n<p class=\"wp-block-paragraph\">Fernando Valencia, gerente de Edumas, afirm\u00f3 que la idea es implementar jornadas similares,\u00a0 trabajando\u00a0 por una Soledad limpia y amigable con el medio ambiente, adem\u00e1s de que es importante realizar la poda de \u00e1rboles que est\u00e1n en mal estado y que representan un peligro para toda la comunidad.<\/p>\n\n\n\n<figure class=\"wp-block-gallery has-nested-images columns-default is-cropped wp-block-gallery-1 is-layout-flex wp-block-gallery-is-layout-flex\">\n<figure class=\"wp-block-image size-large\"><img fetchpriority=\"high\" decoding=\"async\" width=\"300\" height=\"225\" data-id=\"1656\" src=\"https:\/\/test.edumas.gov.co\/wp-content\/uploads\/2023\/11\/WhatsApp-Image-2017-12-21-at-6.55.22-PM-300x225-1.jpeg\" alt=\"\" class=\"wp-image-1656\"\/><\/figure>\n\n\n\n<figure class=\"wp-block-image size-large\"><img decoding=\"async\" width=\"300\" height=\"225\" data-id=\"1657\" src=\"https:\/\/test.edumas.gov.co\/wp-content\/uploads\/2023\/11\/WhatsApp-Image-2017-12-21-at-6.55.21-PM-300x225-1.jpeg\" alt=\"\" class=\"wp-image-1657\"\/><\/figure>\n<\/figure>\n\n\n\n<p class=\"wp-block-paragraph\">El prop\u00f3sito del Edumas, es que confluyan y trabajen por un objetivo com\u00fan, Interaseo, Interventor\u00eda, juntas de acciones comunales y miembros de la comunidad. El resultado que espera el municipio, es que se genere <strong>un cambio que impacte visualmente todos los sectores<\/strong>, adem\u00e1s de convertir a los ciudadanos en veedores del control de los espacios p\u00fablicos.<\/p>\n","protected":false},"excerpt":{"rendered":"<p>Alrededor de 50 familias\u00a0 de\u00a0 Soledad 2000 se beneficiaron de la labor realizada por Edumas. Con la colaboraci\u00f3n del cuerpo de Bomberos e Interaseo, se realiz\u00f3 la limpieza del antiguo polideportivo, donde se logr\u00f3 recolectar 110 toneladas de residuos s\u00f3lidos como parte del plan de saneamiento ambiental que se impulsa en el municipio de Soledad, [&hellip;]<\/p>\n","protected":false},"author":1,"featured_media":1655,"comment_status":"open","ping_status":"open","sticky":false,"template":"","format":"standard","meta":{"footnotes":""},"categories":[26],"tags":[],"class_list":["post-1654","post","type-post","status-publish","format-standard","has-post-thumbnail","hentry","category-noticias"],"yoast_head":"<!-- This site is optimized with the Yoast SEO plugin v27.4 - https:\/\/yoast.com\/product\/yoast-seo-wordpress\/ -->\n<title>Jornada de Limpiat\u00f3n y poda de \u00e1rboles - Edumas<\/title>\n<meta name=\"robots\" content=\"index, follow, max-snippet:-1, max-image-preview:large, max-video-preview:-1\" \/>\n<link rel=\"canonical\" href=\"https:\/\/edumas.gov.co\/inicio\/2017\/12\/22\/jornada-de-limpiaton-y-poda-de-arboles\/\" \/>\n<meta property=\"og:locale\" content=\"es_ES\" \/>\n<meta property=\"og:type\" content=\"article\" \/>\n<meta property=\"og:title\" content=\"Jornada de Limpiat\u00f3n y poda de \u00e1rboles - Edumas\" \/>\n<meta property=\"og:description\" content=\"Alrededor de 50 familias\u00a0 de\u00a0 Soledad 2000 se beneficiaron de la labor realizada por Edumas. Con la colaboraci\u00f3n del cuerpo de Bomberos e Interaseo, se realiz\u00f3 la limpieza del antiguo polideportivo, donde se logr\u00f3 recolectar 110 toneladas de residuos s\u00f3lidos como parte del plan de saneamiento ambiental que se impulsa en el municipio de Soledad, [&hellip;]\" \/>\n<meta property=\"og:url\" content=\"https:\/\/edumas.gov.co\/inicio\/2017\/12\/22\/jornada-de-limpiaton-y-poda-de-arboles\/\" \/>\n<meta property=\"og:site_name\" content=\"Edumas\" \/>\n<meta property=\"article:published_time\" content=\"2017-12-22T17:19:00+00:00\" \/>\n<meta property=\"article:modified_time\" content=\"2023-11-15T17:23:00+00:00\" \/>\n<meta property=\"og:image\" content=\"https:\/\/edumas.gov.co\/wp-content\/uploads\/2023\/11\/Jornada-de-Limpiaton-y-poda-de-arboles.jpeg\" \/>\n\t<meta property=\"og:image:width\" content=\"1280\" \/>\n\t<meta property=\"og:image:height\" content=\"960\" \/>\n\t<meta property=\"og:image:type\" content=\"image\/jpeg\" \/>\n<meta name=\"author\" content=\"edumas\" \/>\n<meta name=\"twitter:card\" content=\"summary_large_image\" \/>\n<meta name=\"twitter:label1\" content=\"Escrito por\" \/>\n\t<meta name=\"twitter:data1\" content=\"edumas\" \/>\n\t<meta name=\"twitter:label2\" content=\"Tiempo de lectura\" \/>\n\t<meta name=\"twitter:data2\" content=\"1 minuto\" \/>\n<script type=\"application\/ld+json\" class=\"yoast-schema-graph\">{\"@context\":\"https:\\\/\\\/schema.org\",\"@graph\":[{\"@type\":\"Article\",\"@id\":\"https:\\\/\\\/edumas.gov.co\\\/inicio\\\/2017\\\/12\\\/22\\\/jornada-de-limpiaton-y-poda-de-arboles\\\/#article\",\"isPartOf\":{\"@id\":\"https:\\\/\\\/edumas.gov.co\\\/inicio\\\/2017\\\/12\\\/22\\\/jornada-de-limpiaton-y-poda-de-arboles\\\/\"},\"author\":{\"name\":\"edumas\",\"@id\":\"https:\\\/\\\/edumas.gov.co\\\/inicio\\\/#\\\/schema\\\/person\\\/e2e82a662fd06864325b88811079b05a\"},\"headline\":\"Jornada de Limpiat\u00f3n y poda de \u00e1rboles\",\"datePublished\":\"2017-12-22T17:19:00+00:00\",\"dateModified\":\"2023-11-15T17:23:00+00:00\",\"mainEntityOfPage\":{\"@id\":\"https:\\\/\\\/edumas.gov.co\\\/inicio\\\/2017\\\/12\\\/22\\\/jornada-de-limpiaton-y-poda-de-arboles\\\/\"},\"wordCount\":189,\"commentCount\":8,\"publisher\":{\"@id\":\"https:\\\/\\\/edumas.gov.co\\\/inicio\\\/#organization\"},\"image\":{\"@id\":\"https:\\\/\\\/edumas.gov.co\\\/inicio\\\/2017\\\/12\\\/22\\\/jornada-de-limpiaton-y-poda-de-arboles\\\/#primaryimage\"},\"thumbnailUrl\":\"https:\\\/\\\/edumas.gov.co\\\/wp-content\\\/uploads\\\/2023\\\/11\\\/Jornada-de-Limpiaton-y-poda-de-arboles.jpeg\",\"articleSection\":[\"noticias\"],\"inLanguage\":\"es\",\"potentialAction\":[{\"@type\":\"CommentAction\",\"name\":\"Comment\",\"target\":[\"https:\\\/\\\/edumas.gov.co\\\/inicio\\\/2017\\\/12\\\/22\\\/jornada-de-limpiaton-y-poda-de-arboles\\\/#respond\"]}]},{\"@type\":\"WebPage\",\"@id\":\"https:\\\/\\\/edumas.gov.co\\\/inicio\\\/2017\\\/12\\\/22\\\/jornada-de-limpiaton-y-poda-de-arboles\\\/\",\"url\":\"https:\\\/\\\/edumas.gov.co\\\/inicio\\\/2017\\\/12\\\/22\\\/jornada-de-limpiaton-y-poda-de-arboles\\\/\",\"name\":\"Jornada de Limpiat\u00f3n y poda de \u00e1rboles - Edumas\",\"isPartOf\":{\"@id\":\"https:\\\/\\\/edumas.gov.co\\\/inicio\\\/#website\"},\"primaryImageOfPage\":{\"@id\":\"https:\\\/\\\/edumas.gov.co\\\/inicio\\\/2017\\\/12\\\/22\\\/jornada-de-limpiaton-y-poda-de-arboles\\\/#primaryimage\"},\"image\":{\"@id\":\"https:\\\/\\\/edumas.gov.co\\\/inicio\\\/2017\\\/12\\\/22\\\/jornada-de-limpiaton-y-poda-de-arboles\\\/#primaryimage\"},\"thumbnailUrl\":\"https:\\\/\\\/edumas.gov.co\\\/wp-content\\\/uploads\\\/2023\\\/11\\\/Jornada-de-Limpiaton-y-poda-de-arboles.jpeg\",\"datePublished\":\"2017-12-22T17:19:00+00:00\",\"dateModified\":\"2023-11-15T17:23:00+00:00\",\"breadcrumb\":{\"@id\":\"https:\\\/\\\/edumas.gov.co\\\/inicio\\\/2017\\\/12\\\/22\\\/jornada-de-limpiaton-y-poda-de-arboles\\\/#breadcrumb\"},\"inLanguage\":\"es\",\"potentialAction\":[{\"@type\":\"ReadAction\",\"target\":[\"https:\\\/\\\/edumas.gov.co\\\/inicio\\\/2017\\\/12\\\/22\\\/jornada-de-limpiaton-y-poda-de-arboles\\\/\"]}]},{\"@type\":\"ImageObject\",\"inLanguage\":\"es\",\"@id\":\"https:\\\/\\\/edumas.gov.co\\\/inicio\\\/2017\\\/12\\\/22\\\/jornada-de-limpiaton-y-poda-de-arboles\\\/#primaryimage\",\"url\":\"https:\\\/\\\/edumas.gov.co\\\/wp-content\\\/uploads\\\/2023\\\/11\\\/Jornada-de-Limpiaton-y-poda-de-arboles.jpeg\",\"contentUrl\":\"https:\\\/\\\/edumas.gov.co\\\/wp-content\\\/uploads\\\/2023\\\/11\\\/Jornada-de-Limpiaton-y-poda-de-arboles.jpeg\",\"width\":1280,\"height\":960},{\"@type\":\"BreadcrumbList\",\"@id\":\"https:\\\/\\\/edumas.gov.co\\\/inicio\\\/2017\\\/12\\\/22\\\/jornada-de-limpiaton-y-poda-de-arboles\\\/#breadcrumb\",\"itemListElement\":[{\"@type\":\"ListItem\",\"position\":1,\"name\":\"Portada\",\"item\":\"https:\\\/\\\/edumas.gov.co\\\/inicio\\\/\"},{\"@type\":\"ListItem\",\"position\":2,\"name\":\"Jornada de Limpiat\u00f3n y poda de \u00e1rboles\"}]},{\"@type\":\"WebSite\",\"@id\":\"https:\\\/\\\/edumas.gov.co\\\/inicio\\\/#website\",\"url\":\"https:\\\/\\\/edumas.gov.co\\\/inicio\\\/\",\"name\":\"Edumas\",\"description\":\"Edumas\",\"publisher\":{\"@id\":\"https:\\\/\\\/edumas.gov.co\\\/inicio\\\/#organization\"},\"potentialAction\":[{\"@type\":\"SearchAction\",\"target\":{\"@type\":\"EntryPoint\",\"urlTemplate\":\"https:\\\/\\\/edumas.gov.co\\\/inicio\\\/?s={search_term_string}\"},\"query-input\":{\"@type\":\"PropertyValueSpecification\",\"valueRequired\":true,\"valueName\":\"search_term_string\"}}],\"inLanguage\":\"es\"},{\"@type\":\"Organization\",\"@id\":\"https:\\\/\\\/edumas.gov.co\\\/inicio\\\/#organization\",\"name\":\"Edumas\",\"url\":\"https:\\\/\\\/edumas.gov.co\\\/inicio\\\/\",\"logo\":{\"@type\":\"ImageObject\",\"inLanguage\":\"es\",\"@id\":\"https:\\\/\\\/edumas.gov.co\\\/inicio\\\/#\\\/schema\\\/logo\\\/image\\\/\",\"url\":\"https:\\\/\\\/edumas.gov.co\\\/wp-content\\\/uploads\\\/2024\\\/10\\\/Perfil-Instagram-PhotoRoom.png-PhotoRoom.png\",\"contentUrl\":\"https:\\\/\\\/edumas.gov.co\\\/wp-content\\\/uploads\\\/2024\\\/10\\\/Perfil-Instagram-PhotoRoom.png-PhotoRoom.png\",\"width\":648,\"height\":233,\"caption\":\"Edumas\"},\"image\":{\"@id\":\"https:\\\/\\\/edumas.gov.co\\\/inicio\\\/#\\\/schema\\\/logo\\\/image\\\/\"}},{\"@type\":\"Person\",\"@id\":\"https:\\\/\\\/edumas.gov.co\\\/inicio\\\/#\\\/schema\\\/person\\\/e2e82a662fd06864325b88811079b05a\",\"name\":\"edumas\",\"image\":{\"@type\":\"ImageObject\",\"inLanguage\":\"es\",\"@id\":\"https:\\\/\\\/edumas.gov.co\\\/wp-content\\\/uploads\\\/2025\\\/03\\\/WhatsApp-Image-2025-03-06-at-12.44.58-PM-150x150.jpeg\",\"url\":\"https:\\\/\\\/edumas.gov.co\\\/wp-content\\\/uploads\\\/2025\\\/03\\\/WhatsApp-Image-2025-03-06-at-12.44.58-PM-150x150.jpeg\",\"contentUrl\":\"https:\\\/\\\/edumas.gov.co\\\/wp-content\\\/uploads\\\/2025\\\/03\\\/WhatsApp-Image-2025-03-06-at-12.44.58-PM-150x150.jpeg\",\"caption\":\"edumas\"},\"sameAs\":[\"https:\\\/\\\/test.edumas.gov.co\"],\"url\":\"https:\\\/\\\/edumas.gov.co\\\/inicio\\\/author\\\/edumas\\\/\"}]}<\/script>\n<!-- \/ Yoast SEO plugin. -->","yoast_head_json":{"title":"Jornada de Limpiat\u00f3n y poda de \u00e1rboles - Edumas","robots":{"index":"index","follow":"follow","max-snippet":"max-snippet:-1","max-image-preview":"max-image-preview:large","max-video-preview":"max-video-preview:-1"},"canonical":"https:\/\/edumas.gov.co\/inicio\/2017\/12\/22\/jornada-de-limpiaton-y-poda-de-arboles\/","og_locale":"es_ES","og_type":"article","og_title":"Jornada de Limpiat\u00f3n y poda de \u00e1rboles - Edumas","og_description":"Alrededor de 50 familias\u00a0 de\u00a0 Soledad 2000 se beneficiaron de la labor realizada por Edumas. Con la colaboraci\u00f3n del cuerpo de Bomberos e Interaseo, se realiz\u00f3 la limpieza del antiguo polideportivo, donde se logr\u00f3 recolectar 110 toneladas de residuos s\u00f3lidos como parte del plan de saneamiento ambiental que se impulsa en el municipio de Soledad, [&hellip;]","og_url":"https:\/\/edumas.gov.co\/inicio\/2017\/12\/22\/jornada-de-limpiaton-y-poda-de-arboles\/","og_site_name":"Edumas","article_published_time":"2017-12-22T17:19:00+00:00","article_modified_time":"2023-11-15T17:23:00+00:00","og_image":[{"width":1280,"height":960,"url":"https:\/\/edumas.gov.co\/wp-content\/uploads\/2023\/11\/Jornada-de-Limpiaton-y-poda-de-arboles.jpeg","type":"image\/jpeg"}],"author":"edumas","twitter_card":"summary_large_image","twitter_misc":{"Escrito por":"edumas","Tiempo de lectura":"1 minuto"},"schema":{"@context":"https:\/\/schema.org","@graph":[{"@type":"Article","@id":"https:\/\/edumas.gov.co\/inicio\/2017\/12\/22\/jornada-de-limpiaton-y-poda-de-arboles\/#article","isPartOf":{"@id":"https:\/\/edumas.gov.co\/inicio\/2017\/12\/22\/jornada-de-limpiaton-y-poda-de-arboles\/"},"author":{"name":"edumas","@id":"https:\/\/edumas.gov.co\/inicio\/#\/schema\/person\/e2e82a662fd06864325b88811079b05a"},"headline":"Jornada de Limpiat\u00f3n y poda de \u00e1rboles","datePublished":"2017-12-22T17:19:00+00:00","dateModified":"2023-11-15T17:23:00+00:00","mainEntityOfPage":{"@id":"https:\/\/edumas.gov.co\/inicio\/2017\/12\/22\/jornada-de-limpiaton-y-poda-de-arboles\/"},"wordCount":189,"commentCount":8,"publisher":{"@id":"https:\/\/edumas.gov.co\/inicio\/#organization"},"image":{"@id":"https:\/\/edumas.gov.co\/inicio\/2017\/12\/22\/jornada-de-limpiaton-y-poda-de-arboles\/#primaryimage"},"thumbnailUrl":"https:\/\/edumas.gov.co\/wp-content\/uploads\/2023\/11\/Jornada-de-Limpiaton-y-poda-de-arboles.jpeg","articleSection":["noticias"],"inLanguage":"es","potentialAction":[{"@type":"CommentAction","name":"Comment","target":["https:\/\/edumas.gov.co\/inicio\/2017\/12\/22\/jornada-de-limpiaton-y-poda-de-arboles\/#respond"]}]},{"@type":"WebPage","@id":"https:\/\/edumas.gov.co\/inicio\/2017\/12\/22\/jornada-de-limpiaton-y-poda-de-arboles\/","url":"https:\/\/edumas.gov.co\/inicio\/2017\/12\/22\/jornada-de-limpiaton-y-poda-de-arboles\/","name":"Jornada de Limpiat\u00f3n y poda de \u00e1rboles - Edumas","isPartOf":{"@id":"https:\/\/edumas.gov.co\/inicio\/#website"},"primaryImageOfPage":{"@id":"https:\/\/edumas.gov.co\/inicio\/2017\/12\/22\/jornada-de-limpiaton-y-poda-de-arboles\/#primaryimage"},"image":{"@id":"https:\/\/edumas.gov.co\/inicio\/2017\/12\/22\/jornada-de-limpiaton-y-poda-de-arboles\/#primaryimage"},"thumbnailUrl":"https:\/\/edumas.gov.co\/wp-content\/uploads\/2023\/11\/Jornada-de-Limpiaton-y-poda-de-arboles.jpeg","datePublished":"2017-12-22T17:19:00+00:00","dateModified":"2023-11-15T17:23:00+00:00","breadcrumb":{"@id":"https:\/\/edumas.gov.co\/inicio\/2017\/12\/22\/jornada-de-limpiaton-y-poda-de-arboles\/#breadcrumb"},"inLanguage":"es","potentialAction":[{"@type":"ReadAction","target":["https:\/\/edumas.gov.co\/inicio\/2017\/12\/22\/jornada-de-limpiaton-y-poda-de-arboles\/"]}]},{"@type":"ImageObject","inLanguage":"es","@id":"https:\/\/edumas.gov.co\/inicio\/2017\/12\/22\/jornada-de-limpiaton-y-poda-de-arboles\/#primaryimage","url":"https:\/\/edumas.gov.co\/wp-content\/uploads\/2023\/11\/Jornada-de-Limpiaton-y-poda-de-arboles.jpeg","contentUrl":"https:\/\/edumas.gov.co\/wp-content\/uploads\/2023\/11\/Jornada-de-Limpiaton-y-poda-de-arboles.jpeg","width":1280,"height":960},{"@type":"BreadcrumbList","@id":"https:\/\/edumas.gov.co\/inicio\/2017\/12\/22\/jornada-de-limpiaton-y-poda-de-arboles\/#breadcrumb","itemListElement":[{"@type":"ListItem","position":1,"name":"Portada","item":"https:\/\/edumas.gov.co\/inicio\/"},{"@type":"ListItem","position":2,"name":"Jornada de Limpiat\u00f3n y poda de \u00e1rboles"}]},{"@type":"WebSite","@id":"https:\/\/edumas.gov.co\/inicio\/#website","url":"https:\/\/edumas.gov.co\/inicio\/","name":"Edumas","description":"Edumas","publisher":{"@id":"https:\/\/edumas.gov.co\/inicio\/#organization"},"potentialAction":[{"@type":"SearchAction","target":{"@type":"EntryPoint","urlTemplate":"https:\/\/edumas.gov.co\/inicio\/?s={search_term_string}"},"query-input":{"@type":"PropertyValueSpecification","valueRequired":true,"valueName":"search_term_string"}}],"inLanguage":"es"},{"@type":"Organization","@id":"https:\/\/edumas.gov.co\/inicio\/#organization","name":"Edumas","url":"https:\/\/edumas.gov.co\/inicio\/","logo":{"@type":"ImageObject","inLanguage":"es","@id":"https:\/\/edumas.gov.co\/inicio\/#\/schema\/logo\/image\/","url":"https:\/\/edumas.gov.co\/wp-content\/uploads\/2024\/10\/Perfil-Instagram-PhotoRoom.png-PhotoRoom.png","contentUrl":"https:\/\/edumas.gov.co\/wp-content\/uploads\/2024\/10\/Perfil-Instagram-PhotoRoom.png-PhotoRoom.png","width":648,"height":233,"caption":"Edumas"},"image":{"@id":"https:\/\/edumas.gov.co\/inicio\/#\/schema\/logo\/image\/"}},{"@type":"Person","@id":"https:\/\/edumas.gov.co\/inicio\/#\/schema\/person\/e2e82a662fd06864325b88811079b05a","name":"edumas","image":{"@type":"ImageObject","inLanguage":"es","@id":"https:\/\/edumas.gov.co\/wp-content\/uploads\/2025\/03\/WhatsApp-Image-2025-03-06-at-12.44.58-PM-150x150.jpeg","url":"https:\/\/edumas.gov.co\/wp-content\/uploads\/2025\/03\/WhatsApp-Image-2025-03-06-at-12.44.58-PM-150x150.jpeg","contentUrl":"https:\/\/edumas.gov.co\/wp-content\/uploads\/2025\/03\/WhatsApp-Image-2025-03-06-at-12.44.58-PM-150x150.jpeg","caption":"edumas"},"sameAs":["https:\/\/test.edumas.gov.co"],"url":"https:\/\/edumas.gov.co\/inicio\/author\/edumas\/"}]}},"_links":{"self":[{"href":"https:\/\/edumas.gov.co\/inicio\/wp-json\/wp\/v2\/posts\/1654","targetHints":{"allow":["GET"]}}],"collection":[{"href":"https:\/\/edumas.gov.co\/inicio\/wp-json\/wp\/v2\/posts"}],"about":[{"href":"https:\/\/edumas.gov.co\/inicio\/wp-json\/wp\/v2\/types\/post"}],"author":[{"embeddable":true,"href":"https:\/\/edumas.gov.co\/inicio\/wp-json\/wp\/v2\/users\/1"}],"replies":[{"embeddable":true,"href":"https:\/\/edumas.gov.co\/inicio\/wp-json\/wp\/v2\/comments?post=1654"}],"version-history":[{"count":1,"href":"https:\/\/edumas.gov.co\/inicio\/wp-json\/wp\/v2\/posts\/1654\/revisions"}],"predecessor-version":[{"id":1658,"href":"https:\/\/edumas.gov.co\/inicio\/wp-json\/wp\/v2\/posts\/1654\/revisions\/1658"}],"wp:featuredmedia":[{"embeddable":true,"href":"https:\/\/edumas.gov.co\/inicio\/wp-json\/wp\/v2\/media\/1655"}],"wp:attachment":[{"href":"https:\/\/edumas.gov.co\/inicio\/wp-json\/wp\/v2\/media?parent=1654"}],"wp:term":[{"taxonomy":"category","embeddable":true,"href":"https:\/\/edumas.gov.co\/inicio\/wp-json\/wp\/v2\/categories?post=1654"},{"taxonomy":"post_tag","embeddable":true,"href":"https:\/\/edumas.gov.co\/inicio\/wp-json\/wp\/v2\/tags?post=1654"}],"curies":[{"name":"wp","href":"https:\/\/api.w.org\/{rel}","templated":true}]}}