{"id":1677,"date":"2017-11-25T18:48:00","date_gmt":"2017-11-25T18:48:00","guid":{"rendered":"https:\/\/test.edumas.gov.co\/?p=1677"},"modified":"2023-11-15T20:11:37","modified_gmt":"2023-11-15T20:11:37","slug":"edumas-pone-en-marcha-programa-ponte-legal-con-lo-ambiental","status":"publish","type":"post","link":"https:\/\/edumas.gov.co\/inicio\/2017\/11\/25\/edumas-pone-en-marcha-programa-ponte-legal-con-lo-ambiental\/","title":{"rendered":"Edumas pone en marcha programa: \u201cPonte legal con lo ambiental\u201d"},"content":{"rendered":"\n<p class=\"wp-block-paragraph\">En visitas realizadas durante el fin de semana a todos los establecimientos de comidas del sector centro hist\u00f3rico del municipio, donde se les recalc\u00f3 la importancia del manejo de los residuos s\u00f3lidos y para ello se les hizo formalmente la invitaci\u00f3n a una capacitaci\u00f3n sobre este tema el d\u00eda martes 5 de diciembre a las 9 a.m. en el Museo Bolivariano ubicado en la plaza principal de Soledad.<\/p>\n\n\n\n<div class=\"wp-block-media-text is-stacked-on-mobile\"><figure class=\"wp-block-media-text__media\"><img fetchpriority=\"high\" decoding=\"async\" width=\"300\" height=\"225\" src=\"https:\/\/test.edumas.gov.co\/wp-content\/uploads\/2023\/11\/20171124_1949001-300x225-1.jpg\" alt=\"\" class=\"wp-image-1679 size-full\"\/><\/figure><div class=\"wp-block-media-text__content\">\n<p class=\"wp-block-paragraph\">El programa \u201cPonte legal con lo ambiental\u201d liderado por el Edumas y la colaboraci\u00f3n de las distintas entidades como Interaseo, Secretaria de Salud, Interventor\u00eda de Aseo y la Polic\u00eda Nacional; busca crear conciencia a todos aquellos comerciantes que manejan alimentos para el buen uso de estos residuos y evitar multas posteriores por su mal manejo.<\/p>\n<\/div><\/div>\n\n\n\n<p class=\"wp-block-paragraph\">Seg\u00fan el nuevo c\u00f3digo de polic\u00eda que entro en vigor a partir de este a\u00f1o la multa equivalente por este concepto acarrea un valor de $786.880 y de ah\u00ed la importancia de promover el h\u00e1bito de no arrojar desperdicios ya que esto da para sanci\u00f3n. Por otro lado se estar\u00e1 haciendo estas visitas peri\u00f3dicamente a todo el municipio realizando la pedagog\u00eda para tener una soledad limpia y confiable.<\/p>\n","protected":false},"excerpt":{"rendered":"<p>En visitas realizadas durante el fin de semana a todos los establecimientos de comidas del sector centro hist\u00f3rico del municipio, donde se les recalc\u00f3 la importancia del manejo de los residuos s\u00f3lidos y para ello se les hizo formalmente la invitaci\u00f3n a una capacitaci\u00f3n sobre este tema el d\u00eda martes 5 de diciembre a las [&hellip;]<\/p>\n","protected":false},"author":1,"featured_media":1681,"comment_status":"open","ping_status":"open","sticky":false,"template":"","format":"standard","meta":{"footnotes":""},"categories":[26],"tags":[],"class_list":["post-1677","post","type-post","status-publish","format-standard","has-post-thumbnail","hentry","category-noticias"],"yoast_head":"<!-- This site is optimized with the Yoast SEO plugin v27.4 - https:\/\/yoast.com\/product\/yoast-seo-wordpress\/ -->\n<title>Edumas pone en marcha programa: \u201cPonte legal con lo ambiental\u201d - Edumas<\/title>\n<meta name=\"robots\" content=\"index, follow, max-snippet:-1, max-image-preview:large, max-video-preview:-1\" \/>\n<link rel=\"canonical\" href=\"https:\/\/edumas.gov.co\/inicio\/2017\/11\/25\/edumas-pone-en-marcha-programa-ponte-legal-con-lo-ambiental\/\" \/>\n<meta property=\"og:locale\" content=\"es_ES\" \/>\n<meta property=\"og:type\" content=\"article\" \/>\n<meta property=\"og:title\" content=\"Edumas pone en marcha programa: \u201cPonte legal con lo ambiental\u201d - Edumas\" \/>\n<meta property=\"og:description\" content=\"En visitas realizadas durante el fin de semana a todos los establecimientos de comidas del sector centro hist\u00f3rico del municipio, donde se les recalc\u00f3 la importancia del manejo de los residuos s\u00f3lidos y para ello se les hizo formalmente la invitaci\u00f3n a una capacitaci\u00f3n sobre este tema el d\u00eda martes 5 de diciembre a las [&hellip;]\" \/>\n<meta property=\"og:url\" content=\"https:\/\/edumas.gov.co\/inicio\/2017\/11\/25\/edumas-pone-en-marcha-programa-ponte-legal-con-lo-ambiental\/\" \/>\n<meta property=\"og:site_name\" content=\"Edumas\" \/>\n<meta property=\"article:published_time\" content=\"2017-11-25T18:48:00+00:00\" \/>\n<meta property=\"article:modified_time\" content=\"2023-11-15T20:11:37+00:00\" \/>\n<meta property=\"og:image\" content=\"https:\/\/edumas.gov.co\/wp-content\/uploads\/2023\/11\/Imagen1-3.jpg\" \/>\n\t<meta property=\"og:image:width\" content=\"960\" \/>\n\t<meta property=\"og:image:height\" content=\"720\" \/>\n\t<meta property=\"og:image:type\" content=\"image\/jpeg\" \/>\n<meta name=\"author\" content=\"edumas\" \/>\n<meta name=\"twitter:card\" content=\"summary_large_image\" \/>\n<meta name=\"twitter:label1\" content=\"Escrito por\" \/>\n\t<meta name=\"twitter:data1\" content=\"edumas\" \/>\n\t<meta name=\"twitter:label2\" content=\"Tiempo de lectura\" \/>\n\t<meta name=\"twitter:data2\" content=\"1 minuto\" \/>\n<script type=\"application\/ld+json\" class=\"yoast-schema-graph\">{\"@context\":\"https:\\\/\\\/schema.org\",\"@graph\":[{\"@type\":\"Article\",\"@id\":\"https:\\\/\\\/edumas.gov.co\\\/inicio\\\/2017\\\/11\\\/25\\\/edumas-pone-en-marcha-programa-ponte-legal-con-lo-ambiental\\\/#article\",\"isPartOf\":{\"@id\":\"https:\\\/\\\/edumas.gov.co\\\/inicio\\\/2017\\\/11\\\/25\\\/edumas-pone-en-marcha-programa-ponte-legal-con-lo-ambiental\\\/\"},\"author\":{\"name\":\"edumas\",\"@id\":\"https:\\\/\\\/edumas.gov.co\\\/inicio\\\/#\\\/schema\\\/person\\\/e2e82a662fd06864325b88811079b05a\"},\"headline\":\"Edumas pone en marcha programa: \u201cPonte legal con lo ambiental\u201d\",\"datePublished\":\"2017-11-25T18:48:00+00:00\",\"dateModified\":\"2023-11-15T20:11:37+00:00\",\"mainEntityOfPage\":{\"@id\":\"https:\\\/\\\/edumas.gov.co\\\/inicio\\\/2017\\\/11\\\/25\\\/edumas-pone-en-marcha-programa-ponte-legal-con-lo-ambiental\\\/\"},\"wordCount\":215,\"commentCount\":0,\"publisher\":{\"@id\":\"https:\\\/\\\/edumas.gov.co\\\/inicio\\\/#organization\"},\"image\":{\"@id\":\"https:\\\/\\\/edumas.gov.co\\\/inicio\\\/2017\\\/11\\\/25\\\/edumas-pone-en-marcha-programa-ponte-legal-con-lo-ambiental\\\/#primaryimage\"},\"thumbnailUrl\":\"https:\\\/\\\/edumas.gov.co\\\/wp-content\\\/uploads\\\/2023\\\/11\\\/Imagen1-3.jpg\",\"articleSection\":[\"noticias\"],\"inLanguage\":\"es\",\"potentialAction\":[{\"@type\":\"CommentAction\",\"name\":\"Comment\",\"target\":[\"https:\\\/\\\/edumas.gov.co\\\/inicio\\\/2017\\\/11\\\/25\\\/edumas-pone-en-marcha-programa-ponte-legal-con-lo-ambiental\\\/#respond\"]}]},{\"@type\":\"WebPage\",\"@id\":\"https:\\\/\\\/edumas.gov.co\\\/inicio\\\/2017\\\/11\\\/25\\\/edumas-pone-en-marcha-programa-ponte-legal-con-lo-ambiental\\\/\",\"url\":\"https:\\\/\\\/edumas.gov.co\\\/inicio\\\/2017\\\/11\\\/25\\\/edumas-pone-en-marcha-programa-ponte-legal-con-lo-ambiental\\\/\",\"name\":\"Edumas pone en marcha programa: \u201cPonte legal con lo ambiental\u201d - Edumas\",\"isPartOf\":{\"@id\":\"https:\\\/\\\/edumas.gov.co\\\/inicio\\\/#website\"},\"primaryImageOfPage\":{\"@id\":\"https:\\\/\\\/edumas.gov.co\\\/inicio\\\/2017\\\/11\\\/25\\\/edumas-pone-en-marcha-programa-ponte-legal-con-lo-ambiental\\\/#primaryimage\"},\"image\":{\"@id\":\"https:\\\/\\\/edumas.gov.co\\\/inicio\\\/2017\\\/11\\\/25\\\/edumas-pone-en-marcha-programa-ponte-legal-con-lo-ambiental\\\/#primaryimage\"},\"thumbnailUrl\":\"https:\\\/\\\/edumas.gov.co\\\/wp-content\\\/uploads\\\/2023\\\/11\\\/Imagen1-3.jpg\",\"datePublished\":\"2017-11-25T18:48:00+00:00\",\"dateModified\":\"2023-11-15T20:11:37+00:00\",\"breadcrumb\":{\"@id\":\"https:\\\/\\\/edumas.gov.co\\\/inicio\\\/2017\\\/11\\\/25\\\/edumas-pone-en-marcha-programa-ponte-legal-con-lo-ambiental\\\/#breadcrumb\"},\"inLanguage\":\"es\",\"potentialAction\":[{\"@type\":\"ReadAction\",\"target\":[\"https:\\\/\\\/edumas.gov.co\\\/inicio\\\/2017\\\/11\\\/25\\\/edumas-pone-en-marcha-programa-ponte-legal-con-lo-ambiental\\\/\"]}]},{\"@type\":\"ImageObject\",\"inLanguage\":\"es\",\"@id\":\"https:\\\/\\\/edumas.gov.co\\\/inicio\\\/2017\\\/11\\\/25\\\/edumas-pone-en-marcha-programa-ponte-legal-con-lo-ambiental\\\/#primaryimage\",\"url\":\"https:\\\/\\\/edumas.gov.co\\\/wp-content\\\/uploads\\\/2023\\\/11\\\/Imagen1-3.jpg\",\"contentUrl\":\"https:\\\/\\\/edumas.gov.co\\\/wp-content\\\/uploads\\\/2023\\\/11\\\/Imagen1-3.jpg\",\"width\":960,\"height\":720},{\"@type\":\"BreadcrumbList\",\"@id\":\"https:\\\/\\\/edumas.gov.co\\\/inicio\\\/2017\\\/11\\\/25\\\/edumas-pone-en-marcha-programa-ponte-legal-con-lo-ambiental\\\/#breadcrumb\",\"itemListElement\":[{\"@type\":\"ListItem\",\"position\":1,\"name\":\"Portada\",\"item\":\"https:\\\/\\\/edumas.gov.co\\\/inicio\\\/\"},{\"@type\":\"ListItem\",\"position\":2,\"name\":\"Edumas pone en marcha programa: \u201cPonte legal con lo ambiental\u201d\"}]},{\"@type\":\"WebSite\",\"@id\":\"https:\\\/\\\/edumas.gov.co\\\/inicio\\\/#website\",\"url\":\"https:\\\/\\\/edumas.gov.co\\\/inicio\\\/\",\"name\":\"Edumas\",\"description\":\"Edumas\",\"publisher\":{\"@id\":\"https:\\\/\\\/edumas.gov.co\\\/inicio\\\/#organization\"},\"potentialAction\":[{\"@type\":\"SearchAction\",\"target\":{\"@type\":\"EntryPoint\",\"urlTemplate\":\"https:\\\/\\\/edumas.gov.co\\\/inicio\\\/?s={search_term_string}\"},\"query-input\":{\"@type\":\"PropertyValueSpecification\",\"valueRequired\":true,\"valueName\":\"search_term_string\"}}],\"inLanguage\":\"es\"},{\"@type\":\"Organization\",\"@id\":\"https:\\\/\\\/edumas.gov.co\\\/inicio\\\/#organization\",\"name\":\"Edumas\",\"url\":\"https:\\\/\\\/edumas.gov.co\\\/inicio\\\/\",\"logo\":{\"@type\":\"ImageObject\",\"inLanguage\":\"es\",\"@id\":\"https:\\\/\\\/edumas.gov.co\\\/inicio\\\/#\\\/schema\\\/logo\\\/image\\\/\",\"url\":\"https:\\\/\\\/edumas.gov.co\\\/wp-content\\\/uploads\\\/2024\\\/10\\\/Perfil-Instagram-PhotoRoom.png-PhotoRoom.png\",\"contentUrl\":\"https:\\\/\\\/edumas.gov.co\\\/wp-content\\\/uploads\\\/2024\\\/10\\\/Perfil-Instagram-PhotoRoom.png-PhotoRoom.png\",\"width\":648,\"height\":233,\"caption\":\"Edumas\"},\"image\":{\"@id\":\"https:\\\/\\\/edumas.gov.co\\\/inicio\\\/#\\\/schema\\\/logo\\\/image\\\/\"}},{\"@type\":\"Person\",\"@id\":\"https:\\\/\\\/edumas.gov.co\\\/inicio\\\/#\\\/schema\\\/person\\\/e2e82a662fd06864325b88811079b05a\",\"name\":\"edumas\",\"image\":{\"@type\":\"ImageObject\",\"inLanguage\":\"es\",\"@id\":\"https:\\\/\\\/edumas.gov.co\\\/wp-content\\\/uploads\\\/2025\\\/03\\\/WhatsApp-Image-2025-03-06-at-12.44.58-PM-150x150.jpeg\",\"url\":\"https:\\\/\\\/edumas.gov.co\\\/wp-content\\\/uploads\\\/2025\\\/03\\\/WhatsApp-Image-2025-03-06-at-12.44.58-PM-150x150.jpeg\",\"contentUrl\":\"https:\\\/\\\/edumas.gov.co\\\/wp-content\\\/uploads\\\/2025\\\/03\\\/WhatsApp-Image-2025-03-06-at-12.44.58-PM-150x150.jpeg\",\"caption\":\"edumas\"},\"sameAs\":[\"https:\\\/\\\/test.edumas.gov.co\"],\"url\":\"https:\\\/\\\/edumas.gov.co\\\/inicio\\\/author\\\/edumas\\\/\"}]}<\/script>\n<!-- \/ Yoast SEO plugin. -->","yoast_head_json":{"title":"Edumas pone en marcha programa: \u201cPonte legal con lo ambiental\u201d - Edumas","robots":{"index":"index","follow":"follow","max-snippet":"max-snippet:-1","max-image-preview":"max-image-preview:large","max-video-preview":"max-video-preview:-1"},"canonical":"https:\/\/edumas.gov.co\/inicio\/2017\/11\/25\/edumas-pone-en-marcha-programa-ponte-legal-con-lo-ambiental\/","og_locale":"es_ES","og_type":"article","og_title":"Edumas pone en marcha programa: \u201cPonte legal con lo ambiental\u201d - Edumas","og_description":"En visitas realizadas durante el fin de semana a todos los establecimientos de comidas del sector centro hist\u00f3rico del municipio, donde se les recalc\u00f3 la importancia del manejo de los residuos s\u00f3lidos y para ello se les hizo formalmente la invitaci\u00f3n a una capacitaci\u00f3n sobre este tema el d\u00eda martes 5 de diciembre a las [&hellip;]","og_url":"https:\/\/edumas.gov.co\/inicio\/2017\/11\/25\/edumas-pone-en-marcha-programa-ponte-legal-con-lo-ambiental\/","og_site_name":"Edumas","article_published_time":"2017-11-25T18:48:00+00:00","article_modified_time":"2023-11-15T20:11:37+00:00","og_image":[{"width":960,"height":720,"url":"https:\/\/edumas.gov.co\/wp-content\/uploads\/2023\/11\/Imagen1-3.jpg","type":"image\/jpeg"}],"author":"edumas","twitter_card":"summary_large_image","twitter_misc":{"Escrito por":"edumas","Tiempo de lectura":"1 minuto"},"schema":{"@context":"https:\/\/schema.org","@graph":[{"@type":"Article","@id":"https:\/\/edumas.gov.co\/inicio\/2017\/11\/25\/edumas-pone-en-marcha-programa-ponte-legal-con-lo-ambiental\/#article","isPartOf":{"@id":"https:\/\/edumas.gov.co\/inicio\/2017\/11\/25\/edumas-pone-en-marcha-programa-ponte-legal-con-lo-ambiental\/"},"author":{"name":"edumas","@id":"https:\/\/edumas.gov.co\/inicio\/#\/schema\/person\/e2e82a662fd06864325b88811079b05a"},"headline":"Edumas pone en marcha programa: \u201cPonte legal con lo ambiental\u201d","datePublished":"2017-11-25T18:48:00+00:00","dateModified":"2023-11-15T20:11:37+00:00","mainEntityOfPage":{"@id":"https:\/\/edumas.gov.co\/inicio\/2017\/11\/25\/edumas-pone-en-marcha-programa-ponte-legal-con-lo-ambiental\/"},"wordCount":215,"commentCount":0,"publisher":{"@id":"https:\/\/edumas.gov.co\/inicio\/#organization"},"image":{"@id":"https:\/\/edumas.gov.co\/inicio\/2017\/11\/25\/edumas-pone-en-marcha-programa-ponte-legal-con-lo-ambiental\/#primaryimage"},"thumbnailUrl":"https:\/\/edumas.gov.co\/wp-content\/uploads\/2023\/11\/Imagen1-3.jpg","articleSection":["noticias"],"inLanguage":"es","potentialAction":[{"@type":"CommentAction","name":"Comment","target":["https:\/\/edumas.gov.co\/inicio\/2017\/11\/25\/edumas-pone-en-marcha-programa-ponte-legal-con-lo-ambiental\/#respond"]}]},{"@type":"WebPage","@id":"https:\/\/edumas.gov.co\/inicio\/2017\/11\/25\/edumas-pone-en-marcha-programa-ponte-legal-con-lo-ambiental\/","url":"https:\/\/edumas.gov.co\/inicio\/2017\/11\/25\/edumas-pone-en-marcha-programa-ponte-legal-con-lo-ambiental\/","name":"Edumas pone en marcha programa: \u201cPonte legal con lo ambiental\u201d - Edumas","isPartOf":{"@id":"https:\/\/edumas.gov.co\/inicio\/#website"},"primaryImageOfPage":{"@id":"https:\/\/edumas.gov.co\/inicio\/2017\/11\/25\/edumas-pone-en-marcha-programa-ponte-legal-con-lo-ambiental\/#primaryimage"},"image":{"@id":"https:\/\/edumas.gov.co\/inicio\/2017\/11\/25\/edumas-pone-en-marcha-programa-ponte-legal-con-lo-ambiental\/#primaryimage"},"thumbnailUrl":"https:\/\/edumas.gov.co\/wp-content\/uploads\/2023\/11\/Imagen1-3.jpg","datePublished":"2017-11-25T18:48:00+00:00","dateModified":"2023-11-15T20:11:37+00:00","breadcrumb":{"@id":"https:\/\/edumas.gov.co\/inicio\/2017\/11\/25\/edumas-pone-en-marcha-programa-ponte-legal-con-lo-ambiental\/#breadcrumb"},"inLanguage":"es","potentialAction":[{"@type":"ReadAction","target":["https:\/\/edumas.gov.co\/inicio\/2017\/11\/25\/edumas-pone-en-marcha-programa-ponte-legal-con-lo-ambiental\/"]}]},{"@type":"ImageObject","inLanguage":"es","@id":"https:\/\/edumas.gov.co\/inicio\/2017\/11\/25\/edumas-pone-en-marcha-programa-ponte-legal-con-lo-ambiental\/#primaryimage","url":"https:\/\/edumas.gov.co\/wp-content\/uploads\/2023\/11\/Imagen1-3.jpg","contentUrl":"https:\/\/edumas.gov.co\/wp-content\/uploads\/2023\/11\/Imagen1-3.jpg","width":960,"height":720},{"@type":"BreadcrumbList","@id":"https:\/\/edumas.gov.co\/inicio\/2017\/11\/25\/edumas-pone-en-marcha-programa-ponte-legal-con-lo-ambiental\/#breadcrumb","itemListElement":[{"@type":"ListItem","position":1,"name":"Portada","item":"https:\/\/edumas.gov.co\/inicio\/"},{"@type":"ListItem","position":2,"name":"Edumas pone en marcha programa: \u201cPonte legal con lo ambiental\u201d"}]},{"@type":"WebSite","@id":"https:\/\/edumas.gov.co\/inicio\/#website","url":"https:\/\/edumas.gov.co\/inicio\/","name":"Edumas","description":"Edumas","publisher":{"@id":"https:\/\/edumas.gov.co\/inicio\/#organization"},"potentialAction":[{"@type":"SearchAction","target":{"@type":"EntryPoint","urlTemplate":"https:\/\/edumas.gov.co\/inicio\/?s={search_term_string}"},"query-input":{"@type":"PropertyValueSpecification","valueRequired":true,"valueName":"search_term_string"}}],"inLanguage":"es"},{"@type":"Organization","@id":"https:\/\/edumas.gov.co\/inicio\/#organization","name":"Edumas","url":"https:\/\/edumas.gov.co\/inicio\/","logo":{"@type":"ImageObject","inLanguage":"es","@id":"https:\/\/edumas.gov.co\/inicio\/#\/schema\/logo\/image\/","url":"https:\/\/edumas.gov.co\/wp-content\/uploads\/2024\/10\/Perfil-Instagram-PhotoRoom.png-PhotoRoom.png","contentUrl":"https:\/\/edumas.gov.co\/wp-content\/uploads\/2024\/10\/Perfil-Instagram-PhotoRoom.png-PhotoRoom.png","width":648,"height":233,"caption":"Edumas"},"image":{"@id":"https:\/\/edumas.gov.co\/inicio\/#\/schema\/logo\/image\/"}},{"@type":"Person","@id":"https:\/\/edumas.gov.co\/inicio\/#\/schema\/person\/e2e82a662fd06864325b88811079b05a","name":"edumas","image":{"@type":"ImageObject","inLanguage":"es","@id":"https:\/\/edumas.gov.co\/wp-content\/uploads\/2025\/03\/WhatsApp-Image-2025-03-06-at-12.44.58-PM-150x150.jpeg","url":"https:\/\/edumas.gov.co\/wp-content\/uploads\/2025\/03\/WhatsApp-Image-2025-03-06-at-12.44.58-PM-150x150.jpeg","contentUrl":"https:\/\/edumas.gov.co\/wp-content\/uploads\/2025\/03\/WhatsApp-Image-2025-03-06-at-12.44.58-PM-150x150.jpeg","caption":"edumas"},"sameAs":["https:\/\/test.edumas.gov.co"],"url":"https:\/\/edumas.gov.co\/inicio\/author\/edumas\/"}]}},"_links":{"self":[{"href":"https:\/\/edumas.gov.co\/inicio\/wp-json\/wp\/v2\/posts\/1677","targetHints":{"allow":["GET"]}}],"collection":[{"href":"https:\/\/edumas.gov.co\/inicio\/wp-json\/wp\/v2\/posts"}],"about":[{"href":"https:\/\/edumas.gov.co\/inicio\/wp-json\/wp\/v2\/types\/post"}],"author":[{"embeddable":true,"href":"https:\/\/edumas.gov.co\/inicio\/wp-json\/wp\/v2\/users\/1"}],"replies":[{"embeddable":true,"href":"https:\/\/edumas.gov.co\/inicio\/wp-json\/wp\/v2\/comments?post=1677"}],"version-history":[{"count":1,"href":"https:\/\/edumas.gov.co\/inicio\/wp-json\/wp\/v2\/posts\/1677\/revisions"}],"predecessor-version":[{"id":1682,"href":"https:\/\/edumas.gov.co\/inicio\/wp-json\/wp\/v2\/posts\/1677\/revisions\/1682"}],"wp:featuredmedia":[{"embeddable":true,"href":"https:\/\/edumas.gov.co\/inicio\/wp-json\/wp\/v2\/media\/1681"}],"wp:attachment":[{"href":"https:\/\/edumas.gov.co\/inicio\/wp-json\/wp\/v2\/media?parent=1677"}],"wp:term":[{"taxonomy":"category","embeddable":true,"href":"https:\/\/edumas.gov.co\/inicio\/wp-json\/wp\/v2\/categories?post=1677"},{"taxonomy":"post_tag","embeddable":true,"href":"https:\/\/edumas.gov.co\/inicio\/wp-json\/wp\/v2\/tags?post=1677"}],"curies":[{"name":"wp","href":"https:\/\/api.w.org\/{rel}","templated":true}]}}