{"id":1693,"date":"2018-06-13T20:47:00","date_gmt":"2018-06-13T20:47:00","guid":{"rendered":"https:\/\/test.edumas.gov.co\/?p=1693"},"modified":"2023-11-15T20:52:08","modified_gmt":"2023-11-15T20:52:08","slug":"con-siembra-de-arboles-edumas-recupera-entorno-de-antiguo-cai-de-soledad-2000","status":"publish","type":"post","link":"https:\/\/edumas.gov.co\/inicio\/2018\/06\/13\/con-siembra-de-arboles-edumas-recupera-entorno-de-antiguo-cai-de-soledad-2000\/","title":{"rendered":"Con siembra de \u00e1rboles, Edumas recupera entorno de antiguo CAI de Soledad 2000"},"content":{"rendered":"\n<p class=\"wp-block-paragraph\"><\/p>\n\n\n\n<p class=\"wp-block-paragraph\"><strong>Edumas hace llamado a la comunidad para que proteja los \u00e1rboles y no arroje basura al arroyo.<\/strong><\/p>\n\n\n\n<p class=\"wp-block-paragraph\">El Establecimiento de Desarrollo Urbano y Medio Ambiente de Soledad, Edumas, realiz\u00f3 una jornada de siembra de \u00e1rboles en el per\u00edmetro del antiguo CAI de Soledad 2000.<\/p>\n\n\n\n<p class=\"wp-block-paragraph\">Con la siembra de estos 20 \u00e1rboles, se busca recuperar el entorno de 525 metros cuadrados de zona verde ubicados en el sector, generar ox\u00edgeno y mitigar los efectos del cambio clim\u00e1tico en el municipio.<\/p>\n\n\n\n<p class=\"wp-block-paragraph\">Como se recordar\u00e1, el concepto emitido tras los estudios de gesti\u00f3n del riesgo, indica que el CAI debe ser relocalizado, ante el riesgo de desborde o deslizamiento al que se expon\u00eda por estar ubicado al margen del arroyo de Soledad 2000.<\/p>\n\n\n\n<figure class=\"wp-block-gallery has-nested-images columns-default is-cropped wp-block-gallery-1 is-layout-flex wp-block-gallery-is-layout-flex\">\n<figure class=\"wp-block-image size-large\"><img fetchpriority=\"high\" decoding=\"async\" width=\"225\" height=\"300\" data-id=\"1696\" src=\"https:\/\/test.edumas.gov.co\/wp-content\/uploads\/2023\/11\/WhatsApp-Image-2018-06-12-at-18.59.30-1-225x300-1.jpeg\" alt=\"\" class=\"wp-image-1696\"\/><\/figure>\n\n\n\n<figure class=\"wp-block-image size-large\"><img decoding=\"async\" width=\"225\" height=\"300\" data-id=\"1695\" src=\"https:\/\/test.edumas.gov.co\/wp-content\/uploads\/2023\/11\/WhatsApp-Image-2018-06-12-at-18.59.29-225x300-1.jpeg\" alt=\"\" class=\"wp-image-1695\"\/><\/figure>\n<\/figure>\n\n\n\n<p class=\"wp-block-paragraph\">El&nbsp; gerente de Edumas, Fernando Valencia, hace el llamado a la comunidad para que proteja el medio ambiente, evitando arrojar basura al arroyo y cuidando los \u00e1rboles, ya que en medio de la jornada se identificaron personas que atentaron contra los individuos arb\u00f3reos.<\/p>\n\n\n\n<p class=\"wp-block-paragraph\">Cabe se\u00f1alar, que el C\u00f3digo de Polic\u00eda contempla sanciones a quienes atenten contra el medio ambiente.<\/p>\n","protected":false},"excerpt":{"rendered":"<p>Edumas hace llamado a la comunidad para que proteja los \u00e1rboles y no arroje basura al arroyo. El Establecimiento de Desarrollo Urbano y Medio Ambiente de Soledad, Edumas, realiz\u00f3 una jornada de siembra de \u00e1rboles en el per\u00edmetro del antiguo CAI de Soledad 2000. Con la siembra de estos 20 \u00e1rboles, se busca recuperar el [&hellip;]<\/p>\n","protected":false},"author":1,"featured_media":1694,"comment_status":"open","ping_status":"open","sticky":false,"template":"","format":"standard","meta":{"footnotes":""},"categories":[26],"tags":[],"class_list":["post-1693","post","type-post","status-publish","format-standard","has-post-thumbnail","hentry","category-noticias"],"yoast_head":"<!-- This site is optimized with the Yoast SEO plugin v27.4 - https:\/\/yoast.com\/product\/yoast-seo-wordpress\/ -->\n<title>Con siembra de \u00e1rboles, Edumas recupera entorno de antiguo CAI de Soledad 2000 - Edumas<\/title>\n<meta name=\"robots\" content=\"index, follow, max-snippet:-1, max-image-preview:large, max-video-preview:-1\" \/>\n<link rel=\"canonical\" href=\"https:\/\/edumas.gov.co\/inicio\/2018\/06\/13\/con-siembra-de-arboles-edumas-recupera-entorno-de-antiguo-cai-de-soledad-2000\/\" \/>\n<meta property=\"og:locale\" content=\"es_ES\" \/>\n<meta property=\"og:type\" content=\"article\" \/>\n<meta property=\"og:title\" content=\"Con siembra de \u00e1rboles, Edumas recupera entorno de antiguo CAI de Soledad 2000 - Edumas\" \/>\n<meta property=\"og:description\" content=\"Edumas hace llamado a la comunidad para que proteja los \u00e1rboles y no arroje basura al arroyo. El Establecimiento de Desarrollo Urbano y Medio Ambiente de Soledad, Edumas, realiz\u00f3 una jornada de siembra de \u00e1rboles en el per\u00edmetro del antiguo CAI de Soledad 2000. Con la siembra de estos 20 \u00e1rboles, se busca recuperar el [&hellip;]\" \/>\n<meta property=\"og:url\" content=\"https:\/\/edumas.gov.co\/inicio\/2018\/06\/13\/con-siembra-de-arboles-edumas-recupera-entorno-de-antiguo-cai-de-soledad-2000\/\" \/>\n<meta property=\"og:site_name\" content=\"Edumas\" \/>\n<meta property=\"article:published_time\" content=\"2018-06-13T20:47:00+00:00\" \/>\n<meta property=\"article:modified_time\" content=\"2023-11-15T20:52:08+00:00\" \/>\n<meta property=\"og:image\" content=\"https:\/\/edumas.gov.co\/wp-content\/uploads\/2023\/11\/Con-siembra-de-arboles-Edumas-recupera-entorno-de-antiguo-CAI-de-Soledad-2000.jpeg\" \/>\n\t<meta property=\"og:image:width\" content=\"1032\" \/>\n\t<meta property=\"og:image:height\" content=\"774\" \/>\n\t<meta property=\"og:image:type\" content=\"image\/jpeg\" \/>\n<meta name=\"author\" content=\"edumas\" \/>\n<meta name=\"twitter:card\" content=\"summary_large_image\" \/>\n<meta name=\"twitter:label1\" content=\"Escrito por\" \/>\n\t<meta name=\"twitter:data1\" content=\"edumas\" \/>\n\t<meta name=\"twitter:label2\" content=\"Tiempo de lectura\" \/>\n\t<meta name=\"twitter:data2\" content=\"1 minuto\" \/>\n<script type=\"application\/ld+json\" class=\"yoast-schema-graph\">{\"@context\":\"https:\\\/\\\/schema.org\",\"@graph\":[{\"@type\":\"Article\",\"@id\":\"https:\\\/\\\/edumas.gov.co\\\/inicio\\\/2018\\\/06\\\/13\\\/con-siembra-de-arboles-edumas-recupera-entorno-de-antiguo-cai-de-soledad-2000\\\/#article\",\"isPartOf\":{\"@id\":\"https:\\\/\\\/edumas.gov.co\\\/inicio\\\/2018\\\/06\\\/13\\\/con-siembra-de-arboles-edumas-recupera-entorno-de-antiguo-cai-de-soledad-2000\\\/\"},\"author\":{\"name\":\"edumas\",\"@id\":\"https:\\\/\\\/edumas.gov.co\\\/inicio\\\/#\\\/schema\\\/person\\\/e2e82a662fd06864325b88811079b05a\"},\"headline\":\"Con siembra de \u00e1rboles, Edumas recupera entorno de antiguo CAI de Soledad 2000\",\"datePublished\":\"2018-06-13T20:47:00+00:00\",\"dateModified\":\"2023-11-15T20:52:08+00:00\",\"mainEntityOfPage\":{\"@id\":\"https:\\\/\\\/edumas.gov.co\\\/inicio\\\/2018\\\/06\\\/13\\\/con-siembra-de-arboles-edumas-recupera-entorno-de-antiguo-cai-de-soledad-2000\\\/\"},\"wordCount\":197,\"commentCount\":0,\"publisher\":{\"@id\":\"https:\\\/\\\/edumas.gov.co\\\/inicio\\\/#organization\"},\"image\":{\"@id\":\"https:\\\/\\\/edumas.gov.co\\\/inicio\\\/2018\\\/06\\\/13\\\/con-siembra-de-arboles-edumas-recupera-entorno-de-antiguo-cai-de-soledad-2000\\\/#primaryimage\"},\"thumbnailUrl\":\"https:\\\/\\\/edumas.gov.co\\\/wp-content\\\/uploads\\\/2023\\\/11\\\/Con-siembra-de-arboles-Edumas-recupera-entorno-de-antiguo-CAI-de-Soledad-2000.jpeg\",\"articleSection\":[\"noticias\"],\"inLanguage\":\"es\",\"potentialAction\":[{\"@type\":\"CommentAction\",\"name\":\"Comment\",\"target\":[\"https:\\\/\\\/edumas.gov.co\\\/inicio\\\/2018\\\/06\\\/13\\\/con-siembra-de-arboles-edumas-recupera-entorno-de-antiguo-cai-de-soledad-2000\\\/#respond\"]}]},{\"@type\":\"WebPage\",\"@id\":\"https:\\\/\\\/edumas.gov.co\\\/inicio\\\/2018\\\/06\\\/13\\\/con-siembra-de-arboles-edumas-recupera-entorno-de-antiguo-cai-de-soledad-2000\\\/\",\"url\":\"https:\\\/\\\/edumas.gov.co\\\/inicio\\\/2018\\\/06\\\/13\\\/con-siembra-de-arboles-edumas-recupera-entorno-de-antiguo-cai-de-soledad-2000\\\/\",\"name\":\"Con siembra de \u00e1rboles, Edumas recupera entorno de antiguo CAI de Soledad 2000 - Edumas\",\"isPartOf\":{\"@id\":\"https:\\\/\\\/edumas.gov.co\\\/inicio\\\/#website\"},\"primaryImageOfPage\":{\"@id\":\"https:\\\/\\\/edumas.gov.co\\\/inicio\\\/2018\\\/06\\\/13\\\/con-siembra-de-arboles-edumas-recupera-entorno-de-antiguo-cai-de-soledad-2000\\\/#primaryimage\"},\"image\":{\"@id\":\"https:\\\/\\\/edumas.gov.co\\\/inicio\\\/2018\\\/06\\\/13\\\/con-siembra-de-arboles-edumas-recupera-entorno-de-antiguo-cai-de-soledad-2000\\\/#primaryimage\"},\"thumbnailUrl\":\"https:\\\/\\\/edumas.gov.co\\\/wp-content\\\/uploads\\\/2023\\\/11\\\/Con-siembra-de-arboles-Edumas-recupera-entorno-de-antiguo-CAI-de-Soledad-2000.jpeg\",\"datePublished\":\"2018-06-13T20:47:00+00:00\",\"dateModified\":\"2023-11-15T20:52:08+00:00\",\"breadcrumb\":{\"@id\":\"https:\\\/\\\/edumas.gov.co\\\/inicio\\\/2018\\\/06\\\/13\\\/con-siembra-de-arboles-edumas-recupera-entorno-de-antiguo-cai-de-soledad-2000\\\/#breadcrumb\"},\"inLanguage\":\"es\",\"potentialAction\":[{\"@type\":\"ReadAction\",\"target\":[\"https:\\\/\\\/edumas.gov.co\\\/inicio\\\/2018\\\/06\\\/13\\\/con-siembra-de-arboles-edumas-recupera-entorno-de-antiguo-cai-de-soledad-2000\\\/\"]}]},{\"@type\":\"ImageObject\",\"inLanguage\":\"es\",\"@id\":\"https:\\\/\\\/edumas.gov.co\\\/inicio\\\/2018\\\/06\\\/13\\\/con-siembra-de-arboles-edumas-recupera-entorno-de-antiguo-cai-de-soledad-2000\\\/#primaryimage\",\"url\":\"https:\\\/\\\/edumas.gov.co\\\/wp-content\\\/uploads\\\/2023\\\/11\\\/Con-siembra-de-arboles-Edumas-recupera-entorno-de-antiguo-CAI-de-Soledad-2000.jpeg\",\"contentUrl\":\"https:\\\/\\\/edumas.gov.co\\\/wp-content\\\/uploads\\\/2023\\\/11\\\/Con-siembra-de-arboles-Edumas-recupera-entorno-de-antiguo-CAI-de-Soledad-2000.jpeg\",\"width\":1032,\"height\":774},{\"@type\":\"BreadcrumbList\",\"@id\":\"https:\\\/\\\/edumas.gov.co\\\/inicio\\\/2018\\\/06\\\/13\\\/con-siembra-de-arboles-edumas-recupera-entorno-de-antiguo-cai-de-soledad-2000\\\/#breadcrumb\",\"itemListElement\":[{\"@type\":\"ListItem\",\"position\":1,\"name\":\"Portada\",\"item\":\"https:\\\/\\\/edumas.gov.co\\\/inicio\\\/\"},{\"@type\":\"ListItem\",\"position\":2,\"name\":\"Con siembra de \u00e1rboles, Edumas recupera entorno de antiguo CAI de Soledad 2000\"}]},{\"@type\":\"WebSite\",\"@id\":\"https:\\\/\\\/edumas.gov.co\\\/inicio\\\/#website\",\"url\":\"https:\\\/\\\/edumas.gov.co\\\/inicio\\\/\",\"name\":\"Edumas\",\"description\":\"Edumas\",\"publisher\":{\"@id\":\"https:\\\/\\\/edumas.gov.co\\\/inicio\\\/#organization\"},\"potentialAction\":[{\"@type\":\"SearchAction\",\"target\":{\"@type\":\"EntryPoint\",\"urlTemplate\":\"https:\\\/\\\/edumas.gov.co\\\/inicio\\\/?s={search_term_string}\"},\"query-input\":{\"@type\":\"PropertyValueSpecification\",\"valueRequired\":true,\"valueName\":\"search_term_string\"}}],\"inLanguage\":\"es\"},{\"@type\":\"Organization\",\"@id\":\"https:\\\/\\\/edumas.gov.co\\\/inicio\\\/#organization\",\"name\":\"Edumas\",\"url\":\"https:\\\/\\\/edumas.gov.co\\\/inicio\\\/\",\"logo\":{\"@type\":\"ImageObject\",\"inLanguage\":\"es\",\"@id\":\"https:\\\/\\\/edumas.gov.co\\\/inicio\\\/#\\\/schema\\\/logo\\\/image\\\/\",\"url\":\"https:\\\/\\\/edumas.gov.co\\\/wp-content\\\/uploads\\\/2024\\\/10\\\/Perfil-Instagram-PhotoRoom.png-PhotoRoom.png\",\"contentUrl\":\"https:\\\/\\\/edumas.gov.co\\\/wp-content\\\/uploads\\\/2024\\\/10\\\/Perfil-Instagram-PhotoRoom.png-PhotoRoom.png\",\"width\":648,\"height\":233,\"caption\":\"Edumas\"},\"image\":{\"@id\":\"https:\\\/\\\/edumas.gov.co\\\/inicio\\\/#\\\/schema\\\/logo\\\/image\\\/\"}},{\"@type\":\"Person\",\"@id\":\"https:\\\/\\\/edumas.gov.co\\\/inicio\\\/#\\\/schema\\\/person\\\/e2e82a662fd06864325b88811079b05a\",\"name\":\"edumas\",\"image\":{\"@type\":\"ImageObject\",\"inLanguage\":\"es\",\"@id\":\"https:\\\/\\\/edumas.gov.co\\\/wp-content\\\/uploads\\\/2025\\\/03\\\/WhatsApp-Image-2025-03-06-at-12.44.58-PM-150x150.jpeg\",\"url\":\"https:\\\/\\\/edumas.gov.co\\\/wp-content\\\/uploads\\\/2025\\\/03\\\/WhatsApp-Image-2025-03-06-at-12.44.58-PM-150x150.jpeg\",\"contentUrl\":\"https:\\\/\\\/edumas.gov.co\\\/wp-content\\\/uploads\\\/2025\\\/03\\\/WhatsApp-Image-2025-03-06-at-12.44.58-PM-150x150.jpeg\",\"caption\":\"edumas\"},\"sameAs\":[\"https:\\\/\\\/test.edumas.gov.co\"],\"url\":\"https:\\\/\\\/edumas.gov.co\\\/inicio\\\/author\\\/edumas\\\/\"}]}<\/script>\n<!-- \/ Yoast SEO plugin. -->","yoast_head_json":{"title":"Con siembra de \u00e1rboles, Edumas recupera entorno de antiguo CAI de Soledad 2000 - Edumas","robots":{"index":"index","follow":"follow","max-snippet":"max-snippet:-1","max-image-preview":"max-image-preview:large","max-video-preview":"max-video-preview:-1"},"canonical":"https:\/\/edumas.gov.co\/inicio\/2018\/06\/13\/con-siembra-de-arboles-edumas-recupera-entorno-de-antiguo-cai-de-soledad-2000\/","og_locale":"es_ES","og_type":"article","og_title":"Con siembra de \u00e1rboles, Edumas recupera entorno de antiguo CAI de Soledad 2000 - Edumas","og_description":"Edumas hace llamado a la comunidad para que proteja los \u00e1rboles y no arroje basura al arroyo. El Establecimiento de Desarrollo Urbano y Medio Ambiente de Soledad, Edumas, realiz\u00f3 una jornada de siembra de \u00e1rboles en el per\u00edmetro del antiguo CAI de Soledad 2000. Con la siembra de estos 20 \u00e1rboles, se busca recuperar el [&hellip;]","og_url":"https:\/\/edumas.gov.co\/inicio\/2018\/06\/13\/con-siembra-de-arboles-edumas-recupera-entorno-de-antiguo-cai-de-soledad-2000\/","og_site_name":"Edumas","article_published_time":"2018-06-13T20:47:00+00:00","article_modified_time":"2023-11-15T20:52:08+00:00","og_image":[{"width":1032,"height":774,"url":"https:\/\/edumas.gov.co\/wp-content\/uploads\/2023\/11\/Con-siembra-de-arboles-Edumas-recupera-entorno-de-antiguo-CAI-de-Soledad-2000.jpeg","type":"image\/jpeg"}],"author":"edumas","twitter_card":"summary_large_image","twitter_misc":{"Escrito por":"edumas","Tiempo de lectura":"1 minuto"},"schema":{"@context":"https:\/\/schema.org","@graph":[{"@type":"Article","@id":"https:\/\/edumas.gov.co\/inicio\/2018\/06\/13\/con-siembra-de-arboles-edumas-recupera-entorno-de-antiguo-cai-de-soledad-2000\/#article","isPartOf":{"@id":"https:\/\/edumas.gov.co\/inicio\/2018\/06\/13\/con-siembra-de-arboles-edumas-recupera-entorno-de-antiguo-cai-de-soledad-2000\/"},"author":{"name":"edumas","@id":"https:\/\/edumas.gov.co\/inicio\/#\/schema\/person\/e2e82a662fd06864325b88811079b05a"},"headline":"Con siembra de \u00e1rboles, Edumas recupera entorno de antiguo CAI de Soledad 2000","datePublished":"2018-06-13T20:47:00+00:00","dateModified":"2023-11-15T20:52:08+00:00","mainEntityOfPage":{"@id":"https:\/\/edumas.gov.co\/inicio\/2018\/06\/13\/con-siembra-de-arboles-edumas-recupera-entorno-de-antiguo-cai-de-soledad-2000\/"},"wordCount":197,"commentCount":0,"publisher":{"@id":"https:\/\/edumas.gov.co\/inicio\/#organization"},"image":{"@id":"https:\/\/edumas.gov.co\/inicio\/2018\/06\/13\/con-siembra-de-arboles-edumas-recupera-entorno-de-antiguo-cai-de-soledad-2000\/#primaryimage"},"thumbnailUrl":"https:\/\/edumas.gov.co\/wp-content\/uploads\/2023\/11\/Con-siembra-de-arboles-Edumas-recupera-entorno-de-antiguo-CAI-de-Soledad-2000.jpeg","articleSection":["noticias"],"inLanguage":"es","potentialAction":[{"@type":"CommentAction","name":"Comment","target":["https:\/\/edumas.gov.co\/inicio\/2018\/06\/13\/con-siembra-de-arboles-edumas-recupera-entorno-de-antiguo-cai-de-soledad-2000\/#respond"]}]},{"@type":"WebPage","@id":"https:\/\/edumas.gov.co\/inicio\/2018\/06\/13\/con-siembra-de-arboles-edumas-recupera-entorno-de-antiguo-cai-de-soledad-2000\/","url":"https:\/\/edumas.gov.co\/inicio\/2018\/06\/13\/con-siembra-de-arboles-edumas-recupera-entorno-de-antiguo-cai-de-soledad-2000\/","name":"Con siembra de \u00e1rboles, Edumas recupera entorno de antiguo CAI de Soledad 2000 - Edumas","isPartOf":{"@id":"https:\/\/edumas.gov.co\/inicio\/#website"},"primaryImageOfPage":{"@id":"https:\/\/edumas.gov.co\/inicio\/2018\/06\/13\/con-siembra-de-arboles-edumas-recupera-entorno-de-antiguo-cai-de-soledad-2000\/#primaryimage"},"image":{"@id":"https:\/\/edumas.gov.co\/inicio\/2018\/06\/13\/con-siembra-de-arboles-edumas-recupera-entorno-de-antiguo-cai-de-soledad-2000\/#primaryimage"},"thumbnailUrl":"https:\/\/edumas.gov.co\/wp-content\/uploads\/2023\/11\/Con-siembra-de-arboles-Edumas-recupera-entorno-de-antiguo-CAI-de-Soledad-2000.jpeg","datePublished":"2018-06-13T20:47:00+00:00","dateModified":"2023-11-15T20:52:08+00:00","breadcrumb":{"@id":"https:\/\/edumas.gov.co\/inicio\/2018\/06\/13\/con-siembra-de-arboles-edumas-recupera-entorno-de-antiguo-cai-de-soledad-2000\/#breadcrumb"},"inLanguage":"es","potentialAction":[{"@type":"ReadAction","target":["https:\/\/edumas.gov.co\/inicio\/2018\/06\/13\/con-siembra-de-arboles-edumas-recupera-entorno-de-antiguo-cai-de-soledad-2000\/"]}]},{"@type":"ImageObject","inLanguage":"es","@id":"https:\/\/edumas.gov.co\/inicio\/2018\/06\/13\/con-siembra-de-arboles-edumas-recupera-entorno-de-antiguo-cai-de-soledad-2000\/#primaryimage","url":"https:\/\/edumas.gov.co\/wp-content\/uploads\/2023\/11\/Con-siembra-de-arboles-Edumas-recupera-entorno-de-antiguo-CAI-de-Soledad-2000.jpeg","contentUrl":"https:\/\/edumas.gov.co\/wp-content\/uploads\/2023\/11\/Con-siembra-de-arboles-Edumas-recupera-entorno-de-antiguo-CAI-de-Soledad-2000.jpeg","width":1032,"height":774},{"@type":"BreadcrumbList","@id":"https:\/\/edumas.gov.co\/inicio\/2018\/06\/13\/con-siembra-de-arboles-edumas-recupera-entorno-de-antiguo-cai-de-soledad-2000\/#breadcrumb","itemListElement":[{"@type":"ListItem","position":1,"name":"Portada","item":"https:\/\/edumas.gov.co\/inicio\/"},{"@type":"ListItem","position":2,"name":"Con siembra de \u00e1rboles, Edumas recupera entorno de antiguo CAI de Soledad 2000"}]},{"@type":"WebSite","@id":"https:\/\/edumas.gov.co\/inicio\/#website","url":"https:\/\/edumas.gov.co\/inicio\/","name":"Edumas","description":"Edumas","publisher":{"@id":"https:\/\/edumas.gov.co\/inicio\/#organization"},"potentialAction":[{"@type":"SearchAction","target":{"@type":"EntryPoint","urlTemplate":"https:\/\/edumas.gov.co\/inicio\/?s={search_term_string}"},"query-input":{"@type":"PropertyValueSpecification","valueRequired":true,"valueName":"search_term_string"}}],"inLanguage":"es"},{"@type":"Organization","@id":"https:\/\/edumas.gov.co\/inicio\/#organization","name":"Edumas","url":"https:\/\/edumas.gov.co\/inicio\/","logo":{"@type":"ImageObject","inLanguage":"es","@id":"https:\/\/edumas.gov.co\/inicio\/#\/schema\/logo\/image\/","url":"https:\/\/edumas.gov.co\/wp-content\/uploads\/2024\/10\/Perfil-Instagram-PhotoRoom.png-PhotoRoom.png","contentUrl":"https:\/\/edumas.gov.co\/wp-content\/uploads\/2024\/10\/Perfil-Instagram-PhotoRoom.png-PhotoRoom.png","width":648,"height":233,"caption":"Edumas"},"image":{"@id":"https:\/\/edumas.gov.co\/inicio\/#\/schema\/logo\/image\/"}},{"@type":"Person","@id":"https:\/\/edumas.gov.co\/inicio\/#\/schema\/person\/e2e82a662fd06864325b88811079b05a","name":"edumas","image":{"@type":"ImageObject","inLanguage":"es","@id":"https:\/\/edumas.gov.co\/wp-content\/uploads\/2025\/03\/WhatsApp-Image-2025-03-06-at-12.44.58-PM-150x150.jpeg","url":"https:\/\/edumas.gov.co\/wp-content\/uploads\/2025\/03\/WhatsApp-Image-2025-03-06-at-12.44.58-PM-150x150.jpeg","contentUrl":"https:\/\/edumas.gov.co\/wp-content\/uploads\/2025\/03\/WhatsApp-Image-2025-03-06-at-12.44.58-PM-150x150.jpeg","caption":"edumas"},"sameAs":["https:\/\/test.edumas.gov.co"],"url":"https:\/\/edumas.gov.co\/inicio\/author\/edumas\/"}]}},"_links":{"self":[{"href":"https:\/\/edumas.gov.co\/inicio\/wp-json\/wp\/v2\/posts\/1693","targetHints":{"allow":["GET"]}}],"collection":[{"href":"https:\/\/edumas.gov.co\/inicio\/wp-json\/wp\/v2\/posts"}],"about":[{"href":"https:\/\/edumas.gov.co\/inicio\/wp-json\/wp\/v2\/types\/post"}],"author":[{"embeddable":true,"href":"https:\/\/edumas.gov.co\/inicio\/wp-json\/wp\/v2\/users\/1"}],"replies":[{"embeddable":true,"href":"https:\/\/edumas.gov.co\/inicio\/wp-json\/wp\/v2\/comments?post=1693"}],"version-history":[{"count":1,"href":"https:\/\/edumas.gov.co\/inicio\/wp-json\/wp\/v2\/posts\/1693\/revisions"}],"predecessor-version":[{"id":1697,"href":"https:\/\/edumas.gov.co\/inicio\/wp-json\/wp\/v2\/posts\/1693\/revisions\/1697"}],"wp:featuredmedia":[{"embeddable":true,"href":"https:\/\/edumas.gov.co\/inicio\/wp-json\/wp\/v2\/media\/1694"}],"wp:attachment":[{"href":"https:\/\/edumas.gov.co\/inicio\/wp-json\/wp\/v2\/media?parent=1693"}],"wp:term":[{"taxonomy":"category","embeddable":true,"href":"https:\/\/edumas.gov.co\/inicio\/wp-json\/wp\/v2\/categories?post=1693"},{"taxonomy":"post_tag","embeddable":true,"href":"https:\/\/edumas.gov.co\/inicio\/wp-json\/wp\/v2\/tags?post=1693"}],"curies":[{"name":"wp","href":"https:\/\/api.w.org\/{rel}","templated":true}]}}