{"id":1742,"date":"2018-01-23T21:50:00","date_gmt":"2018-01-23T21:50:00","guid":{"rendered":"https:\/\/test.edumas.gov.co\/?p=1742"},"modified":"2023-11-15T21:52:11","modified_gmt":"2023-11-15T21:52:11","slug":"edumas-y-especialistas-analizaran-incidencia-del-cambio-climatico-en-soledad","status":"publish","type":"post","link":"https:\/\/edumas.gov.co\/inicio\/2018\/01\/23\/edumas-y-especialistas-analizaran-incidencia-del-cambio-climatico-en-soledad\/","title":{"rendered":"Edumas y especialistas analizar\u00e1n incidencia del cambio clim\u00e1tico en Soledad"},"content":{"rendered":"\n<ul class=\"wp-block-list\">\n<li>Se trata de un foro a realizarse este viernes, 26 de enero.<\/li>\n\n\n\n<li>La entrada es libre para toda la comunidad, especialmente estudiantes y docentes.<\/li>\n<\/ul>\n\n\n\n<figure class=\"wp-block-image size-full\"><img fetchpriority=\"high\" decoding=\"async\" width=\"720\" height=\"517\" src=\"https:\/\/test.edumas.gov.co\/wp-content\/uploads\/2023\/11\/Edumas-y-especialistas-analizaran-incidencia-del-cambio-climatico-en-Soledad-1.jpeg\" alt=\"\" class=\"wp-image-1744\" srcset=\"https:\/\/edumas.gov.co\/wp-content\/uploads\/2023\/11\/Edumas-y-especialistas-analizaran-incidencia-del-cambio-climatico-en-Soledad-1.jpeg 720w, https:\/\/edumas.gov.co\/wp-content\/uploads\/2023\/11\/Edumas-y-especialistas-analizaran-incidencia-del-cambio-climatico-en-Soledad-1-300x215.jpeg 300w\" sizes=\"(max-width: 720px) 100vw, 720px\" \/><\/figure>\n\n\n\n<p class=\"wp-block-paragraph\">El establecimiento de Desarrollo Urbano y Medio Ambiente de Soledad (Edumas) ha organizado para este viernes, 26 de enero, el primer foro en conmemoraci\u00f3n del D\u00eda Mundial de la Educaci\u00f3n Ambiental, al cual\u00a0 podr\u00e1n asistir todos los interesados.<\/p>\n\n\n\n<p class=\"wp-block-paragraph\">El tema escogido es&nbsp; la educaci\u00f3n ambiental y el cambio clim\u00e1tico&nbsp; y los expositores son: Rafael Oyaga Mart\u00ednez, PhD en Educaci\u00f3n Ambiental y Luis Carlos Guti\u00e9rrez PhD en Ecolog\u00eda.<\/p>\n\n\n\n<p class=\"wp-block-paragraph\">La jornada se llevar\u00e1 a cabo desde las 8 de la ma\u00f1ana hasta las 12 del mediod\u00eda, en el sal\u00f3n de eventos del Centro Comercial Nuestro Atl\u00e1ntico.<\/p>\n\n\n\n<p class=\"wp-block-paragraph\">Edumas invita a la comunidad, especialmente a docentes y estudiantes, a analizar las afectaciones que el cambio clim\u00e1tico&nbsp; tiene para el municipio y el pa\u00eds.<\/p>\n\n\n\n<p class=\"wp-block-paragraph\">Los interesados en participar deben inscribirse en el siguiente celular: 3008511067. La entrada no tiene ning\u00fan costo.<\/p>\n","protected":false},"excerpt":{"rendered":"<p>El establecimiento de Desarrollo Urbano y Medio Ambiente de Soledad (Edumas) ha organizado para este viernes, 26 de enero, el primer foro en conmemoraci\u00f3n del D\u00eda Mundial de la Educaci\u00f3n Ambiental, al cual\u00a0 podr\u00e1n asistir todos los interesados. El tema escogido es&nbsp; la educaci\u00f3n ambiental y el cambio clim\u00e1tico&nbsp; y los expositores son: Rafael Oyaga [&hellip;]<\/p>\n","protected":false},"author":1,"featured_media":1743,"comment_status":"open","ping_status":"open","sticky":false,"template":"","format":"standard","meta":{"footnotes":""},"categories":[26],"tags":[],"class_list":["post-1742","post","type-post","status-publish","format-standard","has-post-thumbnail","hentry","category-noticias"],"yoast_head":"<!-- This site is optimized with the Yoast SEO plugin v27.4 - https:\/\/yoast.com\/product\/yoast-seo-wordpress\/ -->\n<title>Edumas y especialistas analizar\u00e1n incidencia del cambio clim\u00e1tico en Soledad - Edumas<\/title>\n<meta name=\"robots\" content=\"index, follow, max-snippet:-1, max-image-preview:large, max-video-preview:-1\" \/>\n<link rel=\"canonical\" href=\"https:\/\/edumas.gov.co\/inicio\/2018\/01\/23\/edumas-y-especialistas-analizaran-incidencia-del-cambio-climatico-en-soledad\/\" \/>\n<meta property=\"og:locale\" content=\"es_ES\" \/>\n<meta property=\"og:type\" content=\"article\" \/>\n<meta property=\"og:title\" content=\"Edumas y especialistas analizar\u00e1n incidencia del cambio clim\u00e1tico en Soledad - Edumas\" \/>\n<meta property=\"og:description\" content=\"El establecimiento de Desarrollo Urbano y Medio Ambiente de Soledad (Edumas) ha organizado para este viernes, 26 de enero, el primer foro en conmemoraci\u00f3n del D\u00eda Mundial de la Educaci\u00f3n Ambiental, al cual\u00a0 podr\u00e1n asistir todos los interesados. El tema escogido es&nbsp; la educaci\u00f3n ambiental y el cambio clim\u00e1tico&nbsp; y los expositores son: Rafael Oyaga [&hellip;]\" \/>\n<meta property=\"og:url\" content=\"https:\/\/edumas.gov.co\/inicio\/2018\/01\/23\/edumas-y-especialistas-analizaran-incidencia-del-cambio-climatico-en-soledad\/\" \/>\n<meta property=\"og:site_name\" content=\"Edumas\" \/>\n<meta property=\"article:published_time\" content=\"2018-01-23T21:50:00+00:00\" \/>\n<meta property=\"article:modified_time\" content=\"2023-11-15T21:52:11+00:00\" \/>\n<meta property=\"og:image\" content=\"https:\/\/edumas.gov.co\/wp-content\/uploads\/2023\/11\/Edumas-y-especialistas-analizaran-incidencia-del-cambio-climatico-en-Soledad.jpeg\" \/>\n\t<meta property=\"og:image:width\" content=\"720\" \/>\n\t<meta property=\"og:image:height\" content=\"517\" \/>\n\t<meta property=\"og:image:type\" content=\"image\/jpeg\" \/>\n<meta name=\"author\" content=\"edumas\" \/>\n<meta name=\"twitter:card\" content=\"summary_large_image\" \/>\n<meta name=\"twitter:label1\" content=\"Escrito por\" \/>\n\t<meta name=\"twitter:data1\" content=\"edumas\" \/>\n\t<meta name=\"twitter:label2\" content=\"Tiempo de lectura\" \/>\n\t<meta name=\"twitter:data2\" content=\"1 minuto\" \/>\n<script type=\"application\/ld+json\" class=\"yoast-schema-graph\">{\"@context\":\"https:\\\/\\\/schema.org\",\"@graph\":[{\"@type\":\"Article\",\"@id\":\"https:\\\/\\\/edumas.gov.co\\\/inicio\\\/2018\\\/01\\\/23\\\/edumas-y-especialistas-analizaran-incidencia-del-cambio-climatico-en-soledad\\\/#article\",\"isPartOf\":{\"@id\":\"https:\\\/\\\/edumas.gov.co\\\/inicio\\\/2018\\\/01\\\/23\\\/edumas-y-especialistas-analizaran-incidencia-del-cambio-climatico-en-soledad\\\/\"},\"author\":{\"name\":\"edumas\",\"@id\":\"https:\\\/\\\/edumas.gov.co\\\/inicio\\\/#\\\/schema\\\/person\\\/e2e82a662fd06864325b88811079b05a\"},\"headline\":\"Edumas y especialistas analizar\u00e1n incidencia del cambio clim\u00e1tico en Soledad\",\"datePublished\":\"2018-01-23T21:50:00+00:00\",\"dateModified\":\"2023-11-15T21:52:11+00:00\",\"mainEntityOfPage\":{\"@id\":\"https:\\\/\\\/edumas.gov.co\\\/inicio\\\/2018\\\/01\\\/23\\\/edumas-y-especialistas-analizaran-incidencia-del-cambio-climatico-en-soledad\\\/\"},\"wordCount\":187,\"commentCount\":0,\"publisher\":{\"@id\":\"https:\\\/\\\/edumas.gov.co\\\/inicio\\\/#organization\"},\"image\":{\"@id\":\"https:\\\/\\\/edumas.gov.co\\\/inicio\\\/2018\\\/01\\\/23\\\/edumas-y-especialistas-analizaran-incidencia-del-cambio-climatico-en-soledad\\\/#primaryimage\"},\"thumbnailUrl\":\"https:\\\/\\\/edumas.gov.co\\\/wp-content\\\/uploads\\\/2023\\\/11\\\/Edumas-y-especialistas-analizaran-incidencia-del-cambio-climatico-en-Soledad.jpeg\",\"articleSection\":[\"noticias\"],\"inLanguage\":\"es\",\"potentialAction\":[{\"@type\":\"CommentAction\",\"name\":\"Comment\",\"target\":[\"https:\\\/\\\/edumas.gov.co\\\/inicio\\\/2018\\\/01\\\/23\\\/edumas-y-especialistas-analizaran-incidencia-del-cambio-climatico-en-soledad\\\/#respond\"]}]},{\"@type\":\"WebPage\",\"@id\":\"https:\\\/\\\/edumas.gov.co\\\/inicio\\\/2018\\\/01\\\/23\\\/edumas-y-especialistas-analizaran-incidencia-del-cambio-climatico-en-soledad\\\/\",\"url\":\"https:\\\/\\\/edumas.gov.co\\\/inicio\\\/2018\\\/01\\\/23\\\/edumas-y-especialistas-analizaran-incidencia-del-cambio-climatico-en-soledad\\\/\",\"name\":\"Edumas y especialistas analizar\u00e1n incidencia del cambio clim\u00e1tico en Soledad - Edumas\",\"isPartOf\":{\"@id\":\"https:\\\/\\\/edumas.gov.co\\\/inicio\\\/#website\"},\"primaryImageOfPage\":{\"@id\":\"https:\\\/\\\/edumas.gov.co\\\/inicio\\\/2018\\\/01\\\/23\\\/edumas-y-especialistas-analizaran-incidencia-del-cambio-climatico-en-soledad\\\/#primaryimage\"},\"image\":{\"@id\":\"https:\\\/\\\/edumas.gov.co\\\/inicio\\\/2018\\\/01\\\/23\\\/edumas-y-especialistas-analizaran-incidencia-del-cambio-climatico-en-soledad\\\/#primaryimage\"},\"thumbnailUrl\":\"https:\\\/\\\/edumas.gov.co\\\/wp-content\\\/uploads\\\/2023\\\/11\\\/Edumas-y-especialistas-analizaran-incidencia-del-cambio-climatico-en-Soledad.jpeg\",\"datePublished\":\"2018-01-23T21:50:00+00:00\",\"dateModified\":\"2023-11-15T21:52:11+00:00\",\"breadcrumb\":{\"@id\":\"https:\\\/\\\/edumas.gov.co\\\/inicio\\\/2018\\\/01\\\/23\\\/edumas-y-especialistas-analizaran-incidencia-del-cambio-climatico-en-soledad\\\/#breadcrumb\"},\"inLanguage\":\"es\",\"potentialAction\":[{\"@type\":\"ReadAction\",\"target\":[\"https:\\\/\\\/edumas.gov.co\\\/inicio\\\/2018\\\/01\\\/23\\\/edumas-y-especialistas-analizaran-incidencia-del-cambio-climatico-en-soledad\\\/\"]}]},{\"@type\":\"ImageObject\",\"inLanguage\":\"es\",\"@id\":\"https:\\\/\\\/edumas.gov.co\\\/inicio\\\/2018\\\/01\\\/23\\\/edumas-y-especialistas-analizaran-incidencia-del-cambio-climatico-en-soledad\\\/#primaryimage\",\"url\":\"https:\\\/\\\/edumas.gov.co\\\/wp-content\\\/uploads\\\/2023\\\/11\\\/Edumas-y-especialistas-analizaran-incidencia-del-cambio-climatico-en-Soledad.jpeg\",\"contentUrl\":\"https:\\\/\\\/edumas.gov.co\\\/wp-content\\\/uploads\\\/2023\\\/11\\\/Edumas-y-especialistas-analizaran-incidencia-del-cambio-climatico-en-Soledad.jpeg\",\"width\":720,\"height\":517},{\"@type\":\"BreadcrumbList\",\"@id\":\"https:\\\/\\\/edumas.gov.co\\\/inicio\\\/2018\\\/01\\\/23\\\/edumas-y-especialistas-analizaran-incidencia-del-cambio-climatico-en-soledad\\\/#breadcrumb\",\"itemListElement\":[{\"@type\":\"ListItem\",\"position\":1,\"name\":\"Portada\",\"item\":\"https:\\\/\\\/edumas.gov.co\\\/inicio\\\/\"},{\"@type\":\"ListItem\",\"position\":2,\"name\":\"Edumas y especialistas analizar\u00e1n incidencia del cambio clim\u00e1tico en Soledad\"}]},{\"@type\":\"WebSite\",\"@id\":\"https:\\\/\\\/edumas.gov.co\\\/inicio\\\/#website\",\"url\":\"https:\\\/\\\/edumas.gov.co\\\/inicio\\\/\",\"name\":\"Edumas\",\"description\":\"Edumas\",\"publisher\":{\"@id\":\"https:\\\/\\\/edumas.gov.co\\\/inicio\\\/#organization\"},\"potentialAction\":[{\"@type\":\"SearchAction\",\"target\":{\"@type\":\"EntryPoint\",\"urlTemplate\":\"https:\\\/\\\/edumas.gov.co\\\/inicio\\\/?s={search_term_string}\"},\"query-input\":{\"@type\":\"PropertyValueSpecification\",\"valueRequired\":true,\"valueName\":\"search_term_string\"}}],\"inLanguage\":\"es\"},{\"@type\":\"Organization\",\"@id\":\"https:\\\/\\\/edumas.gov.co\\\/inicio\\\/#organization\",\"name\":\"Edumas\",\"url\":\"https:\\\/\\\/edumas.gov.co\\\/inicio\\\/\",\"logo\":{\"@type\":\"ImageObject\",\"inLanguage\":\"es\",\"@id\":\"https:\\\/\\\/edumas.gov.co\\\/inicio\\\/#\\\/schema\\\/logo\\\/image\\\/\",\"url\":\"https:\\\/\\\/edumas.gov.co\\\/wp-content\\\/uploads\\\/2024\\\/10\\\/Perfil-Instagram-PhotoRoom.png-PhotoRoom.png\",\"contentUrl\":\"https:\\\/\\\/edumas.gov.co\\\/wp-content\\\/uploads\\\/2024\\\/10\\\/Perfil-Instagram-PhotoRoom.png-PhotoRoom.png\",\"width\":648,\"height\":233,\"caption\":\"Edumas\"},\"image\":{\"@id\":\"https:\\\/\\\/edumas.gov.co\\\/inicio\\\/#\\\/schema\\\/logo\\\/image\\\/\"}},{\"@type\":\"Person\",\"@id\":\"https:\\\/\\\/edumas.gov.co\\\/inicio\\\/#\\\/schema\\\/person\\\/e2e82a662fd06864325b88811079b05a\",\"name\":\"edumas\",\"image\":{\"@type\":\"ImageObject\",\"inLanguage\":\"es\",\"@id\":\"https:\\\/\\\/edumas.gov.co\\\/wp-content\\\/uploads\\\/2025\\\/03\\\/WhatsApp-Image-2025-03-06-at-12.44.58-PM-150x150.jpeg\",\"url\":\"https:\\\/\\\/edumas.gov.co\\\/wp-content\\\/uploads\\\/2025\\\/03\\\/WhatsApp-Image-2025-03-06-at-12.44.58-PM-150x150.jpeg\",\"contentUrl\":\"https:\\\/\\\/edumas.gov.co\\\/wp-content\\\/uploads\\\/2025\\\/03\\\/WhatsApp-Image-2025-03-06-at-12.44.58-PM-150x150.jpeg\",\"caption\":\"edumas\"},\"sameAs\":[\"https:\\\/\\\/test.edumas.gov.co\"],\"url\":\"https:\\\/\\\/edumas.gov.co\\\/inicio\\\/author\\\/edumas\\\/\"}]}<\/script>\n<!-- \/ Yoast SEO plugin. -->","yoast_head_json":{"title":"Edumas y especialistas analizar\u00e1n incidencia del cambio clim\u00e1tico en Soledad - Edumas","robots":{"index":"index","follow":"follow","max-snippet":"max-snippet:-1","max-image-preview":"max-image-preview:large","max-video-preview":"max-video-preview:-1"},"canonical":"https:\/\/edumas.gov.co\/inicio\/2018\/01\/23\/edumas-y-especialistas-analizaran-incidencia-del-cambio-climatico-en-soledad\/","og_locale":"es_ES","og_type":"article","og_title":"Edumas y especialistas analizar\u00e1n incidencia del cambio clim\u00e1tico en Soledad - Edumas","og_description":"El establecimiento de Desarrollo Urbano y Medio Ambiente de Soledad (Edumas) ha organizado para este viernes, 26 de enero, el primer foro en conmemoraci\u00f3n del D\u00eda Mundial de la Educaci\u00f3n Ambiental, al cual\u00a0 podr\u00e1n asistir todos los interesados. El tema escogido es&nbsp; la educaci\u00f3n ambiental y el cambio clim\u00e1tico&nbsp; y los expositores son: Rafael Oyaga [&hellip;]","og_url":"https:\/\/edumas.gov.co\/inicio\/2018\/01\/23\/edumas-y-especialistas-analizaran-incidencia-del-cambio-climatico-en-soledad\/","og_site_name":"Edumas","article_published_time":"2018-01-23T21:50:00+00:00","article_modified_time":"2023-11-15T21:52:11+00:00","og_image":[{"width":720,"height":517,"url":"https:\/\/edumas.gov.co\/wp-content\/uploads\/2023\/11\/Edumas-y-especialistas-analizaran-incidencia-del-cambio-climatico-en-Soledad.jpeg","type":"image\/jpeg"}],"author":"edumas","twitter_card":"summary_large_image","twitter_misc":{"Escrito por":"edumas","Tiempo de lectura":"1 minuto"},"schema":{"@context":"https:\/\/schema.org","@graph":[{"@type":"Article","@id":"https:\/\/edumas.gov.co\/inicio\/2018\/01\/23\/edumas-y-especialistas-analizaran-incidencia-del-cambio-climatico-en-soledad\/#article","isPartOf":{"@id":"https:\/\/edumas.gov.co\/inicio\/2018\/01\/23\/edumas-y-especialistas-analizaran-incidencia-del-cambio-climatico-en-soledad\/"},"author":{"name":"edumas","@id":"https:\/\/edumas.gov.co\/inicio\/#\/schema\/person\/e2e82a662fd06864325b88811079b05a"},"headline":"Edumas y especialistas analizar\u00e1n incidencia del cambio clim\u00e1tico en Soledad","datePublished":"2018-01-23T21:50:00+00:00","dateModified":"2023-11-15T21:52:11+00:00","mainEntityOfPage":{"@id":"https:\/\/edumas.gov.co\/inicio\/2018\/01\/23\/edumas-y-especialistas-analizaran-incidencia-del-cambio-climatico-en-soledad\/"},"wordCount":187,"commentCount":0,"publisher":{"@id":"https:\/\/edumas.gov.co\/inicio\/#organization"},"image":{"@id":"https:\/\/edumas.gov.co\/inicio\/2018\/01\/23\/edumas-y-especialistas-analizaran-incidencia-del-cambio-climatico-en-soledad\/#primaryimage"},"thumbnailUrl":"https:\/\/edumas.gov.co\/wp-content\/uploads\/2023\/11\/Edumas-y-especialistas-analizaran-incidencia-del-cambio-climatico-en-Soledad.jpeg","articleSection":["noticias"],"inLanguage":"es","potentialAction":[{"@type":"CommentAction","name":"Comment","target":["https:\/\/edumas.gov.co\/inicio\/2018\/01\/23\/edumas-y-especialistas-analizaran-incidencia-del-cambio-climatico-en-soledad\/#respond"]}]},{"@type":"WebPage","@id":"https:\/\/edumas.gov.co\/inicio\/2018\/01\/23\/edumas-y-especialistas-analizaran-incidencia-del-cambio-climatico-en-soledad\/","url":"https:\/\/edumas.gov.co\/inicio\/2018\/01\/23\/edumas-y-especialistas-analizaran-incidencia-del-cambio-climatico-en-soledad\/","name":"Edumas y especialistas analizar\u00e1n incidencia del cambio clim\u00e1tico en Soledad - Edumas","isPartOf":{"@id":"https:\/\/edumas.gov.co\/inicio\/#website"},"primaryImageOfPage":{"@id":"https:\/\/edumas.gov.co\/inicio\/2018\/01\/23\/edumas-y-especialistas-analizaran-incidencia-del-cambio-climatico-en-soledad\/#primaryimage"},"image":{"@id":"https:\/\/edumas.gov.co\/inicio\/2018\/01\/23\/edumas-y-especialistas-analizaran-incidencia-del-cambio-climatico-en-soledad\/#primaryimage"},"thumbnailUrl":"https:\/\/edumas.gov.co\/wp-content\/uploads\/2023\/11\/Edumas-y-especialistas-analizaran-incidencia-del-cambio-climatico-en-Soledad.jpeg","datePublished":"2018-01-23T21:50:00+00:00","dateModified":"2023-11-15T21:52:11+00:00","breadcrumb":{"@id":"https:\/\/edumas.gov.co\/inicio\/2018\/01\/23\/edumas-y-especialistas-analizaran-incidencia-del-cambio-climatico-en-soledad\/#breadcrumb"},"inLanguage":"es","potentialAction":[{"@type":"ReadAction","target":["https:\/\/edumas.gov.co\/inicio\/2018\/01\/23\/edumas-y-especialistas-analizaran-incidencia-del-cambio-climatico-en-soledad\/"]}]},{"@type":"ImageObject","inLanguage":"es","@id":"https:\/\/edumas.gov.co\/inicio\/2018\/01\/23\/edumas-y-especialistas-analizaran-incidencia-del-cambio-climatico-en-soledad\/#primaryimage","url":"https:\/\/edumas.gov.co\/wp-content\/uploads\/2023\/11\/Edumas-y-especialistas-analizaran-incidencia-del-cambio-climatico-en-Soledad.jpeg","contentUrl":"https:\/\/edumas.gov.co\/wp-content\/uploads\/2023\/11\/Edumas-y-especialistas-analizaran-incidencia-del-cambio-climatico-en-Soledad.jpeg","width":720,"height":517},{"@type":"BreadcrumbList","@id":"https:\/\/edumas.gov.co\/inicio\/2018\/01\/23\/edumas-y-especialistas-analizaran-incidencia-del-cambio-climatico-en-soledad\/#breadcrumb","itemListElement":[{"@type":"ListItem","position":1,"name":"Portada","item":"https:\/\/edumas.gov.co\/inicio\/"},{"@type":"ListItem","position":2,"name":"Edumas y especialistas analizar\u00e1n incidencia del cambio clim\u00e1tico en Soledad"}]},{"@type":"WebSite","@id":"https:\/\/edumas.gov.co\/inicio\/#website","url":"https:\/\/edumas.gov.co\/inicio\/","name":"Edumas","description":"Edumas","publisher":{"@id":"https:\/\/edumas.gov.co\/inicio\/#organization"},"potentialAction":[{"@type":"SearchAction","target":{"@type":"EntryPoint","urlTemplate":"https:\/\/edumas.gov.co\/inicio\/?s={search_term_string}"},"query-input":{"@type":"PropertyValueSpecification","valueRequired":true,"valueName":"search_term_string"}}],"inLanguage":"es"},{"@type":"Organization","@id":"https:\/\/edumas.gov.co\/inicio\/#organization","name":"Edumas","url":"https:\/\/edumas.gov.co\/inicio\/","logo":{"@type":"ImageObject","inLanguage":"es","@id":"https:\/\/edumas.gov.co\/inicio\/#\/schema\/logo\/image\/","url":"https:\/\/edumas.gov.co\/wp-content\/uploads\/2024\/10\/Perfil-Instagram-PhotoRoom.png-PhotoRoom.png","contentUrl":"https:\/\/edumas.gov.co\/wp-content\/uploads\/2024\/10\/Perfil-Instagram-PhotoRoom.png-PhotoRoom.png","width":648,"height":233,"caption":"Edumas"},"image":{"@id":"https:\/\/edumas.gov.co\/inicio\/#\/schema\/logo\/image\/"}},{"@type":"Person","@id":"https:\/\/edumas.gov.co\/inicio\/#\/schema\/person\/e2e82a662fd06864325b88811079b05a","name":"edumas","image":{"@type":"ImageObject","inLanguage":"es","@id":"https:\/\/edumas.gov.co\/wp-content\/uploads\/2025\/03\/WhatsApp-Image-2025-03-06-at-12.44.58-PM-150x150.jpeg","url":"https:\/\/edumas.gov.co\/wp-content\/uploads\/2025\/03\/WhatsApp-Image-2025-03-06-at-12.44.58-PM-150x150.jpeg","contentUrl":"https:\/\/edumas.gov.co\/wp-content\/uploads\/2025\/03\/WhatsApp-Image-2025-03-06-at-12.44.58-PM-150x150.jpeg","caption":"edumas"},"sameAs":["https:\/\/test.edumas.gov.co"],"url":"https:\/\/edumas.gov.co\/inicio\/author\/edumas\/"}]}},"_links":{"self":[{"href":"https:\/\/edumas.gov.co\/inicio\/wp-json\/wp\/v2\/posts\/1742","targetHints":{"allow":["GET"]}}],"collection":[{"href":"https:\/\/edumas.gov.co\/inicio\/wp-json\/wp\/v2\/posts"}],"about":[{"href":"https:\/\/edumas.gov.co\/inicio\/wp-json\/wp\/v2\/types\/post"}],"author":[{"embeddable":true,"href":"https:\/\/edumas.gov.co\/inicio\/wp-json\/wp\/v2\/users\/1"}],"replies":[{"embeddable":true,"href":"https:\/\/edumas.gov.co\/inicio\/wp-json\/wp\/v2\/comments?post=1742"}],"version-history":[{"count":1,"href":"https:\/\/edumas.gov.co\/inicio\/wp-json\/wp\/v2\/posts\/1742\/revisions"}],"predecessor-version":[{"id":1745,"href":"https:\/\/edumas.gov.co\/inicio\/wp-json\/wp\/v2\/posts\/1742\/revisions\/1745"}],"wp:featuredmedia":[{"embeddable":true,"href":"https:\/\/edumas.gov.co\/inicio\/wp-json\/wp\/v2\/media\/1743"}],"wp:attachment":[{"href":"https:\/\/edumas.gov.co\/inicio\/wp-json\/wp\/v2\/media?parent=1742"}],"wp:term":[{"taxonomy":"category","embeddable":true,"href":"https:\/\/edumas.gov.co\/inicio\/wp-json\/wp\/v2\/categories?post=1742"},{"taxonomy":"post_tag","embeddable":true,"href":"https:\/\/edumas.gov.co\/inicio\/wp-json\/wp\/v2\/tags?post=1742"}],"curies":[{"name":"wp","href":"https:\/\/api.w.org\/{rel}","templated":true}]}}