{"id":1764,"date":"2019-09-03T14:56:00","date_gmt":"2019-09-03T14:56:00","guid":{"rendered":"https:\/\/test.edumas.gov.co\/?p=1764"},"modified":"2023-11-17T15:00:41","modified_gmt":"2023-11-17T15:00:41","slug":"soledad-tendra-su-identificador-de-bienvenida","status":"publish","type":"post","link":"https:\/\/edumas.gov.co\/inicio\/2019\/09\/03\/soledad-tendra-su-identificador-de-bienvenida\/","title":{"rendered":"Soledad tendr\u00e1 su identificador de bienvenida"},"content":{"rendered":"\n<figure class=\"wp-block-gallery has-nested-images columns-default is-cropped wp-block-gallery-1 is-layout-flex wp-block-gallery-is-layout-flex\">\n<figure class=\"wp-block-image size-large\"><img fetchpriority=\"high\" decoding=\"async\" width=\"1024\" height=\"341\" data-id=\"1766\" src=\"https:\/\/test.edumas.gov.co\/wp-content\/uploads\/2023\/11\/Soledad-tendra-su-identificador-de-bienvenida-1-1024x341.jpeg\" alt=\"\" class=\"wp-image-1766\" srcset=\"https:\/\/edumas.gov.co\/wp-content\/uploads\/2023\/11\/Soledad-tendra-su-identificador-de-bienvenida-1-1024x341.jpeg 1024w, https:\/\/edumas.gov.co\/wp-content\/uploads\/2023\/11\/Soledad-tendra-su-identificador-de-bienvenida-1-300x100.jpeg 300w, https:\/\/edumas.gov.co\/wp-content\/uploads\/2023\/11\/Soledad-tendra-su-identificador-de-bienvenida-1-768x256.jpeg 768w, https:\/\/edumas.gov.co\/wp-content\/uploads\/2023\/11\/Soledad-tendra-su-identificador-de-bienvenida-1.jpeg 1280w\" sizes=\"(max-width: 1024px) 100vw, 1024px\" \/><\/figure>\n<\/figure>\n\n\n\n<p class=\"wp-block-paragraph\"><strong>Soledad, 1 de septiembre de 2019.<\/strong> En Soledad ya se trabaja en la construcci\u00f3n de su identificador de bienvenida, el cual estar\u00e1 ubicado en la rotonda de la Circunvalar con Avenida Las Torres.<\/p>\n\n\n\n<p class=\"wp-block-paragraph\">Su dise\u00f1o y elaboraci\u00f3n, que constar\u00e1 de la t\u00e9cnica de mosaico, est\u00e1 a cargo de la ceramista y mosaiquista Mar\u00eda Consuelo (Chelo) Rodr\u00edguez Sandoval, quien trabajar\u00e1 de la mano de cinco solede\u00f1os convocados por la Alcald\u00eda.<\/p>\n\n\n\n<p class=\"wp-block-paragraph\">El identificador tendr\u00e1 16,50 metros de ancho x 3,30 metros de alto que conformar\u00e1 el nombre de Soledad.<\/p>\n\n\n\n<p class=\"wp-block-paragraph\">El dise\u00f1o consta de tres ejes tem\u00e1ticos interactivos: la trompeta de Pacho Gal\u00e1n, que le permite a la gente simular que toca dicho instrumento; el piano de Alci Acosta, con una banca para que la persona se siente y simule que lo toca y la canoa, en que las personas se pueden sentar y \u2018navegar\u2019 por el R\u00edo Magdalena.<\/p>\n\n\n\n<p class=\"wp-block-paragraph\">La gerente de Edumas, Mar\u00eda Clara Monsalve, afirm\u00f3 que la administraci\u00f3n municipal, en cabeza del alcalde Joao Herrera, reconoce que gracias al impulso de l\u00edderes comunales, el proyecto de identificador est\u00e9 cerca de ser una realidad.<\/p>\n","protected":false},"excerpt":{"rendered":"<p>Soledad, 1 de septiembre de 2019. En Soledad ya se trabaja en la construcci\u00f3n de su identificador de bienvenida, el cual estar\u00e1 ubicado en la rotonda de la Circunvalar con Avenida Las Torres. Su dise\u00f1o y elaboraci\u00f3n, que constar\u00e1 de la t\u00e9cnica de mosaico, est\u00e1 a cargo de la ceramista y mosaiquista Mar\u00eda Consuelo (Chelo) [&hellip;]<\/p>\n","protected":false},"author":1,"featured_media":1765,"comment_status":"open","ping_status":"open","sticky":false,"template":"","format":"standard","meta":{"footnotes":""},"categories":[26],"tags":[],"class_list":["post-1764","post","type-post","status-publish","format-standard","has-post-thumbnail","hentry","category-noticias"],"yoast_head":"<!-- This site is optimized with the Yoast SEO plugin v27.4 - https:\/\/yoast.com\/product\/yoast-seo-wordpress\/ -->\n<title>Soledad tendr\u00e1 su identificador de bienvenida - Edumas<\/title>\n<meta name=\"robots\" content=\"index, follow, max-snippet:-1, max-image-preview:large, max-video-preview:-1\" \/>\n<link rel=\"canonical\" href=\"https:\/\/edumas.gov.co\/inicio\/2019\/09\/03\/soledad-tendra-su-identificador-de-bienvenida\/\" \/>\n<meta property=\"og:locale\" content=\"es_ES\" \/>\n<meta property=\"og:type\" content=\"article\" \/>\n<meta property=\"og:title\" content=\"Soledad tendr\u00e1 su identificador de bienvenida - Edumas\" \/>\n<meta property=\"og:description\" content=\"Soledad, 1 de septiembre de 2019. En Soledad ya se trabaja en la construcci\u00f3n de su identificador de bienvenida, el cual estar\u00e1 ubicado en la rotonda de la Circunvalar con Avenida Las Torres. Su dise\u00f1o y elaboraci\u00f3n, que constar\u00e1 de la t\u00e9cnica de mosaico, est\u00e1 a cargo de la ceramista y mosaiquista Mar\u00eda Consuelo (Chelo) [&hellip;]\" \/>\n<meta property=\"og:url\" content=\"https:\/\/edumas.gov.co\/inicio\/2019\/09\/03\/soledad-tendra-su-identificador-de-bienvenida\/\" \/>\n<meta property=\"og:site_name\" content=\"Edumas\" \/>\n<meta property=\"article:published_time\" content=\"2019-09-03T14:56:00+00:00\" \/>\n<meta property=\"article:modified_time\" content=\"2023-11-17T15:00:41+00:00\" \/>\n<meta property=\"og:image\" content=\"https:\/\/edumas.gov.co\/wp-content\/uploads\/2023\/11\/Soledad-tendra-su-identificador-de-bienvenida.jpeg\" \/>\n\t<meta property=\"og:image:width\" content=\"1280\" \/>\n\t<meta property=\"og:image:height\" content=\"426\" \/>\n\t<meta property=\"og:image:type\" content=\"image\/jpeg\" \/>\n<meta name=\"author\" content=\"edumas\" \/>\n<meta name=\"twitter:card\" content=\"summary_large_image\" \/>\n<meta name=\"twitter:label1\" content=\"Escrito por\" \/>\n\t<meta name=\"twitter:data1\" content=\"edumas\" \/>\n\t<meta name=\"twitter:label2\" content=\"Tiempo de lectura\" \/>\n\t<meta name=\"twitter:data2\" content=\"1 minuto\" \/>\n<script type=\"application\/ld+json\" class=\"yoast-schema-graph\">{\"@context\":\"https:\\\/\\\/schema.org\",\"@graph\":[{\"@type\":\"Article\",\"@id\":\"https:\\\/\\\/edumas.gov.co\\\/inicio\\\/2019\\\/09\\\/03\\\/soledad-tendra-su-identificador-de-bienvenida\\\/#article\",\"isPartOf\":{\"@id\":\"https:\\\/\\\/edumas.gov.co\\\/inicio\\\/2019\\\/09\\\/03\\\/soledad-tendra-su-identificador-de-bienvenida\\\/\"},\"author\":{\"name\":\"edumas\",\"@id\":\"https:\\\/\\\/edumas.gov.co\\\/inicio\\\/#\\\/schema\\\/person\\\/e2e82a662fd06864325b88811079b05a\"},\"headline\":\"Soledad tendr\u00e1 su identificador de bienvenida\",\"datePublished\":\"2019-09-03T14:56:00+00:00\",\"dateModified\":\"2023-11-17T15:00:41+00:00\",\"mainEntityOfPage\":{\"@id\":\"https:\\\/\\\/edumas.gov.co\\\/inicio\\\/2019\\\/09\\\/03\\\/soledad-tendra-su-identificador-de-bienvenida\\\/\"},\"wordCount\":199,\"commentCount\":0,\"publisher\":{\"@id\":\"https:\\\/\\\/edumas.gov.co\\\/inicio\\\/#organization\"},\"image\":{\"@id\":\"https:\\\/\\\/edumas.gov.co\\\/inicio\\\/2019\\\/09\\\/03\\\/soledad-tendra-su-identificador-de-bienvenida\\\/#primaryimage\"},\"thumbnailUrl\":\"https:\\\/\\\/edumas.gov.co\\\/wp-content\\\/uploads\\\/2023\\\/11\\\/Soledad-tendra-su-identificador-de-bienvenida.jpeg\",\"articleSection\":[\"noticias\"],\"inLanguage\":\"es\",\"potentialAction\":[{\"@type\":\"CommentAction\",\"name\":\"Comment\",\"target\":[\"https:\\\/\\\/edumas.gov.co\\\/inicio\\\/2019\\\/09\\\/03\\\/soledad-tendra-su-identificador-de-bienvenida\\\/#respond\"]}]},{\"@type\":\"WebPage\",\"@id\":\"https:\\\/\\\/edumas.gov.co\\\/inicio\\\/2019\\\/09\\\/03\\\/soledad-tendra-su-identificador-de-bienvenida\\\/\",\"url\":\"https:\\\/\\\/edumas.gov.co\\\/inicio\\\/2019\\\/09\\\/03\\\/soledad-tendra-su-identificador-de-bienvenida\\\/\",\"name\":\"Soledad tendr\u00e1 su identificador de bienvenida - Edumas\",\"isPartOf\":{\"@id\":\"https:\\\/\\\/edumas.gov.co\\\/inicio\\\/#website\"},\"primaryImageOfPage\":{\"@id\":\"https:\\\/\\\/edumas.gov.co\\\/inicio\\\/2019\\\/09\\\/03\\\/soledad-tendra-su-identificador-de-bienvenida\\\/#primaryimage\"},\"image\":{\"@id\":\"https:\\\/\\\/edumas.gov.co\\\/inicio\\\/2019\\\/09\\\/03\\\/soledad-tendra-su-identificador-de-bienvenida\\\/#primaryimage\"},\"thumbnailUrl\":\"https:\\\/\\\/edumas.gov.co\\\/wp-content\\\/uploads\\\/2023\\\/11\\\/Soledad-tendra-su-identificador-de-bienvenida.jpeg\",\"datePublished\":\"2019-09-03T14:56:00+00:00\",\"dateModified\":\"2023-11-17T15:00:41+00:00\",\"breadcrumb\":{\"@id\":\"https:\\\/\\\/edumas.gov.co\\\/inicio\\\/2019\\\/09\\\/03\\\/soledad-tendra-su-identificador-de-bienvenida\\\/#breadcrumb\"},\"inLanguage\":\"es\",\"potentialAction\":[{\"@type\":\"ReadAction\",\"target\":[\"https:\\\/\\\/edumas.gov.co\\\/inicio\\\/2019\\\/09\\\/03\\\/soledad-tendra-su-identificador-de-bienvenida\\\/\"]}]},{\"@type\":\"ImageObject\",\"inLanguage\":\"es\",\"@id\":\"https:\\\/\\\/edumas.gov.co\\\/inicio\\\/2019\\\/09\\\/03\\\/soledad-tendra-su-identificador-de-bienvenida\\\/#primaryimage\",\"url\":\"https:\\\/\\\/edumas.gov.co\\\/wp-content\\\/uploads\\\/2023\\\/11\\\/Soledad-tendra-su-identificador-de-bienvenida.jpeg\",\"contentUrl\":\"https:\\\/\\\/edumas.gov.co\\\/wp-content\\\/uploads\\\/2023\\\/11\\\/Soledad-tendra-su-identificador-de-bienvenida.jpeg\",\"width\":1280,\"height\":426},{\"@type\":\"BreadcrumbList\",\"@id\":\"https:\\\/\\\/edumas.gov.co\\\/inicio\\\/2019\\\/09\\\/03\\\/soledad-tendra-su-identificador-de-bienvenida\\\/#breadcrumb\",\"itemListElement\":[{\"@type\":\"ListItem\",\"position\":1,\"name\":\"Portada\",\"item\":\"https:\\\/\\\/edumas.gov.co\\\/inicio\\\/\"},{\"@type\":\"ListItem\",\"position\":2,\"name\":\"Soledad tendr\u00e1 su identificador de bienvenida\"}]},{\"@type\":\"WebSite\",\"@id\":\"https:\\\/\\\/edumas.gov.co\\\/inicio\\\/#website\",\"url\":\"https:\\\/\\\/edumas.gov.co\\\/inicio\\\/\",\"name\":\"Edumas\",\"description\":\"Edumas\",\"publisher\":{\"@id\":\"https:\\\/\\\/edumas.gov.co\\\/inicio\\\/#organization\"},\"potentialAction\":[{\"@type\":\"SearchAction\",\"target\":{\"@type\":\"EntryPoint\",\"urlTemplate\":\"https:\\\/\\\/edumas.gov.co\\\/inicio\\\/?s={search_term_string}\"},\"query-input\":{\"@type\":\"PropertyValueSpecification\",\"valueRequired\":true,\"valueName\":\"search_term_string\"}}],\"inLanguage\":\"es\"},{\"@type\":\"Organization\",\"@id\":\"https:\\\/\\\/edumas.gov.co\\\/inicio\\\/#organization\",\"name\":\"Edumas\",\"url\":\"https:\\\/\\\/edumas.gov.co\\\/inicio\\\/\",\"logo\":{\"@type\":\"ImageObject\",\"inLanguage\":\"es\",\"@id\":\"https:\\\/\\\/edumas.gov.co\\\/inicio\\\/#\\\/schema\\\/logo\\\/image\\\/\",\"url\":\"https:\\\/\\\/edumas.gov.co\\\/wp-content\\\/uploads\\\/2024\\\/10\\\/Perfil-Instagram-PhotoRoom.png-PhotoRoom.png\",\"contentUrl\":\"https:\\\/\\\/edumas.gov.co\\\/wp-content\\\/uploads\\\/2024\\\/10\\\/Perfil-Instagram-PhotoRoom.png-PhotoRoom.png\",\"width\":648,\"height\":233,\"caption\":\"Edumas\"},\"image\":{\"@id\":\"https:\\\/\\\/edumas.gov.co\\\/inicio\\\/#\\\/schema\\\/logo\\\/image\\\/\"}},{\"@type\":\"Person\",\"@id\":\"https:\\\/\\\/edumas.gov.co\\\/inicio\\\/#\\\/schema\\\/person\\\/e2e82a662fd06864325b88811079b05a\",\"name\":\"edumas\",\"image\":{\"@type\":\"ImageObject\",\"inLanguage\":\"es\",\"@id\":\"https:\\\/\\\/edumas.gov.co\\\/wp-content\\\/uploads\\\/2025\\\/03\\\/WhatsApp-Image-2025-03-06-at-12.44.58-PM-150x150.jpeg\",\"url\":\"https:\\\/\\\/edumas.gov.co\\\/wp-content\\\/uploads\\\/2025\\\/03\\\/WhatsApp-Image-2025-03-06-at-12.44.58-PM-150x150.jpeg\",\"contentUrl\":\"https:\\\/\\\/edumas.gov.co\\\/wp-content\\\/uploads\\\/2025\\\/03\\\/WhatsApp-Image-2025-03-06-at-12.44.58-PM-150x150.jpeg\",\"caption\":\"edumas\"},\"sameAs\":[\"https:\\\/\\\/test.edumas.gov.co\"],\"url\":\"https:\\\/\\\/edumas.gov.co\\\/inicio\\\/author\\\/edumas\\\/\"}]}<\/script>\n<!-- \/ Yoast SEO plugin. -->","yoast_head_json":{"title":"Soledad tendr\u00e1 su identificador de bienvenida - Edumas","robots":{"index":"index","follow":"follow","max-snippet":"max-snippet:-1","max-image-preview":"max-image-preview:large","max-video-preview":"max-video-preview:-1"},"canonical":"https:\/\/edumas.gov.co\/inicio\/2019\/09\/03\/soledad-tendra-su-identificador-de-bienvenida\/","og_locale":"es_ES","og_type":"article","og_title":"Soledad tendr\u00e1 su identificador de bienvenida - Edumas","og_description":"Soledad, 1 de septiembre de 2019. En Soledad ya se trabaja en la construcci\u00f3n de su identificador de bienvenida, el cual estar\u00e1 ubicado en la rotonda de la Circunvalar con Avenida Las Torres. Su dise\u00f1o y elaboraci\u00f3n, que constar\u00e1 de la t\u00e9cnica de mosaico, est\u00e1 a cargo de la ceramista y mosaiquista Mar\u00eda Consuelo (Chelo) [&hellip;]","og_url":"https:\/\/edumas.gov.co\/inicio\/2019\/09\/03\/soledad-tendra-su-identificador-de-bienvenida\/","og_site_name":"Edumas","article_published_time":"2019-09-03T14:56:00+00:00","article_modified_time":"2023-11-17T15:00:41+00:00","og_image":[{"width":1280,"height":426,"url":"https:\/\/edumas.gov.co\/wp-content\/uploads\/2023\/11\/Soledad-tendra-su-identificador-de-bienvenida.jpeg","type":"image\/jpeg"}],"author":"edumas","twitter_card":"summary_large_image","twitter_misc":{"Escrito por":"edumas","Tiempo de lectura":"1 minuto"},"schema":{"@context":"https:\/\/schema.org","@graph":[{"@type":"Article","@id":"https:\/\/edumas.gov.co\/inicio\/2019\/09\/03\/soledad-tendra-su-identificador-de-bienvenida\/#article","isPartOf":{"@id":"https:\/\/edumas.gov.co\/inicio\/2019\/09\/03\/soledad-tendra-su-identificador-de-bienvenida\/"},"author":{"name":"edumas","@id":"https:\/\/edumas.gov.co\/inicio\/#\/schema\/person\/e2e82a662fd06864325b88811079b05a"},"headline":"Soledad tendr\u00e1 su identificador de bienvenida","datePublished":"2019-09-03T14:56:00+00:00","dateModified":"2023-11-17T15:00:41+00:00","mainEntityOfPage":{"@id":"https:\/\/edumas.gov.co\/inicio\/2019\/09\/03\/soledad-tendra-su-identificador-de-bienvenida\/"},"wordCount":199,"commentCount":0,"publisher":{"@id":"https:\/\/edumas.gov.co\/inicio\/#organization"},"image":{"@id":"https:\/\/edumas.gov.co\/inicio\/2019\/09\/03\/soledad-tendra-su-identificador-de-bienvenida\/#primaryimage"},"thumbnailUrl":"https:\/\/edumas.gov.co\/wp-content\/uploads\/2023\/11\/Soledad-tendra-su-identificador-de-bienvenida.jpeg","articleSection":["noticias"],"inLanguage":"es","potentialAction":[{"@type":"CommentAction","name":"Comment","target":["https:\/\/edumas.gov.co\/inicio\/2019\/09\/03\/soledad-tendra-su-identificador-de-bienvenida\/#respond"]}]},{"@type":"WebPage","@id":"https:\/\/edumas.gov.co\/inicio\/2019\/09\/03\/soledad-tendra-su-identificador-de-bienvenida\/","url":"https:\/\/edumas.gov.co\/inicio\/2019\/09\/03\/soledad-tendra-su-identificador-de-bienvenida\/","name":"Soledad tendr\u00e1 su identificador de bienvenida - Edumas","isPartOf":{"@id":"https:\/\/edumas.gov.co\/inicio\/#website"},"primaryImageOfPage":{"@id":"https:\/\/edumas.gov.co\/inicio\/2019\/09\/03\/soledad-tendra-su-identificador-de-bienvenida\/#primaryimage"},"image":{"@id":"https:\/\/edumas.gov.co\/inicio\/2019\/09\/03\/soledad-tendra-su-identificador-de-bienvenida\/#primaryimage"},"thumbnailUrl":"https:\/\/edumas.gov.co\/wp-content\/uploads\/2023\/11\/Soledad-tendra-su-identificador-de-bienvenida.jpeg","datePublished":"2019-09-03T14:56:00+00:00","dateModified":"2023-11-17T15:00:41+00:00","breadcrumb":{"@id":"https:\/\/edumas.gov.co\/inicio\/2019\/09\/03\/soledad-tendra-su-identificador-de-bienvenida\/#breadcrumb"},"inLanguage":"es","potentialAction":[{"@type":"ReadAction","target":["https:\/\/edumas.gov.co\/inicio\/2019\/09\/03\/soledad-tendra-su-identificador-de-bienvenida\/"]}]},{"@type":"ImageObject","inLanguage":"es","@id":"https:\/\/edumas.gov.co\/inicio\/2019\/09\/03\/soledad-tendra-su-identificador-de-bienvenida\/#primaryimage","url":"https:\/\/edumas.gov.co\/wp-content\/uploads\/2023\/11\/Soledad-tendra-su-identificador-de-bienvenida.jpeg","contentUrl":"https:\/\/edumas.gov.co\/wp-content\/uploads\/2023\/11\/Soledad-tendra-su-identificador-de-bienvenida.jpeg","width":1280,"height":426},{"@type":"BreadcrumbList","@id":"https:\/\/edumas.gov.co\/inicio\/2019\/09\/03\/soledad-tendra-su-identificador-de-bienvenida\/#breadcrumb","itemListElement":[{"@type":"ListItem","position":1,"name":"Portada","item":"https:\/\/edumas.gov.co\/inicio\/"},{"@type":"ListItem","position":2,"name":"Soledad tendr\u00e1 su identificador de bienvenida"}]},{"@type":"WebSite","@id":"https:\/\/edumas.gov.co\/inicio\/#website","url":"https:\/\/edumas.gov.co\/inicio\/","name":"Edumas","description":"Edumas","publisher":{"@id":"https:\/\/edumas.gov.co\/inicio\/#organization"},"potentialAction":[{"@type":"SearchAction","target":{"@type":"EntryPoint","urlTemplate":"https:\/\/edumas.gov.co\/inicio\/?s={search_term_string}"},"query-input":{"@type":"PropertyValueSpecification","valueRequired":true,"valueName":"search_term_string"}}],"inLanguage":"es"},{"@type":"Organization","@id":"https:\/\/edumas.gov.co\/inicio\/#organization","name":"Edumas","url":"https:\/\/edumas.gov.co\/inicio\/","logo":{"@type":"ImageObject","inLanguage":"es","@id":"https:\/\/edumas.gov.co\/inicio\/#\/schema\/logo\/image\/","url":"https:\/\/edumas.gov.co\/wp-content\/uploads\/2024\/10\/Perfil-Instagram-PhotoRoom.png-PhotoRoom.png","contentUrl":"https:\/\/edumas.gov.co\/wp-content\/uploads\/2024\/10\/Perfil-Instagram-PhotoRoom.png-PhotoRoom.png","width":648,"height":233,"caption":"Edumas"},"image":{"@id":"https:\/\/edumas.gov.co\/inicio\/#\/schema\/logo\/image\/"}},{"@type":"Person","@id":"https:\/\/edumas.gov.co\/inicio\/#\/schema\/person\/e2e82a662fd06864325b88811079b05a","name":"edumas","image":{"@type":"ImageObject","inLanguage":"es","@id":"https:\/\/edumas.gov.co\/wp-content\/uploads\/2025\/03\/WhatsApp-Image-2025-03-06-at-12.44.58-PM-150x150.jpeg","url":"https:\/\/edumas.gov.co\/wp-content\/uploads\/2025\/03\/WhatsApp-Image-2025-03-06-at-12.44.58-PM-150x150.jpeg","contentUrl":"https:\/\/edumas.gov.co\/wp-content\/uploads\/2025\/03\/WhatsApp-Image-2025-03-06-at-12.44.58-PM-150x150.jpeg","caption":"edumas"},"sameAs":["https:\/\/test.edumas.gov.co"],"url":"https:\/\/edumas.gov.co\/inicio\/author\/edumas\/"}]}},"_links":{"self":[{"href":"https:\/\/edumas.gov.co\/inicio\/wp-json\/wp\/v2\/posts\/1764","targetHints":{"allow":["GET"]}}],"collection":[{"href":"https:\/\/edumas.gov.co\/inicio\/wp-json\/wp\/v2\/posts"}],"about":[{"href":"https:\/\/edumas.gov.co\/inicio\/wp-json\/wp\/v2\/types\/post"}],"author":[{"embeddable":true,"href":"https:\/\/edumas.gov.co\/inicio\/wp-json\/wp\/v2\/users\/1"}],"replies":[{"embeddable":true,"href":"https:\/\/edumas.gov.co\/inicio\/wp-json\/wp\/v2\/comments?post=1764"}],"version-history":[{"count":2,"href":"https:\/\/edumas.gov.co\/inicio\/wp-json\/wp\/v2\/posts\/1764\/revisions"}],"predecessor-version":[{"id":1768,"href":"https:\/\/edumas.gov.co\/inicio\/wp-json\/wp\/v2\/posts\/1764\/revisions\/1768"}],"wp:featuredmedia":[{"embeddable":true,"href":"https:\/\/edumas.gov.co\/inicio\/wp-json\/wp\/v2\/media\/1765"}],"wp:attachment":[{"href":"https:\/\/edumas.gov.co\/inicio\/wp-json\/wp\/v2\/media?parent=1764"}],"wp:term":[{"taxonomy":"category","embeddable":true,"href":"https:\/\/edumas.gov.co\/inicio\/wp-json\/wp\/v2\/categories?post=1764"},{"taxonomy":"post_tag","embeddable":true,"href":"https:\/\/edumas.gov.co\/inicio\/wp-json\/wp\/v2\/tags?post=1764"}],"curies":[{"name":"wp","href":"https:\/\/api.w.org\/{rel}","templated":true}]}}