{"id":1780,"date":"2017-08-18T15:36:00","date_gmt":"2017-08-18T15:36:00","guid":{"rendered":"https:\/\/test.edumas.gov.co\/?p=1780"},"modified":"2023-11-17T15:43:37","modified_gmt":"2023-11-17T15:43:37","slug":"edumas-emite-alerta-por-presencia-de-caracol-africano-en-los-loteros","status":"publish","type":"post","link":"https:\/\/edumas.gov.co\/inicio\/2017\/08\/18\/edumas-emite-alerta-por-presencia-de-caracol-africano-en-los-loteros\/","title":{"rendered":"Edumas emite alerta por presencia de caracol africano en Los Loteros"},"content":{"rendered":"\n<ul class=\"wp-block-list\">\n<li><strong>M\u00e1s de 20 caracoles fueron hallados en una sola vivienda del sector.<\/strong><\/li>\n<\/ul>\n\n\n\n<p class=\"wp-block-paragraph\"><strong>Soledad, 5 de julio de 2017. <\/strong>Atendiendo un llamado de la comunidad y con el fin de verificar la presencia de un nuevo individuo, que se presume podr\u00eda ser el caracol gigante africano, funcionarios del Establecimiento de Desarrollo Urbano y Medio Ambiente de Soledad, Edumas, acudieron al barrio Los Loteros.<\/p>\n\n\n\n<div class=\"wp-block-media-text is-stacked-on-mobile\"><figure class=\"wp-block-media-text__media\"><img decoding=\"async\" width=\"150\" height=\"164\" src=\"https:\/\/test.edumas.gov.co\/wp-content\/uploads\/2023\/11\/Caracoles-en-Los-Loteros-e1503085699235-1.jpg\" alt=\"\" class=\"wp-image-1782 size-full\"\/><\/figure><div class=\"wp-block-media-text__content\">\n<p class=\"wp-block-paragraph\">En una sola vivienda del sector los funcionarios de Edumas encontraron m\u00e1s de 20 ejemplares, y aseguran que las caracter\u00edsticas que presentan coinciden en un 80% con la especie mencionada, raz\u00f3n por la cual se adelant\u00f3 el protocolo pertinente para estos casos, como es el enterramiento de los animales bajo las medidas definidas en la Resoluci\u00f3n 654 de 2011, del Ministerio de Ambiente y Desarrollo Sostenible.<\/p>\n<\/div><\/div>\n\n\n\n<p class=\"wp-block-paragraph\">El caracol gigante africano es una de las cien especies ex\u00f3ticas invasoras m\u00e1s da\u00f1inas del mundo, reconocida a nivel mundial como plaga que afecta la biodiversidad, la salud p\u00fablica y la productividad agr\u00edcola de un pa\u00eds.<\/p>\n\n\n\n<div class=\"wp-block-media-text is-stacked-on-mobile\"><figure class=\"wp-block-media-text__media\"><img decoding=\"async\" width=\"151\" height=\"140\" src=\"https:\/\/test.edumas.gov.co\/wp-content\/uploads\/2023\/11\/Caracoles-Africanos-169x300-1.jpg\" alt=\"\" class=\"wp-image-1783 size-full\"\/><\/figure><div class=\"wp-block-media-text__content\">\n<p class=\"wp-block-paragraph\">De acuerdo con el Edumas los caracoles africanos suelen aparecer cuando hay cambios bruscos de temperaturas. Esta especie ataca inmediatamente despu\u00e9s de la lluvia y tiene h\u00e1bitos nocturnos. Prefiere los sitios h\u00famedos y sombr\u00edos, como debajo de piedras, bloques, restos de cosechas, arbustos y hojas secas en descomposici\u00f3n.<\/p>\n<\/div><\/div>\n\n\n\n<p class=\"wp-block-paragraph\">\u201cSe reitera a la comunidad hacer un buen manejo de las basuras, escombros y recoger los excrementos de los animales, con el fin de evitar la propagaci\u00f3n de bacterias y del mismo animal\u201d, manifest\u00f3 Fernando Valencia Solana, gerente de Edumas.<\/p>\n\n\n\n<p class=\"wp-block-paragraph\">La entidad ambiental hace un llamado a la comunidad en general para que, ante la presencia de estos caracoles, se comuniquen a los tel\u00e9fonos 3841446 \u2013 3841432.<\/p>\n","protected":false},"excerpt":{"rendered":"<p>Soledad, 5 de julio de 2017. Atendiendo un llamado de la comunidad y con el fin de verificar la presencia de un nuevo individuo, que se presume podr\u00eda ser el caracol gigante africano, funcionarios del Establecimiento de Desarrollo Urbano y Medio Ambiente de Soledad, Edumas, acudieron al barrio Los Loteros. En una sola vivienda del [&hellip;]<\/p>\n","protected":false},"author":1,"featured_media":1785,"comment_status":"open","ping_status":"open","sticky":false,"template":"","format":"standard","meta":{"footnotes":""},"categories":[26],"tags":[],"class_list":["post-1780","post","type-post","status-publish","format-standard","has-post-thumbnail","hentry","category-noticias"],"yoast_head":"<!-- This site is optimized with the Yoast SEO plugin v27.4 - https:\/\/yoast.com\/product\/yoast-seo-wordpress\/ -->\n<title>Edumas emite alerta por presencia de caracol africano en Los Loteros - Edumas<\/title>\n<meta name=\"robots\" content=\"index, follow, max-snippet:-1, max-image-preview:large, max-video-preview:-1\" \/>\n<link rel=\"canonical\" href=\"https:\/\/edumas.gov.co\/inicio\/2017\/08\/18\/edumas-emite-alerta-por-presencia-de-caracol-africano-en-los-loteros\/\" \/>\n<meta property=\"og:locale\" content=\"es_ES\" \/>\n<meta property=\"og:type\" content=\"article\" \/>\n<meta property=\"og:title\" content=\"Edumas emite alerta por presencia de caracol africano en Los Loteros - Edumas\" \/>\n<meta property=\"og:description\" content=\"Soledad, 5 de julio de 2017. Atendiendo un llamado de la comunidad y con el fin de verificar la presencia de un nuevo individuo, que se presume podr\u00eda ser el caracol gigante africano, funcionarios del Establecimiento de Desarrollo Urbano y Medio Ambiente de Soledad, Edumas, acudieron al barrio Los Loteros. En una sola vivienda del [&hellip;]\" \/>\n<meta property=\"og:url\" content=\"https:\/\/edumas.gov.co\/inicio\/2017\/08\/18\/edumas-emite-alerta-por-presencia-de-caracol-africano-en-los-loteros\/\" \/>\n<meta property=\"og:site_name\" content=\"Edumas\" \/>\n<meta property=\"article:published_time\" content=\"2017-08-18T15:36:00+00:00\" \/>\n<meta property=\"article:modified_time\" content=\"2023-11-17T15:43:37+00:00\" \/>\n<meta property=\"og:image\" content=\"https:\/\/edumas.gov.co\/wp-content\/uploads\/2023\/11\/caracol_africano_senasa_andina51.jpg\" \/>\n\t<meta property=\"og:image:width\" content=\"1200\" \/>\n\t<meta property=\"og:image:height\" content=\"690\" \/>\n\t<meta property=\"og:image:type\" content=\"image\/jpeg\" \/>\n<meta name=\"author\" content=\"edumas\" \/>\n<meta name=\"twitter:card\" content=\"summary_large_image\" \/>\n<meta name=\"twitter:label1\" content=\"Escrito por\" \/>\n\t<meta name=\"twitter:data1\" content=\"edumas\" \/>\n\t<meta name=\"twitter:label2\" content=\"Tiempo de lectura\" \/>\n\t<meta name=\"twitter:data2\" content=\"1 minuto\" \/>\n<script type=\"application\/ld+json\" class=\"yoast-schema-graph\">{\"@context\":\"https:\\\/\\\/schema.org\",\"@graph\":[{\"@type\":\"Article\",\"@id\":\"https:\\\/\\\/edumas.gov.co\\\/inicio\\\/2017\\\/08\\\/18\\\/edumas-emite-alerta-por-presencia-de-caracol-africano-en-los-loteros\\\/#article\",\"isPartOf\":{\"@id\":\"https:\\\/\\\/edumas.gov.co\\\/inicio\\\/2017\\\/08\\\/18\\\/edumas-emite-alerta-por-presencia-de-caracol-africano-en-los-loteros\\\/\"},\"author\":{\"name\":\"edumas\",\"@id\":\"https:\\\/\\\/edumas.gov.co\\\/inicio\\\/#\\\/schema\\\/person\\\/e2e82a662fd06864325b88811079b05a\"},\"headline\":\"Edumas emite alerta por presencia de caracol africano en Los Loteros\",\"datePublished\":\"2017-08-18T15:36:00+00:00\",\"dateModified\":\"2023-11-17T15:43:37+00:00\",\"mainEntityOfPage\":{\"@id\":\"https:\\\/\\\/edumas.gov.co\\\/inicio\\\/2017\\\/08\\\/18\\\/edumas-emite-alerta-por-presencia-de-caracol-africano-en-los-loteros\\\/\"},\"wordCount\":299,\"commentCount\":0,\"publisher\":{\"@id\":\"https:\\\/\\\/edumas.gov.co\\\/inicio\\\/#organization\"},\"image\":{\"@id\":\"https:\\\/\\\/edumas.gov.co\\\/inicio\\\/2017\\\/08\\\/18\\\/edumas-emite-alerta-por-presencia-de-caracol-africano-en-los-loteros\\\/#primaryimage\"},\"thumbnailUrl\":\"https:\\\/\\\/edumas.gov.co\\\/wp-content\\\/uploads\\\/2023\\\/11\\\/caracol_africano_senasa_andina51.jpg\",\"articleSection\":[\"noticias\"],\"inLanguage\":\"es\",\"potentialAction\":[{\"@type\":\"CommentAction\",\"name\":\"Comment\",\"target\":[\"https:\\\/\\\/edumas.gov.co\\\/inicio\\\/2017\\\/08\\\/18\\\/edumas-emite-alerta-por-presencia-de-caracol-africano-en-los-loteros\\\/#respond\"]}]},{\"@type\":\"WebPage\",\"@id\":\"https:\\\/\\\/edumas.gov.co\\\/inicio\\\/2017\\\/08\\\/18\\\/edumas-emite-alerta-por-presencia-de-caracol-africano-en-los-loteros\\\/\",\"url\":\"https:\\\/\\\/edumas.gov.co\\\/inicio\\\/2017\\\/08\\\/18\\\/edumas-emite-alerta-por-presencia-de-caracol-africano-en-los-loteros\\\/\",\"name\":\"Edumas emite alerta por presencia de caracol africano en Los Loteros - Edumas\",\"isPartOf\":{\"@id\":\"https:\\\/\\\/edumas.gov.co\\\/inicio\\\/#website\"},\"primaryImageOfPage\":{\"@id\":\"https:\\\/\\\/edumas.gov.co\\\/inicio\\\/2017\\\/08\\\/18\\\/edumas-emite-alerta-por-presencia-de-caracol-africano-en-los-loteros\\\/#primaryimage\"},\"image\":{\"@id\":\"https:\\\/\\\/edumas.gov.co\\\/inicio\\\/2017\\\/08\\\/18\\\/edumas-emite-alerta-por-presencia-de-caracol-africano-en-los-loteros\\\/#primaryimage\"},\"thumbnailUrl\":\"https:\\\/\\\/edumas.gov.co\\\/wp-content\\\/uploads\\\/2023\\\/11\\\/caracol_africano_senasa_andina51.jpg\",\"datePublished\":\"2017-08-18T15:36:00+00:00\",\"dateModified\":\"2023-11-17T15:43:37+00:00\",\"breadcrumb\":{\"@id\":\"https:\\\/\\\/edumas.gov.co\\\/inicio\\\/2017\\\/08\\\/18\\\/edumas-emite-alerta-por-presencia-de-caracol-africano-en-los-loteros\\\/#breadcrumb\"},\"inLanguage\":\"es\",\"potentialAction\":[{\"@type\":\"ReadAction\",\"target\":[\"https:\\\/\\\/edumas.gov.co\\\/inicio\\\/2017\\\/08\\\/18\\\/edumas-emite-alerta-por-presencia-de-caracol-africano-en-los-loteros\\\/\"]}]},{\"@type\":\"ImageObject\",\"inLanguage\":\"es\",\"@id\":\"https:\\\/\\\/edumas.gov.co\\\/inicio\\\/2017\\\/08\\\/18\\\/edumas-emite-alerta-por-presencia-de-caracol-africano-en-los-loteros\\\/#primaryimage\",\"url\":\"https:\\\/\\\/edumas.gov.co\\\/wp-content\\\/uploads\\\/2023\\\/11\\\/caracol_africano_senasa_andina51.jpg\",\"contentUrl\":\"https:\\\/\\\/edumas.gov.co\\\/wp-content\\\/uploads\\\/2023\\\/11\\\/caracol_africano_senasa_andina51.jpg\",\"width\":1200,\"height\":690},{\"@type\":\"BreadcrumbList\",\"@id\":\"https:\\\/\\\/edumas.gov.co\\\/inicio\\\/2017\\\/08\\\/18\\\/edumas-emite-alerta-por-presencia-de-caracol-africano-en-los-loteros\\\/#breadcrumb\",\"itemListElement\":[{\"@type\":\"ListItem\",\"position\":1,\"name\":\"Portada\",\"item\":\"https:\\\/\\\/edumas.gov.co\\\/inicio\\\/\"},{\"@type\":\"ListItem\",\"position\":2,\"name\":\"Edumas emite alerta por presencia de caracol africano en Los Loteros\"}]},{\"@type\":\"WebSite\",\"@id\":\"https:\\\/\\\/edumas.gov.co\\\/inicio\\\/#website\",\"url\":\"https:\\\/\\\/edumas.gov.co\\\/inicio\\\/\",\"name\":\"Edumas\",\"description\":\"Edumas\",\"publisher\":{\"@id\":\"https:\\\/\\\/edumas.gov.co\\\/inicio\\\/#organization\"},\"potentialAction\":[{\"@type\":\"SearchAction\",\"target\":{\"@type\":\"EntryPoint\",\"urlTemplate\":\"https:\\\/\\\/edumas.gov.co\\\/inicio\\\/?s={search_term_string}\"},\"query-input\":{\"@type\":\"PropertyValueSpecification\",\"valueRequired\":true,\"valueName\":\"search_term_string\"}}],\"inLanguage\":\"es\"},{\"@type\":\"Organization\",\"@id\":\"https:\\\/\\\/edumas.gov.co\\\/inicio\\\/#organization\",\"name\":\"Edumas\",\"url\":\"https:\\\/\\\/edumas.gov.co\\\/inicio\\\/\",\"logo\":{\"@type\":\"ImageObject\",\"inLanguage\":\"es\",\"@id\":\"https:\\\/\\\/edumas.gov.co\\\/inicio\\\/#\\\/schema\\\/logo\\\/image\\\/\",\"url\":\"https:\\\/\\\/edumas.gov.co\\\/wp-content\\\/uploads\\\/2024\\\/10\\\/Perfil-Instagram-PhotoRoom.png-PhotoRoom.png\",\"contentUrl\":\"https:\\\/\\\/edumas.gov.co\\\/wp-content\\\/uploads\\\/2024\\\/10\\\/Perfil-Instagram-PhotoRoom.png-PhotoRoom.png\",\"width\":648,\"height\":233,\"caption\":\"Edumas\"},\"image\":{\"@id\":\"https:\\\/\\\/edumas.gov.co\\\/inicio\\\/#\\\/schema\\\/logo\\\/image\\\/\"}},{\"@type\":\"Person\",\"@id\":\"https:\\\/\\\/edumas.gov.co\\\/inicio\\\/#\\\/schema\\\/person\\\/e2e82a662fd06864325b88811079b05a\",\"name\":\"edumas\",\"image\":{\"@type\":\"ImageObject\",\"inLanguage\":\"es\",\"@id\":\"https:\\\/\\\/edumas.gov.co\\\/wp-content\\\/uploads\\\/2025\\\/03\\\/WhatsApp-Image-2025-03-06-at-12.44.58-PM-150x150.jpeg\",\"url\":\"https:\\\/\\\/edumas.gov.co\\\/wp-content\\\/uploads\\\/2025\\\/03\\\/WhatsApp-Image-2025-03-06-at-12.44.58-PM-150x150.jpeg\",\"contentUrl\":\"https:\\\/\\\/edumas.gov.co\\\/wp-content\\\/uploads\\\/2025\\\/03\\\/WhatsApp-Image-2025-03-06-at-12.44.58-PM-150x150.jpeg\",\"caption\":\"edumas\"},\"sameAs\":[\"https:\\\/\\\/test.edumas.gov.co\"],\"url\":\"https:\\\/\\\/edumas.gov.co\\\/inicio\\\/author\\\/edumas\\\/\"}]}<\/script>\n<!-- \/ Yoast SEO plugin. -->","yoast_head_json":{"title":"Edumas emite alerta por presencia de caracol africano en Los Loteros - Edumas","robots":{"index":"index","follow":"follow","max-snippet":"max-snippet:-1","max-image-preview":"max-image-preview:large","max-video-preview":"max-video-preview:-1"},"canonical":"https:\/\/edumas.gov.co\/inicio\/2017\/08\/18\/edumas-emite-alerta-por-presencia-de-caracol-africano-en-los-loteros\/","og_locale":"es_ES","og_type":"article","og_title":"Edumas emite alerta por presencia de caracol africano en Los Loteros - Edumas","og_description":"Soledad, 5 de julio de 2017. Atendiendo un llamado de la comunidad y con el fin de verificar la presencia de un nuevo individuo, que se presume podr\u00eda ser el caracol gigante africano, funcionarios del Establecimiento de Desarrollo Urbano y Medio Ambiente de Soledad, Edumas, acudieron al barrio Los Loteros. En una sola vivienda del [&hellip;]","og_url":"https:\/\/edumas.gov.co\/inicio\/2017\/08\/18\/edumas-emite-alerta-por-presencia-de-caracol-africano-en-los-loteros\/","og_site_name":"Edumas","article_published_time":"2017-08-18T15:36:00+00:00","article_modified_time":"2023-11-17T15:43:37+00:00","og_image":[{"width":1200,"height":690,"url":"https:\/\/edumas.gov.co\/wp-content\/uploads\/2023\/11\/caracol_africano_senasa_andina51.jpg","type":"image\/jpeg"}],"author":"edumas","twitter_card":"summary_large_image","twitter_misc":{"Escrito por":"edumas","Tiempo de lectura":"1 minuto"},"schema":{"@context":"https:\/\/schema.org","@graph":[{"@type":"Article","@id":"https:\/\/edumas.gov.co\/inicio\/2017\/08\/18\/edumas-emite-alerta-por-presencia-de-caracol-africano-en-los-loteros\/#article","isPartOf":{"@id":"https:\/\/edumas.gov.co\/inicio\/2017\/08\/18\/edumas-emite-alerta-por-presencia-de-caracol-africano-en-los-loteros\/"},"author":{"name":"edumas","@id":"https:\/\/edumas.gov.co\/inicio\/#\/schema\/person\/e2e82a662fd06864325b88811079b05a"},"headline":"Edumas emite alerta por presencia de caracol africano en Los Loteros","datePublished":"2017-08-18T15:36:00+00:00","dateModified":"2023-11-17T15:43:37+00:00","mainEntityOfPage":{"@id":"https:\/\/edumas.gov.co\/inicio\/2017\/08\/18\/edumas-emite-alerta-por-presencia-de-caracol-africano-en-los-loteros\/"},"wordCount":299,"commentCount":0,"publisher":{"@id":"https:\/\/edumas.gov.co\/inicio\/#organization"},"image":{"@id":"https:\/\/edumas.gov.co\/inicio\/2017\/08\/18\/edumas-emite-alerta-por-presencia-de-caracol-africano-en-los-loteros\/#primaryimage"},"thumbnailUrl":"https:\/\/edumas.gov.co\/wp-content\/uploads\/2023\/11\/caracol_africano_senasa_andina51.jpg","articleSection":["noticias"],"inLanguage":"es","potentialAction":[{"@type":"CommentAction","name":"Comment","target":["https:\/\/edumas.gov.co\/inicio\/2017\/08\/18\/edumas-emite-alerta-por-presencia-de-caracol-africano-en-los-loteros\/#respond"]}]},{"@type":"WebPage","@id":"https:\/\/edumas.gov.co\/inicio\/2017\/08\/18\/edumas-emite-alerta-por-presencia-de-caracol-africano-en-los-loteros\/","url":"https:\/\/edumas.gov.co\/inicio\/2017\/08\/18\/edumas-emite-alerta-por-presencia-de-caracol-africano-en-los-loteros\/","name":"Edumas emite alerta por presencia de caracol africano en Los Loteros - Edumas","isPartOf":{"@id":"https:\/\/edumas.gov.co\/inicio\/#website"},"primaryImageOfPage":{"@id":"https:\/\/edumas.gov.co\/inicio\/2017\/08\/18\/edumas-emite-alerta-por-presencia-de-caracol-africano-en-los-loteros\/#primaryimage"},"image":{"@id":"https:\/\/edumas.gov.co\/inicio\/2017\/08\/18\/edumas-emite-alerta-por-presencia-de-caracol-africano-en-los-loteros\/#primaryimage"},"thumbnailUrl":"https:\/\/edumas.gov.co\/wp-content\/uploads\/2023\/11\/caracol_africano_senasa_andina51.jpg","datePublished":"2017-08-18T15:36:00+00:00","dateModified":"2023-11-17T15:43:37+00:00","breadcrumb":{"@id":"https:\/\/edumas.gov.co\/inicio\/2017\/08\/18\/edumas-emite-alerta-por-presencia-de-caracol-africano-en-los-loteros\/#breadcrumb"},"inLanguage":"es","potentialAction":[{"@type":"ReadAction","target":["https:\/\/edumas.gov.co\/inicio\/2017\/08\/18\/edumas-emite-alerta-por-presencia-de-caracol-africano-en-los-loteros\/"]}]},{"@type":"ImageObject","inLanguage":"es","@id":"https:\/\/edumas.gov.co\/inicio\/2017\/08\/18\/edumas-emite-alerta-por-presencia-de-caracol-africano-en-los-loteros\/#primaryimage","url":"https:\/\/edumas.gov.co\/wp-content\/uploads\/2023\/11\/caracol_africano_senasa_andina51.jpg","contentUrl":"https:\/\/edumas.gov.co\/wp-content\/uploads\/2023\/11\/caracol_africano_senasa_andina51.jpg","width":1200,"height":690},{"@type":"BreadcrumbList","@id":"https:\/\/edumas.gov.co\/inicio\/2017\/08\/18\/edumas-emite-alerta-por-presencia-de-caracol-africano-en-los-loteros\/#breadcrumb","itemListElement":[{"@type":"ListItem","position":1,"name":"Portada","item":"https:\/\/edumas.gov.co\/inicio\/"},{"@type":"ListItem","position":2,"name":"Edumas emite alerta por presencia de caracol africano en Los Loteros"}]},{"@type":"WebSite","@id":"https:\/\/edumas.gov.co\/inicio\/#website","url":"https:\/\/edumas.gov.co\/inicio\/","name":"Edumas","description":"Edumas","publisher":{"@id":"https:\/\/edumas.gov.co\/inicio\/#organization"},"potentialAction":[{"@type":"SearchAction","target":{"@type":"EntryPoint","urlTemplate":"https:\/\/edumas.gov.co\/inicio\/?s={search_term_string}"},"query-input":{"@type":"PropertyValueSpecification","valueRequired":true,"valueName":"search_term_string"}}],"inLanguage":"es"},{"@type":"Organization","@id":"https:\/\/edumas.gov.co\/inicio\/#organization","name":"Edumas","url":"https:\/\/edumas.gov.co\/inicio\/","logo":{"@type":"ImageObject","inLanguage":"es","@id":"https:\/\/edumas.gov.co\/inicio\/#\/schema\/logo\/image\/","url":"https:\/\/edumas.gov.co\/wp-content\/uploads\/2024\/10\/Perfil-Instagram-PhotoRoom.png-PhotoRoom.png","contentUrl":"https:\/\/edumas.gov.co\/wp-content\/uploads\/2024\/10\/Perfil-Instagram-PhotoRoom.png-PhotoRoom.png","width":648,"height":233,"caption":"Edumas"},"image":{"@id":"https:\/\/edumas.gov.co\/inicio\/#\/schema\/logo\/image\/"}},{"@type":"Person","@id":"https:\/\/edumas.gov.co\/inicio\/#\/schema\/person\/e2e82a662fd06864325b88811079b05a","name":"edumas","image":{"@type":"ImageObject","inLanguage":"es","@id":"https:\/\/edumas.gov.co\/wp-content\/uploads\/2025\/03\/WhatsApp-Image-2025-03-06-at-12.44.58-PM-150x150.jpeg","url":"https:\/\/edumas.gov.co\/wp-content\/uploads\/2025\/03\/WhatsApp-Image-2025-03-06-at-12.44.58-PM-150x150.jpeg","contentUrl":"https:\/\/edumas.gov.co\/wp-content\/uploads\/2025\/03\/WhatsApp-Image-2025-03-06-at-12.44.58-PM-150x150.jpeg","caption":"edumas"},"sameAs":["https:\/\/test.edumas.gov.co"],"url":"https:\/\/edumas.gov.co\/inicio\/author\/edumas\/"}]}},"_links":{"self":[{"href":"https:\/\/edumas.gov.co\/inicio\/wp-json\/wp\/v2\/posts\/1780","targetHints":{"allow":["GET"]}}],"collection":[{"href":"https:\/\/edumas.gov.co\/inicio\/wp-json\/wp\/v2\/posts"}],"about":[{"href":"https:\/\/edumas.gov.co\/inicio\/wp-json\/wp\/v2\/types\/post"}],"author":[{"embeddable":true,"href":"https:\/\/edumas.gov.co\/inicio\/wp-json\/wp\/v2\/users\/1"}],"replies":[{"embeddable":true,"href":"https:\/\/edumas.gov.co\/inicio\/wp-json\/wp\/v2\/comments?post=1780"}],"version-history":[{"count":1,"href":"https:\/\/edumas.gov.co\/inicio\/wp-json\/wp\/v2\/posts\/1780\/revisions"}],"predecessor-version":[{"id":1786,"href":"https:\/\/edumas.gov.co\/inicio\/wp-json\/wp\/v2\/posts\/1780\/revisions\/1786"}],"wp:featuredmedia":[{"embeddable":true,"href":"https:\/\/edumas.gov.co\/inicio\/wp-json\/wp\/v2\/media\/1785"}],"wp:attachment":[{"href":"https:\/\/edumas.gov.co\/inicio\/wp-json\/wp\/v2\/media?parent=1780"}],"wp:term":[{"taxonomy":"category","embeddable":true,"href":"https:\/\/edumas.gov.co\/inicio\/wp-json\/wp\/v2\/categories?post=1780"},{"taxonomy":"post_tag","embeddable":true,"href":"https:\/\/edumas.gov.co\/inicio\/wp-json\/wp\/v2\/tags?post=1780"}],"curies":[{"name":"wp","href":"https:\/\/api.w.org\/{rel}","templated":true}]}}