{"id":2514,"date":"2024-09-02T21:31:26","date_gmt":"2024-09-02T21:31:26","guid":{"rendered":"https:\/\/test.edumas.gov.co\/?p=2514"},"modified":"2024-09-02T21:39:38","modified_gmt":"2024-09-02T21:39:38","slug":"formando-ciudadanos-ambientalmente-responsables","status":"publish","type":"post","link":"https:\/\/edumas.gov.co\/inicio\/2024\/09\/02\/formando-ciudadanos-ambientalmente-responsables\/","title":{"rendered":"Formando ciudadanos ambientalmente responsables"},"content":{"rendered":"\t\t<div data-elementor-type=\"wp-post\" data-elementor-id=\"2514\" class=\"elementor elementor-2514\" data-elementor-post-type=\"post\">\n\t\t\t\t\t\t<section class=\"elementor-section elementor-top-section elementor-element elementor-element-376d071a elementor-section-boxed elementor-section-height-default elementor-section-height-default\" data-id=\"376d071a\" data-element_type=\"section\">\n\t\t\t\t\t\t<div class=\"elementor-container elementor-column-gap-default\">\n\t\t\t\t\t<div class=\"elementor-column elementor-col-100 elementor-top-column elementor-element elementor-element-3d6ce491\" data-id=\"3d6ce491\" data-element_type=\"column\">\n\t\t\t<div class=\"elementor-widget-wrap elementor-element-populated\">\n\t\t\t\t\t\t<div class=\"elementor-element elementor-element-40f40a7 elementor-widget elementor-widget-text-editor\" data-id=\"40f40a7\" data-element_type=\"widget\" data-widget_type=\"text-editor.default\">\n\t\t\t\t<div class=\"elementor-widget-container\">\n\t\t\t\t\t\t\t\t\t\n<p class=\"wp-block-paragraph\">Abarcando los diferentes actores sociales del municipio para la consolidaci\u00f3n de comportamientos ambientalmente responsables, la administraci\u00f3n de la alcaldesa Alcira Sandoval Iba\u00f1ez, a trav\u00e9s del Establecimiento de Desarrollo Urbano y Medio Ambiente de Soledad \u2013 Edumas, lleva a las instituciones educativas del municipio el programa de sensibilizaciones para una Soledad limpia.<\/p>\n\n\n\n<p class=\"wp-block-paragraph\">La din\u00e1mica l\u00fadica iniciada hace un mes, ha llegado, hasta la fecha, a nueve instituciones educativas y un Centro de Desarrollo Infantil (CDI), involucrando activamente a 700 ni\u00f1os, j\u00f3venes, profesores y grupos ambientales escolares. El plan de trabajo, concertado con los coordinadores escolares, tiene como meta el cubrimiento del 100 por ciento de los colegios p\u00fablicos de Soledad y la vinculaci\u00f3n de un n\u00famero importante de instituciones privadas.<\/p>\n\n\n\n<p class=\"wp-block-paragraph\">La gerente del Edumas, Carolina Correa Gallardo explica que este acercamiento con la comunidad educativa no es una iniciativa aislada, sino que forma parte de la estrategia \u201cYo quiero Soledad limpia\u201d y el plan piloto recientemente lanzado, \u201cPor una Soledad limpia 2024\u201d, cuyo objetivo es claro y directo; y que convoca a los l\u00edderes comunales, la empresa Intersaseo, la Interventor\u00eda de Aseo, la empresa privada y la administraci\u00f3n municipal.<\/p>\n\n\n\n<p class=\"wp-block-paragraph\">\u201cEl sentido de pertenencia por nuestro municipio y la responsabilidad individual y colectiva por la correcta disposici\u00f3n de los residuos s\u00f3lidos, es sin lugar a dudas, una de las variables m\u00e1s importantes a fortalecer a trav\u00e9s de estas acciones\u201d, puntualiz\u00f3 la gerente Correa.<\/p>\n\n\n\n<p class=\"wp-block-paragraph\">El programa prioriza a aquellas instituciones educativas ubicadas en las zonas que han sido identificadas con puntos cr\u00edticos de acumulaci\u00f3n de residuos y en los que el sentido de conciencia ambiental es bajo.<\/p>\n\t\t\t\t\t\t\t\t<\/div>\n\t\t\t\t<\/div>\n\t\t\t\t\t<\/div>\n\t\t<\/div>\n\t\t\t\t\t<\/div>\n\t\t<\/section>\n\t\t\t\t<section class=\"elementor-section elementor-top-section elementor-element elementor-element-3f31a3e elementor-section-boxed elementor-section-height-default elementor-section-height-default\" data-id=\"3f31a3e\" data-element_type=\"section\">\n\t\t\t\t\t\t<div class=\"elementor-container elementor-column-gap-default\">\n\t\t\t\t\t<div class=\"elementor-column elementor-col-100 elementor-top-column elementor-element elementor-element-b7ceee4\" data-id=\"b7ceee4\" data-element_type=\"column\">\n\t\t\t<div class=\"elementor-widget-wrap elementor-element-populated\">\n\t\t\t\t\t\t<div class=\"elementor-element elementor-element-9fbac2d elementor-arrows-position-inside elementor-pagination-position-outside elementor-widget elementor-widget-image-carousel\" data-id=\"9fbac2d\" data-element_type=\"widget\" data-settings=\"{&quot;slides_to_show&quot;:&quot;1&quot;,&quot;navigation&quot;:&quot;both&quot;,&quot;autoplay&quot;:&quot;yes&quot;,&quot;pause_on_hover&quot;:&quot;yes&quot;,&quot;pause_on_interaction&quot;:&quot;yes&quot;,&quot;autoplay_speed&quot;:5000,&quot;infinite&quot;:&quot;yes&quot;,&quot;effect&quot;:&quot;slide&quot;,&quot;speed&quot;:500}\" data-widget_type=\"image-carousel.default\">\n\t\t\t\t<div class=\"elementor-widget-container\">\n\t\t\t\t\t\t\t<div class=\"elementor-image-carousel-wrapper swiper\" role=\"region\" aria-roledescription=\"carousel\" aria-label=\"Carrusel de im\u00e1genes\" dir=\"ltr\">\n\t\t\t<div class=\"elementor-image-carousel swiper-wrapper\" aria-live=\"off\">\n\t\t\t\t\t\t\t\t<div class=\"swiper-slide\" role=\"group\" aria-roledescription=\"slide\" aria-label=\"1 de 5\"><figure class=\"swiper-slide-inner\"><img decoding=\"async\" class=\"swiper-slide-image\" src=\"https:\/\/edumas.gov.co\/wp-content\/uploads\/2024\/09\/Bicentenario-1-1-768x576.jpg\" alt=\"Bicentenario-1 (1)\" \/><\/figure><\/div><div class=\"swiper-slide\" role=\"group\" aria-roledescription=\"slide\" aria-label=\"2 de 5\"><figure class=\"swiper-slide-inner\"><img decoding=\"async\" class=\"swiper-slide-image\" src=\"https:\/\/edumas.gov.co\/wp-content\/uploads\/2024\/09\/WhatsApp-Image-2024-08-21-at-11-768x577.jpg\" alt=\"WhatsApp-Image-2024-08-21-at-11\" \/><\/figure><\/div><div class=\"swiper-slide\" role=\"group\" aria-roledescription=\"slide\" aria-label=\"3 de 5\"><figure class=\"swiper-slide-inner\"><img decoding=\"async\" class=\"swiper-slide-image\" src=\"https:\/\/edumas.gov.co\/wp-content\/uploads\/2024\/09\/Vista-hermosa-4-768x576.jpg\" alt=\"Vista-hermosa-4\" \/><\/figure><\/div><div class=\"swiper-slide\" role=\"group\" aria-roledescription=\"slide\" aria-label=\"4 de 5\"><figure class=\"swiper-slide-inner\"><img decoding=\"async\" class=\"swiper-slide-image\" src=\"https:\/\/edumas.gov.co\/wp-content\/uploads\/2024\/09\/Primero-de-Mayo-2-768x576.jpg\" alt=\"Primero-de-Mayo-2\" \/><\/figure><\/div><div class=\"swiper-slide\" role=\"group\" aria-roledescription=\"slide\" aria-label=\"5 de 5\"><figure class=\"swiper-slide-inner\"><img decoding=\"async\" class=\"swiper-slide-image\" src=\"https:\/\/edumas.gov.co\/wp-content\/uploads\/2024\/09\/Cabica-4-768x576.jpg\" alt=\"Cabica-4\" \/><\/figure><\/div>\t\t\t<\/div>\n\t\t\t\t\t\t\t\t\t\t\t\t<div class=\"elementor-swiper-button elementor-swiper-button-prev\" role=\"button\" tabindex=\"0\">\n\t\t\t\t\t\t<i aria-hidden=\"true\" class=\"eicon-chevron-left\"><\/i>\t\t\t\t\t<\/div>\n\t\t\t\t\t<div class=\"elementor-swiper-button elementor-swiper-button-next\" role=\"button\" tabindex=\"0\">\n\t\t\t\t\t\t<i aria-hidden=\"true\" class=\"eicon-chevron-right\"><\/i>\t\t\t\t\t<\/div>\n\t\t\t\t\n\t\t\t\t\t\t\t\t\t<div class=\"swiper-pagination\"><\/div>\n\t\t\t\t\t\t\t\t\t<\/div>\n\t\t\t\t\t\t<\/div>\n\t\t\t\t<\/div>\n\t\t\t\t\t<\/div>\n\t\t<\/div>\n\t\t\t\t\t<\/div>\n\t\t<\/section>\n\t\t\t\t<\/div>\n\t\t","protected":false},"excerpt":{"rendered":"<p>Abarcando los diferentes actores sociales del municipio para la consolidaci\u00f3n de comportamientos ambientalmente responsables, la administraci\u00f3n de la alcaldesa Alcira Sandoval Iba\u00f1ez, a trav\u00e9s del Establecimiento de Desarrollo Urbano y Medio Ambiente de Soledad \u2013 Edumas, lleva a las instituciones educativas del municipio el programa de sensibilizaciones para una Soledad limpia. La din\u00e1mica l\u00fadica iniciada [&hellip;]<\/p>\n","protected":false},"author":1,"featured_media":2520,"comment_status":"open","ping_status":"open","sticky":false,"template":"","format":"standard","meta":{"footnotes":""},"categories":[26],"tags":[],"class_list":["post-2514","post","type-post","status-publish","format-standard","has-post-thumbnail","hentry","category-noticias"],"yoast_head":"<!-- This site is optimized with the Yoast SEO plugin v27.4 - https:\/\/yoast.com\/product\/yoast-seo-wordpress\/ -->\n<title>Formando ciudadanos ambientalmente responsables - Edumas<\/title>\n<meta name=\"robots\" content=\"index, follow, max-snippet:-1, max-image-preview:large, max-video-preview:-1\" \/>\n<link rel=\"canonical\" href=\"https:\/\/edumas.gov.co\/inicio\/2024\/09\/02\/formando-ciudadanos-ambientalmente-responsables\/\" \/>\n<meta property=\"og:locale\" content=\"es_ES\" \/>\n<meta property=\"og:type\" content=\"article\" \/>\n<meta property=\"og:title\" content=\"Formando ciudadanos ambientalmente responsables - Edumas\" \/>\n<meta property=\"og:description\" content=\"Abarcando los diferentes actores sociales del municipio para la consolidaci\u00f3n de comportamientos ambientalmente responsables, la administraci\u00f3n de la alcaldesa Alcira Sandoval Iba\u00f1ez, a trav\u00e9s del Establecimiento de Desarrollo Urbano y Medio Ambiente de Soledad \u2013 Edumas, lleva a las instituciones educativas del municipio el programa de sensibilizaciones para una Soledad limpia. La din\u00e1mica l\u00fadica iniciada [&hellip;]\" \/>\n<meta property=\"og:url\" content=\"https:\/\/edumas.gov.co\/inicio\/2024\/09\/02\/formando-ciudadanos-ambientalmente-responsables\/\" \/>\n<meta property=\"og:site_name\" content=\"Edumas\" \/>\n<meta property=\"article:published_time\" content=\"2024-09-02T21:31:26+00:00\" \/>\n<meta property=\"article:modified_time\" content=\"2024-09-02T21:39:38+00:00\" \/>\n<meta property=\"og:image\" content=\"https:\/\/edumas.gov.co\/wp-content\/uploads\/2024\/09\/Bicentenario-1.jpg\" \/>\n\t<meta property=\"og:image:width\" content=\"800\" \/>\n\t<meta property=\"og:image:height\" content=\"600\" \/>\n\t<meta property=\"og:image:type\" content=\"image\/jpeg\" \/>\n<meta name=\"author\" content=\"edumas\" \/>\n<meta name=\"twitter:card\" content=\"summary_large_image\" \/>\n<meta name=\"twitter:label1\" content=\"Escrito por\" \/>\n\t<meta name=\"twitter:data1\" content=\"edumas\" \/>\n\t<meta name=\"twitter:label2\" content=\"Tiempo de lectura\" \/>\n\t<meta name=\"twitter:data2\" content=\"1 minuto\" \/>\n<script type=\"application\/ld+json\" class=\"yoast-schema-graph\">{\"@context\":\"https:\\\/\\\/schema.org\",\"@graph\":[{\"@type\":\"Article\",\"@id\":\"https:\\\/\\\/edumas.gov.co\\\/inicio\\\/2024\\\/09\\\/02\\\/formando-ciudadanos-ambientalmente-responsables\\\/#article\",\"isPartOf\":{\"@id\":\"https:\\\/\\\/edumas.gov.co\\\/inicio\\\/2024\\\/09\\\/02\\\/formando-ciudadanos-ambientalmente-responsables\\\/\"},\"author\":{\"name\":\"edumas\",\"@id\":\"https:\\\/\\\/edumas.gov.co\\\/inicio\\\/#\\\/schema\\\/person\\\/e2e82a662fd06864325b88811079b05a\"},\"headline\":\"Formando ciudadanos ambientalmente responsables\",\"datePublished\":\"2024-09-02T21:31:26+00:00\",\"dateModified\":\"2024-09-02T21:39:38+00:00\",\"mainEntityOfPage\":{\"@id\":\"https:\\\/\\\/edumas.gov.co\\\/inicio\\\/2024\\\/09\\\/02\\\/formando-ciudadanos-ambientalmente-responsables\\\/\"},\"wordCount\":284,\"commentCount\":0,\"publisher\":{\"@id\":\"https:\\\/\\\/edumas.gov.co\\\/inicio\\\/#organization\"},\"image\":{\"@id\":\"https:\\\/\\\/edumas.gov.co\\\/inicio\\\/2024\\\/09\\\/02\\\/formando-ciudadanos-ambientalmente-responsables\\\/#primaryimage\"},\"thumbnailUrl\":\"https:\\\/\\\/edumas.gov.co\\\/wp-content\\\/uploads\\\/2024\\\/09\\\/Bicentenario-1.jpg\",\"articleSection\":[\"noticias\"],\"inLanguage\":\"es\",\"potentialAction\":[{\"@type\":\"CommentAction\",\"name\":\"Comment\",\"target\":[\"https:\\\/\\\/edumas.gov.co\\\/inicio\\\/2024\\\/09\\\/02\\\/formando-ciudadanos-ambientalmente-responsables\\\/#respond\"]}]},{\"@type\":\"WebPage\",\"@id\":\"https:\\\/\\\/edumas.gov.co\\\/inicio\\\/2024\\\/09\\\/02\\\/formando-ciudadanos-ambientalmente-responsables\\\/\",\"url\":\"https:\\\/\\\/edumas.gov.co\\\/inicio\\\/2024\\\/09\\\/02\\\/formando-ciudadanos-ambientalmente-responsables\\\/\",\"name\":\"Formando ciudadanos ambientalmente responsables - Edumas\",\"isPartOf\":{\"@id\":\"https:\\\/\\\/edumas.gov.co\\\/inicio\\\/#website\"},\"primaryImageOfPage\":{\"@id\":\"https:\\\/\\\/edumas.gov.co\\\/inicio\\\/2024\\\/09\\\/02\\\/formando-ciudadanos-ambientalmente-responsables\\\/#primaryimage\"},\"image\":{\"@id\":\"https:\\\/\\\/edumas.gov.co\\\/inicio\\\/2024\\\/09\\\/02\\\/formando-ciudadanos-ambientalmente-responsables\\\/#primaryimage\"},\"thumbnailUrl\":\"https:\\\/\\\/edumas.gov.co\\\/wp-content\\\/uploads\\\/2024\\\/09\\\/Bicentenario-1.jpg\",\"datePublished\":\"2024-09-02T21:31:26+00:00\",\"dateModified\":\"2024-09-02T21:39:38+00:00\",\"breadcrumb\":{\"@id\":\"https:\\\/\\\/edumas.gov.co\\\/inicio\\\/2024\\\/09\\\/02\\\/formando-ciudadanos-ambientalmente-responsables\\\/#breadcrumb\"},\"inLanguage\":\"es\",\"potentialAction\":[{\"@type\":\"ReadAction\",\"target\":[\"https:\\\/\\\/edumas.gov.co\\\/inicio\\\/2024\\\/09\\\/02\\\/formando-ciudadanos-ambientalmente-responsables\\\/\"]}]},{\"@type\":\"ImageObject\",\"inLanguage\":\"es\",\"@id\":\"https:\\\/\\\/edumas.gov.co\\\/inicio\\\/2024\\\/09\\\/02\\\/formando-ciudadanos-ambientalmente-responsables\\\/#primaryimage\",\"url\":\"https:\\\/\\\/edumas.gov.co\\\/wp-content\\\/uploads\\\/2024\\\/09\\\/Bicentenario-1.jpg\",\"contentUrl\":\"https:\\\/\\\/edumas.gov.co\\\/wp-content\\\/uploads\\\/2024\\\/09\\\/Bicentenario-1.jpg\",\"width\":800,\"height\":600},{\"@type\":\"BreadcrumbList\",\"@id\":\"https:\\\/\\\/edumas.gov.co\\\/inicio\\\/2024\\\/09\\\/02\\\/formando-ciudadanos-ambientalmente-responsables\\\/#breadcrumb\",\"itemListElement\":[{\"@type\":\"ListItem\",\"position\":1,\"name\":\"Portada\",\"item\":\"https:\\\/\\\/edumas.gov.co\\\/inicio\\\/\"},{\"@type\":\"ListItem\",\"position\":2,\"name\":\"Formando ciudadanos ambientalmente responsables\"}]},{\"@type\":\"WebSite\",\"@id\":\"https:\\\/\\\/edumas.gov.co\\\/inicio\\\/#website\",\"url\":\"https:\\\/\\\/edumas.gov.co\\\/inicio\\\/\",\"name\":\"Edumas\",\"description\":\"Edumas\",\"publisher\":{\"@id\":\"https:\\\/\\\/edumas.gov.co\\\/inicio\\\/#organization\"},\"potentialAction\":[{\"@type\":\"SearchAction\",\"target\":{\"@type\":\"EntryPoint\",\"urlTemplate\":\"https:\\\/\\\/edumas.gov.co\\\/inicio\\\/?s={search_term_string}\"},\"query-input\":{\"@type\":\"PropertyValueSpecification\",\"valueRequired\":true,\"valueName\":\"search_term_string\"}}],\"inLanguage\":\"es\"},{\"@type\":\"Organization\",\"@id\":\"https:\\\/\\\/edumas.gov.co\\\/inicio\\\/#organization\",\"name\":\"Edumas\",\"url\":\"https:\\\/\\\/edumas.gov.co\\\/inicio\\\/\",\"logo\":{\"@type\":\"ImageObject\",\"inLanguage\":\"es\",\"@id\":\"https:\\\/\\\/edumas.gov.co\\\/inicio\\\/#\\\/schema\\\/logo\\\/image\\\/\",\"url\":\"https:\\\/\\\/edumas.gov.co\\\/wp-content\\\/uploads\\\/2024\\\/10\\\/Perfil-Instagram-PhotoRoom.png-PhotoRoom.png\",\"contentUrl\":\"https:\\\/\\\/edumas.gov.co\\\/wp-content\\\/uploads\\\/2024\\\/10\\\/Perfil-Instagram-PhotoRoom.png-PhotoRoom.png\",\"width\":648,\"height\":233,\"caption\":\"Edumas\"},\"image\":{\"@id\":\"https:\\\/\\\/edumas.gov.co\\\/inicio\\\/#\\\/schema\\\/logo\\\/image\\\/\"}},{\"@type\":\"Person\",\"@id\":\"https:\\\/\\\/edumas.gov.co\\\/inicio\\\/#\\\/schema\\\/person\\\/e2e82a662fd06864325b88811079b05a\",\"name\":\"edumas\",\"image\":{\"@type\":\"ImageObject\",\"inLanguage\":\"es\",\"@id\":\"https:\\\/\\\/edumas.gov.co\\\/wp-content\\\/uploads\\\/2025\\\/03\\\/WhatsApp-Image-2025-03-06-at-12.44.58-PM-150x150.jpeg\",\"url\":\"https:\\\/\\\/edumas.gov.co\\\/wp-content\\\/uploads\\\/2025\\\/03\\\/WhatsApp-Image-2025-03-06-at-12.44.58-PM-150x150.jpeg\",\"contentUrl\":\"https:\\\/\\\/edumas.gov.co\\\/wp-content\\\/uploads\\\/2025\\\/03\\\/WhatsApp-Image-2025-03-06-at-12.44.58-PM-150x150.jpeg\",\"caption\":\"edumas\"},\"sameAs\":[\"https:\\\/\\\/test.edumas.gov.co\"],\"url\":\"https:\\\/\\\/edumas.gov.co\\\/inicio\\\/author\\\/edumas\\\/\"}]}<\/script>\n<!-- \/ Yoast SEO plugin. -->","yoast_head_json":{"title":"Formando ciudadanos ambientalmente responsables - Edumas","robots":{"index":"index","follow":"follow","max-snippet":"max-snippet:-1","max-image-preview":"max-image-preview:large","max-video-preview":"max-video-preview:-1"},"canonical":"https:\/\/edumas.gov.co\/inicio\/2024\/09\/02\/formando-ciudadanos-ambientalmente-responsables\/","og_locale":"es_ES","og_type":"article","og_title":"Formando ciudadanos ambientalmente responsables - Edumas","og_description":"Abarcando los diferentes actores sociales del municipio para la consolidaci\u00f3n de comportamientos ambientalmente responsables, la administraci\u00f3n de la alcaldesa Alcira Sandoval Iba\u00f1ez, a trav\u00e9s del Establecimiento de Desarrollo Urbano y Medio Ambiente de Soledad \u2013 Edumas, lleva a las instituciones educativas del municipio el programa de sensibilizaciones para una Soledad limpia. La din\u00e1mica l\u00fadica iniciada [&hellip;]","og_url":"https:\/\/edumas.gov.co\/inicio\/2024\/09\/02\/formando-ciudadanos-ambientalmente-responsables\/","og_site_name":"Edumas","article_published_time":"2024-09-02T21:31:26+00:00","article_modified_time":"2024-09-02T21:39:38+00:00","og_image":[{"width":800,"height":600,"url":"https:\/\/edumas.gov.co\/wp-content\/uploads\/2024\/09\/Bicentenario-1.jpg","type":"image\/jpeg"}],"author":"edumas","twitter_card":"summary_large_image","twitter_misc":{"Escrito por":"edumas","Tiempo de lectura":"1 minuto"},"schema":{"@context":"https:\/\/schema.org","@graph":[{"@type":"Article","@id":"https:\/\/edumas.gov.co\/inicio\/2024\/09\/02\/formando-ciudadanos-ambientalmente-responsables\/#article","isPartOf":{"@id":"https:\/\/edumas.gov.co\/inicio\/2024\/09\/02\/formando-ciudadanos-ambientalmente-responsables\/"},"author":{"name":"edumas","@id":"https:\/\/edumas.gov.co\/inicio\/#\/schema\/person\/e2e82a662fd06864325b88811079b05a"},"headline":"Formando ciudadanos ambientalmente responsables","datePublished":"2024-09-02T21:31:26+00:00","dateModified":"2024-09-02T21:39:38+00:00","mainEntityOfPage":{"@id":"https:\/\/edumas.gov.co\/inicio\/2024\/09\/02\/formando-ciudadanos-ambientalmente-responsables\/"},"wordCount":284,"commentCount":0,"publisher":{"@id":"https:\/\/edumas.gov.co\/inicio\/#organization"},"image":{"@id":"https:\/\/edumas.gov.co\/inicio\/2024\/09\/02\/formando-ciudadanos-ambientalmente-responsables\/#primaryimage"},"thumbnailUrl":"https:\/\/edumas.gov.co\/wp-content\/uploads\/2024\/09\/Bicentenario-1.jpg","articleSection":["noticias"],"inLanguage":"es","potentialAction":[{"@type":"CommentAction","name":"Comment","target":["https:\/\/edumas.gov.co\/inicio\/2024\/09\/02\/formando-ciudadanos-ambientalmente-responsables\/#respond"]}]},{"@type":"WebPage","@id":"https:\/\/edumas.gov.co\/inicio\/2024\/09\/02\/formando-ciudadanos-ambientalmente-responsables\/","url":"https:\/\/edumas.gov.co\/inicio\/2024\/09\/02\/formando-ciudadanos-ambientalmente-responsables\/","name":"Formando ciudadanos ambientalmente responsables - Edumas","isPartOf":{"@id":"https:\/\/edumas.gov.co\/inicio\/#website"},"primaryImageOfPage":{"@id":"https:\/\/edumas.gov.co\/inicio\/2024\/09\/02\/formando-ciudadanos-ambientalmente-responsables\/#primaryimage"},"image":{"@id":"https:\/\/edumas.gov.co\/inicio\/2024\/09\/02\/formando-ciudadanos-ambientalmente-responsables\/#primaryimage"},"thumbnailUrl":"https:\/\/edumas.gov.co\/wp-content\/uploads\/2024\/09\/Bicentenario-1.jpg","datePublished":"2024-09-02T21:31:26+00:00","dateModified":"2024-09-02T21:39:38+00:00","breadcrumb":{"@id":"https:\/\/edumas.gov.co\/inicio\/2024\/09\/02\/formando-ciudadanos-ambientalmente-responsables\/#breadcrumb"},"inLanguage":"es","potentialAction":[{"@type":"ReadAction","target":["https:\/\/edumas.gov.co\/inicio\/2024\/09\/02\/formando-ciudadanos-ambientalmente-responsables\/"]}]},{"@type":"ImageObject","inLanguage":"es","@id":"https:\/\/edumas.gov.co\/inicio\/2024\/09\/02\/formando-ciudadanos-ambientalmente-responsables\/#primaryimage","url":"https:\/\/edumas.gov.co\/wp-content\/uploads\/2024\/09\/Bicentenario-1.jpg","contentUrl":"https:\/\/edumas.gov.co\/wp-content\/uploads\/2024\/09\/Bicentenario-1.jpg","width":800,"height":600},{"@type":"BreadcrumbList","@id":"https:\/\/edumas.gov.co\/inicio\/2024\/09\/02\/formando-ciudadanos-ambientalmente-responsables\/#breadcrumb","itemListElement":[{"@type":"ListItem","position":1,"name":"Portada","item":"https:\/\/edumas.gov.co\/inicio\/"},{"@type":"ListItem","position":2,"name":"Formando ciudadanos ambientalmente responsables"}]},{"@type":"WebSite","@id":"https:\/\/edumas.gov.co\/inicio\/#website","url":"https:\/\/edumas.gov.co\/inicio\/","name":"Edumas","description":"Edumas","publisher":{"@id":"https:\/\/edumas.gov.co\/inicio\/#organization"},"potentialAction":[{"@type":"SearchAction","target":{"@type":"EntryPoint","urlTemplate":"https:\/\/edumas.gov.co\/inicio\/?s={search_term_string}"},"query-input":{"@type":"PropertyValueSpecification","valueRequired":true,"valueName":"search_term_string"}}],"inLanguage":"es"},{"@type":"Organization","@id":"https:\/\/edumas.gov.co\/inicio\/#organization","name":"Edumas","url":"https:\/\/edumas.gov.co\/inicio\/","logo":{"@type":"ImageObject","inLanguage":"es","@id":"https:\/\/edumas.gov.co\/inicio\/#\/schema\/logo\/image\/","url":"https:\/\/edumas.gov.co\/wp-content\/uploads\/2024\/10\/Perfil-Instagram-PhotoRoom.png-PhotoRoom.png","contentUrl":"https:\/\/edumas.gov.co\/wp-content\/uploads\/2024\/10\/Perfil-Instagram-PhotoRoom.png-PhotoRoom.png","width":648,"height":233,"caption":"Edumas"},"image":{"@id":"https:\/\/edumas.gov.co\/inicio\/#\/schema\/logo\/image\/"}},{"@type":"Person","@id":"https:\/\/edumas.gov.co\/inicio\/#\/schema\/person\/e2e82a662fd06864325b88811079b05a","name":"edumas","image":{"@type":"ImageObject","inLanguage":"es","@id":"https:\/\/edumas.gov.co\/wp-content\/uploads\/2025\/03\/WhatsApp-Image-2025-03-06-at-12.44.58-PM-150x150.jpeg","url":"https:\/\/edumas.gov.co\/wp-content\/uploads\/2025\/03\/WhatsApp-Image-2025-03-06-at-12.44.58-PM-150x150.jpeg","contentUrl":"https:\/\/edumas.gov.co\/wp-content\/uploads\/2025\/03\/WhatsApp-Image-2025-03-06-at-12.44.58-PM-150x150.jpeg","caption":"edumas"},"sameAs":["https:\/\/test.edumas.gov.co"],"url":"https:\/\/edumas.gov.co\/inicio\/author\/edumas\/"}]}},"_links":{"self":[{"href":"https:\/\/edumas.gov.co\/inicio\/wp-json\/wp\/v2\/posts\/2514","targetHints":{"allow":["GET"]}}],"collection":[{"href":"https:\/\/edumas.gov.co\/inicio\/wp-json\/wp\/v2\/posts"}],"about":[{"href":"https:\/\/edumas.gov.co\/inicio\/wp-json\/wp\/v2\/types\/post"}],"author":[{"embeddable":true,"href":"https:\/\/edumas.gov.co\/inicio\/wp-json\/wp\/v2\/users\/1"}],"replies":[{"embeddable":true,"href":"https:\/\/edumas.gov.co\/inicio\/wp-json\/wp\/v2\/comments?post=2514"}],"version-history":[{"count":4,"href":"https:\/\/edumas.gov.co\/inicio\/wp-json\/wp\/v2\/posts\/2514\/revisions"}],"predecessor-version":[{"id":2525,"href":"https:\/\/edumas.gov.co\/inicio\/wp-json\/wp\/v2\/posts\/2514\/revisions\/2525"}],"wp:featuredmedia":[{"embeddable":true,"href":"https:\/\/edumas.gov.co\/inicio\/wp-json\/wp\/v2\/media\/2520"}],"wp:attachment":[{"href":"https:\/\/edumas.gov.co\/inicio\/wp-json\/wp\/v2\/media?parent=2514"}],"wp:term":[{"taxonomy":"category","embeddable":true,"href":"https:\/\/edumas.gov.co\/inicio\/wp-json\/wp\/v2\/categories?post=2514"},{"taxonomy":"post_tag","embeddable":true,"href":"https:\/\/edumas.gov.co\/inicio\/wp-json\/wp\/v2\/tags?post=2514"}],"curies":[{"name":"wp","href":"https:\/\/api.w.org\/{rel}","templated":true}]}}