{"id":3481,"date":"2024-07-31T00:27:00","date_gmt":"2024-07-31T00:27:00","guid":{"rendered":"https:\/\/edumas.gov.co\/inicio\/?p=3481"},"modified":"2024-10-09T00:32:47","modified_gmt":"2024-10-09T00:32:47","slug":"mesa-de-trabajo-con-empresas-privadas-y-lideres-comunales-buscan-hallar-soluciones-a-problemas-ambientales-en-sus-areas-de-influencia","status":"publish","type":"post","link":"https:\/\/edumas.gov.co\/inicio\/2024\/07\/31\/mesa-de-trabajo-con-empresas-privadas-y-lideres-comunales-buscan-hallar-soluciones-a-problemas-ambientales-en-sus-areas-de-influencia\/","title":{"rendered":"Mesa de trabajo con empresas privadas y l\u00edderes comunales buscan hallar soluciones a problemas ambientales en sus \u00e1reas de influencia"},"content":{"rendered":"\n<p class=\"wp-block-paragraph\">Como parte de la estrategia de la administraci\u00f3n de Soledad y su alcaldesa Alcira Sandoval de fortalecer el relacionamiento y cercan\u00eda a las necesidades de la poblaci\u00f3n, el Establecimiento de Desarrollo Urbano y Medio Ambiente \u2013 Edumas, contin\u00faa con su cronograma de reuniones y mesas de trabajo que convocan la participaci\u00f3n de la comunidad y la empresa privada para aunar sus recursos y competencias e implementar soluciones al corto y mediano plazo de las problem\u00e1ticas sociales, en este caso, ambientales.<\/p>\n\n\n\n<p class=\"wp-block-paragraph\">En esta ocasi\u00f3n, el equipo ambiental del Edumas respondi\u00f3 a la invitaci\u00f3n a participar en la mesa de trabajo con las empresas Corteva Agriscience, Bayer, Tebsa, la Junta de Acci\u00f3n Comunal del barrio Primero de Mayo, Secretar\u00eda de Gobierno y los Bomberos Voluntarios de Soledad, a ra\u00edz de las constantes quemas de basuras e incendios espont\u00e1neos que se vienen presentando en los lotes conjuntos a las empresas y que no solo afectan su operaci\u00f3n sino el bienestar de los residentes del barrio.<\/p>\n\n\n\n<div class=\"wp-block-media-text is-stacked-on-mobile\"><figure class=\"wp-block-media-text__media\"><img fetchpriority=\"high\" decoding=\"async\" width=\"800\" height=\"600\" src=\"https:\/\/edumas.gov.co\/wp-content\/uploads\/2024\/10\/t3.jpg\" alt=\"\" class=\"wp-image-3483 size-full\" srcset=\"https:\/\/edumas.gov.co\/wp-content\/uploads\/2024\/10\/t3.jpg 800w, https:\/\/edumas.gov.co\/wp-content\/uploads\/2024\/10\/t3-300x225.jpg 300w, https:\/\/edumas.gov.co\/wp-content\/uploads\/2024\/10\/t3-768x576.jpg 768w\" sizes=\"(max-width: 800px) 100vw, 800px\" \/><\/figure><div class=\"wp-block-media-text__content\">\n<p class=\"wp-block-paragraph\">El encuentro cont\u00f3 con la capacitaci\u00f3n de los empleados y l\u00edderes comunales en la correcta disposici\u00f3n de los residuos, separaci\u00f3n en la fuente y la clasificaci\u00f3n de los mismos con base en su composici\u00f3n que, expuestos en botaderos ilegales a cielos abierto, pueden conllevar a conatos de incendio.<\/p>\n<\/div><\/div>\n\n\n\n<p class=\"wp-block-paragraph\">Carolina Correa, gerente del Edumas, indic\u00f3 que \u201cestas alianzas son muy importantes ya que hemos enfatizado desde la entidad que el manejo de los residuos s\u00f3lidos en el municipio, es responsabilidad de todos; y cada actor social debe hacer su parte\u201d.<\/p>\n\n\n\n<p class=\"wp-block-paragraph\">Adicionalmente, derivado del trabajo conjunto en mesa de trabajo, se establecieron \u00e1rboles de problemas y de soluciones que marcar\u00e1n la hoja de ruta para la implementaci\u00f3n de las acciones acordadas.<\/p>\n\n\n\n<figure class=\"wp-block-gallery has-nested-images columns-default is-cropped wp-block-gallery-1 is-layout-flex wp-block-gallery-is-layout-flex\">\n<figure class=\"wp-block-image size-large\"><img decoding=\"async\" width=\"800\" height=\"600\" data-id=\"3485\" src=\"https:\/\/edumas.gov.co\/wp-content\/uploads\/2024\/10\/t4.jpg\" alt=\"\" class=\"wp-image-3485\" srcset=\"https:\/\/edumas.gov.co\/wp-content\/uploads\/2024\/10\/t4.jpg 800w, https:\/\/edumas.gov.co\/wp-content\/uploads\/2024\/10\/t4-300x225.jpg 300w, https:\/\/edumas.gov.co\/wp-content\/uploads\/2024\/10\/t4-768x576.jpg 768w\" sizes=\"(max-width: 800px) 100vw, 800px\" \/><\/figure>\n\n\n\n<figure class=\"wp-block-image size-large\"><img decoding=\"async\" width=\"800\" height=\"600\" data-id=\"3486\" src=\"https:\/\/edumas.gov.co\/wp-content\/uploads\/2024\/10\/t2.jpg\" alt=\"\" class=\"wp-image-3486\" srcset=\"https:\/\/edumas.gov.co\/wp-content\/uploads\/2024\/10\/t2.jpg 800w, https:\/\/edumas.gov.co\/wp-content\/uploads\/2024\/10\/t2-300x225.jpg 300w, https:\/\/edumas.gov.co\/wp-content\/uploads\/2024\/10\/t2-768x576.jpg 768w\" sizes=\"(max-width: 800px) 100vw, 800px\" \/><\/figure>\n\n\n\n<figure class=\"wp-block-image size-large\"><img loading=\"lazy\" decoding=\"async\" width=\"800\" height=\"600\" data-id=\"3484\" src=\"https:\/\/edumas.gov.co\/wp-content\/uploads\/2024\/10\/t1-1.jpg\" alt=\"\" class=\"wp-image-3484\" srcset=\"https:\/\/edumas.gov.co\/wp-content\/uploads\/2024\/10\/t1-1.jpg 800w, https:\/\/edumas.gov.co\/wp-content\/uploads\/2024\/10\/t1-1-300x225.jpg 300w, https:\/\/edumas.gov.co\/wp-content\/uploads\/2024\/10\/t1-1-768x576.jpg 768w\" sizes=\"(max-width: 800px) 100vw, 800px\" \/><\/figure>\n<\/figure>\n\n\n\n<p class=\"wp-block-paragraph\"><\/p>\n","protected":false},"excerpt":{"rendered":"<p>Como parte de la estrategia de la administraci\u00f3n de Soledad y su alcaldesa Alcira Sandoval de fortalecer el relacionamiento y cercan\u00eda a las necesidades de la poblaci\u00f3n, el Establecimiento de Desarrollo Urbano y Medio Ambiente \u2013 Edumas, contin\u00faa con su cronograma de reuniones y mesas de trabajo que convocan la participaci\u00f3n de la comunidad y [&hellip;]<\/p>\n","protected":false},"author":1,"featured_media":3482,"comment_status":"open","ping_status":"open","sticky":false,"template":"","format":"standard","meta":{"footnotes":""},"categories":[26],"tags":[],"class_list":["post-3481","post","type-post","status-publish","format-standard","has-post-thumbnail","hentry","category-noticias"],"yoast_head":"<!-- This site is optimized with the Yoast SEO plugin v27.4 - https:\/\/yoast.com\/product\/yoast-seo-wordpress\/ -->\n<title>Mesa de trabajo con empresas privadas y l\u00edderes comunales buscan hallar soluciones a problemas ambientales en sus \u00e1reas de influencia - Edumas<\/title>\n<meta name=\"robots\" content=\"index, follow, max-snippet:-1, max-image-preview:large, max-video-preview:-1\" \/>\n<link rel=\"canonical\" href=\"https:\/\/edumas.gov.co\/inicio\/2024\/07\/31\/mesa-de-trabajo-con-empresas-privadas-y-lideres-comunales-buscan-hallar-soluciones-a-problemas-ambientales-en-sus-areas-de-influencia\/\" \/>\n<meta property=\"og:locale\" content=\"es_ES\" \/>\n<meta property=\"og:type\" content=\"article\" \/>\n<meta property=\"og:title\" content=\"Mesa de trabajo con empresas privadas y l\u00edderes comunales buscan hallar soluciones a problemas ambientales en sus \u00e1reas de influencia - Edumas\" \/>\n<meta property=\"og:description\" content=\"Como parte de la estrategia de la administraci\u00f3n de Soledad y su alcaldesa Alcira Sandoval de fortalecer el relacionamiento y cercan\u00eda a las necesidades de la poblaci\u00f3n, el Establecimiento de Desarrollo Urbano y Medio Ambiente \u2013 Edumas, contin\u00faa con su cronograma de reuniones y mesas de trabajo que convocan la participaci\u00f3n de la comunidad y [&hellip;]\" \/>\n<meta property=\"og:url\" content=\"https:\/\/edumas.gov.co\/inicio\/2024\/07\/31\/mesa-de-trabajo-con-empresas-privadas-y-lideres-comunales-buscan-hallar-soluciones-a-problemas-ambientales-en-sus-areas-de-influencia\/\" \/>\n<meta property=\"og:site_name\" content=\"Edumas\" \/>\n<meta property=\"article:published_time\" content=\"2024-07-31T00:27:00+00:00\" \/>\n<meta property=\"article:modified_time\" content=\"2024-10-09T00:32:47+00:00\" \/>\n<meta property=\"og:image\" content=\"https:\/\/edumas.gov.co\/wp-content\/uploads\/2024\/10\/t1.jpg\" \/>\n\t<meta property=\"og:image:width\" content=\"800\" \/>\n\t<meta property=\"og:image:height\" content=\"600\" \/>\n\t<meta property=\"og:image:type\" content=\"image\/jpeg\" \/>\n<meta name=\"author\" content=\"edumas\" \/>\n<meta name=\"twitter:card\" content=\"summary_large_image\" \/>\n<meta name=\"twitter:label1\" content=\"Escrito por\" \/>\n\t<meta name=\"twitter:data1\" content=\"edumas\" \/>\n\t<meta name=\"twitter:label2\" content=\"Tiempo de lectura\" \/>\n\t<meta name=\"twitter:data2\" content=\"3 minutos\" \/>\n<script type=\"application\/ld+json\" class=\"yoast-schema-graph\">{\"@context\":\"https:\\\/\\\/schema.org\",\"@graph\":[{\"@type\":\"Article\",\"@id\":\"https:\\\/\\\/edumas.gov.co\\\/inicio\\\/2024\\\/07\\\/31\\\/mesa-de-trabajo-con-empresas-privadas-y-lideres-comunales-buscan-hallar-soluciones-a-problemas-ambientales-en-sus-areas-de-influencia\\\/#article\",\"isPartOf\":{\"@id\":\"https:\\\/\\\/edumas.gov.co\\\/inicio\\\/2024\\\/07\\\/31\\\/mesa-de-trabajo-con-empresas-privadas-y-lideres-comunales-buscan-hallar-soluciones-a-problemas-ambientales-en-sus-areas-de-influencia\\\/\"},\"author\":{\"name\":\"edumas\",\"@id\":\"https:\\\/\\\/edumas.gov.co\\\/inicio\\\/#\\\/schema\\\/person\\\/e2e82a662fd06864325b88811079b05a\"},\"headline\":\"Mesa de trabajo con empresas privadas y l\u00edderes comunales buscan hallar soluciones a problemas ambientales en sus \u00e1reas de influencia\",\"datePublished\":\"2024-07-31T00:27:00+00:00\",\"dateModified\":\"2024-10-09T00:32:47+00:00\",\"mainEntityOfPage\":{\"@id\":\"https:\\\/\\\/edumas.gov.co\\\/inicio\\\/2024\\\/07\\\/31\\\/mesa-de-trabajo-con-empresas-privadas-y-lideres-comunales-buscan-hallar-soluciones-a-problemas-ambientales-en-sus-areas-de-influencia\\\/\"},\"wordCount\":323,\"commentCount\":0,\"publisher\":{\"@id\":\"https:\\\/\\\/edumas.gov.co\\\/inicio\\\/#organization\"},\"image\":{\"@id\":\"https:\\\/\\\/edumas.gov.co\\\/inicio\\\/2024\\\/07\\\/31\\\/mesa-de-trabajo-con-empresas-privadas-y-lideres-comunales-buscan-hallar-soluciones-a-problemas-ambientales-en-sus-areas-de-influencia\\\/#primaryimage\"},\"thumbnailUrl\":\"https:\\\/\\\/edumas.gov.co\\\/wp-content\\\/uploads\\\/2024\\\/10\\\/t1.jpg\",\"articleSection\":[\"noticias\"],\"inLanguage\":\"es\",\"potentialAction\":[{\"@type\":\"CommentAction\",\"name\":\"Comment\",\"target\":[\"https:\\\/\\\/edumas.gov.co\\\/inicio\\\/2024\\\/07\\\/31\\\/mesa-de-trabajo-con-empresas-privadas-y-lideres-comunales-buscan-hallar-soluciones-a-problemas-ambientales-en-sus-areas-de-influencia\\\/#respond\"]}]},{\"@type\":\"WebPage\",\"@id\":\"https:\\\/\\\/edumas.gov.co\\\/inicio\\\/2024\\\/07\\\/31\\\/mesa-de-trabajo-con-empresas-privadas-y-lideres-comunales-buscan-hallar-soluciones-a-problemas-ambientales-en-sus-areas-de-influencia\\\/\",\"url\":\"https:\\\/\\\/edumas.gov.co\\\/inicio\\\/2024\\\/07\\\/31\\\/mesa-de-trabajo-con-empresas-privadas-y-lideres-comunales-buscan-hallar-soluciones-a-problemas-ambientales-en-sus-areas-de-influencia\\\/\",\"name\":\"Mesa de trabajo con empresas privadas y l\u00edderes comunales buscan hallar soluciones a problemas ambientales en sus \u00e1reas de influencia - Edumas\",\"isPartOf\":{\"@id\":\"https:\\\/\\\/edumas.gov.co\\\/inicio\\\/#website\"},\"primaryImageOfPage\":{\"@id\":\"https:\\\/\\\/edumas.gov.co\\\/inicio\\\/2024\\\/07\\\/31\\\/mesa-de-trabajo-con-empresas-privadas-y-lideres-comunales-buscan-hallar-soluciones-a-problemas-ambientales-en-sus-areas-de-influencia\\\/#primaryimage\"},\"image\":{\"@id\":\"https:\\\/\\\/edumas.gov.co\\\/inicio\\\/2024\\\/07\\\/31\\\/mesa-de-trabajo-con-empresas-privadas-y-lideres-comunales-buscan-hallar-soluciones-a-problemas-ambientales-en-sus-areas-de-influencia\\\/#primaryimage\"},\"thumbnailUrl\":\"https:\\\/\\\/edumas.gov.co\\\/wp-content\\\/uploads\\\/2024\\\/10\\\/t1.jpg\",\"datePublished\":\"2024-07-31T00:27:00+00:00\",\"dateModified\":\"2024-10-09T00:32:47+00:00\",\"breadcrumb\":{\"@id\":\"https:\\\/\\\/edumas.gov.co\\\/inicio\\\/2024\\\/07\\\/31\\\/mesa-de-trabajo-con-empresas-privadas-y-lideres-comunales-buscan-hallar-soluciones-a-problemas-ambientales-en-sus-areas-de-influencia\\\/#breadcrumb\"},\"inLanguage\":\"es\",\"potentialAction\":[{\"@type\":\"ReadAction\",\"target\":[\"https:\\\/\\\/edumas.gov.co\\\/inicio\\\/2024\\\/07\\\/31\\\/mesa-de-trabajo-con-empresas-privadas-y-lideres-comunales-buscan-hallar-soluciones-a-problemas-ambientales-en-sus-areas-de-influencia\\\/\"]}]},{\"@type\":\"ImageObject\",\"inLanguage\":\"es\",\"@id\":\"https:\\\/\\\/edumas.gov.co\\\/inicio\\\/2024\\\/07\\\/31\\\/mesa-de-trabajo-con-empresas-privadas-y-lideres-comunales-buscan-hallar-soluciones-a-problemas-ambientales-en-sus-areas-de-influencia\\\/#primaryimage\",\"url\":\"https:\\\/\\\/edumas.gov.co\\\/wp-content\\\/uploads\\\/2024\\\/10\\\/t1.jpg\",\"contentUrl\":\"https:\\\/\\\/edumas.gov.co\\\/wp-content\\\/uploads\\\/2024\\\/10\\\/t1.jpg\",\"width\":800,\"height\":600},{\"@type\":\"BreadcrumbList\",\"@id\":\"https:\\\/\\\/edumas.gov.co\\\/inicio\\\/2024\\\/07\\\/31\\\/mesa-de-trabajo-con-empresas-privadas-y-lideres-comunales-buscan-hallar-soluciones-a-problemas-ambientales-en-sus-areas-de-influencia\\\/#breadcrumb\",\"itemListElement\":[{\"@type\":\"ListItem\",\"position\":1,\"name\":\"Portada\",\"item\":\"https:\\\/\\\/edumas.gov.co\\\/inicio\\\/\"},{\"@type\":\"ListItem\",\"position\":2,\"name\":\"Mesa de trabajo con empresas privadas y l\u00edderes comunales buscan hallar soluciones a problemas ambientales en sus \u00e1reas de influencia\"}]},{\"@type\":\"WebSite\",\"@id\":\"https:\\\/\\\/edumas.gov.co\\\/inicio\\\/#website\",\"url\":\"https:\\\/\\\/edumas.gov.co\\\/inicio\\\/\",\"name\":\"Edumas\",\"description\":\"Edumas\",\"publisher\":{\"@id\":\"https:\\\/\\\/edumas.gov.co\\\/inicio\\\/#organization\"},\"potentialAction\":[{\"@type\":\"SearchAction\",\"target\":{\"@type\":\"EntryPoint\",\"urlTemplate\":\"https:\\\/\\\/edumas.gov.co\\\/inicio\\\/?s={search_term_string}\"},\"query-input\":{\"@type\":\"PropertyValueSpecification\",\"valueRequired\":true,\"valueName\":\"search_term_string\"}}],\"inLanguage\":\"es\"},{\"@type\":\"Organization\",\"@id\":\"https:\\\/\\\/edumas.gov.co\\\/inicio\\\/#organization\",\"name\":\"Edumas\",\"url\":\"https:\\\/\\\/edumas.gov.co\\\/inicio\\\/\",\"logo\":{\"@type\":\"ImageObject\",\"inLanguage\":\"es\",\"@id\":\"https:\\\/\\\/edumas.gov.co\\\/inicio\\\/#\\\/schema\\\/logo\\\/image\\\/\",\"url\":\"https:\\\/\\\/edumas.gov.co\\\/wp-content\\\/uploads\\\/2024\\\/10\\\/Perfil-Instagram-PhotoRoom.png-PhotoRoom.png\",\"contentUrl\":\"https:\\\/\\\/edumas.gov.co\\\/wp-content\\\/uploads\\\/2024\\\/10\\\/Perfil-Instagram-PhotoRoom.png-PhotoRoom.png\",\"width\":648,\"height\":233,\"caption\":\"Edumas\"},\"image\":{\"@id\":\"https:\\\/\\\/edumas.gov.co\\\/inicio\\\/#\\\/schema\\\/logo\\\/image\\\/\"}},{\"@type\":\"Person\",\"@id\":\"https:\\\/\\\/edumas.gov.co\\\/inicio\\\/#\\\/schema\\\/person\\\/e2e82a662fd06864325b88811079b05a\",\"name\":\"edumas\",\"image\":{\"@type\":\"ImageObject\",\"inLanguage\":\"es\",\"@id\":\"https:\\\/\\\/edumas.gov.co\\\/wp-content\\\/uploads\\\/2025\\\/03\\\/WhatsApp-Image-2025-03-06-at-12.44.58-PM-150x150.jpeg\",\"url\":\"https:\\\/\\\/edumas.gov.co\\\/wp-content\\\/uploads\\\/2025\\\/03\\\/WhatsApp-Image-2025-03-06-at-12.44.58-PM-150x150.jpeg\",\"contentUrl\":\"https:\\\/\\\/edumas.gov.co\\\/wp-content\\\/uploads\\\/2025\\\/03\\\/WhatsApp-Image-2025-03-06-at-12.44.58-PM-150x150.jpeg\",\"caption\":\"edumas\"},\"sameAs\":[\"https:\\\/\\\/test.edumas.gov.co\"],\"url\":\"https:\\\/\\\/edumas.gov.co\\\/inicio\\\/author\\\/edumas\\\/\"}]}<\/script>\n<!-- \/ Yoast SEO plugin. -->","yoast_head_json":{"title":"Mesa de trabajo con empresas privadas y l\u00edderes comunales buscan hallar soluciones a problemas ambientales en sus \u00e1reas de influencia - Edumas","robots":{"index":"index","follow":"follow","max-snippet":"max-snippet:-1","max-image-preview":"max-image-preview:large","max-video-preview":"max-video-preview:-1"},"canonical":"https:\/\/edumas.gov.co\/inicio\/2024\/07\/31\/mesa-de-trabajo-con-empresas-privadas-y-lideres-comunales-buscan-hallar-soluciones-a-problemas-ambientales-en-sus-areas-de-influencia\/","og_locale":"es_ES","og_type":"article","og_title":"Mesa de trabajo con empresas privadas y l\u00edderes comunales buscan hallar soluciones a problemas ambientales en sus \u00e1reas de influencia - Edumas","og_description":"Como parte de la estrategia de la administraci\u00f3n de Soledad y su alcaldesa Alcira Sandoval de fortalecer el relacionamiento y cercan\u00eda a las necesidades de la poblaci\u00f3n, el Establecimiento de Desarrollo Urbano y Medio Ambiente \u2013 Edumas, contin\u00faa con su cronograma de reuniones y mesas de trabajo que convocan la participaci\u00f3n de la comunidad y [&hellip;]","og_url":"https:\/\/edumas.gov.co\/inicio\/2024\/07\/31\/mesa-de-trabajo-con-empresas-privadas-y-lideres-comunales-buscan-hallar-soluciones-a-problemas-ambientales-en-sus-areas-de-influencia\/","og_site_name":"Edumas","article_published_time":"2024-07-31T00:27:00+00:00","article_modified_time":"2024-10-09T00:32:47+00:00","og_image":[{"width":800,"height":600,"url":"https:\/\/edumas.gov.co\/wp-content\/uploads\/2024\/10\/t1.jpg","type":"image\/jpeg"}],"author":"edumas","twitter_card":"summary_large_image","twitter_misc":{"Escrito por":"edumas","Tiempo de lectura":"3 minutos"},"schema":{"@context":"https:\/\/schema.org","@graph":[{"@type":"Article","@id":"https:\/\/edumas.gov.co\/inicio\/2024\/07\/31\/mesa-de-trabajo-con-empresas-privadas-y-lideres-comunales-buscan-hallar-soluciones-a-problemas-ambientales-en-sus-areas-de-influencia\/#article","isPartOf":{"@id":"https:\/\/edumas.gov.co\/inicio\/2024\/07\/31\/mesa-de-trabajo-con-empresas-privadas-y-lideres-comunales-buscan-hallar-soluciones-a-problemas-ambientales-en-sus-areas-de-influencia\/"},"author":{"name":"edumas","@id":"https:\/\/edumas.gov.co\/inicio\/#\/schema\/person\/e2e82a662fd06864325b88811079b05a"},"headline":"Mesa de trabajo con empresas privadas y l\u00edderes comunales buscan hallar soluciones a problemas ambientales en sus \u00e1reas de influencia","datePublished":"2024-07-31T00:27:00+00:00","dateModified":"2024-10-09T00:32:47+00:00","mainEntityOfPage":{"@id":"https:\/\/edumas.gov.co\/inicio\/2024\/07\/31\/mesa-de-trabajo-con-empresas-privadas-y-lideres-comunales-buscan-hallar-soluciones-a-problemas-ambientales-en-sus-areas-de-influencia\/"},"wordCount":323,"commentCount":0,"publisher":{"@id":"https:\/\/edumas.gov.co\/inicio\/#organization"},"image":{"@id":"https:\/\/edumas.gov.co\/inicio\/2024\/07\/31\/mesa-de-trabajo-con-empresas-privadas-y-lideres-comunales-buscan-hallar-soluciones-a-problemas-ambientales-en-sus-areas-de-influencia\/#primaryimage"},"thumbnailUrl":"https:\/\/edumas.gov.co\/wp-content\/uploads\/2024\/10\/t1.jpg","articleSection":["noticias"],"inLanguage":"es","potentialAction":[{"@type":"CommentAction","name":"Comment","target":["https:\/\/edumas.gov.co\/inicio\/2024\/07\/31\/mesa-de-trabajo-con-empresas-privadas-y-lideres-comunales-buscan-hallar-soluciones-a-problemas-ambientales-en-sus-areas-de-influencia\/#respond"]}]},{"@type":"WebPage","@id":"https:\/\/edumas.gov.co\/inicio\/2024\/07\/31\/mesa-de-trabajo-con-empresas-privadas-y-lideres-comunales-buscan-hallar-soluciones-a-problemas-ambientales-en-sus-areas-de-influencia\/","url":"https:\/\/edumas.gov.co\/inicio\/2024\/07\/31\/mesa-de-trabajo-con-empresas-privadas-y-lideres-comunales-buscan-hallar-soluciones-a-problemas-ambientales-en-sus-areas-de-influencia\/","name":"Mesa de trabajo con empresas privadas y l\u00edderes comunales buscan hallar soluciones a problemas ambientales en sus \u00e1reas de influencia - Edumas","isPartOf":{"@id":"https:\/\/edumas.gov.co\/inicio\/#website"},"primaryImageOfPage":{"@id":"https:\/\/edumas.gov.co\/inicio\/2024\/07\/31\/mesa-de-trabajo-con-empresas-privadas-y-lideres-comunales-buscan-hallar-soluciones-a-problemas-ambientales-en-sus-areas-de-influencia\/#primaryimage"},"image":{"@id":"https:\/\/edumas.gov.co\/inicio\/2024\/07\/31\/mesa-de-trabajo-con-empresas-privadas-y-lideres-comunales-buscan-hallar-soluciones-a-problemas-ambientales-en-sus-areas-de-influencia\/#primaryimage"},"thumbnailUrl":"https:\/\/edumas.gov.co\/wp-content\/uploads\/2024\/10\/t1.jpg","datePublished":"2024-07-31T00:27:00+00:00","dateModified":"2024-10-09T00:32:47+00:00","breadcrumb":{"@id":"https:\/\/edumas.gov.co\/inicio\/2024\/07\/31\/mesa-de-trabajo-con-empresas-privadas-y-lideres-comunales-buscan-hallar-soluciones-a-problemas-ambientales-en-sus-areas-de-influencia\/#breadcrumb"},"inLanguage":"es","potentialAction":[{"@type":"ReadAction","target":["https:\/\/edumas.gov.co\/inicio\/2024\/07\/31\/mesa-de-trabajo-con-empresas-privadas-y-lideres-comunales-buscan-hallar-soluciones-a-problemas-ambientales-en-sus-areas-de-influencia\/"]}]},{"@type":"ImageObject","inLanguage":"es","@id":"https:\/\/edumas.gov.co\/inicio\/2024\/07\/31\/mesa-de-trabajo-con-empresas-privadas-y-lideres-comunales-buscan-hallar-soluciones-a-problemas-ambientales-en-sus-areas-de-influencia\/#primaryimage","url":"https:\/\/edumas.gov.co\/wp-content\/uploads\/2024\/10\/t1.jpg","contentUrl":"https:\/\/edumas.gov.co\/wp-content\/uploads\/2024\/10\/t1.jpg","width":800,"height":600},{"@type":"BreadcrumbList","@id":"https:\/\/edumas.gov.co\/inicio\/2024\/07\/31\/mesa-de-trabajo-con-empresas-privadas-y-lideres-comunales-buscan-hallar-soluciones-a-problemas-ambientales-en-sus-areas-de-influencia\/#breadcrumb","itemListElement":[{"@type":"ListItem","position":1,"name":"Portada","item":"https:\/\/edumas.gov.co\/inicio\/"},{"@type":"ListItem","position":2,"name":"Mesa de trabajo con empresas privadas y l\u00edderes comunales buscan hallar soluciones a problemas ambientales en sus \u00e1reas de influencia"}]},{"@type":"WebSite","@id":"https:\/\/edumas.gov.co\/inicio\/#website","url":"https:\/\/edumas.gov.co\/inicio\/","name":"Edumas","description":"Edumas","publisher":{"@id":"https:\/\/edumas.gov.co\/inicio\/#organization"},"potentialAction":[{"@type":"SearchAction","target":{"@type":"EntryPoint","urlTemplate":"https:\/\/edumas.gov.co\/inicio\/?s={search_term_string}"},"query-input":{"@type":"PropertyValueSpecification","valueRequired":true,"valueName":"search_term_string"}}],"inLanguage":"es"},{"@type":"Organization","@id":"https:\/\/edumas.gov.co\/inicio\/#organization","name":"Edumas","url":"https:\/\/edumas.gov.co\/inicio\/","logo":{"@type":"ImageObject","inLanguage":"es","@id":"https:\/\/edumas.gov.co\/inicio\/#\/schema\/logo\/image\/","url":"https:\/\/edumas.gov.co\/wp-content\/uploads\/2024\/10\/Perfil-Instagram-PhotoRoom.png-PhotoRoom.png","contentUrl":"https:\/\/edumas.gov.co\/wp-content\/uploads\/2024\/10\/Perfil-Instagram-PhotoRoom.png-PhotoRoom.png","width":648,"height":233,"caption":"Edumas"},"image":{"@id":"https:\/\/edumas.gov.co\/inicio\/#\/schema\/logo\/image\/"}},{"@type":"Person","@id":"https:\/\/edumas.gov.co\/inicio\/#\/schema\/person\/e2e82a662fd06864325b88811079b05a","name":"edumas","image":{"@type":"ImageObject","inLanguage":"es","@id":"https:\/\/edumas.gov.co\/wp-content\/uploads\/2025\/03\/WhatsApp-Image-2025-03-06-at-12.44.58-PM-150x150.jpeg","url":"https:\/\/edumas.gov.co\/wp-content\/uploads\/2025\/03\/WhatsApp-Image-2025-03-06-at-12.44.58-PM-150x150.jpeg","contentUrl":"https:\/\/edumas.gov.co\/wp-content\/uploads\/2025\/03\/WhatsApp-Image-2025-03-06-at-12.44.58-PM-150x150.jpeg","caption":"edumas"},"sameAs":["https:\/\/test.edumas.gov.co"],"url":"https:\/\/edumas.gov.co\/inicio\/author\/edumas\/"}]}},"_links":{"self":[{"href":"https:\/\/edumas.gov.co\/inicio\/wp-json\/wp\/v2\/posts\/3481","targetHints":{"allow":["GET"]}}],"collection":[{"href":"https:\/\/edumas.gov.co\/inicio\/wp-json\/wp\/v2\/posts"}],"about":[{"href":"https:\/\/edumas.gov.co\/inicio\/wp-json\/wp\/v2\/types\/post"}],"author":[{"embeddable":true,"href":"https:\/\/edumas.gov.co\/inicio\/wp-json\/wp\/v2\/users\/1"}],"replies":[{"embeddable":true,"href":"https:\/\/edumas.gov.co\/inicio\/wp-json\/wp\/v2\/comments?post=3481"}],"version-history":[{"count":1,"href":"https:\/\/edumas.gov.co\/inicio\/wp-json\/wp\/v2\/posts\/3481\/revisions"}],"predecessor-version":[{"id":3487,"href":"https:\/\/edumas.gov.co\/inicio\/wp-json\/wp\/v2\/posts\/3481\/revisions\/3487"}],"wp:featuredmedia":[{"embeddable":true,"href":"https:\/\/edumas.gov.co\/inicio\/wp-json\/wp\/v2\/media\/3482"}],"wp:attachment":[{"href":"https:\/\/edumas.gov.co\/inicio\/wp-json\/wp\/v2\/media?parent=3481"}],"wp:term":[{"taxonomy":"category","embeddable":true,"href":"https:\/\/edumas.gov.co\/inicio\/wp-json\/wp\/v2\/categories?post=3481"},{"taxonomy":"post_tag","embeddable":true,"href":"https:\/\/edumas.gov.co\/inicio\/wp-json\/wp\/v2\/tags?post=3481"}],"curies":[{"name":"wp","href":"https:\/\/api.w.org\/{rel}","templated":true}]}}