{"id":3685,"date":"2023-12-26T05:12:00","date_gmt":"2023-12-26T05:12:00","guid":{"rendered":"https:\/\/edumas.gov.co\/inicio\/?p=3685"},"modified":"2024-10-09T05:16:47","modified_gmt":"2024-10-09T05:16:47","slug":"jornada-de-limpieza-y-recoleccion-de-residuos-en-el-cdi-construyendo-futuro","status":"publish","type":"post","link":"https:\/\/edumas.gov.co\/inicio\/2023\/12\/26\/jornada-de-limpieza-y-recoleccion-de-residuos-en-el-cdi-construyendo-futuro\/","title":{"rendered":"Jornada de limpieza y recolecci\u00f3n de residuos en el CDI Construyendo Futuro"},"content":{"rendered":"\n<p class=\"wp-block-paragraph\">En una iniciativa que busca promover la limpieza y el bienestar de los usuarios del Centro de Desarrollo Infantil (C.D.I) \u00abConstruyendo Futuro\u201d, el Edumas culmin\u00f3 con \u00e9xito la jornada de limpieza manual con guada\u00f1a y la recolecci\u00f3n de los residuos de maleza. La actividad se llev\u00f3 a cabo en la calle 69 transversal 1-100, barrio San Antonio de Soledad.&nbsp;<\/p>\n\n\n\n<p class=\"wp-block-paragraph\">La Secretar\u00eda de Gesti\u00f3n Social present\u00f3 formalmente la solicitud al Edumas para llevar a cabo esta intervenci\u00f3n, con el objeto de contribuir al embellecimiento y cuidado del espacio com\u00fan, asegurando un ambiente limpio y seguro para los ni\u00f1os que asistan a este centro de desarrollo.<\/p>\n\n\n\n<p class=\"wp-block-paragraph\">El Edumas reitera su compromiso con la comunidad para contribuir al mejoramiento de estos espacios educativos que faciliten un ambiente propicio para los ni\u00f1os.&nbsp;&nbsp;<\/p>\n\n\n\n<figure class=\"wp-block-gallery has-nested-images columns-default is-cropped wp-block-gallery-1 is-layout-flex wp-block-gallery-is-layout-flex\">\n<figure class=\"wp-block-image size-large\"><img fetchpriority=\"high\" decoding=\"async\" width=\"933\" height=\"622\" data-id=\"3689\" src=\"https:\/\/edumas.gov.co\/wp-content\/uploads\/2024\/10\/c3.jpeg\" alt=\"\" class=\"wp-image-3689\" srcset=\"https:\/\/edumas.gov.co\/wp-content\/uploads\/2024\/10\/c3.jpeg 933w, https:\/\/edumas.gov.co\/wp-content\/uploads\/2024\/10\/c3-300x200.jpeg 300w, https:\/\/edumas.gov.co\/wp-content\/uploads\/2024\/10\/c3-768x512.jpeg 768w\" sizes=\"(max-width: 933px) 100vw, 933px\" \/><\/figure>\n\n\n\n<figure class=\"wp-block-image size-large\"><img decoding=\"async\" width=\"933\" height=\"622\" data-id=\"3688\" src=\"https:\/\/edumas.gov.co\/wp-content\/uploads\/2024\/10\/c1.jpeg\" alt=\"\" class=\"wp-image-3688\" srcset=\"https:\/\/edumas.gov.co\/wp-content\/uploads\/2024\/10\/c1.jpeg 933w, https:\/\/edumas.gov.co\/wp-content\/uploads\/2024\/10\/c1-300x200.jpeg 300w, https:\/\/edumas.gov.co\/wp-content\/uploads\/2024\/10\/c1-768x512.jpeg 768w\" sizes=\"(max-width: 933px) 100vw, 933px\" \/><\/figure>\n<\/figure>\n","protected":false},"excerpt":{"rendered":"<p>En una iniciativa que busca promover la limpieza y el bienestar de los usuarios del Centro de Desarrollo Infantil (C.D.I) \u00abConstruyendo Futuro\u201d, el Edumas culmin\u00f3 con \u00e9xito la jornada de limpieza manual con guada\u00f1a y la recolecci\u00f3n de los residuos de maleza. La actividad se llev\u00f3 a cabo en la calle 69 transversal 1-100, barrio [&hellip;]<\/p>\n","protected":false},"author":1,"featured_media":3686,"comment_status":"open","ping_status":"open","sticky":false,"template":"","format":"standard","meta":{"footnotes":""},"categories":[26],"tags":[],"class_list":["post-3685","post","type-post","status-publish","format-standard","has-post-thumbnail","hentry","category-noticias"],"yoast_head":"<!-- This site is optimized with the Yoast SEO plugin v27.4 - https:\/\/yoast.com\/product\/yoast-seo-wordpress\/ -->\n<title>Jornada de limpieza y recolecci\u00f3n de residuos en el CDI Construyendo Futuro - Edumas<\/title>\n<meta name=\"robots\" content=\"index, follow, max-snippet:-1, max-image-preview:large, max-video-preview:-1\" \/>\n<link rel=\"canonical\" href=\"https:\/\/edumas.gov.co\/inicio\/2023\/12\/26\/jornada-de-limpieza-y-recoleccion-de-residuos-en-el-cdi-construyendo-futuro\/\" \/>\n<meta property=\"og:locale\" content=\"es_ES\" \/>\n<meta property=\"og:type\" content=\"article\" \/>\n<meta property=\"og:title\" content=\"Jornada de limpieza y recolecci\u00f3n de residuos en el CDI Construyendo Futuro - Edumas\" \/>\n<meta property=\"og:description\" content=\"En una iniciativa que busca promover la limpieza y el bienestar de los usuarios del Centro de Desarrollo Infantil (C.D.I) \u00abConstruyendo Futuro\u201d, el Edumas culmin\u00f3 con \u00e9xito la jornada de limpieza manual con guada\u00f1a y la recolecci\u00f3n de los residuos de maleza. La actividad se llev\u00f3 a cabo en la calle 69 transversal 1-100, barrio [&hellip;]\" \/>\n<meta property=\"og:url\" content=\"https:\/\/edumas.gov.co\/inicio\/2023\/12\/26\/jornada-de-limpieza-y-recoleccion-de-residuos-en-el-cdi-construyendo-futuro\/\" \/>\n<meta property=\"og:site_name\" content=\"Edumas\" \/>\n<meta property=\"article:published_time\" content=\"2023-12-26T05:12:00+00:00\" \/>\n<meta property=\"article:modified_time\" content=\"2024-10-09T05:16:47+00:00\" \/>\n<meta property=\"og:image\" content=\"https:\/\/edumas.gov.co\/wp-content\/uploads\/2024\/10\/c2.jpeg\" \/>\n\t<meta property=\"og:image:width\" content=\"1200\" \/>\n\t<meta property=\"og:image:height\" content=\"800\" \/>\n\t<meta property=\"og:image:type\" content=\"image\/jpeg\" \/>\n<meta name=\"author\" content=\"edumas\" \/>\n<meta name=\"twitter:card\" content=\"summary_large_image\" \/>\n<meta name=\"twitter:label1\" content=\"Escrito por\" \/>\n\t<meta name=\"twitter:data1\" content=\"edumas\" \/>\n\t<meta name=\"twitter:label2\" content=\"Tiempo de lectura\" \/>\n\t<meta name=\"twitter:data2\" content=\"2 minutos\" \/>\n<script type=\"application\/ld+json\" class=\"yoast-schema-graph\">{\"@context\":\"https:\\\/\\\/schema.org\",\"@graph\":[{\"@type\":\"Article\",\"@id\":\"https:\\\/\\\/edumas.gov.co\\\/inicio\\\/2023\\\/12\\\/26\\\/jornada-de-limpieza-y-recoleccion-de-residuos-en-el-cdi-construyendo-futuro\\\/#article\",\"isPartOf\":{\"@id\":\"https:\\\/\\\/edumas.gov.co\\\/inicio\\\/2023\\\/12\\\/26\\\/jornada-de-limpieza-y-recoleccion-de-residuos-en-el-cdi-construyendo-futuro\\\/\"},\"author\":{\"name\":\"edumas\",\"@id\":\"https:\\\/\\\/edumas.gov.co\\\/inicio\\\/#\\\/schema\\\/person\\\/e2e82a662fd06864325b88811079b05a\"},\"headline\":\"Jornada de limpieza y recolecci\u00f3n de residuos en el CDI Construyendo Futuro\",\"datePublished\":\"2023-12-26T05:12:00+00:00\",\"dateModified\":\"2024-10-09T05:16:47+00:00\",\"mainEntityOfPage\":{\"@id\":\"https:\\\/\\\/edumas.gov.co\\\/inicio\\\/2023\\\/12\\\/26\\\/jornada-de-limpieza-y-recoleccion-de-residuos-en-el-cdi-construyendo-futuro\\\/\"},\"wordCount\":153,\"commentCount\":0,\"publisher\":{\"@id\":\"https:\\\/\\\/edumas.gov.co\\\/inicio\\\/#organization\"},\"image\":{\"@id\":\"https:\\\/\\\/edumas.gov.co\\\/inicio\\\/2023\\\/12\\\/26\\\/jornada-de-limpieza-y-recoleccion-de-residuos-en-el-cdi-construyendo-futuro\\\/#primaryimage\"},\"thumbnailUrl\":\"https:\\\/\\\/edumas.gov.co\\\/wp-content\\\/uploads\\\/2024\\\/10\\\/c2.jpeg\",\"articleSection\":[\"noticias\"],\"inLanguage\":\"es\",\"potentialAction\":[{\"@type\":\"CommentAction\",\"name\":\"Comment\",\"target\":[\"https:\\\/\\\/edumas.gov.co\\\/inicio\\\/2023\\\/12\\\/26\\\/jornada-de-limpieza-y-recoleccion-de-residuos-en-el-cdi-construyendo-futuro\\\/#respond\"]}]},{\"@type\":\"WebPage\",\"@id\":\"https:\\\/\\\/edumas.gov.co\\\/inicio\\\/2023\\\/12\\\/26\\\/jornada-de-limpieza-y-recoleccion-de-residuos-en-el-cdi-construyendo-futuro\\\/\",\"url\":\"https:\\\/\\\/edumas.gov.co\\\/inicio\\\/2023\\\/12\\\/26\\\/jornada-de-limpieza-y-recoleccion-de-residuos-en-el-cdi-construyendo-futuro\\\/\",\"name\":\"Jornada de limpieza y recolecci\u00f3n de residuos en el CDI Construyendo Futuro - Edumas\",\"isPartOf\":{\"@id\":\"https:\\\/\\\/edumas.gov.co\\\/inicio\\\/#website\"},\"primaryImageOfPage\":{\"@id\":\"https:\\\/\\\/edumas.gov.co\\\/inicio\\\/2023\\\/12\\\/26\\\/jornada-de-limpieza-y-recoleccion-de-residuos-en-el-cdi-construyendo-futuro\\\/#primaryimage\"},\"image\":{\"@id\":\"https:\\\/\\\/edumas.gov.co\\\/inicio\\\/2023\\\/12\\\/26\\\/jornada-de-limpieza-y-recoleccion-de-residuos-en-el-cdi-construyendo-futuro\\\/#primaryimage\"},\"thumbnailUrl\":\"https:\\\/\\\/edumas.gov.co\\\/wp-content\\\/uploads\\\/2024\\\/10\\\/c2.jpeg\",\"datePublished\":\"2023-12-26T05:12:00+00:00\",\"dateModified\":\"2024-10-09T05:16:47+00:00\",\"breadcrumb\":{\"@id\":\"https:\\\/\\\/edumas.gov.co\\\/inicio\\\/2023\\\/12\\\/26\\\/jornada-de-limpieza-y-recoleccion-de-residuos-en-el-cdi-construyendo-futuro\\\/#breadcrumb\"},\"inLanguage\":\"es\",\"potentialAction\":[{\"@type\":\"ReadAction\",\"target\":[\"https:\\\/\\\/edumas.gov.co\\\/inicio\\\/2023\\\/12\\\/26\\\/jornada-de-limpieza-y-recoleccion-de-residuos-en-el-cdi-construyendo-futuro\\\/\"]}]},{\"@type\":\"ImageObject\",\"inLanguage\":\"es\",\"@id\":\"https:\\\/\\\/edumas.gov.co\\\/inicio\\\/2023\\\/12\\\/26\\\/jornada-de-limpieza-y-recoleccion-de-residuos-en-el-cdi-construyendo-futuro\\\/#primaryimage\",\"url\":\"https:\\\/\\\/edumas.gov.co\\\/wp-content\\\/uploads\\\/2024\\\/10\\\/c2.jpeg\",\"contentUrl\":\"https:\\\/\\\/edumas.gov.co\\\/wp-content\\\/uploads\\\/2024\\\/10\\\/c2.jpeg\",\"width\":1200,\"height\":800},{\"@type\":\"BreadcrumbList\",\"@id\":\"https:\\\/\\\/edumas.gov.co\\\/inicio\\\/2023\\\/12\\\/26\\\/jornada-de-limpieza-y-recoleccion-de-residuos-en-el-cdi-construyendo-futuro\\\/#breadcrumb\",\"itemListElement\":[{\"@type\":\"ListItem\",\"position\":1,\"name\":\"Portada\",\"item\":\"https:\\\/\\\/edumas.gov.co\\\/inicio\\\/\"},{\"@type\":\"ListItem\",\"position\":2,\"name\":\"Jornada de limpieza y recolecci\u00f3n de residuos en el CDI Construyendo Futuro\"}]},{\"@type\":\"WebSite\",\"@id\":\"https:\\\/\\\/edumas.gov.co\\\/inicio\\\/#website\",\"url\":\"https:\\\/\\\/edumas.gov.co\\\/inicio\\\/\",\"name\":\"Edumas\",\"description\":\"Edumas\",\"publisher\":{\"@id\":\"https:\\\/\\\/edumas.gov.co\\\/inicio\\\/#organization\"},\"potentialAction\":[{\"@type\":\"SearchAction\",\"target\":{\"@type\":\"EntryPoint\",\"urlTemplate\":\"https:\\\/\\\/edumas.gov.co\\\/inicio\\\/?s={search_term_string}\"},\"query-input\":{\"@type\":\"PropertyValueSpecification\",\"valueRequired\":true,\"valueName\":\"search_term_string\"}}],\"inLanguage\":\"es\"},{\"@type\":\"Organization\",\"@id\":\"https:\\\/\\\/edumas.gov.co\\\/inicio\\\/#organization\",\"name\":\"Edumas\",\"url\":\"https:\\\/\\\/edumas.gov.co\\\/inicio\\\/\",\"logo\":{\"@type\":\"ImageObject\",\"inLanguage\":\"es\",\"@id\":\"https:\\\/\\\/edumas.gov.co\\\/inicio\\\/#\\\/schema\\\/logo\\\/image\\\/\",\"url\":\"https:\\\/\\\/edumas.gov.co\\\/wp-content\\\/uploads\\\/2024\\\/10\\\/Perfil-Instagram-PhotoRoom.png-PhotoRoom.png\",\"contentUrl\":\"https:\\\/\\\/edumas.gov.co\\\/wp-content\\\/uploads\\\/2024\\\/10\\\/Perfil-Instagram-PhotoRoom.png-PhotoRoom.png\",\"width\":648,\"height\":233,\"caption\":\"Edumas\"},\"image\":{\"@id\":\"https:\\\/\\\/edumas.gov.co\\\/inicio\\\/#\\\/schema\\\/logo\\\/image\\\/\"}},{\"@type\":\"Person\",\"@id\":\"https:\\\/\\\/edumas.gov.co\\\/inicio\\\/#\\\/schema\\\/person\\\/e2e82a662fd06864325b88811079b05a\",\"name\":\"edumas\",\"image\":{\"@type\":\"ImageObject\",\"inLanguage\":\"es\",\"@id\":\"https:\\\/\\\/edumas.gov.co\\\/wp-content\\\/uploads\\\/2025\\\/03\\\/WhatsApp-Image-2025-03-06-at-12.44.58-PM-150x150.jpeg\",\"url\":\"https:\\\/\\\/edumas.gov.co\\\/wp-content\\\/uploads\\\/2025\\\/03\\\/WhatsApp-Image-2025-03-06-at-12.44.58-PM-150x150.jpeg\",\"contentUrl\":\"https:\\\/\\\/edumas.gov.co\\\/wp-content\\\/uploads\\\/2025\\\/03\\\/WhatsApp-Image-2025-03-06-at-12.44.58-PM-150x150.jpeg\",\"caption\":\"edumas\"},\"sameAs\":[\"https:\\\/\\\/test.edumas.gov.co\"],\"url\":\"https:\\\/\\\/edumas.gov.co\\\/inicio\\\/author\\\/edumas\\\/\"}]}<\/script>\n<!-- \/ Yoast SEO plugin. -->","yoast_head_json":{"title":"Jornada de limpieza y recolecci\u00f3n de residuos en el CDI Construyendo Futuro - Edumas","robots":{"index":"index","follow":"follow","max-snippet":"max-snippet:-1","max-image-preview":"max-image-preview:large","max-video-preview":"max-video-preview:-1"},"canonical":"https:\/\/edumas.gov.co\/inicio\/2023\/12\/26\/jornada-de-limpieza-y-recoleccion-de-residuos-en-el-cdi-construyendo-futuro\/","og_locale":"es_ES","og_type":"article","og_title":"Jornada de limpieza y recolecci\u00f3n de residuos en el CDI Construyendo Futuro - Edumas","og_description":"En una iniciativa que busca promover la limpieza y el bienestar de los usuarios del Centro de Desarrollo Infantil (C.D.I) \u00abConstruyendo Futuro\u201d, el Edumas culmin\u00f3 con \u00e9xito la jornada de limpieza manual con guada\u00f1a y la recolecci\u00f3n de los residuos de maleza. La actividad se llev\u00f3 a cabo en la calle 69 transversal 1-100, barrio [&hellip;]","og_url":"https:\/\/edumas.gov.co\/inicio\/2023\/12\/26\/jornada-de-limpieza-y-recoleccion-de-residuos-en-el-cdi-construyendo-futuro\/","og_site_name":"Edumas","article_published_time":"2023-12-26T05:12:00+00:00","article_modified_time":"2024-10-09T05:16:47+00:00","og_image":[{"width":1200,"height":800,"url":"https:\/\/edumas.gov.co\/wp-content\/uploads\/2024\/10\/c2.jpeg","type":"image\/jpeg"}],"author":"edumas","twitter_card":"summary_large_image","twitter_misc":{"Escrito por":"edumas","Tiempo de lectura":"2 minutos"},"schema":{"@context":"https:\/\/schema.org","@graph":[{"@type":"Article","@id":"https:\/\/edumas.gov.co\/inicio\/2023\/12\/26\/jornada-de-limpieza-y-recoleccion-de-residuos-en-el-cdi-construyendo-futuro\/#article","isPartOf":{"@id":"https:\/\/edumas.gov.co\/inicio\/2023\/12\/26\/jornada-de-limpieza-y-recoleccion-de-residuos-en-el-cdi-construyendo-futuro\/"},"author":{"name":"edumas","@id":"https:\/\/edumas.gov.co\/inicio\/#\/schema\/person\/e2e82a662fd06864325b88811079b05a"},"headline":"Jornada de limpieza y recolecci\u00f3n de residuos en el CDI Construyendo Futuro","datePublished":"2023-12-26T05:12:00+00:00","dateModified":"2024-10-09T05:16:47+00:00","mainEntityOfPage":{"@id":"https:\/\/edumas.gov.co\/inicio\/2023\/12\/26\/jornada-de-limpieza-y-recoleccion-de-residuos-en-el-cdi-construyendo-futuro\/"},"wordCount":153,"commentCount":0,"publisher":{"@id":"https:\/\/edumas.gov.co\/inicio\/#organization"},"image":{"@id":"https:\/\/edumas.gov.co\/inicio\/2023\/12\/26\/jornada-de-limpieza-y-recoleccion-de-residuos-en-el-cdi-construyendo-futuro\/#primaryimage"},"thumbnailUrl":"https:\/\/edumas.gov.co\/wp-content\/uploads\/2024\/10\/c2.jpeg","articleSection":["noticias"],"inLanguage":"es","potentialAction":[{"@type":"CommentAction","name":"Comment","target":["https:\/\/edumas.gov.co\/inicio\/2023\/12\/26\/jornada-de-limpieza-y-recoleccion-de-residuos-en-el-cdi-construyendo-futuro\/#respond"]}]},{"@type":"WebPage","@id":"https:\/\/edumas.gov.co\/inicio\/2023\/12\/26\/jornada-de-limpieza-y-recoleccion-de-residuos-en-el-cdi-construyendo-futuro\/","url":"https:\/\/edumas.gov.co\/inicio\/2023\/12\/26\/jornada-de-limpieza-y-recoleccion-de-residuos-en-el-cdi-construyendo-futuro\/","name":"Jornada de limpieza y recolecci\u00f3n de residuos en el CDI Construyendo Futuro - Edumas","isPartOf":{"@id":"https:\/\/edumas.gov.co\/inicio\/#website"},"primaryImageOfPage":{"@id":"https:\/\/edumas.gov.co\/inicio\/2023\/12\/26\/jornada-de-limpieza-y-recoleccion-de-residuos-en-el-cdi-construyendo-futuro\/#primaryimage"},"image":{"@id":"https:\/\/edumas.gov.co\/inicio\/2023\/12\/26\/jornada-de-limpieza-y-recoleccion-de-residuos-en-el-cdi-construyendo-futuro\/#primaryimage"},"thumbnailUrl":"https:\/\/edumas.gov.co\/wp-content\/uploads\/2024\/10\/c2.jpeg","datePublished":"2023-12-26T05:12:00+00:00","dateModified":"2024-10-09T05:16:47+00:00","breadcrumb":{"@id":"https:\/\/edumas.gov.co\/inicio\/2023\/12\/26\/jornada-de-limpieza-y-recoleccion-de-residuos-en-el-cdi-construyendo-futuro\/#breadcrumb"},"inLanguage":"es","potentialAction":[{"@type":"ReadAction","target":["https:\/\/edumas.gov.co\/inicio\/2023\/12\/26\/jornada-de-limpieza-y-recoleccion-de-residuos-en-el-cdi-construyendo-futuro\/"]}]},{"@type":"ImageObject","inLanguage":"es","@id":"https:\/\/edumas.gov.co\/inicio\/2023\/12\/26\/jornada-de-limpieza-y-recoleccion-de-residuos-en-el-cdi-construyendo-futuro\/#primaryimage","url":"https:\/\/edumas.gov.co\/wp-content\/uploads\/2024\/10\/c2.jpeg","contentUrl":"https:\/\/edumas.gov.co\/wp-content\/uploads\/2024\/10\/c2.jpeg","width":1200,"height":800},{"@type":"BreadcrumbList","@id":"https:\/\/edumas.gov.co\/inicio\/2023\/12\/26\/jornada-de-limpieza-y-recoleccion-de-residuos-en-el-cdi-construyendo-futuro\/#breadcrumb","itemListElement":[{"@type":"ListItem","position":1,"name":"Portada","item":"https:\/\/edumas.gov.co\/inicio\/"},{"@type":"ListItem","position":2,"name":"Jornada de limpieza y recolecci\u00f3n de residuos en el CDI Construyendo Futuro"}]},{"@type":"WebSite","@id":"https:\/\/edumas.gov.co\/inicio\/#website","url":"https:\/\/edumas.gov.co\/inicio\/","name":"Edumas","description":"Edumas","publisher":{"@id":"https:\/\/edumas.gov.co\/inicio\/#organization"},"potentialAction":[{"@type":"SearchAction","target":{"@type":"EntryPoint","urlTemplate":"https:\/\/edumas.gov.co\/inicio\/?s={search_term_string}"},"query-input":{"@type":"PropertyValueSpecification","valueRequired":true,"valueName":"search_term_string"}}],"inLanguage":"es"},{"@type":"Organization","@id":"https:\/\/edumas.gov.co\/inicio\/#organization","name":"Edumas","url":"https:\/\/edumas.gov.co\/inicio\/","logo":{"@type":"ImageObject","inLanguage":"es","@id":"https:\/\/edumas.gov.co\/inicio\/#\/schema\/logo\/image\/","url":"https:\/\/edumas.gov.co\/wp-content\/uploads\/2024\/10\/Perfil-Instagram-PhotoRoom.png-PhotoRoom.png","contentUrl":"https:\/\/edumas.gov.co\/wp-content\/uploads\/2024\/10\/Perfil-Instagram-PhotoRoom.png-PhotoRoom.png","width":648,"height":233,"caption":"Edumas"},"image":{"@id":"https:\/\/edumas.gov.co\/inicio\/#\/schema\/logo\/image\/"}},{"@type":"Person","@id":"https:\/\/edumas.gov.co\/inicio\/#\/schema\/person\/e2e82a662fd06864325b88811079b05a","name":"edumas","image":{"@type":"ImageObject","inLanguage":"es","@id":"https:\/\/edumas.gov.co\/wp-content\/uploads\/2025\/03\/WhatsApp-Image-2025-03-06-at-12.44.58-PM-150x150.jpeg","url":"https:\/\/edumas.gov.co\/wp-content\/uploads\/2025\/03\/WhatsApp-Image-2025-03-06-at-12.44.58-PM-150x150.jpeg","contentUrl":"https:\/\/edumas.gov.co\/wp-content\/uploads\/2025\/03\/WhatsApp-Image-2025-03-06-at-12.44.58-PM-150x150.jpeg","caption":"edumas"},"sameAs":["https:\/\/test.edumas.gov.co"],"url":"https:\/\/edumas.gov.co\/inicio\/author\/edumas\/"}]}},"_links":{"self":[{"href":"https:\/\/edumas.gov.co\/inicio\/wp-json\/wp\/v2\/posts\/3685","targetHints":{"allow":["GET"]}}],"collection":[{"href":"https:\/\/edumas.gov.co\/inicio\/wp-json\/wp\/v2\/posts"}],"about":[{"href":"https:\/\/edumas.gov.co\/inicio\/wp-json\/wp\/v2\/types\/post"}],"author":[{"embeddable":true,"href":"https:\/\/edumas.gov.co\/inicio\/wp-json\/wp\/v2\/users\/1"}],"replies":[{"embeddable":true,"href":"https:\/\/edumas.gov.co\/inicio\/wp-json\/wp\/v2\/comments?post=3685"}],"version-history":[{"count":1,"href":"https:\/\/edumas.gov.co\/inicio\/wp-json\/wp\/v2\/posts\/3685\/revisions"}],"predecessor-version":[{"id":3691,"href":"https:\/\/edumas.gov.co\/inicio\/wp-json\/wp\/v2\/posts\/3685\/revisions\/3691"}],"wp:featuredmedia":[{"embeddable":true,"href":"https:\/\/edumas.gov.co\/inicio\/wp-json\/wp\/v2\/media\/3686"}],"wp:attachment":[{"href":"https:\/\/edumas.gov.co\/inicio\/wp-json\/wp\/v2\/media?parent=3685"}],"wp:term":[{"taxonomy":"category","embeddable":true,"href":"https:\/\/edumas.gov.co\/inicio\/wp-json\/wp\/v2\/categories?post=3685"},{"taxonomy":"post_tag","embeddable":true,"href":"https:\/\/edumas.gov.co\/inicio\/wp-json\/wp\/v2\/tags?post=3685"}],"curies":[{"name":"wp","href":"https:\/\/api.w.org\/{rel}","templated":true}]}}