{"id":3723,"date":"2023-12-13T05:36:00","date_gmt":"2023-12-13T05:36:00","guid":{"rendered":"https:\/\/edumas.gov.co\/inicio\/?p=3723"},"modified":"2024-10-09T05:38:49","modified_gmt":"2024-10-09T05:38:49","slug":"jornada-de-limpieza-y-poda-en-el-c-d-i-del-barrio-nueva-esperanza-etapa-3-de-soledad","status":"publish","type":"post","link":"https:\/\/edumas.gov.co\/inicio\/2023\/12\/13\/jornada-de-limpieza-y-poda-en-el-c-d-i-del-barrio-nueva-esperanza-etapa-3-de-soledad\/","title":{"rendered":"Jornada de limpieza y poda en el C.D.I del barrio Nueva Esperanza etapa 3 de Soledad"},"content":{"rendered":"\n<p class=\"wp-block-paragraph\">En una iniciativa de embellecimiento comunitario, el Centro de Desarrollo Infantil (C.D.I) ubicado en el barrio Nueva Esperanza etapa 3, se desarroll\u00f3 una jornada de limpieza por parte del equipo de la entidad del Edumas. Equipados con guada\u00f1as y machetes, con el objetivo de despejar la maleza y realizar una poda minuciosa en el lugar.\u00a0\u00a0La colaboraci\u00f3n y el compromiso con el cuidado de los entornos demuestran c\u00f3mo las peque\u00f1as acciones pueden tener un impacto significativo en la calidad de vida de todos los habitantes.<\/p>\n\n\n\n<figure class=\"wp-block-gallery has-nested-images columns-default is-cropped wp-block-gallery-1 is-layout-flex wp-block-gallery-is-layout-flex\">\n<figure class=\"wp-block-image size-large\"><img fetchpriority=\"high\" decoding=\"async\" width=\"1024\" height=\"682\" data-id=\"3725\" src=\"https:\/\/edumas.gov.co\/wp-content\/uploads\/2024\/10\/j6-1024x682.jpeg\" alt=\"\" class=\"wp-image-3725\" srcset=\"https:\/\/edumas.gov.co\/wp-content\/uploads\/2024\/10\/j6-1024x682.jpeg 1024w, https:\/\/edumas.gov.co\/wp-content\/uploads\/2024\/10\/j6-300x200.jpeg 300w, https:\/\/edumas.gov.co\/wp-content\/uploads\/2024\/10\/j6-768x512.jpeg 768w, https:\/\/edumas.gov.co\/wp-content\/uploads\/2024\/10\/j6.jpeg 1166w\" sizes=\"(max-width: 1024px) 100vw, 1024px\" \/><\/figure>\n\n\n\n<figure class=\"wp-block-image size-large\"><img decoding=\"async\" width=\"1024\" height=\"683\" data-id=\"3728\" src=\"https:\/\/edumas.gov.co\/wp-content\/uploads\/2024\/10\/j3.jpeg\" alt=\"\" class=\"wp-image-3728\" srcset=\"https:\/\/edumas.gov.co\/wp-content\/uploads\/2024\/10\/j3.jpeg 1024w, https:\/\/edumas.gov.co\/wp-content\/uploads\/2024\/10\/j3-300x200.jpeg 300w, https:\/\/edumas.gov.co\/wp-content\/uploads\/2024\/10\/j3-768x512.jpeg 768w\" sizes=\"(max-width: 1024px) 100vw, 1024px\" \/><\/figure>\n\n\n\n<figure class=\"wp-block-image size-large\"><img decoding=\"async\" width=\"1024\" height=\"683\" data-id=\"3727\" src=\"https:\/\/edumas.gov.co\/wp-content\/uploads\/2024\/10\/j2.jpeg\" alt=\"\" class=\"wp-image-3727\" srcset=\"https:\/\/edumas.gov.co\/wp-content\/uploads\/2024\/10\/j2.jpeg 1024w, https:\/\/edumas.gov.co\/wp-content\/uploads\/2024\/10\/j2-300x200.jpeg 300w, https:\/\/edumas.gov.co\/wp-content\/uploads\/2024\/10\/j2-768x512.jpeg 768w\" sizes=\"(max-width: 1024px) 100vw, 1024px\" \/><\/figure>\n\n\n\n<figure class=\"wp-block-image size-large\"><img loading=\"lazy\" decoding=\"async\" width=\"1024\" height=\"683\" data-id=\"3729\" src=\"https:\/\/edumas.gov.co\/wp-content\/uploads\/2024\/10\/j1.jpeg\" alt=\"\" class=\"wp-image-3729\" srcset=\"https:\/\/edumas.gov.co\/wp-content\/uploads\/2024\/10\/j1.jpeg 1024w, https:\/\/edumas.gov.co\/wp-content\/uploads\/2024\/10\/j1-300x200.jpeg 300w, https:\/\/edumas.gov.co\/wp-content\/uploads\/2024\/10\/j1-768x512.jpeg 768w\" sizes=\"(max-width: 1024px) 100vw, 1024px\" \/><\/figure>\n<\/figure>\n","protected":false},"excerpt":{"rendered":"<p>En una iniciativa de embellecimiento comunitario, el Centro de Desarrollo Infantil (C.D.I) ubicado en el barrio Nueva Esperanza etapa 3, se desarroll\u00f3 una jornada de limpieza por parte del equipo de la entidad del Edumas. Equipados con guada\u00f1as y machetes, con el objetivo de despejar la maleza y realizar una poda minuciosa en el lugar.\u00a0\u00a0La [&hellip;]<\/p>\n","protected":false},"author":1,"featured_media":3724,"comment_status":"open","ping_status":"open","sticky":false,"template":"","format":"standard","meta":{"footnotes":""},"categories":[26],"tags":[],"class_list":["post-3723","post","type-post","status-publish","format-standard","has-post-thumbnail","hentry","category-noticias"],"yoast_head":"<!-- This site is optimized with the Yoast SEO plugin v27.4 - https:\/\/yoast.com\/product\/yoast-seo-wordpress\/ -->\n<title>Jornada de limpieza y poda en el C.D.I del barrio Nueva Esperanza etapa 3 de Soledad - Edumas<\/title>\n<meta name=\"robots\" content=\"index, follow, max-snippet:-1, max-image-preview:large, max-video-preview:-1\" \/>\n<link rel=\"canonical\" href=\"https:\/\/edumas.gov.co\/inicio\/2023\/12\/13\/jornada-de-limpieza-y-poda-en-el-c-d-i-del-barrio-nueva-esperanza-etapa-3-de-soledad\/\" \/>\n<meta property=\"og:locale\" content=\"es_ES\" \/>\n<meta property=\"og:type\" content=\"article\" \/>\n<meta property=\"og:title\" content=\"Jornada de limpieza y poda en el C.D.I del barrio Nueva Esperanza etapa 3 de Soledad - Edumas\" \/>\n<meta property=\"og:description\" content=\"En una iniciativa de embellecimiento comunitario, el Centro de Desarrollo Infantil (C.D.I) ubicado en el barrio Nueva Esperanza etapa 3, se desarroll\u00f3 una jornada de limpieza por parte del equipo de la entidad del Edumas. Equipados con guada\u00f1as y machetes, con el objetivo de despejar la maleza y realizar una poda minuciosa en el lugar.\u00a0\u00a0La [&hellip;]\" \/>\n<meta property=\"og:url\" content=\"https:\/\/edumas.gov.co\/inicio\/2023\/12\/13\/jornada-de-limpieza-y-poda-en-el-c-d-i-del-barrio-nueva-esperanza-etapa-3-de-soledad\/\" \/>\n<meta property=\"og:site_name\" content=\"Edumas\" \/>\n<meta property=\"article:published_time\" content=\"2023-12-13T05:36:00+00:00\" \/>\n<meta property=\"article:modified_time\" content=\"2024-10-09T05:38:49+00:00\" \/>\n<meta property=\"og:image\" content=\"https:\/\/edumas.gov.co\/wp-content\/uploads\/2024\/10\/j4.jpeg\" \/>\n\t<meta property=\"og:image:width\" content=\"1600\" \/>\n\t<meta property=\"og:image:height\" content=\"1067\" \/>\n\t<meta property=\"og:image:type\" content=\"image\/jpeg\" \/>\n<meta name=\"author\" content=\"edumas\" \/>\n<meta name=\"twitter:card\" content=\"summary_large_image\" \/>\n<meta name=\"twitter:label1\" content=\"Escrito por\" \/>\n\t<meta name=\"twitter:data1\" content=\"edumas\" \/>\n\t<meta name=\"twitter:label2\" content=\"Tiempo de lectura\" \/>\n\t<meta name=\"twitter:data2\" content=\"2 minutos\" \/>\n<script type=\"application\/ld+json\" class=\"yoast-schema-graph\">{\"@context\":\"https:\\\/\\\/schema.org\",\"@graph\":[{\"@type\":\"Article\",\"@id\":\"https:\\\/\\\/edumas.gov.co\\\/inicio\\\/2023\\\/12\\\/13\\\/jornada-de-limpieza-y-poda-en-el-c-d-i-del-barrio-nueva-esperanza-etapa-3-de-soledad\\\/#article\",\"isPartOf\":{\"@id\":\"https:\\\/\\\/edumas.gov.co\\\/inicio\\\/2023\\\/12\\\/13\\\/jornada-de-limpieza-y-poda-en-el-c-d-i-del-barrio-nueva-esperanza-etapa-3-de-soledad\\\/\"},\"author\":{\"name\":\"edumas\",\"@id\":\"https:\\\/\\\/edumas.gov.co\\\/inicio\\\/#\\\/schema\\\/person\\\/e2e82a662fd06864325b88811079b05a\"},\"headline\":\"Jornada de limpieza y poda en el C.D.I del barrio Nueva Esperanza etapa 3 de Soledad\",\"datePublished\":\"2023-12-13T05:36:00+00:00\",\"dateModified\":\"2024-10-09T05:38:49+00:00\",\"mainEntityOfPage\":{\"@id\":\"https:\\\/\\\/edumas.gov.co\\\/inicio\\\/2023\\\/12\\\/13\\\/jornada-de-limpieza-y-poda-en-el-c-d-i-del-barrio-nueva-esperanza-etapa-3-de-soledad\\\/\"},\"wordCount\":107,\"commentCount\":0,\"publisher\":{\"@id\":\"https:\\\/\\\/edumas.gov.co\\\/inicio\\\/#organization\"},\"image\":{\"@id\":\"https:\\\/\\\/edumas.gov.co\\\/inicio\\\/2023\\\/12\\\/13\\\/jornada-de-limpieza-y-poda-en-el-c-d-i-del-barrio-nueva-esperanza-etapa-3-de-soledad\\\/#primaryimage\"},\"thumbnailUrl\":\"https:\\\/\\\/edumas.gov.co\\\/wp-content\\\/uploads\\\/2024\\\/10\\\/j4.jpeg\",\"articleSection\":[\"noticias\"],\"inLanguage\":\"es\",\"potentialAction\":[{\"@type\":\"CommentAction\",\"name\":\"Comment\",\"target\":[\"https:\\\/\\\/edumas.gov.co\\\/inicio\\\/2023\\\/12\\\/13\\\/jornada-de-limpieza-y-poda-en-el-c-d-i-del-barrio-nueva-esperanza-etapa-3-de-soledad\\\/#respond\"]}]},{\"@type\":\"WebPage\",\"@id\":\"https:\\\/\\\/edumas.gov.co\\\/inicio\\\/2023\\\/12\\\/13\\\/jornada-de-limpieza-y-poda-en-el-c-d-i-del-barrio-nueva-esperanza-etapa-3-de-soledad\\\/\",\"url\":\"https:\\\/\\\/edumas.gov.co\\\/inicio\\\/2023\\\/12\\\/13\\\/jornada-de-limpieza-y-poda-en-el-c-d-i-del-barrio-nueva-esperanza-etapa-3-de-soledad\\\/\",\"name\":\"Jornada de limpieza y poda en el C.D.I del barrio Nueva Esperanza etapa 3 de Soledad - Edumas\",\"isPartOf\":{\"@id\":\"https:\\\/\\\/edumas.gov.co\\\/inicio\\\/#website\"},\"primaryImageOfPage\":{\"@id\":\"https:\\\/\\\/edumas.gov.co\\\/inicio\\\/2023\\\/12\\\/13\\\/jornada-de-limpieza-y-poda-en-el-c-d-i-del-barrio-nueva-esperanza-etapa-3-de-soledad\\\/#primaryimage\"},\"image\":{\"@id\":\"https:\\\/\\\/edumas.gov.co\\\/inicio\\\/2023\\\/12\\\/13\\\/jornada-de-limpieza-y-poda-en-el-c-d-i-del-barrio-nueva-esperanza-etapa-3-de-soledad\\\/#primaryimage\"},\"thumbnailUrl\":\"https:\\\/\\\/edumas.gov.co\\\/wp-content\\\/uploads\\\/2024\\\/10\\\/j4.jpeg\",\"datePublished\":\"2023-12-13T05:36:00+00:00\",\"dateModified\":\"2024-10-09T05:38:49+00:00\",\"breadcrumb\":{\"@id\":\"https:\\\/\\\/edumas.gov.co\\\/inicio\\\/2023\\\/12\\\/13\\\/jornada-de-limpieza-y-poda-en-el-c-d-i-del-barrio-nueva-esperanza-etapa-3-de-soledad\\\/#breadcrumb\"},\"inLanguage\":\"es\",\"potentialAction\":[{\"@type\":\"ReadAction\",\"target\":[\"https:\\\/\\\/edumas.gov.co\\\/inicio\\\/2023\\\/12\\\/13\\\/jornada-de-limpieza-y-poda-en-el-c-d-i-del-barrio-nueva-esperanza-etapa-3-de-soledad\\\/\"]}]},{\"@type\":\"ImageObject\",\"inLanguage\":\"es\",\"@id\":\"https:\\\/\\\/edumas.gov.co\\\/inicio\\\/2023\\\/12\\\/13\\\/jornada-de-limpieza-y-poda-en-el-c-d-i-del-barrio-nueva-esperanza-etapa-3-de-soledad\\\/#primaryimage\",\"url\":\"https:\\\/\\\/edumas.gov.co\\\/wp-content\\\/uploads\\\/2024\\\/10\\\/j4.jpeg\",\"contentUrl\":\"https:\\\/\\\/edumas.gov.co\\\/wp-content\\\/uploads\\\/2024\\\/10\\\/j4.jpeg\",\"width\":1600,\"height\":1067},{\"@type\":\"BreadcrumbList\",\"@id\":\"https:\\\/\\\/edumas.gov.co\\\/inicio\\\/2023\\\/12\\\/13\\\/jornada-de-limpieza-y-poda-en-el-c-d-i-del-barrio-nueva-esperanza-etapa-3-de-soledad\\\/#breadcrumb\",\"itemListElement\":[{\"@type\":\"ListItem\",\"position\":1,\"name\":\"Portada\",\"item\":\"https:\\\/\\\/edumas.gov.co\\\/inicio\\\/\"},{\"@type\":\"ListItem\",\"position\":2,\"name\":\"Jornada de limpieza y poda en el C.D.I del barrio Nueva Esperanza etapa 3 de Soledad\"}]},{\"@type\":\"WebSite\",\"@id\":\"https:\\\/\\\/edumas.gov.co\\\/inicio\\\/#website\",\"url\":\"https:\\\/\\\/edumas.gov.co\\\/inicio\\\/\",\"name\":\"Edumas\",\"description\":\"Edumas\",\"publisher\":{\"@id\":\"https:\\\/\\\/edumas.gov.co\\\/inicio\\\/#organization\"},\"potentialAction\":[{\"@type\":\"SearchAction\",\"target\":{\"@type\":\"EntryPoint\",\"urlTemplate\":\"https:\\\/\\\/edumas.gov.co\\\/inicio\\\/?s={search_term_string}\"},\"query-input\":{\"@type\":\"PropertyValueSpecification\",\"valueRequired\":true,\"valueName\":\"search_term_string\"}}],\"inLanguage\":\"es\"},{\"@type\":\"Organization\",\"@id\":\"https:\\\/\\\/edumas.gov.co\\\/inicio\\\/#organization\",\"name\":\"Edumas\",\"url\":\"https:\\\/\\\/edumas.gov.co\\\/inicio\\\/\",\"logo\":{\"@type\":\"ImageObject\",\"inLanguage\":\"es\",\"@id\":\"https:\\\/\\\/edumas.gov.co\\\/inicio\\\/#\\\/schema\\\/logo\\\/image\\\/\",\"url\":\"https:\\\/\\\/edumas.gov.co\\\/wp-content\\\/uploads\\\/2024\\\/10\\\/Perfil-Instagram-PhotoRoom.png-PhotoRoom.png\",\"contentUrl\":\"https:\\\/\\\/edumas.gov.co\\\/wp-content\\\/uploads\\\/2024\\\/10\\\/Perfil-Instagram-PhotoRoom.png-PhotoRoom.png\",\"width\":648,\"height\":233,\"caption\":\"Edumas\"},\"image\":{\"@id\":\"https:\\\/\\\/edumas.gov.co\\\/inicio\\\/#\\\/schema\\\/logo\\\/image\\\/\"}},{\"@type\":\"Person\",\"@id\":\"https:\\\/\\\/edumas.gov.co\\\/inicio\\\/#\\\/schema\\\/person\\\/e2e82a662fd06864325b88811079b05a\",\"name\":\"edumas\",\"image\":{\"@type\":\"ImageObject\",\"inLanguage\":\"es\",\"@id\":\"https:\\\/\\\/edumas.gov.co\\\/wp-content\\\/uploads\\\/2025\\\/03\\\/WhatsApp-Image-2025-03-06-at-12.44.58-PM-150x150.jpeg\",\"url\":\"https:\\\/\\\/edumas.gov.co\\\/wp-content\\\/uploads\\\/2025\\\/03\\\/WhatsApp-Image-2025-03-06-at-12.44.58-PM-150x150.jpeg\",\"contentUrl\":\"https:\\\/\\\/edumas.gov.co\\\/wp-content\\\/uploads\\\/2025\\\/03\\\/WhatsApp-Image-2025-03-06-at-12.44.58-PM-150x150.jpeg\",\"caption\":\"edumas\"},\"sameAs\":[\"https:\\\/\\\/test.edumas.gov.co\"],\"url\":\"https:\\\/\\\/edumas.gov.co\\\/inicio\\\/author\\\/edumas\\\/\"}]}<\/script>\n<!-- \/ Yoast SEO plugin. -->","yoast_head_json":{"title":"Jornada de limpieza y poda en el C.D.I del barrio Nueva Esperanza etapa 3 de Soledad - Edumas","robots":{"index":"index","follow":"follow","max-snippet":"max-snippet:-1","max-image-preview":"max-image-preview:large","max-video-preview":"max-video-preview:-1"},"canonical":"https:\/\/edumas.gov.co\/inicio\/2023\/12\/13\/jornada-de-limpieza-y-poda-en-el-c-d-i-del-barrio-nueva-esperanza-etapa-3-de-soledad\/","og_locale":"es_ES","og_type":"article","og_title":"Jornada de limpieza y poda en el C.D.I del barrio Nueva Esperanza etapa 3 de Soledad - Edumas","og_description":"En una iniciativa de embellecimiento comunitario, el Centro de Desarrollo Infantil (C.D.I) ubicado en el barrio Nueva Esperanza etapa 3, se desarroll\u00f3 una jornada de limpieza por parte del equipo de la entidad del Edumas. Equipados con guada\u00f1as y machetes, con el objetivo de despejar la maleza y realizar una poda minuciosa en el lugar.\u00a0\u00a0La [&hellip;]","og_url":"https:\/\/edumas.gov.co\/inicio\/2023\/12\/13\/jornada-de-limpieza-y-poda-en-el-c-d-i-del-barrio-nueva-esperanza-etapa-3-de-soledad\/","og_site_name":"Edumas","article_published_time":"2023-12-13T05:36:00+00:00","article_modified_time":"2024-10-09T05:38:49+00:00","og_image":[{"width":1600,"height":1067,"url":"https:\/\/edumas.gov.co\/wp-content\/uploads\/2024\/10\/j4.jpeg","type":"image\/jpeg"}],"author":"edumas","twitter_card":"summary_large_image","twitter_misc":{"Escrito por":"edumas","Tiempo de lectura":"2 minutos"},"schema":{"@context":"https:\/\/schema.org","@graph":[{"@type":"Article","@id":"https:\/\/edumas.gov.co\/inicio\/2023\/12\/13\/jornada-de-limpieza-y-poda-en-el-c-d-i-del-barrio-nueva-esperanza-etapa-3-de-soledad\/#article","isPartOf":{"@id":"https:\/\/edumas.gov.co\/inicio\/2023\/12\/13\/jornada-de-limpieza-y-poda-en-el-c-d-i-del-barrio-nueva-esperanza-etapa-3-de-soledad\/"},"author":{"name":"edumas","@id":"https:\/\/edumas.gov.co\/inicio\/#\/schema\/person\/e2e82a662fd06864325b88811079b05a"},"headline":"Jornada de limpieza y poda en el C.D.I del barrio Nueva Esperanza etapa 3 de Soledad","datePublished":"2023-12-13T05:36:00+00:00","dateModified":"2024-10-09T05:38:49+00:00","mainEntityOfPage":{"@id":"https:\/\/edumas.gov.co\/inicio\/2023\/12\/13\/jornada-de-limpieza-y-poda-en-el-c-d-i-del-barrio-nueva-esperanza-etapa-3-de-soledad\/"},"wordCount":107,"commentCount":0,"publisher":{"@id":"https:\/\/edumas.gov.co\/inicio\/#organization"},"image":{"@id":"https:\/\/edumas.gov.co\/inicio\/2023\/12\/13\/jornada-de-limpieza-y-poda-en-el-c-d-i-del-barrio-nueva-esperanza-etapa-3-de-soledad\/#primaryimage"},"thumbnailUrl":"https:\/\/edumas.gov.co\/wp-content\/uploads\/2024\/10\/j4.jpeg","articleSection":["noticias"],"inLanguage":"es","potentialAction":[{"@type":"CommentAction","name":"Comment","target":["https:\/\/edumas.gov.co\/inicio\/2023\/12\/13\/jornada-de-limpieza-y-poda-en-el-c-d-i-del-barrio-nueva-esperanza-etapa-3-de-soledad\/#respond"]}]},{"@type":"WebPage","@id":"https:\/\/edumas.gov.co\/inicio\/2023\/12\/13\/jornada-de-limpieza-y-poda-en-el-c-d-i-del-barrio-nueva-esperanza-etapa-3-de-soledad\/","url":"https:\/\/edumas.gov.co\/inicio\/2023\/12\/13\/jornada-de-limpieza-y-poda-en-el-c-d-i-del-barrio-nueva-esperanza-etapa-3-de-soledad\/","name":"Jornada de limpieza y poda en el C.D.I del barrio Nueva Esperanza etapa 3 de Soledad - Edumas","isPartOf":{"@id":"https:\/\/edumas.gov.co\/inicio\/#website"},"primaryImageOfPage":{"@id":"https:\/\/edumas.gov.co\/inicio\/2023\/12\/13\/jornada-de-limpieza-y-poda-en-el-c-d-i-del-barrio-nueva-esperanza-etapa-3-de-soledad\/#primaryimage"},"image":{"@id":"https:\/\/edumas.gov.co\/inicio\/2023\/12\/13\/jornada-de-limpieza-y-poda-en-el-c-d-i-del-barrio-nueva-esperanza-etapa-3-de-soledad\/#primaryimage"},"thumbnailUrl":"https:\/\/edumas.gov.co\/wp-content\/uploads\/2024\/10\/j4.jpeg","datePublished":"2023-12-13T05:36:00+00:00","dateModified":"2024-10-09T05:38:49+00:00","breadcrumb":{"@id":"https:\/\/edumas.gov.co\/inicio\/2023\/12\/13\/jornada-de-limpieza-y-poda-en-el-c-d-i-del-barrio-nueva-esperanza-etapa-3-de-soledad\/#breadcrumb"},"inLanguage":"es","potentialAction":[{"@type":"ReadAction","target":["https:\/\/edumas.gov.co\/inicio\/2023\/12\/13\/jornada-de-limpieza-y-poda-en-el-c-d-i-del-barrio-nueva-esperanza-etapa-3-de-soledad\/"]}]},{"@type":"ImageObject","inLanguage":"es","@id":"https:\/\/edumas.gov.co\/inicio\/2023\/12\/13\/jornada-de-limpieza-y-poda-en-el-c-d-i-del-barrio-nueva-esperanza-etapa-3-de-soledad\/#primaryimage","url":"https:\/\/edumas.gov.co\/wp-content\/uploads\/2024\/10\/j4.jpeg","contentUrl":"https:\/\/edumas.gov.co\/wp-content\/uploads\/2024\/10\/j4.jpeg","width":1600,"height":1067},{"@type":"BreadcrumbList","@id":"https:\/\/edumas.gov.co\/inicio\/2023\/12\/13\/jornada-de-limpieza-y-poda-en-el-c-d-i-del-barrio-nueva-esperanza-etapa-3-de-soledad\/#breadcrumb","itemListElement":[{"@type":"ListItem","position":1,"name":"Portada","item":"https:\/\/edumas.gov.co\/inicio\/"},{"@type":"ListItem","position":2,"name":"Jornada de limpieza y poda en el C.D.I del barrio Nueva Esperanza etapa 3 de Soledad"}]},{"@type":"WebSite","@id":"https:\/\/edumas.gov.co\/inicio\/#website","url":"https:\/\/edumas.gov.co\/inicio\/","name":"Edumas","description":"Edumas","publisher":{"@id":"https:\/\/edumas.gov.co\/inicio\/#organization"},"potentialAction":[{"@type":"SearchAction","target":{"@type":"EntryPoint","urlTemplate":"https:\/\/edumas.gov.co\/inicio\/?s={search_term_string}"},"query-input":{"@type":"PropertyValueSpecification","valueRequired":true,"valueName":"search_term_string"}}],"inLanguage":"es"},{"@type":"Organization","@id":"https:\/\/edumas.gov.co\/inicio\/#organization","name":"Edumas","url":"https:\/\/edumas.gov.co\/inicio\/","logo":{"@type":"ImageObject","inLanguage":"es","@id":"https:\/\/edumas.gov.co\/inicio\/#\/schema\/logo\/image\/","url":"https:\/\/edumas.gov.co\/wp-content\/uploads\/2024\/10\/Perfil-Instagram-PhotoRoom.png-PhotoRoom.png","contentUrl":"https:\/\/edumas.gov.co\/wp-content\/uploads\/2024\/10\/Perfil-Instagram-PhotoRoom.png-PhotoRoom.png","width":648,"height":233,"caption":"Edumas"},"image":{"@id":"https:\/\/edumas.gov.co\/inicio\/#\/schema\/logo\/image\/"}},{"@type":"Person","@id":"https:\/\/edumas.gov.co\/inicio\/#\/schema\/person\/e2e82a662fd06864325b88811079b05a","name":"edumas","image":{"@type":"ImageObject","inLanguage":"es","@id":"https:\/\/edumas.gov.co\/wp-content\/uploads\/2025\/03\/WhatsApp-Image-2025-03-06-at-12.44.58-PM-150x150.jpeg","url":"https:\/\/edumas.gov.co\/wp-content\/uploads\/2025\/03\/WhatsApp-Image-2025-03-06-at-12.44.58-PM-150x150.jpeg","contentUrl":"https:\/\/edumas.gov.co\/wp-content\/uploads\/2025\/03\/WhatsApp-Image-2025-03-06-at-12.44.58-PM-150x150.jpeg","caption":"edumas"},"sameAs":["https:\/\/test.edumas.gov.co"],"url":"https:\/\/edumas.gov.co\/inicio\/author\/edumas\/"}]}},"_links":{"self":[{"href":"https:\/\/edumas.gov.co\/inicio\/wp-json\/wp\/v2\/posts\/3723","targetHints":{"allow":["GET"]}}],"collection":[{"href":"https:\/\/edumas.gov.co\/inicio\/wp-json\/wp\/v2\/posts"}],"about":[{"href":"https:\/\/edumas.gov.co\/inicio\/wp-json\/wp\/v2\/types\/post"}],"author":[{"embeddable":true,"href":"https:\/\/edumas.gov.co\/inicio\/wp-json\/wp\/v2\/users\/1"}],"replies":[{"embeddable":true,"href":"https:\/\/edumas.gov.co\/inicio\/wp-json\/wp\/v2\/comments?post=3723"}],"version-history":[{"count":1,"href":"https:\/\/edumas.gov.co\/inicio\/wp-json\/wp\/v2\/posts\/3723\/revisions"}],"predecessor-version":[{"id":3731,"href":"https:\/\/edumas.gov.co\/inicio\/wp-json\/wp\/v2\/posts\/3723\/revisions\/3731"}],"wp:featuredmedia":[{"embeddable":true,"href":"https:\/\/edumas.gov.co\/inicio\/wp-json\/wp\/v2\/media\/3724"}],"wp:attachment":[{"href":"https:\/\/edumas.gov.co\/inicio\/wp-json\/wp\/v2\/media?parent=3723"}],"wp:term":[{"taxonomy":"category","embeddable":true,"href":"https:\/\/edumas.gov.co\/inicio\/wp-json\/wp\/v2\/categories?post=3723"},{"taxonomy":"post_tag","embeddable":true,"href":"https:\/\/edumas.gov.co\/inicio\/wp-json\/wp\/v2\/tags?post=3723"}],"curies":[{"name":"wp","href":"https:\/\/api.w.org\/{rel}","templated":true}]}}