{"id":4424,"date":"2024-08-29T21:26:00","date_gmt":"2024-08-29T21:26:00","guid":{"rendered":"https:\/\/edumas.gov.co\/inicio\/?p=4424"},"modified":"2024-10-18T21:33:09","modified_gmt":"2024-10-18T21:33:09","slug":"dia-nacional-contra-el-ruido","status":"publish","type":"post","link":"https:\/\/edumas.gov.co\/inicio\/2024\/08\/29\/dia-nacional-contra-el-ruido\/","title":{"rendered":"D\u00eda Nacional contra el Ruido"},"content":{"rendered":"\n<p class=\"wp-block-paragraph\"><strong>Agosto 29 <\/strong>&#8211; Cada a\u00f1o, el 29 de agosto, se conmemora el\u00a0<strong>D\u00eda Nacional Contra el Ruido<\/strong>, una fecha que busca concienciar a las personas y a todos los establecimientos de industria, comercio y servicios sobre la importancia de mantener un ambiente sano y respetar los niveles de emisi\u00f3n sonora.<\/p>\n\n\n\n<p class=\"wp-block-paragraph\">l ruido es un sonido que incomoda y que cada vez es m\u00e1s permanente en la cotidianidad de las personas, afectando no solo la calidad de vida, sino tambi\u00e9n restando a\u00f1os de vida, pues seg\u00fan un estudio realizado por la Organizaci\u00f3n Mundial de la Salud, OMS, la exposici\u00f3n a ruido frecuente resta en promedio 8 meses de vida en una persona.<\/p>\n\n\n\n<p class=\"wp-block-paragraph\">Agreg\u00f3 que la OMS lleva varios a\u00f1os alertando sobre los riesgos en la salud de todas las personas por exposici\u00f3n frecuente al ruido, y no solamente es la p\u00e9rdida de la audici\u00f3n, la contaminaci\u00f3n auditiva es causa tambi\u00e9n de problemas cardiovasculares, digestivos o psicol\u00f3gicos, y el riesgo aumenta cuando la exposici\u00f3n al ruido es nocturna e impide el descanso, a esta situaci\u00f3n se exponen las personas de todas las edades, incluso bebes y adultos mayores.<\/p>\n\n\n\n<p class=\"wp-block-paragraph\">Fuente: <a href=\"https:\/\/www.boyaca.gov.co\/este-29-de-agosto-se-conmemora-el-dia-internacional-contra-el-ruido\/\">https:\/\/www.boyaca.gov.co\/este-29-de-agosto-se-conmemora-el-dia-internacional-contra-el-ruido\/<\/a><\/p>\n","protected":false},"excerpt":{"rendered":"<p>Agosto 29 &#8211; Cada a\u00f1o, el 29 de agosto, se conmemora el\u00a0D\u00eda Nacional Contra el Ruido, una fecha que busca concienciar a las personas y a todos los establecimientos de industria, comercio y servicios sobre la importancia de mantener un ambiente sano y respetar los niveles de emisi\u00f3n sonora. l ruido es un sonido que [&hellip;]<\/p>\n","protected":false},"author":1,"featured_media":0,"comment_status":"open","ping_status":"open","sticky":false,"template":"","format":"standard","meta":{"footnotes":""},"categories":[28],"tags":[],"class_list":["post-4424","post","type-post","status-publish","format-standard","hentry","category-eventos"],"yoast_head":"<!-- This site is optimized with the Yoast SEO plugin v27.4 - https:\/\/yoast.com\/product\/yoast-seo-wordpress\/ -->\n<title>D\u00eda Nacional contra el Ruido - Edumas<\/title>\n<meta name=\"robots\" content=\"index, follow, max-snippet:-1, max-image-preview:large, max-video-preview:-1\" \/>\n<link rel=\"canonical\" href=\"https:\/\/edumas.gov.co\/inicio\/2024\/08\/29\/dia-nacional-contra-el-ruido\/\" \/>\n<meta property=\"og:locale\" content=\"es_ES\" \/>\n<meta property=\"og:type\" content=\"article\" \/>\n<meta property=\"og:title\" content=\"D\u00eda Nacional contra el Ruido - Edumas\" \/>\n<meta property=\"og:description\" content=\"Agosto 29 &#8211; Cada a\u00f1o, el 29 de agosto, se conmemora el\u00a0D\u00eda Nacional Contra el Ruido, una fecha que busca concienciar a las personas y a todos los establecimientos de industria, comercio y servicios sobre la importancia de mantener un ambiente sano y respetar los niveles de emisi\u00f3n sonora. l ruido es un sonido que [&hellip;]\" \/>\n<meta property=\"og:url\" content=\"https:\/\/edumas.gov.co\/inicio\/2024\/08\/29\/dia-nacional-contra-el-ruido\/\" \/>\n<meta property=\"og:site_name\" content=\"Edumas\" \/>\n<meta property=\"article:published_time\" content=\"2024-08-29T21:26:00+00:00\" \/>\n<meta property=\"article:modified_time\" content=\"2024-10-18T21:33:09+00:00\" \/>\n<meta property=\"og:image\" content=\"https:\/\/edumas.gov.co\/wp-content\/uploads\/2024\/10\/WEB-Fechas-ambientales-2024-4.png\" \/>\n\t<meta property=\"og:image:width\" content=\"1280\" \/>\n\t<meta property=\"og:image:height\" content=\"600\" \/>\n\t<meta property=\"og:image:type\" content=\"image\/png\" \/>\n<meta name=\"author\" content=\"edumas\" \/>\n<meta name=\"twitter:card\" content=\"summary_large_image\" \/>\n<meta name=\"twitter:label1\" content=\"Escrito por\" \/>\n\t<meta name=\"twitter:data1\" content=\"edumas\" \/>\n\t<meta name=\"twitter:label2\" content=\"Tiempo de lectura\" \/>\n\t<meta name=\"twitter:data2\" content=\"2 minutos\" \/>\n<script type=\"application\/ld+json\" class=\"yoast-schema-graph\">{\"@context\":\"https:\\\/\\\/schema.org\",\"@graph\":[{\"@type\":\"Article\",\"@id\":\"https:\\\/\\\/edumas.gov.co\\\/inicio\\\/2024\\\/08\\\/29\\\/dia-nacional-contra-el-ruido\\\/#article\",\"isPartOf\":{\"@id\":\"https:\\\/\\\/edumas.gov.co\\\/inicio\\\/2024\\\/08\\\/29\\\/dia-nacional-contra-el-ruido\\\/\"},\"author\":{\"name\":\"edumas\",\"@id\":\"https:\\\/\\\/edumas.gov.co\\\/inicio\\\/#\\\/schema\\\/person\\\/e2e82a662fd06864325b88811079b05a\"},\"headline\":\"D\u00eda Nacional contra el Ruido\",\"datePublished\":\"2024-08-29T21:26:00+00:00\",\"dateModified\":\"2024-10-18T21:33:09+00:00\",\"mainEntityOfPage\":{\"@id\":\"https:\\\/\\\/edumas.gov.co\\\/inicio\\\/2024\\\/08\\\/29\\\/dia-nacional-contra-el-ruido\\\/\"},\"wordCount\":215,\"commentCount\":0,\"publisher\":{\"@id\":\"https:\\\/\\\/edumas.gov.co\\\/inicio\\\/#organization\"},\"articleSection\":[\"eventos\"],\"inLanguage\":\"es\",\"potentialAction\":[{\"@type\":\"CommentAction\",\"name\":\"Comment\",\"target\":[\"https:\\\/\\\/edumas.gov.co\\\/inicio\\\/2024\\\/08\\\/29\\\/dia-nacional-contra-el-ruido\\\/#respond\"]}]},{\"@type\":\"WebPage\",\"@id\":\"https:\\\/\\\/edumas.gov.co\\\/inicio\\\/2024\\\/08\\\/29\\\/dia-nacional-contra-el-ruido\\\/\",\"url\":\"https:\\\/\\\/edumas.gov.co\\\/inicio\\\/2024\\\/08\\\/29\\\/dia-nacional-contra-el-ruido\\\/\",\"name\":\"D\u00eda Nacional contra el Ruido - Edumas\",\"isPartOf\":{\"@id\":\"https:\\\/\\\/edumas.gov.co\\\/inicio\\\/#website\"},\"datePublished\":\"2024-08-29T21:26:00+00:00\",\"dateModified\":\"2024-10-18T21:33:09+00:00\",\"breadcrumb\":{\"@id\":\"https:\\\/\\\/edumas.gov.co\\\/inicio\\\/2024\\\/08\\\/29\\\/dia-nacional-contra-el-ruido\\\/#breadcrumb\"},\"inLanguage\":\"es\",\"potentialAction\":[{\"@type\":\"ReadAction\",\"target\":[\"https:\\\/\\\/edumas.gov.co\\\/inicio\\\/2024\\\/08\\\/29\\\/dia-nacional-contra-el-ruido\\\/\"]}]},{\"@type\":\"BreadcrumbList\",\"@id\":\"https:\\\/\\\/edumas.gov.co\\\/inicio\\\/2024\\\/08\\\/29\\\/dia-nacional-contra-el-ruido\\\/#breadcrumb\",\"itemListElement\":[{\"@type\":\"ListItem\",\"position\":1,\"name\":\"Portada\",\"item\":\"https:\\\/\\\/edumas.gov.co\\\/inicio\\\/\"},{\"@type\":\"ListItem\",\"position\":2,\"name\":\"D\u00eda Nacional contra el Ruido\"}]},{\"@type\":\"WebSite\",\"@id\":\"https:\\\/\\\/edumas.gov.co\\\/inicio\\\/#website\",\"url\":\"https:\\\/\\\/edumas.gov.co\\\/inicio\\\/\",\"name\":\"Edumas\",\"description\":\"Edumas\",\"publisher\":{\"@id\":\"https:\\\/\\\/edumas.gov.co\\\/inicio\\\/#organization\"},\"potentialAction\":[{\"@type\":\"SearchAction\",\"target\":{\"@type\":\"EntryPoint\",\"urlTemplate\":\"https:\\\/\\\/edumas.gov.co\\\/inicio\\\/?s={search_term_string}\"},\"query-input\":{\"@type\":\"PropertyValueSpecification\",\"valueRequired\":true,\"valueName\":\"search_term_string\"}}],\"inLanguage\":\"es\"},{\"@type\":\"Organization\",\"@id\":\"https:\\\/\\\/edumas.gov.co\\\/inicio\\\/#organization\",\"name\":\"Edumas\",\"url\":\"https:\\\/\\\/edumas.gov.co\\\/inicio\\\/\",\"logo\":{\"@type\":\"ImageObject\",\"inLanguage\":\"es\",\"@id\":\"https:\\\/\\\/edumas.gov.co\\\/inicio\\\/#\\\/schema\\\/logo\\\/image\\\/\",\"url\":\"https:\\\/\\\/edumas.gov.co\\\/wp-content\\\/uploads\\\/2024\\\/10\\\/Perfil-Instagram-PhotoRoom.png-PhotoRoom.png\",\"contentUrl\":\"https:\\\/\\\/edumas.gov.co\\\/wp-content\\\/uploads\\\/2024\\\/10\\\/Perfil-Instagram-PhotoRoom.png-PhotoRoom.png\",\"width\":648,\"height\":233,\"caption\":\"Edumas\"},\"image\":{\"@id\":\"https:\\\/\\\/edumas.gov.co\\\/inicio\\\/#\\\/schema\\\/logo\\\/image\\\/\"}},{\"@type\":\"Person\",\"@id\":\"https:\\\/\\\/edumas.gov.co\\\/inicio\\\/#\\\/schema\\\/person\\\/e2e82a662fd06864325b88811079b05a\",\"name\":\"edumas\",\"image\":{\"@type\":\"ImageObject\",\"inLanguage\":\"es\",\"@id\":\"https:\\\/\\\/edumas.gov.co\\\/wp-content\\\/uploads\\\/2025\\\/03\\\/WhatsApp-Image-2025-03-06-at-12.44.58-PM-150x150.jpeg\",\"url\":\"https:\\\/\\\/edumas.gov.co\\\/wp-content\\\/uploads\\\/2025\\\/03\\\/WhatsApp-Image-2025-03-06-at-12.44.58-PM-150x150.jpeg\",\"contentUrl\":\"https:\\\/\\\/edumas.gov.co\\\/wp-content\\\/uploads\\\/2025\\\/03\\\/WhatsApp-Image-2025-03-06-at-12.44.58-PM-150x150.jpeg\",\"caption\":\"edumas\"},\"sameAs\":[\"https:\\\/\\\/test.edumas.gov.co\"],\"url\":\"https:\\\/\\\/edumas.gov.co\\\/inicio\\\/author\\\/edumas\\\/\"}]}<\/script>\n<!-- \/ Yoast SEO plugin. -->","yoast_head_json":{"title":"D\u00eda Nacional contra el Ruido - Edumas","robots":{"index":"index","follow":"follow","max-snippet":"max-snippet:-1","max-image-preview":"max-image-preview:large","max-video-preview":"max-video-preview:-1"},"canonical":"https:\/\/edumas.gov.co\/inicio\/2024\/08\/29\/dia-nacional-contra-el-ruido\/","og_locale":"es_ES","og_type":"article","og_title":"D\u00eda Nacional contra el Ruido - Edumas","og_description":"Agosto 29 &#8211; Cada a\u00f1o, el 29 de agosto, se conmemora el\u00a0D\u00eda Nacional Contra el Ruido, una fecha que busca concienciar a las personas y a todos los establecimientos de industria, comercio y servicios sobre la importancia de mantener un ambiente sano y respetar los niveles de emisi\u00f3n sonora. l ruido es un sonido que [&hellip;]","og_url":"https:\/\/edumas.gov.co\/inicio\/2024\/08\/29\/dia-nacional-contra-el-ruido\/","og_site_name":"Edumas","article_published_time":"2024-08-29T21:26:00+00:00","article_modified_time":"2024-10-18T21:33:09+00:00","og_image":[{"width":1280,"height":600,"url":"https:\/\/edumas.gov.co\/wp-content\/uploads\/2024\/10\/WEB-Fechas-ambientales-2024-4.png","type":"image\/png"}],"author":"edumas","twitter_card":"summary_large_image","twitter_misc":{"Escrito por":"edumas","Tiempo de lectura":"2 minutos"},"schema":{"@context":"https:\/\/schema.org","@graph":[{"@type":"Article","@id":"https:\/\/edumas.gov.co\/inicio\/2024\/08\/29\/dia-nacional-contra-el-ruido\/#article","isPartOf":{"@id":"https:\/\/edumas.gov.co\/inicio\/2024\/08\/29\/dia-nacional-contra-el-ruido\/"},"author":{"name":"edumas","@id":"https:\/\/edumas.gov.co\/inicio\/#\/schema\/person\/e2e82a662fd06864325b88811079b05a"},"headline":"D\u00eda Nacional contra el Ruido","datePublished":"2024-08-29T21:26:00+00:00","dateModified":"2024-10-18T21:33:09+00:00","mainEntityOfPage":{"@id":"https:\/\/edumas.gov.co\/inicio\/2024\/08\/29\/dia-nacional-contra-el-ruido\/"},"wordCount":215,"commentCount":0,"publisher":{"@id":"https:\/\/edumas.gov.co\/inicio\/#organization"},"articleSection":["eventos"],"inLanguage":"es","potentialAction":[{"@type":"CommentAction","name":"Comment","target":["https:\/\/edumas.gov.co\/inicio\/2024\/08\/29\/dia-nacional-contra-el-ruido\/#respond"]}]},{"@type":"WebPage","@id":"https:\/\/edumas.gov.co\/inicio\/2024\/08\/29\/dia-nacional-contra-el-ruido\/","url":"https:\/\/edumas.gov.co\/inicio\/2024\/08\/29\/dia-nacional-contra-el-ruido\/","name":"D\u00eda Nacional contra el Ruido - Edumas","isPartOf":{"@id":"https:\/\/edumas.gov.co\/inicio\/#website"},"datePublished":"2024-08-29T21:26:00+00:00","dateModified":"2024-10-18T21:33:09+00:00","breadcrumb":{"@id":"https:\/\/edumas.gov.co\/inicio\/2024\/08\/29\/dia-nacional-contra-el-ruido\/#breadcrumb"},"inLanguage":"es","potentialAction":[{"@type":"ReadAction","target":["https:\/\/edumas.gov.co\/inicio\/2024\/08\/29\/dia-nacional-contra-el-ruido\/"]}]},{"@type":"BreadcrumbList","@id":"https:\/\/edumas.gov.co\/inicio\/2024\/08\/29\/dia-nacional-contra-el-ruido\/#breadcrumb","itemListElement":[{"@type":"ListItem","position":1,"name":"Portada","item":"https:\/\/edumas.gov.co\/inicio\/"},{"@type":"ListItem","position":2,"name":"D\u00eda Nacional contra el Ruido"}]},{"@type":"WebSite","@id":"https:\/\/edumas.gov.co\/inicio\/#website","url":"https:\/\/edumas.gov.co\/inicio\/","name":"Edumas","description":"Edumas","publisher":{"@id":"https:\/\/edumas.gov.co\/inicio\/#organization"},"potentialAction":[{"@type":"SearchAction","target":{"@type":"EntryPoint","urlTemplate":"https:\/\/edumas.gov.co\/inicio\/?s={search_term_string}"},"query-input":{"@type":"PropertyValueSpecification","valueRequired":true,"valueName":"search_term_string"}}],"inLanguage":"es"},{"@type":"Organization","@id":"https:\/\/edumas.gov.co\/inicio\/#organization","name":"Edumas","url":"https:\/\/edumas.gov.co\/inicio\/","logo":{"@type":"ImageObject","inLanguage":"es","@id":"https:\/\/edumas.gov.co\/inicio\/#\/schema\/logo\/image\/","url":"https:\/\/edumas.gov.co\/wp-content\/uploads\/2024\/10\/Perfil-Instagram-PhotoRoom.png-PhotoRoom.png","contentUrl":"https:\/\/edumas.gov.co\/wp-content\/uploads\/2024\/10\/Perfil-Instagram-PhotoRoom.png-PhotoRoom.png","width":648,"height":233,"caption":"Edumas"},"image":{"@id":"https:\/\/edumas.gov.co\/inicio\/#\/schema\/logo\/image\/"}},{"@type":"Person","@id":"https:\/\/edumas.gov.co\/inicio\/#\/schema\/person\/e2e82a662fd06864325b88811079b05a","name":"edumas","image":{"@type":"ImageObject","inLanguage":"es","@id":"https:\/\/edumas.gov.co\/wp-content\/uploads\/2025\/03\/WhatsApp-Image-2025-03-06-at-12.44.58-PM-150x150.jpeg","url":"https:\/\/edumas.gov.co\/wp-content\/uploads\/2025\/03\/WhatsApp-Image-2025-03-06-at-12.44.58-PM-150x150.jpeg","contentUrl":"https:\/\/edumas.gov.co\/wp-content\/uploads\/2025\/03\/WhatsApp-Image-2025-03-06-at-12.44.58-PM-150x150.jpeg","caption":"edumas"},"sameAs":["https:\/\/test.edumas.gov.co"],"url":"https:\/\/edumas.gov.co\/inicio\/author\/edumas\/"}]}},"_links":{"self":[{"href":"https:\/\/edumas.gov.co\/inicio\/wp-json\/wp\/v2\/posts\/4424","targetHints":{"allow":["GET"]}}],"collection":[{"href":"https:\/\/edumas.gov.co\/inicio\/wp-json\/wp\/v2\/posts"}],"about":[{"href":"https:\/\/edumas.gov.co\/inicio\/wp-json\/wp\/v2\/types\/post"}],"author":[{"embeddable":true,"href":"https:\/\/edumas.gov.co\/inicio\/wp-json\/wp\/v2\/users\/1"}],"replies":[{"embeddable":true,"href":"https:\/\/edumas.gov.co\/inicio\/wp-json\/wp\/v2\/comments?post=4424"}],"version-history":[{"count":1,"href":"https:\/\/edumas.gov.co\/inicio\/wp-json\/wp\/v2\/posts\/4424\/revisions"}],"predecessor-version":[{"id":4425,"href":"https:\/\/edumas.gov.co\/inicio\/wp-json\/wp\/v2\/posts\/4424\/revisions\/4425"}],"wp:attachment":[{"href":"https:\/\/edumas.gov.co\/inicio\/wp-json\/wp\/v2\/media?parent=4424"}],"wp:term":[{"taxonomy":"category","embeddable":true,"href":"https:\/\/edumas.gov.co\/inicio\/wp-json\/wp\/v2\/categories?post=4424"},{"taxonomy":"post_tag","embeddable":true,"href":"https:\/\/edumas.gov.co\/inicio\/wp-json\/wp\/v2\/tags?post=4424"}],"curies":[{"name":"wp","href":"https:\/\/api.w.org\/{rel}","templated":true}]}}