{"id":4539,"date":"2024-10-24T15:37:29","date_gmt":"2024-10-24T15:37:29","guid":{"rendered":"https:\/\/edumas.gov.co\/inicio\/?p=4539"},"modified":"2024-10-25T15:53:04","modified_gmt":"2024-10-25T15:53:04","slug":"plan-piloto-por-una-soledad-limpia-2024-en-normandia","status":"publish","type":"post","link":"https:\/\/edumas.gov.co\/inicio\/2024\/10\/24\/plan-piloto-por-una-soledad-limpia-2024-en-normandia\/","title":{"rendered":"Plan piloto \u201cPor una Soledad limpia 2024\u201d en Normand\u00eda"},"content":{"rendered":"\n<p class=\"wp-block-paragraph\">Por una Soledad limpia 2024\u201d es una iniciativa adelantada por el Establecimiento de Desarrollo Urbano y Medio Ambiente de Soledad \u2013 Edumas, que tiene como objetivo principal articular a diferentes actores sociales en b\u00fasqueda de soluciones a las problem\u00e1ticas ambientales del municipio.<\/p>\n\n\n\n<div class=\"wp-block-media-text is-stacked-on-mobile\"><figure class=\"wp-block-media-text__media\"><img fetchpriority=\"high\" decoding=\"async\" width=\"1024\" height=\"576\" src=\"https:\/\/edumas.gov.co\/wp-content\/uploads\/2024\/10\/WhatsApp-Image-2024-10-24-at-5.02.43-PM-1-1024x576.jpeg\" alt=\"\" class=\"wp-image-4548 size-full\" srcset=\"https:\/\/edumas.gov.co\/wp-content\/uploads\/2024\/10\/WhatsApp-Image-2024-10-24-at-5.02.43-PM-1-1024x576.jpeg 1024w, https:\/\/edumas.gov.co\/wp-content\/uploads\/2024\/10\/WhatsApp-Image-2024-10-24-at-5.02.43-PM-1-300x169.jpeg 300w, https:\/\/edumas.gov.co\/wp-content\/uploads\/2024\/10\/WhatsApp-Image-2024-10-24-at-5.02.43-PM-1-768x432.jpeg 768w, https:\/\/edumas.gov.co\/wp-content\/uploads\/2024\/10\/WhatsApp-Image-2024-10-24-at-5.02.43-PM-1.jpeg 1032w\" sizes=\"(max-width: 1024px) 100vw, 1024px\" \/><\/figure><div class=\"wp-block-media-text__content\">\n<p class=\"wp-block-paragraph\">En el d\u00eda de hoy, el plan piloto lleg\u00f3 al barrio Normand\u00eda en el que se intervino un \u00e1rea p\u00fablica que es utilizada por j\u00f3venes residentes como espacio de recreaci\u00f3n y que se encontraba enmontada y con presencia de residuos s\u00f3lidos; entre otras condiciones.<\/p>\n<\/div><\/div>\n\n\n\n<p class=\"wp-block-paragraph\">Con la participaci\u00f3n de Interaseo, Interventor\u00eda de Aseo, la Guardia Ambiental, la Polic\u00eda Militar del Batall\u00f3n Para\u00edso, l\u00edderes sociales del barrio y el Edumas; se realizaron sensibilizaciones puerta a puerta a los residentes sobre la correcta disposici\u00f3n de los residuos s\u00f3lidos, se cerc\u00f3 el \u00e1rea verde con llantas recicladas y pintadas, se plantaron \u00e1rboles frutales, se instalaron canecas de poste y columpios; brindando as\u00ed, un espacio apto para el disfrute de los residentes.<\/p>\n\n\n\n<div class=\"wp-block-media-text is-stacked-on-mobile\"><figure class=\"wp-block-media-text__media\"><img decoding=\"async\" width=\"1024\" height=\"576\" src=\"https:\/\/edumas.gov.co\/wp-content\/uploads\/2024\/10\/WhatsApp-Image-2024-10-24-at-4.55.28-PM-2-1024x576.jpeg\" alt=\"\" class=\"wp-image-4541 size-full\" srcset=\"https:\/\/edumas.gov.co\/wp-content\/uploads\/2024\/10\/WhatsApp-Image-2024-10-24-at-4.55.28-PM-2-1024x576.jpeg 1024w, https:\/\/edumas.gov.co\/wp-content\/uploads\/2024\/10\/WhatsApp-Image-2024-10-24-at-4.55.28-PM-2-300x169.jpeg 300w, https:\/\/edumas.gov.co\/wp-content\/uploads\/2024\/10\/WhatsApp-Image-2024-10-24-at-4.55.28-PM-2-768x432.jpeg 768w, https:\/\/edumas.gov.co\/wp-content\/uploads\/2024\/10\/WhatsApp-Image-2024-10-24-at-4.55.28-PM-2.jpeg 1600w\" sizes=\"(max-width: 1024px) 100vw, 1024px\" \/><\/figure><div class=\"wp-block-media-text__content\">\n<p class=\"wp-block-paragraph\">La gerente del Edumas, Carolina Correa indica que este piloto inici\u00f3 su implementaci\u00f3n en Ciudad de los Puertos y en los alrededores de la Alcald\u00eda municipal, con una amplia participaci\u00f3n de los l\u00edderes comunales, Estaciones de Clasificaci\u00f3n y Aprovechamiento (ECA), la empresa de aseo, empresas privadas; entre otros.<\/p>\n<\/div><\/div>\n\n\n\n<p class=\"wp-block-paragraph\">En la jornada de Normand\u00eda, se inici\u00f3, adicionalmente, la limpieza con maquinaria pesada del arroyo que atraviesa la zona y cuyos residuos extra\u00eddos tendr\u00e1n una correcta disposici\u00f3n por parte de Interaseo.<\/p>\n\n\n\n<p class=\"wp-block-paragraph\">\u201cPor una Soledad limpia 2024\u201d forma parte de la estrategia general del Edumas \u201cYo quiero Soledad limpia\u201d.<\/p>\n\n\n\n<div class=\"wp-block-jetpack-slideshow aligncenter\" data-effect=\"slide\"><div class=\"wp-block-jetpack-slideshow_container swiper-container\"><ul class=\"wp-block-jetpack-slideshow_swiper-wrapper swiper-wrapper\"><li class=\"wp-block-jetpack-slideshow_slide swiper-slide\"><figure><img decoding=\"async\" alt=\"\" class=\"wp-block-jetpack-slideshow_image wp-image-4553\" data-id=\"4553\" src=\"https:\/\/edumas.gov.co\/wp-content\/uploads\/2024\/10\/WhatsApp-Image-2024-10-24-at-5.02.40-PM.jpeg\"\/><\/figure><\/li><li class=\"wp-block-jetpack-slideshow_slide swiper-slide\"><figure><img decoding=\"async\" alt=\"\" class=\"wp-block-jetpack-slideshow_image wp-image-4552\" data-id=\"4552\" src=\"https:\/\/edumas.gov.co\/wp-content\/uploads\/2024\/10\/WhatsApp-Image-2024-10-24-at-5.02.41-PM.jpeg\"\/><\/figure><\/li><li class=\"wp-block-jetpack-slideshow_slide swiper-slide\"><figure><img decoding=\"async\" alt=\"\" class=\"wp-block-jetpack-slideshow_image wp-image-4551\" data-id=\"4551\" src=\"https:\/\/edumas.gov.co\/wp-content\/uploads\/2024\/10\/WhatsApp-Image-2024-10-24-at-5.02.41-PM-1.jpeg\"\/><\/figure><\/li><li class=\"wp-block-jetpack-slideshow_slide swiper-slide\"><figure><img decoding=\"async\" alt=\"\" class=\"wp-block-jetpack-slideshow_image wp-image-4550\" data-id=\"4550\" src=\"https:\/\/edumas.gov.co\/wp-content\/uploads\/2024\/10\/WhatsApp-Image-2024-10-24-at-5.02.42-PM.jpeg\"\/><\/figure><\/li><li class=\"wp-block-jetpack-slideshow_slide swiper-slide\"><figure><img decoding=\"async\" alt=\"\" class=\"wp-block-jetpack-slideshow_image wp-image-4549\" data-id=\"4549\" src=\"https:\/\/edumas.gov.co\/wp-content\/uploads\/2024\/10\/WhatsApp-Image-2024-10-24-at-5.02.43-PM.jpeg\"\/><\/figure><\/li><li class=\"wp-block-jetpack-slideshow_slide swiper-slide\"><figure><img decoding=\"async\" width=\"720\" height=\"401\" alt=\"\" class=\"wp-block-jetpack-slideshow_image wp-image-4547\" data-id=\"4547\" src=\"https:\/\/edumas.gov.co\/wp-content\/uploads\/2024\/10\/WhatsApp-Image-2024-10-24-at-5.02.44-PM.jpeg\" srcset=\"https:\/\/edumas.gov.co\/wp-content\/uploads\/2024\/10\/WhatsApp-Image-2024-10-24-at-5.02.44-PM.jpeg 720w, https:\/\/edumas.gov.co\/wp-content\/uploads\/2024\/10\/WhatsApp-Image-2024-10-24-at-5.02.44-PM-300x167.jpeg 300w\" sizes=\"(max-width: 720px) 100vw, 720px\" \/><\/figure><\/li><li class=\"wp-block-jetpack-slideshow_slide swiper-slide\"><figure><img loading=\"lazy\" decoding=\"async\" width=\"720\" height=\"400\" alt=\"\" class=\"wp-block-jetpack-slideshow_image wp-image-4546\" data-id=\"4546\" src=\"https:\/\/edumas.gov.co\/wp-content\/uploads\/2024\/10\/WhatsApp-Image-2024-10-24-at-5.02.44-PM-1.jpeg\" srcset=\"https:\/\/edumas.gov.co\/wp-content\/uploads\/2024\/10\/WhatsApp-Image-2024-10-24-at-5.02.44-PM-1.jpeg 720w, https:\/\/edumas.gov.co\/wp-content\/uploads\/2024\/10\/WhatsApp-Image-2024-10-24-at-5.02.44-PM-1-300x167.jpeg 300w\" sizes=\"(max-width: 720px) 100vw, 720px\" \/><\/figure><\/li><li class=\"wp-block-jetpack-slideshow_slide swiper-slide\"><figure><img loading=\"lazy\" decoding=\"async\" width=\"1024\" height=\"576\" alt=\"\" class=\"wp-block-jetpack-slideshow_image wp-image-4545\" data-id=\"4545\" src=\"https:\/\/edumas.gov.co\/wp-content\/uploads\/2024\/10\/WhatsApp-Image-2024-10-24-at-4.55.26-PM-1024x576.jpeg\" srcset=\"https:\/\/edumas.gov.co\/wp-content\/uploads\/2024\/10\/WhatsApp-Image-2024-10-24-at-4.55.26-PM-1024x576.jpeg 1024w, https:\/\/edumas.gov.co\/wp-content\/uploads\/2024\/10\/WhatsApp-Image-2024-10-24-at-4.55.26-PM-300x169.jpeg 300w, https:\/\/edumas.gov.co\/wp-content\/uploads\/2024\/10\/WhatsApp-Image-2024-10-24-at-4.55.26-PM-768x432.jpeg 768w, https:\/\/edumas.gov.co\/wp-content\/uploads\/2024\/10\/WhatsApp-Image-2024-10-24-at-4.55.26-PM.jpeg 1280w\" sizes=\"(max-width: 1024px) 100vw, 1024px\" \/><\/figure><\/li><li class=\"wp-block-jetpack-slideshow_slide swiper-slide\"><figure><img loading=\"lazy\" decoding=\"async\" width=\"1024\" height=\"771\" alt=\"\" class=\"wp-block-jetpack-slideshow_image wp-image-4544\" data-id=\"4544\" src=\"https:\/\/edumas.gov.co\/wp-content\/uploads\/2024\/10\/WhatsApp-Image-2024-10-24-at-4.55.27-PM-1024x771.jpeg\" srcset=\"https:\/\/edumas.gov.co\/wp-content\/uploads\/2024\/10\/WhatsApp-Image-2024-10-24-at-4.55.27-PM-1024x771.jpeg 1024w, https:\/\/edumas.gov.co\/wp-content\/uploads\/2024\/10\/WhatsApp-Image-2024-10-24-at-4.55.27-PM-300x226.jpeg 300w, https:\/\/edumas.gov.co\/wp-content\/uploads\/2024\/10\/WhatsApp-Image-2024-10-24-at-4.55.27-PM-768x578.jpeg 768w, https:\/\/edumas.gov.co\/wp-content\/uploads\/2024\/10\/WhatsApp-Image-2024-10-24-at-4.55.27-PM.jpeg 1600w\" sizes=\"(max-width: 1024px) 100vw, 1024px\" \/><\/figure><\/li><li class=\"wp-block-jetpack-slideshow_slide swiper-slide\"><figure><img loading=\"lazy\" decoding=\"async\" width=\"1024\" height=\"768\" alt=\"\" class=\"wp-block-jetpack-slideshow_image wp-image-4543\" data-id=\"4543\" src=\"https:\/\/edumas.gov.co\/wp-content\/uploads\/2024\/10\/WhatsApp-Image-2024-10-24-at-4.55.28-PM-1024x768.jpeg\" srcset=\"https:\/\/edumas.gov.co\/wp-content\/uploads\/2024\/10\/WhatsApp-Image-2024-10-24-at-4.55.28-PM-1024x768.jpeg 1024w, https:\/\/edumas.gov.co\/wp-content\/uploads\/2024\/10\/WhatsApp-Image-2024-10-24-at-4.55.28-PM-300x225.jpeg 300w, https:\/\/edumas.gov.co\/wp-content\/uploads\/2024\/10\/WhatsApp-Image-2024-10-24-at-4.55.28-PM-768x576.jpeg 768w, https:\/\/edumas.gov.co\/wp-content\/uploads\/2024\/10\/WhatsApp-Image-2024-10-24-at-4.55.28-PM.jpeg 1600w\" sizes=\"(max-width: 1024px) 100vw, 1024px\" \/><\/figure><\/li><li class=\"wp-block-jetpack-slideshow_slide swiper-slide\"><figure><img loading=\"lazy\" decoding=\"async\" width=\"1024\" height=\"768\" alt=\"\" class=\"wp-block-jetpack-slideshow_image wp-image-4542\" data-id=\"4542\" src=\"https:\/\/edumas.gov.co\/wp-content\/uploads\/2024\/10\/WhatsApp-Image-2024-10-24-at-4.55.28-PM-1-1024x768.jpeg\" srcset=\"https:\/\/edumas.gov.co\/wp-content\/uploads\/2024\/10\/WhatsApp-Image-2024-10-24-at-4.55.28-PM-1-1024x768.jpeg 1024w, https:\/\/edumas.gov.co\/wp-content\/uploads\/2024\/10\/WhatsApp-Image-2024-10-24-at-4.55.28-PM-1-300x225.jpeg 300w, https:\/\/edumas.gov.co\/wp-content\/uploads\/2024\/10\/WhatsApp-Image-2024-10-24-at-4.55.28-PM-1-768x576.jpeg 768w, https:\/\/edumas.gov.co\/wp-content\/uploads\/2024\/10\/WhatsApp-Image-2024-10-24-at-4.55.28-PM-1.jpeg 1600w\" sizes=\"(max-width: 1024px) 100vw, 1024px\" \/><\/figure><\/li><li class=\"wp-block-jetpack-slideshow_slide swiper-slide\"><figure><img loading=\"lazy\" decoding=\"async\" width=\"1024\" height=\"576\" alt=\"\" class=\"wp-block-jetpack-slideshow_image wp-image-4541\" data-id=\"4541\" src=\"https:\/\/edumas.gov.co\/wp-content\/uploads\/2024\/10\/WhatsApp-Image-2024-10-24-at-4.55.28-PM-2-1024x576.jpeg\" srcset=\"https:\/\/edumas.gov.co\/wp-content\/uploads\/2024\/10\/WhatsApp-Image-2024-10-24-at-4.55.28-PM-2-1024x576.jpeg 1024w, https:\/\/edumas.gov.co\/wp-content\/uploads\/2024\/10\/WhatsApp-Image-2024-10-24-at-4.55.28-PM-2-300x169.jpeg 300w, https:\/\/edumas.gov.co\/wp-content\/uploads\/2024\/10\/WhatsApp-Image-2024-10-24-at-4.55.28-PM-2-768x432.jpeg 768w, https:\/\/edumas.gov.co\/wp-content\/uploads\/2024\/10\/WhatsApp-Image-2024-10-24-at-4.55.28-PM-2.jpeg 1600w\" sizes=\"(max-width: 1024px) 100vw, 1024px\" \/><\/figure><\/li><li class=\"wp-block-jetpack-slideshow_slide swiper-slide\"><figure><img loading=\"lazy\" decoding=\"async\" width=\"1024\" height=\"576\" alt=\"\" class=\"wp-block-jetpack-slideshow_image wp-image-4540\" data-id=\"4540\" src=\"https:\/\/edumas.gov.co\/wp-content\/uploads\/2024\/10\/WhatsApp-Image-2024-10-24-at-4.55.29-PM-1024x576.jpeg\" srcset=\"https:\/\/edumas.gov.co\/wp-content\/uploads\/2024\/10\/WhatsApp-Image-2024-10-24-at-4.55.29-PM-1024x576.jpeg 1024w, https:\/\/edumas.gov.co\/wp-content\/uploads\/2024\/10\/WhatsApp-Image-2024-10-24-at-4.55.29-PM-300x169.jpeg 300w, https:\/\/edumas.gov.co\/wp-content\/uploads\/2024\/10\/WhatsApp-Image-2024-10-24-at-4.55.29-PM-768x432.jpeg 768w, https:\/\/edumas.gov.co\/wp-content\/uploads\/2024\/10\/WhatsApp-Image-2024-10-24-at-4.55.29-PM.jpeg 1600w\" sizes=\"(max-width: 1024px) 100vw, 1024px\" \/><\/figure><\/li><li class=\"wp-block-jetpack-slideshow_slide swiper-slide\"><figure><img loading=\"lazy\" decoding=\"async\" width=\"1024\" height=\"576\" alt=\"\" class=\"wp-block-jetpack-slideshow_image wp-image-4548\" data-id=\"4548\" src=\"https:\/\/edumas.gov.co\/wp-content\/uploads\/2024\/10\/WhatsApp-Image-2024-10-24-at-5.02.43-PM-1-1024x576.jpeg\" srcset=\"https:\/\/edumas.gov.co\/wp-content\/uploads\/2024\/10\/WhatsApp-Image-2024-10-24-at-5.02.43-PM-1-1024x576.jpeg 1024w, https:\/\/edumas.gov.co\/wp-content\/uploads\/2024\/10\/WhatsApp-Image-2024-10-24-at-5.02.43-PM-1-300x169.jpeg 300w, https:\/\/edumas.gov.co\/wp-content\/uploads\/2024\/10\/WhatsApp-Image-2024-10-24-at-5.02.43-PM-1-768x432.jpeg 768w, https:\/\/edumas.gov.co\/wp-content\/uploads\/2024\/10\/WhatsApp-Image-2024-10-24-at-5.02.43-PM-1.jpeg 1032w\" sizes=\"(max-width: 1024px) 100vw, 1024px\" \/><\/figure><\/li><\/ul><a class=\"wp-block-jetpack-slideshow_button-prev swiper-button-prev swiper-button-white\" role=\"button\"><\/a><a class=\"wp-block-jetpack-slideshow_button-next swiper-button-next swiper-button-white\" role=\"button\"><\/a><a aria-label=\"Pause Slideshow\" class=\"wp-block-jetpack-slideshow_button-pause\" role=\"button\"><\/a><div class=\"wp-block-jetpack-slideshow_pagination swiper-pagination swiper-pagination-white\"><\/div><\/div><\/div>\n","protected":false},"excerpt":{"rendered":"<p>Por una Soledad limpia 2024\u201d es una iniciativa adelantada por el Establecimiento de Desarrollo Urbano y Medio Ambiente de Soledad \u2013 Edumas, que tiene como objetivo principal articular a diferentes actores sociales en b\u00fasqueda de soluciones a las problem\u00e1ticas ambientales del municipio. En el d\u00eda de hoy, el plan piloto lleg\u00f3 al barrio Normand\u00eda en [&hellip;]<\/p>\n","protected":false},"author":1,"featured_media":4551,"comment_status":"open","ping_status":"open","sticky":false,"template":"","format":"standard","meta":{"footnotes":""},"categories":[26],"tags":[],"class_list":["post-4539","post","type-post","status-publish","format-standard","has-post-thumbnail","hentry","category-noticias"],"yoast_head":"<!-- This site is optimized with the Yoast SEO plugin v27.4 - https:\/\/yoast.com\/product\/yoast-seo-wordpress\/ -->\n<title>Plan piloto \u201cPor una Soledad limpia 2024\u201d en Normand\u00eda - Edumas<\/title>\n<meta name=\"robots\" content=\"index, follow, max-snippet:-1, max-image-preview:large, max-video-preview:-1\" \/>\n<link rel=\"canonical\" href=\"https:\/\/edumas.gov.co\/inicio\/2024\/10\/24\/plan-piloto-por-una-soledad-limpia-2024-en-normandia\/\" \/>\n<meta property=\"og:locale\" content=\"es_ES\" \/>\n<meta property=\"og:type\" content=\"article\" \/>\n<meta property=\"og:title\" content=\"Plan piloto \u201cPor una Soledad limpia 2024\u201d en Normand\u00eda - Edumas\" \/>\n<meta property=\"og:description\" content=\"Por una Soledad limpia 2024\u201d es una iniciativa adelantada por el Establecimiento de Desarrollo Urbano y Medio Ambiente de Soledad \u2013 Edumas, que tiene como objetivo principal articular a diferentes actores sociales en b\u00fasqueda de soluciones a las problem\u00e1ticas ambientales del municipio. En el d\u00eda de hoy, el plan piloto lleg\u00f3 al barrio Normand\u00eda en [&hellip;]\" \/>\n<meta property=\"og:url\" content=\"https:\/\/edumas.gov.co\/inicio\/2024\/10\/24\/plan-piloto-por-una-soledad-limpia-2024-en-normandia\/\" \/>\n<meta property=\"og:site_name\" content=\"Edumas\" \/>\n<meta property=\"article:published_time\" content=\"2024-10-24T15:37:29+00:00\" \/>\n<meta property=\"article:modified_time\" content=\"2024-10-25T15:53:04+00:00\" \/>\n<meta property=\"og:image\" content=\"https:\/\/edumas.gov.co\/wp-content\/uploads\/2024\/10\/WhatsApp-Image-2024-10-24-at-5.02.41-PM-1.jpeg\" \/>\n\t<meta property=\"og:image:width\" content=\"1\" \/>\n\t<meta property=\"og:image:height\" content=\"1\" \/>\n\t<meta property=\"og:image:type\" content=\"image\/jpeg\" \/>\n<meta name=\"author\" content=\"edumas\" \/>\n<meta name=\"twitter:card\" content=\"summary_large_image\" \/>\n<meta name=\"twitter:label1\" content=\"Escrito por\" \/>\n\t<meta name=\"twitter:data1\" content=\"edumas\" \/>\n\t<meta name=\"twitter:label2\" content=\"Tiempo de lectura\" \/>\n\t<meta name=\"twitter:data2\" content=\"5 minutos\" \/>\n<script type=\"application\/ld+json\" class=\"yoast-schema-graph\">{\"@context\":\"https:\\\/\\\/schema.org\",\"@graph\":[{\"@type\":\"Article\",\"@id\":\"https:\\\/\\\/edumas.gov.co\\\/inicio\\\/2024\\\/10\\\/24\\\/plan-piloto-por-una-soledad-limpia-2024-en-normandia\\\/#article\",\"isPartOf\":{\"@id\":\"https:\\\/\\\/edumas.gov.co\\\/inicio\\\/2024\\\/10\\\/24\\\/plan-piloto-por-una-soledad-limpia-2024-en-normandia\\\/\"},\"author\":{\"name\":\"edumas\",\"@id\":\"https:\\\/\\\/edumas.gov.co\\\/inicio\\\/#\\\/schema\\\/person\\\/e2e82a662fd06864325b88811079b05a\"},\"headline\":\"Plan piloto \u201cPor una Soledad limpia 2024\u201d en Normand\u00eda\",\"datePublished\":\"2024-10-24T15:37:29+00:00\",\"dateModified\":\"2024-10-25T15:53:04+00:00\",\"mainEntityOfPage\":{\"@id\":\"https:\\\/\\\/edumas.gov.co\\\/inicio\\\/2024\\\/10\\\/24\\\/plan-piloto-por-una-soledad-limpia-2024-en-normandia\\\/\"},\"wordCount\":286,\"commentCount\":0,\"publisher\":{\"@id\":\"https:\\\/\\\/edumas.gov.co\\\/inicio\\\/#organization\"},\"image\":{\"@id\":\"https:\\\/\\\/edumas.gov.co\\\/inicio\\\/2024\\\/10\\\/24\\\/plan-piloto-por-una-soledad-limpia-2024-en-normandia\\\/#primaryimage\"},\"thumbnailUrl\":\"https:\\\/\\\/edumas.gov.co\\\/wp-content\\\/uploads\\\/2024\\\/10\\\/WhatsApp-Image-2024-10-24-at-5.02.41-PM-1.jpeg\",\"articleSection\":[\"noticias\"],\"inLanguage\":\"es\",\"potentialAction\":[{\"@type\":\"CommentAction\",\"name\":\"Comment\",\"target\":[\"https:\\\/\\\/edumas.gov.co\\\/inicio\\\/2024\\\/10\\\/24\\\/plan-piloto-por-una-soledad-limpia-2024-en-normandia\\\/#respond\"]}]},{\"@type\":\"WebPage\",\"@id\":\"https:\\\/\\\/edumas.gov.co\\\/inicio\\\/2024\\\/10\\\/24\\\/plan-piloto-por-una-soledad-limpia-2024-en-normandia\\\/\",\"url\":\"https:\\\/\\\/edumas.gov.co\\\/inicio\\\/2024\\\/10\\\/24\\\/plan-piloto-por-una-soledad-limpia-2024-en-normandia\\\/\",\"name\":\"Plan piloto \u201cPor una Soledad limpia 2024\u201d en Normand\u00eda - Edumas\",\"isPartOf\":{\"@id\":\"https:\\\/\\\/edumas.gov.co\\\/inicio\\\/#website\"},\"primaryImageOfPage\":{\"@id\":\"https:\\\/\\\/edumas.gov.co\\\/inicio\\\/2024\\\/10\\\/24\\\/plan-piloto-por-una-soledad-limpia-2024-en-normandia\\\/#primaryimage\"},\"image\":{\"@id\":\"https:\\\/\\\/edumas.gov.co\\\/inicio\\\/2024\\\/10\\\/24\\\/plan-piloto-por-una-soledad-limpia-2024-en-normandia\\\/#primaryimage\"},\"thumbnailUrl\":\"https:\\\/\\\/edumas.gov.co\\\/wp-content\\\/uploads\\\/2024\\\/10\\\/WhatsApp-Image-2024-10-24-at-5.02.41-PM-1.jpeg\",\"datePublished\":\"2024-10-24T15:37:29+00:00\",\"dateModified\":\"2024-10-25T15:53:04+00:00\",\"breadcrumb\":{\"@id\":\"https:\\\/\\\/edumas.gov.co\\\/inicio\\\/2024\\\/10\\\/24\\\/plan-piloto-por-una-soledad-limpia-2024-en-normandia\\\/#breadcrumb\"},\"inLanguage\":\"es\",\"potentialAction\":[{\"@type\":\"ReadAction\",\"target\":[\"https:\\\/\\\/edumas.gov.co\\\/inicio\\\/2024\\\/10\\\/24\\\/plan-piloto-por-una-soledad-limpia-2024-en-normandia\\\/\"]}]},{\"@type\":\"ImageObject\",\"inLanguage\":\"es\",\"@id\":\"https:\\\/\\\/edumas.gov.co\\\/inicio\\\/2024\\\/10\\\/24\\\/plan-piloto-por-una-soledad-limpia-2024-en-normandia\\\/#primaryimage\",\"url\":\"https:\\\/\\\/edumas.gov.co\\\/wp-content\\\/uploads\\\/2024\\\/10\\\/WhatsApp-Image-2024-10-24-at-5.02.41-PM-1.jpeg\",\"contentUrl\":\"https:\\\/\\\/edumas.gov.co\\\/wp-content\\\/uploads\\\/2024\\\/10\\\/WhatsApp-Image-2024-10-24-at-5.02.41-PM-1.jpeg\"},{\"@type\":\"BreadcrumbList\",\"@id\":\"https:\\\/\\\/edumas.gov.co\\\/inicio\\\/2024\\\/10\\\/24\\\/plan-piloto-por-una-soledad-limpia-2024-en-normandia\\\/#breadcrumb\",\"itemListElement\":[{\"@type\":\"ListItem\",\"position\":1,\"name\":\"Portada\",\"item\":\"https:\\\/\\\/edumas.gov.co\\\/inicio\\\/\"},{\"@type\":\"ListItem\",\"position\":2,\"name\":\"Plan piloto \u201cPor una Soledad limpia 2024\u201d en Normand\u00eda\"}]},{\"@type\":\"WebSite\",\"@id\":\"https:\\\/\\\/edumas.gov.co\\\/inicio\\\/#website\",\"url\":\"https:\\\/\\\/edumas.gov.co\\\/inicio\\\/\",\"name\":\"Edumas\",\"description\":\"Edumas\",\"publisher\":{\"@id\":\"https:\\\/\\\/edumas.gov.co\\\/inicio\\\/#organization\"},\"potentialAction\":[{\"@type\":\"SearchAction\",\"target\":{\"@type\":\"EntryPoint\",\"urlTemplate\":\"https:\\\/\\\/edumas.gov.co\\\/inicio\\\/?s={search_term_string}\"},\"query-input\":{\"@type\":\"PropertyValueSpecification\",\"valueRequired\":true,\"valueName\":\"search_term_string\"}}],\"inLanguage\":\"es\"},{\"@type\":\"Organization\",\"@id\":\"https:\\\/\\\/edumas.gov.co\\\/inicio\\\/#organization\",\"name\":\"Edumas\",\"url\":\"https:\\\/\\\/edumas.gov.co\\\/inicio\\\/\",\"logo\":{\"@type\":\"ImageObject\",\"inLanguage\":\"es\",\"@id\":\"https:\\\/\\\/edumas.gov.co\\\/inicio\\\/#\\\/schema\\\/logo\\\/image\\\/\",\"url\":\"https:\\\/\\\/edumas.gov.co\\\/wp-content\\\/uploads\\\/2024\\\/10\\\/Perfil-Instagram-PhotoRoom.png-PhotoRoom.png\",\"contentUrl\":\"https:\\\/\\\/edumas.gov.co\\\/wp-content\\\/uploads\\\/2024\\\/10\\\/Perfil-Instagram-PhotoRoom.png-PhotoRoom.png\",\"width\":648,\"height\":233,\"caption\":\"Edumas\"},\"image\":{\"@id\":\"https:\\\/\\\/edumas.gov.co\\\/inicio\\\/#\\\/schema\\\/logo\\\/image\\\/\"}},{\"@type\":\"Person\",\"@id\":\"https:\\\/\\\/edumas.gov.co\\\/inicio\\\/#\\\/schema\\\/person\\\/e2e82a662fd06864325b88811079b05a\",\"name\":\"edumas\",\"image\":{\"@type\":\"ImageObject\",\"inLanguage\":\"es\",\"@id\":\"https:\\\/\\\/edumas.gov.co\\\/wp-content\\\/uploads\\\/2025\\\/03\\\/WhatsApp-Image-2025-03-06-at-12.44.58-PM-150x150.jpeg\",\"url\":\"https:\\\/\\\/edumas.gov.co\\\/wp-content\\\/uploads\\\/2025\\\/03\\\/WhatsApp-Image-2025-03-06-at-12.44.58-PM-150x150.jpeg\",\"contentUrl\":\"https:\\\/\\\/edumas.gov.co\\\/wp-content\\\/uploads\\\/2025\\\/03\\\/WhatsApp-Image-2025-03-06-at-12.44.58-PM-150x150.jpeg\",\"caption\":\"edumas\"},\"sameAs\":[\"https:\\\/\\\/test.edumas.gov.co\"],\"url\":\"https:\\\/\\\/edumas.gov.co\\\/inicio\\\/author\\\/edumas\\\/\"}]}<\/script>\n<!-- \/ Yoast SEO plugin. -->","yoast_head_json":{"title":"Plan piloto \u201cPor una Soledad limpia 2024\u201d en Normand\u00eda - Edumas","robots":{"index":"index","follow":"follow","max-snippet":"max-snippet:-1","max-image-preview":"max-image-preview:large","max-video-preview":"max-video-preview:-1"},"canonical":"https:\/\/edumas.gov.co\/inicio\/2024\/10\/24\/plan-piloto-por-una-soledad-limpia-2024-en-normandia\/","og_locale":"es_ES","og_type":"article","og_title":"Plan piloto \u201cPor una Soledad limpia 2024\u201d en Normand\u00eda - Edumas","og_description":"Por una Soledad limpia 2024\u201d es una iniciativa adelantada por el Establecimiento de Desarrollo Urbano y Medio Ambiente de Soledad \u2013 Edumas, que tiene como objetivo principal articular a diferentes actores sociales en b\u00fasqueda de soluciones a las problem\u00e1ticas ambientales del municipio. En el d\u00eda de hoy, el plan piloto lleg\u00f3 al barrio Normand\u00eda en [&hellip;]","og_url":"https:\/\/edumas.gov.co\/inicio\/2024\/10\/24\/plan-piloto-por-una-soledad-limpia-2024-en-normandia\/","og_site_name":"Edumas","article_published_time":"2024-10-24T15:37:29+00:00","article_modified_time":"2024-10-25T15:53:04+00:00","og_image":[{"url":"https:\/\/edumas.gov.co\/wp-content\/uploads\/2024\/10\/WhatsApp-Image-2024-10-24-at-5.02.41-PM-1.jpeg","width":1,"height":1,"type":"image\/jpeg"}],"author":"edumas","twitter_card":"summary_large_image","twitter_misc":{"Escrito por":"edumas","Tiempo de lectura":"5 minutos"},"schema":{"@context":"https:\/\/schema.org","@graph":[{"@type":"Article","@id":"https:\/\/edumas.gov.co\/inicio\/2024\/10\/24\/plan-piloto-por-una-soledad-limpia-2024-en-normandia\/#article","isPartOf":{"@id":"https:\/\/edumas.gov.co\/inicio\/2024\/10\/24\/plan-piloto-por-una-soledad-limpia-2024-en-normandia\/"},"author":{"name":"edumas","@id":"https:\/\/edumas.gov.co\/inicio\/#\/schema\/person\/e2e82a662fd06864325b88811079b05a"},"headline":"Plan piloto \u201cPor una Soledad limpia 2024\u201d en Normand\u00eda","datePublished":"2024-10-24T15:37:29+00:00","dateModified":"2024-10-25T15:53:04+00:00","mainEntityOfPage":{"@id":"https:\/\/edumas.gov.co\/inicio\/2024\/10\/24\/plan-piloto-por-una-soledad-limpia-2024-en-normandia\/"},"wordCount":286,"commentCount":0,"publisher":{"@id":"https:\/\/edumas.gov.co\/inicio\/#organization"},"image":{"@id":"https:\/\/edumas.gov.co\/inicio\/2024\/10\/24\/plan-piloto-por-una-soledad-limpia-2024-en-normandia\/#primaryimage"},"thumbnailUrl":"https:\/\/edumas.gov.co\/wp-content\/uploads\/2024\/10\/WhatsApp-Image-2024-10-24-at-5.02.41-PM-1.jpeg","articleSection":["noticias"],"inLanguage":"es","potentialAction":[{"@type":"CommentAction","name":"Comment","target":["https:\/\/edumas.gov.co\/inicio\/2024\/10\/24\/plan-piloto-por-una-soledad-limpia-2024-en-normandia\/#respond"]}]},{"@type":"WebPage","@id":"https:\/\/edumas.gov.co\/inicio\/2024\/10\/24\/plan-piloto-por-una-soledad-limpia-2024-en-normandia\/","url":"https:\/\/edumas.gov.co\/inicio\/2024\/10\/24\/plan-piloto-por-una-soledad-limpia-2024-en-normandia\/","name":"Plan piloto \u201cPor una Soledad limpia 2024\u201d en Normand\u00eda - Edumas","isPartOf":{"@id":"https:\/\/edumas.gov.co\/inicio\/#website"},"primaryImageOfPage":{"@id":"https:\/\/edumas.gov.co\/inicio\/2024\/10\/24\/plan-piloto-por-una-soledad-limpia-2024-en-normandia\/#primaryimage"},"image":{"@id":"https:\/\/edumas.gov.co\/inicio\/2024\/10\/24\/plan-piloto-por-una-soledad-limpia-2024-en-normandia\/#primaryimage"},"thumbnailUrl":"https:\/\/edumas.gov.co\/wp-content\/uploads\/2024\/10\/WhatsApp-Image-2024-10-24-at-5.02.41-PM-1.jpeg","datePublished":"2024-10-24T15:37:29+00:00","dateModified":"2024-10-25T15:53:04+00:00","breadcrumb":{"@id":"https:\/\/edumas.gov.co\/inicio\/2024\/10\/24\/plan-piloto-por-una-soledad-limpia-2024-en-normandia\/#breadcrumb"},"inLanguage":"es","potentialAction":[{"@type":"ReadAction","target":["https:\/\/edumas.gov.co\/inicio\/2024\/10\/24\/plan-piloto-por-una-soledad-limpia-2024-en-normandia\/"]}]},{"@type":"ImageObject","inLanguage":"es","@id":"https:\/\/edumas.gov.co\/inicio\/2024\/10\/24\/plan-piloto-por-una-soledad-limpia-2024-en-normandia\/#primaryimage","url":"https:\/\/edumas.gov.co\/wp-content\/uploads\/2024\/10\/WhatsApp-Image-2024-10-24-at-5.02.41-PM-1.jpeg","contentUrl":"https:\/\/edumas.gov.co\/wp-content\/uploads\/2024\/10\/WhatsApp-Image-2024-10-24-at-5.02.41-PM-1.jpeg"},{"@type":"BreadcrumbList","@id":"https:\/\/edumas.gov.co\/inicio\/2024\/10\/24\/plan-piloto-por-una-soledad-limpia-2024-en-normandia\/#breadcrumb","itemListElement":[{"@type":"ListItem","position":1,"name":"Portada","item":"https:\/\/edumas.gov.co\/inicio\/"},{"@type":"ListItem","position":2,"name":"Plan piloto \u201cPor una Soledad limpia 2024\u201d en Normand\u00eda"}]},{"@type":"WebSite","@id":"https:\/\/edumas.gov.co\/inicio\/#website","url":"https:\/\/edumas.gov.co\/inicio\/","name":"Edumas","description":"Edumas","publisher":{"@id":"https:\/\/edumas.gov.co\/inicio\/#organization"},"potentialAction":[{"@type":"SearchAction","target":{"@type":"EntryPoint","urlTemplate":"https:\/\/edumas.gov.co\/inicio\/?s={search_term_string}"},"query-input":{"@type":"PropertyValueSpecification","valueRequired":true,"valueName":"search_term_string"}}],"inLanguage":"es"},{"@type":"Organization","@id":"https:\/\/edumas.gov.co\/inicio\/#organization","name":"Edumas","url":"https:\/\/edumas.gov.co\/inicio\/","logo":{"@type":"ImageObject","inLanguage":"es","@id":"https:\/\/edumas.gov.co\/inicio\/#\/schema\/logo\/image\/","url":"https:\/\/edumas.gov.co\/wp-content\/uploads\/2024\/10\/Perfil-Instagram-PhotoRoom.png-PhotoRoom.png","contentUrl":"https:\/\/edumas.gov.co\/wp-content\/uploads\/2024\/10\/Perfil-Instagram-PhotoRoom.png-PhotoRoom.png","width":648,"height":233,"caption":"Edumas"},"image":{"@id":"https:\/\/edumas.gov.co\/inicio\/#\/schema\/logo\/image\/"}},{"@type":"Person","@id":"https:\/\/edumas.gov.co\/inicio\/#\/schema\/person\/e2e82a662fd06864325b88811079b05a","name":"edumas","image":{"@type":"ImageObject","inLanguage":"es","@id":"https:\/\/edumas.gov.co\/wp-content\/uploads\/2025\/03\/WhatsApp-Image-2025-03-06-at-12.44.58-PM-150x150.jpeg","url":"https:\/\/edumas.gov.co\/wp-content\/uploads\/2025\/03\/WhatsApp-Image-2025-03-06-at-12.44.58-PM-150x150.jpeg","contentUrl":"https:\/\/edumas.gov.co\/wp-content\/uploads\/2025\/03\/WhatsApp-Image-2025-03-06-at-12.44.58-PM-150x150.jpeg","caption":"edumas"},"sameAs":["https:\/\/test.edumas.gov.co"],"url":"https:\/\/edumas.gov.co\/inicio\/author\/edumas\/"}]}},"_links":{"self":[{"href":"https:\/\/edumas.gov.co\/inicio\/wp-json\/wp\/v2\/posts\/4539","targetHints":{"allow":["GET"]}}],"collection":[{"href":"https:\/\/edumas.gov.co\/inicio\/wp-json\/wp\/v2\/posts"}],"about":[{"href":"https:\/\/edumas.gov.co\/inicio\/wp-json\/wp\/v2\/types\/post"}],"author":[{"embeddable":true,"href":"https:\/\/edumas.gov.co\/inicio\/wp-json\/wp\/v2\/users\/1"}],"replies":[{"embeddable":true,"href":"https:\/\/edumas.gov.co\/inicio\/wp-json\/wp\/v2\/comments?post=4539"}],"version-history":[{"count":1,"href":"https:\/\/edumas.gov.co\/inicio\/wp-json\/wp\/v2\/posts\/4539\/revisions"}],"predecessor-version":[{"id":4554,"href":"https:\/\/edumas.gov.co\/inicio\/wp-json\/wp\/v2\/posts\/4539\/revisions\/4554"}],"wp:featuredmedia":[{"embeddable":true,"href":"https:\/\/edumas.gov.co\/inicio\/wp-json\/wp\/v2\/media\/4551"}],"wp:attachment":[{"href":"https:\/\/edumas.gov.co\/inicio\/wp-json\/wp\/v2\/media?parent=4539"}],"wp:term":[{"taxonomy":"category","embeddable":true,"href":"https:\/\/edumas.gov.co\/inicio\/wp-json\/wp\/v2\/categories?post=4539"},{"taxonomy":"post_tag","embeddable":true,"href":"https:\/\/edumas.gov.co\/inicio\/wp-json\/wp\/v2\/tags?post=4539"}],"curies":[{"name":"wp","href":"https:\/\/api.w.org\/{rel}","templated":true}]}}