{"id":4568,"date":"2024-10-25T16:57:42","date_gmt":"2024-10-25T16:57:42","guid":{"rendered":"https:\/\/edumas.gov.co\/inicio\/?p=4568"},"modified":"2024-10-28T18:48:26","modified_gmt":"2024-10-28T18:48:26","slug":"en-la-semana-de-la-juventud-el-edumas-presente-en-su-ecoruta","status":"publish","type":"post","link":"https:\/\/edumas.gov.co\/inicio\/2024\/10\/25\/en-la-semana-de-la-juventud-el-edumas-presente-en-su-ecoruta\/","title":{"rendered":"En la Semana de la Juventud, el Edumas presente en su EcoRuta"},"content":{"rendered":"\n<p class=\"wp-block-paragraph\">Como parte de la programaci\u00f3n estipulada por el Concejo de Juventudes para conmemorar su semana insignia, que inici\u00f3 este 24 de octubre y se extiende hasta el 31, el Establecimiento de Desarrollo Urbano y Medio Ambiente de Soledad \u2013 Edumas, apoy\u00f3 la actividad \u201cEcoRuta\u201d que se realiz\u00f3 en la isla de Cabica en el d\u00eda de ayer, y que cont\u00f3, adem\u00e1s, con la participaci\u00f3n de m\u00e1s de 50 estudiantes de los \u00faltimos grados de colegios de Soledad.<\/p>\n\n\n\n<div class=\"wp-block-media-text is-stacked-on-mobile\"><figure class=\"wp-block-media-text__media\"><img decoding=\"async\" src=\"https:\/\/edumas.gov.co\/wp-content\/uploads\/2024\/10\/WhatsApp-Image-2024-10-25-at-3.29.19-PM.jpeg\" alt=\"\" class=\"wp-image-4571 size-full\"\/><\/figure><div class=\"wp-block-media-text__content\">\n<p class=\"wp-block-paragraph\">La ruta ecotur\u00edstica impulsada por el grupo de j\u00f3venes l\u00edderes, convoc\u00f3 tambi\u00e9n a la Polic\u00eda Militar del Batall\u00f3n Para\u00edso de Barranquilla, la Secretar\u00eda de Gobierno, profesores y comunidad en general; quienes ayudaron en la siembra de 100 \u00e1rboles aportados por el cuerpo militar y el Edumas.<\/p>\n<\/div><\/div>\n\n\n\n<p class=\"wp-block-paragraph\">Sergio Var\u00f3n, enlace de Juventud de Soledad, indic\u00f3 que \u201cesta es la generaci\u00f3n que queremos cultivar para que tengan un sentido de pertenencia ambiental por Soledad\u201d. Por su parte, el Sargento Segundo, John Durfay Guerrero Hern\u00e1ndez indic\u00f3 que vienen adelantando un programa de siembras en el territorio como parte de su misi\u00f3n ambiental.<\/p>\n\n\n\n<p class=\"wp-block-paragraph\">El Edumas continuar\u00e1 apoyando estas iniciativas que invitan a las nuevas generaciones a ser agentes de cambio y ejemplo para un desarrollo sostenible y una Soledad m\u00e1s limpia.<\/p>\n\n\n\n<div class=\"wp-block-jetpack-slideshow aligncenter\" data-effect=\"slide\"><div class=\"wp-block-jetpack-slideshow_container swiper-container\"><ul class=\"wp-block-jetpack-slideshow_swiper-wrapper swiper-wrapper\"><li class=\"wp-block-jetpack-slideshow_slide swiper-slide\"><figure><img decoding=\"async\" alt=\"\" class=\"wp-block-jetpack-slideshow_image wp-image-4572\" data-id=\"4572\" src=\"https:\/\/edumas.gov.co\/wp-content\/uploads\/2024\/10\/WhatsApp-Image-2024-10-25-at-3.29.01-PM.jpeg\"\/><\/figure><\/li><li class=\"wp-block-jetpack-slideshow_slide swiper-slide\"><figure><img decoding=\"async\" alt=\"\" class=\"wp-block-jetpack-slideshow_image wp-image-4571\" data-id=\"4571\" src=\"https:\/\/edumas.gov.co\/wp-content\/uploads\/2024\/10\/WhatsApp-Image-2024-10-25-at-3.29.19-PM.jpeg\"\/><\/figure><\/li><li class=\"wp-block-jetpack-slideshow_slide swiper-slide\"><figure><img decoding=\"async\" alt=\"\" class=\"wp-block-jetpack-slideshow_image wp-image-4570\" data-id=\"4570\" src=\"https:\/\/edumas.gov.co\/wp-content\/uploads\/2024\/10\/WhatsApp-Image-2024-10-25-at-3.29.37-PM.jpeg\"\/><\/figure><\/li><li class=\"wp-block-jetpack-slideshow_slide swiper-slide\"><figure><img decoding=\"async\" alt=\"\" class=\"wp-block-jetpack-slideshow_image wp-image-4569\" data-id=\"4569\" src=\"https:\/\/edumas.gov.co\/wp-content\/uploads\/2024\/10\/WhatsApp-Image-2024-10-25-at-3.30.01-PM.jpeg\"\/><\/figure><\/li><\/ul><a class=\"wp-block-jetpack-slideshow_button-prev swiper-button-prev swiper-button-white\" role=\"button\"><\/a><a class=\"wp-block-jetpack-slideshow_button-next swiper-button-next swiper-button-white\" role=\"button\"><\/a><a aria-label=\"Pause Slideshow\" class=\"wp-block-jetpack-slideshow_button-pause\" role=\"button\"><\/a><div class=\"wp-block-jetpack-slideshow_pagination swiper-pagination swiper-pagination-white\"><\/div><\/div><\/div>\n\n\n\n<figure class=\"wp-block-video\"><video height=\"720\" style=\"aspect-ratio: 1280 \/ 720;\" width=\"1280\" controls src=\"https:\/\/edumas.gov.co\/wp-content\/uploads\/2024\/10\/video-Cabica.mp4\"><\/video><\/figure>\n","protected":false},"excerpt":{"rendered":"<p>Como parte de la programaci\u00f3n estipulada por el Concejo de Juventudes para conmemorar su semana insignia, que inici\u00f3 este 24 de octubre y se extiende hasta el 31, el Establecimiento de Desarrollo Urbano y Medio Ambiente de Soledad \u2013 Edumas, apoy\u00f3 la actividad \u201cEcoRuta\u201d que se realiz\u00f3 en la isla de Cabica en el d\u00eda [&hellip;]<\/p>\n","protected":false},"author":1,"featured_media":4569,"comment_status":"open","ping_status":"open","sticky":false,"template":"","format":"standard","meta":{"footnotes":""},"categories":[26],"tags":[],"class_list":["post-4568","post","type-post","status-publish","format-standard","has-post-thumbnail","hentry","category-noticias"],"yoast_head":"<!-- This site is optimized with the Yoast SEO plugin v27.4 - https:\/\/yoast.com\/product\/yoast-seo-wordpress\/ -->\n<title>En la Semana de la Juventud, el Edumas presente en su EcoRuta - Edumas<\/title>\n<meta name=\"robots\" content=\"index, follow, max-snippet:-1, max-image-preview:large, max-video-preview:-1\" \/>\n<link rel=\"canonical\" href=\"https:\/\/edumas.gov.co\/inicio\/2024\/10\/25\/en-la-semana-de-la-juventud-el-edumas-presente-en-su-ecoruta\/\" \/>\n<meta property=\"og:locale\" content=\"es_ES\" \/>\n<meta property=\"og:type\" content=\"article\" \/>\n<meta property=\"og:title\" content=\"En la Semana de la Juventud, el Edumas presente en su EcoRuta - Edumas\" \/>\n<meta property=\"og:description\" content=\"Como parte de la programaci\u00f3n estipulada por el Concejo de Juventudes para conmemorar su semana insignia, que inici\u00f3 este 24 de octubre y se extiende hasta el 31, el Establecimiento de Desarrollo Urbano y Medio Ambiente de Soledad \u2013 Edumas, apoy\u00f3 la actividad \u201cEcoRuta\u201d que se realiz\u00f3 en la isla de Cabica en el d\u00eda [&hellip;]\" \/>\n<meta property=\"og:url\" content=\"https:\/\/edumas.gov.co\/inicio\/2024\/10\/25\/en-la-semana-de-la-juventud-el-edumas-presente-en-su-ecoruta\/\" \/>\n<meta property=\"og:site_name\" content=\"Edumas\" \/>\n<meta property=\"article:published_time\" content=\"2024-10-25T16:57:42+00:00\" \/>\n<meta property=\"article:modified_time\" content=\"2024-10-28T18:48:26+00:00\" \/>\n<meta property=\"og:image\" content=\"https:\/\/edumas.gov.co\/wp-content\/uploads\/2024\/10\/WhatsApp-Image-2024-10-25-at-3.30.01-PM.jpeg\" \/>\n\t<meta property=\"og:image:width\" content=\"1\" \/>\n\t<meta property=\"og:image:height\" content=\"1\" \/>\n\t<meta property=\"og:image:type\" content=\"image\/jpeg\" \/>\n<meta name=\"author\" content=\"edumas\" \/>\n<meta name=\"twitter:card\" content=\"summary_large_image\" \/>\n<meta name=\"twitter:label1\" content=\"Escrito por\" \/>\n\t<meta name=\"twitter:data1\" content=\"edumas\" \/>\n\t<meta name=\"twitter:label2\" content=\"Tiempo de lectura\" \/>\n\t<meta name=\"twitter:data2\" content=\"3 minutos\" \/>\n<script type=\"application\/ld+json\" class=\"yoast-schema-graph\">{\"@context\":\"https:\\\/\\\/schema.org\",\"@graph\":[{\"@type\":\"Article\",\"@id\":\"https:\\\/\\\/edumas.gov.co\\\/inicio\\\/2024\\\/10\\\/25\\\/en-la-semana-de-la-juventud-el-edumas-presente-en-su-ecoruta\\\/#article\",\"isPartOf\":{\"@id\":\"https:\\\/\\\/edumas.gov.co\\\/inicio\\\/2024\\\/10\\\/25\\\/en-la-semana-de-la-juventud-el-edumas-presente-en-su-ecoruta\\\/\"},\"author\":{\"name\":\"edumas\",\"@id\":\"https:\\\/\\\/edumas.gov.co\\\/inicio\\\/#\\\/schema\\\/person\\\/e2e82a662fd06864325b88811079b05a\"},\"headline\":\"En la Semana de la Juventud, el Edumas presente en su EcoRuta\",\"datePublished\":\"2024-10-25T16:57:42+00:00\",\"dateModified\":\"2024-10-28T18:48:26+00:00\",\"mainEntityOfPage\":{\"@id\":\"https:\\\/\\\/edumas.gov.co\\\/inicio\\\/2024\\\/10\\\/25\\\/en-la-semana-de-la-juventud-el-edumas-presente-en-su-ecoruta\\\/\"},\"wordCount\":229,\"commentCount\":0,\"publisher\":{\"@id\":\"https:\\\/\\\/edumas.gov.co\\\/inicio\\\/#organization\"},\"image\":{\"@id\":\"https:\\\/\\\/edumas.gov.co\\\/inicio\\\/2024\\\/10\\\/25\\\/en-la-semana-de-la-juventud-el-edumas-presente-en-su-ecoruta\\\/#primaryimage\"},\"thumbnailUrl\":\"https:\\\/\\\/edumas.gov.co\\\/wp-content\\\/uploads\\\/2024\\\/10\\\/WhatsApp-Image-2024-10-25-at-3.30.01-PM.jpeg\",\"articleSection\":[\"noticias\"],\"inLanguage\":\"es\",\"potentialAction\":[{\"@type\":\"CommentAction\",\"name\":\"Comment\",\"target\":[\"https:\\\/\\\/edumas.gov.co\\\/inicio\\\/2024\\\/10\\\/25\\\/en-la-semana-de-la-juventud-el-edumas-presente-en-su-ecoruta\\\/#respond\"]}]},{\"@type\":\"WebPage\",\"@id\":\"https:\\\/\\\/edumas.gov.co\\\/inicio\\\/2024\\\/10\\\/25\\\/en-la-semana-de-la-juventud-el-edumas-presente-en-su-ecoruta\\\/\",\"url\":\"https:\\\/\\\/edumas.gov.co\\\/inicio\\\/2024\\\/10\\\/25\\\/en-la-semana-de-la-juventud-el-edumas-presente-en-su-ecoruta\\\/\",\"name\":\"En la Semana de la Juventud, el Edumas presente en su EcoRuta - Edumas\",\"isPartOf\":{\"@id\":\"https:\\\/\\\/edumas.gov.co\\\/inicio\\\/#website\"},\"primaryImageOfPage\":{\"@id\":\"https:\\\/\\\/edumas.gov.co\\\/inicio\\\/2024\\\/10\\\/25\\\/en-la-semana-de-la-juventud-el-edumas-presente-en-su-ecoruta\\\/#primaryimage\"},\"image\":{\"@id\":\"https:\\\/\\\/edumas.gov.co\\\/inicio\\\/2024\\\/10\\\/25\\\/en-la-semana-de-la-juventud-el-edumas-presente-en-su-ecoruta\\\/#primaryimage\"},\"thumbnailUrl\":\"https:\\\/\\\/edumas.gov.co\\\/wp-content\\\/uploads\\\/2024\\\/10\\\/WhatsApp-Image-2024-10-25-at-3.30.01-PM.jpeg\",\"datePublished\":\"2024-10-25T16:57:42+00:00\",\"dateModified\":\"2024-10-28T18:48:26+00:00\",\"breadcrumb\":{\"@id\":\"https:\\\/\\\/edumas.gov.co\\\/inicio\\\/2024\\\/10\\\/25\\\/en-la-semana-de-la-juventud-el-edumas-presente-en-su-ecoruta\\\/#breadcrumb\"},\"inLanguage\":\"es\",\"potentialAction\":[{\"@type\":\"ReadAction\",\"target\":[\"https:\\\/\\\/edumas.gov.co\\\/inicio\\\/2024\\\/10\\\/25\\\/en-la-semana-de-la-juventud-el-edumas-presente-en-su-ecoruta\\\/\"]}]},{\"@type\":\"ImageObject\",\"inLanguage\":\"es\",\"@id\":\"https:\\\/\\\/edumas.gov.co\\\/inicio\\\/2024\\\/10\\\/25\\\/en-la-semana-de-la-juventud-el-edumas-presente-en-su-ecoruta\\\/#primaryimage\",\"url\":\"https:\\\/\\\/edumas.gov.co\\\/wp-content\\\/uploads\\\/2024\\\/10\\\/WhatsApp-Image-2024-10-25-at-3.30.01-PM.jpeg\",\"contentUrl\":\"https:\\\/\\\/edumas.gov.co\\\/wp-content\\\/uploads\\\/2024\\\/10\\\/WhatsApp-Image-2024-10-25-at-3.30.01-PM.jpeg\"},{\"@type\":\"BreadcrumbList\",\"@id\":\"https:\\\/\\\/edumas.gov.co\\\/inicio\\\/2024\\\/10\\\/25\\\/en-la-semana-de-la-juventud-el-edumas-presente-en-su-ecoruta\\\/#breadcrumb\",\"itemListElement\":[{\"@type\":\"ListItem\",\"position\":1,\"name\":\"Portada\",\"item\":\"https:\\\/\\\/edumas.gov.co\\\/inicio\\\/\"},{\"@type\":\"ListItem\",\"position\":2,\"name\":\"En la Semana de la Juventud, el Edumas presente en su EcoRuta\"}]},{\"@type\":\"WebSite\",\"@id\":\"https:\\\/\\\/edumas.gov.co\\\/inicio\\\/#website\",\"url\":\"https:\\\/\\\/edumas.gov.co\\\/inicio\\\/\",\"name\":\"Edumas\",\"description\":\"Edumas\",\"publisher\":{\"@id\":\"https:\\\/\\\/edumas.gov.co\\\/inicio\\\/#organization\"},\"potentialAction\":[{\"@type\":\"SearchAction\",\"target\":{\"@type\":\"EntryPoint\",\"urlTemplate\":\"https:\\\/\\\/edumas.gov.co\\\/inicio\\\/?s={search_term_string}\"},\"query-input\":{\"@type\":\"PropertyValueSpecification\",\"valueRequired\":true,\"valueName\":\"search_term_string\"}}],\"inLanguage\":\"es\"},{\"@type\":\"Organization\",\"@id\":\"https:\\\/\\\/edumas.gov.co\\\/inicio\\\/#organization\",\"name\":\"Edumas\",\"url\":\"https:\\\/\\\/edumas.gov.co\\\/inicio\\\/\",\"logo\":{\"@type\":\"ImageObject\",\"inLanguage\":\"es\",\"@id\":\"https:\\\/\\\/edumas.gov.co\\\/inicio\\\/#\\\/schema\\\/logo\\\/image\\\/\",\"url\":\"https:\\\/\\\/edumas.gov.co\\\/wp-content\\\/uploads\\\/2024\\\/10\\\/Perfil-Instagram-PhotoRoom.png-PhotoRoom.png\",\"contentUrl\":\"https:\\\/\\\/edumas.gov.co\\\/wp-content\\\/uploads\\\/2024\\\/10\\\/Perfil-Instagram-PhotoRoom.png-PhotoRoom.png\",\"width\":648,\"height\":233,\"caption\":\"Edumas\"},\"image\":{\"@id\":\"https:\\\/\\\/edumas.gov.co\\\/inicio\\\/#\\\/schema\\\/logo\\\/image\\\/\"}},{\"@type\":\"Person\",\"@id\":\"https:\\\/\\\/edumas.gov.co\\\/inicio\\\/#\\\/schema\\\/person\\\/e2e82a662fd06864325b88811079b05a\",\"name\":\"edumas\",\"image\":{\"@type\":\"ImageObject\",\"inLanguage\":\"es\",\"@id\":\"https:\\\/\\\/edumas.gov.co\\\/wp-content\\\/uploads\\\/2025\\\/03\\\/WhatsApp-Image-2025-03-06-at-12.44.58-PM-150x150.jpeg\",\"url\":\"https:\\\/\\\/edumas.gov.co\\\/wp-content\\\/uploads\\\/2025\\\/03\\\/WhatsApp-Image-2025-03-06-at-12.44.58-PM-150x150.jpeg\",\"contentUrl\":\"https:\\\/\\\/edumas.gov.co\\\/wp-content\\\/uploads\\\/2025\\\/03\\\/WhatsApp-Image-2025-03-06-at-12.44.58-PM-150x150.jpeg\",\"caption\":\"edumas\"},\"sameAs\":[\"https:\\\/\\\/test.edumas.gov.co\"],\"url\":\"https:\\\/\\\/edumas.gov.co\\\/inicio\\\/author\\\/edumas\\\/\"}]}<\/script>\n<!-- \/ Yoast SEO plugin. -->","yoast_head_json":{"title":"En la Semana de la Juventud, el Edumas presente en su EcoRuta - Edumas","robots":{"index":"index","follow":"follow","max-snippet":"max-snippet:-1","max-image-preview":"max-image-preview:large","max-video-preview":"max-video-preview:-1"},"canonical":"https:\/\/edumas.gov.co\/inicio\/2024\/10\/25\/en-la-semana-de-la-juventud-el-edumas-presente-en-su-ecoruta\/","og_locale":"es_ES","og_type":"article","og_title":"En la Semana de la Juventud, el Edumas presente en su EcoRuta - Edumas","og_description":"Como parte de la programaci\u00f3n estipulada por el Concejo de Juventudes para conmemorar su semana insignia, que inici\u00f3 este 24 de octubre y se extiende hasta el 31, el Establecimiento de Desarrollo Urbano y Medio Ambiente de Soledad \u2013 Edumas, apoy\u00f3 la actividad \u201cEcoRuta\u201d que se realiz\u00f3 en la isla de Cabica en el d\u00eda [&hellip;]","og_url":"https:\/\/edumas.gov.co\/inicio\/2024\/10\/25\/en-la-semana-de-la-juventud-el-edumas-presente-en-su-ecoruta\/","og_site_name":"Edumas","article_published_time":"2024-10-25T16:57:42+00:00","article_modified_time":"2024-10-28T18:48:26+00:00","og_image":[{"url":"https:\/\/edumas.gov.co\/wp-content\/uploads\/2024\/10\/WhatsApp-Image-2024-10-25-at-3.30.01-PM.jpeg","width":1,"height":1,"type":"image\/jpeg"}],"author":"edumas","twitter_card":"summary_large_image","twitter_misc":{"Escrito por":"edumas","Tiempo de lectura":"3 minutos"},"schema":{"@context":"https:\/\/schema.org","@graph":[{"@type":"Article","@id":"https:\/\/edumas.gov.co\/inicio\/2024\/10\/25\/en-la-semana-de-la-juventud-el-edumas-presente-en-su-ecoruta\/#article","isPartOf":{"@id":"https:\/\/edumas.gov.co\/inicio\/2024\/10\/25\/en-la-semana-de-la-juventud-el-edumas-presente-en-su-ecoruta\/"},"author":{"name":"edumas","@id":"https:\/\/edumas.gov.co\/inicio\/#\/schema\/person\/e2e82a662fd06864325b88811079b05a"},"headline":"En la Semana de la Juventud, el Edumas presente en su EcoRuta","datePublished":"2024-10-25T16:57:42+00:00","dateModified":"2024-10-28T18:48:26+00:00","mainEntityOfPage":{"@id":"https:\/\/edumas.gov.co\/inicio\/2024\/10\/25\/en-la-semana-de-la-juventud-el-edumas-presente-en-su-ecoruta\/"},"wordCount":229,"commentCount":0,"publisher":{"@id":"https:\/\/edumas.gov.co\/inicio\/#organization"},"image":{"@id":"https:\/\/edumas.gov.co\/inicio\/2024\/10\/25\/en-la-semana-de-la-juventud-el-edumas-presente-en-su-ecoruta\/#primaryimage"},"thumbnailUrl":"https:\/\/edumas.gov.co\/wp-content\/uploads\/2024\/10\/WhatsApp-Image-2024-10-25-at-3.30.01-PM.jpeg","articleSection":["noticias"],"inLanguage":"es","potentialAction":[{"@type":"CommentAction","name":"Comment","target":["https:\/\/edumas.gov.co\/inicio\/2024\/10\/25\/en-la-semana-de-la-juventud-el-edumas-presente-en-su-ecoruta\/#respond"]}]},{"@type":"WebPage","@id":"https:\/\/edumas.gov.co\/inicio\/2024\/10\/25\/en-la-semana-de-la-juventud-el-edumas-presente-en-su-ecoruta\/","url":"https:\/\/edumas.gov.co\/inicio\/2024\/10\/25\/en-la-semana-de-la-juventud-el-edumas-presente-en-su-ecoruta\/","name":"En la Semana de la Juventud, el Edumas presente en su EcoRuta - Edumas","isPartOf":{"@id":"https:\/\/edumas.gov.co\/inicio\/#website"},"primaryImageOfPage":{"@id":"https:\/\/edumas.gov.co\/inicio\/2024\/10\/25\/en-la-semana-de-la-juventud-el-edumas-presente-en-su-ecoruta\/#primaryimage"},"image":{"@id":"https:\/\/edumas.gov.co\/inicio\/2024\/10\/25\/en-la-semana-de-la-juventud-el-edumas-presente-en-su-ecoruta\/#primaryimage"},"thumbnailUrl":"https:\/\/edumas.gov.co\/wp-content\/uploads\/2024\/10\/WhatsApp-Image-2024-10-25-at-3.30.01-PM.jpeg","datePublished":"2024-10-25T16:57:42+00:00","dateModified":"2024-10-28T18:48:26+00:00","breadcrumb":{"@id":"https:\/\/edumas.gov.co\/inicio\/2024\/10\/25\/en-la-semana-de-la-juventud-el-edumas-presente-en-su-ecoruta\/#breadcrumb"},"inLanguage":"es","potentialAction":[{"@type":"ReadAction","target":["https:\/\/edumas.gov.co\/inicio\/2024\/10\/25\/en-la-semana-de-la-juventud-el-edumas-presente-en-su-ecoruta\/"]}]},{"@type":"ImageObject","inLanguage":"es","@id":"https:\/\/edumas.gov.co\/inicio\/2024\/10\/25\/en-la-semana-de-la-juventud-el-edumas-presente-en-su-ecoruta\/#primaryimage","url":"https:\/\/edumas.gov.co\/wp-content\/uploads\/2024\/10\/WhatsApp-Image-2024-10-25-at-3.30.01-PM.jpeg","contentUrl":"https:\/\/edumas.gov.co\/wp-content\/uploads\/2024\/10\/WhatsApp-Image-2024-10-25-at-3.30.01-PM.jpeg"},{"@type":"BreadcrumbList","@id":"https:\/\/edumas.gov.co\/inicio\/2024\/10\/25\/en-la-semana-de-la-juventud-el-edumas-presente-en-su-ecoruta\/#breadcrumb","itemListElement":[{"@type":"ListItem","position":1,"name":"Portada","item":"https:\/\/edumas.gov.co\/inicio\/"},{"@type":"ListItem","position":2,"name":"En la Semana de la Juventud, el Edumas presente en su EcoRuta"}]},{"@type":"WebSite","@id":"https:\/\/edumas.gov.co\/inicio\/#website","url":"https:\/\/edumas.gov.co\/inicio\/","name":"Edumas","description":"Edumas","publisher":{"@id":"https:\/\/edumas.gov.co\/inicio\/#organization"},"potentialAction":[{"@type":"SearchAction","target":{"@type":"EntryPoint","urlTemplate":"https:\/\/edumas.gov.co\/inicio\/?s={search_term_string}"},"query-input":{"@type":"PropertyValueSpecification","valueRequired":true,"valueName":"search_term_string"}}],"inLanguage":"es"},{"@type":"Organization","@id":"https:\/\/edumas.gov.co\/inicio\/#organization","name":"Edumas","url":"https:\/\/edumas.gov.co\/inicio\/","logo":{"@type":"ImageObject","inLanguage":"es","@id":"https:\/\/edumas.gov.co\/inicio\/#\/schema\/logo\/image\/","url":"https:\/\/edumas.gov.co\/wp-content\/uploads\/2024\/10\/Perfil-Instagram-PhotoRoom.png-PhotoRoom.png","contentUrl":"https:\/\/edumas.gov.co\/wp-content\/uploads\/2024\/10\/Perfil-Instagram-PhotoRoom.png-PhotoRoom.png","width":648,"height":233,"caption":"Edumas"},"image":{"@id":"https:\/\/edumas.gov.co\/inicio\/#\/schema\/logo\/image\/"}},{"@type":"Person","@id":"https:\/\/edumas.gov.co\/inicio\/#\/schema\/person\/e2e82a662fd06864325b88811079b05a","name":"edumas","image":{"@type":"ImageObject","inLanguage":"es","@id":"https:\/\/edumas.gov.co\/wp-content\/uploads\/2025\/03\/WhatsApp-Image-2025-03-06-at-12.44.58-PM-150x150.jpeg","url":"https:\/\/edumas.gov.co\/wp-content\/uploads\/2025\/03\/WhatsApp-Image-2025-03-06-at-12.44.58-PM-150x150.jpeg","contentUrl":"https:\/\/edumas.gov.co\/wp-content\/uploads\/2025\/03\/WhatsApp-Image-2025-03-06-at-12.44.58-PM-150x150.jpeg","caption":"edumas"},"sameAs":["https:\/\/test.edumas.gov.co"],"url":"https:\/\/edumas.gov.co\/inicio\/author\/edumas\/"}]}},"_links":{"self":[{"href":"https:\/\/edumas.gov.co\/inicio\/wp-json\/wp\/v2\/posts\/4568","targetHints":{"allow":["GET"]}}],"collection":[{"href":"https:\/\/edumas.gov.co\/inicio\/wp-json\/wp\/v2\/posts"}],"about":[{"href":"https:\/\/edumas.gov.co\/inicio\/wp-json\/wp\/v2\/types\/post"}],"author":[{"embeddable":true,"href":"https:\/\/edumas.gov.co\/inicio\/wp-json\/wp\/v2\/users\/1"}],"replies":[{"embeddable":true,"href":"https:\/\/edumas.gov.co\/inicio\/wp-json\/wp\/v2\/comments?post=4568"}],"version-history":[{"count":2,"href":"https:\/\/edumas.gov.co\/inicio\/wp-json\/wp\/v2\/posts\/4568\/revisions"}],"predecessor-version":[{"id":4576,"href":"https:\/\/edumas.gov.co\/inicio\/wp-json\/wp\/v2\/posts\/4568\/revisions\/4576"}],"wp:featuredmedia":[{"embeddable":true,"href":"https:\/\/edumas.gov.co\/inicio\/wp-json\/wp\/v2\/media\/4569"}],"wp:attachment":[{"href":"https:\/\/edumas.gov.co\/inicio\/wp-json\/wp\/v2\/media?parent=4568"}],"wp:term":[{"taxonomy":"category","embeddable":true,"href":"https:\/\/edumas.gov.co\/inicio\/wp-json\/wp\/v2\/categories?post=4568"},{"taxonomy":"post_tag","embeddable":true,"href":"https:\/\/edumas.gov.co\/inicio\/wp-json\/wp\/v2\/tags?post=4568"}],"curies":[{"name":"wp","href":"https:\/\/api.w.org\/{rel}","templated":true}]}}