{"id":4671,"date":"2024-11-06T16:33:44","date_gmt":"2024-11-06T16:33:44","guid":{"rendered":"https:\/\/edumas.gov.co\/inicio\/?p=4671"},"modified":"2024-11-06T16:33:48","modified_gmt":"2024-11-06T16:33:48","slug":"recorrido-de-inspeccion-en-la-malla-perimetral-del-aeropuerto-por-presencia-de-fauna","status":"publish","type":"post","link":"https:\/\/edumas.gov.co\/inicio\/2024\/11\/06\/recorrido-de-inspeccion-en-la-malla-perimetral-del-aeropuerto-por-presencia-de-fauna\/","title":{"rendered":"Recorrido de inspecci\u00f3n en la malla perimetral del Aeropuerto por presencia de fauna"},"content":{"rendered":"\n<p class=\"wp-block-paragraph\">Junto a la Aeron\u00e1utica Civil, se convoc\u00f3 y realiz\u00f3 un recorrido de inspecci\u00f3n y diagn\u00f3stico de los puntos que se han convertido en \u00e1reas atractivas para la proliferaci\u00f3n de fauna en las inmediaciones de la malla perimetral del Aeropuerto Internacional Ernesto Cortissoz, tanto en las zonas que comprenden el municipio de Soledad, as\u00ed como las que se encuentran en el municipio de Malambo.<\/p>\n\n\n\n<p class=\"wp-block-paragraph\">La inspecci\u00f3n cont\u00f3 con la Corporaci\u00f3n Regional Aut\u00f3noma del Atl\u00e1ntico &#8211; CRA, la Super Servicios, Interaseo, las Secretar\u00edas de Planeaci\u00f3n y de Gobierno de Soledad, representantes de la alcald\u00eda de Malambo y los l\u00edderes comunales de los barrios, Ciudad Para\u00edso, Renacer y Villa del Rey de Soledad, vecinos a la operaci\u00f3n a\u00e9rea.<\/p>\n\n\n\n<div class=\"wp-block-media-text is-stacked-on-mobile\"><figure class=\"wp-block-media-text__media\"><img decoding=\"async\" src=\"https:\/\/edumas.gov.co\/wp-content\/uploads\/2024\/11\/WhatsApp-Image-2024-11-06-at-10.34.25-AM-2.jpeg\" alt=\"\" class=\"wp-image-4675 size-full\"\/><\/figure><div class=\"wp-block-media-text__content\">\n<p class=\"wp-block-paragraph\">A partir de la incorrecta disposici\u00f3n de residuos en la malla perimetral del aeropuerto por parte de ilegales, y con ello, la presencia de fauna como aves, roedores, serpientes; entre otros, se estableci\u00f3 un plan de acci\u00f3n que se viene ejecutando acorde a las competencias de los entes vinculados, y en el cual se contempla este tipo de inspecciones que conllevan a la limpieza de dichas \u00e1reas.<\/p>\n<\/div><\/div>\n\n\n\n<p class=\"wp-block-paragraph\">\u201cEl Edumas ha venido articulando a los diferentes actores relacionados con la problem\u00e1tica de residuos que compromete la seguridad de la operaci\u00f3n a\u00e9rea. Adelantamos con la CRA un proceso administrativo al propietario del lote ubicado en la cabecera 23 que result\u00f3 en la limpieza con maquinaria pesada, se ha logrado el despeje de otras zonas aleda\u00f1as, la limpieza del ca\u00f1o de Soledad y un trabajo de sensibilizaciones con las comunidades vecinas y recolectores informales; entre otros logros\u201d, indic\u00f3 Carolina Correa, gerente del Edumas.<\/p>\n\n\n\n<p class=\"wp-block-paragraph\">La administraci\u00f3n de la Alcald\u00eda de Soledad, a trav\u00e9s del Edumas, contin\u00faa el seguimiento e implementaci\u00f3n de las acciones de mitigaci\u00f3n encaminadas al mejoramiento de las condiciones ambientales en las inmediaciones del Aeropuerto Internacional Ernesto Cortissoz.<\/p>\n\n\n\n<div class=\"wp-block-jetpack-slideshow aligncenter\" data-effect=\"slide\"><div class=\"wp-block-jetpack-slideshow_container swiper-container\"><ul class=\"wp-block-jetpack-slideshow_swiper-wrapper swiper-wrapper\"><li class=\"wp-block-jetpack-slideshow_slide swiper-slide\"><figure><img decoding=\"async\" alt=\"\" class=\"wp-block-jetpack-slideshow_image wp-image-4676\" data-id=\"4676\" src=\"https:\/\/edumas.gov.co\/wp-content\/uploads\/2024\/11\/WhatsApp-Image-2024-11-06-at-10.34.25-AM-1.jpeg\"\/><\/figure><\/li><li class=\"wp-block-jetpack-slideshow_slide swiper-slide\"><figure><img decoding=\"async\" alt=\"\" class=\"wp-block-jetpack-slideshow_image wp-image-4674\" data-id=\"4674\" src=\"https:\/\/edumas.gov.co\/wp-content\/uploads\/2024\/11\/WhatsApp-Image-2024-11-06-at-10.34.26-AM.jpeg\"\/><\/figure><\/li><li class=\"wp-block-jetpack-slideshow_slide swiper-slide\"><figure><img decoding=\"async\" alt=\"\" class=\"wp-block-jetpack-slideshow_image wp-image-4675\" data-id=\"4675\" src=\"https:\/\/edumas.gov.co\/wp-content\/uploads\/2024\/11\/WhatsApp-Image-2024-11-06-at-10.34.25-AM-2.jpeg\"\/><\/figure><\/li><li class=\"wp-block-jetpack-slideshow_slide swiper-slide\"><figure><img decoding=\"async\" alt=\"\" class=\"wp-block-jetpack-slideshow_image wp-image-4673\" data-id=\"4673\" src=\"https:\/\/edumas.gov.co\/wp-content\/uploads\/2024\/11\/WhatsApp-Image-2024-11-06-at-10.34.26-AM-1.jpeg\"\/><\/figure><\/li><li class=\"wp-block-jetpack-slideshow_slide swiper-slide\"><figure><img decoding=\"async\" alt=\"\" class=\"wp-block-jetpack-slideshow_image wp-image-4672\" data-id=\"4672\" src=\"https:\/\/edumas.gov.co\/wp-content\/uploads\/2024\/11\/WhatsApp-Image-2024-11-06-at-10.34.27-AM.jpeg\"\/><\/figure><\/li><\/ul><a class=\"wp-block-jetpack-slideshow_button-prev swiper-button-prev swiper-button-white\" role=\"button\"><\/a><a class=\"wp-block-jetpack-slideshow_button-next swiper-button-next swiper-button-white\" role=\"button\"><\/a><a aria-label=\"Pause Slideshow\" class=\"wp-block-jetpack-slideshow_button-pause\" role=\"button\"><\/a><div class=\"wp-block-jetpack-slideshow_pagination swiper-pagination swiper-pagination-white\"><\/div><\/div><\/div>\n\n\n\n<figure class=\"wp-block-video\"><video height=\"720\" style=\"aspect-ratio: 1280 \/ 720;\" width=\"1280\" controls src=\"https:\/\/edumas.gov.co\/wp-content\/uploads\/2024\/11\/WhatsApp-Video-2024-11-06-at-10.51.14-AM.mp4\"><\/video><\/figure>\n","protected":false},"excerpt":{"rendered":"<p>Junto a la Aeron\u00e1utica Civil, se convoc\u00f3 y realiz\u00f3 un recorrido de inspecci\u00f3n y diagn\u00f3stico de los puntos que se han convertido en \u00e1reas atractivas para la proliferaci\u00f3n de fauna en las inmediaciones de la malla perimetral del Aeropuerto Internacional Ernesto Cortissoz, tanto en las zonas que comprenden el municipio de Soledad, as\u00ed como las [&hellip;]<\/p>\n","protected":false},"author":1,"featured_media":4672,"comment_status":"open","ping_status":"open","sticky":false,"template":"","format":"standard","meta":{"footnotes":""},"categories":[26],"tags":[],"class_list":["post-4671","post","type-post","status-publish","format-standard","has-post-thumbnail","hentry","category-noticias"],"yoast_head":"<!-- This site is optimized with the Yoast SEO plugin v27.4 - https:\/\/yoast.com\/product\/yoast-seo-wordpress\/ -->\n<title>Recorrido de inspecci\u00f3n en la malla perimetral del Aeropuerto por presencia de fauna - Edumas<\/title>\n<meta name=\"robots\" content=\"index, follow, max-snippet:-1, max-image-preview:large, max-video-preview:-1\" \/>\n<link rel=\"canonical\" href=\"https:\/\/edumas.gov.co\/inicio\/2024\/11\/06\/recorrido-de-inspeccion-en-la-malla-perimetral-del-aeropuerto-por-presencia-de-fauna\/\" \/>\n<meta property=\"og:locale\" content=\"es_ES\" \/>\n<meta property=\"og:type\" content=\"article\" \/>\n<meta property=\"og:title\" content=\"Recorrido de inspecci\u00f3n en la malla perimetral del Aeropuerto por presencia de fauna - Edumas\" \/>\n<meta property=\"og:description\" content=\"Junto a la Aeron\u00e1utica Civil, se convoc\u00f3 y realiz\u00f3 un recorrido de inspecci\u00f3n y diagn\u00f3stico de los puntos que se han convertido en \u00e1reas atractivas para la proliferaci\u00f3n de fauna en las inmediaciones de la malla perimetral del Aeropuerto Internacional Ernesto Cortissoz, tanto en las zonas que comprenden el municipio de Soledad, as\u00ed como las [&hellip;]\" \/>\n<meta property=\"og:url\" content=\"https:\/\/edumas.gov.co\/inicio\/2024\/11\/06\/recorrido-de-inspeccion-en-la-malla-perimetral-del-aeropuerto-por-presencia-de-fauna\/\" \/>\n<meta property=\"og:site_name\" content=\"Edumas\" \/>\n<meta property=\"article:published_time\" content=\"2024-11-06T16:33:44+00:00\" \/>\n<meta property=\"article:modified_time\" content=\"2024-11-06T16:33:48+00:00\" \/>\n<meta property=\"og:image\" content=\"https:\/\/edumas.gov.co\/wp-content\/uploads\/2024\/11\/WhatsApp-Image-2024-11-06-at-10.34.27-AM.jpeg\" \/>\n\t<meta property=\"og:image:width\" content=\"1\" \/>\n\t<meta property=\"og:image:height\" content=\"1\" \/>\n\t<meta property=\"og:image:type\" content=\"image\/jpeg\" \/>\n<meta name=\"author\" content=\"edumas\" \/>\n<meta name=\"twitter:card\" content=\"summary_large_image\" \/>\n<meta name=\"twitter:label1\" content=\"Escrito por\" \/>\n\t<meta name=\"twitter:data1\" content=\"edumas\" \/>\n\t<meta name=\"twitter:label2\" content=\"Tiempo de lectura\" \/>\n\t<meta name=\"twitter:data2\" content=\"3 minutos\" \/>\n<script type=\"application\/ld+json\" class=\"yoast-schema-graph\">{\"@context\":\"https:\\\/\\\/schema.org\",\"@graph\":[{\"@type\":\"Article\",\"@id\":\"https:\\\/\\\/edumas.gov.co\\\/inicio\\\/2024\\\/11\\\/06\\\/recorrido-de-inspeccion-en-la-malla-perimetral-del-aeropuerto-por-presencia-de-fauna\\\/#article\",\"isPartOf\":{\"@id\":\"https:\\\/\\\/edumas.gov.co\\\/inicio\\\/2024\\\/11\\\/06\\\/recorrido-de-inspeccion-en-la-malla-perimetral-del-aeropuerto-por-presencia-de-fauna\\\/\"},\"author\":{\"name\":\"edumas\",\"@id\":\"https:\\\/\\\/edumas.gov.co\\\/inicio\\\/#\\\/schema\\\/person\\\/e2e82a662fd06864325b88811079b05a\"},\"headline\":\"Recorrido de inspecci\u00f3n en la malla perimetral del Aeropuerto por presencia de fauna\",\"datePublished\":\"2024-11-06T16:33:44+00:00\",\"dateModified\":\"2024-11-06T16:33:48+00:00\",\"mainEntityOfPage\":{\"@id\":\"https:\\\/\\\/edumas.gov.co\\\/inicio\\\/2024\\\/11\\\/06\\\/recorrido-de-inspeccion-en-la-malla-perimetral-del-aeropuerto-por-presencia-de-fauna\\\/\"},\"wordCount\":342,\"commentCount\":0,\"publisher\":{\"@id\":\"https:\\\/\\\/edumas.gov.co\\\/inicio\\\/#organization\"},\"image\":{\"@id\":\"https:\\\/\\\/edumas.gov.co\\\/inicio\\\/2024\\\/11\\\/06\\\/recorrido-de-inspeccion-en-la-malla-perimetral-del-aeropuerto-por-presencia-de-fauna\\\/#primaryimage\"},\"thumbnailUrl\":\"https:\\\/\\\/edumas.gov.co\\\/wp-content\\\/uploads\\\/2024\\\/11\\\/WhatsApp-Image-2024-11-06-at-10.34.27-AM.jpeg\",\"articleSection\":[\"noticias\"],\"inLanguage\":\"es\",\"potentialAction\":[{\"@type\":\"CommentAction\",\"name\":\"Comment\",\"target\":[\"https:\\\/\\\/edumas.gov.co\\\/inicio\\\/2024\\\/11\\\/06\\\/recorrido-de-inspeccion-en-la-malla-perimetral-del-aeropuerto-por-presencia-de-fauna\\\/#respond\"]}]},{\"@type\":\"WebPage\",\"@id\":\"https:\\\/\\\/edumas.gov.co\\\/inicio\\\/2024\\\/11\\\/06\\\/recorrido-de-inspeccion-en-la-malla-perimetral-del-aeropuerto-por-presencia-de-fauna\\\/\",\"url\":\"https:\\\/\\\/edumas.gov.co\\\/inicio\\\/2024\\\/11\\\/06\\\/recorrido-de-inspeccion-en-la-malla-perimetral-del-aeropuerto-por-presencia-de-fauna\\\/\",\"name\":\"Recorrido de inspecci\u00f3n en la malla perimetral del Aeropuerto por presencia de fauna - Edumas\",\"isPartOf\":{\"@id\":\"https:\\\/\\\/edumas.gov.co\\\/inicio\\\/#website\"},\"primaryImageOfPage\":{\"@id\":\"https:\\\/\\\/edumas.gov.co\\\/inicio\\\/2024\\\/11\\\/06\\\/recorrido-de-inspeccion-en-la-malla-perimetral-del-aeropuerto-por-presencia-de-fauna\\\/#primaryimage\"},\"image\":{\"@id\":\"https:\\\/\\\/edumas.gov.co\\\/inicio\\\/2024\\\/11\\\/06\\\/recorrido-de-inspeccion-en-la-malla-perimetral-del-aeropuerto-por-presencia-de-fauna\\\/#primaryimage\"},\"thumbnailUrl\":\"https:\\\/\\\/edumas.gov.co\\\/wp-content\\\/uploads\\\/2024\\\/11\\\/WhatsApp-Image-2024-11-06-at-10.34.27-AM.jpeg\",\"datePublished\":\"2024-11-06T16:33:44+00:00\",\"dateModified\":\"2024-11-06T16:33:48+00:00\",\"breadcrumb\":{\"@id\":\"https:\\\/\\\/edumas.gov.co\\\/inicio\\\/2024\\\/11\\\/06\\\/recorrido-de-inspeccion-en-la-malla-perimetral-del-aeropuerto-por-presencia-de-fauna\\\/#breadcrumb\"},\"inLanguage\":\"es\",\"potentialAction\":[{\"@type\":\"ReadAction\",\"target\":[\"https:\\\/\\\/edumas.gov.co\\\/inicio\\\/2024\\\/11\\\/06\\\/recorrido-de-inspeccion-en-la-malla-perimetral-del-aeropuerto-por-presencia-de-fauna\\\/\"]}]},{\"@type\":\"ImageObject\",\"inLanguage\":\"es\",\"@id\":\"https:\\\/\\\/edumas.gov.co\\\/inicio\\\/2024\\\/11\\\/06\\\/recorrido-de-inspeccion-en-la-malla-perimetral-del-aeropuerto-por-presencia-de-fauna\\\/#primaryimage\",\"url\":\"https:\\\/\\\/edumas.gov.co\\\/wp-content\\\/uploads\\\/2024\\\/11\\\/WhatsApp-Image-2024-11-06-at-10.34.27-AM.jpeg\",\"contentUrl\":\"https:\\\/\\\/edumas.gov.co\\\/wp-content\\\/uploads\\\/2024\\\/11\\\/WhatsApp-Image-2024-11-06-at-10.34.27-AM.jpeg\"},{\"@type\":\"BreadcrumbList\",\"@id\":\"https:\\\/\\\/edumas.gov.co\\\/inicio\\\/2024\\\/11\\\/06\\\/recorrido-de-inspeccion-en-la-malla-perimetral-del-aeropuerto-por-presencia-de-fauna\\\/#breadcrumb\",\"itemListElement\":[{\"@type\":\"ListItem\",\"position\":1,\"name\":\"Portada\",\"item\":\"https:\\\/\\\/edumas.gov.co\\\/inicio\\\/\"},{\"@type\":\"ListItem\",\"position\":2,\"name\":\"Recorrido de inspecci\u00f3n en la malla perimetral del Aeropuerto por presencia de fauna\"}]},{\"@type\":\"WebSite\",\"@id\":\"https:\\\/\\\/edumas.gov.co\\\/inicio\\\/#website\",\"url\":\"https:\\\/\\\/edumas.gov.co\\\/inicio\\\/\",\"name\":\"Edumas\",\"description\":\"Edumas\",\"publisher\":{\"@id\":\"https:\\\/\\\/edumas.gov.co\\\/inicio\\\/#organization\"},\"potentialAction\":[{\"@type\":\"SearchAction\",\"target\":{\"@type\":\"EntryPoint\",\"urlTemplate\":\"https:\\\/\\\/edumas.gov.co\\\/inicio\\\/?s={search_term_string}\"},\"query-input\":{\"@type\":\"PropertyValueSpecification\",\"valueRequired\":true,\"valueName\":\"search_term_string\"}}],\"inLanguage\":\"es\"},{\"@type\":\"Organization\",\"@id\":\"https:\\\/\\\/edumas.gov.co\\\/inicio\\\/#organization\",\"name\":\"Edumas\",\"url\":\"https:\\\/\\\/edumas.gov.co\\\/inicio\\\/\",\"logo\":{\"@type\":\"ImageObject\",\"inLanguage\":\"es\",\"@id\":\"https:\\\/\\\/edumas.gov.co\\\/inicio\\\/#\\\/schema\\\/logo\\\/image\\\/\",\"url\":\"https:\\\/\\\/edumas.gov.co\\\/wp-content\\\/uploads\\\/2024\\\/10\\\/Perfil-Instagram-PhotoRoom.png-PhotoRoom.png\",\"contentUrl\":\"https:\\\/\\\/edumas.gov.co\\\/wp-content\\\/uploads\\\/2024\\\/10\\\/Perfil-Instagram-PhotoRoom.png-PhotoRoom.png\",\"width\":648,\"height\":233,\"caption\":\"Edumas\"},\"image\":{\"@id\":\"https:\\\/\\\/edumas.gov.co\\\/inicio\\\/#\\\/schema\\\/logo\\\/image\\\/\"}},{\"@type\":\"Person\",\"@id\":\"https:\\\/\\\/edumas.gov.co\\\/inicio\\\/#\\\/schema\\\/person\\\/e2e82a662fd06864325b88811079b05a\",\"name\":\"edumas\",\"image\":{\"@type\":\"ImageObject\",\"inLanguage\":\"es\",\"@id\":\"https:\\\/\\\/edumas.gov.co\\\/wp-content\\\/uploads\\\/2025\\\/03\\\/WhatsApp-Image-2025-03-06-at-12.44.58-PM-150x150.jpeg\",\"url\":\"https:\\\/\\\/edumas.gov.co\\\/wp-content\\\/uploads\\\/2025\\\/03\\\/WhatsApp-Image-2025-03-06-at-12.44.58-PM-150x150.jpeg\",\"contentUrl\":\"https:\\\/\\\/edumas.gov.co\\\/wp-content\\\/uploads\\\/2025\\\/03\\\/WhatsApp-Image-2025-03-06-at-12.44.58-PM-150x150.jpeg\",\"caption\":\"edumas\"},\"sameAs\":[\"https:\\\/\\\/test.edumas.gov.co\"],\"url\":\"https:\\\/\\\/edumas.gov.co\\\/inicio\\\/author\\\/edumas\\\/\"}]}<\/script>\n<!-- \/ Yoast SEO plugin. -->","yoast_head_json":{"title":"Recorrido de inspecci\u00f3n en la malla perimetral del Aeropuerto por presencia de fauna - Edumas","robots":{"index":"index","follow":"follow","max-snippet":"max-snippet:-1","max-image-preview":"max-image-preview:large","max-video-preview":"max-video-preview:-1"},"canonical":"https:\/\/edumas.gov.co\/inicio\/2024\/11\/06\/recorrido-de-inspeccion-en-la-malla-perimetral-del-aeropuerto-por-presencia-de-fauna\/","og_locale":"es_ES","og_type":"article","og_title":"Recorrido de inspecci\u00f3n en la malla perimetral del Aeropuerto por presencia de fauna - Edumas","og_description":"Junto a la Aeron\u00e1utica Civil, se convoc\u00f3 y realiz\u00f3 un recorrido de inspecci\u00f3n y diagn\u00f3stico de los puntos que se han convertido en \u00e1reas atractivas para la proliferaci\u00f3n de fauna en las inmediaciones de la malla perimetral del Aeropuerto Internacional Ernesto Cortissoz, tanto en las zonas que comprenden el municipio de Soledad, as\u00ed como las [&hellip;]","og_url":"https:\/\/edumas.gov.co\/inicio\/2024\/11\/06\/recorrido-de-inspeccion-en-la-malla-perimetral-del-aeropuerto-por-presencia-de-fauna\/","og_site_name":"Edumas","article_published_time":"2024-11-06T16:33:44+00:00","article_modified_time":"2024-11-06T16:33:48+00:00","og_image":[{"url":"https:\/\/edumas.gov.co\/wp-content\/uploads\/2024\/11\/WhatsApp-Image-2024-11-06-at-10.34.27-AM.jpeg","width":1,"height":1,"type":"image\/jpeg"}],"author":"edumas","twitter_card":"summary_large_image","twitter_misc":{"Escrito por":"edumas","Tiempo de lectura":"3 minutos"},"schema":{"@context":"https:\/\/schema.org","@graph":[{"@type":"Article","@id":"https:\/\/edumas.gov.co\/inicio\/2024\/11\/06\/recorrido-de-inspeccion-en-la-malla-perimetral-del-aeropuerto-por-presencia-de-fauna\/#article","isPartOf":{"@id":"https:\/\/edumas.gov.co\/inicio\/2024\/11\/06\/recorrido-de-inspeccion-en-la-malla-perimetral-del-aeropuerto-por-presencia-de-fauna\/"},"author":{"name":"edumas","@id":"https:\/\/edumas.gov.co\/inicio\/#\/schema\/person\/e2e82a662fd06864325b88811079b05a"},"headline":"Recorrido de inspecci\u00f3n en la malla perimetral del Aeropuerto por presencia de fauna","datePublished":"2024-11-06T16:33:44+00:00","dateModified":"2024-11-06T16:33:48+00:00","mainEntityOfPage":{"@id":"https:\/\/edumas.gov.co\/inicio\/2024\/11\/06\/recorrido-de-inspeccion-en-la-malla-perimetral-del-aeropuerto-por-presencia-de-fauna\/"},"wordCount":342,"commentCount":0,"publisher":{"@id":"https:\/\/edumas.gov.co\/inicio\/#organization"},"image":{"@id":"https:\/\/edumas.gov.co\/inicio\/2024\/11\/06\/recorrido-de-inspeccion-en-la-malla-perimetral-del-aeropuerto-por-presencia-de-fauna\/#primaryimage"},"thumbnailUrl":"https:\/\/edumas.gov.co\/wp-content\/uploads\/2024\/11\/WhatsApp-Image-2024-11-06-at-10.34.27-AM.jpeg","articleSection":["noticias"],"inLanguage":"es","potentialAction":[{"@type":"CommentAction","name":"Comment","target":["https:\/\/edumas.gov.co\/inicio\/2024\/11\/06\/recorrido-de-inspeccion-en-la-malla-perimetral-del-aeropuerto-por-presencia-de-fauna\/#respond"]}]},{"@type":"WebPage","@id":"https:\/\/edumas.gov.co\/inicio\/2024\/11\/06\/recorrido-de-inspeccion-en-la-malla-perimetral-del-aeropuerto-por-presencia-de-fauna\/","url":"https:\/\/edumas.gov.co\/inicio\/2024\/11\/06\/recorrido-de-inspeccion-en-la-malla-perimetral-del-aeropuerto-por-presencia-de-fauna\/","name":"Recorrido de inspecci\u00f3n en la malla perimetral del Aeropuerto por presencia de fauna - Edumas","isPartOf":{"@id":"https:\/\/edumas.gov.co\/inicio\/#website"},"primaryImageOfPage":{"@id":"https:\/\/edumas.gov.co\/inicio\/2024\/11\/06\/recorrido-de-inspeccion-en-la-malla-perimetral-del-aeropuerto-por-presencia-de-fauna\/#primaryimage"},"image":{"@id":"https:\/\/edumas.gov.co\/inicio\/2024\/11\/06\/recorrido-de-inspeccion-en-la-malla-perimetral-del-aeropuerto-por-presencia-de-fauna\/#primaryimage"},"thumbnailUrl":"https:\/\/edumas.gov.co\/wp-content\/uploads\/2024\/11\/WhatsApp-Image-2024-11-06-at-10.34.27-AM.jpeg","datePublished":"2024-11-06T16:33:44+00:00","dateModified":"2024-11-06T16:33:48+00:00","breadcrumb":{"@id":"https:\/\/edumas.gov.co\/inicio\/2024\/11\/06\/recorrido-de-inspeccion-en-la-malla-perimetral-del-aeropuerto-por-presencia-de-fauna\/#breadcrumb"},"inLanguage":"es","potentialAction":[{"@type":"ReadAction","target":["https:\/\/edumas.gov.co\/inicio\/2024\/11\/06\/recorrido-de-inspeccion-en-la-malla-perimetral-del-aeropuerto-por-presencia-de-fauna\/"]}]},{"@type":"ImageObject","inLanguage":"es","@id":"https:\/\/edumas.gov.co\/inicio\/2024\/11\/06\/recorrido-de-inspeccion-en-la-malla-perimetral-del-aeropuerto-por-presencia-de-fauna\/#primaryimage","url":"https:\/\/edumas.gov.co\/wp-content\/uploads\/2024\/11\/WhatsApp-Image-2024-11-06-at-10.34.27-AM.jpeg","contentUrl":"https:\/\/edumas.gov.co\/wp-content\/uploads\/2024\/11\/WhatsApp-Image-2024-11-06-at-10.34.27-AM.jpeg"},{"@type":"BreadcrumbList","@id":"https:\/\/edumas.gov.co\/inicio\/2024\/11\/06\/recorrido-de-inspeccion-en-la-malla-perimetral-del-aeropuerto-por-presencia-de-fauna\/#breadcrumb","itemListElement":[{"@type":"ListItem","position":1,"name":"Portada","item":"https:\/\/edumas.gov.co\/inicio\/"},{"@type":"ListItem","position":2,"name":"Recorrido de inspecci\u00f3n en la malla perimetral del Aeropuerto por presencia de fauna"}]},{"@type":"WebSite","@id":"https:\/\/edumas.gov.co\/inicio\/#website","url":"https:\/\/edumas.gov.co\/inicio\/","name":"Edumas","description":"Edumas","publisher":{"@id":"https:\/\/edumas.gov.co\/inicio\/#organization"},"potentialAction":[{"@type":"SearchAction","target":{"@type":"EntryPoint","urlTemplate":"https:\/\/edumas.gov.co\/inicio\/?s={search_term_string}"},"query-input":{"@type":"PropertyValueSpecification","valueRequired":true,"valueName":"search_term_string"}}],"inLanguage":"es"},{"@type":"Organization","@id":"https:\/\/edumas.gov.co\/inicio\/#organization","name":"Edumas","url":"https:\/\/edumas.gov.co\/inicio\/","logo":{"@type":"ImageObject","inLanguage":"es","@id":"https:\/\/edumas.gov.co\/inicio\/#\/schema\/logo\/image\/","url":"https:\/\/edumas.gov.co\/wp-content\/uploads\/2024\/10\/Perfil-Instagram-PhotoRoom.png-PhotoRoom.png","contentUrl":"https:\/\/edumas.gov.co\/wp-content\/uploads\/2024\/10\/Perfil-Instagram-PhotoRoom.png-PhotoRoom.png","width":648,"height":233,"caption":"Edumas"},"image":{"@id":"https:\/\/edumas.gov.co\/inicio\/#\/schema\/logo\/image\/"}},{"@type":"Person","@id":"https:\/\/edumas.gov.co\/inicio\/#\/schema\/person\/e2e82a662fd06864325b88811079b05a","name":"edumas","image":{"@type":"ImageObject","inLanguage":"es","@id":"https:\/\/edumas.gov.co\/wp-content\/uploads\/2025\/03\/WhatsApp-Image-2025-03-06-at-12.44.58-PM-150x150.jpeg","url":"https:\/\/edumas.gov.co\/wp-content\/uploads\/2025\/03\/WhatsApp-Image-2025-03-06-at-12.44.58-PM-150x150.jpeg","contentUrl":"https:\/\/edumas.gov.co\/wp-content\/uploads\/2025\/03\/WhatsApp-Image-2025-03-06-at-12.44.58-PM-150x150.jpeg","caption":"edumas"},"sameAs":["https:\/\/test.edumas.gov.co"],"url":"https:\/\/edumas.gov.co\/inicio\/author\/edumas\/"}]}},"_links":{"self":[{"href":"https:\/\/edumas.gov.co\/inicio\/wp-json\/wp\/v2\/posts\/4671","targetHints":{"allow":["GET"]}}],"collection":[{"href":"https:\/\/edumas.gov.co\/inicio\/wp-json\/wp\/v2\/posts"}],"about":[{"href":"https:\/\/edumas.gov.co\/inicio\/wp-json\/wp\/v2\/types\/post"}],"author":[{"embeddable":true,"href":"https:\/\/edumas.gov.co\/inicio\/wp-json\/wp\/v2\/users\/1"}],"replies":[{"embeddable":true,"href":"https:\/\/edumas.gov.co\/inicio\/wp-json\/wp\/v2\/comments?post=4671"}],"version-history":[{"count":1,"href":"https:\/\/edumas.gov.co\/inicio\/wp-json\/wp\/v2\/posts\/4671\/revisions"}],"predecessor-version":[{"id":4678,"href":"https:\/\/edumas.gov.co\/inicio\/wp-json\/wp\/v2\/posts\/4671\/revisions\/4678"}],"wp:featuredmedia":[{"embeddable":true,"href":"https:\/\/edumas.gov.co\/inicio\/wp-json\/wp\/v2\/media\/4672"}],"wp:attachment":[{"href":"https:\/\/edumas.gov.co\/inicio\/wp-json\/wp\/v2\/media?parent=4671"}],"wp:term":[{"taxonomy":"category","embeddable":true,"href":"https:\/\/edumas.gov.co\/inicio\/wp-json\/wp\/v2\/categories?post=4671"},{"taxonomy":"post_tag","embeddable":true,"href":"https:\/\/edumas.gov.co\/inicio\/wp-json\/wp\/v2\/tags?post=4671"}],"curies":[{"name":"wp","href":"https:\/\/api.w.org\/{rel}","templated":true}]}}