{"id":4694,"date":"2026-07-23T17:59:00","date_gmt":"2026-07-23T17:59:00","guid":{"rendered":"https:\/\/edumas.gov.co\/inicio\/?p=4694"},"modified":"2026-08-26T20:09:30","modified_gmt":"2026-08-26T20:09:30","slug":"dia-mundial-de-las-ballenas-y-los-delfines","status":"publish","type":"post","link":"https:\/\/edumas.gov.co\/inicio\/2026\/07\/23\/dia-mundial-de-las-ballenas-y-los-delfines\/","title":{"rendered":"D\u00eda Mundial de las Ballenas y los Delfines"},"content":{"rendered":"\n<p class=\"wp-block-paragraph\"><strong>Julio 23 <\/strong>&#8211; El D\u00eda Mundial de las Ballenas y los Delfines se celebra cada\u00a023 de julio.\u00a0La Comisi\u00f3n Ballenera Internacional (CBI) estableci\u00f3 esta fecha en 1986 con el objetivo de concientizar sobre la necesidad de frenar la caza indiscriminada de estos animales en peligro de extinci\u00f3n.\u00a0<\/p>\n\n\n\n<p class=\"wp-block-paragraph\">La historia dio comienzo el 2 de diciembre de 1946 cuando se fund\u00f3 la Comisi\u00f3n Ballenera Internacional (CBI), tras un panorama de matanza de delfines y ballenas vivido en ese momento. Posteriormente, la misma CBI proclam\u00f3 el D\u00eda Mundial Contra la Caza de Ballenas, que m\u00e1s tarde se convirti\u00f3 en D\u00eda Mundial de las Ballenas y los Delfines.<\/p>\n\n\n\n<p class=\"wp-block-paragraph\">Ambos animales pertenecen al orden de los cet\u00e1ceos, un grupo de mam\u00edferos marinos completamente adaptados a la vida acu\u00e1tica.&nbsp;Tienen periodos de gestaci\u00f3n de entre 7 y 13 meses, dando a luz desde el vientre materno a sus cr\u00edas que se alimentan de leche materna en sus primeros periodos de vida.&nbsp;<\/p>\n\n\n\n<p class=\"wp-block-paragraph\">Viven aproximadamente entre 20 y 30 a\u00f1os, con algunas excepciones; son de sangre caliente; y respiran aire a trav\u00e9s de los pulmones, por lo que suben a la superficie para respirar. En la espalda cuentan con una aleta dorsal que les aporta estabilidad y su cola termina en una aleta caudal horizontal que aporta velocidad a sus desplazamientos.\u00a0<\/p>\n\n\n\n<p class=\"wp-block-paragraph\">Fuente:  <a href=\"https:\/\/www.gob.mx\/profepa\/es\/articulos\/dia-mundial-de-las-ballenas-y-los-delfines-371675#:~:text=El%2023%20de%20julio%20es,ballenas%20vivido%20en%20ese%20momento.\">https:\/\/www.gob.mx\/profepa\/es\/articulos\/dia-mundial-de-las-ballenas-y-los-delfines-371675#:~:text=El%2023%20de%20julio%20es,ballenas%20vivido%20en%20ese%20momento.<\/a><\/p>\n\n\n\n<p class=\"wp-block-paragraph\"><\/p>\n","protected":false},"excerpt":{"rendered":"<p>Julio 23 &#8211; El D\u00eda Mundial de las Ballenas y los Delfines se celebra cada\u00a023 de julio.\u00a0La Comisi\u00f3n Ballenera Internacional (CBI) estableci\u00f3 esta fecha en 1986 con el objetivo de concientizar sobre la necesidad de frenar la caza indiscriminada de estos animales en peligro de extinci\u00f3n.\u00a0 La historia dio comienzo el 2 de diciembre de [&hellip;]<\/p>\n","protected":false},"author":1,"featured_media":9354,"comment_status":"open","ping_status":"open","sticky":false,"template":"","format":"standard","meta":{"footnotes":""},"categories":[28],"tags":[87,88,47],"class_list":["post-4694","post","type-post","status-publish","format-standard","has-post-thumbnail","hentry","category-eventos","tag-ballenas","tag-delfines","tag-dia-mundial"],"yoast_head":"<!-- This site is optimized with the Yoast SEO plugin v27.4 - https:\/\/yoast.com\/product\/yoast-seo-wordpress\/ -->\n<title>D\u00eda Mundial de las Ballenas y los Delfines - Edumas<\/title>\n<meta name=\"robots\" content=\"index, follow, max-snippet:-1, max-image-preview:large, max-video-preview:-1\" \/>\n<link rel=\"canonical\" href=\"https:\/\/edumas.gov.co\/inicio\/2026\/07\/23\/dia-mundial-de-las-ballenas-y-los-delfines\/\" \/>\n<meta property=\"og:locale\" content=\"es_ES\" \/>\n<meta property=\"og:type\" content=\"article\" \/>\n<meta property=\"og:title\" content=\"D\u00eda Mundial de las Ballenas y los Delfines - Edumas\" \/>\n<meta property=\"og:description\" content=\"Julio 23 &#8211; El D\u00eda Mundial de las Ballenas y los Delfines se celebra cada\u00a023 de julio.\u00a0La Comisi\u00f3n Ballenera Internacional (CBI) estableci\u00f3 esta fecha en 1986 con el objetivo de concientizar sobre la necesidad de frenar la caza indiscriminada de estos animales en peligro de extinci\u00f3n.\u00a0 La historia dio comienzo el 2 de diciembre de [&hellip;]\" \/>\n<meta property=\"og:url\" content=\"https:\/\/edumas.gov.co\/inicio\/2026\/07\/23\/dia-mundial-de-las-ballenas-y-los-delfines\/\" \/>\n<meta property=\"og:site_name\" content=\"Edumas\" \/>\n<meta property=\"article:published_time\" content=\"2026-07-23T17:59:00+00:00\" \/>\n<meta property=\"article:modified_time\" content=\"2026-08-26T20:09:30+00:00\" \/>\n<meta property=\"og:image\" content=\"https:\/\/edumas.gov.co\/wp-content\/uploads\/2025\/07\/WEB-2026-Fechas-ambientales-2-1.png\" \/>\n\t<meta property=\"og:image:width\" content=\"940\" \/>\n\t<meta property=\"og:image:height\" content=\"788\" \/>\n\t<meta property=\"og:image:type\" content=\"image\/png\" \/>\n<meta name=\"author\" content=\"edumas\" \/>\n<meta name=\"twitter:card\" content=\"summary_large_image\" \/>\n<meta name=\"twitter:label1\" content=\"Escrito por\" \/>\n\t<meta name=\"twitter:data1\" content=\"edumas\" \/>\n\t<meta name=\"twitter:label2\" content=\"Tiempo de lectura\" \/>\n\t<meta name=\"twitter:data2\" content=\"2 minutos\" \/>\n<script type=\"application\/ld+json\" class=\"yoast-schema-graph\">{\"@context\":\"https:\\\/\\\/schema.org\",\"@graph\":[{\"@type\":\"Article\",\"@id\":\"https:\\\/\\\/edumas.gov.co\\\/inicio\\\/2026\\\/07\\\/23\\\/dia-mundial-de-las-ballenas-y-los-delfines\\\/#article\",\"isPartOf\":{\"@id\":\"https:\\\/\\\/edumas.gov.co\\\/inicio\\\/2026\\\/07\\\/23\\\/dia-mundial-de-las-ballenas-y-los-delfines\\\/\"},\"author\":{\"name\":\"edumas\",\"@id\":\"https:\\\/\\\/edumas.gov.co\\\/inicio\\\/#\\\/schema\\\/person\\\/e2e82a662fd06864325b88811079b05a\"},\"headline\":\"D\u00eda Mundial de las Ballenas y los Delfines\",\"datePublished\":\"2026-07-23T17:59:00+00:00\",\"dateModified\":\"2026-08-26T20:09:30+00:00\",\"mainEntityOfPage\":{\"@id\":\"https:\\\/\\\/edumas.gov.co\\\/inicio\\\/2026\\\/07\\\/23\\\/dia-mundial-de-las-ballenas-y-los-delfines\\\/\"},\"wordCount\":250,\"commentCount\":0,\"publisher\":{\"@id\":\"https:\\\/\\\/edumas.gov.co\\\/inicio\\\/#organization\"},\"image\":{\"@id\":\"https:\\\/\\\/edumas.gov.co\\\/inicio\\\/2026\\\/07\\\/23\\\/dia-mundial-de-las-ballenas-y-los-delfines\\\/#primaryimage\"},\"thumbnailUrl\":\"https:\\\/\\\/edumas.gov.co\\\/wp-content\\\/uploads\\\/2025\\\/07\\\/WEB-2026-Fechas-ambientales-2-1.png\",\"keywords\":[\"ballenas\",\"delfines\",\"dia mundial\"],\"articleSection\":[\"eventos\"],\"inLanguage\":\"es\",\"potentialAction\":[{\"@type\":\"CommentAction\",\"name\":\"Comment\",\"target\":[\"https:\\\/\\\/edumas.gov.co\\\/inicio\\\/2026\\\/07\\\/23\\\/dia-mundial-de-las-ballenas-y-los-delfines\\\/#respond\"]}]},{\"@type\":\"WebPage\",\"@id\":\"https:\\\/\\\/edumas.gov.co\\\/inicio\\\/2026\\\/07\\\/23\\\/dia-mundial-de-las-ballenas-y-los-delfines\\\/\",\"url\":\"https:\\\/\\\/edumas.gov.co\\\/inicio\\\/2026\\\/07\\\/23\\\/dia-mundial-de-las-ballenas-y-los-delfines\\\/\",\"name\":\"D\u00eda Mundial de las Ballenas y los Delfines - Edumas\",\"isPartOf\":{\"@id\":\"https:\\\/\\\/edumas.gov.co\\\/inicio\\\/#website\"},\"primaryImageOfPage\":{\"@id\":\"https:\\\/\\\/edumas.gov.co\\\/inicio\\\/2026\\\/07\\\/23\\\/dia-mundial-de-las-ballenas-y-los-delfines\\\/#primaryimage\"},\"image\":{\"@id\":\"https:\\\/\\\/edumas.gov.co\\\/inicio\\\/2026\\\/07\\\/23\\\/dia-mundial-de-las-ballenas-y-los-delfines\\\/#primaryimage\"},\"thumbnailUrl\":\"https:\\\/\\\/edumas.gov.co\\\/wp-content\\\/uploads\\\/2025\\\/07\\\/WEB-2026-Fechas-ambientales-2-1.png\",\"datePublished\":\"2026-07-23T17:59:00+00:00\",\"dateModified\":\"2026-08-26T20:09:30+00:00\",\"breadcrumb\":{\"@id\":\"https:\\\/\\\/edumas.gov.co\\\/inicio\\\/2026\\\/07\\\/23\\\/dia-mundial-de-las-ballenas-y-los-delfines\\\/#breadcrumb\"},\"inLanguage\":\"es\",\"potentialAction\":[{\"@type\":\"ReadAction\",\"target\":[\"https:\\\/\\\/edumas.gov.co\\\/inicio\\\/2026\\\/07\\\/23\\\/dia-mundial-de-las-ballenas-y-los-delfines\\\/\"]}]},{\"@type\":\"ImageObject\",\"inLanguage\":\"es\",\"@id\":\"https:\\\/\\\/edumas.gov.co\\\/inicio\\\/2026\\\/07\\\/23\\\/dia-mundial-de-las-ballenas-y-los-delfines\\\/#primaryimage\",\"url\":\"https:\\\/\\\/edumas.gov.co\\\/wp-content\\\/uploads\\\/2025\\\/07\\\/WEB-2026-Fechas-ambientales-2-1.png\",\"contentUrl\":\"https:\\\/\\\/edumas.gov.co\\\/wp-content\\\/uploads\\\/2025\\\/07\\\/WEB-2026-Fechas-ambientales-2-1.png\",\"width\":940,\"height\":788},{\"@type\":\"BreadcrumbList\",\"@id\":\"https:\\\/\\\/edumas.gov.co\\\/inicio\\\/2026\\\/07\\\/23\\\/dia-mundial-de-las-ballenas-y-los-delfines\\\/#breadcrumb\",\"itemListElement\":[{\"@type\":\"ListItem\",\"position\":1,\"name\":\"Portada\",\"item\":\"https:\\\/\\\/edumas.gov.co\\\/inicio\\\/\"},{\"@type\":\"ListItem\",\"position\":2,\"name\":\"D\u00eda Mundial de las Ballenas y los Delfines\"}]},{\"@type\":\"WebSite\",\"@id\":\"https:\\\/\\\/edumas.gov.co\\\/inicio\\\/#website\",\"url\":\"https:\\\/\\\/edumas.gov.co\\\/inicio\\\/\",\"name\":\"Edumas\",\"description\":\"Edumas\",\"publisher\":{\"@id\":\"https:\\\/\\\/edumas.gov.co\\\/inicio\\\/#organization\"},\"potentialAction\":[{\"@type\":\"SearchAction\",\"target\":{\"@type\":\"EntryPoint\",\"urlTemplate\":\"https:\\\/\\\/edumas.gov.co\\\/inicio\\\/?s={search_term_string}\"},\"query-input\":{\"@type\":\"PropertyValueSpecification\",\"valueRequired\":true,\"valueName\":\"search_term_string\"}}],\"inLanguage\":\"es\"},{\"@type\":\"Organization\",\"@id\":\"https:\\\/\\\/edumas.gov.co\\\/inicio\\\/#organization\",\"name\":\"Edumas\",\"url\":\"https:\\\/\\\/edumas.gov.co\\\/inicio\\\/\",\"logo\":{\"@type\":\"ImageObject\",\"inLanguage\":\"es\",\"@id\":\"https:\\\/\\\/edumas.gov.co\\\/inicio\\\/#\\\/schema\\\/logo\\\/image\\\/\",\"url\":\"https:\\\/\\\/edumas.gov.co\\\/wp-content\\\/uploads\\\/2024\\\/10\\\/Perfil-Instagram-PhotoRoom.png-PhotoRoom.png\",\"contentUrl\":\"https:\\\/\\\/edumas.gov.co\\\/wp-content\\\/uploads\\\/2024\\\/10\\\/Perfil-Instagram-PhotoRoom.png-PhotoRoom.png\",\"width\":648,\"height\":233,\"caption\":\"Edumas\"},\"image\":{\"@id\":\"https:\\\/\\\/edumas.gov.co\\\/inicio\\\/#\\\/schema\\\/logo\\\/image\\\/\"}},{\"@type\":\"Person\",\"@id\":\"https:\\\/\\\/edumas.gov.co\\\/inicio\\\/#\\\/schema\\\/person\\\/e2e82a662fd06864325b88811079b05a\",\"name\":\"edumas\",\"image\":{\"@type\":\"ImageObject\",\"inLanguage\":\"es\",\"@id\":\"https:\\\/\\\/edumas.gov.co\\\/wp-content\\\/uploads\\\/2025\\\/03\\\/WhatsApp-Image-2025-03-06-at-12.44.58-PM-150x150.jpeg\",\"url\":\"https:\\\/\\\/edumas.gov.co\\\/wp-content\\\/uploads\\\/2025\\\/03\\\/WhatsApp-Image-2025-03-06-at-12.44.58-PM-150x150.jpeg\",\"contentUrl\":\"https:\\\/\\\/edumas.gov.co\\\/wp-content\\\/uploads\\\/2025\\\/03\\\/WhatsApp-Image-2025-03-06-at-12.44.58-PM-150x150.jpeg\",\"caption\":\"edumas\"},\"sameAs\":[\"https:\\\/\\\/test.edumas.gov.co\"],\"url\":\"https:\\\/\\\/edumas.gov.co\\\/inicio\\\/author\\\/edumas\\\/\"}]}<\/script>\n<!-- \/ Yoast SEO plugin. -->","yoast_head_json":{"title":"D\u00eda Mundial de las Ballenas y los Delfines - Edumas","robots":{"index":"index","follow":"follow","max-snippet":"max-snippet:-1","max-image-preview":"max-image-preview:large","max-video-preview":"max-video-preview:-1"},"canonical":"https:\/\/edumas.gov.co\/inicio\/2026\/07\/23\/dia-mundial-de-las-ballenas-y-los-delfines\/","og_locale":"es_ES","og_type":"article","og_title":"D\u00eda Mundial de las Ballenas y los Delfines - Edumas","og_description":"Julio 23 &#8211; El D\u00eda Mundial de las Ballenas y los Delfines se celebra cada\u00a023 de julio.\u00a0La Comisi\u00f3n Ballenera Internacional (CBI) estableci\u00f3 esta fecha en 1986 con el objetivo de concientizar sobre la necesidad de frenar la caza indiscriminada de estos animales en peligro de extinci\u00f3n.\u00a0 La historia dio comienzo el 2 de diciembre de [&hellip;]","og_url":"https:\/\/edumas.gov.co\/inicio\/2026\/07\/23\/dia-mundial-de-las-ballenas-y-los-delfines\/","og_site_name":"Edumas","article_published_time":"2026-07-23T17:59:00+00:00","article_modified_time":"2026-08-26T20:09:30+00:00","og_image":[{"width":940,"height":788,"url":"https:\/\/edumas.gov.co\/wp-content\/uploads\/2025\/07\/WEB-2026-Fechas-ambientales-2-1.png","type":"image\/png"}],"author":"edumas","twitter_card":"summary_large_image","twitter_misc":{"Escrito por":"edumas","Tiempo de lectura":"2 minutos"},"schema":{"@context":"https:\/\/schema.org","@graph":[{"@type":"Article","@id":"https:\/\/edumas.gov.co\/inicio\/2026\/07\/23\/dia-mundial-de-las-ballenas-y-los-delfines\/#article","isPartOf":{"@id":"https:\/\/edumas.gov.co\/inicio\/2026\/07\/23\/dia-mundial-de-las-ballenas-y-los-delfines\/"},"author":{"name":"edumas","@id":"https:\/\/edumas.gov.co\/inicio\/#\/schema\/person\/e2e82a662fd06864325b88811079b05a"},"headline":"D\u00eda Mundial de las Ballenas y los Delfines","datePublished":"2026-07-23T17:59:00+00:00","dateModified":"2026-08-26T20:09:30+00:00","mainEntityOfPage":{"@id":"https:\/\/edumas.gov.co\/inicio\/2026\/07\/23\/dia-mundial-de-las-ballenas-y-los-delfines\/"},"wordCount":250,"commentCount":0,"publisher":{"@id":"https:\/\/edumas.gov.co\/inicio\/#organization"},"image":{"@id":"https:\/\/edumas.gov.co\/inicio\/2026\/07\/23\/dia-mundial-de-las-ballenas-y-los-delfines\/#primaryimage"},"thumbnailUrl":"https:\/\/edumas.gov.co\/wp-content\/uploads\/2025\/07\/WEB-2026-Fechas-ambientales-2-1.png","keywords":["ballenas","delfines","dia mundial"],"articleSection":["eventos"],"inLanguage":"es","potentialAction":[{"@type":"CommentAction","name":"Comment","target":["https:\/\/edumas.gov.co\/inicio\/2026\/07\/23\/dia-mundial-de-las-ballenas-y-los-delfines\/#respond"]}]},{"@type":"WebPage","@id":"https:\/\/edumas.gov.co\/inicio\/2026\/07\/23\/dia-mundial-de-las-ballenas-y-los-delfines\/","url":"https:\/\/edumas.gov.co\/inicio\/2026\/07\/23\/dia-mundial-de-las-ballenas-y-los-delfines\/","name":"D\u00eda Mundial de las Ballenas y los Delfines - Edumas","isPartOf":{"@id":"https:\/\/edumas.gov.co\/inicio\/#website"},"primaryImageOfPage":{"@id":"https:\/\/edumas.gov.co\/inicio\/2026\/07\/23\/dia-mundial-de-las-ballenas-y-los-delfines\/#primaryimage"},"image":{"@id":"https:\/\/edumas.gov.co\/inicio\/2026\/07\/23\/dia-mundial-de-las-ballenas-y-los-delfines\/#primaryimage"},"thumbnailUrl":"https:\/\/edumas.gov.co\/wp-content\/uploads\/2025\/07\/WEB-2026-Fechas-ambientales-2-1.png","datePublished":"2026-07-23T17:59:00+00:00","dateModified":"2026-08-26T20:09:30+00:00","breadcrumb":{"@id":"https:\/\/edumas.gov.co\/inicio\/2026\/07\/23\/dia-mundial-de-las-ballenas-y-los-delfines\/#breadcrumb"},"inLanguage":"es","potentialAction":[{"@type":"ReadAction","target":["https:\/\/edumas.gov.co\/inicio\/2026\/07\/23\/dia-mundial-de-las-ballenas-y-los-delfines\/"]}]},{"@type":"ImageObject","inLanguage":"es","@id":"https:\/\/edumas.gov.co\/inicio\/2026\/07\/23\/dia-mundial-de-las-ballenas-y-los-delfines\/#primaryimage","url":"https:\/\/edumas.gov.co\/wp-content\/uploads\/2025\/07\/WEB-2026-Fechas-ambientales-2-1.png","contentUrl":"https:\/\/edumas.gov.co\/wp-content\/uploads\/2025\/07\/WEB-2026-Fechas-ambientales-2-1.png","width":940,"height":788},{"@type":"BreadcrumbList","@id":"https:\/\/edumas.gov.co\/inicio\/2026\/07\/23\/dia-mundial-de-las-ballenas-y-los-delfines\/#breadcrumb","itemListElement":[{"@type":"ListItem","position":1,"name":"Portada","item":"https:\/\/edumas.gov.co\/inicio\/"},{"@type":"ListItem","position":2,"name":"D\u00eda Mundial de las Ballenas y los Delfines"}]},{"@type":"WebSite","@id":"https:\/\/edumas.gov.co\/inicio\/#website","url":"https:\/\/edumas.gov.co\/inicio\/","name":"Edumas","description":"Edumas","publisher":{"@id":"https:\/\/edumas.gov.co\/inicio\/#organization"},"potentialAction":[{"@type":"SearchAction","target":{"@type":"EntryPoint","urlTemplate":"https:\/\/edumas.gov.co\/inicio\/?s={search_term_string}"},"query-input":{"@type":"PropertyValueSpecification","valueRequired":true,"valueName":"search_term_string"}}],"inLanguage":"es"},{"@type":"Organization","@id":"https:\/\/edumas.gov.co\/inicio\/#organization","name":"Edumas","url":"https:\/\/edumas.gov.co\/inicio\/","logo":{"@type":"ImageObject","inLanguage":"es","@id":"https:\/\/edumas.gov.co\/inicio\/#\/schema\/logo\/image\/","url":"https:\/\/edumas.gov.co\/wp-content\/uploads\/2024\/10\/Perfil-Instagram-PhotoRoom.png-PhotoRoom.png","contentUrl":"https:\/\/edumas.gov.co\/wp-content\/uploads\/2024\/10\/Perfil-Instagram-PhotoRoom.png-PhotoRoom.png","width":648,"height":233,"caption":"Edumas"},"image":{"@id":"https:\/\/edumas.gov.co\/inicio\/#\/schema\/logo\/image\/"}},{"@type":"Person","@id":"https:\/\/edumas.gov.co\/inicio\/#\/schema\/person\/e2e82a662fd06864325b88811079b05a","name":"edumas","image":{"@type":"ImageObject","inLanguage":"es","@id":"https:\/\/edumas.gov.co\/wp-content\/uploads\/2025\/03\/WhatsApp-Image-2025-03-06-at-12.44.58-PM-150x150.jpeg","url":"https:\/\/edumas.gov.co\/wp-content\/uploads\/2025\/03\/WhatsApp-Image-2025-03-06-at-12.44.58-PM-150x150.jpeg","contentUrl":"https:\/\/edumas.gov.co\/wp-content\/uploads\/2025\/03\/WhatsApp-Image-2025-03-06-at-12.44.58-PM-150x150.jpeg","caption":"edumas"},"sameAs":["https:\/\/test.edumas.gov.co"],"url":"https:\/\/edumas.gov.co\/inicio\/author\/edumas\/"}]}},"_links":{"self":[{"href":"https:\/\/edumas.gov.co\/inicio\/wp-json\/wp\/v2\/posts\/4694","targetHints":{"allow":["GET"]}}],"collection":[{"href":"https:\/\/edumas.gov.co\/inicio\/wp-json\/wp\/v2\/posts"}],"about":[{"href":"https:\/\/edumas.gov.co\/inicio\/wp-json\/wp\/v2\/types\/post"}],"author":[{"embeddable":true,"href":"https:\/\/edumas.gov.co\/inicio\/wp-json\/wp\/v2\/users\/1"}],"replies":[{"embeddable":true,"href":"https:\/\/edumas.gov.co\/inicio\/wp-json\/wp\/v2\/comments?post=4694"}],"version-history":[{"count":1,"href":"https:\/\/edumas.gov.co\/inicio\/wp-json\/wp\/v2\/posts\/4694\/revisions"}],"predecessor-version":[{"id":4696,"href":"https:\/\/edumas.gov.co\/inicio\/wp-json\/wp\/v2\/posts\/4694\/revisions\/4696"}],"wp:featuredmedia":[{"embeddable":true,"href":"https:\/\/edumas.gov.co\/inicio\/wp-json\/wp\/v2\/media\/9354"}],"wp:attachment":[{"href":"https:\/\/edumas.gov.co\/inicio\/wp-json\/wp\/v2\/media?parent=4694"}],"wp:term":[{"taxonomy":"category","embeddable":true,"href":"https:\/\/edumas.gov.co\/inicio\/wp-json\/wp\/v2\/categories?post=4694"},{"taxonomy":"post_tag","embeddable":true,"href":"https:\/\/edumas.gov.co\/inicio\/wp-json\/wp\/v2\/tags?post=4694"}],"curies":[{"name":"wp","href":"https:\/\/api.w.org\/{rel}","templated":true}]}}