{"id":4697,"date":"2024-06-17T19:50:00","date_gmt":"2024-06-17T19:50:00","guid":{"rendered":"https:\/\/edumas.gov.co\/inicio\/?p=4697"},"modified":"2024-11-06T19:54:26","modified_gmt":"2024-11-06T19:54:26","slug":"dia-mundial-contra-la-desertificacion-y-la-sequia","status":"publish","type":"post","link":"https:\/\/edumas.gov.co\/inicio\/2024\/06\/17\/dia-mundial-contra-la-desertificacion-y-la-sequia\/","title":{"rendered":"D\u00eda Mundial Contra la Desertificaci\u00f3n y la Sequ\u00eda"},"content":{"rendered":"\n<p class=\"wp-block-paragraph\"><strong>Junio 17 <\/strong>&#8211; La desertificaci\u00f3n, junto con el cambio clim\u00e1tico y la p\u00e9rdida de biodiversidad, se identificaron como los mayores desaf\u00edos para el desarrollo sostenible durante la Cumbre de la Tierra de R\u00edo de 1992.<\/p>\n\n\n\n<p class=\"wp-block-paragraph\">Dos a\u00f1os despu\u00e9s, en 1994, la Asamblea General estableci\u00f3 la\u00a0Convenci\u00f3n de las Naciones Unidas para Combatir la Desertificaci\u00f3n (CNULD-UNCCD)\u00a0, el \u00fanico acuerdo internacional legal que vincula el medio ambiente y el desarrollo con la gesti\u00f3n sostenible de la tierra, y declar\u00f3 el 17 de junio \u00abD\u00eda Mundial de Lucha contra la Desertificaci\u00f3n y la sequ\u00eda\u00bb\u00a0<a href=\"https:\/\/documents-dds-ny.un.org\/doc\/RESOLUTION\/%20GEN%20\/%20NR0%20\/%20774\/02%20\/%20img%20\/%20NR077402.pdf?%20OpenElementhttps:%20\/\/documents-dds-ny.un.org\/doc\/RESOLUTION\/GEN\/NR0\/774\/02\/img\/NR077402.pdf?%20OpenElement\">(Resoluci\u00f3n A\/RES\/49\/115)\u00a0<\/a>.<\/p>\n\n\n\n<p class=\"wp-block-paragraph\">M\u00e1s tarde, en 2007, la Asamblea General de la ONU declar\u00f3 el Decenio de las Naciones Unidas para los Desiertos y la lucha contra la Desertificaci\u00f3n 2010-2020 con el fin de movilizar la acci\u00f3n mundial para luchar contra la degradaci\u00f3n de la tierra, y que fue dirigida nuevamente por la UNCCD.<\/p>\n\n\n\n<p class=\"wp-block-paragraph\">Las 197 partes de la CNULD (169 afectadas por la desertificaci\u00f3n) trabajan juntas para mantener y restaurar la productividad de la tierra y el suelo, y para mitigar los efectos de la sequ\u00eda en las tierras \u00e1ridas: las zonas \u00e1ridas, semi\u00e1ridas y subh\u00famedas secas, que en muchas ocasiones albergan los ecosistemas y los pueblos m\u00e1s vulnerables.<\/p>\n\n\n\n<p class=\"wp-block-paragraph\">Desde 2017, la CNULD y sus asociados apoyaron a unos 70 pa\u00edses propensos a la sequ\u00eda para desarrollar planes de acci\u00f3n nacionales que reduzcan los desastres causados por la sequ\u00eda.<\/p>\n\n\n\n<p class=\"wp-block-paragraph\">Fuente: <a href=\"https:\/\/www.un.org\/es\/observances\/desertification-day\/background\">https:\/\/www.un.org\/es\/observances\/desertification-day\/background<\/a><\/p>\n","protected":false},"excerpt":{"rendered":"<p>Junio 17 &#8211; La desertificaci\u00f3n, junto con el cambio clim\u00e1tico y la p\u00e9rdida de biodiversidad, se identificaron como los mayores desaf\u00edos para el desarrollo sostenible durante la Cumbre de la Tierra de R\u00edo de 1992. Dos a\u00f1os despu\u00e9s, en 1994, la Asamblea General estableci\u00f3 la\u00a0Convenci\u00f3n de las Naciones Unidas para Combatir la Desertificaci\u00f3n (CNULD-UNCCD)\u00a0, el [&hellip;]<\/p>\n","protected":false},"author":1,"featured_media":4698,"comment_status":"open","ping_status":"open","sticky":false,"template":"","format":"standard","meta":{"footnotes":""},"categories":[28],"tags":[],"class_list":["post-4697","post","type-post","status-publish","format-standard","has-post-thumbnail","hentry","category-eventos"],"yoast_head":"<!-- This site is optimized with the Yoast SEO plugin v27.4 - https:\/\/yoast.com\/product\/yoast-seo-wordpress\/ -->\n<title>D\u00eda Mundial Contra la Desertificaci\u00f3n y la Sequ\u00eda - Edumas<\/title>\n<meta name=\"robots\" content=\"index, follow, max-snippet:-1, max-image-preview:large, max-video-preview:-1\" \/>\n<link rel=\"canonical\" href=\"https:\/\/edumas.gov.co\/inicio\/2024\/06\/17\/dia-mundial-contra-la-desertificacion-y-la-sequia\/\" \/>\n<meta property=\"og:locale\" content=\"es_ES\" \/>\n<meta property=\"og:type\" content=\"article\" \/>\n<meta property=\"og:title\" content=\"D\u00eda Mundial Contra la Desertificaci\u00f3n y la Sequ\u00eda - Edumas\" \/>\n<meta property=\"og:description\" content=\"Junio 17 &#8211; La desertificaci\u00f3n, junto con el cambio clim\u00e1tico y la p\u00e9rdida de biodiversidad, se identificaron como los mayores desaf\u00edos para el desarrollo sostenible durante la Cumbre de la Tierra de R\u00edo de 1992. Dos a\u00f1os despu\u00e9s, en 1994, la Asamblea General estableci\u00f3 la\u00a0Convenci\u00f3n de las Naciones Unidas para Combatir la Desertificaci\u00f3n (CNULD-UNCCD)\u00a0, el [&hellip;]\" \/>\n<meta property=\"og:url\" content=\"https:\/\/edumas.gov.co\/inicio\/2024\/06\/17\/dia-mundial-contra-la-desertificacion-y-la-sequia\/\" \/>\n<meta property=\"og:site_name\" content=\"Edumas\" \/>\n<meta property=\"article:published_time\" content=\"2024-06-17T19:50:00+00:00\" \/>\n<meta property=\"article:modified_time\" content=\"2024-11-06T19:54:26+00:00\" \/>\n<meta property=\"og:image\" content=\"https:\/\/edumas.gov.co\/wp-content\/uploads\/2024\/11\/WEB-Fechas-ambientales-2024-13.png\" \/>\n\t<meta property=\"og:image:width\" content=\"1280\" \/>\n\t<meta property=\"og:image:height\" content=\"600\" \/>\n\t<meta property=\"og:image:type\" content=\"image\/png\" \/>\n<meta name=\"author\" content=\"edumas\" \/>\n<meta name=\"twitter:card\" content=\"summary_large_image\" \/>\n<meta name=\"twitter:label1\" content=\"Escrito por\" \/>\n\t<meta name=\"twitter:data1\" content=\"edumas\" \/>\n\t<meta name=\"twitter:label2\" content=\"Tiempo de lectura\" \/>\n\t<meta name=\"twitter:data2\" content=\"2 minutos\" \/>\n<script type=\"application\/ld+json\" class=\"yoast-schema-graph\">{\"@context\":\"https:\\\/\\\/schema.org\",\"@graph\":[{\"@type\":\"Article\",\"@id\":\"https:\\\/\\\/edumas.gov.co\\\/inicio\\\/2024\\\/06\\\/17\\\/dia-mundial-contra-la-desertificacion-y-la-sequia\\\/#article\",\"isPartOf\":{\"@id\":\"https:\\\/\\\/edumas.gov.co\\\/inicio\\\/2024\\\/06\\\/17\\\/dia-mundial-contra-la-desertificacion-y-la-sequia\\\/\"},\"author\":{\"name\":\"edumas\",\"@id\":\"https:\\\/\\\/edumas.gov.co\\\/inicio\\\/#\\\/schema\\\/person\\\/e2e82a662fd06864325b88811079b05a\"},\"headline\":\"D\u00eda Mundial Contra la Desertificaci\u00f3n y la Sequ\u00eda\",\"datePublished\":\"2024-06-17T19:50:00+00:00\",\"dateModified\":\"2024-11-06T19:54:26+00:00\",\"mainEntityOfPage\":{\"@id\":\"https:\\\/\\\/edumas.gov.co\\\/inicio\\\/2024\\\/06\\\/17\\\/dia-mundial-contra-la-desertificacion-y-la-sequia\\\/\"},\"wordCount\":269,\"commentCount\":0,\"publisher\":{\"@id\":\"https:\\\/\\\/edumas.gov.co\\\/inicio\\\/#organization\"},\"image\":{\"@id\":\"https:\\\/\\\/edumas.gov.co\\\/inicio\\\/2024\\\/06\\\/17\\\/dia-mundial-contra-la-desertificacion-y-la-sequia\\\/#primaryimage\"},\"thumbnailUrl\":\"https:\\\/\\\/edumas.gov.co\\\/wp-content\\\/uploads\\\/2024\\\/11\\\/WEB-Fechas-ambientales-2024-13.png\",\"articleSection\":[\"eventos\"],\"inLanguage\":\"es\",\"potentialAction\":[{\"@type\":\"CommentAction\",\"name\":\"Comment\",\"target\":[\"https:\\\/\\\/edumas.gov.co\\\/inicio\\\/2024\\\/06\\\/17\\\/dia-mundial-contra-la-desertificacion-y-la-sequia\\\/#respond\"]}]},{\"@type\":\"WebPage\",\"@id\":\"https:\\\/\\\/edumas.gov.co\\\/inicio\\\/2024\\\/06\\\/17\\\/dia-mundial-contra-la-desertificacion-y-la-sequia\\\/\",\"url\":\"https:\\\/\\\/edumas.gov.co\\\/inicio\\\/2024\\\/06\\\/17\\\/dia-mundial-contra-la-desertificacion-y-la-sequia\\\/\",\"name\":\"D\u00eda Mundial Contra la Desertificaci\u00f3n y la Sequ\u00eda - Edumas\",\"isPartOf\":{\"@id\":\"https:\\\/\\\/edumas.gov.co\\\/inicio\\\/#website\"},\"primaryImageOfPage\":{\"@id\":\"https:\\\/\\\/edumas.gov.co\\\/inicio\\\/2024\\\/06\\\/17\\\/dia-mundial-contra-la-desertificacion-y-la-sequia\\\/#primaryimage\"},\"image\":{\"@id\":\"https:\\\/\\\/edumas.gov.co\\\/inicio\\\/2024\\\/06\\\/17\\\/dia-mundial-contra-la-desertificacion-y-la-sequia\\\/#primaryimage\"},\"thumbnailUrl\":\"https:\\\/\\\/edumas.gov.co\\\/wp-content\\\/uploads\\\/2024\\\/11\\\/WEB-Fechas-ambientales-2024-13.png\",\"datePublished\":\"2024-06-17T19:50:00+00:00\",\"dateModified\":\"2024-11-06T19:54:26+00:00\",\"breadcrumb\":{\"@id\":\"https:\\\/\\\/edumas.gov.co\\\/inicio\\\/2024\\\/06\\\/17\\\/dia-mundial-contra-la-desertificacion-y-la-sequia\\\/#breadcrumb\"},\"inLanguage\":\"es\",\"potentialAction\":[{\"@type\":\"ReadAction\",\"target\":[\"https:\\\/\\\/edumas.gov.co\\\/inicio\\\/2024\\\/06\\\/17\\\/dia-mundial-contra-la-desertificacion-y-la-sequia\\\/\"]}]},{\"@type\":\"ImageObject\",\"inLanguage\":\"es\",\"@id\":\"https:\\\/\\\/edumas.gov.co\\\/inicio\\\/2024\\\/06\\\/17\\\/dia-mundial-contra-la-desertificacion-y-la-sequia\\\/#primaryimage\",\"url\":\"https:\\\/\\\/edumas.gov.co\\\/wp-content\\\/uploads\\\/2024\\\/11\\\/WEB-Fechas-ambientales-2024-13.png\",\"contentUrl\":\"https:\\\/\\\/edumas.gov.co\\\/wp-content\\\/uploads\\\/2024\\\/11\\\/WEB-Fechas-ambientales-2024-13.png\",\"width\":1280,\"height\":600},{\"@type\":\"BreadcrumbList\",\"@id\":\"https:\\\/\\\/edumas.gov.co\\\/inicio\\\/2024\\\/06\\\/17\\\/dia-mundial-contra-la-desertificacion-y-la-sequia\\\/#breadcrumb\",\"itemListElement\":[{\"@type\":\"ListItem\",\"position\":1,\"name\":\"Portada\",\"item\":\"https:\\\/\\\/edumas.gov.co\\\/inicio\\\/\"},{\"@type\":\"ListItem\",\"position\":2,\"name\":\"D\u00eda Mundial Contra la Desertificaci\u00f3n y la Sequ\u00eda\"}]},{\"@type\":\"WebSite\",\"@id\":\"https:\\\/\\\/edumas.gov.co\\\/inicio\\\/#website\",\"url\":\"https:\\\/\\\/edumas.gov.co\\\/inicio\\\/\",\"name\":\"Edumas\",\"description\":\"Edumas\",\"publisher\":{\"@id\":\"https:\\\/\\\/edumas.gov.co\\\/inicio\\\/#organization\"},\"potentialAction\":[{\"@type\":\"SearchAction\",\"target\":{\"@type\":\"EntryPoint\",\"urlTemplate\":\"https:\\\/\\\/edumas.gov.co\\\/inicio\\\/?s={search_term_string}\"},\"query-input\":{\"@type\":\"PropertyValueSpecification\",\"valueRequired\":true,\"valueName\":\"search_term_string\"}}],\"inLanguage\":\"es\"},{\"@type\":\"Organization\",\"@id\":\"https:\\\/\\\/edumas.gov.co\\\/inicio\\\/#organization\",\"name\":\"Edumas\",\"url\":\"https:\\\/\\\/edumas.gov.co\\\/inicio\\\/\",\"logo\":{\"@type\":\"ImageObject\",\"inLanguage\":\"es\",\"@id\":\"https:\\\/\\\/edumas.gov.co\\\/inicio\\\/#\\\/schema\\\/logo\\\/image\\\/\",\"url\":\"https:\\\/\\\/edumas.gov.co\\\/wp-content\\\/uploads\\\/2024\\\/10\\\/Perfil-Instagram-PhotoRoom.png-PhotoRoom.png\",\"contentUrl\":\"https:\\\/\\\/edumas.gov.co\\\/wp-content\\\/uploads\\\/2024\\\/10\\\/Perfil-Instagram-PhotoRoom.png-PhotoRoom.png\",\"width\":648,\"height\":233,\"caption\":\"Edumas\"},\"image\":{\"@id\":\"https:\\\/\\\/edumas.gov.co\\\/inicio\\\/#\\\/schema\\\/logo\\\/image\\\/\"}},{\"@type\":\"Person\",\"@id\":\"https:\\\/\\\/edumas.gov.co\\\/inicio\\\/#\\\/schema\\\/person\\\/e2e82a662fd06864325b88811079b05a\",\"name\":\"edumas\",\"image\":{\"@type\":\"ImageObject\",\"inLanguage\":\"es\",\"@id\":\"https:\\\/\\\/edumas.gov.co\\\/wp-content\\\/uploads\\\/2025\\\/03\\\/WhatsApp-Image-2025-03-06-at-12.44.58-PM-150x150.jpeg\",\"url\":\"https:\\\/\\\/edumas.gov.co\\\/wp-content\\\/uploads\\\/2025\\\/03\\\/WhatsApp-Image-2025-03-06-at-12.44.58-PM-150x150.jpeg\",\"contentUrl\":\"https:\\\/\\\/edumas.gov.co\\\/wp-content\\\/uploads\\\/2025\\\/03\\\/WhatsApp-Image-2025-03-06-at-12.44.58-PM-150x150.jpeg\",\"caption\":\"edumas\"},\"sameAs\":[\"https:\\\/\\\/test.edumas.gov.co\"],\"url\":\"https:\\\/\\\/edumas.gov.co\\\/inicio\\\/author\\\/edumas\\\/\"}]}<\/script>\n<!-- \/ Yoast SEO plugin. -->","yoast_head_json":{"title":"D\u00eda Mundial Contra la Desertificaci\u00f3n y la Sequ\u00eda - Edumas","robots":{"index":"index","follow":"follow","max-snippet":"max-snippet:-1","max-image-preview":"max-image-preview:large","max-video-preview":"max-video-preview:-1"},"canonical":"https:\/\/edumas.gov.co\/inicio\/2024\/06\/17\/dia-mundial-contra-la-desertificacion-y-la-sequia\/","og_locale":"es_ES","og_type":"article","og_title":"D\u00eda Mundial Contra la Desertificaci\u00f3n y la Sequ\u00eda - Edumas","og_description":"Junio 17 &#8211; La desertificaci\u00f3n, junto con el cambio clim\u00e1tico y la p\u00e9rdida de biodiversidad, se identificaron como los mayores desaf\u00edos para el desarrollo sostenible durante la Cumbre de la Tierra de R\u00edo de 1992. Dos a\u00f1os despu\u00e9s, en 1994, la Asamblea General estableci\u00f3 la\u00a0Convenci\u00f3n de las Naciones Unidas para Combatir la Desertificaci\u00f3n (CNULD-UNCCD)\u00a0, el [&hellip;]","og_url":"https:\/\/edumas.gov.co\/inicio\/2024\/06\/17\/dia-mundial-contra-la-desertificacion-y-la-sequia\/","og_site_name":"Edumas","article_published_time":"2024-06-17T19:50:00+00:00","article_modified_time":"2024-11-06T19:54:26+00:00","og_image":[{"width":1280,"height":600,"url":"https:\/\/edumas.gov.co\/wp-content\/uploads\/2024\/11\/WEB-Fechas-ambientales-2024-13.png","type":"image\/png"}],"author":"edumas","twitter_card":"summary_large_image","twitter_misc":{"Escrito por":"edumas","Tiempo de lectura":"2 minutos"},"schema":{"@context":"https:\/\/schema.org","@graph":[{"@type":"Article","@id":"https:\/\/edumas.gov.co\/inicio\/2024\/06\/17\/dia-mundial-contra-la-desertificacion-y-la-sequia\/#article","isPartOf":{"@id":"https:\/\/edumas.gov.co\/inicio\/2024\/06\/17\/dia-mundial-contra-la-desertificacion-y-la-sequia\/"},"author":{"name":"edumas","@id":"https:\/\/edumas.gov.co\/inicio\/#\/schema\/person\/e2e82a662fd06864325b88811079b05a"},"headline":"D\u00eda Mundial Contra la Desertificaci\u00f3n y la Sequ\u00eda","datePublished":"2024-06-17T19:50:00+00:00","dateModified":"2024-11-06T19:54:26+00:00","mainEntityOfPage":{"@id":"https:\/\/edumas.gov.co\/inicio\/2024\/06\/17\/dia-mundial-contra-la-desertificacion-y-la-sequia\/"},"wordCount":269,"commentCount":0,"publisher":{"@id":"https:\/\/edumas.gov.co\/inicio\/#organization"},"image":{"@id":"https:\/\/edumas.gov.co\/inicio\/2024\/06\/17\/dia-mundial-contra-la-desertificacion-y-la-sequia\/#primaryimage"},"thumbnailUrl":"https:\/\/edumas.gov.co\/wp-content\/uploads\/2024\/11\/WEB-Fechas-ambientales-2024-13.png","articleSection":["eventos"],"inLanguage":"es","potentialAction":[{"@type":"CommentAction","name":"Comment","target":["https:\/\/edumas.gov.co\/inicio\/2024\/06\/17\/dia-mundial-contra-la-desertificacion-y-la-sequia\/#respond"]}]},{"@type":"WebPage","@id":"https:\/\/edumas.gov.co\/inicio\/2024\/06\/17\/dia-mundial-contra-la-desertificacion-y-la-sequia\/","url":"https:\/\/edumas.gov.co\/inicio\/2024\/06\/17\/dia-mundial-contra-la-desertificacion-y-la-sequia\/","name":"D\u00eda Mundial Contra la Desertificaci\u00f3n y la Sequ\u00eda - Edumas","isPartOf":{"@id":"https:\/\/edumas.gov.co\/inicio\/#website"},"primaryImageOfPage":{"@id":"https:\/\/edumas.gov.co\/inicio\/2024\/06\/17\/dia-mundial-contra-la-desertificacion-y-la-sequia\/#primaryimage"},"image":{"@id":"https:\/\/edumas.gov.co\/inicio\/2024\/06\/17\/dia-mundial-contra-la-desertificacion-y-la-sequia\/#primaryimage"},"thumbnailUrl":"https:\/\/edumas.gov.co\/wp-content\/uploads\/2024\/11\/WEB-Fechas-ambientales-2024-13.png","datePublished":"2024-06-17T19:50:00+00:00","dateModified":"2024-11-06T19:54:26+00:00","breadcrumb":{"@id":"https:\/\/edumas.gov.co\/inicio\/2024\/06\/17\/dia-mundial-contra-la-desertificacion-y-la-sequia\/#breadcrumb"},"inLanguage":"es","potentialAction":[{"@type":"ReadAction","target":["https:\/\/edumas.gov.co\/inicio\/2024\/06\/17\/dia-mundial-contra-la-desertificacion-y-la-sequia\/"]}]},{"@type":"ImageObject","inLanguage":"es","@id":"https:\/\/edumas.gov.co\/inicio\/2024\/06\/17\/dia-mundial-contra-la-desertificacion-y-la-sequia\/#primaryimage","url":"https:\/\/edumas.gov.co\/wp-content\/uploads\/2024\/11\/WEB-Fechas-ambientales-2024-13.png","contentUrl":"https:\/\/edumas.gov.co\/wp-content\/uploads\/2024\/11\/WEB-Fechas-ambientales-2024-13.png","width":1280,"height":600},{"@type":"BreadcrumbList","@id":"https:\/\/edumas.gov.co\/inicio\/2024\/06\/17\/dia-mundial-contra-la-desertificacion-y-la-sequia\/#breadcrumb","itemListElement":[{"@type":"ListItem","position":1,"name":"Portada","item":"https:\/\/edumas.gov.co\/inicio\/"},{"@type":"ListItem","position":2,"name":"D\u00eda Mundial Contra la Desertificaci\u00f3n y la Sequ\u00eda"}]},{"@type":"WebSite","@id":"https:\/\/edumas.gov.co\/inicio\/#website","url":"https:\/\/edumas.gov.co\/inicio\/","name":"Edumas","description":"Edumas","publisher":{"@id":"https:\/\/edumas.gov.co\/inicio\/#organization"},"potentialAction":[{"@type":"SearchAction","target":{"@type":"EntryPoint","urlTemplate":"https:\/\/edumas.gov.co\/inicio\/?s={search_term_string}"},"query-input":{"@type":"PropertyValueSpecification","valueRequired":true,"valueName":"search_term_string"}}],"inLanguage":"es"},{"@type":"Organization","@id":"https:\/\/edumas.gov.co\/inicio\/#organization","name":"Edumas","url":"https:\/\/edumas.gov.co\/inicio\/","logo":{"@type":"ImageObject","inLanguage":"es","@id":"https:\/\/edumas.gov.co\/inicio\/#\/schema\/logo\/image\/","url":"https:\/\/edumas.gov.co\/wp-content\/uploads\/2024\/10\/Perfil-Instagram-PhotoRoom.png-PhotoRoom.png","contentUrl":"https:\/\/edumas.gov.co\/wp-content\/uploads\/2024\/10\/Perfil-Instagram-PhotoRoom.png-PhotoRoom.png","width":648,"height":233,"caption":"Edumas"},"image":{"@id":"https:\/\/edumas.gov.co\/inicio\/#\/schema\/logo\/image\/"}},{"@type":"Person","@id":"https:\/\/edumas.gov.co\/inicio\/#\/schema\/person\/e2e82a662fd06864325b88811079b05a","name":"edumas","image":{"@type":"ImageObject","inLanguage":"es","@id":"https:\/\/edumas.gov.co\/wp-content\/uploads\/2025\/03\/WhatsApp-Image-2025-03-06-at-12.44.58-PM-150x150.jpeg","url":"https:\/\/edumas.gov.co\/wp-content\/uploads\/2025\/03\/WhatsApp-Image-2025-03-06-at-12.44.58-PM-150x150.jpeg","contentUrl":"https:\/\/edumas.gov.co\/wp-content\/uploads\/2025\/03\/WhatsApp-Image-2025-03-06-at-12.44.58-PM-150x150.jpeg","caption":"edumas"},"sameAs":["https:\/\/test.edumas.gov.co"],"url":"https:\/\/edumas.gov.co\/inicio\/author\/edumas\/"}]}},"_links":{"self":[{"href":"https:\/\/edumas.gov.co\/inicio\/wp-json\/wp\/v2\/posts\/4697","targetHints":{"allow":["GET"]}}],"collection":[{"href":"https:\/\/edumas.gov.co\/inicio\/wp-json\/wp\/v2\/posts"}],"about":[{"href":"https:\/\/edumas.gov.co\/inicio\/wp-json\/wp\/v2\/types\/post"}],"author":[{"embeddable":true,"href":"https:\/\/edumas.gov.co\/inicio\/wp-json\/wp\/v2\/users\/1"}],"replies":[{"embeddable":true,"href":"https:\/\/edumas.gov.co\/inicio\/wp-json\/wp\/v2\/comments?post=4697"}],"version-history":[{"count":1,"href":"https:\/\/edumas.gov.co\/inicio\/wp-json\/wp\/v2\/posts\/4697\/revisions"}],"predecessor-version":[{"id":4705,"href":"https:\/\/edumas.gov.co\/inicio\/wp-json\/wp\/v2\/posts\/4697\/revisions\/4705"}],"wp:featuredmedia":[{"embeddable":true,"href":"https:\/\/edumas.gov.co\/inicio\/wp-json\/wp\/v2\/media\/4698"}],"wp:attachment":[{"href":"https:\/\/edumas.gov.co\/inicio\/wp-json\/wp\/v2\/media?parent=4697"}],"wp:term":[{"taxonomy":"category","embeddable":true,"href":"https:\/\/edumas.gov.co\/inicio\/wp-json\/wp\/v2\/categories?post=4697"},{"taxonomy":"post_tag","embeddable":true,"href":"https:\/\/edumas.gov.co\/inicio\/wp-json\/wp\/v2\/tags?post=4697"}],"curies":[{"name":"wp","href":"https:\/\/api.w.org\/{rel}","templated":true}]}}