{"id":4964,"date":"2024-11-20T18:39:42","date_gmt":"2024-11-20T18:39:42","guid":{"rendered":"https:\/\/edumas.gov.co\/inicio\/?p=4964"},"modified":"2024-11-20T18:39:44","modified_gmt":"2024-11-20T18:39:44","slug":"avanza-la-siembra-masiva-de-arboles-en-soledad","status":"publish","type":"post","link":"https:\/\/edumas.gov.co\/inicio\/2024\/11\/20\/avanza-la-siembra-masiva-de-arboles-en-soledad\/","title":{"rendered":"Avanza la siembra masiva de \u00e1rboles en Soledad"},"content":{"rendered":"\n<p class=\"wp-block-paragraph\">Bajo la campa\u00f1a \u201cVerde es vida\u201d, la Alcald\u00eda de Soledad a trav\u00e9s del Establecimiento de Desarrollo Urbano y Medio Ambiente de Soledad \u2013 Edumas, contin\u00faa con la siembra masiva de \u00e1rboles de especies maderables y frutales con el objetivo de mitigar los efectos del cambio clim\u00e1tico y brindar al municipio m\u00e1s espacios verdes.<\/p>\n\n\n\n<div class=\"wp-block-media-text is-stacked-on-mobile\"><figure class=\"wp-block-media-text__media\"><img decoding=\"async\" src=\"https:\/\/edumas.gov.co\/wp-content\/uploads\/2024\/11\/Siembra-calle-30-1.jpeg\" alt=\"\" class=\"wp-image-4965 size-full\"\/><\/figure><div class=\"wp-block-media-text__content\">\n<p class=\"wp-block-paragraph\">En el d\u00eda de ayer se abonaron 32 \u00e1rboles m\u00e1s a los 635 que se han plantado en el presente a\u00f1o. \u00a0La siembra tuvo lugar en las \u00e1reas intervenidas por la empresa Interaseo a ra\u00edz del despeje de canales de aguas lluvias en la calle 30 por parte de la Alcald\u00eda de Soledad, cerca al Hospital de la Universidad del Norte.<\/p>\n<\/div><\/div>\n\n\n\n<p class=\"wp-block-paragraph\">La meta inmediata para la entidad, es sembrar en lo que resta del a\u00f1o, 2000 \u00e1rboles a lo largo del municipio, aprovechando la temporada de lluvias que contribuyen a su conservaci\u00f3n.<\/p>\n\n\n\n<p class=\"wp-block-paragraph\">De manera articulada, las siembras tambi\u00e9n responden a ocupar aquellos espacios p\u00fablicos que son utilizados como botaderos a cielo abierto y que una vez intervenidos, se deben poblar, para este caso, con \u00e1rboles.<\/p>\n\n\n\n<p class=\"wp-block-paragraph\">El Edumas complementa esta actividad con el involucramiento de la comunidad para la conservaci\u00f3n de las especies plantadas y la interiorizaci\u00f3n de que lograr una Soledad m\u00e1s verde, es responsabilidad de todos.<\/p>\n\n\n\n<div class=\"wp-block-jetpack-slideshow aligncenter\" data-effect=\"slide\"><div class=\"wp-block-jetpack-slideshow_container swiper-container\"><ul class=\"wp-block-jetpack-slideshow_swiper-wrapper swiper-wrapper\"><li class=\"wp-block-jetpack-slideshow_slide swiper-slide\"><figure><img decoding=\"async\" alt=\"\" class=\"wp-block-jetpack-slideshow_image wp-image-4966\" data-id=\"4966\" src=\"https:\/\/edumas.gov.co\/wp-content\/uploads\/2024\/11\/Siembra-calle-30-2.jpeg\"\/><\/figure><\/li><li class=\"wp-block-jetpack-slideshow_slide swiper-slide\"><figure><img decoding=\"async\" alt=\"\" class=\"wp-block-jetpack-slideshow_image wp-image-4967\" data-id=\"4967\" src=\"https:\/\/edumas.gov.co\/wp-content\/uploads\/2024\/11\/Siembra-calle-30-3.jpeg\"\/><\/figure><\/li><li class=\"wp-block-jetpack-slideshow_slide swiper-slide\"><figure><img decoding=\"async\" alt=\"\" class=\"wp-block-jetpack-slideshow_image wp-image-4968\" data-id=\"4968\" src=\"https:\/\/edumas.gov.co\/wp-content\/uploads\/2024\/11\/Siembra-calle-30-4.jpeg\"\/><\/figure><\/li><li class=\"wp-block-jetpack-slideshow_slide swiper-slide\"><figure><img decoding=\"async\" alt=\"\" class=\"wp-block-jetpack-slideshow_image wp-image-4969\" data-id=\"4969\" src=\"https:\/\/edumas.gov.co\/wp-content\/uploads\/2024\/11\/Siembra-calle-30-5.jpeg\"\/><\/figure><\/li><li class=\"wp-block-jetpack-slideshow_slide swiper-slide\"><figure><img decoding=\"async\" alt=\"\" class=\"wp-block-jetpack-slideshow_image wp-image-4965\" data-id=\"4965\" src=\"https:\/\/edumas.gov.co\/wp-content\/uploads\/2024\/11\/Siembra-calle-30-1.jpeg\"\/><\/figure><\/li><\/ul><a class=\"wp-block-jetpack-slideshow_button-prev swiper-button-prev swiper-button-white\" role=\"button\"><\/a><a class=\"wp-block-jetpack-slideshow_button-next swiper-button-next swiper-button-white\" role=\"button\"><\/a><a aria-label=\"Pause Slideshow\" class=\"wp-block-jetpack-slideshow_button-pause\" role=\"button\"><\/a><div class=\"wp-block-jetpack-slideshow_pagination swiper-pagination swiper-pagination-white\"><\/div><\/div><\/div>\n\n\n\n<figure class=\"wp-block-video\"><video height=\"720\" style=\"aspect-ratio: 1280 \/ 720;\" width=\"1280\" controls src=\"https:\/\/edumas.gov.co\/wp-content\/uploads\/2024\/11\/Video-siembra-calle-30.mp4\"><\/video><\/figure>\n","protected":false},"excerpt":{"rendered":"<p>Bajo la campa\u00f1a \u201cVerde es vida\u201d, la Alcald\u00eda de Soledad a trav\u00e9s del Establecimiento de Desarrollo Urbano y Medio Ambiente de Soledad \u2013 Edumas, contin\u00faa con la siembra masiva de \u00e1rboles de especies maderables y frutales con el objetivo de mitigar los efectos del cambio clim\u00e1tico y brindar al municipio m\u00e1s espacios verdes. En el [&hellip;]<\/p>\n","protected":false},"author":1,"featured_media":4968,"comment_status":"open","ping_status":"open","sticky":false,"template":"","format":"standard","meta":{"footnotes":""},"categories":[26],"tags":[],"class_list":["post-4964","post","type-post","status-publish","format-standard","has-post-thumbnail","hentry","category-noticias"],"yoast_head":"<!-- This site is optimized with the Yoast SEO plugin v27.4 - https:\/\/yoast.com\/product\/yoast-seo-wordpress\/ -->\n<title>Avanza la siembra masiva de \u00e1rboles en Soledad - Edumas<\/title>\n<meta name=\"robots\" content=\"index, follow, max-snippet:-1, max-image-preview:large, max-video-preview:-1\" \/>\n<link rel=\"canonical\" href=\"https:\/\/edumas.gov.co\/inicio\/2024\/11\/20\/avanza-la-siembra-masiva-de-arboles-en-soledad\/\" \/>\n<meta property=\"og:locale\" content=\"es_ES\" \/>\n<meta property=\"og:type\" content=\"article\" \/>\n<meta property=\"og:title\" content=\"Avanza la siembra masiva de \u00e1rboles en Soledad - Edumas\" \/>\n<meta property=\"og:description\" content=\"Bajo la campa\u00f1a \u201cVerde es vida\u201d, la Alcald\u00eda de Soledad a trav\u00e9s del Establecimiento de Desarrollo Urbano y Medio Ambiente de Soledad \u2013 Edumas, contin\u00faa con la siembra masiva de \u00e1rboles de especies maderables y frutales con el objetivo de mitigar los efectos del cambio clim\u00e1tico y brindar al municipio m\u00e1s espacios verdes. En el [&hellip;]\" \/>\n<meta property=\"og:url\" content=\"https:\/\/edumas.gov.co\/inicio\/2024\/11\/20\/avanza-la-siembra-masiva-de-arboles-en-soledad\/\" \/>\n<meta property=\"og:site_name\" content=\"Edumas\" \/>\n<meta property=\"article:published_time\" content=\"2024-11-20T18:39:42+00:00\" \/>\n<meta property=\"article:modified_time\" content=\"2024-11-20T18:39:44+00:00\" \/>\n<meta property=\"og:image\" content=\"https:\/\/edumas.gov.co\/wp-content\/uploads\/2024\/11\/Siembra-calle-30-4.jpeg\" \/>\n\t<meta property=\"og:image:width\" content=\"1\" \/>\n\t<meta property=\"og:image:height\" content=\"1\" \/>\n\t<meta property=\"og:image:type\" content=\"image\/jpeg\" \/>\n<meta name=\"author\" content=\"edumas\" \/>\n<meta name=\"twitter:card\" content=\"summary_large_image\" \/>\n<meta name=\"twitter:label1\" content=\"Escrito por\" \/>\n\t<meta name=\"twitter:data1\" content=\"edumas\" \/>\n\t<meta name=\"twitter:label2\" content=\"Tiempo de lectura\" \/>\n\t<meta name=\"twitter:data2\" content=\"3 minutos\" \/>\n<script type=\"application\/ld+json\" class=\"yoast-schema-graph\">{\"@context\":\"https:\\\/\\\/schema.org\",\"@graph\":[{\"@type\":\"Article\",\"@id\":\"https:\\\/\\\/edumas.gov.co\\\/inicio\\\/2024\\\/11\\\/20\\\/avanza-la-siembra-masiva-de-arboles-en-soledad\\\/#article\",\"isPartOf\":{\"@id\":\"https:\\\/\\\/edumas.gov.co\\\/inicio\\\/2024\\\/11\\\/20\\\/avanza-la-siembra-masiva-de-arboles-en-soledad\\\/\"},\"author\":{\"name\":\"edumas\",\"@id\":\"https:\\\/\\\/edumas.gov.co\\\/inicio\\\/#\\\/schema\\\/person\\\/e2e82a662fd06864325b88811079b05a\"},\"headline\":\"Avanza la siembra masiva de \u00e1rboles en Soledad\",\"datePublished\":\"2024-11-20T18:39:42+00:00\",\"dateModified\":\"2024-11-20T18:39:44+00:00\",\"mainEntityOfPage\":{\"@id\":\"https:\\\/\\\/edumas.gov.co\\\/inicio\\\/2024\\\/11\\\/20\\\/avanza-la-siembra-masiva-de-arboles-en-soledad\\\/\"},\"wordCount\":231,\"commentCount\":0,\"publisher\":{\"@id\":\"https:\\\/\\\/edumas.gov.co\\\/inicio\\\/#organization\"},\"image\":{\"@id\":\"https:\\\/\\\/edumas.gov.co\\\/inicio\\\/2024\\\/11\\\/20\\\/avanza-la-siembra-masiva-de-arboles-en-soledad\\\/#primaryimage\"},\"thumbnailUrl\":\"https:\\\/\\\/edumas.gov.co\\\/wp-content\\\/uploads\\\/2024\\\/11\\\/Siembra-calle-30-4.jpeg\",\"articleSection\":[\"noticias\"],\"inLanguage\":\"es\",\"potentialAction\":[{\"@type\":\"CommentAction\",\"name\":\"Comment\",\"target\":[\"https:\\\/\\\/edumas.gov.co\\\/inicio\\\/2024\\\/11\\\/20\\\/avanza-la-siembra-masiva-de-arboles-en-soledad\\\/#respond\"]}]},{\"@type\":\"WebPage\",\"@id\":\"https:\\\/\\\/edumas.gov.co\\\/inicio\\\/2024\\\/11\\\/20\\\/avanza-la-siembra-masiva-de-arboles-en-soledad\\\/\",\"url\":\"https:\\\/\\\/edumas.gov.co\\\/inicio\\\/2024\\\/11\\\/20\\\/avanza-la-siembra-masiva-de-arboles-en-soledad\\\/\",\"name\":\"Avanza la siembra masiva de \u00e1rboles en Soledad - Edumas\",\"isPartOf\":{\"@id\":\"https:\\\/\\\/edumas.gov.co\\\/inicio\\\/#website\"},\"primaryImageOfPage\":{\"@id\":\"https:\\\/\\\/edumas.gov.co\\\/inicio\\\/2024\\\/11\\\/20\\\/avanza-la-siembra-masiva-de-arboles-en-soledad\\\/#primaryimage\"},\"image\":{\"@id\":\"https:\\\/\\\/edumas.gov.co\\\/inicio\\\/2024\\\/11\\\/20\\\/avanza-la-siembra-masiva-de-arboles-en-soledad\\\/#primaryimage\"},\"thumbnailUrl\":\"https:\\\/\\\/edumas.gov.co\\\/wp-content\\\/uploads\\\/2024\\\/11\\\/Siembra-calle-30-4.jpeg\",\"datePublished\":\"2024-11-20T18:39:42+00:00\",\"dateModified\":\"2024-11-20T18:39:44+00:00\",\"breadcrumb\":{\"@id\":\"https:\\\/\\\/edumas.gov.co\\\/inicio\\\/2024\\\/11\\\/20\\\/avanza-la-siembra-masiva-de-arboles-en-soledad\\\/#breadcrumb\"},\"inLanguage\":\"es\",\"potentialAction\":[{\"@type\":\"ReadAction\",\"target\":[\"https:\\\/\\\/edumas.gov.co\\\/inicio\\\/2024\\\/11\\\/20\\\/avanza-la-siembra-masiva-de-arboles-en-soledad\\\/\"]}]},{\"@type\":\"ImageObject\",\"inLanguage\":\"es\",\"@id\":\"https:\\\/\\\/edumas.gov.co\\\/inicio\\\/2024\\\/11\\\/20\\\/avanza-la-siembra-masiva-de-arboles-en-soledad\\\/#primaryimage\",\"url\":\"https:\\\/\\\/edumas.gov.co\\\/wp-content\\\/uploads\\\/2024\\\/11\\\/Siembra-calle-30-4.jpeg\",\"contentUrl\":\"https:\\\/\\\/edumas.gov.co\\\/wp-content\\\/uploads\\\/2024\\\/11\\\/Siembra-calle-30-4.jpeg\"},{\"@type\":\"BreadcrumbList\",\"@id\":\"https:\\\/\\\/edumas.gov.co\\\/inicio\\\/2024\\\/11\\\/20\\\/avanza-la-siembra-masiva-de-arboles-en-soledad\\\/#breadcrumb\",\"itemListElement\":[{\"@type\":\"ListItem\",\"position\":1,\"name\":\"Portada\",\"item\":\"https:\\\/\\\/edumas.gov.co\\\/inicio\\\/\"},{\"@type\":\"ListItem\",\"position\":2,\"name\":\"Avanza la siembra masiva de \u00e1rboles en Soledad\"}]},{\"@type\":\"WebSite\",\"@id\":\"https:\\\/\\\/edumas.gov.co\\\/inicio\\\/#website\",\"url\":\"https:\\\/\\\/edumas.gov.co\\\/inicio\\\/\",\"name\":\"Edumas\",\"description\":\"Edumas\",\"publisher\":{\"@id\":\"https:\\\/\\\/edumas.gov.co\\\/inicio\\\/#organization\"},\"potentialAction\":[{\"@type\":\"SearchAction\",\"target\":{\"@type\":\"EntryPoint\",\"urlTemplate\":\"https:\\\/\\\/edumas.gov.co\\\/inicio\\\/?s={search_term_string}\"},\"query-input\":{\"@type\":\"PropertyValueSpecification\",\"valueRequired\":true,\"valueName\":\"search_term_string\"}}],\"inLanguage\":\"es\"},{\"@type\":\"Organization\",\"@id\":\"https:\\\/\\\/edumas.gov.co\\\/inicio\\\/#organization\",\"name\":\"Edumas\",\"url\":\"https:\\\/\\\/edumas.gov.co\\\/inicio\\\/\",\"logo\":{\"@type\":\"ImageObject\",\"inLanguage\":\"es\",\"@id\":\"https:\\\/\\\/edumas.gov.co\\\/inicio\\\/#\\\/schema\\\/logo\\\/image\\\/\",\"url\":\"https:\\\/\\\/edumas.gov.co\\\/wp-content\\\/uploads\\\/2024\\\/10\\\/Perfil-Instagram-PhotoRoom.png-PhotoRoom.png\",\"contentUrl\":\"https:\\\/\\\/edumas.gov.co\\\/wp-content\\\/uploads\\\/2024\\\/10\\\/Perfil-Instagram-PhotoRoom.png-PhotoRoom.png\",\"width\":648,\"height\":233,\"caption\":\"Edumas\"},\"image\":{\"@id\":\"https:\\\/\\\/edumas.gov.co\\\/inicio\\\/#\\\/schema\\\/logo\\\/image\\\/\"}},{\"@type\":\"Person\",\"@id\":\"https:\\\/\\\/edumas.gov.co\\\/inicio\\\/#\\\/schema\\\/person\\\/e2e82a662fd06864325b88811079b05a\",\"name\":\"edumas\",\"image\":{\"@type\":\"ImageObject\",\"inLanguage\":\"es\",\"@id\":\"https:\\\/\\\/edumas.gov.co\\\/wp-content\\\/uploads\\\/2025\\\/03\\\/WhatsApp-Image-2025-03-06-at-12.44.58-PM-150x150.jpeg\",\"url\":\"https:\\\/\\\/edumas.gov.co\\\/wp-content\\\/uploads\\\/2025\\\/03\\\/WhatsApp-Image-2025-03-06-at-12.44.58-PM-150x150.jpeg\",\"contentUrl\":\"https:\\\/\\\/edumas.gov.co\\\/wp-content\\\/uploads\\\/2025\\\/03\\\/WhatsApp-Image-2025-03-06-at-12.44.58-PM-150x150.jpeg\",\"caption\":\"edumas\"},\"sameAs\":[\"https:\\\/\\\/test.edumas.gov.co\"],\"url\":\"https:\\\/\\\/edumas.gov.co\\\/inicio\\\/author\\\/edumas\\\/\"}]}<\/script>\n<!-- \/ Yoast SEO plugin. -->","yoast_head_json":{"title":"Avanza la siembra masiva de \u00e1rboles en Soledad - Edumas","robots":{"index":"index","follow":"follow","max-snippet":"max-snippet:-1","max-image-preview":"max-image-preview:large","max-video-preview":"max-video-preview:-1"},"canonical":"https:\/\/edumas.gov.co\/inicio\/2024\/11\/20\/avanza-la-siembra-masiva-de-arboles-en-soledad\/","og_locale":"es_ES","og_type":"article","og_title":"Avanza la siembra masiva de \u00e1rboles en Soledad - Edumas","og_description":"Bajo la campa\u00f1a \u201cVerde es vida\u201d, la Alcald\u00eda de Soledad a trav\u00e9s del Establecimiento de Desarrollo Urbano y Medio Ambiente de Soledad \u2013 Edumas, contin\u00faa con la siembra masiva de \u00e1rboles de especies maderables y frutales con el objetivo de mitigar los efectos del cambio clim\u00e1tico y brindar al municipio m\u00e1s espacios verdes. En el [&hellip;]","og_url":"https:\/\/edumas.gov.co\/inicio\/2024\/11\/20\/avanza-la-siembra-masiva-de-arboles-en-soledad\/","og_site_name":"Edumas","article_published_time":"2024-11-20T18:39:42+00:00","article_modified_time":"2024-11-20T18:39:44+00:00","og_image":[{"url":"https:\/\/edumas.gov.co\/wp-content\/uploads\/2024\/11\/Siembra-calle-30-4.jpeg","width":1,"height":1,"type":"image\/jpeg"}],"author":"edumas","twitter_card":"summary_large_image","twitter_misc":{"Escrito por":"edumas","Tiempo de lectura":"3 minutos"},"schema":{"@context":"https:\/\/schema.org","@graph":[{"@type":"Article","@id":"https:\/\/edumas.gov.co\/inicio\/2024\/11\/20\/avanza-la-siembra-masiva-de-arboles-en-soledad\/#article","isPartOf":{"@id":"https:\/\/edumas.gov.co\/inicio\/2024\/11\/20\/avanza-la-siembra-masiva-de-arboles-en-soledad\/"},"author":{"name":"edumas","@id":"https:\/\/edumas.gov.co\/inicio\/#\/schema\/person\/e2e82a662fd06864325b88811079b05a"},"headline":"Avanza la siembra masiva de \u00e1rboles en Soledad","datePublished":"2024-11-20T18:39:42+00:00","dateModified":"2024-11-20T18:39:44+00:00","mainEntityOfPage":{"@id":"https:\/\/edumas.gov.co\/inicio\/2024\/11\/20\/avanza-la-siembra-masiva-de-arboles-en-soledad\/"},"wordCount":231,"commentCount":0,"publisher":{"@id":"https:\/\/edumas.gov.co\/inicio\/#organization"},"image":{"@id":"https:\/\/edumas.gov.co\/inicio\/2024\/11\/20\/avanza-la-siembra-masiva-de-arboles-en-soledad\/#primaryimage"},"thumbnailUrl":"https:\/\/edumas.gov.co\/wp-content\/uploads\/2024\/11\/Siembra-calle-30-4.jpeg","articleSection":["noticias"],"inLanguage":"es","potentialAction":[{"@type":"CommentAction","name":"Comment","target":["https:\/\/edumas.gov.co\/inicio\/2024\/11\/20\/avanza-la-siembra-masiva-de-arboles-en-soledad\/#respond"]}]},{"@type":"WebPage","@id":"https:\/\/edumas.gov.co\/inicio\/2024\/11\/20\/avanza-la-siembra-masiva-de-arboles-en-soledad\/","url":"https:\/\/edumas.gov.co\/inicio\/2024\/11\/20\/avanza-la-siembra-masiva-de-arboles-en-soledad\/","name":"Avanza la siembra masiva de \u00e1rboles en Soledad - Edumas","isPartOf":{"@id":"https:\/\/edumas.gov.co\/inicio\/#website"},"primaryImageOfPage":{"@id":"https:\/\/edumas.gov.co\/inicio\/2024\/11\/20\/avanza-la-siembra-masiva-de-arboles-en-soledad\/#primaryimage"},"image":{"@id":"https:\/\/edumas.gov.co\/inicio\/2024\/11\/20\/avanza-la-siembra-masiva-de-arboles-en-soledad\/#primaryimage"},"thumbnailUrl":"https:\/\/edumas.gov.co\/wp-content\/uploads\/2024\/11\/Siembra-calle-30-4.jpeg","datePublished":"2024-11-20T18:39:42+00:00","dateModified":"2024-11-20T18:39:44+00:00","breadcrumb":{"@id":"https:\/\/edumas.gov.co\/inicio\/2024\/11\/20\/avanza-la-siembra-masiva-de-arboles-en-soledad\/#breadcrumb"},"inLanguage":"es","potentialAction":[{"@type":"ReadAction","target":["https:\/\/edumas.gov.co\/inicio\/2024\/11\/20\/avanza-la-siembra-masiva-de-arboles-en-soledad\/"]}]},{"@type":"ImageObject","inLanguage":"es","@id":"https:\/\/edumas.gov.co\/inicio\/2024\/11\/20\/avanza-la-siembra-masiva-de-arboles-en-soledad\/#primaryimage","url":"https:\/\/edumas.gov.co\/wp-content\/uploads\/2024\/11\/Siembra-calle-30-4.jpeg","contentUrl":"https:\/\/edumas.gov.co\/wp-content\/uploads\/2024\/11\/Siembra-calle-30-4.jpeg"},{"@type":"BreadcrumbList","@id":"https:\/\/edumas.gov.co\/inicio\/2024\/11\/20\/avanza-la-siembra-masiva-de-arboles-en-soledad\/#breadcrumb","itemListElement":[{"@type":"ListItem","position":1,"name":"Portada","item":"https:\/\/edumas.gov.co\/inicio\/"},{"@type":"ListItem","position":2,"name":"Avanza la siembra masiva de \u00e1rboles en Soledad"}]},{"@type":"WebSite","@id":"https:\/\/edumas.gov.co\/inicio\/#website","url":"https:\/\/edumas.gov.co\/inicio\/","name":"Edumas","description":"Edumas","publisher":{"@id":"https:\/\/edumas.gov.co\/inicio\/#organization"},"potentialAction":[{"@type":"SearchAction","target":{"@type":"EntryPoint","urlTemplate":"https:\/\/edumas.gov.co\/inicio\/?s={search_term_string}"},"query-input":{"@type":"PropertyValueSpecification","valueRequired":true,"valueName":"search_term_string"}}],"inLanguage":"es"},{"@type":"Organization","@id":"https:\/\/edumas.gov.co\/inicio\/#organization","name":"Edumas","url":"https:\/\/edumas.gov.co\/inicio\/","logo":{"@type":"ImageObject","inLanguage":"es","@id":"https:\/\/edumas.gov.co\/inicio\/#\/schema\/logo\/image\/","url":"https:\/\/edumas.gov.co\/wp-content\/uploads\/2024\/10\/Perfil-Instagram-PhotoRoom.png-PhotoRoom.png","contentUrl":"https:\/\/edumas.gov.co\/wp-content\/uploads\/2024\/10\/Perfil-Instagram-PhotoRoom.png-PhotoRoom.png","width":648,"height":233,"caption":"Edumas"},"image":{"@id":"https:\/\/edumas.gov.co\/inicio\/#\/schema\/logo\/image\/"}},{"@type":"Person","@id":"https:\/\/edumas.gov.co\/inicio\/#\/schema\/person\/e2e82a662fd06864325b88811079b05a","name":"edumas","image":{"@type":"ImageObject","inLanguage":"es","@id":"https:\/\/edumas.gov.co\/wp-content\/uploads\/2025\/03\/WhatsApp-Image-2025-03-06-at-12.44.58-PM-150x150.jpeg","url":"https:\/\/edumas.gov.co\/wp-content\/uploads\/2025\/03\/WhatsApp-Image-2025-03-06-at-12.44.58-PM-150x150.jpeg","contentUrl":"https:\/\/edumas.gov.co\/wp-content\/uploads\/2025\/03\/WhatsApp-Image-2025-03-06-at-12.44.58-PM-150x150.jpeg","caption":"edumas"},"sameAs":["https:\/\/test.edumas.gov.co"],"url":"https:\/\/edumas.gov.co\/inicio\/author\/edumas\/"}]}},"_links":{"self":[{"href":"https:\/\/edumas.gov.co\/inicio\/wp-json\/wp\/v2\/posts\/4964","targetHints":{"allow":["GET"]}}],"collection":[{"href":"https:\/\/edumas.gov.co\/inicio\/wp-json\/wp\/v2\/posts"}],"about":[{"href":"https:\/\/edumas.gov.co\/inicio\/wp-json\/wp\/v2\/types\/post"}],"author":[{"embeddable":true,"href":"https:\/\/edumas.gov.co\/inicio\/wp-json\/wp\/v2\/users\/1"}],"replies":[{"embeddable":true,"href":"https:\/\/edumas.gov.co\/inicio\/wp-json\/wp\/v2\/comments?post=4964"}],"version-history":[{"count":1,"href":"https:\/\/edumas.gov.co\/inicio\/wp-json\/wp\/v2\/posts\/4964\/revisions"}],"predecessor-version":[{"id":4971,"href":"https:\/\/edumas.gov.co\/inicio\/wp-json\/wp\/v2\/posts\/4964\/revisions\/4971"}],"wp:featuredmedia":[{"embeddable":true,"href":"https:\/\/edumas.gov.co\/inicio\/wp-json\/wp\/v2\/media\/4968"}],"wp:attachment":[{"href":"https:\/\/edumas.gov.co\/inicio\/wp-json\/wp\/v2\/media?parent=4964"}],"wp:term":[{"taxonomy":"category","embeddable":true,"href":"https:\/\/edumas.gov.co\/inicio\/wp-json\/wp\/v2\/categories?post=4964"},{"taxonomy":"post_tag","embeddable":true,"href":"https:\/\/edumas.gov.co\/inicio\/wp-json\/wp\/v2\/tags?post=4964"}],"curies":[{"name":"wp","href":"https:\/\/api.w.org\/{rel}","templated":true}]}}