{"id":5007,"date":"2024-11-25T16:40:05","date_gmt":"2024-11-25T16:40:05","guid":{"rendered":"https:\/\/edumas.gov.co\/inicio\/?p=5007"},"modified":"2024-11-25T16:43:30","modified_gmt":"2024-11-25T16:43:30","slug":"convocatoria-a-las-asociaciones-de-recicladores-de-oficio-para-reportar-sus-establecimientos","status":"publish","type":"post","link":"https:\/\/edumas.gov.co\/inicio\/2024\/11\/25\/convocatoria-a-las-asociaciones-de-recicladores-de-oficio-para-reportar-sus-establecimientos\/","title":{"rendered":"Convocatoria a las Asociaciones de Recicladores de Oficio para reportar sus establecimientos"},"content":{"rendered":"\n<p class=\"wp-block-paragraph\">El Establecimiento de Desarrollo Urbano y Medio Ambiente &#8211; Edumas, se permite informar el procedimiento y plazo para que las organizaciones de recicladores de Soledad que se encuentran en el Registro \u00danico de Organizaciones de Recicladores &#8211; RUOR- y que se encuentran inscritas ante la Superintendencia de Servicios P\u00fablicos Domiciliarios &#8211; SSPD, como prestadores de la actividad de aprovechamiento que se acogieron al r\u00e9gimen de formalizaci\u00f3n progresiva y realicen el reporte de su organizaci\u00f3n.<\/p>\n\n\n\n<p class=\"wp-block-paragraph\">El Representante Legal de la organizaci\u00f3n de recicladores, deber\u00e1 radicar ante el Edumas de manera virtual en la p\u00e1gina <a href=\"http:\/\/www.edumas.gov.co\">www.edumas.gov.co<\/a> en el link <a href=\"https:\/\/edumas.gov.co\/inicio\/pqrds\/\">PQRS<\/a> la siguiente informaci\u00f3n:<\/p>\n\n\n\n<ol style=\"list-style-type:lower-alpha\" class=\"wp-block-list\">\n<li>Direcci\u00f3n exacta de su organizaci\u00f3n.<\/li>\n\n\n\n<li>Barrio en el que se ubica.<\/li>\n\n\n\n<li>Coordenadas geogr\u00e1ficas.<\/li>\n\n\n\n<li>Concepto de Uso del suelo expedido por Planeaci\u00f3n Municipal.<\/li>\n\n\n\n<li>RUPS.<\/li>\n\n\n\n<li>Certificado de Bomberos: Sistemas de prevenci\u00f3n de incendios.<\/li>\n\n\n\n<li>Listado de recicladores de oficio afiliados a su organizaci\u00f3n (2024), en lista de Excel.<\/li>\n<\/ol>\n\n\n\n<p class=\"wp-block-paragraph\"><\/p>\n\n\n\n<p class=\"wp-block-paragraph\">Este reporte deber\u00e1 realizarse a m\u00e1s tardar el <strong>martes 26 de noviembre<\/strong> a la 1:00 pm, con la informaci\u00f3n completa.<\/p>\n\n\n\n<p class=\"wp-block-paragraph\">En el marco del convenio interadministrativo No SG-CI-2024-C006, suscrito entre el municipio de Soledad y el Edumas, el ente descentralizado cuenta con las asignaciones de analizar y recopilar informaci\u00f3n para la actualizaci\u00f3n de recicladores pertenecientes a agremiaciones, diagnosticar cantidad de bodegas, centros de acopio y Estaciones de Clasificaci\u00f3n y Aprovechamiento.<\/p>\n","protected":false},"excerpt":{"rendered":"<p>El Establecimiento de Desarrollo Urbano y Medio Ambiente &#8211; Edumas, se permite informar el procedimiento y plazo para que las organizaciones de recicladores de Soledad que se encuentran en el Registro \u00danico de Organizaciones de Recicladores &#8211; RUOR- y que se encuentran inscritas ante la Superintendencia de Servicios P\u00fablicos Domiciliarios &#8211; SSPD, como prestadores de [&hellip;]<\/p>\n","protected":false},"author":1,"featured_media":5014,"comment_status":"open","ping_status":"open","sticky":false,"template":"","format":"standard","meta":{"footnotes":""},"categories":[26],"tags":[],"class_list":["post-5007","post","type-post","status-publish","format-standard","has-post-thumbnail","hentry","category-noticias"],"yoast_head":"<!-- This site is optimized with the Yoast SEO plugin v27.4 - https:\/\/yoast.com\/product\/yoast-seo-wordpress\/ -->\n<title>Convocatoria a las Asociaciones de Recicladores de Oficio para reportar sus establecimientos - Edumas<\/title>\n<meta name=\"robots\" content=\"index, follow, max-snippet:-1, max-image-preview:large, max-video-preview:-1\" \/>\n<link rel=\"canonical\" href=\"https:\/\/edumas.gov.co\/inicio\/2024\/11\/25\/convocatoria-a-las-asociaciones-de-recicladores-de-oficio-para-reportar-sus-establecimientos\/\" \/>\n<meta property=\"og:locale\" content=\"es_ES\" \/>\n<meta property=\"og:type\" content=\"article\" \/>\n<meta property=\"og:title\" content=\"Convocatoria a las Asociaciones de Recicladores de Oficio para reportar sus establecimientos - Edumas\" \/>\n<meta property=\"og:description\" content=\"El Establecimiento de Desarrollo Urbano y Medio Ambiente &#8211; Edumas, se permite informar el procedimiento y plazo para que las organizaciones de recicladores de Soledad que se encuentran en el Registro \u00danico de Organizaciones de Recicladores &#8211; RUOR- y que se encuentran inscritas ante la Superintendencia de Servicios P\u00fablicos Domiciliarios &#8211; SSPD, como prestadores de [&hellip;]\" \/>\n<meta property=\"og:url\" content=\"https:\/\/edumas.gov.co\/inicio\/2024\/11\/25\/convocatoria-a-las-asociaciones-de-recicladores-de-oficio-para-reportar-sus-establecimientos\/\" \/>\n<meta property=\"og:site_name\" content=\"Edumas\" \/>\n<meta property=\"article:published_time\" content=\"2024-11-25T16:40:05+00:00\" \/>\n<meta property=\"article:modified_time\" content=\"2024-11-25T16:43:30+00:00\" \/>\n<meta property=\"og:image\" content=\"https:\/\/edumas.gov.co\/wp-content\/uploads\/2024\/11\/17_MAYO_2018-RECICLADORES-FOTO_1.jpg\" \/>\n\t<meta property=\"og:image:width\" content=\"1920\" \/>\n\t<meta property=\"og:image:height\" content=\"1080\" \/>\n\t<meta property=\"og:image:type\" content=\"image\/jpeg\" \/>\n<meta name=\"author\" content=\"edumas\" \/>\n<meta name=\"twitter:card\" content=\"summary_large_image\" \/>\n<meta name=\"twitter:label1\" content=\"Escrito por\" \/>\n\t<meta name=\"twitter:data1\" content=\"edumas\" \/>\n\t<meta name=\"twitter:label2\" content=\"Tiempo de lectura\" \/>\n\t<meta name=\"twitter:data2\" content=\"2 minutos\" \/>\n<script type=\"application\/ld+json\" class=\"yoast-schema-graph\">{\"@context\":\"https:\\\/\\\/schema.org\",\"@graph\":[{\"@type\":\"Article\",\"@id\":\"https:\\\/\\\/edumas.gov.co\\\/inicio\\\/2024\\\/11\\\/25\\\/convocatoria-a-las-asociaciones-de-recicladores-de-oficio-para-reportar-sus-establecimientos\\\/#article\",\"isPartOf\":{\"@id\":\"https:\\\/\\\/edumas.gov.co\\\/inicio\\\/2024\\\/11\\\/25\\\/convocatoria-a-las-asociaciones-de-recicladores-de-oficio-para-reportar-sus-establecimientos\\\/\"},\"author\":{\"name\":\"edumas\",\"@id\":\"https:\\\/\\\/edumas.gov.co\\\/inicio\\\/#\\\/schema\\\/person\\\/e2e82a662fd06864325b88811079b05a\"},\"headline\":\"Convocatoria a las Asociaciones de Recicladores de Oficio para reportar sus establecimientos\",\"datePublished\":\"2024-11-25T16:40:05+00:00\",\"dateModified\":\"2024-11-25T16:43:30+00:00\",\"mainEntityOfPage\":{\"@id\":\"https:\\\/\\\/edumas.gov.co\\\/inicio\\\/2024\\\/11\\\/25\\\/convocatoria-a-las-asociaciones-de-recicladores-de-oficio-para-reportar-sus-establecimientos\\\/\"},\"wordCount\":247,\"commentCount\":0,\"publisher\":{\"@id\":\"https:\\\/\\\/edumas.gov.co\\\/inicio\\\/#organization\"},\"image\":{\"@id\":\"https:\\\/\\\/edumas.gov.co\\\/inicio\\\/2024\\\/11\\\/25\\\/convocatoria-a-las-asociaciones-de-recicladores-de-oficio-para-reportar-sus-establecimientos\\\/#primaryimage\"},\"thumbnailUrl\":\"https:\\\/\\\/edumas.gov.co\\\/wp-content\\\/uploads\\\/2024\\\/11\\\/17_MAYO_2018-RECICLADORES-FOTO_1.jpg\",\"articleSection\":[\"noticias\"],\"inLanguage\":\"es\",\"potentialAction\":[{\"@type\":\"CommentAction\",\"name\":\"Comment\",\"target\":[\"https:\\\/\\\/edumas.gov.co\\\/inicio\\\/2024\\\/11\\\/25\\\/convocatoria-a-las-asociaciones-de-recicladores-de-oficio-para-reportar-sus-establecimientos\\\/#respond\"]}]},{\"@type\":\"WebPage\",\"@id\":\"https:\\\/\\\/edumas.gov.co\\\/inicio\\\/2024\\\/11\\\/25\\\/convocatoria-a-las-asociaciones-de-recicladores-de-oficio-para-reportar-sus-establecimientos\\\/\",\"url\":\"https:\\\/\\\/edumas.gov.co\\\/inicio\\\/2024\\\/11\\\/25\\\/convocatoria-a-las-asociaciones-de-recicladores-de-oficio-para-reportar-sus-establecimientos\\\/\",\"name\":\"Convocatoria a las Asociaciones de Recicladores de Oficio para reportar sus establecimientos - Edumas\",\"isPartOf\":{\"@id\":\"https:\\\/\\\/edumas.gov.co\\\/inicio\\\/#website\"},\"primaryImageOfPage\":{\"@id\":\"https:\\\/\\\/edumas.gov.co\\\/inicio\\\/2024\\\/11\\\/25\\\/convocatoria-a-las-asociaciones-de-recicladores-de-oficio-para-reportar-sus-establecimientos\\\/#primaryimage\"},\"image\":{\"@id\":\"https:\\\/\\\/edumas.gov.co\\\/inicio\\\/2024\\\/11\\\/25\\\/convocatoria-a-las-asociaciones-de-recicladores-de-oficio-para-reportar-sus-establecimientos\\\/#primaryimage\"},\"thumbnailUrl\":\"https:\\\/\\\/edumas.gov.co\\\/wp-content\\\/uploads\\\/2024\\\/11\\\/17_MAYO_2018-RECICLADORES-FOTO_1.jpg\",\"datePublished\":\"2024-11-25T16:40:05+00:00\",\"dateModified\":\"2024-11-25T16:43:30+00:00\",\"breadcrumb\":{\"@id\":\"https:\\\/\\\/edumas.gov.co\\\/inicio\\\/2024\\\/11\\\/25\\\/convocatoria-a-las-asociaciones-de-recicladores-de-oficio-para-reportar-sus-establecimientos\\\/#breadcrumb\"},\"inLanguage\":\"es\",\"potentialAction\":[{\"@type\":\"ReadAction\",\"target\":[\"https:\\\/\\\/edumas.gov.co\\\/inicio\\\/2024\\\/11\\\/25\\\/convocatoria-a-las-asociaciones-de-recicladores-de-oficio-para-reportar-sus-establecimientos\\\/\"]}]},{\"@type\":\"ImageObject\",\"inLanguage\":\"es\",\"@id\":\"https:\\\/\\\/edumas.gov.co\\\/inicio\\\/2024\\\/11\\\/25\\\/convocatoria-a-las-asociaciones-de-recicladores-de-oficio-para-reportar-sus-establecimientos\\\/#primaryimage\",\"url\":\"https:\\\/\\\/edumas.gov.co\\\/wp-content\\\/uploads\\\/2024\\\/11\\\/17_MAYO_2018-RECICLADORES-FOTO_1.jpg\",\"contentUrl\":\"https:\\\/\\\/edumas.gov.co\\\/wp-content\\\/uploads\\\/2024\\\/11\\\/17_MAYO_2018-RECICLADORES-FOTO_1.jpg\",\"width\":1920,\"height\":1080},{\"@type\":\"BreadcrumbList\",\"@id\":\"https:\\\/\\\/edumas.gov.co\\\/inicio\\\/2024\\\/11\\\/25\\\/convocatoria-a-las-asociaciones-de-recicladores-de-oficio-para-reportar-sus-establecimientos\\\/#breadcrumb\",\"itemListElement\":[{\"@type\":\"ListItem\",\"position\":1,\"name\":\"Portada\",\"item\":\"https:\\\/\\\/edumas.gov.co\\\/inicio\\\/\"},{\"@type\":\"ListItem\",\"position\":2,\"name\":\"Convocatoria a las Asociaciones de Recicladores de Oficio para reportar sus establecimientos\"}]},{\"@type\":\"WebSite\",\"@id\":\"https:\\\/\\\/edumas.gov.co\\\/inicio\\\/#website\",\"url\":\"https:\\\/\\\/edumas.gov.co\\\/inicio\\\/\",\"name\":\"Edumas\",\"description\":\"Edumas\",\"publisher\":{\"@id\":\"https:\\\/\\\/edumas.gov.co\\\/inicio\\\/#organization\"},\"potentialAction\":[{\"@type\":\"SearchAction\",\"target\":{\"@type\":\"EntryPoint\",\"urlTemplate\":\"https:\\\/\\\/edumas.gov.co\\\/inicio\\\/?s={search_term_string}\"},\"query-input\":{\"@type\":\"PropertyValueSpecification\",\"valueRequired\":true,\"valueName\":\"search_term_string\"}}],\"inLanguage\":\"es\"},{\"@type\":\"Organization\",\"@id\":\"https:\\\/\\\/edumas.gov.co\\\/inicio\\\/#organization\",\"name\":\"Edumas\",\"url\":\"https:\\\/\\\/edumas.gov.co\\\/inicio\\\/\",\"logo\":{\"@type\":\"ImageObject\",\"inLanguage\":\"es\",\"@id\":\"https:\\\/\\\/edumas.gov.co\\\/inicio\\\/#\\\/schema\\\/logo\\\/image\\\/\",\"url\":\"https:\\\/\\\/edumas.gov.co\\\/wp-content\\\/uploads\\\/2024\\\/10\\\/Perfil-Instagram-PhotoRoom.png-PhotoRoom.png\",\"contentUrl\":\"https:\\\/\\\/edumas.gov.co\\\/wp-content\\\/uploads\\\/2024\\\/10\\\/Perfil-Instagram-PhotoRoom.png-PhotoRoom.png\",\"width\":648,\"height\":233,\"caption\":\"Edumas\"},\"image\":{\"@id\":\"https:\\\/\\\/edumas.gov.co\\\/inicio\\\/#\\\/schema\\\/logo\\\/image\\\/\"}},{\"@type\":\"Person\",\"@id\":\"https:\\\/\\\/edumas.gov.co\\\/inicio\\\/#\\\/schema\\\/person\\\/e2e82a662fd06864325b88811079b05a\",\"name\":\"edumas\",\"image\":{\"@type\":\"ImageObject\",\"inLanguage\":\"es\",\"@id\":\"https:\\\/\\\/edumas.gov.co\\\/wp-content\\\/uploads\\\/2025\\\/03\\\/WhatsApp-Image-2025-03-06-at-12.44.58-PM-150x150.jpeg\",\"url\":\"https:\\\/\\\/edumas.gov.co\\\/wp-content\\\/uploads\\\/2025\\\/03\\\/WhatsApp-Image-2025-03-06-at-12.44.58-PM-150x150.jpeg\",\"contentUrl\":\"https:\\\/\\\/edumas.gov.co\\\/wp-content\\\/uploads\\\/2025\\\/03\\\/WhatsApp-Image-2025-03-06-at-12.44.58-PM-150x150.jpeg\",\"caption\":\"edumas\"},\"sameAs\":[\"https:\\\/\\\/test.edumas.gov.co\"],\"url\":\"https:\\\/\\\/edumas.gov.co\\\/inicio\\\/author\\\/edumas\\\/\"}]}<\/script>\n<!-- \/ Yoast SEO plugin. -->","yoast_head_json":{"title":"Convocatoria a las Asociaciones de Recicladores de Oficio para reportar sus establecimientos - Edumas","robots":{"index":"index","follow":"follow","max-snippet":"max-snippet:-1","max-image-preview":"max-image-preview:large","max-video-preview":"max-video-preview:-1"},"canonical":"https:\/\/edumas.gov.co\/inicio\/2024\/11\/25\/convocatoria-a-las-asociaciones-de-recicladores-de-oficio-para-reportar-sus-establecimientos\/","og_locale":"es_ES","og_type":"article","og_title":"Convocatoria a las Asociaciones de Recicladores de Oficio para reportar sus establecimientos - Edumas","og_description":"El Establecimiento de Desarrollo Urbano y Medio Ambiente &#8211; Edumas, se permite informar el procedimiento y plazo para que las organizaciones de recicladores de Soledad que se encuentran en el Registro \u00danico de Organizaciones de Recicladores &#8211; RUOR- y que se encuentran inscritas ante la Superintendencia de Servicios P\u00fablicos Domiciliarios &#8211; SSPD, como prestadores de [&hellip;]","og_url":"https:\/\/edumas.gov.co\/inicio\/2024\/11\/25\/convocatoria-a-las-asociaciones-de-recicladores-de-oficio-para-reportar-sus-establecimientos\/","og_site_name":"Edumas","article_published_time":"2024-11-25T16:40:05+00:00","article_modified_time":"2024-11-25T16:43:30+00:00","og_image":[{"width":1920,"height":1080,"url":"https:\/\/edumas.gov.co\/wp-content\/uploads\/2024\/11\/17_MAYO_2018-RECICLADORES-FOTO_1.jpg","type":"image\/jpeg"}],"author":"edumas","twitter_card":"summary_large_image","twitter_misc":{"Escrito por":"edumas","Tiempo de lectura":"2 minutos"},"schema":{"@context":"https:\/\/schema.org","@graph":[{"@type":"Article","@id":"https:\/\/edumas.gov.co\/inicio\/2024\/11\/25\/convocatoria-a-las-asociaciones-de-recicladores-de-oficio-para-reportar-sus-establecimientos\/#article","isPartOf":{"@id":"https:\/\/edumas.gov.co\/inicio\/2024\/11\/25\/convocatoria-a-las-asociaciones-de-recicladores-de-oficio-para-reportar-sus-establecimientos\/"},"author":{"name":"edumas","@id":"https:\/\/edumas.gov.co\/inicio\/#\/schema\/person\/e2e82a662fd06864325b88811079b05a"},"headline":"Convocatoria a las Asociaciones de Recicladores de Oficio para reportar sus establecimientos","datePublished":"2024-11-25T16:40:05+00:00","dateModified":"2024-11-25T16:43:30+00:00","mainEntityOfPage":{"@id":"https:\/\/edumas.gov.co\/inicio\/2024\/11\/25\/convocatoria-a-las-asociaciones-de-recicladores-de-oficio-para-reportar-sus-establecimientos\/"},"wordCount":247,"commentCount":0,"publisher":{"@id":"https:\/\/edumas.gov.co\/inicio\/#organization"},"image":{"@id":"https:\/\/edumas.gov.co\/inicio\/2024\/11\/25\/convocatoria-a-las-asociaciones-de-recicladores-de-oficio-para-reportar-sus-establecimientos\/#primaryimage"},"thumbnailUrl":"https:\/\/edumas.gov.co\/wp-content\/uploads\/2024\/11\/17_MAYO_2018-RECICLADORES-FOTO_1.jpg","articleSection":["noticias"],"inLanguage":"es","potentialAction":[{"@type":"CommentAction","name":"Comment","target":["https:\/\/edumas.gov.co\/inicio\/2024\/11\/25\/convocatoria-a-las-asociaciones-de-recicladores-de-oficio-para-reportar-sus-establecimientos\/#respond"]}]},{"@type":"WebPage","@id":"https:\/\/edumas.gov.co\/inicio\/2024\/11\/25\/convocatoria-a-las-asociaciones-de-recicladores-de-oficio-para-reportar-sus-establecimientos\/","url":"https:\/\/edumas.gov.co\/inicio\/2024\/11\/25\/convocatoria-a-las-asociaciones-de-recicladores-de-oficio-para-reportar-sus-establecimientos\/","name":"Convocatoria a las Asociaciones de Recicladores de Oficio para reportar sus establecimientos - Edumas","isPartOf":{"@id":"https:\/\/edumas.gov.co\/inicio\/#website"},"primaryImageOfPage":{"@id":"https:\/\/edumas.gov.co\/inicio\/2024\/11\/25\/convocatoria-a-las-asociaciones-de-recicladores-de-oficio-para-reportar-sus-establecimientos\/#primaryimage"},"image":{"@id":"https:\/\/edumas.gov.co\/inicio\/2024\/11\/25\/convocatoria-a-las-asociaciones-de-recicladores-de-oficio-para-reportar-sus-establecimientos\/#primaryimage"},"thumbnailUrl":"https:\/\/edumas.gov.co\/wp-content\/uploads\/2024\/11\/17_MAYO_2018-RECICLADORES-FOTO_1.jpg","datePublished":"2024-11-25T16:40:05+00:00","dateModified":"2024-11-25T16:43:30+00:00","breadcrumb":{"@id":"https:\/\/edumas.gov.co\/inicio\/2024\/11\/25\/convocatoria-a-las-asociaciones-de-recicladores-de-oficio-para-reportar-sus-establecimientos\/#breadcrumb"},"inLanguage":"es","potentialAction":[{"@type":"ReadAction","target":["https:\/\/edumas.gov.co\/inicio\/2024\/11\/25\/convocatoria-a-las-asociaciones-de-recicladores-de-oficio-para-reportar-sus-establecimientos\/"]}]},{"@type":"ImageObject","inLanguage":"es","@id":"https:\/\/edumas.gov.co\/inicio\/2024\/11\/25\/convocatoria-a-las-asociaciones-de-recicladores-de-oficio-para-reportar-sus-establecimientos\/#primaryimage","url":"https:\/\/edumas.gov.co\/wp-content\/uploads\/2024\/11\/17_MAYO_2018-RECICLADORES-FOTO_1.jpg","contentUrl":"https:\/\/edumas.gov.co\/wp-content\/uploads\/2024\/11\/17_MAYO_2018-RECICLADORES-FOTO_1.jpg","width":1920,"height":1080},{"@type":"BreadcrumbList","@id":"https:\/\/edumas.gov.co\/inicio\/2024\/11\/25\/convocatoria-a-las-asociaciones-de-recicladores-de-oficio-para-reportar-sus-establecimientos\/#breadcrumb","itemListElement":[{"@type":"ListItem","position":1,"name":"Portada","item":"https:\/\/edumas.gov.co\/inicio\/"},{"@type":"ListItem","position":2,"name":"Convocatoria a las Asociaciones de Recicladores de Oficio para reportar sus establecimientos"}]},{"@type":"WebSite","@id":"https:\/\/edumas.gov.co\/inicio\/#website","url":"https:\/\/edumas.gov.co\/inicio\/","name":"Edumas","description":"Edumas","publisher":{"@id":"https:\/\/edumas.gov.co\/inicio\/#organization"},"potentialAction":[{"@type":"SearchAction","target":{"@type":"EntryPoint","urlTemplate":"https:\/\/edumas.gov.co\/inicio\/?s={search_term_string}"},"query-input":{"@type":"PropertyValueSpecification","valueRequired":true,"valueName":"search_term_string"}}],"inLanguage":"es"},{"@type":"Organization","@id":"https:\/\/edumas.gov.co\/inicio\/#organization","name":"Edumas","url":"https:\/\/edumas.gov.co\/inicio\/","logo":{"@type":"ImageObject","inLanguage":"es","@id":"https:\/\/edumas.gov.co\/inicio\/#\/schema\/logo\/image\/","url":"https:\/\/edumas.gov.co\/wp-content\/uploads\/2024\/10\/Perfil-Instagram-PhotoRoom.png-PhotoRoom.png","contentUrl":"https:\/\/edumas.gov.co\/wp-content\/uploads\/2024\/10\/Perfil-Instagram-PhotoRoom.png-PhotoRoom.png","width":648,"height":233,"caption":"Edumas"},"image":{"@id":"https:\/\/edumas.gov.co\/inicio\/#\/schema\/logo\/image\/"}},{"@type":"Person","@id":"https:\/\/edumas.gov.co\/inicio\/#\/schema\/person\/e2e82a662fd06864325b88811079b05a","name":"edumas","image":{"@type":"ImageObject","inLanguage":"es","@id":"https:\/\/edumas.gov.co\/wp-content\/uploads\/2025\/03\/WhatsApp-Image-2025-03-06-at-12.44.58-PM-150x150.jpeg","url":"https:\/\/edumas.gov.co\/wp-content\/uploads\/2025\/03\/WhatsApp-Image-2025-03-06-at-12.44.58-PM-150x150.jpeg","contentUrl":"https:\/\/edumas.gov.co\/wp-content\/uploads\/2025\/03\/WhatsApp-Image-2025-03-06-at-12.44.58-PM-150x150.jpeg","caption":"edumas"},"sameAs":["https:\/\/test.edumas.gov.co"],"url":"https:\/\/edumas.gov.co\/inicio\/author\/edumas\/"}]}},"_links":{"self":[{"href":"https:\/\/edumas.gov.co\/inicio\/wp-json\/wp\/v2\/posts\/5007","targetHints":{"allow":["GET"]}}],"collection":[{"href":"https:\/\/edumas.gov.co\/inicio\/wp-json\/wp\/v2\/posts"}],"about":[{"href":"https:\/\/edumas.gov.co\/inicio\/wp-json\/wp\/v2\/types\/post"}],"author":[{"embeddable":true,"href":"https:\/\/edumas.gov.co\/inicio\/wp-json\/wp\/v2\/users\/1"}],"replies":[{"embeddable":true,"href":"https:\/\/edumas.gov.co\/inicio\/wp-json\/wp\/v2\/comments?post=5007"}],"version-history":[{"count":2,"href":"https:\/\/edumas.gov.co\/inicio\/wp-json\/wp\/v2\/posts\/5007\/revisions"}],"predecessor-version":[{"id":5013,"href":"https:\/\/edumas.gov.co\/inicio\/wp-json\/wp\/v2\/posts\/5007\/revisions\/5013"}],"wp:featuredmedia":[{"embeddable":true,"href":"https:\/\/edumas.gov.co\/inicio\/wp-json\/wp\/v2\/media\/5014"}],"wp:attachment":[{"href":"https:\/\/edumas.gov.co\/inicio\/wp-json\/wp\/v2\/media?parent=5007"}],"wp:term":[{"taxonomy":"category","embeddable":true,"href":"https:\/\/edumas.gov.co\/inicio\/wp-json\/wp\/v2\/categories?post=5007"},{"taxonomy":"post_tag","embeddable":true,"href":"https:\/\/edumas.gov.co\/inicio\/wp-json\/wp\/v2\/tags?post=5007"}],"curies":[{"name":"wp","href":"https:\/\/api.w.org\/{rel}","templated":true}]}}