{"id":5146,"date":"2024-12-10T14:24:42","date_gmt":"2024-12-10T14:24:42","guid":{"rendered":"https:\/\/edumas.gov.co\/inicio\/?p=5146"},"modified":"2024-12-10T14:24:52","modified_gmt":"2024-12-10T14:24:52","slug":"edumas-expone-avances-de-la-alcaldia-de-soledad-en-el-plan-ambiental-de-la-malla-perimetral-del-aeropuerto","status":"publish","type":"post","link":"https:\/\/edumas.gov.co\/inicio\/2024\/12\/10\/edumas-expone-avances-de-la-alcaldia-de-soledad-en-el-plan-ambiental-de-la-malla-perimetral-del-aeropuerto\/","title":{"rendered":"Edumas expone avances de la Alcald\u00eda de Soledad en el plan ambiental de la malla perimetral del aeropuerto"},"content":{"rendered":"\n<p class=\"wp-block-paragraph\">La Alcald\u00eda Municipal de Soledad a trav\u00e9s del Establecimiento de Desarrollo Urbano y Medio Ambiente &#8211; Edumas, a ra\u00edz del cierre de a\u00f1o, expuso ante el Comit\u00e9 Aeroportuario de Prevenci\u00f3n del Peligro Aviario y Fauna del Aeropuerto Internacional Ernesto Cortissoz, las acciones ejecutadas del plan de intervenci\u00f3n para el mejoramiento de las condiciones ambientales de las \u00e1reas perimetrales a la operaci\u00f3n a\u00e9rea, enmarcadas en el plan piloto \u201cPor una Soledad Limpia y Segura en el Aire\u201d.<\/p>\n\n\n\n<div class=\"wp-block-media-text is-stacked-on-mobile\"><figure class=\"wp-block-media-text__media\"><img fetchpriority=\"high\" decoding=\"async\" width=\"2560\" height=\"1440\" src=\"https:\/\/edumas.gov.co\/wp-content\/uploads\/2024\/12\/WhatsApp-Image-2024-12-09-at-4.31.18-PM-2-scaled.jpeg\" alt=\"\" class=\"wp-image-5150 size-full\" srcset=\"https:\/\/edumas.gov.co\/wp-content\/uploads\/2024\/12\/WhatsApp-Image-2024-12-09-at-4.31.18-PM-2-scaled.jpeg 2560w, https:\/\/edumas.gov.co\/wp-content\/uploads\/2024\/12\/WhatsApp-Image-2024-12-09-at-4.31.18-PM-2-300x169.jpeg 300w\" sizes=\"(max-width: 2560px) 100vw, 2560px\" \/><\/figure><div class=\"wp-block-media-text__content\">\n<p class=\"wp-block-paragraph\">La presentaci\u00f3n realizada por la gerente del Edumas, Carolina Correa Gallardo, resalt\u00f3 la articulaci\u00f3n que el ente descentralizado ha logrado con resultados visibles, entre los que se destacan las continuas inspecciones e intervenciones a predios circunvecinos, minimizando la presencia de fauna.<\/p>\n<\/div><\/div>\n\n\n\n<p class=\"wp-block-paragraph\">A partir de estos recorridos programados, se evidenci\u00f3 que, a la fecha, se control\u00f3 las iniciativas de invasi\u00f3n y\/o apropiaci\u00f3n de un terreno en la cabecera 23, tambi\u00e9n el cumplimiento ambiental de empresas cercanas e identificaci\u00f3n de puntos cr\u00edticos de residuos s\u00f3lidos, sobre los cuales se conmin\u00f3 a los propietarios privados, su limpieza.<\/p>\n\n\n\n<p class=\"wp-block-paragraph\">\u201cEsta administraci\u00f3n ha demostrado su compromiso en mitigar estas condiciones que por a\u00f1os se evidencian y afectan la operaci\u00f3n a\u00e9rea; es as\u00ed como estipul\u00f3 un plan de acci\u00f3n que juiciosamente hemos implementado en la medida de nuestras competencias\u201d, indic\u00f3 Carolina Correa, gerente del Edumas.<\/p>\n\n\n\n<p class=\"wp-block-paragraph\">Adicionalmente, junto a Interaseo y l\u00edderes de las Juntas de Acci\u00f3n Comunal vecinas al aeropuerto se realiz\u00f3 labores de limpieza a la cabecera 5, en la trocha El Renegado del barrio Ciudad Para\u00edso, en la que se extrajeron 228 toneladas de residuos s\u00f3lidos; todas estas acciones reforzadas con un programa de sensibilizaciones ambientales a los residentes de los barrios Vi\u00f1a del Rey, Villa del Rey, 23 de Noviembre, Renacer y Cuidad Para\u00edso.<\/p>\n\n\n\n<div class=\"wp-block-jetpack-slideshow aligncenter\" data-effect=\"slide\"><div class=\"wp-block-jetpack-slideshow_container swiper-container\"><ul class=\"wp-block-jetpack-slideshow_swiper-wrapper swiper-wrapper\"><li class=\"wp-block-jetpack-slideshow_slide swiper-slide\"><figure><img decoding=\"async\" width=\"2560\" height=\"1440\" alt=\"\" class=\"wp-block-jetpack-slideshow_image wp-image-5150\" data-id=\"5150\" src=\"https:\/\/edumas.gov.co\/wp-content\/uploads\/2024\/12\/WhatsApp-Image-2024-12-09-at-4.31.18-PM-2-scaled.jpeg\" srcset=\"https:\/\/edumas.gov.co\/wp-content\/uploads\/2024\/12\/WhatsApp-Image-2024-12-09-at-4.31.18-PM-2-scaled.jpeg 2560w, https:\/\/edumas.gov.co\/wp-content\/uploads\/2024\/12\/WhatsApp-Image-2024-12-09-at-4.31.18-PM-2-300x169.jpeg 300w\" sizes=\"(max-width: 2560px) 100vw, 2560px\" \/><\/figure><\/li><li class=\"wp-block-jetpack-slideshow_slide swiper-slide\"><figure><img decoding=\"async\" alt=\"\" class=\"wp-block-jetpack-slideshow_image wp-image-5149\" data-id=\"5149\" src=\"https:\/\/edumas.gov.co\/wp-content\/uploads\/2024\/12\/WhatsApp-Image-2024-12-09-at-4.31.18-PM-1.jpeg\"\/><\/figure><\/li><li class=\"wp-block-jetpack-slideshow_slide swiper-slide\"><figure><img decoding=\"async\" alt=\"\" class=\"wp-block-jetpack-slideshow_image wp-image-5148\" data-id=\"5148\" src=\"https:\/\/edumas.gov.co\/wp-content\/uploads\/2024\/12\/WhatsApp-Image-2024-12-09-at-4.31.17-PM.jpeg\"\/><\/figure><\/li><li class=\"wp-block-jetpack-slideshow_slide swiper-slide\"><figure><img decoding=\"async\" alt=\"\" class=\"wp-block-jetpack-slideshow_image wp-image-5147\" data-id=\"5147\" src=\"https:\/\/edumas.gov.co\/wp-content\/uploads\/2024\/12\/WhatsApp-Image-2024-12-09-at-4.31.15-PM.jpeg\"\/><\/figure><\/li><\/ul><a class=\"wp-block-jetpack-slideshow_button-prev swiper-button-prev swiper-button-white\" role=\"button\"><\/a><a class=\"wp-block-jetpack-slideshow_button-next swiper-button-next swiper-button-white\" role=\"button\"><\/a><a aria-label=\"Pause Slideshow\" class=\"wp-block-jetpack-slideshow_button-pause\" role=\"button\"><\/a><div class=\"wp-block-jetpack-slideshow_pagination swiper-pagination swiper-pagination-white\"><\/div><\/div><\/div>\n\n\n\n<figure class=\"wp-block-video\"><video height=\"720\" style=\"aspect-ratio: 1280 \/ 720;\" width=\"1280\" controls src=\"https:\/\/edumas.gov.co\/wp-content\/uploads\/2024\/12\/WhatsApp-Video-2024-12-09-at-4.30.11-PM-1.mp4\"><\/video><\/figure>\n","protected":false},"excerpt":{"rendered":"<p>La Alcald\u00eda Municipal de Soledad a trav\u00e9s del Establecimiento de Desarrollo Urbano y Medio Ambiente &#8211; Edumas, a ra\u00edz del cierre de a\u00f1o, expuso ante el Comit\u00e9 Aeroportuario de Prevenci\u00f3n del Peligro Aviario y Fauna del Aeropuerto Internacional Ernesto Cortissoz, las acciones ejecutadas del plan de intervenci\u00f3n para el mejoramiento de las condiciones ambientales de [&hellip;]<\/p>\n","protected":false},"author":1,"featured_media":5147,"comment_status":"open","ping_status":"open","sticky":false,"template":"","format":"standard","meta":{"footnotes":""},"categories":[26],"tags":[],"class_list":["post-5146","post","type-post","status-publish","format-standard","has-post-thumbnail","hentry","category-noticias"],"yoast_head":"<!-- This site is optimized with the Yoast SEO plugin v27.4 - https:\/\/yoast.com\/product\/yoast-seo-wordpress\/ -->\n<title>Edumas expone avances de la Alcald\u00eda de Soledad en el plan ambiental de la malla perimetral del aeropuerto - Edumas<\/title>\n<meta name=\"robots\" content=\"index, follow, max-snippet:-1, max-image-preview:large, max-video-preview:-1\" \/>\n<link rel=\"canonical\" href=\"https:\/\/edumas.gov.co\/inicio\/2024\/12\/10\/edumas-expone-avances-de-la-alcaldia-de-soledad-en-el-plan-ambiental-de-la-malla-perimetral-del-aeropuerto\/\" \/>\n<meta property=\"og:locale\" content=\"es_ES\" \/>\n<meta property=\"og:type\" content=\"article\" \/>\n<meta property=\"og:title\" content=\"Edumas expone avances de la Alcald\u00eda de Soledad en el plan ambiental de la malla perimetral del aeropuerto - Edumas\" \/>\n<meta property=\"og:description\" content=\"La Alcald\u00eda Municipal de Soledad a trav\u00e9s del Establecimiento de Desarrollo Urbano y Medio Ambiente &#8211; Edumas, a ra\u00edz del cierre de a\u00f1o, expuso ante el Comit\u00e9 Aeroportuario de Prevenci\u00f3n del Peligro Aviario y Fauna del Aeropuerto Internacional Ernesto Cortissoz, las acciones ejecutadas del plan de intervenci\u00f3n para el mejoramiento de las condiciones ambientales de [&hellip;]\" \/>\n<meta property=\"og:url\" content=\"https:\/\/edumas.gov.co\/inicio\/2024\/12\/10\/edumas-expone-avances-de-la-alcaldia-de-soledad-en-el-plan-ambiental-de-la-malla-perimetral-del-aeropuerto\/\" \/>\n<meta property=\"og:site_name\" content=\"Edumas\" \/>\n<meta property=\"article:published_time\" content=\"2024-12-10T14:24:42+00:00\" \/>\n<meta property=\"article:modified_time\" content=\"2024-12-10T14:24:52+00:00\" \/>\n<meta property=\"og:image\" content=\"https:\/\/edumas.gov.co\/wp-content\/uploads\/2024\/12\/WhatsApp-Image-2024-12-09-at-4.31.15-PM.jpeg\" \/>\n\t<meta property=\"og:image:width\" content=\"1\" \/>\n\t<meta property=\"og:image:height\" content=\"1\" \/>\n\t<meta property=\"og:image:type\" content=\"image\/jpeg\" \/>\n<meta name=\"author\" content=\"edumas\" \/>\n<meta name=\"twitter:card\" content=\"summary_large_image\" \/>\n<meta name=\"twitter:label1\" content=\"Escrito por\" \/>\n\t<meta name=\"twitter:data1\" content=\"edumas\" \/>\n\t<meta name=\"twitter:label2\" content=\"Tiempo de lectura\" \/>\n\t<meta name=\"twitter:data2\" content=\"3 minutos\" \/>\n<script type=\"application\/ld+json\" class=\"yoast-schema-graph\">{\"@context\":\"https:\\\/\\\/schema.org\",\"@graph\":[{\"@type\":\"Article\",\"@id\":\"https:\\\/\\\/edumas.gov.co\\\/inicio\\\/2024\\\/12\\\/10\\\/edumas-expone-avances-de-la-alcaldia-de-soledad-en-el-plan-ambiental-de-la-malla-perimetral-del-aeropuerto\\\/#article\",\"isPartOf\":{\"@id\":\"https:\\\/\\\/edumas.gov.co\\\/inicio\\\/2024\\\/12\\\/10\\\/edumas-expone-avances-de-la-alcaldia-de-soledad-en-el-plan-ambiental-de-la-malla-perimetral-del-aeropuerto\\\/\"},\"author\":{\"name\":\"edumas\",\"@id\":\"https:\\\/\\\/edumas.gov.co\\\/inicio\\\/#\\\/schema\\\/person\\\/e2e82a662fd06864325b88811079b05a\"},\"headline\":\"Edumas expone avances de la Alcald\u00eda de Soledad en el plan ambiental de la malla perimetral del aeropuerto\",\"datePublished\":\"2024-12-10T14:24:42+00:00\",\"dateModified\":\"2024-12-10T14:24:52+00:00\",\"mainEntityOfPage\":{\"@id\":\"https:\\\/\\\/edumas.gov.co\\\/inicio\\\/2024\\\/12\\\/10\\\/edumas-expone-avances-de-la-alcaldia-de-soledad-en-el-plan-ambiental-de-la-malla-perimetral-del-aeropuerto\\\/\"},\"wordCount\":329,\"commentCount\":0,\"publisher\":{\"@id\":\"https:\\\/\\\/edumas.gov.co\\\/inicio\\\/#organization\"},\"image\":{\"@id\":\"https:\\\/\\\/edumas.gov.co\\\/inicio\\\/2024\\\/12\\\/10\\\/edumas-expone-avances-de-la-alcaldia-de-soledad-en-el-plan-ambiental-de-la-malla-perimetral-del-aeropuerto\\\/#primaryimage\"},\"thumbnailUrl\":\"https:\\\/\\\/edumas.gov.co\\\/wp-content\\\/uploads\\\/2024\\\/12\\\/WhatsApp-Image-2024-12-09-at-4.31.15-PM.jpeg\",\"articleSection\":[\"noticias\"],\"inLanguage\":\"es\",\"potentialAction\":[{\"@type\":\"CommentAction\",\"name\":\"Comment\",\"target\":[\"https:\\\/\\\/edumas.gov.co\\\/inicio\\\/2024\\\/12\\\/10\\\/edumas-expone-avances-de-la-alcaldia-de-soledad-en-el-plan-ambiental-de-la-malla-perimetral-del-aeropuerto\\\/#respond\"]}]},{\"@type\":\"WebPage\",\"@id\":\"https:\\\/\\\/edumas.gov.co\\\/inicio\\\/2024\\\/12\\\/10\\\/edumas-expone-avances-de-la-alcaldia-de-soledad-en-el-plan-ambiental-de-la-malla-perimetral-del-aeropuerto\\\/\",\"url\":\"https:\\\/\\\/edumas.gov.co\\\/inicio\\\/2024\\\/12\\\/10\\\/edumas-expone-avances-de-la-alcaldia-de-soledad-en-el-plan-ambiental-de-la-malla-perimetral-del-aeropuerto\\\/\",\"name\":\"Edumas expone avances de la Alcald\u00eda de Soledad en el plan ambiental de la malla perimetral del aeropuerto - Edumas\",\"isPartOf\":{\"@id\":\"https:\\\/\\\/edumas.gov.co\\\/inicio\\\/#website\"},\"primaryImageOfPage\":{\"@id\":\"https:\\\/\\\/edumas.gov.co\\\/inicio\\\/2024\\\/12\\\/10\\\/edumas-expone-avances-de-la-alcaldia-de-soledad-en-el-plan-ambiental-de-la-malla-perimetral-del-aeropuerto\\\/#primaryimage\"},\"image\":{\"@id\":\"https:\\\/\\\/edumas.gov.co\\\/inicio\\\/2024\\\/12\\\/10\\\/edumas-expone-avances-de-la-alcaldia-de-soledad-en-el-plan-ambiental-de-la-malla-perimetral-del-aeropuerto\\\/#primaryimage\"},\"thumbnailUrl\":\"https:\\\/\\\/edumas.gov.co\\\/wp-content\\\/uploads\\\/2024\\\/12\\\/WhatsApp-Image-2024-12-09-at-4.31.15-PM.jpeg\",\"datePublished\":\"2024-12-10T14:24:42+00:00\",\"dateModified\":\"2024-12-10T14:24:52+00:00\",\"breadcrumb\":{\"@id\":\"https:\\\/\\\/edumas.gov.co\\\/inicio\\\/2024\\\/12\\\/10\\\/edumas-expone-avances-de-la-alcaldia-de-soledad-en-el-plan-ambiental-de-la-malla-perimetral-del-aeropuerto\\\/#breadcrumb\"},\"inLanguage\":\"es\",\"potentialAction\":[{\"@type\":\"ReadAction\",\"target\":[\"https:\\\/\\\/edumas.gov.co\\\/inicio\\\/2024\\\/12\\\/10\\\/edumas-expone-avances-de-la-alcaldia-de-soledad-en-el-plan-ambiental-de-la-malla-perimetral-del-aeropuerto\\\/\"]}]},{\"@type\":\"ImageObject\",\"inLanguage\":\"es\",\"@id\":\"https:\\\/\\\/edumas.gov.co\\\/inicio\\\/2024\\\/12\\\/10\\\/edumas-expone-avances-de-la-alcaldia-de-soledad-en-el-plan-ambiental-de-la-malla-perimetral-del-aeropuerto\\\/#primaryimage\",\"url\":\"https:\\\/\\\/edumas.gov.co\\\/wp-content\\\/uploads\\\/2024\\\/12\\\/WhatsApp-Image-2024-12-09-at-4.31.15-PM.jpeg\",\"contentUrl\":\"https:\\\/\\\/edumas.gov.co\\\/wp-content\\\/uploads\\\/2024\\\/12\\\/WhatsApp-Image-2024-12-09-at-4.31.15-PM.jpeg\"},{\"@type\":\"BreadcrumbList\",\"@id\":\"https:\\\/\\\/edumas.gov.co\\\/inicio\\\/2024\\\/12\\\/10\\\/edumas-expone-avances-de-la-alcaldia-de-soledad-en-el-plan-ambiental-de-la-malla-perimetral-del-aeropuerto\\\/#breadcrumb\",\"itemListElement\":[{\"@type\":\"ListItem\",\"position\":1,\"name\":\"Portada\",\"item\":\"https:\\\/\\\/edumas.gov.co\\\/inicio\\\/\"},{\"@type\":\"ListItem\",\"position\":2,\"name\":\"Edumas expone avances de la Alcald\u00eda de Soledad en el plan ambiental de la malla perimetral del aeropuerto\"}]},{\"@type\":\"WebSite\",\"@id\":\"https:\\\/\\\/edumas.gov.co\\\/inicio\\\/#website\",\"url\":\"https:\\\/\\\/edumas.gov.co\\\/inicio\\\/\",\"name\":\"Edumas\",\"description\":\"Edumas\",\"publisher\":{\"@id\":\"https:\\\/\\\/edumas.gov.co\\\/inicio\\\/#organization\"},\"potentialAction\":[{\"@type\":\"SearchAction\",\"target\":{\"@type\":\"EntryPoint\",\"urlTemplate\":\"https:\\\/\\\/edumas.gov.co\\\/inicio\\\/?s={search_term_string}\"},\"query-input\":{\"@type\":\"PropertyValueSpecification\",\"valueRequired\":true,\"valueName\":\"search_term_string\"}}],\"inLanguage\":\"es\"},{\"@type\":\"Organization\",\"@id\":\"https:\\\/\\\/edumas.gov.co\\\/inicio\\\/#organization\",\"name\":\"Edumas\",\"url\":\"https:\\\/\\\/edumas.gov.co\\\/inicio\\\/\",\"logo\":{\"@type\":\"ImageObject\",\"inLanguage\":\"es\",\"@id\":\"https:\\\/\\\/edumas.gov.co\\\/inicio\\\/#\\\/schema\\\/logo\\\/image\\\/\",\"url\":\"https:\\\/\\\/edumas.gov.co\\\/wp-content\\\/uploads\\\/2024\\\/10\\\/Perfil-Instagram-PhotoRoom.png-PhotoRoom.png\",\"contentUrl\":\"https:\\\/\\\/edumas.gov.co\\\/wp-content\\\/uploads\\\/2024\\\/10\\\/Perfil-Instagram-PhotoRoom.png-PhotoRoom.png\",\"width\":648,\"height\":233,\"caption\":\"Edumas\"},\"image\":{\"@id\":\"https:\\\/\\\/edumas.gov.co\\\/inicio\\\/#\\\/schema\\\/logo\\\/image\\\/\"}},{\"@type\":\"Person\",\"@id\":\"https:\\\/\\\/edumas.gov.co\\\/inicio\\\/#\\\/schema\\\/person\\\/e2e82a662fd06864325b88811079b05a\",\"name\":\"edumas\",\"image\":{\"@type\":\"ImageObject\",\"inLanguage\":\"es\",\"@id\":\"https:\\\/\\\/edumas.gov.co\\\/wp-content\\\/uploads\\\/2025\\\/03\\\/WhatsApp-Image-2025-03-06-at-12.44.58-PM-150x150.jpeg\",\"url\":\"https:\\\/\\\/edumas.gov.co\\\/wp-content\\\/uploads\\\/2025\\\/03\\\/WhatsApp-Image-2025-03-06-at-12.44.58-PM-150x150.jpeg\",\"contentUrl\":\"https:\\\/\\\/edumas.gov.co\\\/wp-content\\\/uploads\\\/2025\\\/03\\\/WhatsApp-Image-2025-03-06-at-12.44.58-PM-150x150.jpeg\",\"caption\":\"edumas\"},\"sameAs\":[\"https:\\\/\\\/test.edumas.gov.co\"],\"url\":\"https:\\\/\\\/edumas.gov.co\\\/inicio\\\/author\\\/edumas\\\/\"}]}<\/script>\n<!-- \/ Yoast SEO plugin. -->","yoast_head_json":{"title":"Edumas expone avances de la Alcald\u00eda de Soledad en el plan ambiental de la malla perimetral del aeropuerto - Edumas","robots":{"index":"index","follow":"follow","max-snippet":"max-snippet:-1","max-image-preview":"max-image-preview:large","max-video-preview":"max-video-preview:-1"},"canonical":"https:\/\/edumas.gov.co\/inicio\/2024\/12\/10\/edumas-expone-avances-de-la-alcaldia-de-soledad-en-el-plan-ambiental-de-la-malla-perimetral-del-aeropuerto\/","og_locale":"es_ES","og_type":"article","og_title":"Edumas expone avances de la Alcald\u00eda de Soledad en el plan ambiental de la malla perimetral del aeropuerto - Edumas","og_description":"La Alcald\u00eda Municipal de Soledad a trav\u00e9s del Establecimiento de Desarrollo Urbano y Medio Ambiente &#8211; Edumas, a ra\u00edz del cierre de a\u00f1o, expuso ante el Comit\u00e9 Aeroportuario de Prevenci\u00f3n del Peligro Aviario y Fauna del Aeropuerto Internacional Ernesto Cortissoz, las acciones ejecutadas del plan de intervenci\u00f3n para el mejoramiento de las condiciones ambientales de [&hellip;]","og_url":"https:\/\/edumas.gov.co\/inicio\/2024\/12\/10\/edumas-expone-avances-de-la-alcaldia-de-soledad-en-el-plan-ambiental-de-la-malla-perimetral-del-aeropuerto\/","og_site_name":"Edumas","article_published_time":"2024-12-10T14:24:42+00:00","article_modified_time":"2024-12-10T14:24:52+00:00","og_image":[{"url":"https:\/\/edumas.gov.co\/wp-content\/uploads\/2024\/12\/WhatsApp-Image-2024-12-09-at-4.31.15-PM.jpeg","width":1,"height":1,"type":"image\/jpeg"}],"author":"edumas","twitter_card":"summary_large_image","twitter_misc":{"Escrito por":"edumas","Tiempo de lectura":"3 minutos"},"schema":{"@context":"https:\/\/schema.org","@graph":[{"@type":"Article","@id":"https:\/\/edumas.gov.co\/inicio\/2024\/12\/10\/edumas-expone-avances-de-la-alcaldia-de-soledad-en-el-plan-ambiental-de-la-malla-perimetral-del-aeropuerto\/#article","isPartOf":{"@id":"https:\/\/edumas.gov.co\/inicio\/2024\/12\/10\/edumas-expone-avances-de-la-alcaldia-de-soledad-en-el-plan-ambiental-de-la-malla-perimetral-del-aeropuerto\/"},"author":{"name":"edumas","@id":"https:\/\/edumas.gov.co\/inicio\/#\/schema\/person\/e2e82a662fd06864325b88811079b05a"},"headline":"Edumas expone avances de la Alcald\u00eda de Soledad en el plan ambiental de la malla perimetral del aeropuerto","datePublished":"2024-12-10T14:24:42+00:00","dateModified":"2024-12-10T14:24:52+00:00","mainEntityOfPage":{"@id":"https:\/\/edumas.gov.co\/inicio\/2024\/12\/10\/edumas-expone-avances-de-la-alcaldia-de-soledad-en-el-plan-ambiental-de-la-malla-perimetral-del-aeropuerto\/"},"wordCount":329,"commentCount":0,"publisher":{"@id":"https:\/\/edumas.gov.co\/inicio\/#organization"},"image":{"@id":"https:\/\/edumas.gov.co\/inicio\/2024\/12\/10\/edumas-expone-avances-de-la-alcaldia-de-soledad-en-el-plan-ambiental-de-la-malla-perimetral-del-aeropuerto\/#primaryimage"},"thumbnailUrl":"https:\/\/edumas.gov.co\/wp-content\/uploads\/2024\/12\/WhatsApp-Image-2024-12-09-at-4.31.15-PM.jpeg","articleSection":["noticias"],"inLanguage":"es","potentialAction":[{"@type":"CommentAction","name":"Comment","target":["https:\/\/edumas.gov.co\/inicio\/2024\/12\/10\/edumas-expone-avances-de-la-alcaldia-de-soledad-en-el-plan-ambiental-de-la-malla-perimetral-del-aeropuerto\/#respond"]}]},{"@type":"WebPage","@id":"https:\/\/edumas.gov.co\/inicio\/2024\/12\/10\/edumas-expone-avances-de-la-alcaldia-de-soledad-en-el-plan-ambiental-de-la-malla-perimetral-del-aeropuerto\/","url":"https:\/\/edumas.gov.co\/inicio\/2024\/12\/10\/edumas-expone-avances-de-la-alcaldia-de-soledad-en-el-plan-ambiental-de-la-malla-perimetral-del-aeropuerto\/","name":"Edumas expone avances de la Alcald\u00eda de Soledad en el plan ambiental de la malla perimetral del aeropuerto - Edumas","isPartOf":{"@id":"https:\/\/edumas.gov.co\/inicio\/#website"},"primaryImageOfPage":{"@id":"https:\/\/edumas.gov.co\/inicio\/2024\/12\/10\/edumas-expone-avances-de-la-alcaldia-de-soledad-en-el-plan-ambiental-de-la-malla-perimetral-del-aeropuerto\/#primaryimage"},"image":{"@id":"https:\/\/edumas.gov.co\/inicio\/2024\/12\/10\/edumas-expone-avances-de-la-alcaldia-de-soledad-en-el-plan-ambiental-de-la-malla-perimetral-del-aeropuerto\/#primaryimage"},"thumbnailUrl":"https:\/\/edumas.gov.co\/wp-content\/uploads\/2024\/12\/WhatsApp-Image-2024-12-09-at-4.31.15-PM.jpeg","datePublished":"2024-12-10T14:24:42+00:00","dateModified":"2024-12-10T14:24:52+00:00","breadcrumb":{"@id":"https:\/\/edumas.gov.co\/inicio\/2024\/12\/10\/edumas-expone-avances-de-la-alcaldia-de-soledad-en-el-plan-ambiental-de-la-malla-perimetral-del-aeropuerto\/#breadcrumb"},"inLanguage":"es","potentialAction":[{"@type":"ReadAction","target":["https:\/\/edumas.gov.co\/inicio\/2024\/12\/10\/edumas-expone-avances-de-la-alcaldia-de-soledad-en-el-plan-ambiental-de-la-malla-perimetral-del-aeropuerto\/"]}]},{"@type":"ImageObject","inLanguage":"es","@id":"https:\/\/edumas.gov.co\/inicio\/2024\/12\/10\/edumas-expone-avances-de-la-alcaldia-de-soledad-en-el-plan-ambiental-de-la-malla-perimetral-del-aeropuerto\/#primaryimage","url":"https:\/\/edumas.gov.co\/wp-content\/uploads\/2024\/12\/WhatsApp-Image-2024-12-09-at-4.31.15-PM.jpeg","contentUrl":"https:\/\/edumas.gov.co\/wp-content\/uploads\/2024\/12\/WhatsApp-Image-2024-12-09-at-4.31.15-PM.jpeg"},{"@type":"BreadcrumbList","@id":"https:\/\/edumas.gov.co\/inicio\/2024\/12\/10\/edumas-expone-avances-de-la-alcaldia-de-soledad-en-el-plan-ambiental-de-la-malla-perimetral-del-aeropuerto\/#breadcrumb","itemListElement":[{"@type":"ListItem","position":1,"name":"Portada","item":"https:\/\/edumas.gov.co\/inicio\/"},{"@type":"ListItem","position":2,"name":"Edumas expone avances de la Alcald\u00eda de Soledad en el plan ambiental de la malla perimetral del aeropuerto"}]},{"@type":"WebSite","@id":"https:\/\/edumas.gov.co\/inicio\/#website","url":"https:\/\/edumas.gov.co\/inicio\/","name":"Edumas","description":"Edumas","publisher":{"@id":"https:\/\/edumas.gov.co\/inicio\/#organization"},"potentialAction":[{"@type":"SearchAction","target":{"@type":"EntryPoint","urlTemplate":"https:\/\/edumas.gov.co\/inicio\/?s={search_term_string}"},"query-input":{"@type":"PropertyValueSpecification","valueRequired":true,"valueName":"search_term_string"}}],"inLanguage":"es"},{"@type":"Organization","@id":"https:\/\/edumas.gov.co\/inicio\/#organization","name":"Edumas","url":"https:\/\/edumas.gov.co\/inicio\/","logo":{"@type":"ImageObject","inLanguage":"es","@id":"https:\/\/edumas.gov.co\/inicio\/#\/schema\/logo\/image\/","url":"https:\/\/edumas.gov.co\/wp-content\/uploads\/2024\/10\/Perfil-Instagram-PhotoRoom.png-PhotoRoom.png","contentUrl":"https:\/\/edumas.gov.co\/wp-content\/uploads\/2024\/10\/Perfil-Instagram-PhotoRoom.png-PhotoRoom.png","width":648,"height":233,"caption":"Edumas"},"image":{"@id":"https:\/\/edumas.gov.co\/inicio\/#\/schema\/logo\/image\/"}},{"@type":"Person","@id":"https:\/\/edumas.gov.co\/inicio\/#\/schema\/person\/e2e82a662fd06864325b88811079b05a","name":"edumas","image":{"@type":"ImageObject","inLanguage":"es","@id":"https:\/\/edumas.gov.co\/wp-content\/uploads\/2025\/03\/WhatsApp-Image-2025-03-06-at-12.44.58-PM-150x150.jpeg","url":"https:\/\/edumas.gov.co\/wp-content\/uploads\/2025\/03\/WhatsApp-Image-2025-03-06-at-12.44.58-PM-150x150.jpeg","contentUrl":"https:\/\/edumas.gov.co\/wp-content\/uploads\/2025\/03\/WhatsApp-Image-2025-03-06-at-12.44.58-PM-150x150.jpeg","caption":"edumas"},"sameAs":["https:\/\/test.edumas.gov.co"],"url":"https:\/\/edumas.gov.co\/inicio\/author\/edumas\/"}]}},"_links":{"self":[{"href":"https:\/\/edumas.gov.co\/inicio\/wp-json\/wp\/v2\/posts\/5146","targetHints":{"allow":["GET"]}}],"collection":[{"href":"https:\/\/edumas.gov.co\/inicio\/wp-json\/wp\/v2\/posts"}],"about":[{"href":"https:\/\/edumas.gov.co\/inicio\/wp-json\/wp\/v2\/types\/post"}],"author":[{"embeddable":true,"href":"https:\/\/edumas.gov.co\/inicio\/wp-json\/wp\/v2\/users\/1"}],"replies":[{"embeddable":true,"href":"https:\/\/edumas.gov.co\/inicio\/wp-json\/wp\/v2\/comments?post=5146"}],"version-history":[{"count":1,"href":"https:\/\/edumas.gov.co\/inicio\/wp-json\/wp\/v2\/posts\/5146\/revisions"}],"predecessor-version":[{"id":5154,"href":"https:\/\/edumas.gov.co\/inicio\/wp-json\/wp\/v2\/posts\/5146\/revisions\/5154"}],"wp:featuredmedia":[{"embeddable":true,"href":"https:\/\/edumas.gov.co\/inicio\/wp-json\/wp\/v2\/media\/5147"}],"wp:attachment":[{"href":"https:\/\/edumas.gov.co\/inicio\/wp-json\/wp\/v2\/media?parent=5146"}],"wp:term":[{"taxonomy":"category","embeddable":true,"href":"https:\/\/edumas.gov.co\/inicio\/wp-json\/wp\/v2\/categories?post=5146"},{"taxonomy":"post_tag","embeddable":true,"href":"https:\/\/edumas.gov.co\/inicio\/wp-json\/wp\/v2\/tags?post=5146"}],"curies":[{"name":"wp","href":"https:\/\/api.w.org\/{rel}","templated":true}]}}