{"id":5256,"date":"2024-12-23T15:25:55","date_gmt":"2024-12-23T15:25:55","guid":{"rendered":"https:\/\/edumas.gov.co\/inicio\/?p=5256"},"modified":"2024-12-23T15:25:59","modified_gmt":"2024-12-23T15:25:59","slug":"daniel-cure-munoz-gerente-e-del-edumas","status":"publish","type":"post","link":"https:\/\/edumas.gov.co\/inicio\/2024\/12\/23\/daniel-cure-munoz-gerente-e-del-edumas\/","title":{"rendered":"Daniel Cure Mu\u00f1oz, gerente (e) del Edumas"},"content":{"rendered":"\n<p class=\"wp-block-paragraph\">El equipo del Edumas le da la bienvenida a su nuevo gerente (e), Daniel Cure Mu\u00f1oz.<\/p>\n\n\n\n<p class=\"wp-block-paragraph\">El arquitecto Daniel Cure asume este nuevo reto en el ente ambiental y urban\u00edstico en el que lleva vinculado desde hace dos a\u00f1os, fungiendo como subgerente de Desarrollo Urbano.<\/p>\n\n\n\n<p class=\"wp-block-paragraph\">A la doctora Carolina Correa Gallardo agradecemos su excelente gesti\u00f3n en el Edumas y le deseamos grandes \u00e9xitos en su nuevo reto como secretaria de educaci\u00f3n del municipio.<\/p>\n\n\n\n<p class=\"wp-block-paragraph\"><\/p>\n","protected":false},"excerpt":{"rendered":"<p>El equipo del Edumas le da la bienvenida a su nuevo gerente (e), Daniel Cure Mu\u00f1oz. El arquitecto Daniel Cure asume este nuevo reto en el ente ambiental y urban\u00edstico en el que lleva vinculado desde hace dos a\u00f1os, fungiendo como subgerente de Desarrollo Urbano. A la doctora Carolina Correa Gallardo agradecemos su excelente gesti\u00f3n [&hellip;]<\/p>\n","protected":false},"author":1,"featured_media":5255,"comment_status":"open","ping_status":"open","sticky":false,"template":"","format":"standard","meta":{"footnotes":""},"categories":[26],"tags":[],"class_list":["post-5256","post","type-post","status-publish","format-standard","has-post-thumbnail","hentry","category-noticias"],"yoast_head":"<!-- This site is optimized with the Yoast SEO plugin v27.4 - https:\/\/yoast.com\/product\/yoast-seo-wordpress\/ -->\n<title>Daniel Cure Mu\u00f1oz, gerente (e) del Edumas - Edumas<\/title>\n<meta name=\"robots\" content=\"index, follow, max-snippet:-1, max-image-preview:large, max-video-preview:-1\" \/>\n<link rel=\"canonical\" href=\"https:\/\/edumas.gov.co\/inicio\/2024\/12\/23\/daniel-cure-munoz-gerente-e-del-edumas\/\" \/>\n<meta property=\"og:locale\" content=\"es_ES\" \/>\n<meta property=\"og:type\" content=\"article\" \/>\n<meta property=\"og:title\" content=\"Daniel Cure Mu\u00f1oz, gerente (e) del Edumas - Edumas\" \/>\n<meta property=\"og:description\" content=\"El equipo del Edumas le da la bienvenida a su nuevo gerente (e), Daniel Cure Mu\u00f1oz. El arquitecto Daniel Cure asume este nuevo reto en el ente ambiental y urban\u00edstico en el que lleva vinculado desde hace dos a\u00f1os, fungiendo como subgerente de Desarrollo Urbano. A la doctora Carolina Correa Gallardo agradecemos su excelente gesti\u00f3n [&hellip;]\" \/>\n<meta property=\"og:url\" content=\"https:\/\/edumas.gov.co\/inicio\/2024\/12\/23\/daniel-cure-munoz-gerente-e-del-edumas\/\" \/>\n<meta property=\"og:site_name\" content=\"Edumas\" \/>\n<meta property=\"article:published_time\" content=\"2024-12-23T15:25:55+00:00\" \/>\n<meta property=\"article:modified_time\" content=\"2024-12-23T15:25:59+00:00\" \/>\n<meta property=\"og:image\" content=\"https:\/\/edumas.gov.co\/wp-content\/uploads\/2024\/12\/Portada-de-noticias-fotos-1.png\" \/>\n\t<meta property=\"og:image:width\" content=\"1080\" \/>\n\t<meta property=\"og:image:height\" content=\"1080\" \/>\n\t<meta property=\"og:image:type\" content=\"image\/png\" \/>\n<meta name=\"author\" content=\"edumas\" \/>\n<meta name=\"twitter:card\" content=\"summary_large_image\" \/>\n<meta name=\"twitter:label1\" content=\"Escrito por\" \/>\n\t<meta name=\"twitter:data1\" content=\"edumas\" \/>\n\t<meta name=\"twitter:label2\" content=\"Tiempo de lectura\" \/>\n\t<meta name=\"twitter:data2\" content=\"1 minuto\" \/>\n<script type=\"application\/ld+json\" class=\"yoast-schema-graph\">{\"@context\":\"https:\\\/\\\/schema.org\",\"@graph\":[{\"@type\":\"Article\",\"@id\":\"https:\\\/\\\/edumas.gov.co\\\/inicio\\\/2024\\\/12\\\/23\\\/daniel-cure-munoz-gerente-e-del-edumas\\\/#article\",\"isPartOf\":{\"@id\":\"https:\\\/\\\/edumas.gov.co\\\/inicio\\\/2024\\\/12\\\/23\\\/daniel-cure-munoz-gerente-e-del-edumas\\\/\"},\"author\":{\"name\":\"edumas\",\"@id\":\"https:\\\/\\\/edumas.gov.co\\\/inicio\\\/#\\\/schema\\\/person\\\/e2e82a662fd06864325b88811079b05a\"},\"headline\":\"Daniel Cure Mu\u00f1oz, gerente (e) del Edumas\",\"datePublished\":\"2024-12-23T15:25:55+00:00\",\"dateModified\":\"2024-12-23T15:25:59+00:00\",\"mainEntityOfPage\":{\"@id\":\"https:\\\/\\\/edumas.gov.co\\\/inicio\\\/2024\\\/12\\\/23\\\/daniel-cure-munoz-gerente-e-del-edumas\\\/\"},\"wordCount\":86,\"commentCount\":0,\"publisher\":{\"@id\":\"https:\\\/\\\/edumas.gov.co\\\/inicio\\\/#organization\"},\"image\":{\"@id\":\"https:\\\/\\\/edumas.gov.co\\\/inicio\\\/2024\\\/12\\\/23\\\/daniel-cure-munoz-gerente-e-del-edumas\\\/#primaryimage\"},\"thumbnailUrl\":\"https:\\\/\\\/edumas.gov.co\\\/wp-content\\\/uploads\\\/2024\\\/12\\\/Portada-de-noticias-fotos-1.png\",\"articleSection\":[\"noticias\"],\"inLanguage\":\"es\",\"potentialAction\":[{\"@type\":\"CommentAction\",\"name\":\"Comment\",\"target\":[\"https:\\\/\\\/edumas.gov.co\\\/inicio\\\/2024\\\/12\\\/23\\\/daniel-cure-munoz-gerente-e-del-edumas\\\/#respond\"]}]},{\"@type\":\"WebPage\",\"@id\":\"https:\\\/\\\/edumas.gov.co\\\/inicio\\\/2024\\\/12\\\/23\\\/daniel-cure-munoz-gerente-e-del-edumas\\\/\",\"url\":\"https:\\\/\\\/edumas.gov.co\\\/inicio\\\/2024\\\/12\\\/23\\\/daniel-cure-munoz-gerente-e-del-edumas\\\/\",\"name\":\"Daniel Cure Mu\u00f1oz, gerente (e) del Edumas - Edumas\",\"isPartOf\":{\"@id\":\"https:\\\/\\\/edumas.gov.co\\\/inicio\\\/#website\"},\"primaryImageOfPage\":{\"@id\":\"https:\\\/\\\/edumas.gov.co\\\/inicio\\\/2024\\\/12\\\/23\\\/daniel-cure-munoz-gerente-e-del-edumas\\\/#primaryimage\"},\"image\":{\"@id\":\"https:\\\/\\\/edumas.gov.co\\\/inicio\\\/2024\\\/12\\\/23\\\/daniel-cure-munoz-gerente-e-del-edumas\\\/#primaryimage\"},\"thumbnailUrl\":\"https:\\\/\\\/edumas.gov.co\\\/wp-content\\\/uploads\\\/2024\\\/12\\\/Portada-de-noticias-fotos-1.png\",\"datePublished\":\"2024-12-23T15:25:55+00:00\",\"dateModified\":\"2024-12-23T15:25:59+00:00\",\"breadcrumb\":{\"@id\":\"https:\\\/\\\/edumas.gov.co\\\/inicio\\\/2024\\\/12\\\/23\\\/daniel-cure-munoz-gerente-e-del-edumas\\\/#breadcrumb\"},\"inLanguage\":\"es\",\"potentialAction\":[{\"@type\":\"ReadAction\",\"target\":[\"https:\\\/\\\/edumas.gov.co\\\/inicio\\\/2024\\\/12\\\/23\\\/daniel-cure-munoz-gerente-e-del-edumas\\\/\"]}]},{\"@type\":\"ImageObject\",\"inLanguage\":\"es\",\"@id\":\"https:\\\/\\\/edumas.gov.co\\\/inicio\\\/2024\\\/12\\\/23\\\/daniel-cure-munoz-gerente-e-del-edumas\\\/#primaryimage\",\"url\":\"https:\\\/\\\/edumas.gov.co\\\/wp-content\\\/uploads\\\/2024\\\/12\\\/Portada-de-noticias-fotos-1.png\",\"contentUrl\":\"https:\\\/\\\/edumas.gov.co\\\/wp-content\\\/uploads\\\/2024\\\/12\\\/Portada-de-noticias-fotos-1.png\",\"width\":1080,\"height\":1080},{\"@type\":\"BreadcrumbList\",\"@id\":\"https:\\\/\\\/edumas.gov.co\\\/inicio\\\/2024\\\/12\\\/23\\\/daniel-cure-munoz-gerente-e-del-edumas\\\/#breadcrumb\",\"itemListElement\":[{\"@type\":\"ListItem\",\"position\":1,\"name\":\"Portada\",\"item\":\"https:\\\/\\\/edumas.gov.co\\\/inicio\\\/\"},{\"@type\":\"ListItem\",\"position\":2,\"name\":\"Daniel Cure Mu\u00f1oz, gerente (e) del Edumas\"}]},{\"@type\":\"WebSite\",\"@id\":\"https:\\\/\\\/edumas.gov.co\\\/inicio\\\/#website\",\"url\":\"https:\\\/\\\/edumas.gov.co\\\/inicio\\\/\",\"name\":\"Edumas\",\"description\":\"Edumas\",\"publisher\":{\"@id\":\"https:\\\/\\\/edumas.gov.co\\\/inicio\\\/#organization\"},\"potentialAction\":[{\"@type\":\"SearchAction\",\"target\":{\"@type\":\"EntryPoint\",\"urlTemplate\":\"https:\\\/\\\/edumas.gov.co\\\/inicio\\\/?s={search_term_string}\"},\"query-input\":{\"@type\":\"PropertyValueSpecification\",\"valueRequired\":true,\"valueName\":\"search_term_string\"}}],\"inLanguage\":\"es\"},{\"@type\":\"Organization\",\"@id\":\"https:\\\/\\\/edumas.gov.co\\\/inicio\\\/#organization\",\"name\":\"Edumas\",\"url\":\"https:\\\/\\\/edumas.gov.co\\\/inicio\\\/\",\"logo\":{\"@type\":\"ImageObject\",\"inLanguage\":\"es\",\"@id\":\"https:\\\/\\\/edumas.gov.co\\\/inicio\\\/#\\\/schema\\\/logo\\\/image\\\/\",\"url\":\"https:\\\/\\\/edumas.gov.co\\\/wp-content\\\/uploads\\\/2024\\\/10\\\/Perfil-Instagram-PhotoRoom.png-PhotoRoom.png\",\"contentUrl\":\"https:\\\/\\\/edumas.gov.co\\\/wp-content\\\/uploads\\\/2024\\\/10\\\/Perfil-Instagram-PhotoRoom.png-PhotoRoom.png\",\"width\":648,\"height\":233,\"caption\":\"Edumas\"},\"image\":{\"@id\":\"https:\\\/\\\/edumas.gov.co\\\/inicio\\\/#\\\/schema\\\/logo\\\/image\\\/\"}},{\"@type\":\"Person\",\"@id\":\"https:\\\/\\\/edumas.gov.co\\\/inicio\\\/#\\\/schema\\\/person\\\/e2e82a662fd06864325b88811079b05a\",\"name\":\"edumas\",\"image\":{\"@type\":\"ImageObject\",\"inLanguage\":\"es\",\"@id\":\"https:\\\/\\\/edumas.gov.co\\\/wp-content\\\/uploads\\\/2025\\\/03\\\/WhatsApp-Image-2025-03-06-at-12.44.58-PM-150x150.jpeg\",\"url\":\"https:\\\/\\\/edumas.gov.co\\\/wp-content\\\/uploads\\\/2025\\\/03\\\/WhatsApp-Image-2025-03-06-at-12.44.58-PM-150x150.jpeg\",\"contentUrl\":\"https:\\\/\\\/edumas.gov.co\\\/wp-content\\\/uploads\\\/2025\\\/03\\\/WhatsApp-Image-2025-03-06-at-12.44.58-PM-150x150.jpeg\",\"caption\":\"edumas\"},\"sameAs\":[\"https:\\\/\\\/test.edumas.gov.co\"],\"url\":\"https:\\\/\\\/edumas.gov.co\\\/inicio\\\/author\\\/edumas\\\/\"}]}<\/script>\n<!-- \/ Yoast SEO plugin. -->","yoast_head_json":{"title":"Daniel Cure Mu\u00f1oz, gerente (e) del Edumas - Edumas","robots":{"index":"index","follow":"follow","max-snippet":"max-snippet:-1","max-image-preview":"max-image-preview:large","max-video-preview":"max-video-preview:-1"},"canonical":"https:\/\/edumas.gov.co\/inicio\/2024\/12\/23\/daniel-cure-munoz-gerente-e-del-edumas\/","og_locale":"es_ES","og_type":"article","og_title":"Daniel Cure Mu\u00f1oz, gerente (e) del Edumas - Edumas","og_description":"El equipo del Edumas le da la bienvenida a su nuevo gerente (e), Daniel Cure Mu\u00f1oz. El arquitecto Daniel Cure asume este nuevo reto en el ente ambiental y urban\u00edstico en el que lleva vinculado desde hace dos a\u00f1os, fungiendo como subgerente de Desarrollo Urbano. A la doctora Carolina Correa Gallardo agradecemos su excelente gesti\u00f3n [&hellip;]","og_url":"https:\/\/edumas.gov.co\/inicio\/2024\/12\/23\/daniel-cure-munoz-gerente-e-del-edumas\/","og_site_name":"Edumas","article_published_time":"2024-12-23T15:25:55+00:00","article_modified_time":"2024-12-23T15:25:59+00:00","og_image":[{"width":1080,"height":1080,"url":"https:\/\/edumas.gov.co\/wp-content\/uploads\/2024\/12\/Portada-de-noticias-fotos-1.png","type":"image\/png"}],"author":"edumas","twitter_card":"summary_large_image","twitter_misc":{"Escrito por":"edumas","Tiempo de lectura":"1 minuto"},"schema":{"@context":"https:\/\/schema.org","@graph":[{"@type":"Article","@id":"https:\/\/edumas.gov.co\/inicio\/2024\/12\/23\/daniel-cure-munoz-gerente-e-del-edumas\/#article","isPartOf":{"@id":"https:\/\/edumas.gov.co\/inicio\/2024\/12\/23\/daniel-cure-munoz-gerente-e-del-edumas\/"},"author":{"name":"edumas","@id":"https:\/\/edumas.gov.co\/inicio\/#\/schema\/person\/e2e82a662fd06864325b88811079b05a"},"headline":"Daniel Cure Mu\u00f1oz, gerente (e) del Edumas","datePublished":"2024-12-23T15:25:55+00:00","dateModified":"2024-12-23T15:25:59+00:00","mainEntityOfPage":{"@id":"https:\/\/edumas.gov.co\/inicio\/2024\/12\/23\/daniel-cure-munoz-gerente-e-del-edumas\/"},"wordCount":86,"commentCount":0,"publisher":{"@id":"https:\/\/edumas.gov.co\/inicio\/#organization"},"image":{"@id":"https:\/\/edumas.gov.co\/inicio\/2024\/12\/23\/daniel-cure-munoz-gerente-e-del-edumas\/#primaryimage"},"thumbnailUrl":"https:\/\/edumas.gov.co\/wp-content\/uploads\/2024\/12\/Portada-de-noticias-fotos-1.png","articleSection":["noticias"],"inLanguage":"es","potentialAction":[{"@type":"CommentAction","name":"Comment","target":["https:\/\/edumas.gov.co\/inicio\/2024\/12\/23\/daniel-cure-munoz-gerente-e-del-edumas\/#respond"]}]},{"@type":"WebPage","@id":"https:\/\/edumas.gov.co\/inicio\/2024\/12\/23\/daniel-cure-munoz-gerente-e-del-edumas\/","url":"https:\/\/edumas.gov.co\/inicio\/2024\/12\/23\/daniel-cure-munoz-gerente-e-del-edumas\/","name":"Daniel Cure Mu\u00f1oz, gerente (e) del Edumas - Edumas","isPartOf":{"@id":"https:\/\/edumas.gov.co\/inicio\/#website"},"primaryImageOfPage":{"@id":"https:\/\/edumas.gov.co\/inicio\/2024\/12\/23\/daniel-cure-munoz-gerente-e-del-edumas\/#primaryimage"},"image":{"@id":"https:\/\/edumas.gov.co\/inicio\/2024\/12\/23\/daniel-cure-munoz-gerente-e-del-edumas\/#primaryimage"},"thumbnailUrl":"https:\/\/edumas.gov.co\/wp-content\/uploads\/2024\/12\/Portada-de-noticias-fotos-1.png","datePublished":"2024-12-23T15:25:55+00:00","dateModified":"2024-12-23T15:25:59+00:00","breadcrumb":{"@id":"https:\/\/edumas.gov.co\/inicio\/2024\/12\/23\/daniel-cure-munoz-gerente-e-del-edumas\/#breadcrumb"},"inLanguage":"es","potentialAction":[{"@type":"ReadAction","target":["https:\/\/edumas.gov.co\/inicio\/2024\/12\/23\/daniel-cure-munoz-gerente-e-del-edumas\/"]}]},{"@type":"ImageObject","inLanguage":"es","@id":"https:\/\/edumas.gov.co\/inicio\/2024\/12\/23\/daniel-cure-munoz-gerente-e-del-edumas\/#primaryimage","url":"https:\/\/edumas.gov.co\/wp-content\/uploads\/2024\/12\/Portada-de-noticias-fotos-1.png","contentUrl":"https:\/\/edumas.gov.co\/wp-content\/uploads\/2024\/12\/Portada-de-noticias-fotos-1.png","width":1080,"height":1080},{"@type":"BreadcrumbList","@id":"https:\/\/edumas.gov.co\/inicio\/2024\/12\/23\/daniel-cure-munoz-gerente-e-del-edumas\/#breadcrumb","itemListElement":[{"@type":"ListItem","position":1,"name":"Portada","item":"https:\/\/edumas.gov.co\/inicio\/"},{"@type":"ListItem","position":2,"name":"Daniel Cure Mu\u00f1oz, gerente (e) del Edumas"}]},{"@type":"WebSite","@id":"https:\/\/edumas.gov.co\/inicio\/#website","url":"https:\/\/edumas.gov.co\/inicio\/","name":"Edumas","description":"Edumas","publisher":{"@id":"https:\/\/edumas.gov.co\/inicio\/#organization"},"potentialAction":[{"@type":"SearchAction","target":{"@type":"EntryPoint","urlTemplate":"https:\/\/edumas.gov.co\/inicio\/?s={search_term_string}"},"query-input":{"@type":"PropertyValueSpecification","valueRequired":true,"valueName":"search_term_string"}}],"inLanguage":"es"},{"@type":"Organization","@id":"https:\/\/edumas.gov.co\/inicio\/#organization","name":"Edumas","url":"https:\/\/edumas.gov.co\/inicio\/","logo":{"@type":"ImageObject","inLanguage":"es","@id":"https:\/\/edumas.gov.co\/inicio\/#\/schema\/logo\/image\/","url":"https:\/\/edumas.gov.co\/wp-content\/uploads\/2024\/10\/Perfil-Instagram-PhotoRoom.png-PhotoRoom.png","contentUrl":"https:\/\/edumas.gov.co\/wp-content\/uploads\/2024\/10\/Perfil-Instagram-PhotoRoom.png-PhotoRoom.png","width":648,"height":233,"caption":"Edumas"},"image":{"@id":"https:\/\/edumas.gov.co\/inicio\/#\/schema\/logo\/image\/"}},{"@type":"Person","@id":"https:\/\/edumas.gov.co\/inicio\/#\/schema\/person\/e2e82a662fd06864325b88811079b05a","name":"edumas","image":{"@type":"ImageObject","inLanguage":"es","@id":"https:\/\/edumas.gov.co\/wp-content\/uploads\/2025\/03\/WhatsApp-Image-2025-03-06-at-12.44.58-PM-150x150.jpeg","url":"https:\/\/edumas.gov.co\/wp-content\/uploads\/2025\/03\/WhatsApp-Image-2025-03-06-at-12.44.58-PM-150x150.jpeg","contentUrl":"https:\/\/edumas.gov.co\/wp-content\/uploads\/2025\/03\/WhatsApp-Image-2025-03-06-at-12.44.58-PM-150x150.jpeg","caption":"edumas"},"sameAs":["https:\/\/test.edumas.gov.co"],"url":"https:\/\/edumas.gov.co\/inicio\/author\/edumas\/"}]}},"_links":{"self":[{"href":"https:\/\/edumas.gov.co\/inicio\/wp-json\/wp\/v2\/posts\/5256","targetHints":{"allow":["GET"]}}],"collection":[{"href":"https:\/\/edumas.gov.co\/inicio\/wp-json\/wp\/v2\/posts"}],"about":[{"href":"https:\/\/edumas.gov.co\/inicio\/wp-json\/wp\/v2\/types\/post"}],"author":[{"embeddable":true,"href":"https:\/\/edumas.gov.co\/inicio\/wp-json\/wp\/v2\/users\/1"}],"replies":[{"embeddable":true,"href":"https:\/\/edumas.gov.co\/inicio\/wp-json\/wp\/v2\/comments?post=5256"}],"version-history":[{"count":1,"href":"https:\/\/edumas.gov.co\/inicio\/wp-json\/wp\/v2\/posts\/5256\/revisions"}],"predecessor-version":[{"id":5257,"href":"https:\/\/edumas.gov.co\/inicio\/wp-json\/wp\/v2\/posts\/5256\/revisions\/5257"}],"wp:featuredmedia":[{"embeddable":true,"href":"https:\/\/edumas.gov.co\/inicio\/wp-json\/wp\/v2\/media\/5255"}],"wp:attachment":[{"href":"https:\/\/edumas.gov.co\/inicio\/wp-json\/wp\/v2\/media?parent=5256"}],"wp:term":[{"taxonomy":"category","embeddable":true,"href":"https:\/\/edumas.gov.co\/inicio\/wp-json\/wp\/v2\/categories?post=5256"},{"taxonomy":"post_tag","embeddable":true,"href":"https:\/\/edumas.gov.co\/inicio\/wp-json\/wp\/v2\/tags?post=5256"}],"curies":[{"name":"wp","href":"https:\/\/api.w.org\/{rel}","templated":true}]}}