{"id":5444,"date":"2025-02-28T17:36:50","date_gmt":"2025-02-28T17:36:50","guid":{"rendered":"https:\/\/edumas.gov.co\/inicio\/?p=5444"},"modified":"2025-02-28T17:46:37","modified_gmt":"2025-02-28T17:46:37","slug":"con-su-belleza-alegria-e-inteligencia-llego-la-reina-del-carnaval-de-soledad-al-edumas","status":"publish","type":"post","link":"https:\/\/edumas.gov.co\/inicio\/2025\/02\/28\/con-su-belleza-alegria-e-inteligencia-llego-la-reina-del-carnaval-de-soledad-al-edumas\/","title":{"rendered":"Con su belleza, alegr\u00eda e inteligencia, lleg\u00f3 la Reina del Carnaval de Soledad al Edumas"},"content":{"rendered":"\n<p class=\"wp-block-paragraph\">Con su innegable belleza y alegr\u00eda, y al ritmo del millo, lleg\u00f3 en la ma\u00f1ana de hoy a las instalaciones del Establecimiento de Desarrollo Urbano y Medio Ambiente \u2013 Edumas, la Reina del Carnaval de Soledad 2025, Daniela Mu\u00f1oz, como apoyo a la labor del equipo de la entidad y especialmente, en apoyo a la campa\u00f1a ambiental que se viene adelantando para estas celebraciones carnestol\u00e9ndicas.<\/p>\n\n\n\n<div class=\"wp-block-media-text is-stacked-on-mobile\"><figure class=\"wp-block-media-text__media\"><img fetchpriority=\"high\" decoding=\"async\" width=\"639\" height=\"1024\" src=\"https:\/\/edumas.gov.co\/wp-content\/uploads\/2025\/02\/WhatsApp-Image-2025-02-28-at-11.47.41-AM-639x1024.jpeg\" alt=\"\" class=\"wp-image-5442 size-full\" srcset=\"https:\/\/edumas.gov.co\/wp-content\/uploads\/2025\/02\/WhatsApp-Image-2025-02-28-at-11.47.41-AM-639x1024.jpeg 639w, https:\/\/edumas.gov.co\/wp-content\/uploads\/2025\/02\/WhatsApp-Image-2025-02-28-at-11.47.41-AM-187x300.jpeg 187w, https:\/\/edumas.gov.co\/wp-content\/uploads\/2025\/02\/WhatsApp-Image-2025-02-28-at-11.47.41-AM-768x1230.jpeg 768w, https:\/\/edumas.gov.co\/wp-content\/uploads\/2025\/02\/WhatsApp-Image-2025-02-28-at-11.47.41-AM.jpeg 828w\" sizes=\"(max-width: 639px) 100vw, 639px\" \/><\/figure><div class=\"wp-block-media-text__content\">\n<p class=\"wp-block-paragraph\">Con su ingenio, Daniela Mu\u00f1oz y el Rey Momo, Wilton Jim\u00e9nez Rol\u00f3n, participaron en la grabaci\u00f3n de videos para las redes institucionales de la entidad, entonando divertidas letan\u00edas que invitaban a todos los solede\u00f1os a integrar en estas celebraciones, comportamientos que propendan en la correcta disposici\u00f3n de los residuos s\u00f3lidos, especialmente de consumo como botellas pl\u00e1sticas, vasos y platos desechables, latas; entre otros.<\/p>\n<\/div><\/div>\n\n\n\n<p class=\"wp-block-paragraph\">\u201cQueremos unos carnavales que las personas disfruten de manera responsable con el medio ambiente de nuestro municipio. Que en medio de la alegr\u00eda, nos acordemos de depositar esa botella pl\u00e1stica que tengamos en la mano, o cualquier otro residuo s\u00f3lido, en las canecas y no los arrojen a las calles. Queremos a una Soledad siempre limpia y la responsabilidad de lograrlo es de todos\u201d, manifest\u00f3 el gerente del Edumas, Enrique Del Castillo Jim\u00e9nez.<\/p>\n\n\n\n<figure class=\"wp-block-video\"><video height=\"1280\" style=\"aspect-ratio: 720 \/ 1280;\" width=\"720\" controls src=\"https:\/\/edumas.gov.co\/wp-content\/uploads\/2025\/02\/WhatsApp-Video-2025-02-28-at-12.39.23-PM.mp4\"><\/video><\/figure>\n","protected":false},"excerpt":{"rendered":"<p>Con su innegable belleza y alegr\u00eda, y al ritmo del millo, lleg\u00f3 en la ma\u00f1ana de hoy a las instalaciones del Establecimiento de Desarrollo Urbano y Medio Ambiente \u2013 Edumas, la Reina del Carnaval de Soledad 2025, Daniela Mu\u00f1oz, como apoyo a la labor del equipo de la entidad y especialmente, en apoyo a la [&hellip;]<\/p>\n","protected":false},"author":1,"featured_media":5441,"comment_status":"open","ping_status":"open","sticky":false,"template":"","format":"standard","meta":{"footnotes":""},"categories":[26],"tags":[],"class_list":["post-5444","post","type-post","status-publish","format-standard","has-post-thumbnail","hentry","category-noticias"],"yoast_head":"<!-- This site is optimized with the Yoast SEO plugin v27.4 - https:\/\/yoast.com\/product\/yoast-seo-wordpress\/ -->\n<title>Con su belleza, alegr\u00eda e inteligencia, lleg\u00f3 la Reina del Carnaval de Soledad al Edumas - Edumas<\/title>\n<meta name=\"robots\" content=\"index, follow, max-snippet:-1, max-image-preview:large, max-video-preview:-1\" \/>\n<link rel=\"canonical\" href=\"https:\/\/edumas.gov.co\/inicio\/2025\/02\/28\/con-su-belleza-alegria-e-inteligencia-llego-la-reina-del-carnaval-de-soledad-al-edumas\/\" \/>\n<meta property=\"og:locale\" content=\"es_ES\" \/>\n<meta property=\"og:type\" content=\"article\" \/>\n<meta property=\"og:title\" content=\"Con su belleza, alegr\u00eda e inteligencia, lleg\u00f3 la Reina del Carnaval de Soledad al Edumas - Edumas\" \/>\n<meta property=\"og:description\" content=\"Con su innegable belleza y alegr\u00eda, y al ritmo del millo, lleg\u00f3 en la ma\u00f1ana de hoy a las instalaciones del Establecimiento de Desarrollo Urbano y Medio Ambiente \u2013 Edumas, la Reina del Carnaval de Soledad 2025, Daniela Mu\u00f1oz, como apoyo a la labor del equipo de la entidad y especialmente, en apoyo a la [&hellip;]\" \/>\n<meta property=\"og:url\" content=\"https:\/\/edumas.gov.co\/inicio\/2025\/02\/28\/con-su-belleza-alegria-e-inteligencia-llego-la-reina-del-carnaval-de-soledad-al-edumas\/\" \/>\n<meta property=\"og:site_name\" content=\"Edumas\" \/>\n<meta property=\"article:published_time\" content=\"2025-02-28T17:36:50+00:00\" \/>\n<meta property=\"article:modified_time\" content=\"2025-02-28T17:46:37+00:00\" \/>\n<meta property=\"og:image\" content=\"https:\/\/edumas.gov.co\/wp-content\/uploads\/2025\/02\/WhatsApp-Image-2025-02-28-at-12.11.44-PM.jpeg\" \/>\n\t<meta property=\"og:image:width\" content=\"1599\" \/>\n\t<meta property=\"og:image:height\" content=\"1066\" \/>\n\t<meta property=\"og:image:type\" content=\"image\/jpeg\" \/>\n<meta name=\"author\" content=\"edumas\" \/>\n<meta name=\"twitter:card\" content=\"summary_large_image\" \/>\n<meta name=\"twitter:label1\" content=\"Escrito por\" \/>\n\t<meta name=\"twitter:data1\" content=\"edumas\" \/>\n\t<meta name=\"twitter:label2\" content=\"Tiempo de lectura\" \/>\n\t<meta name=\"twitter:data2\" content=\"2 minutos\" \/>\n<script type=\"application\/ld+json\" class=\"yoast-schema-graph\">{\"@context\":\"https:\\\/\\\/schema.org\",\"@graph\":[{\"@type\":\"Article\",\"@id\":\"https:\\\/\\\/edumas.gov.co\\\/inicio\\\/2025\\\/02\\\/28\\\/con-su-belleza-alegria-e-inteligencia-llego-la-reina-del-carnaval-de-soledad-al-edumas\\\/#article\",\"isPartOf\":{\"@id\":\"https:\\\/\\\/edumas.gov.co\\\/inicio\\\/2025\\\/02\\\/28\\\/con-su-belleza-alegria-e-inteligencia-llego-la-reina-del-carnaval-de-soledad-al-edumas\\\/\"},\"author\":{\"name\":\"edumas\",\"@id\":\"https:\\\/\\\/edumas.gov.co\\\/inicio\\\/#\\\/schema\\\/person\\\/e2e82a662fd06864325b88811079b05a\"},\"headline\":\"Con su belleza, alegr\u00eda e inteligencia, lleg\u00f3 la Reina del Carnaval de Soledad al Edumas\",\"datePublished\":\"2025-02-28T17:36:50+00:00\",\"dateModified\":\"2025-02-28T17:46:37+00:00\",\"mainEntityOfPage\":{\"@id\":\"https:\\\/\\\/edumas.gov.co\\\/inicio\\\/2025\\\/02\\\/28\\\/con-su-belleza-alegria-e-inteligencia-llego-la-reina-del-carnaval-de-soledad-al-edumas\\\/\"},\"wordCount\":233,\"commentCount\":0,\"publisher\":{\"@id\":\"https:\\\/\\\/edumas.gov.co\\\/inicio\\\/#organization\"},\"image\":{\"@id\":\"https:\\\/\\\/edumas.gov.co\\\/inicio\\\/2025\\\/02\\\/28\\\/con-su-belleza-alegria-e-inteligencia-llego-la-reina-del-carnaval-de-soledad-al-edumas\\\/#primaryimage\"},\"thumbnailUrl\":\"https:\\\/\\\/edumas.gov.co\\\/wp-content\\\/uploads\\\/2025\\\/02\\\/WhatsApp-Image-2025-02-28-at-12.11.44-PM.jpeg\",\"articleSection\":[\"noticias\"],\"inLanguage\":\"es\",\"potentialAction\":[{\"@type\":\"CommentAction\",\"name\":\"Comment\",\"target\":[\"https:\\\/\\\/edumas.gov.co\\\/inicio\\\/2025\\\/02\\\/28\\\/con-su-belleza-alegria-e-inteligencia-llego-la-reina-del-carnaval-de-soledad-al-edumas\\\/#respond\"]}]},{\"@type\":\"WebPage\",\"@id\":\"https:\\\/\\\/edumas.gov.co\\\/inicio\\\/2025\\\/02\\\/28\\\/con-su-belleza-alegria-e-inteligencia-llego-la-reina-del-carnaval-de-soledad-al-edumas\\\/\",\"url\":\"https:\\\/\\\/edumas.gov.co\\\/inicio\\\/2025\\\/02\\\/28\\\/con-su-belleza-alegria-e-inteligencia-llego-la-reina-del-carnaval-de-soledad-al-edumas\\\/\",\"name\":\"Con su belleza, alegr\u00eda e inteligencia, lleg\u00f3 la Reina del Carnaval de Soledad al Edumas - Edumas\",\"isPartOf\":{\"@id\":\"https:\\\/\\\/edumas.gov.co\\\/inicio\\\/#website\"},\"primaryImageOfPage\":{\"@id\":\"https:\\\/\\\/edumas.gov.co\\\/inicio\\\/2025\\\/02\\\/28\\\/con-su-belleza-alegria-e-inteligencia-llego-la-reina-del-carnaval-de-soledad-al-edumas\\\/#primaryimage\"},\"image\":{\"@id\":\"https:\\\/\\\/edumas.gov.co\\\/inicio\\\/2025\\\/02\\\/28\\\/con-su-belleza-alegria-e-inteligencia-llego-la-reina-del-carnaval-de-soledad-al-edumas\\\/#primaryimage\"},\"thumbnailUrl\":\"https:\\\/\\\/edumas.gov.co\\\/wp-content\\\/uploads\\\/2025\\\/02\\\/WhatsApp-Image-2025-02-28-at-12.11.44-PM.jpeg\",\"datePublished\":\"2025-02-28T17:36:50+00:00\",\"dateModified\":\"2025-02-28T17:46:37+00:00\",\"breadcrumb\":{\"@id\":\"https:\\\/\\\/edumas.gov.co\\\/inicio\\\/2025\\\/02\\\/28\\\/con-su-belleza-alegria-e-inteligencia-llego-la-reina-del-carnaval-de-soledad-al-edumas\\\/#breadcrumb\"},\"inLanguage\":\"es\",\"potentialAction\":[{\"@type\":\"ReadAction\",\"target\":[\"https:\\\/\\\/edumas.gov.co\\\/inicio\\\/2025\\\/02\\\/28\\\/con-su-belleza-alegria-e-inteligencia-llego-la-reina-del-carnaval-de-soledad-al-edumas\\\/\"]}]},{\"@type\":\"ImageObject\",\"inLanguage\":\"es\",\"@id\":\"https:\\\/\\\/edumas.gov.co\\\/inicio\\\/2025\\\/02\\\/28\\\/con-su-belleza-alegria-e-inteligencia-llego-la-reina-del-carnaval-de-soledad-al-edumas\\\/#primaryimage\",\"url\":\"https:\\\/\\\/edumas.gov.co\\\/wp-content\\\/uploads\\\/2025\\\/02\\\/WhatsApp-Image-2025-02-28-at-12.11.44-PM.jpeg\",\"contentUrl\":\"https:\\\/\\\/edumas.gov.co\\\/wp-content\\\/uploads\\\/2025\\\/02\\\/WhatsApp-Image-2025-02-28-at-12.11.44-PM.jpeg\",\"width\":1599,\"height\":1066},{\"@type\":\"BreadcrumbList\",\"@id\":\"https:\\\/\\\/edumas.gov.co\\\/inicio\\\/2025\\\/02\\\/28\\\/con-su-belleza-alegria-e-inteligencia-llego-la-reina-del-carnaval-de-soledad-al-edumas\\\/#breadcrumb\",\"itemListElement\":[{\"@type\":\"ListItem\",\"position\":1,\"name\":\"Portada\",\"item\":\"https:\\\/\\\/edumas.gov.co\\\/inicio\\\/\"},{\"@type\":\"ListItem\",\"position\":2,\"name\":\"Con su belleza, alegr\u00eda e inteligencia, lleg\u00f3 la Reina del Carnaval de Soledad al Edumas\"}]},{\"@type\":\"WebSite\",\"@id\":\"https:\\\/\\\/edumas.gov.co\\\/inicio\\\/#website\",\"url\":\"https:\\\/\\\/edumas.gov.co\\\/inicio\\\/\",\"name\":\"Edumas\",\"description\":\"Edumas\",\"publisher\":{\"@id\":\"https:\\\/\\\/edumas.gov.co\\\/inicio\\\/#organization\"},\"potentialAction\":[{\"@type\":\"SearchAction\",\"target\":{\"@type\":\"EntryPoint\",\"urlTemplate\":\"https:\\\/\\\/edumas.gov.co\\\/inicio\\\/?s={search_term_string}\"},\"query-input\":{\"@type\":\"PropertyValueSpecification\",\"valueRequired\":true,\"valueName\":\"search_term_string\"}}],\"inLanguage\":\"es\"},{\"@type\":\"Organization\",\"@id\":\"https:\\\/\\\/edumas.gov.co\\\/inicio\\\/#organization\",\"name\":\"Edumas\",\"url\":\"https:\\\/\\\/edumas.gov.co\\\/inicio\\\/\",\"logo\":{\"@type\":\"ImageObject\",\"inLanguage\":\"es\",\"@id\":\"https:\\\/\\\/edumas.gov.co\\\/inicio\\\/#\\\/schema\\\/logo\\\/image\\\/\",\"url\":\"https:\\\/\\\/edumas.gov.co\\\/wp-content\\\/uploads\\\/2024\\\/10\\\/Perfil-Instagram-PhotoRoom.png-PhotoRoom.png\",\"contentUrl\":\"https:\\\/\\\/edumas.gov.co\\\/wp-content\\\/uploads\\\/2024\\\/10\\\/Perfil-Instagram-PhotoRoom.png-PhotoRoom.png\",\"width\":648,\"height\":233,\"caption\":\"Edumas\"},\"image\":{\"@id\":\"https:\\\/\\\/edumas.gov.co\\\/inicio\\\/#\\\/schema\\\/logo\\\/image\\\/\"}},{\"@type\":\"Person\",\"@id\":\"https:\\\/\\\/edumas.gov.co\\\/inicio\\\/#\\\/schema\\\/person\\\/e2e82a662fd06864325b88811079b05a\",\"name\":\"edumas\",\"image\":{\"@type\":\"ImageObject\",\"inLanguage\":\"es\",\"@id\":\"https:\\\/\\\/edumas.gov.co\\\/wp-content\\\/uploads\\\/2025\\\/03\\\/WhatsApp-Image-2025-03-06-at-12.44.58-PM-150x150.jpeg\",\"url\":\"https:\\\/\\\/edumas.gov.co\\\/wp-content\\\/uploads\\\/2025\\\/03\\\/WhatsApp-Image-2025-03-06-at-12.44.58-PM-150x150.jpeg\",\"contentUrl\":\"https:\\\/\\\/edumas.gov.co\\\/wp-content\\\/uploads\\\/2025\\\/03\\\/WhatsApp-Image-2025-03-06-at-12.44.58-PM-150x150.jpeg\",\"caption\":\"edumas\"},\"sameAs\":[\"https:\\\/\\\/test.edumas.gov.co\"],\"url\":\"https:\\\/\\\/edumas.gov.co\\\/inicio\\\/author\\\/edumas\\\/\"}]}<\/script>\n<!-- \/ Yoast SEO plugin. -->","yoast_head_json":{"title":"Con su belleza, alegr\u00eda e inteligencia, lleg\u00f3 la Reina del Carnaval de Soledad al Edumas - Edumas","robots":{"index":"index","follow":"follow","max-snippet":"max-snippet:-1","max-image-preview":"max-image-preview:large","max-video-preview":"max-video-preview:-1"},"canonical":"https:\/\/edumas.gov.co\/inicio\/2025\/02\/28\/con-su-belleza-alegria-e-inteligencia-llego-la-reina-del-carnaval-de-soledad-al-edumas\/","og_locale":"es_ES","og_type":"article","og_title":"Con su belleza, alegr\u00eda e inteligencia, lleg\u00f3 la Reina del Carnaval de Soledad al Edumas - Edumas","og_description":"Con su innegable belleza y alegr\u00eda, y al ritmo del millo, lleg\u00f3 en la ma\u00f1ana de hoy a las instalaciones del Establecimiento de Desarrollo Urbano y Medio Ambiente \u2013 Edumas, la Reina del Carnaval de Soledad 2025, Daniela Mu\u00f1oz, como apoyo a la labor del equipo de la entidad y especialmente, en apoyo a la [&hellip;]","og_url":"https:\/\/edumas.gov.co\/inicio\/2025\/02\/28\/con-su-belleza-alegria-e-inteligencia-llego-la-reina-del-carnaval-de-soledad-al-edumas\/","og_site_name":"Edumas","article_published_time":"2025-02-28T17:36:50+00:00","article_modified_time":"2025-02-28T17:46:37+00:00","og_image":[{"width":1599,"height":1066,"url":"https:\/\/edumas.gov.co\/wp-content\/uploads\/2025\/02\/WhatsApp-Image-2025-02-28-at-12.11.44-PM.jpeg","type":"image\/jpeg"}],"author":"edumas","twitter_card":"summary_large_image","twitter_misc":{"Escrito por":"edumas","Tiempo de lectura":"2 minutos"},"schema":{"@context":"https:\/\/schema.org","@graph":[{"@type":"Article","@id":"https:\/\/edumas.gov.co\/inicio\/2025\/02\/28\/con-su-belleza-alegria-e-inteligencia-llego-la-reina-del-carnaval-de-soledad-al-edumas\/#article","isPartOf":{"@id":"https:\/\/edumas.gov.co\/inicio\/2025\/02\/28\/con-su-belleza-alegria-e-inteligencia-llego-la-reina-del-carnaval-de-soledad-al-edumas\/"},"author":{"name":"edumas","@id":"https:\/\/edumas.gov.co\/inicio\/#\/schema\/person\/e2e82a662fd06864325b88811079b05a"},"headline":"Con su belleza, alegr\u00eda e inteligencia, lleg\u00f3 la Reina del Carnaval de Soledad al Edumas","datePublished":"2025-02-28T17:36:50+00:00","dateModified":"2025-02-28T17:46:37+00:00","mainEntityOfPage":{"@id":"https:\/\/edumas.gov.co\/inicio\/2025\/02\/28\/con-su-belleza-alegria-e-inteligencia-llego-la-reina-del-carnaval-de-soledad-al-edumas\/"},"wordCount":233,"commentCount":0,"publisher":{"@id":"https:\/\/edumas.gov.co\/inicio\/#organization"},"image":{"@id":"https:\/\/edumas.gov.co\/inicio\/2025\/02\/28\/con-su-belleza-alegria-e-inteligencia-llego-la-reina-del-carnaval-de-soledad-al-edumas\/#primaryimage"},"thumbnailUrl":"https:\/\/edumas.gov.co\/wp-content\/uploads\/2025\/02\/WhatsApp-Image-2025-02-28-at-12.11.44-PM.jpeg","articleSection":["noticias"],"inLanguage":"es","potentialAction":[{"@type":"CommentAction","name":"Comment","target":["https:\/\/edumas.gov.co\/inicio\/2025\/02\/28\/con-su-belleza-alegria-e-inteligencia-llego-la-reina-del-carnaval-de-soledad-al-edumas\/#respond"]}]},{"@type":"WebPage","@id":"https:\/\/edumas.gov.co\/inicio\/2025\/02\/28\/con-su-belleza-alegria-e-inteligencia-llego-la-reina-del-carnaval-de-soledad-al-edumas\/","url":"https:\/\/edumas.gov.co\/inicio\/2025\/02\/28\/con-su-belleza-alegria-e-inteligencia-llego-la-reina-del-carnaval-de-soledad-al-edumas\/","name":"Con su belleza, alegr\u00eda e inteligencia, lleg\u00f3 la Reina del Carnaval de Soledad al Edumas - Edumas","isPartOf":{"@id":"https:\/\/edumas.gov.co\/inicio\/#website"},"primaryImageOfPage":{"@id":"https:\/\/edumas.gov.co\/inicio\/2025\/02\/28\/con-su-belleza-alegria-e-inteligencia-llego-la-reina-del-carnaval-de-soledad-al-edumas\/#primaryimage"},"image":{"@id":"https:\/\/edumas.gov.co\/inicio\/2025\/02\/28\/con-su-belleza-alegria-e-inteligencia-llego-la-reina-del-carnaval-de-soledad-al-edumas\/#primaryimage"},"thumbnailUrl":"https:\/\/edumas.gov.co\/wp-content\/uploads\/2025\/02\/WhatsApp-Image-2025-02-28-at-12.11.44-PM.jpeg","datePublished":"2025-02-28T17:36:50+00:00","dateModified":"2025-02-28T17:46:37+00:00","breadcrumb":{"@id":"https:\/\/edumas.gov.co\/inicio\/2025\/02\/28\/con-su-belleza-alegria-e-inteligencia-llego-la-reina-del-carnaval-de-soledad-al-edumas\/#breadcrumb"},"inLanguage":"es","potentialAction":[{"@type":"ReadAction","target":["https:\/\/edumas.gov.co\/inicio\/2025\/02\/28\/con-su-belleza-alegria-e-inteligencia-llego-la-reina-del-carnaval-de-soledad-al-edumas\/"]}]},{"@type":"ImageObject","inLanguage":"es","@id":"https:\/\/edumas.gov.co\/inicio\/2025\/02\/28\/con-su-belleza-alegria-e-inteligencia-llego-la-reina-del-carnaval-de-soledad-al-edumas\/#primaryimage","url":"https:\/\/edumas.gov.co\/wp-content\/uploads\/2025\/02\/WhatsApp-Image-2025-02-28-at-12.11.44-PM.jpeg","contentUrl":"https:\/\/edumas.gov.co\/wp-content\/uploads\/2025\/02\/WhatsApp-Image-2025-02-28-at-12.11.44-PM.jpeg","width":1599,"height":1066},{"@type":"BreadcrumbList","@id":"https:\/\/edumas.gov.co\/inicio\/2025\/02\/28\/con-su-belleza-alegria-e-inteligencia-llego-la-reina-del-carnaval-de-soledad-al-edumas\/#breadcrumb","itemListElement":[{"@type":"ListItem","position":1,"name":"Portada","item":"https:\/\/edumas.gov.co\/inicio\/"},{"@type":"ListItem","position":2,"name":"Con su belleza, alegr\u00eda e inteligencia, lleg\u00f3 la Reina del Carnaval de Soledad al Edumas"}]},{"@type":"WebSite","@id":"https:\/\/edumas.gov.co\/inicio\/#website","url":"https:\/\/edumas.gov.co\/inicio\/","name":"Edumas","description":"Edumas","publisher":{"@id":"https:\/\/edumas.gov.co\/inicio\/#organization"},"potentialAction":[{"@type":"SearchAction","target":{"@type":"EntryPoint","urlTemplate":"https:\/\/edumas.gov.co\/inicio\/?s={search_term_string}"},"query-input":{"@type":"PropertyValueSpecification","valueRequired":true,"valueName":"search_term_string"}}],"inLanguage":"es"},{"@type":"Organization","@id":"https:\/\/edumas.gov.co\/inicio\/#organization","name":"Edumas","url":"https:\/\/edumas.gov.co\/inicio\/","logo":{"@type":"ImageObject","inLanguage":"es","@id":"https:\/\/edumas.gov.co\/inicio\/#\/schema\/logo\/image\/","url":"https:\/\/edumas.gov.co\/wp-content\/uploads\/2024\/10\/Perfil-Instagram-PhotoRoom.png-PhotoRoom.png","contentUrl":"https:\/\/edumas.gov.co\/wp-content\/uploads\/2024\/10\/Perfil-Instagram-PhotoRoom.png-PhotoRoom.png","width":648,"height":233,"caption":"Edumas"},"image":{"@id":"https:\/\/edumas.gov.co\/inicio\/#\/schema\/logo\/image\/"}},{"@type":"Person","@id":"https:\/\/edumas.gov.co\/inicio\/#\/schema\/person\/e2e82a662fd06864325b88811079b05a","name":"edumas","image":{"@type":"ImageObject","inLanguage":"es","@id":"https:\/\/edumas.gov.co\/wp-content\/uploads\/2025\/03\/WhatsApp-Image-2025-03-06-at-12.44.58-PM-150x150.jpeg","url":"https:\/\/edumas.gov.co\/wp-content\/uploads\/2025\/03\/WhatsApp-Image-2025-03-06-at-12.44.58-PM-150x150.jpeg","contentUrl":"https:\/\/edumas.gov.co\/wp-content\/uploads\/2025\/03\/WhatsApp-Image-2025-03-06-at-12.44.58-PM-150x150.jpeg","caption":"edumas"},"sameAs":["https:\/\/test.edumas.gov.co"],"url":"https:\/\/edumas.gov.co\/inicio\/author\/edumas\/"}]}},"_links":{"self":[{"href":"https:\/\/edumas.gov.co\/inicio\/wp-json\/wp\/v2\/posts\/5444","targetHints":{"allow":["GET"]}}],"collection":[{"href":"https:\/\/edumas.gov.co\/inicio\/wp-json\/wp\/v2\/posts"}],"about":[{"href":"https:\/\/edumas.gov.co\/inicio\/wp-json\/wp\/v2\/types\/post"}],"author":[{"embeddable":true,"href":"https:\/\/edumas.gov.co\/inicio\/wp-json\/wp\/v2\/users\/1"}],"replies":[{"embeddable":true,"href":"https:\/\/edumas.gov.co\/inicio\/wp-json\/wp\/v2\/comments?post=5444"}],"version-history":[{"count":2,"href":"https:\/\/edumas.gov.co\/inicio\/wp-json\/wp\/v2\/posts\/5444\/revisions"}],"predecessor-version":[{"id":5447,"href":"https:\/\/edumas.gov.co\/inicio\/wp-json\/wp\/v2\/posts\/5444\/revisions\/5447"}],"wp:featuredmedia":[{"embeddable":true,"href":"https:\/\/edumas.gov.co\/inicio\/wp-json\/wp\/v2\/media\/5441"}],"wp:attachment":[{"href":"https:\/\/edumas.gov.co\/inicio\/wp-json\/wp\/v2\/media?parent=5444"}],"wp:term":[{"taxonomy":"category","embeddable":true,"href":"https:\/\/edumas.gov.co\/inicio\/wp-json\/wp\/v2\/categories?post=5444"},{"taxonomy":"post_tag","embeddable":true,"href":"https:\/\/edumas.gov.co\/inicio\/wp-json\/wp\/v2\/tags?post=5444"}],"curies":[{"name":"wp","href":"https:\/\/api.w.org\/{rel}","templated":true}]}}