{"id":5449,"date":"2025-03-05T21:42:37","date_gmt":"2025-03-05T21:42:37","guid":{"rendered":"https:\/\/edumas.gov.co\/inicio\/?p=5449"},"modified":"2025-03-05T21:42:41","modified_gmt":"2025-03-05T21:42:41","slug":"%c2%a8se-ha-visto-mucho-la-gestion-que-ha-realizado-el-edumas-diana-lopez-oficial-de-peligro-aviario-y-fauna-aeropuerto-ernesto-cortissoz","status":"publish","type":"post","link":"https:\/\/edumas.gov.co\/inicio\/2025\/03\/05\/%c2%a8se-ha-visto-mucho-la-gestion-que-ha-realizado-el-edumas-diana-lopez-oficial-de-peligro-aviario-y-fauna-aeropuerto-ernesto-cortissoz\/","title":{"rendered":"\u00a8Se ha visto mucho la gesti\u00f3n que ha realizado el Edumas\u201d, Diana L\u00f3pez, Oficial de Peligro Aviario y Fauna \u2013 Aeropuerto Ernesto Cortissoz"},"content":{"rendered":"\n<p class=\"wp-block-paragraph\">La Alcald\u00eda de Soledad a trav\u00e9s del Establecimiento de Desarrollo Urbano y Medio Ambiente \u2013 Edumas, la Secretar\u00eda de Gobierno, la Oficina de Salud P\u00fablica e Interaseo; contin\u00faan en el cumplimiento del plan de intervenciones dirigidos a la mitigaci\u00f3n de puntos cr\u00edticos de basuras alojados en las inmediaciones del Aeropuerto Internacional Ernesto Cortissoz.<\/p>\n\n\n\n<p class=\"wp-block-paragraph\">Durante el recorrido de inspecci\u00f3n que de manera peri\u00f3dica realiza la Aeron\u00e1utica Civil, actual operador del aeropuerto, evidenciaron las intervenciones de limpieza por parte de Interaseo del predio Zagarra, conocido como \u201cel cementerio de neveras\u201d, ubicado en el barrio San Vicente de Soledad.<\/p>\n\n\n\n<p class=\"wp-block-paragraph\">\u201cEn todos los comit\u00e9s que se realizan quedan compromisos; ustedes (Edumas) les han dado cumplimiento a todos ellos en pro del riesgo operacional, por eso para nosotros es muy importante contar con ustedes\u201d, expres\u00f3 Diana L\u00f3pez, Oficial de Peligro Aviario y Fauna del aeropuerto, durante el recorrido a la malla perimetral y que adelantaron junto con la Corporaci\u00f3n Regional Aut\u00f3noma del Atl\u00e1ntico \u2013 CRA.<\/p>\n\n\n\n<p class=\"wp-block-paragraph\">Por su parte el gerente del Edumas, Enrique Del Castillo Jim\u00e9nez, indic\u00f3 que \u201cdesde que inici\u00f3 la administraci\u00f3n de la alcaldesa Alcira Sandoval, las condiciones ambientales que rodean al aeropuerto y que pueden tener afectaciones en su seguridad operacional, han sido de prioridad; por ello se ha mantenido un ritmo de cumplimiento a la agenda de intervenciones que desde el a\u00f1o pasado fue concertada con todas las entidades vinculadas\u201d.<\/p>\n\n\n\n<p class=\"wp-block-paragraph\">La limpieza del predio fue acompa\u00f1ada por sensibilizaciones puerta a puerta para reforzar el mensaje ambiental y la responsabilidad individual y colectiva de cada uno de los residentes de la zona en la correcta disposici\u00f3n de los residuos que generan y que, al ser entregados a informales, terminan formados botaderos ilegales a cielo abierto.<\/p>\n\n\n\n<figure class=\"wp-block-video\"><video height=\"720\" style=\"aspect-ratio: 1280 \/ 720;\" width=\"1280\" controls src=\"https:\/\/edumas.gov.co\/wp-content\/uploads\/2025\/03\/WhatsApp-Video-2025-03-05-at-4.08.28-PM.mp4\"><\/video><\/figure>\n\n\n\n<p class=\"wp-block-paragraph\"><\/p>\n","protected":false},"excerpt":{"rendered":"<p>La Alcald\u00eda de Soledad a trav\u00e9s del Establecimiento de Desarrollo Urbano y Medio Ambiente \u2013 Edumas, la Secretar\u00eda de Gobierno, la Oficina de Salud P\u00fablica e Interaseo; contin\u00faan en el cumplimiento del plan de intervenciones dirigidos a la mitigaci\u00f3n de puntos cr\u00edticos de basuras alojados en las inmediaciones del Aeropuerto Internacional Ernesto Cortissoz. Durante el [&hellip;]<\/p>\n","protected":false},"author":1,"featured_media":5410,"comment_status":"open","ping_status":"open","sticky":false,"template":"","format":"standard","meta":{"footnotes":""},"categories":[26],"tags":[],"class_list":["post-5449","post","type-post","status-publish","format-standard","has-post-thumbnail","hentry","category-noticias"],"yoast_head":"<!-- This site is optimized with the Yoast SEO plugin v27.4 - https:\/\/yoast.com\/product\/yoast-seo-wordpress\/ -->\n<title>\u00a8Se ha visto mucho la gesti\u00f3n que ha realizado el Edumas\u201d, Diana L\u00f3pez, Oficial de Peligro Aviario y Fauna \u2013 Aeropuerto Ernesto Cortissoz - Edumas<\/title>\n<meta name=\"robots\" content=\"index, follow, max-snippet:-1, max-image-preview:large, max-video-preview:-1\" \/>\n<link rel=\"canonical\" href=\"https:\/\/edumas.gov.co\/inicio\/2025\/03\/05\/\u00a8se-ha-visto-mucho-la-gestion-que-ha-realizado-el-edumas-diana-lopez-oficial-de-peligro-aviario-y-fauna-aeropuerto-ernesto-cortissoz\/\" \/>\n<meta property=\"og:locale\" content=\"es_ES\" \/>\n<meta property=\"og:type\" content=\"article\" \/>\n<meta property=\"og:title\" content=\"\u00a8Se ha visto mucho la gesti\u00f3n que ha realizado el Edumas\u201d, Diana L\u00f3pez, Oficial de Peligro Aviario y Fauna \u2013 Aeropuerto Ernesto Cortissoz - Edumas\" \/>\n<meta property=\"og:description\" content=\"La Alcald\u00eda de Soledad a trav\u00e9s del Establecimiento de Desarrollo Urbano y Medio Ambiente \u2013 Edumas, la Secretar\u00eda de Gobierno, la Oficina de Salud P\u00fablica e Interaseo; contin\u00faan en el cumplimiento del plan de intervenciones dirigidos a la mitigaci\u00f3n de puntos cr\u00edticos de basuras alojados en las inmediaciones del Aeropuerto Internacional Ernesto Cortissoz. Durante el [&hellip;]\" \/>\n<meta property=\"og:url\" content=\"https:\/\/edumas.gov.co\/inicio\/2025\/03\/05\/\u00a8se-ha-visto-mucho-la-gestion-que-ha-realizado-el-edumas-diana-lopez-oficial-de-peligro-aviario-y-fauna-aeropuerto-ernesto-cortissoz\/\" \/>\n<meta property=\"og:site_name\" content=\"Edumas\" \/>\n<meta property=\"article:published_time\" content=\"2025-03-05T21:42:37+00:00\" \/>\n<meta property=\"article:modified_time\" content=\"2025-03-05T21:42:41+00:00\" \/>\n<meta property=\"og:image\" content=\"https:\/\/edumas.gov.co\/wp-content\/uploads\/2025\/02\/WhatsApp-Image-2025-02-20-at-3.48.18-PM.jpeg\" \/>\n\t<meta property=\"og:image:width\" content=\"1\" \/>\n\t<meta property=\"og:image:height\" content=\"1\" \/>\n\t<meta property=\"og:image:type\" content=\"image\/jpeg\" \/>\n<meta name=\"author\" content=\"edumas\" \/>\n<meta name=\"twitter:card\" content=\"summary_large_image\" \/>\n<meta name=\"twitter:label1\" content=\"Escrito por\" \/>\n\t<meta name=\"twitter:data1\" content=\"edumas\" \/>\n\t<meta name=\"twitter:label2\" content=\"Tiempo de lectura\" \/>\n\t<meta name=\"twitter:data2\" content=\"2 minutos\" \/>\n<script type=\"application\/ld+json\" class=\"yoast-schema-graph\">{\"@context\":\"https:\\\/\\\/schema.org\",\"@graph\":[{\"@type\":\"Article\",\"@id\":\"https:\\\/\\\/edumas.gov.co\\\/inicio\\\/2025\\\/03\\\/05\\\/%c2%a8se-ha-visto-mucho-la-gestion-que-ha-realizado-el-edumas-diana-lopez-oficial-de-peligro-aviario-y-fauna-aeropuerto-ernesto-cortissoz\\\/#article\",\"isPartOf\":{\"@id\":\"https:\\\/\\\/edumas.gov.co\\\/inicio\\\/2025\\\/03\\\/05\\\/%c2%a8se-ha-visto-mucho-la-gestion-que-ha-realizado-el-edumas-diana-lopez-oficial-de-peligro-aviario-y-fauna-aeropuerto-ernesto-cortissoz\\\/\"},\"author\":{\"name\":\"edumas\",\"@id\":\"https:\\\/\\\/edumas.gov.co\\\/inicio\\\/#\\\/schema\\\/person\\\/e2e82a662fd06864325b88811079b05a\"},\"headline\":\"\u00a8Se ha visto mucho la gesti\u00f3n que ha realizado el Edumas\u201d, Diana L\u00f3pez, Oficial de Peligro Aviario y Fauna \u2013 Aeropuerto Ernesto Cortissoz\",\"datePublished\":\"2025-03-05T21:42:37+00:00\",\"dateModified\":\"2025-03-05T21:42:41+00:00\",\"mainEntityOfPage\":{\"@id\":\"https:\\\/\\\/edumas.gov.co\\\/inicio\\\/2025\\\/03\\\/05\\\/%c2%a8se-ha-visto-mucho-la-gestion-que-ha-realizado-el-edumas-diana-lopez-oficial-de-peligro-aviario-y-fauna-aeropuerto-ernesto-cortissoz\\\/\"},\"wordCount\":325,\"commentCount\":0,\"publisher\":{\"@id\":\"https:\\\/\\\/edumas.gov.co\\\/inicio\\\/#organization\"},\"image\":{\"@id\":\"https:\\\/\\\/edumas.gov.co\\\/inicio\\\/2025\\\/03\\\/05\\\/%c2%a8se-ha-visto-mucho-la-gestion-que-ha-realizado-el-edumas-diana-lopez-oficial-de-peligro-aviario-y-fauna-aeropuerto-ernesto-cortissoz\\\/#primaryimage\"},\"thumbnailUrl\":\"https:\\\/\\\/edumas.gov.co\\\/wp-content\\\/uploads\\\/2025\\\/02\\\/WhatsApp-Image-2025-02-20-at-3.48.18-PM.jpeg\",\"articleSection\":[\"noticias\"],\"inLanguage\":\"es\",\"potentialAction\":[{\"@type\":\"CommentAction\",\"name\":\"Comment\",\"target\":[\"https:\\\/\\\/edumas.gov.co\\\/inicio\\\/2025\\\/03\\\/05\\\/%c2%a8se-ha-visto-mucho-la-gestion-que-ha-realizado-el-edumas-diana-lopez-oficial-de-peligro-aviario-y-fauna-aeropuerto-ernesto-cortissoz\\\/#respond\"]}]},{\"@type\":\"WebPage\",\"@id\":\"https:\\\/\\\/edumas.gov.co\\\/inicio\\\/2025\\\/03\\\/05\\\/%c2%a8se-ha-visto-mucho-la-gestion-que-ha-realizado-el-edumas-diana-lopez-oficial-de-peligro-aviario-y-fauna-aeropuerto-ernesto-cortissoz\\\/\",\"url\":\"https:\\\/\\\/edumas.gov.co\\\/inicio\\\/2025\\\/03\\\/05\\\/%c2%a8se-ha-visto-mucho-la-gestion-que-ha-realizado-el-edumas-diana-lopez-oficial-de-peligro-aviario-y-fauna-aeropuerto-ernesto-cortissoz\\\/\",\"name\":\"\u00a8Se ha visto mucho la gesti\u00f3n que ha realizado el Edumas\u201d, Diana L\u00f3pez, Oficial de Peligro Aviario y Fauna \u2013 Aeropuerto Ernesto Cortissoz - Edumas\",\"isPartOf\":{\"@id\":\"https:\\\/\\\/edumas.gov.co\\\/inicio\\\/#website\"},\"primaryImageOfPage\":{\"@id\":\"https:\\\/\\\/edumas.gov.co\\\/inicio\\\/2025\\\/03\\\/05\\\/%c2%a8se-ha-visto-mucho-la-gestion-que-ha-realizado-el-edumas-diana-lopez-oficial-de-peligro-aviario-y-fauna-aeropuerto-ernesto-cortissoz\\\/#primaryimage\"},\"image\":{\"@id\":\"https:\\\/\\\/edumas.gov.co\\\/inicio\\\/2025\\\/03\\\/05\\\/%c2%a8se-ha-visto-mucho-la-gestion-que-ha-realizado-el-edumas-diana-lopez-oficial-de-peligro-aviario-y-fauna-aeropuerto-ernesto-cortissoz\\\/#primaryimage\"},\"thumbnailUrl\":\"https:\\\/\\\/edumas.gov.co\\\/wp-content\\\/uploads\\\/2025\\\/02\\\/WhatsApp-Image-2025-02-20-at-3.48.18-PM.jpeg\",\"datePublished\":\"2025-03-05T21:42:37+00:00\",\"dateModified\":\"2025-03-05T21:42:41+00:00\",\"breadcrumb\":{\"@id\":\"https:\\\/\\\/edumas.gov.co\\\/inicio\\\/2025\\\/03\\\/05\\\/%c2%a8se-ha-visto-mucho-la-gestion-que-ha-realizado-el-edumas-diana-lopez-oficial-de-peligro-aviario-y-fauna-aeropuerto-ernesto-cortissoz\\\/#breadcrumb\"},\"inLanguage\":\"es\",\"potentialAction\":[{\"@type\":\"ReadAction\",\"target\":[\"https:\\\/\\\/edumas.gov.co\\\/inicio\\\/2025\\\/03\\\/05\\\/%c2%a8se-ha-visto-mucho-la-gestion-que-ha-realizado-el-edumas-diana-lopez-oficial-de-peligro-aviario-y-fauna-aeropuerto-ernesto-cortissoz\\\/\"]}]},{\"@type\":\"ImageObject\",\"inLanguage\":\"es\",\"@id\":\"https:\\\/\\\/edumas.gov.co\\\/inicio\\\/2025\\\/03\\\/05\\\/%c2%a8se-ha-visto-mucho-la-gestion-que-ha-realizado-el-edumas-diana-lopez-oficial-de-peligro-aviario-y-fauna-aeropuerto-ernesto-cortissoz\\\/#primaryimage\",\"url\":\"https:\\\/\\\/edumas.gov.co\\\/wp-content\\\/uploads\\\/2025\\\/02\\\/WhatsApp-Image-2025-02-20-at-3.48.18-PM.jpeg\",\"contentUrl\":\"https:\\\/\\\/edumas.gov.co\\\/wp-content\\\/uploads\\\/2025\\\/02\\\/WhatsApp-Image-2025-02-20-at-3.48.18-PM.jpeg\"},{\"@type\":\"BreadcrumbList\",\"@id\":\"https:\\\/\\\/edumas.gov.co\\\/inicio\\\/2025\\\/03\\\/05\\\/%c2%a8se-ha-visto-mucho-la-gestion-que-ha-realizado-el-edumas-diana-lopez-oficial-de-peligro-aviario-y-fauna-aeropuerto-ernesto-cortissoz\\\/#breadcrumb\",\"itemListElement\":[{\"@type\":\"ListItem\",\"position\":1,\"name\":\"Portada\",\"item\":\"https:\\\/\\\/edumas.gov.co\\\/inicio\\\/\"},{\"@type\":\"ListItem\",\"position\":2,\"name\":\"\u00a8Se ha visto mucho la gesti\u00f3n que ha realizado el Edumas\u201d, Diana L\u00f3pez, Oficial de Peligro Aviario y Fauna \u2013 Aeropuerto Ernesto Cortissoz\"}]},{\"@type\":\"WebSite\",\"@id\":\"https:\\\/\\\/edumas.gov.co\\\/inicio\\\/#website\",\"url\":\"https:\\\/\\\/edumas.gov.co\\\/inicio\\\/\",\"name\":\"Edumas\",\"description\":\"Edumas\",\"publisher\":{\"@id\":\"https:\\\/\\\/edumas.gov.co\\\/inicio\\\/#organization\"},\"potentialAction\":[{\"@type\":\"SearchAction\",\"target\":{\"@type\":\"EntryPoint\",\"urlTemplate\":\"https:\\\/\\\/edumas.gov.co\\\/inicio\\\/?s={search_term_string}\"},\"query-input\":{\"@type\":\"PropertyValueSpecification\",\"valueRequired\":true,\"valueName\":\"search_term_string\"}}],\"inLanguage\":\"es\"},{\"@type\":\"Organization\",\"@id\":\"https:\\\/\\\/edumas.gov.co\\\/inicio\\\/#organization\",\"name\":\"Edumas\",\"url\":\"https:\\\/\\\/edumas.gov.co\\\/inicio\\\/\",\"logo\":{\"@type\":\"ImageObject\",\"inLanguage\":\"es\",\"@id\":\"https:\\\/\\\/edumas.gov.co\\\/inicio\\\/#\\\/schema\\\/logo\\\/image\\\/\",\"url\":\"https:\\\/\\\/edumas.gov.co\\\/wp-content\\\/uploads\\\/2024\\\/10\\\/Perfil-Instagram-PhotoRoom.png-PhotoRoom.png\",\"contentUrl\":\"https:\\\/\\\/edumas.gov.co\\\/wp-content\\\/uploads\\\/2024\\\/10\\\/Perfil-Instagram-PhotoRoom.png-PhotoRoom.png\",\"width\":648,\"height\":233,\"caption\":\"Edumas\"},\"image\":{\"@id\":\"https:\\\/\\\/edumas.gov.co\\\/inicio\\\/#\\\/schema\\\/logo\\\/image\\\/\"}},{\"@type\":\"Person\",\"@id\":\"https:\\\/\\\/edumas.gov.co\\\/inicio\\\/#\\\/schema\\\/person\\\/e2e82a662fd06864325b88811079b05a\",\"name\":\"edumas\",\"image\":{\"@type\":\"ImageObject\",\"inLanguage\":\"es\",\"@id\":\"https:\\\/\\\/edumas.gov.co\\\/wp-content\\\/uploads\\\/2025\\\/03\\\/WhatsApp-Image-2025-03-06-at-12.44.58-PM-150x150.jpeg\",\"url\":\"https:\\\/\\\/edumas.gov.co\\\/wp-content\\\/uploads\\\/2025\\\/03\\\/WhatsApp-Image-2025-03-06-at-12.44.58-PM-150x150.jpeg\",\"contentUrl\":\"https:\\\/\\\/edumas.gov.co\\\/wp-content\\\/uploads\\\/2025\\\/03\\\/WhatsApp-Image-2025-03-06-at-12.44.58-PM-150x150.jpeg\",\"caption\":\"edumas\"},\"sameAs\":[\"https:\\\/\\\/test.edumas.gov.co\"],\"url\":\"https:\\\/\\\/edumas.gov.co\\\/inicio\\\/author\\\/edumas\\\/\"}]}<\/script>\n<!-- \/ Yoast SEO plugin. -->","yoast_head_json":{"title":"\u00a8Se ha visto mucho la gesti\u00f3n que ha realizado el Edumas\u201d, Diana L\u00f3pez, Oficial de Peligro Aviario y Fauna \u2013 Aeropuerto Ernesto Cortissoz - Edumas","robots":{"index":"index","follow":"follow","max-snippet":"max-snippet:-1","max-image-preview":"max-image-preview:large","max-video-preview":"max-video-preview:-1"},"canonical":"https:\/\/edumas.gov.co\/inicio\/2025\/03\/05\/\u00a8se-ha-visto-mucho-la-gestion-que-ha-realizado-el-edumas-diana-lopez-oficial-de-peligro-aviario-y-fauna-aeropuerto-ernesto-cortissoz\/","og_locale":"es_ES","og_type":"article","og_title":"\u00a8Se ha visto mucho la gesti\u00f3n que ha realizado el Edumas\u201d, Diana L\u00f3pez, Oficial de Peligro Aviario y Fauna \u2013 Aeropuerto Ernesto Cortissoz - Edumas","og_description":"La Alcald\u00eda de Soledad a trav\u00e9s del Establecimiento de Desarrollo Urbano y Medio Ambiente \u2013 Edumas, la Secretar\u00eda de Gobierno, la Oficina de Salud P\u00fablica e Interaseo; contin\u00faan en el cumplimiento del plan de intervenciones dirigidos a la mitigaci\u00f3n de puntos cr\u00edticos de basuras alojados en las inmediaciones del Aeropuerto Internacional Ernesto Cortissoz. Durante el [&hellip;]","og_url":"https:\/\/edumas.gov.co\/inicio\/2025\/03\/05\/\u00a8se-ha-visto-mucho-la-gestion-que-ha-realizado-el-edumas-diana-lopez-oficial-de-peligro-aviario-y-fauna-aeropuerto-ernesto-cortissoz\/","og_site_name":"Edumas","article_published_time":"2025-03-05T21:42:37+00:00","article_modified_time":"2025-03-05T21:42:41+00:00","og_image":[{"url":"https:\/\/edumas.gov.co\/wp-content\/uploads\/2025\/02\/WhatsApp-Image-2025-02-20-at-3.48.18-PM.jpeg","width":1,"height":1,"type":"image\/jpeg"}],"author":"edumas","twitter_card":"summary_large_image","twitter_misc":{"Escrito por":"edumas","Tiempo de lectura":"2 minutos"},"schema":{"@context":"https:\/\/schema.org","@graph":[{"@type":"Article","@id":"https:\/\/edumas.gov.co\/inicio\/2025\/03\/05\/%c2%a8se-ha-visto-mucho-la-gestion-que-ha-realizado-el-edumas-diana-lopez-oficial-de-peligro-aviario-y-fauna-aeropuerto-ernesto-cortissoz\/#article","isPartOf":{"@id":"https:\/\/edumas.gov.co\/inicio\/2025\/03\/05\/%c2%a8se-ha-visto-mucho-la-gestion-que-ha-realizado-el-edumas-diana-lopez-oficial-de-peligro-aviario-y-fauna-aeropuerto-ernesto-cortissoz\/"},"author":{"name":"edumas","@id":"https:\/\/edumas.gov.co\/inicio\/#\/schema\/person\/e2e82a662fd06864325b88811079b05a"},"headline":"\u00a8Se ha visto mucho la gesti\u00f3n que ha realizado el Edumas\u201d, Diana L\u00f3pez, Oficial de Peligro Aviario y Fauna \u2013 Aeropuerto Ernesto Cortissoz","datePublished":"2025-03-05T21:42:37+00:00","dateModified":"2025-03-05T21:42:41+00:00","mainEntityOfPage":{"@id":"https:\/\/edumas.gov.co\/inicio\/2025\/03\/05\/%c2%a8se-ha-visto-mucho-la-gestion-que-ha-realizado-el-edumas-diana-lopez-oficial-de-peligro-aviario-y-fauna-aeropuerto-ernesto-cortissoz\/"},"wordCount":325,"commentCount":0,"publisher":{"@id":"https:\/\/edumas.gov.co\/inicio\/#organization"},"image":{"@id":"https:\/\/edumas.gov.co\/inicio\/2025\/03\/05\/%c2%a8se-ha-visto-mucho-la-gestion-que-ha-realizado-el-edumas-diana-lopez-oficial-de-peligro-aviario-y-fauna-aeropuerto-ernesto-cortissoz\/#primaryimage"},"thumbnailUrl":"https:\/\/edumas.gov.co\/wp-content\/uploads\/2025\/02\/WhatsApp-Image-2025-02-20-at-3.48.18-PM.jpeg","articleSection":["noticias"],"inLanguage":"es","potentialAction":[{"@type":"CommentAction","name":"Comment","target":["https:\/\/edumas.gov.co\/inicio\/2025\/03\/05\/%c2%a8se-ha-visto-mucho-la-gestion-que-ha-realizado-el-edumas-diana-lopez-oficial-de-peligro-aviario-y-fauna-aeropuerto-ernesto-cortissoz\/#respond"]}]},{"@type":"WebPage","@id":"https:\/\/edumas.gov.co\/inicio\/2025\/03\/05\/%c2%a8se-ha-visto-mucho-la-gestion-que-ha-realizado-el-edumas-diana-lopez-oficial-de-peligro-aviario-y-fauna-aeropuerto-ernesto-cortissoz\/","url":"https:\/\/edumas.gov.co\/inicio\/2025\/03\/05\/%c2%a8se-ha-visto-mucho-la-gestion-que-ha-realizado-el-edumas-diana-lopez-oficial-de-peligro-aviario-y-fauna-aeropuerto-ernesto-cortissoz\/","name":"\u00a8Se ha visto mucho la gesti\u00f3n que ha realizado el Edumas\u201d, Diana L\u00f3pez, Oficial de Peligro Aviario y Fauna \u2013 Aeropuerto Ernesto Cortissoz - Edumas","isPartOf":{"@id":"https:\/\/edumas.gov.co\/inicio\/#website"},"primaryImageOfPage":{"@id":"https:\/\/edumas.gov.co\/inicio\/2025\/03\/05\/%c2%a8se-ha-visto-mucho-la-gestion-que-ha-realizado-el-edumas-diana-lopez-oficial-de-peligro-aviario-y-fauna-aeropuerto-ernesto-cortissoz\/#primaryimage"},"image":{"@id":"https:\/\/edumas.gov.co\/inicio\/2025\/03\/05\/%c2%a8se-ha-visto-mucho-la-gestion-que-ha-realizado-el-edumas-diana-lopez-oficial-de-peligro-aviario-y-fauna-aeropuerto-ernesto-cortissoz\/#primaryimage"},"thumbnailUrl":"https:\/\/edumas.gov.co\/wp-content\/uploads\/2025\/02\/WhatsApp-Image-2025-02-20-at-3.48.18-PM.jpeg","datePublished":"2025-03-05T21:42:37+00:00","dateModified":"2025-03-05T21:42:41+00:00","breadcrumb":{"@id":"https:\/\/edumas.gov.co\/inicio\/2025\/03\/05\/%c2%a8se-ha-visto-mucho-la-gestion-que-ha-realizado-el-edumas-diana-lopez-oficial-de-peligro-aviario-y-fauna-aeropuerto-ernesto-cortissoz\/#breadcrumb"},"inLanguage":"es","potentialAction":[{"@type":"ReadAction","target":["https:\/\/edumas.gov.co\/inicio\/2025\/03\/05\/%c2%a8se-ha-visto-mucho-la-gestion-que-ha-realizado-el-edumas-diana-lopez-oficial-de-peligro-aviario-y-fauna-aeropuerto-ernesto-cortissoz\/"]}]},{"@type":"ImageObject","inLanguage":"es","@id":"https:\/\/edumas.gov.co\/inicio\/2025\/03\/05\/%c2%a8se-ha-visto-mucho-la-gestion-que-ha-realizado-el-edumas-diana-lopez-oficial-de-peligro-aviario-y-fauna-aeropuerto-ernesto-cortissoz\/#primaryimage","url":"https:\/\/edumas.gov.co\/wp-content\/uploads\/2025\/02\/WhatsApp-Image-2025-02-20-at-3.48.18-PM.jpeg","contentUrl":"https:\/\/edumas.gov.co\/wp-content\/uploads\/2025\/02\/WhatsApp-Image-2025-02-20-at-3.48.18-PM.jpeg"},{"@type":"BreadcrumbList","@id":"https:\/\/edumas.gov.co\/inicio\/2025\/03\/05\/%c2%a8se-ha-visto-mucho-la-gestion-que-ha-realizado-el-edumas-diana-lopez-oficial-de-peligro-aviario-y-fauna-aeropuerto-ernesto-cortissoz\/#breadcrumb","itemListElement":[{"@type":"ListItem","position":1,"name":"Portada","item":"https:\/\/edumas.gov.co\/inicio\/"},{"@type":"ListItem","position":2,"name":"\u00a8Se ha visto mucho la gesti\u00f3n que ha realizado el Edumas\u201d, Diana L\u00f3pez, Oficial de Peligro Aviario y Fauna \u2013 Aeropuerto Ernesto Cortissoz"}]},{"@type":"WebSite","@id":"https:\/\/edumas.gov.co\/inicio\/#website","url":"https:\/\/edumas.gov.co\/inicio\/","name":"Edumas","description":"Edumas","publisher":{"@id":"https:\/\/edumas.gov.co\/inicio\/#organization"},"potentialAction":[{"@type":"SearchAction","target":{"@type":"EntryPoint","urlTemplate":"https:\/\/edumas.gov.co\/inicio\/?s={search_term_string}"},"query-input":{"@type":"PropertyValueSpecification","valueRequired":true,"valueName":"search_term_string"}}],"inLanguage":"es"},{"@type":"Organization","@id":"https:\/\/edumas.gov.co\/inicio\/#organization","name":"Edumas","url":"https:\/\/edumas.gov.co\/inicio\/","logo":{"@type":"ImageObject","inLanguage":"es","@id":"https:\/\/edumas.gov.co\/inicio\/#\/schema\/logo\/image\/","url":"https:\/\/edumas.gov.co\/wp-content\/uploads\/2024\/10\/Perfil-Instagram-PhotoRoom.png-PhotoRoom.png","contentUrl":"https:\/\/edumas.gov.co\/wp-content\/uploads\/2024\/10\/Perfil-Instagram-PhotoRoom.png-PhotoRoom.png","width":648,"height":233,"caption":"Edumas"},"image":{"@id":"https:\/\/edumas.gov.co\/inicio\/#\/schema\/logo\/image\/"}},{"@type":"Person","@id":"https:\/\/edumas.gov.co\/inicio\/#\/schema\/person\/e2e82a662fd06864325b88811079b05a","name":"edumas","image":{"@type":"ImageObject","inLanguage":"es","@id":"https:\/\/edumas.gov.co\/wp-content\/uploads\/2025\/03\/WhatsApp-Image-2025-03-06-at-12.44.58-PM-150x150.jpeg","url":"https:\/\/edumas.gov.co\/wp-content\/uploads\/2025\/03\/WhatsApp-Image-2025-03-06-at-12.44.58-PM-150x150.jpeg","contentUrl":"https:\/\/edumas.gov.co\/wp-content\/uploads\/2025\/03\/WhatsApp-Image-2025-03-06-at-12.44.58-PM-150x150.jpeg","caption":"edumas"},"sameAs":["https:\/\/test.edumas.gov.co"],"url":"https:\/\/edumas.gov.co\/inicio\/author\/edumas\/"}]}},"_links":{"self":[{"href":"https:\/\/edumas.gov.co\/inicio\/wp-json\/wp\/v2\/posts\/5449","targetHints":{"allow":["GET"]}}],"collection":[{"href":"https:\/\/edumas.gov.co\/inicio\/wp-json\/wp\/v2\/posts"}],"about":[{"href":"https:\/\/edumas.gov.co\/inicio\/wp-json\/wp\/v2\/types\/post"}],"author":[{"embeddable":true,"href":"https:\/\/edumas.gov.co\/inicio\/wp-json\/wp\/v2\/users\/1"}],"replies":[{"embeddable":true,"href":"https:\/\/edumas.gov.co\/inicio\/wp-json\/wp\/v2\/comments?post=5449"}],"version-history":[{"count":1,"href":"https:\/\/edumas.gov.co\/inicio\/wp-json\/wp\/v2\/posts\/5449\/revisions"}],"predecessor-version":[{"id":5450,"href":"https:\/\/edumas.gov.co\/inicio\/wp-json\/wp\/v2\/posts\/5449\/revisions\/5450"}],"wp:featuredmedia":[{"embeddable":true,"href":"https:\/\/edumas.gov.co\/inicio\/wp-json\/wp\/v2\/media\/5410"}],"wp:attachment":[{"href":"https:\/\/edumas.gov.co\/inicio\/wp-json\/wp\/v2\/media?parent=5449"}],"wp:term":[{"taxonomy":"category","embeddable":true,"href":"https:\/\/edumas.gov.co\/inicio\/wp-json\/wp\/v2\/categories?post=5449"},{"taxonomy":"post_tag","embeddable":true,"href":"https:\/\/edumas.gov.co\/inicio\/wp-json\/wp\/v2\/tags?post=5449"}],"curies":[{"name":"wp","href":"https:\/\/api.w.org\/{rel}","templated":true}]}}