{"id":5888,"date":"2025-04-05T15:20:23","date_gmt":"2025-04-05T15:20:23","guid":{"rendered":"https:\/\/edumas.gov.co\/inicio\/?p=5888"},"modified":"2025-04-07T15:24:40","modified_gmt":"2025-04-07T15:24:40","slug":"inicia-intervencion-de-los-arroyos-prioritarios-de-soledad-como-medida-de-prevencion-ante-primera-temporada-de-lluvias","status":"publish","type":"post","link":"https:\/\/edumas.gov.co\/inicio\/2025\/04\/05\/inicia-intervencion-de-los-arroyos-prioritarios-de-soledad-como-medida-de-prevencion-ante-primera-temporada-de-lluvias\/","title":{"rendered":"Inicia intervenci\u00f3n de los arroyos prioritarios de Soledad como medida de prevenci\u00f3n ante primera temporada de lluvias"},"content":{"rendered":"\n<p class=\"wp-block-paragraph\">De manera anticipada, como medida de prevenci\u00f3n ante la primera temporada de m\u00e1s lluvias anunciada por el Instituto de Hidrolog\u00eda, Meteorolog\u00eda y Estudios Ambientales \u2013 Ideam; la Alcald\u00eda de Soledad a trav\u00e9s del Establecimiento de Desarrollo Urbano y Medio Ambiente \u2013 Edumas y la Oficina de Prevenci\u00f3n de Riesgos de Desastres, inici\u00f3 el plan de intervenciones de arroyos prioritarios del municipio.<\/p>\n\n\n\n<p class=\"wp-block-paragraph\">Acorde al comunicado especial No. 025 emitido por el Ideam, \u201cel per\u00edodo comprendido entre marzo, abril y mayo muestra una tendencia hacia la categor\u00eda por encima de lo normal en la mayor parte de las regiones Andina, Caribe y Orinoqu\u00eda, situaci\u00f3n que podr\u00eda acentuar esta primera temporada de m\u00e1s lluvias\u201d.<\/p>\n\n\n\n<div class=\"wp-block-media-text is-stacked-on-mobile\"><figure class=\"wp-block-media-text__media\"><img decoding=\"async\" src=\"https:\/\/edumas.gov.co\/wp-content\/uploads\/2025\/04\/WhatsApp-Image-2025-04-05-at-1.25.08-PM-1.jpeg\" alt=\"\" class=\"wp-image-5885 size-full\"\/><\/figure><div class=\"wp-block-media-text__content\">\n<p class=\"wp-block-paragraph\">Por ello, a partir de la priorizaci\u00f3n acorde al nivel de riesgos que se puedan presentar, se inici\u00f3 en el d\u00eda de hoy con la limpieza del arroyo Salamanca, ubicado en el sector de La Concepci\u00f3n. Asimismo, con minicargador se dio inicio a los trabajos de limpieza, de manera reiterativa, del sector que es utilizado como botadero ilegal a cielo abierto.<\/p>\n<\/div><\/div>\n\n\n\n<p class=\"wp-block-paragraph\">El gerente encargado del Edumas, Daniel Cure Mu\u00f1oz, indic\u00f3 que \u201cnos hemos adelantado a la temporada de lluvias para mitigar riesgos por la seguridad de los ciudadanos. Esperamos la participaci\u00f3n de toda la ciudadan\u00eda en su compromiso por mantener a Soledad limpia; esta es una responsabilidad de todos\u201d.<\/p>\n\n\n\n<p class=\"wp-block-paragraph\">Como parte de estos trabajos, la entidad complementa sus acciones con un plan de sensibilizaciones puerta a puerta y en instituciones educativas sobre la correcta disposici\u00f3n de los residuos s\u00f3lidos y el acatamiento de los horarios de recolecci\u00f3n por parte de la empresa Interaseo en los diferentes sectores de Soledad.<\/p>\n\n\n\n<div class=\"wp-block-jetpack-slideshow aligncenter\" data-effect=\"slide\"><div class=\"wp-block-jetpack-slideshow_container swiper-container\"><ul class=\"wp-block-jetpack-slideshow_swiper-wrapper swiper-wrapper\"><li class=\"wp-block-jetpack-slideshow_slide swiper-slide\"><figure><img decoding=\"async\" alt=\"\" class=\"wp-block-jetpack-slideshow_image wp-image-5885\" data-id=\"5885\" src=\"https:\/\/edumas.gov.co\/wp-content\/uploads\/2025\/04\/WhatsApp-Image-2025-04-05-at-1.25.08-PM-1.jpeg\"\/><\/figure><\/li><li class=\"wp-block-jetpack-slideshow_slide swiper-slide\"><figure><img decoding=\"async\" alt=\"\" class=\"wp-block-jetpack-slideshow_image wp-image-5886\" data-id=\"5886\" src=\"https:\/\/edumas.gov.co\/wp-content\/uploads\/2025\/04\/WhatsApp-Image-2025-04-05-at-1.25.08-PM.jpeg\"\/><\/figure><\/li><li class=\"wp-block-jetpack-slideshow_slide swiper-slide\"><figure><img decoding=\"async\" alt=\"\" class=\"wp-block-jetpack-slideshow_image wp-image-5884\" data-id=\"5884\" src=\"https:\/\/edumas.gov.co\/wp-content\/uploads\/2025\/04\/WhatsApp-Image-2025-04-05-at-1.25.09-PM.jpeg\"\/><\/figure><\/li><li class=\"wp-block-jetpack-slideshow_slide swiper-slide\"><figure><img decoding=\"async\" alt=\"\" class=\"wp-block-jetpack-slideshow_image wp-image-5883\" data-id=\"5883\" src=\"https:\/\/edumas.gov.co\/wp-content\/uploads\/2025\/04\/WhatsApp-Image-2025-04-05-at-1.25.11-PM.jpeg\"\/><\/figure><\/li><\/ul><a class=\"wp-block-jetpack-slideshow_button-prev swiper-button-prev swiper-button-white\" role=\"button\"><\/a><a class=\"wp-block-jetpack-slideshow_button-next swiper-button-next swiper-button-white\" role=\"button\"><\/a><a aria-label=\"Pause Slideshow\" class=\"wp-block-jetpack-slideshow_button-pause\" role=\"button\"><\/a><div class=\"wp-block-jetpack-slideshow_pagination swiper-pagination swiper-pagination-white\"><\/div><\/div><\/div>\n\n\n\n<figure class=\"wp-block-video\"><video height=\"720\" style=\"aspect-ratio: 1280 \/ 720;\" width=\"1280\" controls src=\"https:\/\/edumas.gov.co\/wp-content\/uploads\/2025\/04\/WhatsApp-Video-2025-04-05-at-1.23.29-PM.mp4\"><\/video><\/figure>\n","protected":false},"excerpt":{"rendered":"<p>De manera anticipada, como medida de prevenci\u00f3n ante la primera temporada de m\u00e1s lluvias anunciada por el Instituto de Hidrolog\u00eda, Meteorolog\u00eda y Estudios Ambientales \u2013 Ideam; la Alcald\u00eda de Soledad a trav\u00e9s del Establecimiento de Desarrollo Urbano y Medio Ambiente \u2013 Edumas y la Oficina de Prevenci\u00f3n de Riesgos de Desastres, inici\u00f3 el plan de [&hellip;]<\/p>\n","protected":false},"author":1,"featured_media":5883,"comment_status":"open","ping_status":"open","sticky":false,"template":"","format":"standard","meta":{"footnotes":""},"categories":[26],"tags":[],"class_list":["post-5888","post","type-post","status-publish","format-standard","has-post-thumbnail","hentry","category-noticias"],"yoast_head":"<!-- This site is optimized with the Yoast SEO plugin v27.4 - https:\/\/yoast.com\/product\/yoast-seo-wordpress\/ -->\n<title>Inicia intervenci\u00f3n de los arroyos prioritarios de Soledad como medida de prevenci\u00f3n ante primera temporada de lluvias - Edumas<\/title>\n<meta name=\"robots\" content=\"index, follow, max-snippet:-1, max-image-preview:large, max-video-preview:-1\" \/>\n<link rel=\"canonical\" href=\"https:\/\/edumas.gov.co\/inicio\/2025\/04\/05\/inicia-intervencion-de-los-arroyos-prioritarios-de-soledad-como-medida-de-prevencion-ante-primera-temporada-de-lluvias\/\" \/>\n<meta property=\"og:locale\" content=\"es_ES\" \/>\n<meta property=\"og:type\" content=\"article\" \/>\n<meta property=\"og:title\" content=\"Inicia intervenci\u00f3n de los arroyos prioritarios de Soledad como medida de prevenci\u00f3n ante primera temporada de lluvias - Edumas\" \/>\n<meta property=\"og:description\" content=\"De manera anticipada, como medida de prevenci\u00f3n ante la primera temporada de m\u00e1s lluvias anunciada por el Instituto de Hidrolog\u00eda, Meteorolog\u00eda y Estudios Ambientales \u2013 Ideam; la Alcald\u00eda de Soledad a trav\u00e9s del Establecimiento de Desarrollo Urbano y Medio Ambiente \u2013 Edumas y la Oficina de Prevenci\u00f3n de Riesgos de Desastres, inici\u00f3 el plan de [&hellip;]\" \/>\n<meta property=\"og:url\" content=\"https:\/\/edumas.gov.co\/inicio\/2025\/04\/05\/inicia-intervencion-de-los-arroyos-prioritarios-de-soledad-como-medida-de-prevencion-ante-primera-temporada-de-lluvias\/\" \/>\n<meta property=\"og:site_name\" content=\"Edumas\" \/>\n<meta property=\"article:published_time\" content=\"2025-04-05T15:20:23+00:00\" \/>\n<meta property=\"article:modified_time\" content=\"2025-04-07T15:24:40+00:00\" \/>\n<meta property=\"og:image\" content=\"https:\/\/edumas.gov.co\/wp-content\/uploads\/2025\/04\/WhatsApp-Image-2025-04-05-at-1.25.11-PM.jpeg\" \/>\n\t<meta property=\"og:image:width\" content=\"1\" \/>\n\t<meta property=\"og:image:height\" content=\"1\" \/>\n\t<meta property=\"og:image:type\" content=\"image\/jpeg\" \/>\n<meta name=\"author\" content=\"edumas\" \/>\n<meta name=\"twitter:card\" content=\"summary_large_image\" \/>\n<meta name=\"twitter:label1\" content=\"Escrito por\" \/>\n\t<meta name=\"twitter:data1\" content=\"edumas\" \/>\n\t<meta name=\"twitter:label2\" content=\"Tiempo de lectura\" \/>\n\t<meta name=\"twitter:data2\" content=\"3 minutos\" \/>\n<script type=\"application\/ld+json\" class=\"yoast-schema-graph\">{\"@context\":\"https:\\\/\\\/schema.org\",\"@graph\":[{\"@type\":\"Article\",\"@id\":\"https:\\\/\\\/edumas.gov.co\\\/inicio\\\/2025\\\/04\\\/05\\\/inicia-intervencion-de-los-arroyos-prioritarios-de-soledad-como-medida-de-prevencion-ante-primera-temporada-de-lluvias\\\/#article\",\"isPartOf\":{\"@id\":\"https:\\\/\\\/edumas.gov.co\\\/inicio\\\/2025\\\/04\\\/05\\\/inicia-intervencion-de-los-arroyos-prioritarios-de-soledad-como-medida-de-prevencion-ante-primera-temporada-de-lluvias\\\/\"},\"author\":{\"name\":\"edumas\",\"@id\":\"https:\\\/\\\/edumas.gov.co\\\/inicio\\\/#\\\/schema\\\/person\\\/e2e82a662fd06864325b88811079b05a\"},\"headline\":\"Inicia intervenci\u00f3n de los arroyos prioritarios de Soledad como medida de prevenci\u00f3n ante primera temporada de lluvias\",\"datePublished\":\"2025-04-05T15:20:23+00:00\",\"dateModified\":\"2025-04-07T15:24:40+00:00\",\"mainEntityOfPage\":{\"@id\":\"https:\\\/\\\/edumas.gov.co\\\/inicio\\\/2025\\\/04\\\/05\\\/inicia-intervencion-de-los-arroyos-prioritarios-de-soledad-como-medida-de-prevencion-ante-primera-temporada-de-lluvias\\\/\"},\"wordCount\":308,\"commentCount\":0,\"publisher\":{\"@id\":\"https:\\\/\\\/edumas.gov.co\\\/inicio\\\/#organization\"},\"image\":{\"@id\":\"https:\\\/\\\/edumas.gov.co\\\/inicio\\\/2025\\\/04\\\/05\\\/inicia-intervencion-de-los-arroyos-prioritarios-de-soledad-como-medida-de-prevencion-ante-primera-temporada-de-lluvias\\\/#primaryimage\"},\"thumbnailUrl\":\"https:\\\/\\\/edumas.gov.co\\\/wp-content\\\/uploads\\\/2025\\\/04\\\/WhatsApp-Image-2025-04-05-at-1.25.11-PM.jpeg\",\"articleSection\":[\"noticias\"],\"inLanguage\":\"es\",\"potentialAction\":[{\"@type\":\"CommentAction\",\"name\":\"Comment\",\"target\":[\"https:\\\/\\\/edumas.gov.co\\\/inicio\\\/2025\\\/04\\\/05\\\/inicia-intervencion-de-los-arroyos-prioritarios-de-soledad-como-medida-de-prevencion-ante-primera-temporada-de-lluvias\\\/#respond\"]}]},{\"@type\":\"WebPage\",\"@id\":\"https:\\\/\\\/edumas.gov.co\\\/inicio\\\/2025\\\/04\\\/05\\\/inicia-intervencion-de-los-arroyos-prioritarios-de-soledad-como-medida-de-prevencion-ante-primera-temporada-de-lluvias\\\/\",\"url\":\"https:\\\/\\\/edumas.gov.co\\\/inicio\\\/2025\\\/04\\\/05\\\/inicia-intervencion-de-los-arroyos-prioritarios-de-soledad-como-medida-de-prevencion-ante-primera-temporada-de-lluvias\\\/\",\"name\":\"Inicia intervenci\u00f3n de los arroyos prioritarios de Soledad como medida de prevenci\u00f3n ante primera temporada de lluvias - Edumas\",\"isPartOf\":{\"@id\":\"https:\\\/\\\/edumas.gov.co\\\/inicio\\\/#website\"},\"primaryImageOfPage\":{\"@id\":\"https:\\\/\\\/edumas.gov.co\\\/inicio\\\/2025\\\/04\\\/05\\\/inicia-intervencion-de-los-arroyos-prioritarios-de-soledad-como-medida-de-prevencion-ante-primera-temporada-de-lluvias\\\/#primaryimage\"},\"image\":{\"@id\":\"https:\\\/\\\/edumas.gov.co\\\/inicio\\\/2025\\\/04\\\/05\\\/inicia-intervencion-de-los-arroyos-prioritarios-de-soledad-como-medida-de-prevencion-ante-primera-temporada-de-lluvias\\\/#primaryimage\"},\"thumbnailUrl\":\"https:\\\/\\\/edumas.gov.co\\\/wp-content\\\/uploads\\\/2025\\\/04\\\/WhatsApp-Image-2025-04-05-at-1.25.11-PM.jpeg\",\"datePublished\":\"2025-04-05T15:20:23+00:00\",\"dateModified\":\"2025-04-07T15:24:40+00:00\",\"breadcrumb\":{\"@id\":\"https:\\\/\\\/edumas.gov.co\\\/inicio\\\/2025\\\/04\\\/05\\\/inicia-intervencion-de-los-arroyos-prioritarios-de-soledad-como-medida-de-prevencion-ante-primera-temporada-de-lluvias\\\/#breadcrumb\"},\"inLanguage\":\"es\",\"potentialAction\":[{\"@type\":\"ReadAction\",\"target\":[\"https:\\\/\\\/edumas.gov.co\\\/inicio\\\/2025\\\/04\\\/05\\\/inicia-intervencion-de-los-arroyos-prioritarios-de-soledad-como-medida-de-prevencion-ante-primera-temporada-de-lluvias\\\/\"]}]},{\"@type\":\"ImageObject\",\"inLanguage\":\"es\",\"@id\":\"https:\\\/\\\/edumas.gov.co\\\/inicio\\\/2025\\\/04\\\/05\\\/inicia-intervencion-de-los-arroyos-prioritarios-de-soledad-como-medida-de-prevencion-ante-primera-temporada-de-lluvias\\\/#primaryimage\",\"url\":\"https:\\\/\\\/edumas.gov.co\\\/wp-content\\\/uploads\\\/2025\\\/04\\\/WhatsApp-Image-2025-04-05-at-1.25.11-PM.jpeg\",\"contentUrl\":\"https:\\\/\\\/edumas.gov.co\\\/wp-content\\\/uploads\\\/2025\\\/04\\\/WhatsApp-Image-2025-04-05-at-1.25.11-PM.jpeg\"},{\"@type\":\"BreadcrumbList\",\"@id\":\"https:\\\/\\\/edumas.gov.co\\\/inicio\\\/2025\\\/04\\\/05\\\/inicia-intervencion-de-los-arroyos-prioritarios-de-soledad-como-medida-de-prevencion-ante-primera-temporada-de-lluvias\\\/#breadcrumb\",\"itemListElement\":[{\"@type\":\"ListItem\",\"position\":1,\"name\":\"Portada\",\"item\":\"https:\\\/\\\/edumas.gov.co\\\/inicio\\\/\"},{\"@type\":\"ListItem\",\"position\":2,\"name\":\"Inicia intervenci\u00f3n de los arroyos prioritarios de Soledad como medida de prevenci\u00f3n ante primera temporada de lluvias\"}]},{\"@type\":\"WebSite\",\"@id\":\"https:\\\/\\\/edumas.gov.co\\\/inicio\\\/#website\",\"url\":\"https:\\\/\\\/edumas.gov.co\\\/inicio\\\/\",\"name\":\"Edumas\",\"description\":\"Edumas\",\"publisher\":{\"@id\":\"https:\\\/\\\/edumas.gov.co\\\/inicio\\\/#organization\"},\"potentialAction\":[{\"@type\":\"SearchAction\",\"target\":{\"@type\":\"EntryPoint\",\"urlTemplate\":\"https:\\\/\\\/edumas.gov.co\\\/inicio\\\/?s={search_term_string}\"},\"query-input\":{\"@type\":\"PropertyValueSpecification\",\"valueRequired\":true,\"valueName\":\"search_term_string\"}}],\"inLanguage\":\"es\"},{\"@type\":\"Organization\",\"@id\":\"https:\\\/\\\/edumas.gov.co\\\/inicio\\\/#organization\",\"name\":\"Edumas\",\"url\":\"https:\\\/\\\/edumas.gov.co\\\/inicio\\\/\",\"logo\":{\"@type\":\"ImageObject\",\"inLanguage\":\"es\",\"@id\":\"https:\\\/\\\/edumas.gov.co\\\/inicio\\\/#\\\/schema\\\/logo\\\/image\\\/\",\"url\":\"https:\\\/\\\/edumas.gov.co\\\/wp-content\\\/uploads\\\/2024\\\/10\\\/Perfil-Instagram-PhotoRoom.png-PhotoRoom.png\",\"contentUrl\":\"https:\\\/\\\/edumas.gov.co\\\/wp-content\\\/uploads\\\/2024\\\/10\\\/Perfil-Instagram-PhotoRoom.png-PhotoRoom.png\",\"width\":648,\"height\":233,\"caption\":\"Edumas\"},\"image\":{\"@id\":\"https:\\\/\\\/edumas.gov.co\\\/inicio\\\/#\\\/schema\\\/logo\\\/image\\\/\"}},{\"@type\":\"Person\",\"@id\":\"https:\\\/\\\/edumas.gov.co\\\/inicio\\\/#\\\/schema\\\/person\\\/e2e82a662fd06864325b88811079b05a\",\"name\":\"edumas\",\"image\":{\"@type\":\"ImageObject\",\"inLanguage\":\"es\",\"@id\":\"https:\\\/\\\/edumas.gov.co\\\/wp-content\\\/uploads\\\/2025\\\/03\\\/WhatsApp-Image-2025-03-06-at-12.44.58-PM-150x150.jpeg\",\"url\":\"https:\\\/\\\/edumas.gov.co\\\/wp-content\\\/uploads\\\/2025\\\/03\\\/WhatsApp-Image-2025-03-06-at-12.44.58-PM-150x150.jpeg\",\"contentUrl\":\"https:\\\/\\\/edumas.gov.co\\\/wp-content\\\/uploads\\\/2025\\\/03\\\/WhatsApp-Image-2025-03-06-at-12.44.58-PM-150x150.jpeg\",\"caption\":\"edumas\"},\"sameAs\":[\"https:\\\/\\\/test.edumas.gov.co\"],\"url\":\"https:\\\/\\\/edumas.gov.co\\\/inicio\\\/author\\\/edumas\\\/\"}]}<\/script>\n<!-- \/ Yoast SEO plugin. -->","yoast_head_json":{"title":"Inicia intervenci\u00f3n de los arroyos prioritarios de Soledad como medida de prevenci\u00f3n ante primera temporada de lluvias - Edumas","robots":{"index":"index","follow":"follow","max-snippet":"max-snippet:-1","max-image-preview":"max-image-preview:large","max-video-preview":"max-video-preview:-1"},"canonical":"https:\/\/edumas.gov.co\/inicio\/2025\/04\/05\/inicia-intervencion-de-los-arroyos-prioritarios-de-soledad-como-medida-de-prevencion-ante-primera-temporada-de-lluvias\/","og_locale":"es_ES","og_type":"article","og_title":"Inicia intervenci\u00f3n de los arroyos prioritarios de Soledad como medida de prevenci\u00f3n ante primera temporada de lluvias - Edumas","og_description":"De manera anticipada, como medida de prevenci\u00f3n ante la primera temporada de m\u00e1s lluvias anunciada por el Instituto de Hidrolog\u00eda, Meteorolog\u00eda y Estudios Ambientales \u2013 Ideam; la Alcald\u00eda de Soledad a trav\u00e9s del Establecimiento de Desarrollo Urbano y Medio Ambiente \u2013 Edumas y la Oficina de Prevenci\u00f3n de Riesgos de Desastres, inici\u00f3 el plan de [&hellip;]","og_url":"https:\/\/edumas.gov.co\/inicio\/2025\/04\/05\/inicia-intervencion-de-los-arroyos-prioritarios-de-soledad-como-medida-de-prevencion-ante-primera-temporada-de-lluvias\/","og_site_name":"Edumas","article_published_time":"2025-04-05T15:20:23+00:00","article_modified_time":"2025-04-07T15:24:40+00:00","og_image":[{"url":"https:\/\/edumas.gov.co\/wp-content\/uploads\/2025\/04\/WhatsApp-Image-2025-04-05-at-1.25.11-PM.jpeg","width":1,"height":1,"type":"image\/jpeg"}],"author":"edumas","twitter_card":"summary_large_image","twitter_misc":{"Escrito por":"edumas","Tiempo de lectura":"3 minutos"},"schema":{"@context":"https:\/\/schema.org","@graph":[{"@type":"Article","@id":"https:\/\/edumas.gov.co\/inicio\/2025\/04\/05\/inicia-intervencion-de-los-arroyos-prioritarios-de-soledad-como-medida-de-prevencion-ante-primera-temporada-de-lluvias\/#article","isPartOf":{"@id":"https:\/\/edumas.gov.co\/inicio\/2025\/04\/05\/inicia-intervencion-de-los-arroyos-prioritarios-de-soledad-como-medida-de-prevencion-ante-primera-temporada-de-lluvias\/"},"author":{"name":"edumas","@id":"https:\/\/edumas.gov.co\/inicio\/#\/schema\/person\/e2e82a662fd06864325b88811079b05a"},"headline":"Inicia intervenci\u00f3n de los arroyos prioritarios de Soledad como medida de prevenci\u00f3n ante primera temporada de lluvias","datePublished":"2025-04-05T15:20:23+00:00","dateModified":"2025-04-07T15:24:40+00:00","mainEntityOfPage":{"@id":"https:\/\/edumas.gov.co\/inicio\/2025\/04\/05\/inicia-intervencion-de-los-arroyos-prioritarios-de-soledad-como-medida-de-prevencion-ante-primera-temporada-de-lluvias\/"},"wordCount":308,"commentCount":0,"publisher":{"@id":"https:\/\/edumas.gov.co\/inicio\/#organization"},"image":{"@id":"https:\/\/edumas.gov.co\/inicio\/2025\/04\/05\/inicia-intervencion-de-los-arroyos-prioritarios-de-soledad-como-medida-de-prevencion-ante-primera-temporada-de-lluvias\/#primaryimage"},"thumbnailUrl":"https:\/\/edumas.gov.co\/wp-content\/uploads\/2025\/04\/WhatsApp-Image-2025-04-05-at-1.25.11-PM.jpeg","articleSection":["noticias"],"inLanguage":"es","potentialAction":[{"@type":"CommentAction","name":"Comment","target":["https:\/\/edumas.gov.co\/inicio\/2025\/04\/05\/inicia-intervencion-de-los-arroyos-prioritarios-de-soledad-como-medida-de-prevencion-ante-primera-temporada-de-lluvias\/#respond"]}]},{"@type":"WebPage","@id":"https:\/\/edumas.gov.co\/inicio\/2025\/04\/05\/inicia-intervencion-de-los-arroyos-prioritarios-de-soledad-como-medida-de-prevencion-ante-primera-temporada-de-lluvias\/","url":"https:\/\/edumas.gov.co\/inicio\/2025\/04\/05\/inicia-intervencion-de-los-arroyos-prioritarios-de-soledad-como-medida-de-prevencion-ante-primera-temporada-de-lluvias\/","name":"Inicia intervenci\u00f3n de los arroyos prioritarios de Soledad como medida de prevenci\u00f3n ante primera temporada de lluvias - Edumas","isPartOf":{"@id":"https:\/\/edumas.gov.co\/inicio\/#website"},"primaryImageOfPage":{"@id":"https:\/\/edumas.gov.co\/inicio\/2025\/04\/05\/inicia-intervencion-de-los-arroyos-prioritarios-de-soledad-como-medida-de-prevencion-ante-primera-temporada-de-lluvias\/#primaryimage"},"image":{"@id":"https:\/\/edumas.gov.co\/inicio\/2025\/04\/05\/inicia-intervencion-de-los-arroyos-prioritarios-de-soledad-como-medida-de-prevencion-ante-primera-temporada-de-lluvias\/#primaryimage"},"thumbnailUrl":"https:\/\/edumas.gov.co\/wp-content\/uploads\/2025\/04\/WhatsApp-Image-2025-04-05-at-1.25.11-PM.jpeg","datePublished":"2025-04-05T15:20:23+00:00","dateModified":"2025-04-07T15:24:40+00:00","breadcrumb":{"@id":"https:\/\/edumas.gov.co\/inicio\/2025\/04\/05\/inicia-intervencion-de-los-arroyos-prioritarios-de-soledad-como-medida-de-prevencion-ante-primera-temporada-de-lluvias\/#breadcrumb"},"inLanguage":"es","potentialAction":[{"@type":"ReadAction","target":["https:\/\/edumas.gov.co\/inicio\/2025\/04\/05\/inicia-intervencion-de-los-arroyos-prioritarios-de-soledad-como-medida-de-prevencion-ante-primera-temporada-de-lluvias\/"]}]},{"@type":"ImageObject","inLanguage":"es","@id":"https:\/\/edumas.gov.co\/inicio\/2025\/04\/05\/inicia-intervencion-de-los-arroyos-prioritarios-de-soledad-como-medida-de-prevencion-ante-primera-temporada-de-lluvias\/#primaryimage","url":"https:\/\/edumas.gov.co\/wp-content\/uploads\/2025\/04\/WhatsApp-Image-2025-04-05-at-1.25.11-PM.jpeg","contentUrl":"https:\/\/edumas.gov.co\/wp-content\/uploads\/2025\/04\/WhatsApp-Image-2025-04-05-at-1.25.11-PM.jpeg"},{"@type":"BreadcrumbList","@id":"https:\/\/edumas.gov.co\/inicio\/2025\/04\/05\/inicia-intervencion-de-los-arroyos-prioritarios-de-soledad-como-medida-de-prevencion-ante-primera-temporada-de-lluvias\/#breadcrumb","itemListElement":[{"@type":"ListItem","position":1,"name":"Portada","item":"https:\/\/edumas.gov.co\/inicio\/"},{"@type":"ListItem","position":2,"name":"Inicia intervenci\u00f3n de los arroyos prioritarios de Soledad como medida de prevenci\u00f3n ante primera temporada de lluvias"}]},{"@type":"WebSite","@id":"https:\/\/edumas.gov.co\/inicio\/#website","url":"https:\/\/edumas.gov.co\/inicio\/","name":"Edumas","description":"Edumas","publisher":{"@id":"https:\/\/edumas.gov.co\/inicio\/#organization"},"potentialAction":[{"@type":"SearchAction","target":{"@type":"EntryPoint","urlTemplate":"https:\/\/edumas.gov.co\/inicio\/?s={search_term_string}"},"query-input":{"@type":"PropertyValueSpecification","valueRequired":true,"valueName":"search_term_string"}}],"inLanguage":"es"},{"@type":"Organization","@id":"https:\/\/edumas.gov.co\/inicio\/#organization","name":"Edumas","url":"https:\/\/edumas.gov.co\/inicio\/","logo":{"@type":"ImageObject","inLanguage":"es","@id":"https:\/\/edumas.gov.co\/inicio\/#\/schema\/logo\/image\/","url":"https:\/\/edumas.gov.co\/wp-content\/uploads\/2024\/10\/Perfil-Instagram-PhotoRoom.png-PhotoRoom.png","contentUrl":"https:\/\/edumas.gov.co\/wp-content\/uploads\/2024\/10\/Perfil-Instagram-PhotoRoom.png-PhotoRoom.png","width":648,"height":233,"caption":"Edumas"},"image":{"@id":"https:\/\/edumas.gov.co\/inicio\/#\/schema\/logo\/image\/"}},{"@type":"Person","@id":"https:\/\/edumas.gov.co\/inicio\/#\/schema\/person\/e2e82a662fd06864325b88811079b05a","name":"edumas","image":{"@type":"ImageObject","inLanguage":"es","@id":"https:\/\/edumas.gov.co\/wp-content\/uploads\/2025\/03\/WhatsApp-Image-2025-03-06-at-12.44.58-PM-150x150.jpeg","url":"https:\/\/edumas.gov.co\/wp-content\/uploads\/2025\/03\/WhatsApp-Image-2025-03-06-at-12.44.58-PM-150x150.jpeg","contentUrl":"https:\/\/edumas.gov.co\/wp-content\/uploads\/2025\/03\/WhatsApp-Image-2025-03-06-at-12.44.58-PM-150x150.jpeg","caption":"edumas"},"sameAs":["https:\/\/test.edumas.gov.co"],"url":"https:\/\/edumas.gov.co\/inicio\/author\/edumas\/"}]}},"_links":{"self":[{"href":"https:\/\/edumas.gov.co\/inicio\/wp-json\/wp\/v2\/posts\/5888","targetHints":{"allow":["GET"]}}],"collection":[{"href":"https:\/\/edumas.gov.co\/inicio\/wp-json\/wp\/v2\/posts"}],"about":[{"href":"https:\/\/edumas.gov.co\/inicio\/wp-json\/wp\/v2\/types\/post"}],"author":[{"embeddable":true,"href":"https:\/\/edumas.gov.co\/inicio\/wp-json\/wp\/v2\/users\/1"}],"replies":[{"embeddable":true,"href":"https:\/\/edumas.gov.co\/inicio\/wp-json\/wp\/v2\/comments?post=5888"}],"version-history":[{"count":1,"href":"https:\/\/edumas.gov.co\/inicio\/wp-json\/wp\/v2\/posts\/5888\/revisions"}],"predecessor-version":[{"id":5889,"href":"https:\/\/edumas.gov.co\/inicio\/wp-json\/wp\/v2\/posts\/5888\/revisions\/5889"}],"wp:featuredmedia":[{"embeddable":true,"href":"https:\/\/edumas.gov.co\/inicio\/wp-json\/wp\/v2\/media\/5883"}],"wp:attachment":[{"href":"https:\/\/edumas.gov.co\/inicio\/wp-json\/wp\/v2\/media?parent=5888"}],"wp:term":[{"taxonomy":"category","embeddable":true,"href":"https:\/\/edumas.gov.co\/inicio\/wp-json\/wp\/v2\/categories?post=5888"},{"taxonomy":"post_tag","embeddable":true,"href":"https:\/\/edumas.gov.co\/inicio\/wp-json\/wp\/v2\/tags?post=5888"}],"curies":[{"name":"wp","href":"https:\/\/api.w.org\/{rel}","templated":true}]}}