{"id":6095,"date":"2025-06-01T18:58:27","date_gmt":"2025-06-01T18:58:27","guid":{"rendered":"https:\/\/edumas.gov.co\/inicio\/?p=6095"},"modified":"2025-06-03T19:01:55","modified_gmt":"2025-06-03T19:01:55","slug":"dia-del-campesino","status":"publish","type":"post","link":"https:\/\/edumas.gov.co\/inicio\/2025\/06\/01\/dia-del-campesino\/","title":{"rendered":"D\u00eda del Campesino"},"content":{"rendered":"\n<p class=\"wp-block-paragraph\"><strong>1 de junio<\/strong> &#8211; En Colombia, el D\u00eda del Campesino se celebra el\u00a0primer domingo de junio.\u00a0Esta fecha es una oportunidad para reconocer y valorar la labor de los campesinos en el desarrollo econ\u00f3mico, social y alimentario del pa\u00eds.\u00a0<\/p>\n\n\n\n<p class=\"wp-block-paragraph\">Desde 1965, durante el gobierno del presidente Guillermo Le\u00f3n Valencia se estableci\u00f3 que el primer domingo del mes de junio se celebrar\u00eda el D\u00eda del Campesino, un evento que desde entonces ha buscado el reconocimiento de los campesinos y campesinas de Colombia.\u00a0<\/p>\n\n\n\n<p class=\"wp-block-paragraph\">Esta fecha tambi\u00e9n es una excusa para destacar la realidad de esta poblaci\u00f3n en nuestro pa\u00eds, sus desaf\u00edos y presentar un panorama de los retos y dificultades de los campesinos y campesinas colombianas\u00a0<br>Colombia ha sido un pa\u00eds golpeado por el conflicto armado interno, momento hist\u00f3rico que no se puede desconocer cuando hablamos del campesinado colombiano que sin duda ha sufrido uno de los rasgos m\u00e1s significativos del conflicto: la migraci\u00f3n del campo hacia la ciudad.\u00a0<\/p>\n\n\n\n<p class=\"wp-block-paragraph\">Los campesinos y campesinas son tradiciones, son cultura, son nuestra memoria hist\u00f3rica. Gracias a esta memoria hist\u00f3rica podemos reconocer la riqueza cultural de Colombia. No olvidemos que en las \u00e1reas rurales convergen la poblaci\u00f3n ind\u00edgena, los y las afrodescendientes, y todas las otras poblaciones que conforman nuestro pa\u00eds.<\/p>\n\n\n\n<p class=\"wp-block-paragraph\">Fuente: <a href=\"https:\/\/www.radionacional.co\/actualidad\/campo-colombiano\/dia-del-campesino-cuando-y-por-que-se-celebra\">https:\/\/www.radionacional.co\/actualidad\/campo-colombiano\/dia-del-campesino-cuando-y-por-que-se-celebra<\/a><\/p>\n\n\n\n<p class=\"wp-block-paragraph\"><\/p>\n","protected":false},"excerpt":{"rendered":"<p>1 de junio &#8211; En Colombia, el D\u00eda del Campesino se celebra el\u00a0primer domingo de junio.\u00a0Esta fecha es una oportunidad para reconocer y valorar la labor de los campesinos en el desarrollo econ\u00f3mico, social y alimentario del pa\u00eds.\u00a0 Desde 1965, durante el gobierno del presidente Guillermo Le\u00f3n Valencia se estableci\u00f3 que el primer domingo del [&hellip;]<\/p>\n","protected":false},"author":1,"featured_media":6085,"comment_status":"open","ping_status":"open","sticky":false,"template":"","format":"standard","meta":{"footnotes":""},"categories":[28],"tags":[58,60,59],"class_list":["post-6095","post","type-post","status-publish","format-standard","has-post-thumbnail","hentry","category-eventos","tag-campesino","tag-campo","tag-dia-del-campesino"],"yoast_head":"<!-- This site is optimized with the Yoast SEO plugin v27.4 - https:\/\/yoast.com\/product\/yoast-seo-wordpress\/ -->\n<title>D\u00eda del Campesino - Edumas<\/title>\n<meta name=\"robots\" content=\"index, follow, max-snippet:-1, max-image-preview:large, max-video-preview:-1\" \/>\n<link rel=\"canonical\" href=\"https:\/\/edumas.gov.co\/inicio\/2025\/06\/01\/dia-del-campesino\/\" \/>\n<meta property=\"og:locale\" content=\"es_ES\" \/>\n<meta property=\"og:type\" content=\"article\" \/>\n<meta property=\"og:title\" content=\"D\u00eda del Campesino - Edumas\" \/>\n<meta property=\"og:description\" content=\"1 de junio &#8211; En Colombia, el D\u00eda del Campesino se celebra el\u00a0primer domingo de junio.\u00a0Esta fecha es una oportunidad para reconocer y valorar la labor de los campesinos en el desarrollo econ\u00f3mico, social y alimentario del pa\u00eds.\u00a0 Desde 1965, durante el gobierno del presidente Guillermo Le\u00f3n Valencia se estableci\u00f3 que el primer domingo del [&hellip;]\" \/>\n<meta property=\"og:url\" content=\"https:\/\/edumas.gov.co\/inicio\/2025\/06\/01\/dia-del-campesino\/\" \/>\n<meta property=\"og:site_name\" content=\"Edumas\" \/>\n<meta property=\"article:published_time\" content=\"2025-06-01T18:58:27+00:00\" \/>\n<meta property=\"article:modified_time\" content=\"2025-06-03T19:01:55+00:00\" \/>\n<meta property=\"og:image\" content=\"https:\/\/edumas.gov.co\/wp-content\/uploads\/2025\/06\/FACEBOOK-Y-WEB-Fechas-ambientales-2025-3.png\" \/>\n\t<meta property=\"og:image:width\" content=\"1080\" \/>\n\t<meta property=\"og:image:height\" content=\"1080\" \/>\n\t<meta property=\"og:image:type\" content=\"image\/png\" \/>\n<meta name=\"author\" content=\"edumas\" \/>\n<meta name=\"twitter:card\" content=\"summary_large_image\" \/>\n<meta name=\"twitter:label1\" content=\"Escrito por\" \/>\n\t<meta name=\"twitter:data1\" content=\"edumas\" \/>\n\t<meta name=\"twitter:label2\" content=\"Tiempo de lectura\" \/>\n\t<meta name=\"twitter:data2\" content=\"2 minutos\" \/>\n<script type=\"application\/ld+json\" class=\"yoast-schema-graph\">{\"@context\":\"https:\\\/\\\/schema.org\",\"@graph\":[{\"@type\":\"Article\",\"@id\":\"https:\\\/\\\/edumas.gov.co\\\/inicio\\\/2025\\\/06\\\/01\\\/dia-del-campesino\\\/#article\",\"isPartOf\":{\"@id\":\"https:\\\/\\\/edumas.gov.co\\\/inicio\\\/2025\\\/06\\\/01\\\/dia-del-campesino\\\/\"},\"author\":{\"name\":\"edumas\",\"@id\":\"https:\\\/\\\/edumas.gov.co\\\/inicio\\\/#\\\/schema\\\/person\\\/e2e82a662fd06864325b88811079b05a\"},\"headline\":\"D\u00eda del Campesino\",\"datePublished\":\"2025-06-01T18:58:27+00:00\",\"dateModified\":\"2025-06-03T19:01:55+00:00\",\"mainEntityOfPage\":{\"@id\":\"https:\\\/\\\/edumas.gov.co\\\/inicio\\\/2025\\\/06\\\/01\\\/dia-del-campesino\\\/\"},\"wordCount\":235,\"commentCount\":0,\"publisher\":{\"@id\":\"https:\\\/\\\/edumas.gov.co\\\/inicio\\\/#organization\"},\"image\":{\"@id\":\"https:\\\/\\\/edumas.gov.co\\\/inicio\\\/2025\\\/06\\\/01\\\/dia-del-campesino\\\/#primaryimage\"},\"thumbnailUrl\":\"https:\\\/\\\/edumas.gov.co\\\/wp-content\\\/uploads\\\/2025\\\/06\\\/FACEBOOK-Y-WEB-Fechas-ambientales-2025-3.png\",\"keywords\":[\"campesino\",\"campo\",\"dia del campesino\"],\"articleSection\":[\"eventos\"],\"inLanguage\":\"es\",\"potentialAction\":[{\"@type\":\"CommentAction\",\"name\":\"Comment\",\"target\":[\"https:\\\/\\\/edumas.gov.co\\\/inicio\\\/2025\\\/06\\\/01\\\/dia-del-campesino\\\/#respond\"]}]},{\"@type\":\"WebPage\",\"@id\":\"https:\\\/\\\/edumas.gov.co\\\/inicio\\\/2025\\\/06\\\/01\\\/dia-del-campesino\\\/\",\"url\":\"https:\\\/\\\/edumas.gov.co\\\/inicio\\\/2025\\\/06\\\/01\\\/dia-del-campesino\\\/\",\"name\":\"D\u00eda del Campesino - Edumas\",\"isPartOf\":{\"@id\":\"https:\\\/\\\/edumas.gov.co\\\/inicio\\\/#website\"},\"primaryImageOfPage\":{\"@id\":\"https:\\\/\\\/edumas.gov.co\\\/inicio\\\/2025\\\/06\\\/01\\\/dia-del-campesino\\\/#primaryimage\"},\"image\":{\"@id\":\"https:\\\/\\\/edumas.gov.co\\\/inicio\\\/2025\\\/06\\\/01\\\/dia-del-campesino\\\/#primaryimage\"},\"thumbnailUrl\":\"https:\\\/\\\/edumas.gov.co\\\/wp-content\\\/uploads\\\/2025\\\/06\\\/FACEBOOK-Y-WEB-Fechas-ambientales-2025-3.png\",\"datePublished\":\"2025-06-01T18:58:27+00:00\",\"dateModified\":\"2025-06-03T19:01:55+00:00\",\"breadcrumb\":{\"@id\":\"https:\\\/\\\/edumas.gov.co\\\/inicio\\\/2025\\\/06\\\/01\\\/dia-del-campesino\\\/#breadcrumb\"},\"inLanguage\":\"es\",\"potentialAction\":[{\"@type\":\"ReadAction\",\"target\":[\"https:\\\/\\\/edumas.gov.co\\\/inicio\\\/2025\\\/06\\\/01\\\/dia-del-campesino\\\/\"]}]},{\"@type\":\"ImageObject\",\"inLanguage\":\"es\",\"@id\":\"https:\\\/\\\/edumas.gov.co\\\/inicio\\\/2025\\\/06\\\/01\\\/dia-del-campesino\\\/#primaryimage\",\"url\":\"https:\\\/\\\/edumas.gov.co\\\/wp-content\\\/uploads\\\/2025\\\/06\\\/FACEBOOK-Y-WEB-Fechas-ambientales-2025-3.png\",\"contentUrl\":\"https:\\\/\\\/edumas.gov.co\\\/wp-content\\\/uploads\\\/2025\\\/06\\\/FACEBOOK-Y-WEB-Fechas-ambientales-2025-3.png\",\"width\":1080,\"height\":1080,\"caption\":\"D\u00eda del Campesino\"},{\"@type\":\"BreadcrumbList\",\"@id\":\"https:\\\/\\\/edumas.gov.co\\\/inicio\\\/2025\\\/06\\\/01\\\/dia-del-campesino\\\/#breadcrumb\",\"itemListElement\":[{\"@type\":\"ListItem\",\"position\":1,\"name\":\"Portada\",\"item\":\"https:\\\/\\\/edumas.gov.co\\\/inicio\\\/\"},{\"@type\":\"ListItem\",\"position\":2,\"name\":\"D\u00eda del Campesino\"}]},{\"@type\":\"WebSite\",\"@id\":\"https:\\\/\\\/edumas.gov.co\\\/inicio\\\/#website\",\"url\":\"https:\\\/\\\/edumas.gov.co\\\/inicio\\\/\",\"name\":\"Edumas\",\"description\":\"Edumas\",\"publisher\":{\"@id\":\"https:\\\/\\\/edumas.gov.co\\\/inicio\\\/#organization\"},\"potentialAction\":[{\"@type\":\"SearchAction\",\"target\":{\"@type\":\"EntryPoint\",\"urlTemplate\":\"https:\\\/\\\/edumas.gov.co\\\/inicio\\\/?s={search_term_string}\"},\"query-input\":{\"@type\":\"PropertyValueSpecification\",\"valueRequired\":true,\"valueName\":\"search_term_string\"}}],\"inLanguage\":\"es\"},{\"@type\":\"Organization\",\"@id\":\"https:\\\/\\\/edumas.gov.co\\\/inicio\\\/#organization\",\"name\":\"Edumas\",\"url\":\"https:\\\/\\\/edumas.gov.co\\\/inicio\\\/\",\"logo\":{\"@type\":\"ImageObject\",\"inLanguage\":\"es\",\"@id\":\"https:\\\/\\\/edumas.gov.co\\\/inicio\\\/#\\\/schema\\\/logo\\\/image\\\/\",\"url\":\"https:\\\/\\\/edumas.gov.co\\\/wp-content\\\/uploads\\\/2024\\\/10\\\/Perfil-Instagram-PhotoRoom.png-PhotoRoom.png\",\"contentUrl\":\"https:\\\/\\\/edumas.gov.co\\\/wp-content\\\/uploads\\\/2024\\\/10\\\/Perfil-Instagram-PhotoRoom.png-PhotoRoom.png\",\"width\":648,\"height\":233,\"caption\":\"Edumas\"},\"image\":{\"@id\":\"https:\\\/\\\/edumas.gov.co\\\/inicio\\\/#\\\/schema\\\/logo\\\/image\\\/\"}},{\"@type\":\"Person\",\"@id\":\"https:\\\/\\\/edumas.gov.co\\\/inicio\\\/#\\\/schema\\\/person\\\/e2e82a662fd06864325b88811079b05a\",\"name\":\"edumas\",\"image\":{\"@type\":\"ImageObject\",\"inLanguage\":\"es\",\"@id\":\"https:\\\/\\\/edumas.gov.co\\\/wp-content\\\/uploads\\\/2025\\\/03\\\/WhatsApp-Image-2025-03-06-at-12.44.58-PM-150x150.jpeg\",\"url\":\"https:\\\/\\\/edumas.gov.co\\\/wp-content\\\/uploads\\\/2025\\\/03\\\/WhatsApp-Image-2025-03-06-at-12.44.58-PM-150x150.jpeg\",\"contentUrl\":\"https:\\\/\\\/edumas.gov.co\\\/wp-content\\\/uploads\\\/2025\\\/03\\\/WhatsApp-Image-2025-03-06-at-12.44.58-PM-150x150.jpeg\",\"caption\":\"edumas\"},\"sameAs\":[\"https:\\\/\\\/test.edumas.gov.co\"],\"url\":\"https:\\\/\\\/edumas.gov.co\\\/inicio\\\/author\\\/edumas\\\/\"}]}<\/script>\n<!-- \/ Yoast SEO plugin. -->","yoast_head_json":{"title":"D\u00eda del Campesino - Edumas","robots":{"index":"index","follow":"follow","max-snippet":"max-snippet:-1","max-image-preview":"max-image-preview:large","max-video-preview":"max-video-preview:-1"},"canonical":"https:\/\/edumas.gov.co\/inicio\/2025\/06\/01\/dia-del-campesino\/","og_locale":"es_ES","og_type":"article","og_title":"D\u00eda del Campesino - Edumas","og_description":"1 de junio &#8211; En Colombia, el D\u00eda del Campesino se celebra el\u00a0primer domingo de junio.\u00a0Esta fecha es una oportunidad para reconocer y valorar la labor de los campesinos en el desarrollo econ\u00f3mico, social y alimentario del pa\u00eds.\u00a0 Desde 1965, durante el gobierno del presidente Guillermo Le\u00f3n Valencia se estableci\u00f3 que el primer domingo del [&hellip;]","og_url":"https:\/\/edumas.gov.co\/inicio\/2025\/06\/01\/dia-del-campesino\/","og_site_name":"Edumas","article_published_time":"2025-06-01T18:58:27+00:00","article_modified_time":"2025-06-03T19:01:55+00:00","og_image":[{"width":1080,"height":1080,"url":"https:\/\/edumas.gov.co\/wp-content\/uploads\/2025\/06\/FACEBOOK-Y-WEB-Fechas-ambientales-2025-3.png","type":"image\/png"}],"author":"edumas","twitter_card":"summary_large_image","twitter_misc":{"Escrito por":"edumas","Tiempo de lectura":"2 minutos"},"schema":{"@context":"https:\/\/schema.org","@graph":[{"@type":"Article","@id":"https:\/\/edumas.gov.co\/inicio\/2025\/06\/01\/dia-del-campesino\/#article","isPartOf":{"@id":"https:\/\/edumas.gov.co\/inicio\/2025\/06\/01\/dia-del-campesino\/"},"author":{"name":"edumas","@id":"https:\/\/edumas.gov.co\/inicio\/#\/schema\/person\/e2e82a662fd06864325b88811079b05a"},"headline":"D\u00eda del Campesino","datePublished":"2025-06-01T18:58:27+00:00","dateModified":"2025-06-03T19:01:55+00:00","mainEntityOfPage":{"@id":"https:\/\/edumas.gov.co\/inicio\/2025\/06\/01\/dia-del-campesino\/"},"wordCount":235,"commentCount":0,"publisher":{"@id":"https:\/\/edumas.gov.co\/inicio\/#organization"},"image":{"@id":"https:\/\/edumas.gov.co\/inicio\/2025\/06\/01\/dia-del-campesino\/#primaryimage"},"thumbnailUrl":"https:\/\/edumas.gov.co\/wp-content\/uploads\/2025\/06\/FACEBOOK-Y-WEB-Fechas-ambientales-2025-3.png","keywords":["campesino","campo","dia del campesino"],"articleSection":["eventos"],"inLanguage":"es","potentialAction":[{"@type":"CommentAction","name":"Comment","target":["https:\/\/edumas.gov.co\/inicio\/2025\/06\/01\/dia-del-campesino\/#respond"]}]},{"@type":"WebPage","@id":"https:\/\/edumas.gov.co\/inicio\/2025\/06\/01\/dia-del-campesino\/","url":"https:\/\/edumas.gov.co\/inicio\/2025\/06\/01\/dia-del-campesino\/","name":"D\u00eda del Campesino - Edumas","isPartOf":{"@id":"https:\/\/edumas.gov.co\/inicio\/#website"},"primaryImageOfPage":{"@id":"https:\/\/edumas.gov.co\/inicio\/2025\/06\/01\/dia-del-campesino\/#primaryimage"},"image":{"@id":"https:\/\/edumas.gov.co\/inicio\/2025\/06\/01\/dia-del-campesino\/#primaryimage"},"thumbnailUrl":"https:\/\/edumas.gov.co\/wp-content\/uploads\/2025\/06\/FACEBOOK-Y-WEB-Fechas-ambientales-2025-3.png","datePublished":"2025-06-01T18:58:27+00:00","dateModified":"2025-06-03T19:01:55+00:00","breadcrumb":{"@id":"https:\/\/edumas.gov.co\/inicio\/2025\/06\/01\/dia-del-campesino\/#breadcrumb"},"inLanguage":"es","potentialAction":[{"@type":"ReadAction","target":["https:\/\/edumas.gov.co\/inicio\/2025\/06\/01\/dia-del-campesino\/"]}]},{"@type":"ImageObject","inLanguage":"es","@id":"https:\/\/edumas.gov.co\/inicio\/2025\/06\/01\/dia-del-campesino\/#primaryimage","url":"https:\/\/edumas.gov.co\/wp-content\/uploads\/2025\/06\/FACEBOOK-Y-WEB-Fechas-ambientales-2025-3.png","contentUrl":"https:\/\/edumas.gov.co\/wp-content\/uploads\/2025\/06\/FACEBOOK-Y-WEB-Fechas-ambientales-2025-3.png","width":1080,"height":1080,"caption":"D\u00eda del Campesino"},{"@type":"BreadcrumbList","@id":"https:\/\/edumas.gov.co\/inicio\/2025\/06\/01\/dia-del-campesino\/#breadcrumb","itemListElement":[{"@type":"ListItem","position":1,"name":"Portada","item":"https:\/\/edumas.gov.co\/inicio\/"},{"@type":"ListItem","position":2,"name":"D\u00eda del Campesino"}]},{"@type":"WebSite","@id":"https:\/\/edumas.gov.co\/inicio\/#website","url":"https:\/\/edumas.gov.co\/inicio\/","name":"Edumas","description":"Edumas","publisher":{"@id":"https:\/\/edumas.gov.co\/inicio\/#organization"},"potentialAction":[{"@type":"SearchAction","target":{"@type":"EntryPoint","urlTemplate":"https:\/\/edumas.gov.co\/inicio\/?s={search_term_string}"},"query-input":{"@type":"PropertyValueSpecification","valueRequired":true,"valueName":"search_term_string"}}],"inLanguage":"es"},{"@type":"Organization","@id":"https:\/\/edumas.gov.co\/inicio\/#organization","name":"Edumas","url":"https:\/\/edumas.gov.co\/inicio\/","logo":{"@type":"ImageObject","inLanguage":"es","@id":"https:\/\/edumas.gov.co\/inicio\/#\/schema\/logo\/image\/","url":"https:\/\/edumas.gov.co\/wp-content\/uploads\/2024\/10\/Perfil-Instagram-PhotoRoom.png-PhotoRoom.png","contentUrl":"https:\/\/edumas.gov.co\/wp-content\/uploads\/2024\/10\/Perfil-Instagram-PhotoRoom.png-PhotoRoom.png","width":648,"height":233,"caption":"Edumas"},"image":{"@id":"https:\/\/edumas.gov.co\/inicio\/#\/schema\/logo\/image\/"}},{"@type":"Person","@id":"https:\/\/edumas.gov.co\/inicio\/#\/schema\/person\/e2e82a662fd06864325b88811079b05a","name":"edumas","image":{"@type":"ImageObject","inLanguage":"es","@id":"https:\/\/edumas.gov.co\/wp-content\/uploads\/2025\/03\/WhatsApp-Image-2025-03-06-at-12.44.58-PM-150x150.jpeg","url":"https:\/\/edumas.gov.co\/wp-content\/uploads\/2025\/03\/WhatsApp-Image-2025-03-06-at-12.44.58-PM-150x150.jpeg","contentUrl":"https:\/\/edumas.gov.co\/wp-content\/uploads\/2025\/03\/WhatsApp-Image-2025-03-06-at-12.44.58-PM-150x150.jpeg","caption":"edumas"},"sameAs":["https:\/\/test.edumas.gov.co"],"url":"https:\/\/edumas.gov.co\/inicio\/author\/edumas\/"}]}},"_links":{"self":[{"href":"https:\/\/edumas.gov.co\/inicio\/wp-json\/wp\/v2\/posts\/6095","targetHints":{"allow":["GET"]}}],"collection":[{"href":"https:\/\/edumas.gov.co\/inicio\/wp-json\/wp\/v2\/posts"}],"about":[{"href":"https:\/\/edumas.gov.co\/inicio\/wp-json\/wp\/v2\/types\/post"}],"author":[{"embeddable":true,"href":"https:\/\/edumas.gov.co\/inicio\/wp-json\/wp\/v2\/users\/1"}],"replies":[{"embeddable":true,"href":"https:\/\/edumas.gov.co\/inicio\/wp-json\/wp\/v2\/comments?post=6095"}],"version-history":[{"count":1,"href":"https:\/\/edumas.gov.co\/inicio\/wp-json\/wp\/v2\/posts\/6095\/revisions"}],"predecessor-version":[{"id":6096,"href":"https:\/\/edumas.gov.co\/inicio\/wp-json\/wp\/v2\/posts\/6095\/revisions\/6096"}],"wp:featuredmedia":[{"embeddable":true,"href":"https:\/\/edumas.gov.co\/inicio\/wp-json\/wp\/v2\/media\/6085"}],"wp:attachment":[{"href":"https:\/\/edumas.gov.co\/inicio\/wp-json\/wp\/v2\/media?parent=6095"}],"wp:term":[{"taxonomy":"category","embeddable":true,"href":"https:\/\/edumas.gov.co\/inicio\/wp-json\/wp\/v2\/categories?post=6095"},{"taxonomy":"post_tag","embeddable":true,"href":"https:\/\/edumas.gov.co\/inicio\/wp-json\/wp\/v2\/tags?post=6095"}],"curies":[{"name":"wp","href":"https:\/\/api.w.org\/{rel}","templated":true}]}}