{"id":6262,"date":"2026-08-04T15:24:00","date_gmt":"2026-08-04T15:24:00","guid":{"rendered":"https:\/\/edumas.gov.co\/inicio\/?p=6262"},"modified":"2026-08-26T21:04:54","modified_gmt":"2026-08-26T21:04:54","slug":"dia-del-periodista-y-comunicador","status":"publish","type":"post","link":"https:\/\/edumas.gov.co\/inicio\/2026\/08\/04\/dia-del-periodista-y-comunicador\/","title":{"rendered":"D\u00eda del Periodista y Comunicador Social"},"content":{"rendered":"\n<p class=\"wp-block-paragraph\"><strong>Agosto<\/strong> 4 &#8211; El D\u00eda del Periodista y el Comunicador Social, consagrado en la Ley 918 de 2004, promulgada para \u201cla protecci\u00f3n laboral y social de la actividad period\u00edstica y de comunicaci\u00f3n a fin de garantizar su libertad e independencia profesional\u201d, entendiendo dicha actividad period\u00edstica \u2013subraya la ley\u2013 como \u201cla rama de la comunicaci\u00f3n en sus diferentes denominaciones\u201d.<\/p>\n\n\n\n<p class=\"wp-block-paragraph\">Se escogi\u00f3 el 4 de agosto porque ese d\u00eda de 1794 Antonio Nari\u00f1o (1765-1823), en la imprenta que hab\u00eda adquirido en Santaf\u00e9 de Bogot\u00e1, llev\u00f3 a cabo la primera publicaci\u00f3n de la traducci\u00f3n de los Derechos del Hombre y del Ciudadano, uno de cuyos art\u00edculos dice: \u201cPuesto que la libre comunicaci\u00f3n de los pensamientos y opiniones es uno de los m\u00e1s valiosos derechos del hombre, todo ciudadano puede hablar, escribir y publicar libremente, excepto cuando tenga que responder del abuso de esta libertad en los casos determinados por la ley\u201d.&nbsp;<\/p>\n\n\n\n<p class=\"wp-block-paragraph\">A cada personaje entonces se rinde homenaje y por eso cado uno tiene su d\u00eda: 4 de agosto, D\u00eda del Periodista y Comunicador; 9 de febrero D\u00eda del Periodista, en este caso por obra y gracia de la Ley 51 de 1975, a la luz de la cual \u201cse reglamenta el ejercicio del Periodismo y se dictan otras disposiciones\u201d.<\/p>\n\n\n\n<p class=\"wp-block-paragraph\">Ahora bien, \u00bfes lo mismo ser periodista que ser comunicador? Sin bien es cierto que en muchos momentos la l\u00ednea que separa a ambas profesiones tiende a ser tenue, podemos caracterizar cada una de estas ocupaciones. El periodista es aquella persona que rastrea, recaba y procesa informaci\u00f3n de actualidad, confiri\u00e9ndole un car\u00e1cter noticioso que busca transmitir a trav\u00e9s de los medios de comunicaci\u00f3n \u2013peri\u00f3dicos impresos y p\u00e1ginas web, noticieros y programas radiales\u2013, noticias que se constituyen en insumo fundamental del ciudadano al momento de tomar decisiones con relaci\u00f3n a sus comunidades, sociedades y gobiernos.<\/p>\n\n\n\n<p class=\"wp-block-paragraph\">Por su parte, el comunicador lleva a cabo una tarea que en muchas ocasiones se limita a la transmisi\u00f3n de una informaci\u00f3n que no necesariamente est\u00e1 sujeta a una coyuntura de actualidad y cuyo conocimiento no es siempre de vital importancia para el ciudadano. De ah\u00ed que el campo de la comunicaci\u00f3n haya colonizado vastos \u00e1mbitos como el del entretenimiento, la gastronom\u00eda, los viajes, la far\u00e1ndula, etc.&nbsp;<\/p>\n\n\n\n<p class=\"wp-block-paragraph\">Fuente: <a href=\"https:\/\/www.senalmemoria.co\/articulos\/comunicador-periodista-historia\">https:\/\/www.senalmemoria.co\/articulos\/comunicador-periodista-historia<\/a><\/p>\n","protected":false},"excerpt":{"rendered":"<p>Agosto 4 &#8211; El D\u00eda del Periodista y el Comunicador Social, consagrado en la Ley 918 de 2004, promulgada para \u201cla protecci\u00f3n laboral y social de la actividad period\u00edstica y de comunicaci\u00f3n a fin de garantizar su libertad e independencia profesional\u201d, entendiendo dicha actividad period\u00edstica \u2013subraya la ley\u2013 como \u201cla rama de la comunicaci\u00f3n en [&hellip;]<\/p>\n","protected":false},"author":1,"featured_media":9366,"comment_status":"open","ping_status":"open","sticky":false,"template":"","format":"standard","meta":{"footnotes":""},"categories":[28],"tags":[91,92],"class_list":["post-6262","post","type-post","status-publish","format-standard","has-post-thumbnail","hentry","category-eventos","tag-comunicador","tag-periodista"],"yoast_head":"<!-- This site is optimized with the Yoast SEO plugin v27.4 - https:\/\/yoast.com\/product\/yoast-seo-wordpress\/ -->\n<title>D\u00eda del Periodista y Comunicador Social - Edumas<\/title>\n<meta name=\"robots\" content=\"index, follow, max-snippet:-1, max-image-preview:large, max-video-preview:-1\" \/>\n<link rel=\"canonical\" href=\"https:\/\/edumas.gov.co\/inicio\/2026\/08\/04\/dia-del-periodista-y-comunicador\/\" \/>\n<meta property=\"og:locale\" content=\"es_ES\" \/>\n<meta property=\"og:type\" content=\"article\" \/>\n<meta property=\"og:title\" content=\"D\u00eda del Periodista y Comunicador Social - Edumas\" \/>\n<meta property=\"og:description\" content=\"Agosto 4 &#8211; El D\u00eda del Periodista y el Comunicador Social, consagrado en la Ley 918 de 2004, promulgada para \u201cla protecci\u00f3n laboral y social de la actividad period\u00edstica y de comunicaci\u00f3n a fin de garantizar su libertad e independencia profesional\u201d, entendiendo dicha actividad period\u00edstica \u2013subraya la ley\u2013 como \u201cla rama de la comunicaci\u00f3n en [&hellip;]\" \/>\n<meta property=\"og:url\" content=\"https:\/\/edumas.gov.co\/inicio\/2026\/08\/04\/dia-del-periodista-y-comunicador\/\" \/>\n<meta property=\"og:site_name\" content=\"Edumas\" \/>\n<meta property=\"article:published_time\" content=\"2026-08-04T15:24:00+00:00\" \/>\n<meta property=\"article:modified_time\" content=\"2026-08-26T21:04:54+00:00\" \/>\n<meta property=\"og:image\" content=\"https:\/\/edumas.gov.co\/wp-content\/uploads\/2025\/08\/WEB-2026-Fechas-ambientales-5.png\" \/>\n\t<meta property=\"og:image:width\" content=\"940\" \/>\n\t<meta property=\"og:image:height\" content=\"788\" \/>\n\t<meta property=\"og:image:type\" content=\"image\/png\" \/>\n<meta name=\"author\" content=\"edumas\" \/>\n<meta name=\"twitter:card\" content=\"summary_large_image\" \/>\n<meta name=\"twitter:label1\" content=\"Escrito por\" \/>\n\t<meta name=\"twitter:data1\" content=\"edumas\" \/>\n\t<meta name=\"twitter:label2\" content=\"Tiempo de lectura\" \/>\n\t<meta name=\"twitter:data2\" content=\"2 minutos\" \/>\n<script type=\"application\/ld+json\" class=\"yoast-schema-graph\">{\"@context\":\"https:\\\/\\\/schema.org\",\"@graph\":[{\"@type\":\"Article\",\"@id\":\"https:\\\/\\\/edumas.gov.co\\\/inicio\\\/2026\\\/08\\\/04\\\/dia-del-periodista-y-comunicador\\\/#article\",\"isPartOf\":{\"@id\":\"https:\\\/\\\/edumas.gov.co\\\/inicio\\\/2026\\\/08\\\/04\\\/dia-del-periodista-y-comunicador\\\/\"},\"author\":{\"name\":\"edumas\",\"@id\":\"https:\\\/\\\/edumas.gov.co\\\/inicio\\\/#\\\/schema\\\/person\\\/e2e82a662fd06864325b88811079b05a\"},\"headline\":\"D\u00eda del Periodista y Comunicador Social\",\"datePublished\":\"2026-08-04T15:24:00+00:00\",\"dateModified\":\"2026-08-26T21:04:54+00:00\",\"mainEntityOfPage\":{\"@id\":\"https:\\\/\\\/edumas.gov.co\\\/inicio\\\/2026\\\/08\\\/04\\\/dia-del-periodista-y-comunicador\\\/\"},\"wordCount\":406,\"commentCount\":0,\"publisher\":{\"@id\":\"https:\\\/\\\/edumas.gov.co\\\/inicio\\\/#organization\"},\"image\":{\"@id\":\"https:\\\/\\\/edumas.gov.co\\\/inicio\\\/2026\\\/08\\\/04\\\/dia-del-periodista-y-comunicador\\\/#primaryimage\"},\"thumbnailUrl\":\"https:\\\/\\\/edumas.gov.co\\\/wp-content\\\/uploads\\\/2025\\\/08\\\/WEB-2026-Fechas-ambientales-5.png\",\"keywords\":[\"comunicador\",\"periodista\"],\"articleSection\":[\"eventos\"],\"inLanguage\":\"es\",\"potentialAction\":[{\"@type\":\"CommentAction\",\"name\":\"Comment\",\"target\":[\"https:\\\/\\\/edumas.gov.co\\\/inicio\\\/2026\\\/08\\\/04\\\/dia-del-periodista-y-comunicador\\\/#respond\"]}]},{\"@type\":\"WebPage\",\"@id\":\"https:\\\/\\\/edumas.gov.co\\\/inicio\\\/2026\\\/08\\\/04\\\/dia-del-periodista-y-comunicador\\\/\",\"url\":\"https:\\\/\\\/edumas.gov.co\\\/inicio\\\/2026\\\/08\\\/04\\\/dia-del-periodista-y-comunicador\\\/\",\"name\":\"D\u00eda del Periodista y Comunicador Social - Edumas\",\"isPartOf\":{\"@id\":\"https:\\\/\\\/edumas.gov.co\\\/inicio\\\/#website\"},\"primaryImageOfPage\":{\"@id\":\"https:\\\/\\\/edumas.gov.co\\\/inicio\\\/2026\\\/08\\\/04\\\/dia-del-periodista-y-comunicador\\\/#primaryimage\"},\"image\":{\"@id\":\"https:\\\/\\\/edumas.gov.co\\\/inicio\\\/2026\\\/08\\\/04\\\/dia-del-periodista-y-comunicador\\\/#primaryimage\"},\"thumbnailUrl\":\"https:\\\/\\\/edumas.gov.co\\\/wp-content\\\/uploads\\\/2025\\\/08\\\/WEB-2026-Fechas-ambientales-5.png\",\"datePublished\":\"2026-08-04T15:24:00+00:00\",\"dateModified\":\"2026-08-26T21:04:54+00:00\",\"breadcrumb\":{\"@id\":\"https:\\\/\\\/edumas.gov.co\\\/inicio\\\/2026\\\/08\\\/04\\\/dia-del-periodista-y-comunicador\\\/#breadcrumb\"},\"inLanguage\":\"es\",\"potentialAction\":[{\"@type\":\"ReadAction\",\"target\":[\"https:\\\/\\\/edumas.gov.co\\\/inicio\\\/2026\\\/08\\\/04\\\/dia-del-periodista-y-comunicador\\\/\"]}]},{\"@type\":\"ImageObject\",\"inLanguage\":\"es\",\"@id\":\"https:\\\/\\\/edumas.gov.co\\\/inicio\\\/2026\\\/08\\\/04\\\/dia-del-periodista-y-comunicador\\\/#primaryimage\",\"url\":\"https:\\\/\\\/edumas.gov.co\\\/wp-content\\\/uploads\\\/2025\\\/08\\\/WEB-2026-Fechas-ambientales-5.png\",\"contentUrl\":\"https:\\\/\\\/edumas.gov.co\\\/wp-content\\\/uploads\\\/2025\\\/08\\\/WEB-2026-Fechas-ambientales-5.png\",\"width\":940,\"height\":788},{\"@type\":\"BreadcrumbList\",\"@id\":\"https:\\\/\\\/edumas.gov.co\\\/inicio\\\/2026\\\/08\\\/04\\\/dia-del-periodista-y-comunicador\\\/#breadcrumb\",\"itemListElement\":[{\"@type\":\"ListItem\",\"position\":1,\"name\":\"Portada\",\"item\":\"https:\\\/\\\/edumas.gov.co\\\/inicio\\\/\"},{\"@type\":\"ListItem\",\"position\":2,\"name\":\"D\u00eda del Periodista y Comunicador Social\"}]},{\"@type\":\"WebSite\",\"@id\":\"https:\\\/\\\/edumas.gov.co\\\/inicio\\\/#website\",\"url\":\"https:\\\/\\\/edumas.gov.co\\\/inicio\\\/\",\"name\":\"Edumas\",\"description\":\"Edumas\",\"publisher\":{\"@id\":\"https:\\\/\\\/edumas.gov.co\\\/inicio\\\/#organization\"},\"potentialAction\":[{\"@type\":\"SearchAction\",\"target\":{\"@type\":\"EntryPoint\",\"urlTemplate\":\"https:\\\/\\\/edumas.gov.co\\\/inicio\\\/?s={search_term_string}\"},\"query-input\":{\"@type\":\"PropertyValueSpecification\",\"valueRequired\":true,\"valueName\":\"search_term_string\"}}],\"inLanguage\":\"es\"},{\"@type\":\"Organization\",\"@id\":\"https:\\\/\\\/edumas.gov.co\\\/inicio\\\/#organization\",\"name\":\"Edumas\",\"url\":\"https:\\\/\\\/edumas.gov.co\\\/inicio\\\/\",\"logo\":{\"@type\":\"ImageObject\",\"inLanguage\":\"es\",\"@id\":\"https:\\\/\\\/edumas.gov.co\\\/inicio\\\/#\\\/schema\\\/logo\\\/image\\\/\",\"url\":\"https:\\\/\\\/edumas.gov.co\\\/wp-content\\\/uploads\\\/2024\\\/10\\\/Perfil-Instagram-PhotoRoom.png-PhotoRoom.png\",\"contentUrl\":\"https:\\\/\\\/edumas.gov.co\\\/wp-content\\\/uploads\\\/2024\\\/10\\\/Perfil-Instagram-PhotoRoom.png-PhotoRoom.png\",\"width\":648,\"height\":233,\"caption\":\"Edumas\"},\"image\":{\"@id\":\"https:\\\/\\\/edumas.gov.co\\\/inicio\\\/#\\\/schema\\\/logo\\\/image\\\/\"}},{\"@type\":\"Person\",\"@id\":\"https:\\\/\\\/edumas.gov.co\\\/inicio\\\/#\\\/schema\\\/person\\\/e2e82a662fd06864325b88811079b05a\",\"name\":\"edumas\",\"image\":{\"@type\":\"ImageObject\",\"inLanguage\":\"es\",\"@id\":\"https:\\\/\\\/edumas.gov.co\\\/wp-content\\\/uploads\\\/2025\\\/03\\\/WhatsApp-Image-2025-03-06-at-12.44.58-PM-150x150.jpeg\",\"url\":\"https:\\\/\\\/edumas.gov.co\\\/wp-content\\\/uploads\\\/2025\\\/03\\\/WhatsApp-Image-2025-03-06-at-12.44.58-PM-150x150.jpeg\",\"contentUrl\":\"https:\\\/\\\/edumas.gov.co\\\/wp-content\\\/uploads\\\/2025\\\/03\\\/WhatsApp-Image-2025-03-06-at-12.44.58-PM-150x150.jpeg\",\"caption\":\"edumas\"},\"sameAs\":[\"https:\\\/\\\/test.edumas.gov.co\"],\"url\":\"https:\\\/\\\/edumas.gov.co\\\/inicio\\\/author\\\/edumas\\\/\"}]}<\/script>\n<!-- \/ Yoast SEO plugin. -->","yoast_head_json":{"title":"D\u00eda del Periodista y Comunicador Social - Edumas","robots":{"index":"index","follow":"follow","max-snippet":"max-snippet:-1","max-image-preview":"max-image-preview:large","max-video-preview":"max-video-preview:-1"},"canonical":"https:\/\/edumas.gov.co\/inicio\/2026\/08\/04\/dia-del-periodista-y-comunicador\/","og_locale":"es_ES","og_type":"article","og_title":"D\u00eda del Periodista y Comunicador Social - Edumas","og_description":"Agosto 4 &#8211; El D\u00eda del Periodista y el Comunicador Social, consagrado en la Ley 918 de 2004, promulgada para \u201cla protecci\u00f3n laboral y social de la actividad period\u00edstica y de comunicaci\u00f3n a fin de garantizar su libertad e independencia profesional\u201d, entendiendo dicha actividad period\u00edstica \u2013subraya la ley\u2013 como \u201cla rama de la comunicaci\u00f3n en [&hellip;]","og_url":"https:\/\/edumas.gov.co\/inicio\/2026\/08\/04\/dia-del-periodista-y-comunicador\/","og_site_name":"Edumas","article_published_time":"2026-08-04T15:24:00+00:00","article_modified_time":"2026-08-26T21:04:54+00:00","og_image":[{"width":940,"height":788,"url":"https:\/\/edumas.gov.co\/wp-content\/uploads\/2025\/08\/WEB-2026-Fechas-ambientales-5.png","type":"image\/png"}],"author":"edumas","twitter_card":"summary_large_image","twitter_misc":{"Escrito por":"edumas","Tiempo de lectura":"2 minutos"},"schema":{"@context":"https:\/\/schema.org","@graph":[{"@type":"Article","@id":"https:\/\/edumas.gov.co\/inicio\/2026\/08\/04\/dia-del-periodista-y-comunicador\/#article","isPartOf":{"@id":"https:\/\/edumas.gov.co\/inicio\/2026\/08\/04\/dia-del-periodista-y-comunicador\/"},"author":{"name":"edumas","@id":"https:\/\/edumas.gov.co\/inicio\/#\/schema\/person\/e2e82a662fd06864325b88811079b05a"},"headline":"D\u00eda del Periodista y Comunicador Social","datePublished":"2026-08-04T15:24:00+00:00","dateModified":"2026-08-26T21:04:54+00:00","mainEntityOfPage":{"@id":"https:\/\/edumas.gov.co\/inicio\/2026\/08\/04\/dia-del-periodista-y-comunicador\/"},"wordCount":406,"commentCount":0,"publisher":{"@id":"https:\/\/edumas.gov.co\/inicio\/#organization"},"image":{"@id":"https:\/\/edumas.gov.co\/inicio\/2026\/08\/04\/dia-del-periodista-y-comunicador\/#primaryimage"},"thumbnailUrl":"https:\/\/edumas.gov.co\/wp-content\/uploads\/2025\/08\/WEB-2026-Fechas-ambientales-5.png","keywords":["comunicador","periodista"],"articleSection":["eventos"],"inLanguage":"es","potentialAction":[{"@type":"CommentAction","name":"Comment","target":["https:\/\/edumas.gov.co\/inicio\/2026\/08\/04\/dia-del-periodista-y-comunicador\/#respond"]}]},{"@type":"WebPage","@id":"https:\/\/edumas.gov.co\/inicio\/2026\/08\/04\/dia-del-periodista-y-comunicador\/","url":"https:\/\/edumas.gov.co\/inicio\/2026\/08\/04\/dia-del-periodista-y-comunicador\/","name":"D\u00eda del Periodista y Comunicador Social - Edumas","isPartOf":{"@id":"https:\/\/edumas.gov.co\/inicio\/#website"},"primaryImageOfPage":{"@id":"https:\/\/edumas.gov.co\/inicio\/2026\/08\/04\/dia-del-periodista-y-comunicador\/#primaryimage"},"image":{"@id":"https:\/\/edumas.gov.co\/inicio\/2026\/08\/04\/dia-del-periodista-y-comunicador\/#primaryimage"},"thumbnailUrl":"https:\/\/edumas.gov.co\/wp-content\/uploads\/2025\/08\/WEB-2026-Fechas-ambientales-5.png","datePublished":"2026-08-04T15:24:00+00:00","dateModified":"2026-08-26T21:04:54+00:00","breadcrumb":{"@id":"https:\/\/edumas.gov.co\/inicio\/2026\/08\/04\/dia-del-periodista-y-comunicador\/#breadcrumb"},"inLanguage":"es","potentialAction":[{"@type":"ReadAction","target":["https:\/\/edumas.gov.co\/inicio\/2026\/08\/04\/dia-del-periodista-y-comunicador\/"]}]},{"@type":"ImageObject","inLanguage":"es","@id":"https:\/\/edumas.gov.co\/inicio\/2026\/08\/04\/dia-del-periodista-y-comunicador\/#primaryimage","url":"https:\/\/edumas.gov.co\/wp-content\/uploads\/2025\/08\/WEB-2026-Fechas-ambientales-5.png","contentUrl":"https:\/\/edumas.gov.co\/wp-content\/uploads\/2025\/08\/WEB-2026-Fechas-ambientales-5.png","width":940,"height":788},{"@type":"BreadcrumbList","@id":"https:\/\/edumas.gov.co\/inicio\/2026\/08\/04\/dia-del-periodista-y-comunicador\/#breadcrumb","itemListElement":[{"@type":"ListItem","position":1,"name":"Portada","item":"https:\/\/edumas.gov.co\/inicio\/"},{"@type":"ListItem","position":2,"name":"D\u00eda del Periodista y Comunicador Social"}]},{"@type":"WebSite","@id":"https:\/\/edumas.gov.co\/inicio\/#website","url":"https:\/\/edumas.gov.co\/inicio\/","name":"Edumas","description":"Edumas","publisher":{"@id":"https:\/\/edumas.gov.co\/inicio\/#organization"},"potentialAction":[{"@type":"SearchAction","target":{"@type":"EntryPoint","urlTemplate":"https:\/\/edumas.gov.co\/inicio\/?s={search_term_string}"},"query-input":{"@type":"PropertyValueSpecification","valueRequired":true,"valueName":"search_term_string"}}],"inLanguage":"es"},{"@type":"Organization","@id":"https:\/\/edumas.gov.co\/inicio\/#organization","name":"Edumas","url":"https:\/\/edumas.gov.co\/inicio\/","logo":{"@type":"ImageObject","inLanguage":"es","@id":"https:\/\/edumas.gov.co\/inicio\/#\/schema\/logo\/image\/","url":"https:\/\/edumas.gov.co\/wp-content\/uploads\/2024\/10\/Perfil-Instagram-PhotoRoom.png-PhotoRoom.png","contentUrl":"https:\/\/edumas.gov.co\/wp-content\/uploads\/2024\/10\/Perfil-Instagram-PhotoRoom.png-PhotoRoom.png","width":648,"height":233,"caption":"Edumas"},"image":{"@id":"https:\/\/edumas.gov.co\/inicio\/#\/schema\/logo\/image\/"}},{"@type":"Person","@id":"https:\/\/edumas.gov.co\/inicio\/#\/schema\/person\/e2e82a662fd06864325b88811079b05a","name":"edumas","image":{"@type":"ImageObject","inLanguage":"es","@id":"https:\/\/edumas.gov.co\/wp-content\/uploads\/2025\/03\/WhatsApp-Image-2025-03-06-at-12.44.58-PM-150x150.jpeg","url":"https:\/\/edumas.gov.co\/wp-content\/uploads\/2025\/03\/WhatsApp-Image-2025-03-06-at-12.44.58-PM-150x150.jpeg","contentUrl":"https:\/\/edumas.gov.co\/wp-content\/uploads\/2025\/03\/WhatsApp-Image-2025-03-06-at-12.44.58-PM-150x150.jpeg","caption":"edumas"},"sameAs":["https:\/\/test.edumas.gov.co"],"url":"https:\/\/edumas.gov.co\/inicio\/author\/edumas\/"}]}},"_links":{"self":[{"href":"https:\/\/edumas.gov.co\/inicio\/wp-json\/wp\/v2\/posts\/6262","targetHints":{"allow":["GET"]}}],"collection":[{"href":"https:\/\/edumas.gov.co\/inicio\/wp-json\/wp\/v2\/posts"}],"about":[{"href":"https:\/\/edumas.gov.co\/inicio\/wp-json\/wp\/v2\/types\/post"}],"author":[{"embeddable":true,"href":"https:\/\/edumas.gov.co\/inicio\/wp-json\/wp\/v2\/users\/1"}],"replies":[{"embeddable":true,"href":"https:\/\/edumas.gov.co\/inicio\/wp-json\/wp\/v2\/comments?post=6262"}],"version-history":[{"count":2,"href":"https:\/\/edumas.gov.co\/inicio\/wp-json\/wp\/v2\/posts\/6262\/revisions"}],"predecessor-version":[{"id":9368,"href":"https:\/\/edumas.gov.co\/inicio\/wp-json\/wp\/v2\/posts\/6262\/revisions\/9368"}],"wp:featuredmedia":[{"embeddable":true,"href":"https:\/\/edumas.gov.co\/inicio\/wp-json\/wp\/v2\/media\/9366"}],"wp:attachment":[{"href":"https:\/\/edumas.gov.co\/inicio\/wp-json\/wp\/v2\/media?parent=6262"}],"wp:term":[{"taxonomy":"category","embeddable":true,"href":"https:\/\/edumas.gov.co\/inicio\/wp-json\/wp\/v2\/categories?post=6262"},{"taxonomy":"post_tag","embeddable":true,"href":"https:\/\/edumas.gov.co\/inicio\/wp-json\/wp\/v2\/tags?post=6262"}],"curies":[{"name":"wp","href":"https:\/\/api.w.org\/{rel}","templated":true}]}}