{"id":6265,"date":"2025-08-01T18:55:57","date_gmt":"2025-08-01T18:55:57","guid":{"rendered":"https:\/\/edumas.gov.co\/inicio\/?p=6265"},"modified":"2025-08-05T19:09:36","modified_gmt":"2025-08-05T19:09:36","slug":"hoy-es-un-dia-muy-importante-en-la-ruta-de-mitigacion-de-los-impactos-ambientales-del-botadero-de-la-concepcion-director-encargado-del-edumas","status":"publish","type":"post","link":"https:\/\/edumas.gov.co\/inicio\/2025\/08\/01\/hoy-es-un-dia-muy-importante-en-la-ruta-de-mitigacion-de-los-impactos-ambientales-del-botadero-de-la-concepcion-director-encargado-del-edumas\/","title":{"rendered":"\u201cHoy es un d\u00eda muy importante en la ruta de mitigaci\u00f3n de los impactos ambientales del botadero de La Concepci\u00f3n\u201d, director encargado del Edumas"},"content":{"rendered":"\n<p class=\"wp-block-paragraph\">Luego de quince d\u00edas de intervenci\u00f3n por parte de la empresa Aseo Especial de Soledad &#8211; Interaseo, el Establecimiento de Desarrollo Urbano y Medio Ambiente \u2013 Edumas, junto a la Secretar\u00eda de Gobierno y la Secretar\u00eda de Planeaci\u00f3n; realizaron en el d\u00eda de hoy la entrega al propietario, la limpieza del predio ubicado en la entrada al botadero ilegal a cielo abierto conocido como La Concepci\u00f3n, el cual es utilizado por carromuleros y carretilleros para disponer los residuos s\u00f3lidos que les son entregados por ciudadanos sin sentido de pertenencia.<\/p>\n\n\n\n<div class=\"wp-block-media-text is-stacked-on-mobile\"><figure class=\"wp-block-media-text__media\"><img fetchpriority=\"high\" decoding=\"async\" width=\"1024\" height=\"683\" src=\"https:\/\/edumas.gov.co\/wp-content\/uploads\/2025\/08\/MG_8055-1-1024x683.jpg\" alt=\"\" class=\"wp-image-6270 size-full\" srcset=\"https:\/\/edumas.gov.co\/wp-content\/uploads\/2025\/08\/MG_8055-1-1024x683.jpg 1024w, https:\/\/edumas.gov.co\/wp-content\/uploads\/2025\/08\/MG_8055-1-300x200.jpg 300w, https:\/\/edumas.gov.co\/wp-content\/uploads\/2025\/08\/MG_8055-1-768x512.jpg 768w, https:\/\/edumas.gov.co\/wp-content\/uploads\/2025\/08\/MG_8055-1-1536x1024.jpg 1536w, https:\/\/edumas.gov.co\/wp-content\/uploads\/2025\/08\/MG_8055-1-2048x1365.jpg 2048w, https:\/\/edumas.gov.co\/wp-content\/uploads\/2025\/08\/MG_8055-1-1320x880.jpg 1320w\" sizes=\"(max-width: 1024px) 100vw, 1024px\" \/><\/figure><div class=\"wp-block-media-text__content\">\n<p class=\"wp-block-paragraph\">En lo que va transcurrido del 2025, la Alcald\u00eda de Soledad y el Edumas a trav\u00e9s de Interaseo, realiz\u00f3 el despeje de basuras en la entrada de La Concepci\u00f3n en cinco ocasiones, atendiendo el llamado de la comunidad ante las afectaciones que este acarreaba sobre la salud de los residentes cercanos.<\/p>\n<\/div><\/div>\n\n\n\n<p class=\"wp-block-paragraph\">\u201cUna vez se logr\u00f3 poner en conocimiento al propietario del lote sobre la situaci\u00f3n, el equipo interdisciplinario de la Alcald\u00eda y el Edumas, lo conmin\u00f3 a responsabilizarse por el cerramiento, mantenimiento y vigilancia de su propiedad, lo cual inici\u00f3 de manera inmediata. Hoy es un d\u00eda muy importante en la ruta de mitigaci\u00f3n de los impactos ambientales de este botadero ilegal, a trav\u00e9s de las acciones conjuntas que estamos tomando\u201d, explic\u00f3 el gerente encargado del Edumas, Daniel Cure Mu\u00f1oz.<\/p>\n\n\n\n<div class=\"wp-block-media-text is-stacked-on-mobile\"><figure class=\"wp-block-media-text__media\"><img decoding=\"async\" width=\"1024\" height=\"683\" src=\"https:\/\/edumas.gov.co\/wp-content\/uploads\/2025\/08\/MG_8010-1-1024x683.jpg\" alt=\"\" class=\"wp-image-6267 size-full\" srcset=\"https:\/\/edumas.gov.co\/wp-content\/uploads\/2025\/08\/MG_8010-1-1024x683.jpg 1024w, https:\/\/edumas.gov.co\/wp-content\/uploads\/2025\/08\/MG_8010-1-300x200.jpg 300w, https:\/\/edumas.gov.co\/wp-content\/uploads\/2025\/08\/MG_8010-1-768x512.jpg 768w, https:\/\/edumas.gov.co\/wp-content\/uploads\/2025\/08\/MG_8010-1-1536x1024.jpg 1536w, https:\/\/edumas.gov.co\/wp-content\/uploads\/2025\/08\/MG_8010-1-2048x1365.jpg 2048w, https:\/\/edumas.gov.co\/wp-content\/uploads\/2025\/08\/MG_8010-1-1320x880.jpg 1320w\" sizes=\"(max-width: 1024px) 100vw, 1024px\" \/><\/figure><div class=\"wp-block-media-text__content\">\n<p class=\"wp-block-paragraph\">La inspecci\u00f3n final de los trabajos y la entrega del lote limpio a su propietario cont\u00f3, adem\u00e1s, con la presencia de la Oficina de Gesti\u00f3n del Riesgo, la Interventor\u00eda de Aseo, la Polic\u00eda Nacional, el Cuerpo de Bomberos Voluntarios de Soledad y una representante de la Junta de Acci\u00f3n Comunal de la zona quien agradeci\u00f3 el esfuerzo que esta administraci\u00f3n ha colocado para darle soluci\u00f3n al botadero de La Concepci\u00f3n.<\/p>\n<\/div><\/div>\n\n\n\n<p class=\"wp-block-paragraph\">Como parte de este proceso de control y mitigaci\u00f3n de impactos ambientales en zonas de disposici\u00f3n inadecuada de residuos, el Edumas continuar\u00e1 con las inspecciones, informes t\u00e9cnicos e intervenciones a las dem\u00e1s \u00e1reas del botadero de La Concepci\u00f3n que abarca siete hect\u00e1reas y diferentes propietarios.<\/p>\n\n\n\n<div class=\"wp-block-jetpack-slideshow aligncenter\" data-effect=\"slide\" style=\"--aspect-ratio:calc(800 \/ 534)\"><div class=\"wp-block-jetpack-slideshow_container swiper-container\"><ul class=\"wp-block-jetpack-slideshow_swiper-wrapper swiper-wrapper\"><li class=\"wp-block-jetpack-slideshow_slide swiper-slide\"><figure><img decoding=\"async\" width=\"1024\" height=\"683\" alt=\"\" class=\"wp-block-jetpack-slideshow_image wp-image-6270\" data-id=\"6270\" data-aspect-ratio=\"800 \/ 534\" src=\"https:\/\/edumas.gov.co\/wp-content\/uploads\/2025\/08\/MG_8055-1-1024x683.jpg\" srcset=\"https:\/\/edumas.gov.co\/wp-content\/uploads\/2025\/08\/MG_8055-1-1024x683.jpg 1024w, https:\/\/edumas.gov.co\/wp-content\/uploads\/2025\/08\/MG_8055-1-300x200.jpg 300w, https:\/\/edumas.gov.co\/wp-content\/uploads\/2025\/08\/MG_8055-1-768x512.jpg 768w, https:\/\/edumas.gov.co\/wp-content\/uploads\/2025\/08\/MG_8055-1-1536x1024.jpg 1536w, https:\/\/edumas.gov.co\/wp-content\/uploads\/2025\/08\/MG_8055-1-2048x1365.jpg 2048w, https:\/\/edumas.gov.co\/wp-content\/uploads\/2025\/08\/MG_8055-1-1320x880.jpg 1320w\" sizes=\"(max-width: 1024px) 100vw, 1024px\" \/><\/figure><\/li><li class=\"wp-block-jetpack-slideshow_slide swiper-slide\"><figure><img loading=\"lazy\" decoding=\"async\" width=\"1024\" height=\"683\" alt=\"\" class=\"wp-block-jetpack-slideshow_image wp-image-6269\" data-id=\"6269\" data-aspect-ratio=\"800 \/ 534\" src=\"https:\/\/edumas.gov.co\/wp-content\/uploads\/2025\/08\/MG_8035-1-1024x683.jpg\" srcset=\"https:\/\/edumas.gov.co\/wp-content\/uploads\/2025\/08\/MG_8035-1-1024x683.jpg 1024w, https:\/\/edumas.gov.co\/wp-content\/uploads\/2025\/08\/MG_8035-1-300x200.jpg 300w, https:\/\/edumas.gov.co\/wp-content\/uploads\/2025\/08\/MG_8035-1-768x512.jpg 768w, https:\/\/edumas.gov.co\/wp-content\/uploads\/2025\/08\/MG_8035-1-1536x1024.jpg 1536w, https:\/\/edumas.gov.co\/wp-content\/uploads\/2025\/08\/MG_8035-1-2048x1365.jpg 2048w, https:\/\/edumas.gov.co\/wp-content\/uploads\/2025\/08\/MG_8035-1-1320x880.jpg 1320w\" sizes=\"(max-width: 1024px) 100vw, 1024px\" \/><\/figure><\/li><li class=\"wp-block-jetpack-slideshow_slide swiper-slide\"><figure><img loading=\"lazy\" decoding=\"async\" width=\"1024\" height=\"683\" alt=\"\" class=\"wp-block-jetpack-slideshow_image wp-image-6268\" data-id=\"6268\" data-aspect-ratio=\"800 \/ 534\" src=\"https:\/\/edumas.gov.co\/wp-content\/uploads\/2025\/08\/MG_8030-4-1024x683.jpg\" srcset=\"https:\/\/edumas.gov.co\/wp-content\/uploads\/2025\/08\/MG_8030-4-1024x683.jpg 1024w, https:\/\/edumas.gov.co\/wp-content\/uploads\/2025\/08\/MG_8030-4-300x200.jpg 300w, https:\/\/edumas.gov.co\/wp-content\/uploads\/2025\/08\/MG_8030-4-768x512.jpg 768w, https:\/\/edumas.gov.co\/wp-content\/uploads\/2025\/08\/MG_8030-4-1536x1024.jpg 1536w, https:\/\/edumas.gov.co\/wp-content\/uploads\/2025\/08\/MG_8030-4-2048x1365.jpg 2048w, https:\/\/edumas.gov.co\/wp-content\/uploads\/2025\/08\/MG_8030-4-1320x880.jpg 1320w\" sizes=\"(max-width: 1024px) 100vw, 1024px\" \/><\/figure><\/li><li class=\"wp-block-jetpack-slideshow_slide swiper-slide\"><figure><img loading=\"lazy\" decoding=\"async\" width=\"1024\" height=\"683\" alt=\"\" class=\"wp-block-jetpack-slideshow_image wp-image-6267\" data-id=\"6267\" data-aspect-ratio=\"800 \/ 534\" src=\"https:\/\/edumas.gov.co\/wp-content\/uploads\/2025\/08\/MG_8010-1-1024x683.jpg\" srcset=\"https:\/\/edumas.gov.co\/wp-content\/uploads\/2025\/08\/MG_8010-1-1024x683.jpg 1024w, https:\/\/edumas.gov.co\/wp-content\/uploads\/2025\/08\/MG_8010-1-300x200.jpg 300w, https:\/\/edumas.gov.co\/wp-content\/uploads\/2025\/08\/MG_8010-1-768x512.jpg 768w, https:\/\/edumas.gov.co\/wp-content\/uploads\/2025\/08\/MG_8010-1-1536x1024.jpg 1536w, https:\/\/edumas.gov.co\/wp-content\/uploads\/2025\/08\/MG_8010-1-2048x1365.jpg 2048w, https:\/\/edumas.gov.co\/wp-content\/uploads\/2025\/08\/MG_8010-1-1320x880.jpg 1320w\" sizes=\"(max-width: 1024px) 100vw, 1024px\" \/><\/figure><\/li><li class=\"wp-block-jetpack-slideshow_slide swiper-slide\"><figure><img loading=\"lazy\" decoding=\"async\" width=\"1024\" height=\"683\" alt=\"\" class=\"wp-block-jetpack-slideshow_image wp-image-6266\" data-id=\"6266\" data-aspect-ratio=\"800 \/ 534\" src=\"https:\/\/edumas.gov.co\/wp-content\/uploads\/2025\/08\/MG_8001-1024x683.jpg\" srcset=\"https:\/\/edumas.gov.co\/wp-content\/uploads\/2025\/08\/MG_8001-1024x683.jpg 1024w, https:\/\/edumas.gov.co\/wp-content\/uploads\/2025\/08\/MG_8001-300x200.jpg 300w, https:\/\/edumas.gov.co\/wp-content\/uploads\/2025\/08\/MG_8001-768x512.jpg 768w, https:\/\/edumas.gov.co\/wp-content\/uploads\/2025\/08\/MG_8001-1536x1024.jpg 1536w, https:\/\/edumas.gov.co\/wp-content\/uploads\/2025\/08\/MG_8001-2048x1365.jpg 2048w, https:\/\/edumas.gov.co\/wp-content\/uploads\/2025\/08\/MG_8001-1320x880.jpg 1320w\" sizes=\"(max-width: 1024px) 100vw, 1024px\" \/><\/figure><\/li><\/ul><a class=\"wp-block-jetpack-slideshow_button-prev swiper-button-prev swiper-button-white\" role=\"button\"><\/a><a class=\"wp-block-jetpack-slideshow_button-next swiper-button-next swiper-button-white\" role=\"button\"><\/a><a aria-label=\"Pause Slideshow\" class=\"wp-block-jetpack-slideshow_button-pause\" role=\"button\"><\/a><div class=\"wp-block-jetpack-slideshow_pagination swiper-pagination swiper-pagination-white\"><\/div><\/div><\/div>\n","protected":false},"excerpt":{"rendered":"<p>Luego de quince d\u00edas de intervenci\u00f3n por parte de la empresa Aseo Especial de Soledad &#8211; Interaseo, el Establecimiento de Desarrollo Urbano y Medio Ambiente \u2013 Edumas, junto a la Secretar\u00eda de Gobierno y la Secretar\u00eda de Planeaci\u00f3n; realizaron en el d\u00eda de hoy la entrega al propietario, la limpieza del predio ubicado en la [&hellip;]<\/p>\n","protected":false},"author":1,"featured_media":6269,"comment_status":"open","ping_status":"open","sticky":false,"template":"","format":"standard","meta":{"footnotes":""},"categories":[26],"tags":[98,99],"class_list":["post-6265","post","type-post","status-publish","format-standard","has-post-thumbnail","hentry","category-noticias","tag-botadero","tag-la-concepcion"],"yoast_head":"<!-- This site is optimized with the Yoast SEO plugin v27.4 - https:\/\/yoast.com\/product\/yoast-seo-wordpress\/ -->\n<title>\u201cHoy es un d\u00eda muy importante en la ruta de mitigaci\u00f3n de los impactos ambientales del botadero de La Concepci\u00f3n\u201d, director encargado del Edumas - Edumas<\/title>\n<meta name=\"robots\" content=\"index, follow, max-snippet:-1, max-image-preview:large, max-video-preview:-1\" \/>\n<link rel=\"canonical\" href=\"https:\/\/edumas.gov.co\/inicio\/2025\/08\/01\/hoy-es-un-dia-muy-importante-en-la-ruta-de-mitigacion-de-los-impactos-ambientales-del-botadero-de-la-concepcion-director-encargado-del-edumas\/\" \/>\n<meta property=\"og:locale\" content=\"es_ES\" \/>\n<meta property=\"og:type\" content=\"article\" \/>\n<meta property=\"og:title\" content=\"\u201cHoy es un d\u00eda muy importante en la ruta de mitigaci\u00f3n de los impactos ambientales del botadero de La Concepci\u00f3n\u201d, director encargado del Edumas - Edumas\" \/>\n<meta property=\"og:description\" content=\"Luego de quince d\u00edas de intervenci\u00f3n por parte de la empresa Aseo Especial de Soledad &#8211; Interaseo, el Establecimiento de Desarrollo Urbano y Medio Ambiente \u2013 Edumas, junto a la Secretar\u00eda de Gobierno y la Secretar\u00eda de Planeaci\u00f3n; realizaron en el d\u00eda de hoy la entrega al propietario, la limpieza del predio ubicado en la [&hellip;]\" \/>\n<meta property=\"og:url\" content=\"https:\/\/edumas.gov.co\/inicio\/2025\/08\/01\/hoy-es-un-dia-muy-importante-en-la-ruta-de-mitigacion-de-los-impactos-ambientales-del-botadero-de-la-concepcion-director-encargado-del-edumas\/\" \/>\n<meta property=\"og:site_name\" content=\"Edumas\" \/>\n<meta property=\"article:published_time\" content=\"2025-08-01T18:55:57+00:00\" \/>\n<meta property=\"article:modified_time\" content=\"2025-08-05T19:09:36+00:00\" \/>\n<meta property=\"og:image\" content=\"https:\/\/edumas.gov.co\/wp-content\/uploads\/2025\/08\/MG_8035-1-scaled.jpg\" \/>\n\t<meta property=\"og:image:width\" content=\"2560\" \/>\n\t<meta property=\"og:image:height\" content=\"1707\" \/>\n\t<meta property=\"og:image:type\" content=\"image\/jpeg\" \/>\n<meta name=\"author\" content=\"edumas\" \/>\n<meta name=\"twitter:card\" content=\"summary_large_image\" \/>\n<meta name=\"twitter:label1\" content=\"Escrito por\" \/>\n\t<meta name=\"twitter:data1\" content=\"edumas\" \/>\n\t<meta name=\"twitter:label2\" content=\"Tiempo de lectura\" \/>\n\t<meta name=\"twitter:data2\" content=\"4 minutos\" \/>\n<script type=\"application\/ld+json\" class=\"yoast-schema-graph\">{\"@context\":\"https:\\\/\\\/schema.org\",\"@graph\":[{\"@type\":\"Article\",\"@id\":\"https:\\\/\\\/edumas.gov.co\\\/inicio\\\/2025\\\/08\\\/01\\\/hoy-es-un-dia-muy-importante-en-la-ruta-de-mitigacion-de-los-impactos-ambientales-del-botadero-de-la-concepcion-director-encargado-del-edumas\\\/#article\",\"isPartOf\":{\"@id\":\"https:\\\/\\\/edumas.gov.co\\\/inicio\\\/2025\\\/08\\\/01\\\/hoy-es-un-dia-muy-importante-en-la-ruta-de-mitigacion-de-los-impactos-ambientales-del-botadero-de-la-concepcion-director-encargado-del-edumas\\\/\"},\"author\":{\"name\":\"edumas\",\"@id\":\"https:\\\/\\\/edumas.gov.co\\\/inicio\\\/#\\\/schema\\\/person\\\/e2e82a662fd06864325b88811079b05a\"},\"headline\":\"\u201cHoy es un d\u00eda muy importante en la ruta de mitigaci\u00f3n de los impactos ambientales del botadero de La Concepci\u00f3n\u201d, director encargado del Edumas\",\"datePublished\":\"2025-08-01T18:55:57+00:00\",\"dateModified\":\"2025-08-05T19:09:36+00:00\",\"mainEntityOfPage\":{\"@id\":\"https:\\\/\\\/edumas.gov.co\\\/inicio\\\/2025\\\/08\\\/01\\\/hoy-es-un-dia-muy-importante-en-la-ruta-de-mitigacion-de-los-impactos-ambientales-del-botadero-de-la-concepcion-director-encargado-del-edumas\\\/\"},\"wordCount\":391,\"commentCount\":0,\"publisher\":{\"@id\":\"https:\\\/\\\/edumas.gov.co\\\/inicio\\\/#organization\"},\"image\":{\"@id\":\"https:\\\/\\\/edumas.gov.co\\\/inicio\\\/2025\\\/08\\\/01\\\/hoy-es-un-dia-muy-importante-en-la-ruta-de-mitigacion-de-los-impactos-ambientales-del-botadero-de-la-concepcion-director-encargado-del-edumas\\\/#primaryimage\"},\"thumbnailUrl\":\"https:\\\/\\\/edumas.gov.co\\\/wp-content\\\/uploads\\\/2025\\\/08\\\/MG_8035-1-scaled.jpg\",\"keywords\":[\"Botadero\",\"La Concepci\u00f3n\"],\"articleSection\":[\"noticias\"],\"inLanguage\":\"es\",\"potentialAction\":[{\"@type\":\"CommentAction\",\"name\":\"Comment\",\"target\":[\"https:\\\/\\\/edumas.gov.co\\\/inicio\\\/2025\\\/08\\\/01\\\/hoy-es-un-dia-muy-importante-en-la-ruta-de-mitigacion-de-los-impactos-ambientales-del-botadero-de-la-concepcion-director-encargado-del-edumas\\\/#respond\"]}]},{\"@type\":\"WebPage\",\"@id\":\"https:\\\/\\\/edumas.gov.co\\\/inicio\\\/2025\\\/08\\\/01\\\/hoy-es-un-dia-muy-importante-en-la-ruta-de-mitigacion-de-los-impactos-ambientales-del-botadero-de-la-concepcion-director-encargado-del-edumas\\\/\",\"url\":\"https:\\\/\\\/edumas.gov.co\\\/inicio\\\/2025\\\/08\\\/01\\\/hoy-es-un-dia-muy-importante-en-la-ruta-de-mitigacion-de-los-impactos-ambientales-del-botadero-de-la-concepcion-director-encargado-del-edumas\\\/\",\"name\":\"\u201cHoy es un d\u00eda muy importante en la ruta de mitigaci\u00f3n de los impactos ambientales del botadero de La Concepci\u00f3n\u201d, director encargado del Edumas - Edumas\",\"isPartOf\":{\"@id\":\"https:\\\/\\\/edumas.gov.co\\\/inicio\\\/#website\"},\"primaryImageOfPage\":{\"@id\":\"https:\\\/\\\/edumas.gov.co\\\/inicio\\\/2025\\\/08\\\/01\\\/hoy-es-un-dia-muy-importante-en-la-ruta-de-mitigacion-de-los-impactos-ambientales-del-botadero-de-la-concepcion-director-encargado-del-edumas\\\/#primaryimage\"},\"image\":{\"@id\":\"https:\\\/\\\/edumas.gov.co\\\/inicio\\\/2025\\\/08\\\/01\\\/hoy-es-un-dia-muy-importante-en-la-ruta-de-mitigacion-de-los-impactos-ambientales-del-botadero-de-la-concepcion-director-encargado-del-edumas\\\/#primaryimage\"},\"thumbnailUrl\":\"https:\\\/\\\/edumas.gov.co\\\/wp-content\\\/uploads\\\/2025\\\/08\\\/MG_8035-1-scaled.jpg\",\"datePublished\":\"2025-08-01T18:55:57+00:00\",\"dateModified\":\"2025-08-05T19:09:36+00:00\",\"breadcrumb\":{\"@id\":\"https:\\\/\\\/edumas.gov.co\\\/inicio\\\/2025\\\/08\\\/01\\\/hoy-es-un-dia-muy-importante-en-la-ruta-de-mitigacion-de-los-impactos-ambientales-del-botadero-de-la-concepcion-director-encargado-del-edumas\\\/#breadcrumb\"},\"inLanguage\":\"es\",\"potentialAction\":[{\"@type\":\"ReadAction\",\"target\":[\"https:\\\/\\\/edumas.gov.co\\\/inicio\\\/2025\\\/08\\\/01\\\/hoy-es-un-dia-muy-importante-en-la-ruta-de-mitigacion-de-los-impactos-ambientales-del-botadero-de-la-concepcion-director-encargado-del-edumas\\\/\"]}]},{\"@type\":\"ImageObject\",\"inLanguage\":\"es\",\"@id\":\"https:\\\/\\\/edumas.gov.co\\\/inicio\\\/2025\\\/08\\\/01\\\/hoy-es-un-dia-muy-importante-en-la-ruta-de-mitigacion-de-los-impactos-ambientales-del-botadero-de-la-concepcion-director-encargado-del-edumas\\\/#primaryimage\",\"url\":\"https:\\\/\\\/edumas.gov.co\\\/wp-content\\\/uploads\\\/2025\\\/08\\\/MG_8035-1-scaled.jpg\",\"contentUrl\":\"https:\\\/\\\/edumas.gov.co\\\/wp-content\\\/uploads\\\/2025\\\/08\\\/MG_8035-1-scaled.jpg\",\"width\":2560,\"height\":1707},{\"@type\":\"BreadcrumbList\",\"@id\":\"https:\\\/\\\/edumas.gov.co\\\/inicio\\\/2025\\\/08\\\/01\\\/hoy-es-un-dia-muy-importante-en-la-ruta-de-mitigacion-de-los-impactos-ambientales-del-botadero-de-la-concepcion-director-encargado-del-edumas\\\/#breadcrumb\",\"itemListElement\":[{\"@type\":\"ListItem\",\"position\":1,\"name\":\"Portada\",\"item\":\"https:\\\/\\\/edumas.gov.co\\\/inicio\\\/\"},{\"@type\":\"ListItem\",\"position\":2,\"name\":\"\u201cHoy es un d\u00eda muy importante en la ruta de mitigaci\u00f3n de los impactos ambientales del botadero de La Concepci\u00f3n\u201d, director encargado del Edumas\"}]},{\"@type\":\"WebSite\",\"@id\":\"https:\\\/\\\/edumas.gov.co\\\/inicio\\\/#website\",\"url\":\"https:\\\/\\\/edumas.gov.co\\\/inicio\\\/\",\"name\":\"Edumas\",\"description\":\"Edumas\",\"publisher\":{\"@id\":\"https:\\\/\\\/edumas.gov.co\\\/inicio\\\/#organization\"},\"potentialAction\":[{\"@type\":\"SearchAction\",\"target\":{\"@type\":\"EntryPoint\",\"urlTemplate\":\"https:\\\/\\\/edumas.gov.co\\\/inicio\\\/?s={search_term_string}\"},\"query-input\":{\"@type\":\"PropertyValueSpecification\",\"valueRequired\":true,\"valueName\":\"search_term_string\"}}],\"inLanguage\":\"es\"},{\"@type\":\"Organization\",\"@id\":\"https:\\\/\\\/edumas.gov.co\\\/inicio\\\/#organization\",\"name\":\"Edumas\",\"url\":\"https:\\\/\\\/edumas.gov.co\\\/inicio\\\/\",\"logo\":{\"@type\":\"ImageObject\",\"inLanguage\":\"es\",\"@id\":\"https:\\\/\\\/edumas.gov.co\\\/inicio\\\/#\\\/schema\\\/logo\\\/image\\\/\",\"url\":\"https:\\\/\\\/edumas.gov.co\\\/wp-content\\\/uploads\\\/2024\\\/10\\\/Perfil-Instagram-PhotoRoom.png-PhotoRoom.png\",\"contentUrl\":\"https:\\\/\\\/edumas.gov.co\\\/wp-content\\\/uploads\\\/2024\\\/10\\\/Perfil-Instagram-PhotoRoom.png-PhotoRoom.png\",\"width\":648,\"height\":233,\"caption\":\"Edumas\"},\"image\":{\"@id\":\"https:\\\/\\\/edumas.gov.co\\\/inicio\\\/#\\\/schema\\\/logo\\\/image\\\/\"}},{\"@type\":\"Person\",\"@id\":\"https:\\\/\\\/edumas.gov.co\\\/inicio\\\/#\\\/schema\\\/person\\\/e2e82a662fd06864325b88811079b05a\",\"name\":\"edumas\",\"image\":{\"@type\":\"ImageObject\",\"inLanguage\":\"es\",\"@id\":\"https:\\\/\\\/edumas.gov.co\\\/wp-content\\\/uploads\\\/2025\\\/03\\\/WhatsApp-Image-2025-03-06-at-12.44.58-PM-150x150.jpeg\",\"url\":\"https:\\\/\\\/edumas.gov.co\\\/wp-content\\\/uploads\\\/2025\\\/03\\\/WhatsApp-Image-2025-03-06-at-12.44.58-PM-150x150.jpeg\",\"contentUrl\":\"https:\\\/\\\/edumas.gov.co\\\/wp-content\\\/uploads\\\/2025\\\/03\\\/WhatsApp-Image-2025-03-06-at-12.44.58-PM-150x150.jpeg\",\"caption\":\"edumas\"},\"sameAs\":[\"https:\\\/\\\/test.edumas.gov.co\"],\"url\":\"https:\\\/\\\/edumas.gov.co\\\/inicio\\\/author\\\/edumas\\\/\"}]}<\/script>\n<!-- \/ Yoast SEO plugin. -->","yoast_head_json":{"title":"\u201cHoy es un d\u00eda muy importante en la ruta de mitigaci\u00f3n de los impactos ambientales del botadero de La Concepci\u00f3n\u201d, director encargado del Edumas - Edumas","robots":{"index":"index","follow":"follow","max-snippet":"max-snippet:-1","max-image-preview":"max-image-preview:large","max-video-preview":"max-video-preview:-1"},"canonical":"https:\/\/edumas.gov.co\/inicio\/2025\/08\/01\/hoy-es-un-dia-muy-importante-en-la-ruta-de-mitigacion-de-los-impactos-ambientales-del-botadero-de-la-concepcion-director-encargado-del-edumas\/","og_locale":"es_ES","og_type":"article","og_title":"\u201cHoy es un d\u00eda muy importante en la ruta de mitigaci\u00f3n de los impactos ambientales del botadero de La Concepci\u00f3n\u201d, director encargado del Edumas - Edumas","og_description":"Luego de quince d\u00edas de intervenci\u00f3n por parte de la empresa Aseo Especial de Soledad &#8211; Interaseo, el Establecimiento de Desarrollo Urbano y Medio Ambiente \u2013 Edumas, junto a la Secretar\u00eda de Gobierno y la Secretar\u00eda de Planeaci\u00f3n; realizaron en el d\u00eda de hoy la entrega al propietario, la limpieza del predio ubicado en la [&hellip;]","og_url":"https:\/\/edumas.gov.co\/inicio\/2025\/08\/01\/hoy-es-un-dia-muy-importante-en-la-ruta-de-mitigacion-de-los-impactos-ambientales-del-botadero-de-la-concepcion-director-encargado-del-edumas\/","og_site_name":"Edumas","article_published_time":"2025-08-01T18:55:57+00:00","article_modified_time":"2025-08-05T19:09:36+00:00","og_image":[{"width":2560,"height":1707,"url":"https:\/\/edumas.gov.co\/wp-content\/uploads\/2025\/08\/MG_8035-1-scaled.jpg","type":"image\/jpeg"}],"author":"edumas","twitter_card":"summary_large_image","twitter_misc":{"Escrito por":"edumas","Tiempo de lectura":"4 minutos"},"schema":{"@context":"https:\/\/schema.org","@graph":[{"@type":"Article","@id":"https:\/\/edumas.gov.co\/inicio\/2025\/08\/01\/hoy-es-un-dia-muy-importante-en-la-ruta-de-mitigacion-de-los-impactos-ambientales-del-botadero-de-la-concepcion-director-encargado-del-edumas\/#article","isPartOf":{"@id":"https:\/\/edumas.gov.co\/inicio\/2025\/08\/01\/hoy-es-un-dia-muy-importante-en-la-ruta-de-mitigacion-de-los-impactos-ambientales-del-botadero-de-la-concepcion-director-encargado-del-edumas\/"},"author":{"name":"edumas","@id":"https:\/\/edumas.gov.co\/inicio\/#\/schema\/person\/e2e82a662fd06864325b88811079b05a"},"headline":"\u201cHoy es un d\u00eda muy importante en la ruta de mitigaci\u00f3n de los impactos ambientales del botadero de La Concepci\u00f3n\u201d, director encargado del Edumas","datePublished":"2025-08-01T18:55:57+00:00","dateModified":"2025-08-05T19:09:36+00:00","mainEntityOfPage":{"@id":"https:\/\/edumas.gov.co\/inicio\/2025\/08\/01\/hoy-es-un-dia-muy-importante-en-la-ruta-de-mitigacion-de-los-impactos-ambientales-del-botadero-de-la-concepcion-director-encargado-del-edumas\/"},"wordCount":391,"commentCount":0,"publisher":{"@id":"https:\/\/edumas.gov.co\/inicio\/#organization"},"image":{"@id":"https:\/\/edumas.gov.co\/inicio\/2025\/08\/01\/hoy-es-un-dia-muy-importante-en-la-ruta-de-mitigacion-de-los-impactos-ambientales-del-botadero-de-la-concepcion-director-encargado-del-edumas\/#primaryimage"},"thumbnailUrl":"https:\/\/edumas.gov.co\/wp-content\/uploads\/2025\/08\/MG_8035-1-scaled.jpg","keywords":["Botadero","La Concepci\u00f3n"],"articleSection":["noticias"],"inLanguage":"es","potentialAction":[{"@type":"CommentAction","name":"Comment","target":["https:\/\/edumas.gov.co\/inicio\/2025\/08\/01\/hoy-es-un-dia-muy-importante-en-la-ruta-de-mitigacion-de-los-impactos-ambientales-del-botadero-de-la-concepcion-director-encargado-del-edumas\/#respond"]}]},{"@type":"WebPage","@id":"https:\/\/edumas.gov.co\/inicio\/2025\/08\/01\/hoy-es-un-dia-muy-importante-en-la-ruta-de-mitigacion-de-los-impactos-ambientales-del-botadero-de-la-concepcion-director-encargado-del-edumas\/","url":"https:\/\/edumas.gov.co\/inicio\/2025\/08\/01\/hoy-es-un-dia-muy-importante-en-la-ruta-de-mitigacion-de-los-impactos-ambientales-del-botadero-de-la-concepcion-director-encargado-del-edumas\/","name":"\u201cHoy es un d\u00eda muy importante en la ruta de mitigaci\u00f3n de los impactos ambientales del botadero de La Concepci\u00f3n\u201d, director encargado del Edumas - Edumas","isPartOf":{"@id":"https:\/\/edumas.gov.co\/inicio\/#website"},"primaryImageOfPage":{"@id":"https:\/\/edumas.gov.co\/inicio\/2025\/08\/01\/hoy-es-un-dia-muy-importante-en-la-ruta-de-mitigacion-de-los-impactos-ambientales-del-botadero-de-la-concepcion-director-encargado-del-edumas\/#primaryimage"},"image":{"@id":"https:\/\/edumas.gov.co\/inicio\/2025\/08\/01\/hoy-es-un-dia-muy-importante-en-la-ruta-de-mitigacion-de-los-impactos-ambientales-del-botadero-de-la-concepcion-director-encargado-del-edumas\/#primaryimage"},"thumbnailUrl":"https:\/\/edumas.gov.co\/wp-content\/uploads\/2025\/08\/MG_8035-1-scaled.jpg","datePublished":"2025-08-01T18:55:57+00:00","dateModified":"2025-08-05T19:09:36+00:00","breadcrumb":{"@id":"https:\/\/edumas.gov.co\/inicio\/2025\/08\/01\/hoy-es-un-dia-muy-importante-en-la-ruta-de-mitigacion-de-los-impactos-ambientales-del-botadero-de-la-concepcion-director-encargado-del-edumas\/#breadcrumb"},"inLanguage":"es","potentialAction":[{"@type":"ReadAction","target":["https:\/\/edumas.gov.co\/inicio\/2025\/08\/01\/hoy-es-un-dia-muy-importante-en-la-ruta-de-mitigacion-de-los-impactos-ambientales-del-botadero-de-la-concepcion-director-encargado-del-edumas\/"]}]},{"@type":"ImageObject","inLanguage":"es","@id":"https:\/\/edumas.gov.co\/inicio\/2025\/08\/01\/hoy-es-un-dia-muy-importante-en-la-ruta-de-mitigacion-de-los-impactos-ambientales-del-botadero-de-la-concepcion-director-encargado-del-edumas\/#primaryimage","url":"https:\/\/edumas.gov.co\/wp-content\/uploads\/2025\/08\/MG_8035-1-scaled.jpg","contentUrl":"https:\/\/edumas.gov.co\/wp-content\/uploads\/2025\/08\/MG_8035-1-scaled.jpg","width":2560,"height":1707},{"@type":"BreadcrumbList","@id":"https:\/\/edumas.gov.co\/inicio\/2025\/08\/01\/hoy-es-un-dia-muy-importante-en-la-ruta-de-mitigacion-de-los-impactos-ambientales-del-botadero-de-la-concepcion-director-encargado-del-edumas\/#breadcrumb","itemListElement":[{"@type":"ListItem","position":1,"name":"Portada","item":"https:\/\/edumas.gov.co\/inicio\/"},{"@type":"ListItem","position":2,"name":"\u201cHoy es un d\u00eda muy importante en la ruta de mitigaci\u00f3n de los impactos ambientales del botadero de La Concepci\u00f3n\u201d, director encargado del Edumas"}]},{"@type":"WebSite","@id":"https:\/\/edumas.gov.co\/inicio\/#website","url":"https:\/\/edumas.gov.co\/inicio\/","name":"Edumas","description":"Edumas","publisher":{"@id":"https:\/\/edumas.gov.co\/inicio\/#organization"},"potentialAction":[{"@type":"SearchAction","target":{"@type":"EntryPoint","urlTemplate":"https:\/\/edumas.gov.co\/inicio\/?s={search_term_string}"},"query-input":{"@type":"PropertyValueSpecification","valueRequired":true,"valueName":"search_term_string"}}],"inLanguage":"es"},{"@type":"Organization","@id":"https:\/\/edumas.gov.co\/inicio\/#organization","name":"Edumas","url":"https:\/\/edumas.gov.co\/inicio\/","logo":{"@type":"ImageObject","inLanguage":"es","@id":"https:\/\/edumas.gov.co\/inicio\/#\/schema\/logo\/image\/","url":"https:\/\/edumas.gov.co\/wp-content\/uploads\/2024\/10\/Perfil-Instagram-PhotoRoom.png-PhotoRoom.png","contentUrl":"https:\/\/edumas.gov.co\/wp-content\/uploads\/2024\/10\/Perfil-Instagram-PhotoRoom.png-PhotoRoom.png","width":648,"height":233,"caption":"Edumas"},"image":{"@id":"https:\/\/edumas.gov.co\/inicio\/#\/schema\/logo\/image\/"}},{"@type":"Person","@id":"https:\/\/edumas.gov.co\/inicio\/#\/schema\/person\/e2e82a662fd06864325b88811079b05a","name":"edumas","image":{"@type":"ImageObject","inLanguage":"es","@id":"https:\/\/edumas.gov.co\/wp-content\/uploads\/2025\/03\/WhatsApp-Image-2025-03-06-at-12.44.58-PM-150x150.jpeg","url":"https:\/\/edumas.gov.co\/wp-content\/uploads\/2025\/03\/WhatsApp-Image-2025-03-06-at-12.44.58-PM-150x150.jpeg","contentUrl":"https:\/\/edumas.gov.co\/wp-content\/uploads\/2025\/03\/WhatsApp-Image-2025-03-06-at-12.44.58-PM-150x150.jpeg","caption":"edumas"},"sameAs":["https:\/\/test.edumas.gov.co"],"url":"https:\/\/edumas.gov.co\/inicio\/author\/edumas\/"}]}},"_links":{"self":[{"href":"https:\/\/edumas.gov.co\/inicio\/wp-json\/wp\/v2\/posts\/6265","targetHints":{"allow":["GET"]}}],"collection":[{"href":"https:\/\/edumas.gov.co\/inicio\/wp-json\/wp\/v2\/posts"}],"about":[{"href":"https:\/\/edumas.gov.co\/inicio\/wp-json\/wp\/v2\/types\/post"}],"author":[{"embeddable":true,"href":"https:\/\/edumas.gov.co\/inicio\/wp-json\/wp\/v2\/users\/1"}],"replies":[{"embeddable":true,"href":"https:\/\/edumas.gov.co\/inicio\/wp-json\/wp\/v2\/comments?post=6265"}],"version-history":[{"count":1,"href":"https:\/\/edumas.gov.co\/inicio\/wp-json\/wp\/v2\/posts\/6265\/revisions"}],"predecessor-version":[{"id":6271,"href":"https:\/\/edumas.gov.co\/inicio\/wp-json\/wp\/v2\/posts\/6265\/revisions\/6271"}],"wp:featuredmedia":[{"embeddable":true,"href":"https:\/\/edumas.gov.co\/inicio\/wp-json\/wp\/v2\/media\/6269"}],"wp:attachment":[{"href":"https:\/\/edumas.gov.co\/inicio\/wp-json\/wp\/v2\/media?parent=6265"}],"wp:term":[{"taxonomy":"category","embeddable":true,"href":"https:\/\/edumas.gov.co\/inicio\/wp-json\/wp\/v2\/categories?post=6265"},{"taxonomy":"post_tag","embeddable":true,"href":"https:\/\/edumas.gov.co\/inicio\/wp-json\/wp\/v2\/tags?post=6265"}],"curies":[{"name":"wp","href":"https:\/\/api.w.org\/{rel}","templated":true}]}}