{"id":6272,"date":"2025-08-08T18:49:56","date_gmt":"2025-08-08T18:49:56","guid":{"rendered":"https:\/\/edumas.gov.co\/inicio\/?p=6272"},"modified":"2025-08-08T18:49:58","modified_gmt":"2025-08-08T18:49:58","slug":"soledad-territorio-limpio-la-ciudad-que-nos-merecemos-recuperando-puntos-criticos","status":"publish","type":"post","link":"https:\/\/edumas.gov.co\/inicio\/2025\/08\/08\/soledad-territorio-limpio-la-ciudad-que-nos-merecemos-recuperando-puntos-criticos\/","title":{"rendered":"\u00abSoledad territorio limpio, la ciudad que nos merecemos\u00bb, recuperando puntos cr\u00edticos"},"content":{"rendered":"\n<p class=\"wp-block-paragraph\">Como parte de la campa\u00f1a \u00abSoledad territorio limpio, la ciudad que nos merecemos\u00bb, liderada por la Alcald\u00eda de Soledad a trav\u00e9s de la Secretar\u00eda de Planeaci\u00f3n, el Edumas apoy\u00f3 en el d\u00eda de hoy las actividades de intervenci\u00f3n del primer punto cr\u00edtico recuperado bajo esta iniciativa en el barrio Villa Estefany.<\/p>\n\n\n\n<div class=\"wp-block-media-text is-stacked-on-mobile\"><figure class=\"wp-block-media-text__media\"><img fetchpriority=\"high\" decoding=\"async\" width=\"1024\" height=\"768\" src=\"https:\/\/edumas.gov.co\/wp-content\/uploads\/2025\/08\/Recuperacion-punto-critico-5-1024x768.jpg\" alt=\"\" class=\"wp-image-6273 size-full\" srcset=\"https:\/\/edumas.gov.co\/wp-content\/uploads\/2025\/08\/Recuperacion-punto-critico-5-1024x768.jpg 1024w, https:\/\/edumas.gov.co\/wp-content\/uploads\/2025\/08\/Recuperacion-punto-critico-5-300x225.jpg 300w, https:\/\/edumas.gov.co\/wp-content\/uploads\/2025\/08\/Recuperacion-punto-critico-5-768x576.jpg 768w, https:\/\/edumas.gov.co\/wp-content\/uploads\/2025\/08\/Recuperacion-punto-critico-5-1536x1152.jpg 1536w, https:\/\/edumas.gov.co\/wp-content\/uploads\/2025\/08\/Recuperacion-punto-critico-5-1320x990.jpg 1320w, https:\/\/edumas.gov.co\/wp-content\/uploads\/2025\/08\/Recuperacion-punto-critico-5.jpg 1600w\" sizes=\"(max-width: 1024px) 100vw, 1024px\" \/><\/figure><div class=\"wp-block-media-text__content\">\n<p class=\"wp-block-paragraph\">Junto con los estudiantes y profesores de la IE Antonio Gal\u00e1n, los l\u00edderes comunales y la comunidad, se delimit\u00f3 la zona que era utilizada como basurero, con llantas pintadas que fueron utilizadas como materas para las plantas ornamentales y \u00e1rboles que all\u00ed se sembraron.<\/p>\n<\/div><\/div>\n\n\n\n<p class=\"wp-block-paragraph\">Asimismo, la Secretaria de Planeaci\u00f3n paviment\u00f3 un espacio en el que se dibujaron juegos tradicionales como la \u00abperegrina\u00bb, para el disfrute de los ni\u00f1os de la zona.<\/p>\n\n\n\n<p class=\"wp-block-paragraph\">Con Villa Estefany se inicia un recorrido a lo largo del territorio para la erradicaci\u00f3n de puntos cr\u00edticos en aras del mejoramiento de la calidad de vida de todos los solede\u00f1os. Esta iniciativa involucra a todas las secretar\u00edas de la administraci\u00f3n y entes descentralizados.<\/p>\n\n\n\n<div class=\"wp-block-jetpack-slideshow aligncenter\" data-effect=\"slide\" style=\"--aspect-ratio:calc(800 \/ 600)\"><div class=\"wp-block-jetpack-slideshow_container swiper-container\"><ul class=\"wp-block-jetpack-slideshow_swiper-wrapper swiper-wrapper\"><li class=\"wp-block-jetpack-slideshow_slide swiper-slide\"><figure><img decoding=\"async\" width=\"1024\" height=\"768\" alt=\"\" class=\"wp-block-jetpack-slideshow_image wp-image-6283\" data-id=\"6283\" data-aspect-ratio=\"800 \/ 600\" src=\"https:\/\/edumas.gov.co\/wp-content\/uploads\/2025\/08\/IMG_0293-1024x768.jpeg\" srcset=\"https:\/\/edumas.gov.co\/wp-content\/uploads\/2025\/08\/IMG_0293-1024x768.jpeg 1024w, https:\/\/edumas.gov.co\/wp-content\/uploads\/2025\/08\/IMG_0293-300x225.jpeg 300w, https:\/\/edumas.gov.co\/wp-content\/uploads\/2025\/08\/IMG_0293-768x576.jpeg 768w, https:\/\/edumas.gov.co\/wp-content\/uploads\/2025\/08\/IMG_0293-1536x1152.jpeg 1536w, https:\/\/edumas.gov.co\/wp-content\/uploads\/2025\/08\/IMG_0293-1320x990.jpeg 1320w, https:\/\/edumas.gov.co\/wp-content\/uploads\/2025\/08\/IMG_0293.jpeg 2048w\" sizes=\"(max-width: 1024px) 100vw, 1024px\" \/><\/figure><\/li><li class=\"wp-block-jetpack-slideshow_slide swiper-slide\"><figure><img decoding=\"async\" width=\"1024\" height=\"768\" alt=\"\" class=\"wp-block-jetpack-slideshow_image wp-image-6282\" data-id=\"6282\" data-aspect-ratio=\"800 \/ 600\" src=\"https:\/\/edumas.gov.co\/wp-content\/uploads\/2025\/08\/IMG_0291-1024x768.jpeg\" srcset=\"https:\/\/edumas.gov.co\/wp-content\/uploads\/2025\/08\/IMG_0291-1024x768.jpeg 1024w, https:\/\/edumas.gov.co\/wp-content\/uploads\/2025\/08\/IMG_0291-300x225.jpeg 300w, https:\/\/edumas.gov.co\/wp-content\/uploads\/2025\/08\/IMG_0291-768x576.jpeg 768w, https:\/\/edumas.gov.co\/wp-content\/uploads\/2025\/08\/IMG_0291-1536x1152.jpeg 1536w, https:\/\/edumas.gov.co\/wp-content\/uploads\/2025\/08\/IMG_0291-1320x990.jpeg 1320w, https:\/\/edumas.gov.co\/wp-content\/uploads\/2025\/08\/IMG_0291.jpeg 2048w\" sizes=\"(max-width: 1024px) 100vw, 1024px\" \/><\/figure><\/li><li class=\"wp-block-jetpack-slideshow_slide swiper-slide\"><figure><img loading=\"lazy\" decoding=\"async\" width=\"1024\" height=\"768\" alt=\"\" class=\"wp-block-jetpack-slideshow_image wp-image-6281\" data-id=\"6281\" data-aspect-ratio=\"800 \/ 600\" src=\"https:\/\/edumas.gov.co\/wp-content\/uploads\/2025\/08\/IMG_0299-1024x768.jpeg\" srcset=\"https:\/\/edumas.gov.co\/wp-content\/uploads\/2025\/08\/IMG_0299-1024x768.jpeg 1024w, https:\/\/edumas.gov.co\/wp-content\/uploads\/2025\/08\/IMG_0299-300x225.jpeg 300w, https:\/\/edumas.gov.co\/wp-content\/uploads\/2025\/08\/IMG_0299-768x576.jpeg 768w, https:\/\/edumas.gov.co\/wp-content\/uploads\/2025\/08\/IMG_0299-1536x1152.jpeg 1536w, https:\/\/edumas.gov.co\/wp-content\/uploads\/2025\/08\/IMG_0299-1320x990.jpeg 1320w, https:\/\/edumas.gov.co\/wp-content\/uploads\/2025\/08\/IMG_0299.jpeg 2048w\" sizes=\"(max-width: 1024px) 100vw, 1024px\" \/><\/figure><\/li><li class=\"wp-block-jetpack-slideshow_slide swiper-slide\"><figure><img loading=\"lazy\" decoding=\"async\" width=\"1024\" height=\"768\" alt=\"\" class=\"wp-block-jetpack-slideshow_image wp-image-6280\" data-id=\"6280\" data-aspect-ratio=\"800 \/ 600\" src=\"https:\/\/edumas.gov.co\/wp-content\/uploads\/2025\/08\/Recuperacion-punto-critico-1024x768.jpg\" srcset=\"https:\/\/edumas.gov.co\/wp-content\/uploads\/2025\/08\/Recuperacion-punto-critico-1024x768.jpg 1024w, https:\/\/edumas.gov.co\/wp-content\/uploads\/2025\/08\/Recuperacion-punto-critico-300x225.jpg 300w, https:\/\/edumas.gov.co\/wp-content\/uploads\/2025\/08\/Recuperacion-punto-critico-768x576.jpg 768w, https:\/\/edumas.gov.co\/wp-content\/uploads\/2025\/08\/Recuperacion-punto-critico-1536x1152.jpg 1536w, https:\/\/edumas.gov.co\/wp-content\/uploads\/2025\/08\/Recuperacion-punto-critico-1320x990.jpg 1320w, https:\/\/edumas.gov.co\/wp-content\/uploads\/2025\/08\/Recuperacion-punto-critico.jpg 1600w\" sizes=\"(max-width: 1024px) 100vw, 1024px\" \/><\/figure><\/li><li class=\"wp-block-jetpack-slideshow_slide swiper-slide\"><figure><img loading=\"lazy\" decoding=\"async\" width=\"1024\" height=\"768\" alt=\"\" class=\"wp-block-jetpack-slideshow_image wp-image-6279\" data-id=\"6279\" data-aspect-ratio=\"800 \/ 600\" src=\"https:\/\/edumas.gov.co\/wp-content\/uploads\/2025\/08\/Recuperacion-punto-critico-6-1024x768.jpg\" srcset=\"https:\/\/edumas.gov.co\/wp-content\/uploads\/2025\/08\/Recuperacion-punto-critico-6-1024x768.jpg 1024w, https:\/\/edumas.gov.co\/wp-content\/uploads\/2025\/08\/Recuperacion-punto-critico-6-300x225.jpg 300w, https:\/\/edumas.gov.co\/wp-content\/uploads\/2025\/08\/Recuperacion-punto-critico-6-768x576.jpg 768w, https:\/\/edumas.gov.co\/wp-content\/uploads\/2025\/08\/Recuperacion-punto-critico-6-1536x1152.jpg 1536w, https:\/\/edumas.gov.co\/wp-content\/uploads\/2025\/08\/Recuperacion-punto-critico-6-1320x990.jpg 1320w, https:\/\/edumas.gov.co\/wp-content\/uploads\/2025\/08\/Recuperacion-punto-critico-6.jpg 1600w\" sizes=\"(max-width: 1024px) 100vw, 1024px\" \/><\/figure><\/li><li class=\"wp-block-jetpack-slideshow_slide swiper-slide\"><figure><img loading=\"lazy\" decoding=\"async\" width=\"1024\" height=\"768\" alt=\"\" class=\"wp-block-jetpack-slideshow_image wp-image-6278\" data-id=\"6278\" data-aspect-ratio=\"800 \/ 600\" src=\"https:\/\/edumas.gov.co\/wp-content\/uploads\/2025\/08\/Recuperacion-punto-critico-5-1-1024x768.jpg\" srcset=\"https:\/\/edumas.gov.co\/wp-content\/uploads\/2025\/08\/Recuperacion-punto-critico-5-1-1024x768.jpg 1024w, https:\/\/edumas.gov.co\/wp-content\/uploads\/2025\/08\/Recuperacion-punto-critico-5-1-300x225.jpg 300w, https:\/\/edumas.gov.co\/wp-content\/uploads\/2025\/08\/Recuperacion-punto-critico-5-1-768x576.jpg 768w, https:\/\/edumas.gov.co\/wp-content\/uploads\/2025\/08\/Recuperacion-punto-critico-5-1-1536x1152.jpg 1536w, https:\/\/edumas.gov.co\/wp-content\/uploads\/2025\/08\/Recuperacion-punto-critico-5-1-1320x990.jpg 1320w, https:\/\/edumas.gov.co\/wp-content\/uploads\/2025\/08\/Recuperacion-punto-critico-5-1.jpg 1600w\" sizes=\"(max-width: 1024px) 100vw, 1024px\" \/><\/figure><\/li><li class=\"wp-block-jetpack-slideshow_slide swiper-slide\"><figure><img loading=\"lazy\" decoding=\"async\" width=\"1024\" height=\"768\" alt=\"\" class=\"wp-block-jetpack-slideshow_image wp-image-6277\" data-id=\"6277\" data-aspect-ratio=\"800 \/ 600\" src=\"https:\/\/edumas.gov.co\/wp-content\/uploads\/2025\/08\/Recuperacion-punto-critico-4-1024x768.jpg\" srcset=\"https:\/\/edumas.gov.co\/wp-content\/uploads\/2025\/08\/Recuperacion-punto-critico-4-1024x768.jpg 1024w, https:\/\/edumas.gov.co\/wp-content\/uploads\/2025\/08\/Recuperacion-punto-critico-4-300x225.jpg 300w, https:\/\/edumas.gov.co\/wp-content\/uploads\/2025\/08\/Recuperacion-punto-critico-4-768x576.jpg 768w, https:\/\/edumas.gov.co\/wp-content\/uploads\/2025\/08\/Recuperacion-punto-critico-4-1536x1152.jpg 1536w, https:\/\/edumas.gov.co\/wp-content\/uploads\/2025\/08\/Recuperacion-punto-critico-4-1320x990.jpg 1320w, https:\/\/edumas.gov.co\/wp-content\/uploads\/2025\/08\/Recuperacion-punto-critico-4.jpg 1600w\" sizes=\"(max-width: 1024px) 100vw, 1024px\" \/><\/figure><\/li><li class=\"wp-block-jetpack-slideshow_slide swiper-slide\"><figure><img loading=\"lazy\" decoding=\"async\" width=\"1024\" height=\"768\" alt=\"\" class=\"wp-block-jetpack-slideshow_image wp-image-6276\" data-id=\"6276\" data-aspect-ratio=\"800 \/ 600\" src=\"https:\/\/edumas.gov.co\/wp-content\/uploads\/2025\/08\/Recuperacion-punto-critico-3-1024x768.jpg\" srcset=\"https:\/\/edumas.gov.co\/wp-content\/uploads\/2025\/08\/Recuperacion-punto-critico-3-1024x768.jpg 1024w, https:\/\/edumas.gov.co\/wp-content\/uploads\/2025\/08\/Recuperacion-punto-critico-3-300x225.jpg 300w, https:\/\/edumas.gov.co\/wp-content\/uploads\/2025\/08\/Recuperacion-punto-critico-3-768x576.jpg 768w, https:\/\/edumas.gov.co\/wp-content\/uploads\/2025\/08\/Recuperacion-punto-critico-3-1536x1152.jpg 1536w, https:\/\/edumas.gov.co\/wp-content\/uploads\/2025\/08\/Recuperacion-punto-critico-3-1320x990.jpg 1320w, https:\/\/edumas.gov.co\/wp-content\/uploads\/2025\/08\/Recuperacion-punto-critico-3.jpg 1600w\" sizes=\"(max-width: 1024px) 100vw, 1024px\" \/><\/figure><\/li><li class=\"wp-block-jetpack-slideshow_slide swiper-slide\"><figure><img loading=\"lazy\" decoding=\"async\" width=\"768\" height=\"1024\" alt=\"\" class=\"wp-block-jetpack-slideshow_image wp-image-6275\" data-id=\"6275\" data-aspect-ratio=\"768 \/ 1024\" src=\"https:\/\/edumas.gov.co\/wp-content\/uploads\/2025\/08\/Recuperacion-punto-critico-2-768x1024.jpg\" srcset=\"https:\/\/edumas.gov.co\/wp-content\/uploads\/2025\/08\/Recuperacion-punto-critico-2-768x1024.jpg 768w, https:\/\/edumas.gov.co\/wp-content\/uploads\/2025\/08\/Recuperacion-punto-critico-2-225x300.jpg 225w, https:\/\/edumas.gov.co\/wp-content\/uploads\/2025\/08\/Recuperacion-punto-critico-2-1152x1536.jpg 1152w, https:\/\/edumas.gov.co\/wp-content\/uploads\/2025\/08\/Recuperacion-punto-critico-2.jpg 1200w\" sizes=\"(max-width: 768px) 100vw, 768px\" \/><\/figure><\/li><li class=\"wp-block-jetpack-slideshow_slide swiper-slide\"><figure><img loading=\"lazy\" decoding=\"async\" width=\"768\" height=\"1024\" alt=\"\" class=\"wp-block-jetpack-slideshow_image wp-image-6274\" data-id=\"6274\" data-aspect-ratio=\"768 \/ 1024\" src=\"https:\/\/edumas.gov.co\/wp-content\/uploads\/2025\/08\/Recuperacion-punto-critico-1-768x1024.jpg\" srcset=\"https:\/\/edumas.gov.co\/wp-content\/uploads\/2025\/08\/Recuperacion-punto-critico-1-768x1024.jpg 768w, https:\/\/edumas.gov.co\/wp-content\/uploads\/2025\/08\/Recuperacion-punto-critico-1-225x300.jpg 225w, https:\/\/edumas.gov.co\/wp-content\/uploads\/2025\/08\/Recuperacion-punto-critico-1-1152x1536.jpg 1152w, https:\/\/edumas.gov.co\/wp-content\/uploads\/2025\/08\/Recuperacion-punto-critico-1.jpg 1200w\" sizes=\"(max-width: 768px) 100vw, 768px\" \/><\/figure><\/li><li class=\"wp-block-jetpack-slideshow_slide swiper-slide\"><figure><img loading=\"lazy\" decoding=\"async\" width=\"1024\" height=\"768\" alt=\"\" class=\"wp-block-jetpack-slideshow_image wp-image-6273\" data-id=\"6273\" data-aspect-ratio=\"800 \/ 600\" src=\"https:\/\/edumas.gov.co\/wp-content\/uploads\/2025\/08\/Recuperacion-punto-critico-5-1024x768.jpg\" srcset=\"https:\/\/edumas.gov.co\/wp-content\/uploads\/2025\/08\/Recuperacion-punto-critico-5-1024x768.jpg 1024w, https:\/\/edumas.gov.co\/wp-content\/uploads\/2025\/08\/Recuperacion-punto-critico-5-300x225.jpg 300w, https:\/\/edumas.gov.co\/wp-content\/uploads\/2025\/08\/Recuperacion-punto-critico-5-768x576.jpg 768w, https:\/\/edumas.gov.co\/wp-content\/uploads\/2025\/08\/Recuperacion-punto-critico-5-1536x1152.jpg 1536w, https:\/\/edumas.gov.co\/wp-content\/uploads\/2025\/08\/Recuperacion-punto-critico-5-1320x990.jpg 1320w, https:\/\/edumas.gov.co\/wp-content\/uploads\/2025\/08\/Recuperacion-punto-critico-5.jpg 1600w\" sizes=\"(max-width: 1024px) 100vw, 1024px\" \/><\/figure><\/li><\/ul><a class=\"wp-block-jetpack-slideshow_button-prev swiper-button-prev swiper-button-white\" role=\"button\"><\/a><a class=\"wp-block-jetpack-slideshow_button-next swiper-button-next swiper-button-white\" role=\"button\"><\/a><a aria-label=\"Pause Slideshow\" class=\"wp-block-jetpack-slideshow_button-pause\" role=\"button\"><\/a><div class=\"wp-block-jetpack-slideshow_pagination swiper-pagination swiper-pagination-white\"><\/div><\/div><\/div>\n","protected":false},"excerpt":{"rendered":"<p>Como parte de la campa\u00f1a \u00abSoledad territorio limpio, la ciudad que nos merecemos\u00bb, liderada por la Alcald\u00eda de Soledad a trav\u00e9s de la Secretar\u00eda de Planeaci\u00f3n, el Edumas apoy\u00f3 en el d\u00eda de hoy las actividades de intervenci\u00f3n del primer punto cr\u00edtico recuperado bajo esta iniciativa en el barrio Villa Estefany. Junto con los estudiantes [&hellip;]<\/p>\n","protected":false},"author":1,"featured_media":6274,"comment_status":"open","ping_status":"open","sticky":false,"template":"","format":"standard","meta":{"footnotes":""},"categories":[26],"tags":[100,101],"class_list":["post-6272","post","type-post","status-publish","format-standard","has-post-thumbnail","hentry","category-noticias","tag-punto-critico","tag-villa-estefany"],"yoast_head":"<!-- This site is optimized with the Yoast SEO plugin v27.4 - https:\/\/yoast.com\/product\/yoast-seo-wordpress\/ -->\n<title>&quot;Soledad territorio limpio, la ciudad que nos merecemos&quot;, recuperando puntos cr\u00edticos - Edumas<\/title>\n<meta name=\"robots\" content=\"index, follow, max-snippet:-1, max-image-preview:large, max-video-preview:-1\" \/>\n<link rel=\"canonical\" href=\"https:\/\/edumas.gov.co\/inicio\/2025\/08\/08\/soledad-territorio-limpio-la-ciudad-que-nos-merecemos-recuperando-puntos-criticos\/\" \/>\n<meta property=\"og:locale\" content=\"es_ES\" \/>\n<meta property=\"og:type\" content=\"article\" \/>\n<meta property=\"og:title\" content=\"&quot;Soledad territorio limpio, la ciudad que nos merecemos&quot;, recuperando puntos cr\u00edticos - Edumas\" \/>\n<meta property=\"og:description\" content=\"Como parte de la campa\u00f1a \u00abSoledad territorio limpio, la ciudad que nos merecemos\u00bb, liderada por la Alcald\u00eda de Soledad a trav\u00e9s de la Secretar\u00eda de Planeaci\u00f3n, el Edumas apoy\u00f3 en el d\u00eda de hoy las actividades de intervenci\u00f3n del primer punto cr\u00edtico recuperado bajo esta iniciativa en el barrio Villa Estefany. Junto con los estudiantes [&hellip;]\" \/>\n<meta property=\"og:url\" content=\"https:\/\/edumas.gov.co\/inicio\/2025\/08\/08\/soledad-territorio-limpio-la-ciudad-que-nos-merecemos-recuperando-puntos-criticos\/\" \/>\n<meta property=\"og:site_name\" content=\"Edumas\" \/>\n<meta property=\"article:published_time\" content=\"2025-08-08T18:49:56+00:00\" \/>\n<meta property=\"article:modified_time\" content=\"2025-08-08T18:49:58+00:00\" \/>\n<meta property=\"og:image\" content=\"https:\/\/edumas.gov.co\/wp-content\/uploads\/2025\/08\/Recuperacion-punto-critico-1.jpg\" \/>\n\t<meta property=\"og:image:width\" content=\"1200\" \/>\n\t<meta property=\"og:image:height\" content=\"1600\" \/>\n\t<meta property=\"og:image:type\" content=\"image\/jpeg\" \/>\n<meta name=\"author\" content=\"edumas\" \/>\n<meta name=\"twitter:card\" content=\"summary_large_image\" \/>\n<meta name=\"twitter:label1\" content=\"Escrito por\" \/>\n\t<meta name=\"twitter:data1\" content=\"edumas\" \/>\n\t<meta name=\"twitter:label2\" content=\"Tiempo de lectura\" \/>\n\t<meta name=\"twitter:data2\" content=\"4 minutos\" \/>\n<script type=\"application\/ld+json\" class=\"yoast-schema-graph\">{\"@context\":\"https:\\\/\\\/schema.org\",\"@graph\":[{\"@type\":\"Article\",\"@id\":\"https:\\\/\\\/edumas.gov.co\\\/inicio\\\/2025\\\/08\\\/08\\\/soledad-territorio-limpio-la-ciudad-que-nos-merecemos-recuperando-puntos-criticos\\\/#article\",\"isPartOf\":{\"@id\":\"https:\\\/\\\/edumas.gov.co\\\/inicio\\\/2025\\\/08\\\/08\\\/soledad-territorio-limpio-la-ciudad-que-nos-merecemos-recuperando-puntos-criticos\\\/\"},\"author\":{\"name\":\"edumas\",\"@id\":\"https:\\\/\\\/edumas.gov.co\\\/inicio\\\/#\\\/schema\\\/person\\\/e2e82a662fd06864325b88811079b05a\"},\"headline\":\"\u00abSoledad territorio limpio, la ciudad que nos merecemos\u00bb, recuperando puntos cr\u00edticos\",\"datePublished\":\"2025-08-08T18:49:56+00:00\",\"dateModified\":\"2025-08-08T18:49:58+00:00\",\"mainEntityOfPage\":{\"@id\":\"https:\\\/\\\/edumas.gov.co\\\/inicio\\\/2025\\\/08\\\/08\\\/soledad-territorio-limpio-la-ciudad-que-nos-merecemos-recuperando-puntos-criticos\\\/\"},\"wordCount\":195,\"commentCount\":0,\"publisher\":{\"@id\":\"https:\\\/\\\/edumas.gov.co\\\/inicio\\\/#organization\"},\"image\":{\"@id\":\"https:\\\/\\\/edumas.gov.co\\\/inicio\\\/2025\\\/08\\\/08\\\/soledad-territorio-limpio-la-ciudad-que-nos-merecemos-recuperando-puntos-criticos\\\/#primaryimage\"},\"thumbnailUrl\":\"https:\\\/\\\/edumas.gov.co\\\/wp-content\\\/uploads\\\/2025\\\/08\\\/Recuperacion-punto-critico-1.jpg\",\"keywords\":[\"punto cr\u00edtico\",\"villa estefany\"],\"articleSection\":[\"noticias\"],\"inLanguage\":\"es\",\"potentialAction\":[{\"@type\":\"CommentAction\",\"name\":\"Comment\",\"target\":[\"https:\\\/\\\/edumas.gov.co\\\/inicio\\\/2025\\\/08\\\/08\\\/soledad-territorio-limpio-la-ciudad-que-nos-merecemos-recuperando-puntos-criticos\\\/#respond\"]}]},{\"@type\":\"WebPage\",\"@id\":\"https:\\\/\\\/edumas.gov.co\\\/inicio\\\/2025\\\/08\\\/08\\\/soledad-territorio-limpio-la-ciudad-que-nos-merecemos-recuperando-puntos-criticos\\\/\",\"url\":\"https:\\\/\\\/edumas.gov.co\\\/inicio\\\/2025\\\/08\\\/08\\\/soledad-territorio-limpio-la-ciudad-que-nos-merecemos-recuperando-puntos-criticos\\\/\",\"name\":\"\\\"Soledad territorio limpio, la ciudad que nos merecemos\\\", recuperando puntos cr\u00edticos - Edumas\",\"isPartOf\":{\"@id\":\"https:\\\/\\\/edumas.gov.co\\\/inicio\\\/#website\"},\"primaryImageOfPage\":{\"@id\":\"https:\\\/\\\/edumas.gov.co\\\/inicio\\\/2025\\\/08\\\/08\\\/soledad-territorio-limpio-la-ciudad-que-nos-merecemos-recuperando-puntos-criticos\\\/#primaryimage\"},\"image\":{\"@id\":\"https:\\\/\\\/edumas.gov.co\\\/inicio\\\/2025\\\/08\\\/08\\\/soledad-territorio-limpio-la-ciudad-que-nos-merecemos-recuperando-puntos-criticos\\\/#primaryimage\"},\"thumbnailUrl\":\"https:\\\/\\\/edumas.gov.co\\\/wp-content\\\/uploads\\\/2025\\\/08\\\/Recuperacion-punto-critico-1.jpg\",\"datePublished\":\"2025-08-08T18:49:56+00:00\",\"dateModified\":\"2025-08-08T18:49:58+00:00\",\"breadcrumb\":{\"@id\":\"https:\\\/\\\/edumas.gov.co\\\/inicio\\\/2025\\\/08\\\/08\\\/soledad-territorio-limpio-la-ciudad-que-nos-merecemos-recuperando-puntos-criticos\\\/#breadcrumb\"},\"inLanguage\":\"es\",\"potentialAction\":[{\"@type\":\"ReadAction\",\"target\":[\"https:\\\/\\\/edumas.gov.co\\\/inicio\\\/2025\\\/08\\\/08\\\/soledad-territorio-limpio-la-ciudad-que-nos-merecemos-recuperando-puntos-criticos\\\/\"]}]},{\"@type\":\"ImageObject\",\"inLanguage\":\"es\",\"@id\":\"https:\\\/\\\/edumas.gov.co\\\/inicio\\\/2025\\\/08\\\/08\\\/soledad-territorio-limpio-la-ciudad-que-nos-merecemos-recuperando-puntos-criticos\\\/#primaryimage\",\"url\":\"https:\\\/\\\/edumas.gov.co\\\/wp-content\\\/uploads\\\/2025\\\/08\\\/Recuperacion-punto-critico-1.jpg\",\"contentUrl\":\"https:\\\/\\\/edumas.gov.co\\\/wp-content\\\/uploads\\\/2025\\\/08\\\/Recuperacion-punto-critico-1.jpg\",\"width\":1200,\"height\":1600},{\"@type\":\"BreadcrumbList\",\"@id\":\"https:\\\/\\\/edumas.gov.co\\\/inicio\\\/2025\\\/08\\\/08\\\/soledad-territorio-limpio-la-ciudad-que-nos-merecemos-recuperando-puntos-criticos\\\/#breadcrumb\",\"itemListElement\":[{\"@type\":\"ListItem\",\"position\":1,\"name\":\"Portada\",\"item\":\"https:\\\/\\\/edumas.gov.co\\\/inicio\\\/\"},{\"@type\":\"ListItem\",\"position\":2,\"name\":\"\u00abSoledad territorio limpio, la ciudad que nos merecemos\u00bb, recuperando puntos cr\u00edticos\"}]},{\"@type\":\"WebSite\",\"@id\":\"https:\\\/\\\/edumas.gov.co\\\/inicio\\\/#website\",\"url\":\"https:\\\/\\\/edumas.gov.co\\\/inicio\\\/\",\"name\":\"Edumas\",\"description\":\"Edumas\",\"publisher\":{\"@id\":\"https:\\\/\\\/edumas.gov.co\\\/inicio\\\/#organization\"},\"potentialAction\":[{\"@type\":\"SearchAction\",\"target\":{\"@type\":\"EntryPoint\",\"urlTemplate\":\"https:\\\/\\\/edumas.gov.co\\\/inicio\\\/?s={search_term_string}\"},\"query-input\":{\"@type\":\"PropertyValueSpecification\",\"valueRequired\":true,\"valueName\":\"search_term_string\"}}],\"inLanguage\":\"es\"},{\"@type\":\"Organization\",\"@id\":\"https:\\\/\\\/edumas.gov.co\\\/inicio\\\/#organization\",\"name\":\"Edumas\",\"url\":\"https:\\\/\\\/edumas.gov.co\\\/inicio\\\/\",\"logo\":{\"@type\":\"ImageObject\",\"inLanguage\":\"es\",\"@id\":\"https:\\\/\\\/edumas.gov.co\\\/inicio\\\/#\\\/schema\\\/logo\\\/image\\\/\",\"url\":\"https:\\\/\\\/edumas.gov.co\\\/wp-content\\\/uploads\\\/2024\\\/10\\\/Perfil-Instagram-PhotoRoom.png-PhotoRoom.png\",\"contentUrl\":\"https:\\\/\\\/edumas.gov.co\\\/wp-content\\\/uploads\\\/2024\\\/10\\\/Perfil-Instagram-PhotoRoom.png-PhotoRoom.png\",\"width\":648,\"height\":233,\"caption\":\"Edumas\"},\"image\":{\"@id\":\"https:\\\/\\\/edumas.gov.co\\\/inicio\\\/#\\\/schema\\\/logo\\\/image\\\/\"}},{\"@type\":\"Person\",\"@id\":\"https:\\\/\\\/edumas.gov.co\\\/inicio\\\/#\\\/schema\\\/person\\\/e2e82a662fd06864325b88811079b05a\",\"name\":\"edumas\",\"image\":{\"@type\":\"ImageObject\",\"inLanguage\":\"es\",\"@id\":\"https:\\\/\\\/edumas.gov.co\\\/wp-content\\\/uploads\\\/2025\\\/03\\\/WhatsApp-Image-2025-03-06-at-12.44.58-PM-150x150.jpeg\",\"url\":\"https:\\\/\\\/edumas.gov.co\\\/wp-content\\\/uploads\\\/2025\\\/03\\\/WhatsApp-Image-2025-03-06-at-12.44.58-PM-150x150.jpeg\",\"contentUrl\":\"https:\\\/\\\/edumas.gov.co\\\/wp-content\\\/uploads\\\/2025\\\/03\\\/WhatsApp-Image-2025-03-06-at-12.44.58-PM-150x150.jpeg\",\"caption\":\"edumas\"},\"sameAs\":[\"https:\\\/\\\/test.edumas.gov.co\"],\"url\":\"https:\\\/\\\/edumas.gov.co\\\/inicio\\\/author\\\/edumas\\\/\"}]}<\/script>\n<!-- \/ Yoast SEO plugin. -->","yoast_head_json":{"title":"\"Soledad territorio limpio, la ciudad que nos merecemos\", recuperando puntos cr\u00edticos - Edumas","robots":{"index":"index","follow":"follow","max-snippet":"max-snippet:-1","max-image-preview":"max-image-preview:large","max-video-preview":"max-video-preview:-1"},"canonical":"https:\/\/edumas.gov.co\/inicio\/2025\/08\/08\/soledad-territorio-limpio-la-ciudad-que-nos-merecemos-recuperando-puntos-criticos\/","og_locale":"es_ES","og_type":"article","og_title":"\"Soledad territorio limpio, la ciudad que nos merecemos\", recuperando puntos cr\u00edticos - Edumas","og_description":"Como parte de la campa\u00f1a \u00abSoledad territorio limpio, la ciudad que nos merecemos\u00bb, liderada por la Alcald\u00eda de Soledad a trav\u00e9s de la Secretar\u00eda de Planeaci\u00f3n, el Edumas apoy\u00f3 en el d\u00eda de hoy las actividades de intervenci\u00f3n del primer punto cr\u00edtico recuperado bajo esta iniciativa en el barrio Villa Estefany. Junto con los estudiantes [&hellip;]","og_url":"https:\/\/edumas.gov.co\/inicio\/2025\/08\/08\/soledad-territorio-limpio-la-ciudad-que-nos-merecemos-recuperando-puntos-criticos\/","og_site_name":"Edumas","article_published_time":"2025-08-08T18:49:56+00:00","article_modified_time":"2025-08-08T18:49:58+00:00","og_image":[{"width":1200,"height":1600,"url":"https:\/\/edumas.gov.co\/wp-content\/uploads\/2025\/08\/Recuperacion-punto-critico-1.jpg","type":"image\/jpeg"}],"author":"edumas","twitter_card":"summary_large_image","twitter_misc":{"Escrito por":"edumas","Tiempo de lectura":"4 minutos"},"schema":{"@context":"https:\/\/schema.org","@graph":[{"@type":"Article","@id":"https:\/\/edumas.gov.co\/inicio\/2025\/08\/08\/soledad-territorio-limpio-la-ciudad-que-nos-merecemos-recuperando-puntos-criticos\/#article","isPartOf":{"@id":"https:\/\/edumas.gov.co\/inicio\/2025\/08\/08\/soledad-territorio-limpio-la-ciudad-que-nos-merecemos-recuperando-puntos-criticos\/"},"author":{"name":"edumas","@id":"https:\/\/edumas.gov.co\/inicio\/#\/schema\/person\/e2e82a662fd06864325b88811079b05a"},"headline":"\u00abSoledad territorio limpio, la ciudad que nos merecemos\u00bb, recuperando puntos cr\u00edticos","datePublished":"2025-08-08T18:49:56+00:00","dateModified":"2025-08-08T18:49:58+00:00","mainEntityOfPage":{"@id":"https:\/\/edumas.gov.co\/inicio\/2025\/08\/08\/soledad-territorio-limpio-la-ciudad-que-nos-merecemos-recuperando-puntos-criticos\/"},"wordCount":195,"commentCount":0,"publisher":{"@id":"https:\/\/edumas.gov.co\/inicio\/#organization"},"image":{"@id":"https:\/\/edumas.gov.co\/inicio\/2025\/08\/08\/soledad-territorio-limpio-la-ciudad-que-nos-merecemos-recuperando-puntos-criticos\/#primaryimage"},"thumbnailUrl":"https:\/\/edumas.gov.co\/wp-content\/uploads\/2025\/08\/Recuperacion-punto-critico-1.jpg","keywords":["punto cr\u00edtico","villa estefany"],"articleSection":["noticias"],"inLanguage":"es","potentialAction":[{"@type":"CommentAction","name":"Comment","target":["https:\/\/edumas.gov.co\/inicio\/2025\/08\/08\/soledad-territorio-limpio-la-ciudad-que-nos-merecemos-recuperando-puntos-criticos\/#respond"]}]},{"@type":"WebPage","@id":"https:\/\/edumas.gov.co\/inicio\/2025\/08\/08\/soledad-territorio-limpio-la-ciudad-que-nos-merecemos-recuperando-puntos-criticos\/","url":"https:\/\/edumas.gov.co\/inicio\/2025\/08\/08\/soledad-territorio-limpio-la-ciudad-que-nos-merecemos-recuperando-puntos-criticos\/","name":"\"Soledad territorio limpio, la ciudad que nos merecemos\", recuperando puntos cr\u00edticos - Edumas","isPartOf":{"@id":"https:\/\/edumas.gov.co\/inicio\/#website"},"primaryImageOfPage":{"@id":"https:\/\/edumas.gov.co\/inicio\/2025\/08\/08\/soledad-territorio-limpio-la-ciudad-que-nos-merecemos-recuperando-puntos-criticos\/#primaryimage"},"image":{"@id":"https:\/\/edumas.gov.co\/inicio\/2025\/08\/08\/soledad-territorio-limpio-la-ciudad-que-nos-merecemos-recuperando-puntos-criticos\/#primaryimage"},"thumbnailUrl":"https:\/\/edumas.gov.co\/wp-content\/uploads\/2025\/08\/Recuperacion-punto-critico-1.jpg","datePublished":"2025-08-08T18:49:56+00:00","dateModified":"2025-08-08T18:49:58+00:00","breadcrumb":{"@id":"https:\/\/edumas.gov.co\/inicio\/2025\/08\/08\/soledad-territorio-limpio-la-ciudad-que-nos-merecemos-recuperando-puntos-criticos\/#breadcrumb"},"inLanguage":"es","potentialAction":[{"@type":"ReadAction","target":["https:\/\/edumas.gov.co\/inicio\/2025\/08\/08\/soledad-territorio-limpio-la-ciudad-que-nos-merecemos-recuperando-puntos-criticos\/"]}]},{"@type":"ImageObject","inLanguage":"es","@id":"https:\/\/edumas.gov.co\/inicio\/2025\/08\/08\/soledad-territorio-limpio-la-ciudad-que-nos-merecemos-recuperando-puntos-criticos\/#primaryimage","url":"https:\/\/edumas.gov.co\/wp-content\/uploads\/2025\/08\/Recuperacion-punto-critico-1.jpg","contentUrl":"https:\/\/edumas.gov.co\/wp-content\/uploads\/2025\/08\/Recuperacion-punto-critico-1.jpg","width":1200,"height":1600},{"@type":"BreadcrumbList","@id":"https:\/\/edumas.gov.co\/inicio\/2025\/08\/08\/soledad-territorio-limpio-la-ciudad-que-nos-merecemos-recuperando-puntos-criticos\/#breadcrumb","itemListElement":[{"@type":"ListItem","position":1,"name":"Portada","item":"https:\/\/edumas.gov.co\/inicio\/"},{"@type":"ListItem","position":2,"name":"\u00abSoledad territorio limpio, la ciudad que nos merecemos\u00bb, recuperando puntos cr\u00edticos"}]},{"@type":"WebSite","@id":"https:\/\/edumas.gov.co\/inicio\/#website","url":"https:\/\/edumas.gov.co\/inicio\/","name":"Edumas","description":"Edumas","publisher":{"@id":"https:\/\/edumas.gov.co\/inicio\/#organization"},"potentialAction":[{"@type":"SearchAction","target":{"@type":"EntryPoint","urlTemplate":"https:\/\/edumas.gov.co\/inicio\/?s={search_term_string}"},"query-input":{"@type":"PropertyValueSpecification","valueRequired":true,"valueName":"search_term_string"}}],"inLanguage":"es"},{"@type":"Organization","@id":"https:\/\/edumas.gov.co\/inicio\/#organization","name":"Edumas","url":"https:\/\/edumas.gov.co\/inicio\/","logo":{"@type":"ImageObject","inLanguage":"es","@id":"https:\/\/edumas.gov.co\/inicio\/#\/schema\/logo\/image\/","url":"https:\/\/edumas.gov.co\/wp-content\/uploads\/2024\/10\/Perfil-Instagram-PhotoRoom.png-PhotoRoom.png","contentUrl":"https:\/\/edumas.gov.co\/wp-content\/uploads\/2024\/10\/Perfil-Instagram-PhotoRoom.png-PhotoRoom.png","width":648,"height":233,"caption":"Edumas"},"image":{"@id":"https:\/\/edumas.gov.co\/inicio\/#\/schema\/logo\/image\/"}},{"@type":"Person","@id":"https:\/\/edumas.gov.co\/inicio\/#\/schema\/person\/e2e82a662fd06864325b88811079b05a","name":"edumas","image":{"@type":"ImageObject","inLanguage":"es","@id":"https:\/\/edumas.gov.co\/wp-content\/uploads\/2025\/03\/WhatsApp-Image-2025-03-06-at-12.44.58-PM-150x150.jpeg","url":"https:\/\/edumas.gov.co\/wp-content\/uploads\/2025\/03\/WhatsApp-Image-2025-03-06-at-12.44.58-PM-150x150.jpeg","contentUrl":"https:\/\/edumas.gov.co\/wp-content\/uploads\/2025\/03\/WhatsApp-Image-2025-03-06-at-12.44.58-PM-150x150.jpeg","caption":"edumas"},"sameAs":["https:\/\/test.edumas.gov.co"],"url":"https:\/\/edumas.gov.co\/inicio\/author\/edumas\/"}]}},"_links":{"self":[{"href":"https:\/\/edumas.gov.co\/inicio\/wp-json\/wp\/v2\/posts\/6272","targetHints":{"allow":["GET"]}}],"collection":[{"href":"https:\/\/edumas.gov.co\/inicio\/wp-json\/wp\/v2\/posts"}],"about":[{"href":"https:\/\/edumas.gov.co\/inicio\/wp-json\/wp\/v2\/types\/post"}],"author":[{"embeddable":true,"href":"https:\/\/edumas.gov.co\/inicio\/wp-json\/wp\/v2\/users\/1"}],"replies":[{"embeddable":true,"href":"https:\/\/edumas.gov.co\/inicio\/wp-json\/wp\/v2\/comments?post=6272"}],"version-history":[{"count":1,"href":"https:\/\/edumas.gov.co\/inicio\/wp-json\/wp\/v2\/posts\/6272\/revisions"}],"predecessor-version":[{"id":6284,"href":"https:\/\/edumas.gov.co\/inicio\/wp-json\/wp\/v2\/posts\/6272\/revisions\/6284"}],"wp:featuredmedia":[{"embeddable":true,"href":"https:\/\/edumas.gov.co\/inicio\/wp-json\/wp\/v2\/media\/6274"}],"wp:attachment":[{"href":"https:\/\/edumas.gov.co\/inicio\/wp-json\/wp\/v2\/media?parent=6272"}],"wp:term":[{"taxonomy":"category","embeddable":true,"href":"https:\/\/edumas.gov.co\/inicio\/wp-json\/wp\/v2\/categories?post=6272"},{"taxonomy":"post_tag","embeddable":true,"href":"https:\/\/edumas.gov.co\/inicio\/wp-json\/wp\/v2\/tags?post=6272"}],"curies":[{"name":"wp","href":"https:\/\/api.w.org\/{rel}","templated":true}]}}